{"id":62392,"date":"2019-09-11T17:45:29","date_gmt":"2019-09-11T20:45:29","guid":{"rendered":"http:\/\/diariotextual.com\/inicio\/?p=62392"},"modified":"2019-09-11T17:45:29","modified_gmt":"2019-09-11T20:45:29","slug":"la-anonima-tuvo-ultimo-ano-perdidas-846-millones","status":"publish","type":"post","link":"https:\/\/diariotextual.com\/inicio\/index.php\/2019\/09\/11\/la-anonima-tuvo-ultimo-ano-perdidas-846-millones\/","title":{"rendered":"La An\u00f3nima tuvo en el \u00faltimo a\u00f1o p\u00e9rdidas por $846 millones"},"content":{"rendered":"<p>La cadena de supermercados <strong>La An\u00f3nima<\/strong>, perteneciente a la familia Braun, cerr\u00f3 en junio pasado el peor ejercicio econ\u00f3mico en su historia con p\u00e9rdidas de<strong> $846,5 millones<\/strong>, seg\u00fan inform\u00f3 a la Comisi\u00f3n Nacional de Valores.<\/p>\n<p>La firma Importadora y Exportadora de la Patagonia, famosa por su cadena de supermercados, tuvo ingresos por ventas de $63.210 millones, lo que representa una ca\u00edda del 3,7% nominal frente a una inflaci\u00f3n que fue del orden del 45% en el promedio mensual, que atribuy\u00f3 a \u00abla baja general en el nivel de actividad econ\u00f3mica\u00bb.<\/p>\n<p>Ya en mayo del a\u00f1o pasado, Federico Braun, t\u00edo del entonces funcionario nacional y director de La An\u00f3nima, Miguel Braun, se hab\u00eda distanciado pol\u00edticamente de su sobrino: \u00abLo peor que pude hacer es que sea secretario de Comercio porque nunca nos fue peor en la historia de la compa\u00f1\u00eda salvo 2002\u00bb, hab\u00eda dicho a Radio Con Vos en relaci\u00f3n al ejercicio 2017-2018.<\/p>\n<p>En aquel per\u00edodo las utilidades de su empresa hab\u00edan ca\u00eddo un 65% \u00aby lo poco que estamos ganando es porque mejor\u00f3 la actividad de nuestros frigor\u00edficos por la exportaci\u00f3n de carne\u00bb, hab\u00eda asegurado.<\/p>\n<p>Con el balance de 2018-2019, los resultados fueron a\u00fan peores: la compa\u00f1\u00eda registr\u00f3 una ca\u00edda adicional del 8% en sus ingresos por los supermercados ($55.700 millones, frente a los $60.500 millones del a\u00f1o pasado), lo que significa una ca\u00edda en t\u00e9rminos reales de pr\u00e1cticamente el 37%.<\/p>\n<p>Por el rubro inmobiliario, el grupo empresario registr\u00f3 una baja del 21% en sus ingresos y por el rubro financiero -esencialmente la tarjeta de cr\u00e9dito del supermercado La An\u00f3nima- logr\u00f3 sostener sus ingresos en t\u00e9rminos nominales en torno a los $1.000 millones.<\/p>\n<p>El holding <strong>solo obtuvo resultados positivos por la actividad frigor\u00edfica, con ingresos de $6.390 millones, un 57% m\u00e1s que el a\u00f1o pasado, gracias a haberse quedado con la amplia mayor\u00eda de la cuota Hilton<\/strong> para exportar carne refrigerada a la Uni\u00f3n Europea.<\/p>\n","protected":false},"excerpt":{"rendered":"<p>La cadena de supermercados La An\u00f3nima, perteneciente a la familia Braun, cerr\u00f3 en junio pasado el peor ejercicio econ\u00f3mico en su historia con p\u00e9rdidas de $846,5 millones, seg\u00fan inform\u00f3 a&hellip;<\/p>\n","protected":false},"author":3,"featured_media":62396,"comment_status":"closed","ping_status":"open","sticky":false,"template":"","format":"standard","meta":{"_acf_changed":false,"footnotes":""},"categories":[11,5],"tags":[1484],"class_list":["post-62392","post","type-post","status-publish","format-standard","has-post-thumbnail","hentry","category-que-pasa","category-economia","tag-anonima"],"acf":[],"yoast_head":"<!-- This site is optimized with the Yoast SEO plugin v27.5 - https:\/\/yoast.com\/product\/yoast-seo-wordpress\/ -->\n<title>La An\u00f3nima tuvo en el \u00faltimo a\u00f1o p\u00e9rdidas por $846 millones - Diario Textual<\/title>\n<meta name=\"robots\" content=\"index, follow, max-snippet:-1, max-image-preview:large, max-video-preview:-1\" \/>\n<link rel=\"canonical\" href=\"https:\/\/diariotextual.com\/inicio\/index.php\/2019\/09\/11\/la-anonima-tuvo-ultimo-ano-perdidas-846-millones\/\" \/>\n<meta property=\"og:locale\" content=\"es_ES\" \/>\n<meta property=\"og:type\" content=\"article\" \/>\n<meta property=\"og:title\" content=\"La An\u00f3nima tuvo en el \u00faltimo a\u00f1o p\u00e9rdidas por $846 millones - Diario Textual\" \/>\n<meta property=\"og:description\" content=\"La cadena de supermercados La An\u00f3nima, perteneciente a la familia Braun, cerr\u00f3 en junio pasado el peor ejercicio econ\u00f3mico en su historia con p\u00e9rdidas de $846,5 millones, seg\u00fan inform\u00f3 a&hellip;\" \/>\n<meta property=\"og:url\" content=\"https:\/\/diariotextual.com\/inicio\/index.php\/2019\/09\/11\/la-anonima-tuvo-ultimo-ano-perdidas-846-millones\/\" \/>\n<meta property=\"og:site_name\" content=\"Diario Textual\" \/>\n<meta property=\"article:publisher\" content=\"https:\/\/www.facebook.com\/eltextual\" \/>\n<meta property=\"article:published_time\" content=\"2019-09-11T20:45:29+00:00\" \/>\n<meta property=\"og:image\" content=\"https:\/\/diariotextual.com\/inicio\/wp-content\/uploads\/2019\/09\/anonima4.jpg\" \/>\n\t<meta property=\"og:image:width\" content=\"870\" \/>\n\t<meta property=\"og:image:height\" content=\"502\" \/>\n\t<meta property=\"og:image:type\" content=\"image\/jpeg\" \/>\n<meta name=\"author\" content=\"Diario1 Diario1\" \/>\n<meta name=\"twitter:card\" content=\"summary_large_image\" \/>\n<meta name=\"twitter:creator\" content=\"@eltextual\" \/>\n<meta name=\"twitter:site\" content=\"@eltextual\" \/>\n<meta name=\"twitter:label1\" content=\"Escrito por\" \/>\n\t<meta name=\"twitter:data1\" content=\"Diario1 Diario1\" \/>\n\t<meta name=\"twitter:label2\" content=\"Tiempo de lectura\" \/>\n\t<meta name=\"twitter:data2\" content=\"2 minutos\" \/>\n<script type=\"application\/ld+json\" class=\"yoast-schema-graph\">{\"@context\":\"https:\\\/\\\/schema.org\",\"@graph\":[{\"@type\":\"Article\",\"@id\":\"https:\\\/\\\/diariotextual.com\\\/inicio\\\/index.php\\\/2019\\\/09\\\/11\\\/la-anonima-tuvo-ultimo-ano-perdidas-846-millones\\\/#article\",\"isPartOf\":{\"@id\":\"https:\\\/\\\/diariotextual.com\\\/inicio\\\/index.php\\\/2019\\\/09\\\/11\\\/la-anonima-tuvo-ultimo-ano-perdidas-846-millones\\\/\"},\"author\":{\"name\":\"Diario1 Diario1\",\"@id\":\"https:\\\/\\\/diariotextual.com\\\/inicio\\\/#\\\/schema\\\/person\\\/418fc4093c33e86ed41562db3508f958\"},\"headline\":\"La An\u00f3nima tuvo en el \u00faltimo a\u00f1o p\u00e9rdidas por $846 millones\",\"datePublished\":\"2019-09-11T20:45:29+00:00\",\"mainEntityOfPage\":{\"@id\":\"https:\\\/\\\/diariotextual.com\\\/inicio\\\/index.php\\\/2019\\\/09\\\/11\\\/la-anonima-tuvo-ultimo-ano-perdidas-846-millones\\\/\"},\"wordCount\":351,\"publisher\":{\"@id\":\"https:\\\/\\\/diariotextual.com\\\/inicio\\\/#organization\"},\"image\":{\"@id\":\"https:\\\/\\\/diariotextual.com\\\/inicio\\\/index.php\\\/2019\\\/09\\\/11\\\/la-anonima-tuvo-ultimo-ano-perdidas-846-millones\\\/#primaryimage\"},\"thumbnailUrl\":\"https:\\\/\\\/diariotextual.com\\\/inicio\\\/wp-content\\\/uploads\\\/2019\\\/09\\\/anonima4.jpg\",\"keywords\":[\"anonima\"],\"articleSection\":[\"A - QUE PASA (al costado)\",\"ECONOMIA\"],\"inLanguage\":\"es\"},{\"@type\":\"WebPage\",\"@id\":\"https:\\\/\\\/diariotextual.com\\\/inicio\\\/index.php\\\/2019\\\/09\\\/11\\\/la-anonima-tuvo-ultimo-ano-perdidas-846-millones\\\/\",\"url\":\"https:\\\/\\\/diariotextual.com\\\/inicio\\\/index.php\\\/2019\\\/09\\\/11\\\/la-anonima-tuvo-ultimo-ano-perdidas-846-millones\\\/\",\"name\":\"La An\u00f3nima tuvo en el \u00faltimo a\u00f1o p\u00e9rdidas por $846 millones - Diario Textual\",\"isPartOf\":{\"@id\":\"https:\\\/\\\/diariotextual.com\\\/inicio\\\/#website\"},\"primaryImageOfPage\":{\"@id\":\"https:\\\/\\\/diariotextual.com\\\/inicio\\\/index.php\\\/2019\\\/09\\\/11\\\/la-anonima-tuvo-ultimo-ano-perdidas-846-millones\\\/#primaryimage\"},\"image\":{\"@id\":\"https:\\\/\\\/diariotextual.com\\\/inicio\\\/index.php\\\/2019\\\/09\\\/11\\\/la-anonima-tuvo-ultimo-ano-perdidas-846-millones\\\/#primaryimage\"},\"thumbnailUrl\":\"https:\\\/\\\/diariotextual.com\\\/inicio\\\/wp-content\\\/uploads\\\/2019\\\/09\\\/anonima4.jpg\",\"datePublished\":\"2019-09-11T20:45:29+00:00\",\"breadcrumb\":{\"@id\":\"https:\\\/\\\/diariotextual.com\\\/inicio\\\/index.php\\\/2019\\\/09\\\/11\\\/la-anonima-tuvo-ultimo-ano-perdidas-846-millones\\\/#breadcrumb\"},\"inLanguage\":\"es\",\"potentialAction\":[{\"@type\":\"ReadAction\",\"target\":[\"https:\\\/\\\/diariotextual.com\\\/inicio\\\/index.php\\\/2019\\\/09\\\/11\\\/la-anonima-tuvo-ultimo-ano-perdidas-846-millones\\\/\"]}]},{\"@type\":\"ImageObject\",\"inLanguage\":\"es\",\"@id\":\"https:\\\/\\\/diariotextual.com\\\/inicio\\\/index.php\\\/2019\\\/09\\\/11\\\/la-anonima-tuvo-ultimo-ano-perdidas-846-millones\\\/#primaryimage\",\"url\":\"https:\\\/\\\/diariotextual.com\\\/inicio\\\/wp-content\\\/uploads\\\/2019\\\/09\\\/anonima4.jpg\",\"contentUrl\":\"https:\\\/\\\/diariotextual.com\\\/inicio\\\/wp-content\\\/uploads\\\/2019\\\/09\\\/anonima4.jpg\",\"width\":870,\"height\":502},{\"@type\":\"BreadcrumbList\",\"@id\":\"https:\\\/\\\/diariotextual.com\\\/inicio\\\/index.php\\\/2019\\\/09\\\/11\\\/la-anonima-tuvo-ultimo-ano-perdidas-846-millones\\\/#breadcrumb\",\"itemListElement\":[{\"@type\":\"ListItem\",\"position\":1,\"name\":\"Portada\",\"item\":\"https:\\\/\\\/diariotextual.com\\\/inicio\\\/\"},{\"@type\":\"ListItem\",\"position\":2,\"name\":\"La An\u00f3nima tuvo en el \u00faltimo a\u00f1o p\u00e9rdidas por $846 millones\"}]},{\"@type\":\"WebSite\",\"@id\":\"https:\\\/\\\/diariotextual.com\\\/inicio\\\/#website\",\"url\":\"https:\\\/\\\/diariotextual.com\\\/inicio\\\/\",\"name\":\"Diario Textual\",\"description\":\"\",\"publisher\":{\"@id\":\"https:\\\/\\\/diariotextual.com\\\/inicio\\\/#organization\"},\"potentialAction\":[{\"@type\":\"SearchAction\",\"target\":{\"@type\":\"EntryPoint\",\"urlTemplate\":\"https:\\\/\\\/diariotextual.com\\\/inicio\\\/?s={search_term_string}\"},\"query-input\":{\"@type\":\"PropertyValueSpecification\",\"valueRequired\":true,\"valueName\":\"search_term_string\"}}],\"inLanguage\":\"es\"},{\"@type\":\"Organization\",\"@id\":\"https:\\\/\\\/diariotextual.com\\\/inicio\\\/#organization\",\"name\":\"Diario Textual\",\"url\":\"https:\\\/\\\/diariotextual.com\\\/inicio\\\/\",\"logo\":{\"@type\":\"ImageObject\",\"inLanguage\":\"es\",\"@id\":\"https:\\\/\\\/diariotextual.com\\\/inicio\\\/#\\\/schema\\\/logo\\\/image\\\/\",\"url\":\"https:\\\/\\\/diariotextual.com\\\/inicio\\\/wp-content\\\/uploads\\\/2023\\\/05\\\/logotextual1.jpg\",\"contentUrl\":\"https:\\\/\\\/diariotextual.com\\\/inicio\\\/wp-content\\\/uploads\\\/2023\\\/05\\\/logotextual1.jpg\",\"width\":516,\"height\":76,\"caption\":\"Diario Textual\"},\"image\":{\"@id\":\"https:\\\/\\\/diariotextual.com\\\/inicio\\\/#\\\/schema\\\/logo\\\/image\\\/\"},\"sameAs\":[\"https:\\\/\\\/www.facebook.com\\\/eltextual\",\"https:\\\/\\\/x.com\\\/eltextual\",\"http:\\\/\\\/www.instagram.com\\\/eltextual\"]},{\"@type\":\"Person\",\"@id\":\"https:\\\/\\\/diariotextual.com\\\/inicio\\\/#\\\/schema\\\/person\\\/418fc4093c33e86ed41562db3508f958\",\"name\":\"Diario1 Diario1\",\"image\":{\"@type\":\"ImageObject\",\"inLanguage\":\"es\",\"@id\":\"https:\\\/\\\/secure.gravatar.com\\\/avatar\\\/9167d280179c85bc18be67aa7eda765854300033af4896dd779b608640f2ef7a?s=96&d=mm&r=g\",\"url\":\"https:\\\/\\\/secure.gravatar.com\\\/avatar\\\/9167d280179c85bc18be67aa7eda765854300033af4896dd779b608640f2ef7a?s=96&d=mm&r=g\",\"contentUrl\":\"https:\\\/\\\/secure.gravatar.com\\\/avatar\\\/9167d280179c85bc18be67aa7eda765854300033af4896dd779b608640f2ef7a?s=96&d=mm&r=g\",\"caption\":\"Diario1 Diario1\"},\"url\":\"https:\\\/\\\/diariotextual.com\\\/inicio\\\/index.php\\\/author\\\/diario1\\\/\"}]}<\/script>\n<!-- \/ Yoast SEO plugin. -->","yoast_head_json":{"title":"La An\u00f3nima tuvo en el \u00faltimo a\u00f1o p\u00e9rdidas por $846 millones - Diario Textual","robots":{"index":"index","follow":"follow","max-snippet":"max-snippet:-1","max-image-preview":"max-image-preview:large","max-video-preview":"max-video-preview:-1"},"canonical":"https:\/\/diariotextual.com\/inicio\/index.php\/2019\/09\/11\/la-anonima-tuvo-ultimo-ano-perdidas-846-millones\/","og_locale":"es_ES","og_type":"article","og_title":"La An\u00f3nima tuvo en el \u00faltimo a\u00f1o p\u00e9rdidas por $846 millones - Diario Textual","og_description":"La cadena de supermercados La An\u00f3nima, perteneciente a la familia Braun, cerr\u00f3 en junio pasado el peor ejercicio econ\u00f3mico en su historia con p\u00e9rdidas de $846,5 millones, seg\u00fan inform\u00f3 a&hellip;","og_url":"https:\/\/diariotextual.com\/inicio\/index.php\/2019\/09\/11\/la-anonima-tuvo-ultimo-ano-perdidas-846-millones\/","og_site_name":"Diario Textual","article_publisher":"https:\/\/www.facebook.com\/eltextual","article_published_time":"2019-09-11T20:45:29+00:00","og_image":[{"width":870,"height":502,"url":"https:\/\/diariotextual.com\/inicio\/wp-content\/uploads\/2019\/09\/anonima4.jpg","type":"image\/jpeg"}],"author":"Diario1 Diario1","twitter_card":"summary_large_image","twitter_creator":"@eltextual","twitter_site":"@eltextual","twitter_misc":{"Escrito por":"Diario1 Diario1","Tiempo de lectura":"2 minutos"},"schema":{"@context":"https:\/\/schema.org","@graph":[{"@type":"Article","@id":"https:\/\/diariotextual.com\/inicio\/index.php\/2019\/09\/11\/la-anonima-tuvo-ultimo-ano-perdidas-846-millones\/#article","isPartOf":{"@id":"https:\/\/diariotextual.com\/inicio\/index.php\/2019\/09\/11\/la-anonima-tuvo-ultimo-ano-perdidas-846-millones\/"},"author":{"name":"Diario1 Diario1","@id":"https:\/\/diariotextual.com\/inicio\/#\/schema\/person\/418fc4093c33e86ed41562db3508f958"},"headline":"La An\u00f3nima tuvo en el \u00faltimo a\u00f1o p\u00e9rdidas por $846 millones","datePublished":"2019-09-11T20:45:29+00:00","mainEntityOfPage":{"@id":"https:\/\/diariotextual.com\/inicio\/index.php\/2019\/09\/11\/la-anonima-tuvo-ultimo-ano-perdidas-846-millones\/"},"wordCount":351,"publisher":{"@id":"https:\/\/diariotextual.com\/inicio\/#organization"},"image":{"@id":"https:\/\/diariotextual.com\/inicio\/index.php\/2019\/09\/11\/la-anonima-tuvo-ultimo-ano-perdidas-846-millones\/#primaryimage"},"thumbnailUrl":"https:\/\/diariotextual.com\/inicio\/wp-content\/uploads\/2019\/09\/anonima4.jpg","keywords":["anonima"],"articleSection":["A - QUE PASA (al costado)","ECONOMIA"],"inLanguage":"es"},{"@type":"WebPage","@id":"https:\/\/diariotextual.com\/inicio\/index.php\/2019\/09\/11\/la-anonima-tuvo-ultimo-ano-perdidas-846-millones\/","url":"https:\/\/diariotextual.com\/inicio\/index.php\/2019\/09\/11\/la-anonima-tuvo-ultimo-ano-perdidas-846-millones\/","name":"La An\u00f3nima tuvo en el \u00faltimo a\u00f1o p\u00e9rdidas por $846 millones - Diario Textual","isPartOf":{"@id":"https:\/\/diariotextual.com\/inicio\/#website"},"primaryImageOfPage":{"@id":"https:\/\/diariotextual.com\/inicio\/index.php\/2019\/09\/11\/la-anonima-tuvo-ultimo-ano-perdidas-846-millones\/#primaryimage"},"image":{"@id":"https:\/\/diariotextual.com\/inicio\/index.php\/2019\/09\/11\/la-anonima-tuvo-ultimo-ano-perdidas-846-millones\/#primaryimage"},"thumbnailUrl":"https:\/\/diariotextual.com\/inicio\/wp-content\/uploads\/2019\/09\/anonima4.jpg","datePublished":"2019-09-11T20:45:29+00:00","breadcrumb":{"@id":"https:\/\/diariotextual.com\/inicio\/index.php\/2019\/09\/11\/la-anonima-tuvo-ultimo-ano-perdidas-846-millones\/#breadcrumb"},"inLanguage":"es","potentialAction":[{"@type":"ReadAction","target":["https:\/\/diariotextual.com\/inicio\/index.php\/2019\/09\/11\/la-anonima-tuvo-ultimo-ano-perdidas-846-millones\/"]}]},{"@type":"ImageObject","inLanguage":"es","@id":"https:\/\/diariotextual.com\/inicio\/index.php\/2019\/09\/11\/la-anonima-tuvo-ultimo-ano-perdidas-846-millones\/#primaryimage","url":"https:\/\/diariotextual.com\/inicio\/wp-content\/uploads\/2019\/09\/anonima4.jpg","contentUrl":"https:\/\/diariotextual.com\/inicio\/wp-content\/uploads\/2019\/09\/anonima4.jpg","width":870,"height":502},{"@type":"BreadcrumbList","@id":"https:\/\/diariotextual.com\/inicio\/index.php\/2019\/09\/11\/la-anonima-tuvo-ultimo-ano-perdidas-846-millones\/#breadcrumb","itemListElement":[{"@type":"ListItem","position":1,"name":"Portada","item":"https:\/\/diariotextual.com\/inicio\/"},{"@type":"ListItem","position":2,"name":"La An\u00f3nima tuvo en el \u00faltimo a\u00f1o p\u00e9rdidas por $846 millones"}]},{"@type":"WebSite","@id":"https:\/\/diariotextual.com\/inicio\/#website","url":"https:\/\/diariotextual.com\/inicio\/","name":"Diario Textual","description":"","publisher":{"@id":"https:\/\/diariotextual.com\/inicio\/#organization"},"potentialAction":[{"@type":"SearchAction","target":{"@type":"EntryPoint","urlTemplate":"https:\/\/diariotextual.com\/inicio\/?s={search_term_string}"},"query-input":{"@type":"PropertyValueSpecification","valueRequired":true,"valueName":"search_term_string"}}],"inLanguage":"es"},{"@type":"Organization","@id":"https:\/\/diariotextual.com\/inicio\/#organization","name":"Diario Textual","url":"https:\/\/diariotextual.com\/inicio\/","logo":{"@type":"ImageObject","inLanguage":"es","@id":"https:\/\/diariotextual.com\/inicio\/#\/schema\/logo\/image\/","url":"https:\/\/diariotextual.com\/inicio\/wp-content\/uploads\/2023\/05\/logotextual1.jpg","contentUrl":"https:\/\/diariotextual.com\/inicio\/wp-content\/uploads\/2023\/05\/logotextual1.jpg","width":516,"height":76,"caption":"Diario Textual"},"image":{"@id":"https:\/\/diariotextual.com\/inicio\/#\/schema\/logo\/image\/"},"sameAs":["https:\/\/www.facebook.com\/eltextual","https:\/\/x.com\/eltextual","http:\/\/www.instagram.com\/eltextual"]},{"@type":"Person","@id":"https:\/\/diariotextual.com\/inicio\/#\/schema\/person\/418fc4093c33e86ed41562db3508f958","name":"Diario1 Diario1","image":{"@type":"ImageObject","inLanguage":"es","@id":"https:\/\/secure.gravatar.com\/avatar\/9167d280179c85bc18be67aa7eda765854300033af4896dd779b608640f2ef7a?s=96&d=mm&r=g","url":"https:\/\/secure.gravatar.com\/avatar\/9167d280179c85bc18be67aa7eda765854300033af4896dd779b608640f2ef7a?s=96&d=mm&r=g","contentUrl":"https:\/\/secure.gravatar.com\/avatar\/9167d280179c85bc18be67aa7eda765854300033af4896dd779b608640f2ef7a?s=96&d=mm&r=g","caption":"Diario1 Diario1"},"url":"https:\/\/diariotextual.com\/inicio\/index.php\/author\/diario1\/"}]}},"_links":{"self":[{"href":"https:\/\/diariotextual.com\/inicio\/index.php\/wp-json\/wp\/v2\/posts\/62392","targetHints":{"allow":["GET"]}}],"collection":[{"href":"https:\/\/diariotextual.com\/inicio\/index.php\/wp-json\/wp\/v2\/posts"}],"about":[{"href":"https:\/\/diariotextual.com\/inicio\/index.php\/wp-json\/wp\/v2\/types\/post"}],"author":[{"embeddable":true,"href":"https:\/\/diariotextual.com\/inicio\/index.php\/wp-json\/wp\/v2\/users\/3"}],"replies":[{"embeddable":true,"href":"https:\/\/diariotextual.com\/inicio\/index.php\/wp-json\/wp\/v2\/comments?post=62392"}],"version-history":[{"count":1,"href":"https:\/\/diariotextual.com\/inicio\/index.php\/wp-json\/wp\/v2\/posts\/62392\/revisions"}],"predecessor-version":[{"id":62393,"href":"https:\/\/diariotextual.com\/inicio\/index.php\/wp-json\/wp\/v2\/posts\/62392\/revisions\/62393"}],"wp:featuredmedia":[{"embeddable":true,"href":"https:\/\/diariotextual.com\/inicio\/index.php\/wp-json\/wp\/v2\/media\/62396"}],"wp:attachment":[{"href":"https:\/\/diariotextual.com\/inicio\/index.php\/wp-json\/wp\/v2\/media?parent=62392"}],"wp:term":[{"taxonomy":"category","embeddable":true,"href":"https:\/\/diariotextual.com\/inicio\/index.php\/wp-json\/wp\/v2\/categories?post=62392"},{"taxonomy":"post_tag","embeddable":true,"href":"https:\/\/diariotextual.com\/inicio\/index.php\/wp-json\/wp\/v2\/tags?post=62392"}],"curies":[{"name":"wp","href":"https:\/\/api.w.org\/{rel}","templated":true}]}}