{"id":62451,"date":"2019-09-12T12:53:42","date_gmt":"2019-09-12T15:53:42","guid":{"rendered":"http:\/\/diariotextual.com\/inicio\/?p=62451"},"modified":"2019-09-12T20:10:40","modified_gmt":"2019-09-12T23:10:40","slug":"jueza-abrio-concurso-acreedores-una-financiera-santa-rosa","status":"publish","type":"post","link":"https:\/\/diariotextual.com\/inicio\/index.php\/2019\/09\/12\/jueza-abrio-concurso-acreedores-una-financiera-santa-rosa\/","title":{"rendered":"Jueza abri\u00f3 el concurso de acreedores a una financiera de Santa Rosa"},"content":{"rendered":"<p>El Juzgado de Ejecuci\u00f3n Concursos y Quiebras 2, a cargo de la jueza Adriana Isabel Cuarzo, abri\u00f3 el concurso preventivo a Alberto Mart\u00edn Alejandro Bon Dergham, el due\u00f1o de la financiera <strong>Gripp<\/strong> que, entre otras inversiones, se encontraba construyendo un edificio y que ya anunci\u00f3 que no podr\u00e1 devolver la totalidad del dinero a los inversores.<\/p>\n<p>As\u00ed lo inform\u00f3 la jueza, en un edicto publicado en el Bolet\u00edn Oficial. Seg\u00fan dijo, la s\u00edndica ser\u00e1 la contadora Matilde Gladys Esparza.<\/p>\n<p>El concurso de acreedores\u00a0<strong>es un procedimiento jur\u00eddico por el cual las empresas insolventes recurren a la Justicia para poner orden en la situaci\u00f3n y pagar sus deudas.<\/strong><\/p>\n<p>Los acreedores deber\u00e1n presentar ante Esparza sus reclamos. Tienen tiempo hasta el 4 de octubre. A su vez, la s\u00edndica deber\u00e1 presentar un informe individual ante el juzgado el 20 de noviembre y otro general el 7 de febrero de 2020. Adem\u00e1s se estableci\u00f3 otra audiencia informativa para el 5 de agosto de 2020.<\/p>\n<p>\u00bfCu\u00e1l es la intenci\u00f3n de este concurso? Ordenar las deudas que debe afrontar Bon Dergham y, posiblemente, establecer una quita a los acreedores. La intenci\u00f3n de Bon Dergham es pagar esas deudas, seg\u00fan ha trascendido. Al menos parcialmente. \u00abNecesito tiempo\u00bb, les ha dicho a algunos de los inversionistas.<\/p>\n<p>El empresario deber\u00eda presentar\u00a0<strong>un plan de trabajo para tratar de sanear sus n\u00fameros<\/strong>\u00a0y, paralelamente, la s\u00edndica convocar\u00a0<strong>a los acreedores que se presenten hasta el 4 de octubre para dise\u00f1ar un posible plan de pago.\u00a0<\/strong><\/p>\n<p><strong>Si no hay acuerdo, la instancia que sigue es la quiebra<\/strong>. En ese caso, ir\u00e1n a remate los bienes del empresario.<\/p>\n<p><strong>Gripp -la sigla de Grupo de Inversores Privados Pampeanos- se dedica a la entrega de pr\u00e9stamos, venta de autom\u00f3viles e inversiones inmobiliarias.<\/strong>\u00a0Una de sus principales apuestas era la construcci\u00f3n de un edificio, con 16 semipisos, en la calle Pellegrini al 500. Lo iba a denominar\u00a0<strong>Edificio 566<\/strong>. Pero ahora la obra est\u00e1 paralizada.<\/p>\n<p>&nbsp;<\/p>\n<p>&nbsp;<\/p>\n<p>&nbsp;<\/p>\n","protected":false},"excerpt":{"rendered":"<p>El Juzgado de Ejecuci\u00f3n Concursos y Quiebras 2, a cargo de la jueza Adriana Isabel Cuarzo, abri\u00f3 el concurso preventivo a Alberto Mart\u00edn Alejandro Bon Dergham, el due\u00f1o de la&hellip;<\/p>\n","protected":false},"author":3,"featured_media":54894,"comment_status":"closed","ping_status":"open","sticky":false,"template":"","format":"standard","meta":{"_acf_changed":false,"footnotes":""},"categories":[11,319,5],"tags":[2075],"class_list":["post-62451","post","type-post","status-publish","format-standard","has-post-thumbnail","hentry","category-que-pasa","category-a-temporales","category-economia","tag-gripp"],"acf":[],"yoast_head":"<!-- This site is optimized with the Yoast SEO plugin v27.5 - https:\/\/yoast.com\/product\/yoast-seo-wordpress\/ -->\n<title>Jueza abri\u00f3 el concurso de acreedores a una financiera de Santa Rosa - Diario Textual<\/title>\n<meta name=\"robots\" content=\"index, follow, max-snippet:-1, max-image-preview:large, max-video-preview:-1\" \/>\n<link rel=\"canonical\" href=\"https:\/\/diariotextual.com\/inicio\/index.php\/2019\/09\/12\/jueza-abrio-concurso-acreedores-una-financiera-santa-rosa\/\" \/>\n<meta property=\"og:locale\" content=\"es_ES\" \/>\n<meta property=\"og:type\" content=\"article\" \/>\n<meta property=\"og:title\" content=\"Jueza abri\u00f3 el concurso de acreedores a una financiera de Santa Rosa - Diario Textual\" \/>\n<meta property=\"og:description\" content=\"El Juzgado de Ejecuci\u00f3n Concursos y Quiebras 2, a cargo de la jueza Adriana Isabel Cuarzo, abri\u00f3 el concurso preventivo a Alberto Mart\u00edn Alejandro Bon Dergham, el due\u00f1o de la&hellip;\" \/>\n<meta property=\"og:url\" content=\"https:\/\/diariotextual.com\/inicio\/index.php\/2019\/09\/12\/jueza-abrio-concurso-acreedores-una-financiera-santa-rosa\/\" \/>\n<meta property=\"og:site_name\" content=\"Diario Textual\" \/>\n<meta property=\"article:publisher\" content=\"https:\/\/www.facebook.com\/eltextual\" \/>\n<meta property=\"article:published_time\" content=\"2019-09-12T15:53:42+00:00\" \/>\n<meta property=\"article:modified_time\" content=\"2019-09-12T23:10:40+00:00\" \/>\n<meta property=\"og:image\" content=\"https:\/\/diariotextual.com\/inicio\/wp-content\/uploads\/2019\/07\/grippedificio3.jpg\" \/>\n\t<meta property=\"og:image:width\" content=\"956\" \/>\n\t<meta property=\"og:image:height\" content=\"629\" \/>\n\t<meta property=\"og:image:type\" content=\"image\/jpeg\" \/>\n<meta name=\"author\" content=\"Diario1 Diario1\" \/>\n<meta name=\"twitter:card\" content=\"summary_large_image\" \/>\n<meta name=\"twitter:creator\" content=\"@eltextual\" \/>\n<meta name=\"twitter:site\" content=\"@eltextual\" \/>\n<meta name=\"twitter:label1\" content=\"Escrito por\" \/>\n\t<meta name=\"twitter:data1\" content=\"Diario1 Diario1\" \/>\n\t<meta name=\"twitter:label2\" content=\"Tiempo de lectura\" \/>\n\t<meta name=\"twitter:data2\" content=\"2 minutos\" \/>\n<script type=\"application\/ld+json\" class=\"yoast-schema-graph\">{\"@context\":\"https:\\\/\\\/schema.org\",\"@graph\":[{\"@type\":\"Article\",\"@id\":\"https:\\\/\\\/diariotextual.com\\\/inicio\\\/index.php\\\/2019\\\/09\\\/12\\\/jueza-abrio-concurso-acreedores-una-financiera-santa-rosa\\\/#article\",\"isPartOf\":{\"@id\":\"https:\\\/\\\/diariotextual.com\\\/inicio\\\/index.php\\\/2019\\\/09\\\/12\\\/jueza-abrio-concurso-acreedores-una-financiera-santa-rosa\\\/\"},\"author\":{\"name\":\"Diario1 Diario1\",\"@id\":\"https:\\\/\\\/diariotextual.com\\\/inicio\\\/#\\\/schema\\\/person\\\/418fc4093c33e86ed41562db3508f958\"},\"headline\":\"Jueza abri\u00f3 el concurso de acreedores a una financiera de Santa Rosa\",\"datePublished\":\"2019-09-12T15:53:42+00:00\",\"dateModified\":\"2019-09-12T23:10:40+00:00\",\"mainEntityOfPage\":{\"@id\":\"https:\\\/\\\/diariotextual.com\\\/inicio\\\/index.php\\\/2019\\\/09\\\/12\\\/jueza-abrio-concurso-acreedores-una-financiera-santa-rosa\\\/\"},\"wordCount\":348,\"publisher\":{\"@id\":\"https:\\\/\\\/diariotextual.com\\\/inicio\\\/#organization\"},\"image\":{\"@id\":\"https:\\\/\\\/diariotextual.com\\\/inicio\\\/index.php\\\/2019\\\/09\\\/12\\\/jueza-abrio-concurso-acreedores-una-financiera-santa-rosa\\\/#primaryimage\"},\"thumbnailUrl\":\"https:\\\/\\\/diariotextual.com\\\/inicio\\\/wp-content\\\/uploads\\\/2019\\\/07\\\/grippedificio3.jpg\",\"keywords\":[\"gripp\"],\"articleSection\":[\"A - QUE PASA (al costado)\",\"A - TEMPORALES\",\"ECONOMIA\"],\"inLanguage\":\"es\"},{\"@type\":\"WebPage\",\"@id\":\"https:\\\/\\\/diariotextual.com\\\/inicio\\\/index.php\\\/2019\\\/09\\\/12\\\/jueza-abrio-concurso-acreedores-una-financiera-santa-rosa\\\/\",\"url\":\"https:\\\/\\\/diariotextual.com\\\/inicio\\\/index.php\\\/2019\\\/09\\\/12\\\/jueza-abrio-concurso-acreedores-una-financiera-santa-rosa\\\/\",\"name\":\"Jueza abri\u00f3 el concurso de acreedores a una financiera de Santa Rosa - Diario Textual\",\"isPartOf\":{\"@id\":\"https:\\\/\\\/diariotextual.com\\\/inicio\\\/#website\"},\"primaryImageOfPage\":{\"@id\":\"https:\\\/\\\/diariotextual.com\\\/inicio\\\/index.php\\\/2019\\\/09\\\/12\\\/jueza-abrio-concurso-acreedores-una-financiera-santa-rosa\\\/#primaryimage\"},\"image\":{\"@id\":\"https:\\\/\\\/diariotextual.com\\\/inicio\\\/index.php\\\/2019\\\/09\\\/12\\\/jueza-abrio-concurso-acreedores-una-financiera-santa-rosa\\\/#primaryimage\"},\"thumbnailUrl\":\"https:\\\/\\\/diariotextual.com\\\/inicio\\\/wp-content\\\/uploads\\\/2019\\\/07\\\/grippedificio3.jpg\",\"datePublished\":\"2019-09-12T15:53:42+00:00\",\"dateModified\":\"2019-09-12T23:10:40+00:00\",\"breadcrumb\":{\"@id\":\"https:\\\/\\\/diariotextual.com\\\/inicio\\\/index.php\\\/2019\\\/09\\\/12\\\/jueza-abrio-concurso-acreedores-una-financiera-santa-rosa\\\/#breadcrumb\"},\"inLanguage\":\"es\",\"potentialAction\":[{\"@type\":\"ReadAction\",\"target\":[\"https:\\\/\\\/diariotextual.com\\\/inicio\\\/index.php\\\/2019\\\/09\\\/12\\\/jueza-abrio-concurso-acreedores-una-financiera-santa-rosa\\\/\"]}]},{\"@type\":\"ImageObject\",\"inLanguage\":\"es\",\"@id\":\"https:\\\/\\\/diariotextual.com\\\/inicio\\\/index.php\\\/2019\\\/09\\\/12\\\/jueza-abrio-concurso-acreedores-una-financiera-santa-rosa\\\/#primaryimage\",\"url\":\"https:\\\/\\\/diariotextual.com\\\/inicio\\\/wp-content\\\/uploads\\\/2019\\\/07\\\/grippedificio3.jpg\",\"contentUrl\":\"https:\\\/\\\/diariotextual.com\\\/inicio\\\/wp-content\\\/uploads\\\/2019\\\/07\\\/grippedificio3.jpg\",\"width\":956,\"height\":629},{\"@type\":\"BreadcrumbList\",\"@id\":\"https:\\\/\\\/diariotextual.com\\\/inicio\\\/index.php\\\/2019\\\/09\\\/12\\\/jueza-abrio-concurso-acreedores-una-financiera-santa-rosa\\\/#breadcrumb\",\"itemListElement\":[{\"@type\":\"ListItem\",\"position\":1,\"name\":\"Portada\",\"item\":\"https:\\\/\\\/diariotextual.com\\\/inicio\\\/\"},{\"@type\":\"ListItem\",\"position\":2,\"name\":\"Jueza abri\u00f3 el concurso de acreedores a una financiera de Santa Rosa\"}]},{\"@type\":\"WebSite\",\"@id\":\"https:\\\/\\\/diariotextual.com\\\/inicio\\\/#website\",\"url\":\"https:\\\/\\\/diariotextual.com\\\/inicio\\\/\",\"name\":\"Diario Textual\",\"description\":\"\",\"publisher\":{\"@id\":\"https:\\\/\\\/diariotextual.com\\\/inicio\\\/#organization\"},\"potentialAction\":[{\"@type\":\"SearchAction\",\"target\":{\"@type\":\"EntryPoint\",\"urlTemplate\":\"https:\\\/\\\/diariotextual.com\\\/inicio\\\/?s={search_term_string}\"},\"query-input\":{\"@type\":\"PropertyValueSpecification\",\"valueRequired\":true,\"valueName\":\"search_term_string\"}}],\"inLanguage\":\"es\"},{\"@type\":\"Organization\",\"@id\":\"https:\\\/\\\/diariotextual.com\\\/inicio\\\/#organization\",\"name\":\"Diario Textual\",\"url\":\"https:\\\/\\\/diariotextual.com\\\/inicio\\\/\",\"logo\":{\"@type\":\"ImageObject\",\"inLanguage\":\"es\",\"@id\":\"https:\\\/\\\/diariotextual.com\\\/inicio\\\/#\\\/schema\\\/logo\\\/image\\\/\",\"url\":\"https:\\\/\\\/diariotextual.com\\\/inicio\\\/wp-content\\\/uploads\\\/2023\\\/05\\\/logotextual1.jpg\",\"contentUrl\":\"https:\\\/\\\/diariotextual.com\\\/inicio\\\/wp-content\\\/uploads\\\/2023\\\/05\\\/logotextual1.jpg\",\"width\":516,\"height\":76,\"caption\":\"Diario Textual\"},\"image\":{\"@id\":\"https:\\\/\\\/diariotextual.com\\\/inicio\\\/#\\\/schema\\\/logo\\\/image\\\/\"},\"sameAs\":[\"https:\\\/\\\/www.facebook.com\\\/eltextual\",\"https:\\\/\\\/x.com\\\/eltextual\",\"http:\\\/\\\/www.instagram.com\\\/eltextual\"]},{\"@type\":\"Person\",\"@id\":\"https:\\\/\\\/diariotextual.com\\\/inicio\\\/#\\\/schema\\\/person\\\/418fc4093c33e86ed41562db3508f958\",\"name\":\"Diario1 Diario1\",\"image\":{\"@type\":\"ImageObject\",\"inLanguage\":\"es\",\"@id\":\"https:\\\/\\\/secure.gravatar.com\\\/avatar\\\/9167d280179c85bc18be67aa7eda765854300033af4896dd779b608640f2ef7a?s=96&d=mm&r=g\",\"url\":\"https:\\\/\\\/secure.gravatar.com\\\/avatar\\\/9167d280179c85bc18be67aa7eda765854300033af4896dd779b608640f2ef7a?s=96&d=mm&r=g\",\"contentUrl\":\"https:\\\/\\\/secure.gravatar.com\\\/avatar\\\/9167d280179c85bc18be67aa7eda765854300033af4896dd779b608640f2ef7a?s=96&d=mm&r=g\",\"caption\":\"Diario1 Diario1\"},\"url\":\"https:\\\/\\\/diariotextual.com\\\/inicio\\\/index.php\\\/author\\\/diario1\\\/\"}]}<\/script>\n<!-- \/ Yoast SEO plugin. -->","yoast_head_json":{"title":"Jueza abri\u00f3 el concurso de acreedores a una financiera de Santa Rosa - Diario Textual","robots":{"index":"index","follow":"follow","max-snippet":"max-snippet:-1","max-image-preview":"max-image-preview:large","max-video-preview":"max-video-preview:-1"},"canonical":"https:\/\/diariotextual.com\/inicio\/index.php\/2019\/09\/12\/jueza-abrio-concurso-acreedores-una-financiera-santa-rosa\/","og_locale":"es_ES","og_type":"article","og_title":"Jueza abri\u00f3 el concurso de acreedores a una financiera de Santa Rosa - Diario Textual","og_description":"El Juzgado de Ejecuci\u00f3n Concursos y Quiebras 2, a cargo de la jueza Adriana Isabel Cuarzo, abri\u00f3 el concurso preventivo a Alberto Mart\u00edn Alejandro Bon Dergham, el due\u00f1o de la&hellip;","og_url":"https:\/\/diariotextual.com\/inicio\/index.php\/2019\/09\/12\/jueza-abrio-concurso-acreedores-una-financiera-santa-rosa\/","og_site_name":"Diario Textual","article_publisher":"https:\/\/www.facebook.com\/eltextual","article_published_time":"2019-09-12T15:53:42+00:00","article_modified_time":"2019-09-12T23:10:40+00:00","og_image":[{"width":956,"height":629,"url":"https:\/\/diariotextual.com\/inicio\/wp-content\/uploads\/2019\/07\/grippedificio3.jpg","type":"image\/jpeg"}],"author":"Diario1 Diario1","twitter_card":"summary_large_image","twitter_creator":"@eltextual","twitter_site":"@eltextual","twitter_misc":{"Escrito por":"Diario1 Diario1","Tiempo de lectura":"2 minutos"},"schema":{"@context":"https:\/\/schema.org","@graph":[{"@type":"Article","@id":"https:\/\/diariotextual.com\/inicio\/index.php\/2019\/09\/12\/jueza-abrio-concurso-acreedores-una-financiera-santa-rosa\/#article","isPartOf":{"@id":"https:\/\/diariotextual.com\/inicio\/index.php\/2019\/09\/12\/jueza-abrio-concurso-acreedores-una-financiera-santa-rosa\/"},"author":{"name":"Diario1 Diario1","@id":"https:\/\/diariotextual.com\/inicio\/#\/schema\/person\/418fc4093c33e86ed41562db3508f958"},"headline":"Jueza abri\u00f3 el concurso de acreedores a una financiera de Santa Rosa","datePublished":"2019-09-12T15:53:42+00:00","dateModified":"2019-09-12T23:10:40+00:00","mainEntityOfPage":{"@id":"https:\/\/diariotextual.com\/inicio\/index.php\/2019\/09\/12\/jueza-abrio-concurso-acreedores-una-financiera-santa-rosa\/"},"wordCount":348,"publisher":{"@id":"https:\/\/diariotextual.com\/inicio\/#organization"},"image":{"@id":"https:\/\/diariotextual.com\/inicio\/index.php\/2019\/09\/12\/jueza-abrio-concurso-acreedores-una-financiera-santa-rosa\/#primaryimage"},"thumbnailUrl":"https:\/\/diariotextual.com\/inicio\/wp-content\/uploads\/2019\/07\/grippedificio3.jpg","keywords":["gripp"],"articleSection":["A - QUE PASA (al costado)","A - TEMPORALES","ECONOMIA"],"inLanguage":"es"},{"@type":"WebPage","@id":"https:\/\/diariotextual.com\/inicio\/index.php\/2019\/09\/12\/jueza-abrio-concurso-acreedores-una-financiera-santa-rosa\/","url":"https:\/\/diariotextual.com\/inicio\/index.php\/2019\/09\/12\/jueza-abrio-concurso-acreedores-una-financiera-santa-rosa\/","name":"Jueza abri\u00f3 el concurso de acreedores a una financiera de Santa Rosa - Diario Textual","isPartOf":{"@id":"https:\/\/diariotextual.com\/inicio\/#website"},"primaryImageOfPage":{"@id":"https:\/\/diariotextual.com\/inicio\/index.php\/2019\/09\/12\/jueza-abrio-concurso-acreedores-una-financiera-santa-rosa\/#primaryimage"},"image":{"@id":"https:\/\/diariotextual.com\/inicio\/index.php\/2019\/09\/12\/jueza-abrio-concurso-acreedores-una-financiera-santa-rosa\/#primaryimage"},"thumbnailUrl":"https:\/\/diariotextual.com\/inicio\/wp-content\/uploads\/2019\/07\/grippedificio3.jpg","datePublished":"2019-09-12T15:53:42+00:00","dateModified":"2019-09-12T23:10:40+00:00","breadcrumb":{"@id":"https:\/\/diariotextual.com\/inicio\/index.php\/2019\/09\/12\/jueza-abrio-concurso-acreedores-una-financiera-santa-rosa\/#breadcrumb"},"inLanguage":"es","potentialAction":[{"@type":"ReadAction","target":["https:\/\/diariotextual.com\/inicio\/index.php\/2019\/09\/12\/jueza-abrio-concurso-acreedores-una-financiera-santa-rosa\/"]}]},{"@type":"ImageObject","inLanguage":"es","@id":"https:\/\/diariotextual.com\/inicio\/index.php\/2019\/09\/12\/jueza-abrio-concurso-acreedores-una-financiera-santa-rosa\/#primaryimage","url":"https:\/\/diariotextual.com\/inicio\/wp-content\/uploads\/2019\/07\/grippedificio3.jpg","contentUrl":"https:\/\/diariotextual.com\/inicio\/wp-content\/uploads\/2019\/07\/grippedificio3.jpg","width":956,"height":629},{"@type":"BreadcrumbList","@id":"https:\/\/diariotextual.com\/inicio\/index.php\/2019\/09\/12\/jueza-abrio-concurso-acreedores-una-financiera-santa-rosa\/#breadcrumb","itemListElement":[{"@type":"ListItem","position":1,"name":"Portada","item":"https:\/\/diariotextual.com\/inicio\/"},{"@type":"ListItem","position":2,"name":"Jueza abri\u00f3 el concurso de acreedores a una financiera de Santa Rosa"}]},{"@type":"WebSite","@id":"https:\/\/diariotextual.com\/inicio\/#website","url":"https:\/\/diariotextual.com\/inicio\/","name":"Diario Textual","description":"","publisher":{"@id":"https:\/\/diariotextual.com\/inicio\/#organization"},"potentialAction":[{"@type":"SearchAction","target":{"@type":"EntryPoint","urlTemplate":"https:\/\/diariotextual.com\/inicio\/?s={search_term_string}"},"query-input":{"@type":"PropertyValueSpecification","valueRequired":true,"valueName":"search_term_string"}}],"inLanguage":"es"},{"@type":"Organization","@id":"https:\/\/diariotextual.com\/inicio\/#organization","name":"Diario Textual","url":"https:\/\/diariotextual.com\/inicio\/","logo":{"@type":"ImageObject","inLanguage":"es","@id":"https:\/\/diariotextual.com\/inicio\/#\/schema\/logo\/image\/","url":"https:\/\/diariotextual.com\/inicio\/wp-content\/uploads\/2023\/05\/logotextual1.jpg","contentUrl":"https:\/\/diariotextual.com\/inicio\/wp-content\/uploads\/2023\/05\/logotextual1.jpg","width":516,"height":76,"caption":"Diario Textual"},"image":{"@id":"https:\/\/diariotextual.com\/inicio\/#\/schema\/logo\/image\/"},"sameAs":["https:\/\/www.facebook.com\/eltextual","https:\/\/x.com\/eltextual","http:\/\/www.instagram.com\/eltextual"]},{"@type":"Person","@id":"https:\/\/diariotextual.com\/inicio\/#\/schema\/person\/418fc4093c33e86ed41562db3508f958","name":"Diario1 Diario1","image":{"@type":"ImageObject","inLanguage":"es","@id":"https:\/\/secure.gravatar.com\/avatar\/9167d280179c85bc18be67aa7eda765854300033af4896dd779b608640f2ef7a?s=96&d=mm&r=g","url":"https:\/\/secure.gravatar.com\/avatar\/9167d280179c85bc18be67aa7eda765854300033af4896dd779b608640f2ef7a?s=96&d=mm&r=g","contentUrl":"https:\/\/secure.gravatar.com\/avatar\/9167d280179c85bc18be67aa7eda765854300033af4896dd779b608640f2ef7a?s=96&d=mm&r=g","caption":"Diario1 Diario1"},"url":"https:\/\/diariotextual.com\/inicio\/index.php\/author\/diario1\/"}]}},"_links":{"self":[{"href":"https:\/\/diariotextual.com\/inicio\/index.php\/wp-json\/wp\/v2\/posts\/62451","targetHints":{"allow":["GET"]}}],"collection":[{"href":"https:\/\/diariotextual.com\/inicio\/index.php\/wp-json\/wp\/v2\/posts"}],"about":[{"href":"https:\/\/diariotextual.com\/inicio\/index.php\/wp-json\/wp\/v2\/types\/post"}],"author":[{"embeddable":true,"href":"https:\/\/diariotextual.com\/inicio\/index.php\/wp-json\/wp\/v2\/users\/3"}],"replies":[{"embeddable":true,"href":"https:\/\/diariotextual.com\/inicio\/index.php\/wp-json\/wp\/v2\/comments?post=62451"}],"version-history":[{"count":6,"href":"https:\/\/diariotextual.com\/inicio\/index.php\/wp-json\/wp\/v2\/posts\/62451\/revisions"}],"predecessor-version":[{"id":62457,"href":"https:\/\/diariotextual.com\/inicio\/index.php\/wp-json\/wp\/v2\/posts\/62451\/revisions\/62457"}],"wp:featuredmedia":[{"embeddable":true,"href":"https:\/\/diariotextual.com\/inicio\/index.php\/wp-json\/wp\/v2\/media\/54894"}],"wp:attachment":[{"href":"https:\/\/diariotextual.com\/inicio\/index.php\/wp-json\/wp\/v2\/media?parent=62451"}],"wp:term":[{"taxonomy":"category","embeddable":true,"href":"https:\/\/diariotextual.com\/inicio\/index.php\/wp-json\/wp\/v2\/categories?post=62451"},{"taxonomy":"post_tag","embeddable":true,"href":"https:\/\/diariotextual.com\/inicio\/index.php\/wp-json\/wp\/v2\/tags?post=62451"}],"curies":[{"name":"wp","href":"https:\/\/api.w.org\/{rel}","templated":true}]}}