{"id":62471,"date":"2019-09-12T15:55:45","date_gmt":"2019-09-12T18:55:45","guid":{"rendered":"http:\/\/diariotextual.com\/inicio\/?p=62471"},"modified":"2019-09-12T23:02:40","modified_gmt":"2019-09-13T02:02:40","slug":"homenajearon-45-docentes-la-provincia-trayectoria","status":"publish","type":"post","link":"https:\/\/diariotextual.com\/inicio\/index.php\/2019\/09\/12\/homenajearon-45-docentes-la-provincia-trayectoria\/","title":{"rendered":"Homenajearon a 45 docentes de la provincia por su trayectoria"},"content":{"rendered":"<p>El gobierno provincial distingui\u00f3 esta ma\u00f1ana a <strong>45 directores y coordinadores<\/strong>, como celebraci\u00f3n del D\u00eda del Maestro y en homenaje a la trayectoria docente. Tambi\u00e9n hubo menciones especiales.<\/p>\n<p>El acto se realiz\u00f3 en el Sal\u00f3n de Acuerdo y estuvo encabezado por la ministra de Educaci\u00f3n de la Provincia, Maria Cristina Garello, acompa\u00f1ada por el ministro de Salud, Mario Kohan; el secretario de Asuntos Municipales, Rodolfo Calvo; la subsecretaria de Educaci\u00f3n, Marcela Feuerschvenger; el subsecretario de Coordinaci\u00f3n, Juan Carlos Nogueira; el subsecretario de Educaci\u00f3n T\u00e9cnico Profesional, Gustavo Monasterolo, directores generales, coordinadores y docentes.<\/p>\n<p>El evento comenz\u00f3 con la entonaci\u00f3n del Himno Nacional Argentino, seguido por la proyecci\u00f3n de un video en homenaje a maestros y maestras de nuestra provincia.<\/p>\n<p>La ministra se mostr\u00f3 satisfecha por despedir a los docentes y, en nombre del Gobierno Provincial, agradeci\u00f3 la dedicaci\u00f3n de tantos a\u00f1os hacia las escuelas, ni\u00f1os, ni\u00f1as y j\u00f3venes.<\/p>\n<p>Luego mencion\u00f3 que el sistema educativo provincial es referencia a nivel nacional. \u201cHe tenido que transitar en estos cuatro a\u00f1os numerosas reuniones nacionales y para mi es un orgullo que, cuando participo de esas reuniones, el sistema educativo de La Pampa ocupa uno de los lugares m\u00e1s destacados\u201d, dijo Garello.<\/p>\n<p>\u201cCuando nos reunimos en el contexto de las 24 provincias, el sistema educativo pampeano es una referencia y eso no es obra ni de una gesti\u00f3n, ni de un gobierno, sino que es el trabajo y la lucha de todos los docentes pampeanos a lo largo de la historia del sistema educativo pampeano\u201d, coment\u00f3.<\/p>\n<p>&nbsp;<\/p>\n<p><img fetchpriority=\"high\" decoding=\"async\" class=\"alignnone wp-image-62473 size-full\" src=\"http:\/\/diariotextual.com\/inicio\/wp-content\/uploads\/2019\/09\/docentesreconocimiento38.jpg\" alt=\"\" width=\"1000\" height=\"667\" srcset=\"https:\/\/diariotextual.com\/inicio\/wp-content\/uploads\/2019\/09\/docentesreconocimiento38.jpg 1000w, https:\/\/diariotextual.com\/inicio\/wp-content\/uploads\/2019\/09\/docentesreconocimiento38-300x200.jpg 300w, https:\/\/diariotextual.com\/inicio\/wp-content\/uploads\/2019\/09\/docentesreconocimiento38-768x512.jpg 768w, https:\/\/diariotextual.com\/inicio\/wp-content\/uploads\/2019\/09\/docentesreconocimiento38-585x390.jpg 585w, https:\/\/diariotextual.com\/inicio\/wp-content\/uploads\/2019\/09\/docentesreconocimiento38-263x175.jpg 263w\" sizes=\"(max-width: 1000px) 100vw, 1000px\" \/><\/p>\n<p><strong>No bajar los brazos<\/strong><\/p>\n<p>Adem\u00e1s, se refiri\u00f3 a los momentos dif\u00edcil que atraviesa el pa\u00eds y llam\u00f3 a no bajar los brazos y seguir avanzando y creciendo. \u201cLa funci\u00f3n de los docentes es formar seres humanos y educar para que aprendan\u201d, expres\u00f3.<\/p>\n<p>Por \u00faltimo, les dese\u00f3 mucha felicidad a los docentes en esta nueva etapa. \u201cSiempre pido algo m\u00e1s: no se olviden de la escuela, porque la experiencia de ustedes vale mucho. No le den la espalda, vuelvan siempre que puedan\u201d, cerr\u00f3.<\/p>\n<p>&nbsp;<\/p>\n<p><img decoding=\"async\" class=\"alignnone wp-image-62474 size-full\" src=\"http:\/\/diariotextual.com\/inicio\/wp-content\/uploads\/2019\/09\/docentesreconocimiento20194.jpg\" alt=\"\" width=\"800\" height=\"534\" srcset=\"https:\/\/diariotextual.com\/inicio\/wp-content\/uploads\/2019\/09\/docentesreconocimiento20194.jpg 800w, https:\/\/diariotextual.com\/inicio\/wp-content\/uploads\/2019\/09\/docentesreconocimiento20194-300x200.jpg 300w, https:\/\/diariotextual.com\/inicio\/wp-content\/uploads\/2019\/09\/docentesreconocimiento20194-768x513.jpg 768w, https:\/\/diariotextual.com\/inicio\/wp-content\/uploads\/2019\/09\/docentesreconocimiento20194-585x390.jpg 585w, https:\/\/diariotextual.com\/inicio\/wp-content\/uploads\/2019\/09\/docentesreconocimiento20194-263x175.jpg 263w\" sizes=\"(max-width: 800px) 100vw, 800px\" \/><\/p>\n<p><strong>Reconocimiento\u00a0<\/strong><br \/>\nResultaron distinguidos y distinguidas Mar\u00eda Ang\u00e9lica Abbona, Raquel Balderrama, Anal\u00eda Susana Barbero, Alicia Beatriz Blanco, Sonia Miriam Barrios, Nidia Fernanda Boyero, Adriana Betty Cerruti, Nelida Susana Del R\u00edo, Patricia Zoraya Dezarnaud, Norma Beatriz Dovisso, Monica Beatriz Esquisatti, Mar\u00eda Graciela Ferrero, Norma Beatriz Figueroa, Dora Ana Figueroa, Andrea Myriam Forquera, Clelia Araceli Furch, Susana Beatriz Gaiara, Mar\u00eda de los \u00c1ngeles Gastaldo, Mar\u00eda Cristina Gatica Feito, Elida Susana Gette, Celia Rosa Herrera S\u00e1nchez, Luc\u00eda Azucena Kruzliak, Asucena Mar\u00eda de los \u00c1ngeles Laporte, Marta Edit Lluch, Mirta Noem\u00ed Lobos, Oscar Manuel L\u00f3pez, Mar\u00eda Juana Martinengo, Susana Edith Mart\u00ednez, Griselda Etel Mendiburu, Mario Alberto Miranda, Victor Ren\u00e9 Molina, Marta Dolly Mondino, Gustavo Marcelo Oviedo, Mar\u00eda Julia Regalado, Elena Luc\u00eda Rodr\u00edguez, Elvira Rosa Romero, Claudia Patricia Sack, Claudio Jos\u00e9 Saffeni, M\u00f3nica Iris Soncini, Mar\u00eda Teresa Stebner, M\u00f3nica Noem\u00ed Su\u00e1rez, Adriana Mar\u00eda de los \u00c1ngeles Toranzo Pescara, Anal\u00eda Vassallo, Adriana Cecilia Veralli y Alcira Noem\u00ed Villata.<\/p>\n<p><strong>Menciones especiales\u00a0<\/strong><\/p>\n<p>Stella Maris Monasterio fue nominada para recibir la distinci\u00f3n Maestra Ilustre 2019 por la provincia de La Pampa, a ser otorgado por el Ministerio de Educaci\u00f3n, Cultura, Ciencia y Tecnolog\u00eda de la Naci\u00f3n Argentina.<\/p>\n<p>Adem\u00e1s, el gobierno Provincial le otorg\u00f3 el premio Profesor Alfredo Natalio Fern\u00e1ndez a Leonardo Fabio Aicardi. Profesor para la Ense\u00f1anza Primaria, Especializado en Retardo Mental y Docente Especializado en Educaci\u00f3n de Adultos, destacando la misi\u00f3n educadora trazada como docente y Director de distintos establecimientos educativos de Nivel Primario, en la modalidad de Educaci\u00f3n de Adultos, Maestro de Grupos en la Escuela Especial y Maestro Recuperador en el Centro de Apoyo Escolar, de la localidad de Eduardo Castex, Rucanelo, Monte Nievas y Conhelo.<\/p>\n<p><img decoding=\"async\" class=\"alignnone wp-image-62475 size-full\" src=\"http:\/\/diariotextual.com\/inicio\/wp-content\/uploads\/2019\/09\/docentesreconocimientos201934.jpg\" alt=\"\" width=\"800\" height=\"566\" srcset=\"https:\/\/diariotextual.com\/inicio\/wp-content\/uploads\/2019\/09\/docentesreconocimientos201934.jpg 800w, https:\/\/diariotextual.com\/inicio\/wp-content\/uploads\/2019\/09\/docentesreconocimientos201934-300x212.jpg 300w, https:\/\/diariotextual.com\/inicio\/wp-content\/uploads\/2019\/09\/docentesreconocimientos201934-768x543.jpg 768w, https:\/\/diariotextual.com\/inicio\/wp-content\/uploads\/2019\/09\/docentesreconocimientos201934-585x414.jpg 585w\" sizes=\"(max-width: 800px) 100vw, 800px\" \/><\/p>\n<p><img loading=\"lazy\" decoding=\"async\" class=\"alignnone wp-image-62472 size-full\" src=\"http:\/\/diariotextual.com\/inicio\/wp-content\/uploads\/2019\/09\/docentes4reconocimientos0.jpg\" alt=\"\" width=\"800\" height=\"564\" srcset=\"https:\/\/diariotextual.com\/inicio\/wp-content\/uploads\/2019\/09\/docentes4reconocimientos0.jpg 800w, https:\/\/diariotextual.com\/inicio\/wp-content\/uploads\/2019\/09\/docentes4reconocimientos0-300x212.jpg 300w, https:\/\/diariotextual.com\/inicio\/wp-content\/uploads\/2019\/09\/docentes4reconocimientos0-768x541.jpg 768w, https:\/\/diariotextual.com\/inicio\/wp-content\/uploads\/2019\/09\/docentes4reconocimientos0-585x412.jpg 585w\" sizes=\"(max-width: 800px) 100vw, 800px\" \/><\/p>\n","protected":false},"excerpt":{"rendered":"<p>El gobierno provincial distingui\u00f3 esta ma\u00f1ana a 45 directores y coordinadores, como celebraci\u00f3n del D\u00eda del Maestro y en homenaje a la trayectoria docente. Tambi\u00e9n hubo menciones especiales. El acto&hellip;<\/p>\n","protected":false},"author":4,"featured_media":62476,"comment_status":"closed","ping_status":"open","sticky":false,"template":"","format":"standard","meta":{"_acf_changed":false,"footnotes":""},"categories":[11,319,12],"tags":[],"class_list":["post-62471","post","type-post","status-publish","format-standard","has-post-thumbnail","hentry","category-que-pasa","category-a-temporales","category-sociedad"],"acf":[],"yoast_head":"<!-- This site is optimized with the Yoast SEO plugin v27.5 - https:\/\/yoast.com\/product\/yoast-seo-wordpress\/ -->\n<title>Homenajearon a 45 docentes de la provincia por su trayectoria - Diario Textual<\/title>\n<meta name=\"robots\" content=\"index, follow, max-snippet:-1, max-image-preview:large, max-video-preview:-1\" \/>\n<link rel=\"canonical\" href=\"https:\/\/diariotextual.com\/inicio\/index.php\/2019\/09\/12\/homenajearon-45-docentes-la-provincia-trayectoria\/\" \/>\n<meta property=\"og:locale\" content=\"es_ES\" \/>\n<meta property=\"og:type\" content=\"article\" \/>\n<meta property=\"og:title\" content=\"Homenajearon a 45 docentes de la provincia por su trayectoria - Diario Textual\" \/>\n<meta property=\"og:description\" content=\"El gobierno provincial distingui\u00f3 esta ma\u00f1ana a 45 directores y coordinadores, como celebraci\u00f3n del D\u00eda del Maestro y en homenaje a la trayectoria docente. Tambi\u00e9n hubo menciones especiales. El acto&hellip;\" \/>\n<meta property=\"og:url\" content=\"https:\/\/diariotextual.com\/inicio\/index.php\/2019\/09\/12\/homenajearon-45-docentes-la-provincia-trayectoria\/\" \/>\n<meta property=\"og:site_name\" content=\"Diario Textual\" \/>\n<meta property=\"article:publisher\" content=\"https:\/\/www.facebook.com\/eltextual\" \/>\n<meta property=\"article:published_time\" content=\"2019-09-12T18:55:45+00:00\" \/>\n<meta property=\"article:modified_time\" content=\"2019-09-13T02:02:40+00:00\" \/>\n<meta property=\"og:image\" content=\"https:\/\/diariotextual.com\/inicio\/wp-content\/uploads\/2019\/09\/docentedoritafigueroagarello12.jpg\" \/>\n\t<meta property=\"og:image:width\" content=\"800\" \/>\n\t<meta property=\"og:image:height\" content=\"481\" \/>\n\t<meta property=\"og:image:type\" content=\"image\/jpeg\" \/>\n<meta name=\"author\" content=\"diario2\" \/>\n<meta name=\"twitter:card\" content=\"summary_large_image\" \/>\n<meta name=\"twitter:creator\" content=\"@eltextual\" \/>\n<meta name=\"twitter:site\" content=\"@eltextual\" \/>\n<meta name=\"twitter:label1\" content=\"Escrito por\" \/>\n\t<meta name=\"twitter:data1\" content=\"diario2\" \/>\n\t<meta name=\"twitter:label2\" content=\"Tiempo de lectura\" \/>\n\t<meta name=\"twitter:data2\" content=\"3 minutos\" \/>\n<script type=\"application\/ld+json\" class=\"yoast-schema-graph\">{\"@context\":\"https:\\\/\\\/schema.org\",\"@graph\":[{\"@type\":\"Article\",\"@id\":\"https:\\\/\\\/diariotextual.com\\\/inicio\\\/index.php\\\/2019\\\/09\\\/12\\\/homenajearon-45-docentes-la-provincia-trayectoria\\\/#article\",\"isPartOf\":{\"@id\":\"https:\\\/\\\/diariotextual.com\\\/inicio\\\/index.php\\\/2019\\\/09\\\/12\\\/homenajearon-45-docentes-la-provincia-trayectoria\\\/\"},\"author\":{\"name\":\"diario2\",\"@id\":\"https:\\\/\\\/diariotextual.com\\\/inicio\\\/#\\\/schema\\\/person\\\/694f60677f23c4a530867a98f22b3768\"},\"headline\":\"Homenajearon a 45 docentes de la provincia por su trayectoria\",\"datePublished\":\"2019-09-12T18:55:45+00:00\",\"dateModified\":\"2019-09-13T02:02:40+00:00\",\"mainEntityOfPage\":{\"@id\":\"https:\\\/\\\/diariotextual.com\\\/inicio\\\/index.php\\\/2019\\\/09\\\/12\\\/homenajearon-45-docentes-la-provincia-trayectoria\\\/\"},\"wordCount\":668,\"publisher\":{\"@id\":\"https:\\\/\\\/diariotextual.com\\\/inicio\\\/#organization\"},\"image\":{\"@id\":\"https:\\\/\\\/diariotextual.com\\\/inicio\\\/index.php\\\/2019\\\/09\\\/12\\\/homenajearon-45-docentes-la-provincia-trayectoria\\\/#primaryimage\"},\"thumbnailUrl\":\"https:\\\/\\\/diariotextual.com\\\/inicio\\\/wp-content\\\/uploads\\\/2019\\\/09\\\/docentedoritafigueroagarello12.jpg\",\"articleSection\":[\"A - QUE PASA (al costado)\",\"A - TEMPORALES\",\"SOCIEDAD\"],\"inLanguage\":\"es\"},{\"@type\":\"WebPage\",\"@id\":\"https:\\\/\\\/diariotextual.com\\\/inicio\\\/index.php\\\/2019\\\/09\\\/12\\\/homenajearon-45-docentes-la-provincia-trayectoria\\\/\",\"url\":\"https:\\\/\\\/diariotextual.com\\\/inicio\\\/index.php\\\/2019\\\/09\\\/12\\\/homenajearon-45-docentes-la-provincia-trayectoria\\\/\",\"name\":\"Homenajearon a 45 docentes de la provincia por su trayectoria - Diario Textual\",\"isPartOf\":{\"@id\":\"https:\\\/\\\/diariotextual.com\\\/inicio\\\/#website\"},\"primaryImageOfPage\":{\"@id\":\"https:\\\/\\\/diariotextual.com\\\/inicio\\\/index.php\\\/2019\\\/09\\\/12\\\/homenajearon-45-docentes-la-provincia-trayectoria\\\/#primaryimage\"},\"image\":{\"@id\":\"https:\\\/\\\/diariotextual.com\\\/inicio\\\/index.php\\\/2019\\\/09\\\/12\\\/homenajearon-45-docentes-la-provincia-trayectoria\\\/#primaryimage\"},\"thumbnailUrl\":\"https:\\\/\\\/diariotextual.com\\\/inicio\\\/wp-content\\\/uploads\\\/2019\\\/09\\\/docentedoritafigueroagarello12.jpg\",\"datePublished\":\"2019-09-12T18:55:45+00:00\",\"dateModified\":\"2019-09-13T02:02:40+00:00\",\"breadcrumb\":{\"@id\":\"https:\\\/\\\/diariotextual.com\\\/inicio\\\/index.php\\\/2019\\\/09\\\/12\\\/homenajearon-45-docentes-la-provincia-trayectoria\\\/#breadcrumb\"},\"inLanguage\":\"es\",\"potentialAction\":[{\"@type\":\"ReadAction\",\"target\":[\"https:\\\/\\\/diariotextual.com\\\/inicio\\\/index.php\\\/2019\\\/09\\\/12\\\/homenajearon-45-docentes-la-provincia-trayectoria\\\/\"]}]},{\"@type\":\"ImageObject\",\"inLanguage\":\"es\",\"@id\":\"https:\\\/\\\/diariotextual.com\\\/inicio\\\/index.php\\\/2019\\\/09\\\/12\\\/homenajearon-45-docentes-la-provincia-trayectoria\\\/#primaryimage\",\"url\":\"https:\\\/\\\/diariotextual.com\\\/inicio\\\/wp-content\\\/uploads\\\/2019\\\/09\\\/docentedoritafigueroagarello12.jpg\",\"contentUrl\":\"https:\\\/\\\/diariotextual.com\\\/inicio\\\/wp-content\\\/uploads\\\/2019\\\/09\\\/docentedoritafigueroagarello12.jpg\",\"width\":800,\"height\":481,\"caption\":\"????????????????????????????????????\"},{\"@type\":\"BreadcrumbList\",\"@id\":\"https:\\\/\\\/diariotextual.com\\\/inicio\\\/index.php\\\/2019\\\/09\\\/12\\\/homenajearon-45-docentes-la-provincia-trayectoria\\\/#breadcrumb\",\"itemListElement\":[{\"@type\":\"ListItem\",\"position\":1,\"name\":\"Portada\",\"item\":\"https:\\\/\\\/diariotextual.com\\\/inicio\\\/\"},{\"@type\":\"ListItem\",\"position\":2,\"name\":\"Homenajearon a 45 docentes de la provincia por su trayectoria\"}]},{\"@type\":\"WebSite\",\"@id\":\"https:\\\/\\\/diariotextual.com\\\/inicio\\\/#website\",\"url\":\"https:\\\/\\\/diariotextual.com\\\/inicio\\\/\",\"name\":\"Diario Textual\",\"description\":\"\",\"publisher\":{\"@id\":\"https:\\\/\\\/diariotextual.com\\\/inicio\\\/#organization\"},\"potentialAction\":[{\"@type\":\"SearchAction\",\"target\":{\"@type\":\"EntryPoint\",\"urlTemplate\":\"https:\\\/\\\/diariotextual.com\\\/inicio\\\/?s={search_term_string}\"},\"query-input\":{\"@type\":\"PropertyValueSpecification\",\"valueRequired\":true,\"valueName\":\"search_term_string\"}}],\"inLanguage\":\"es\"},{\"@type\":\"Organization\",\"@id\":\"https:\\\/\\\/diariotextual.com\\\/inicio\\\/#organization\",\"name\":\"Diario Textual\",\"url\":\"https:\\\/\\\/diariotextual.com\\\/inicio\\\/\",\"logo\":{\"@type\":\"ImageObject\",\"inLanguage\":\"es\",\"@id\":\"https:\\\/\\\/diariotextual.com\\\/inicio\\\/#\\\/schema\\\/logo\\\/image\\\/\",\"url\":\"https:\\\/\\\/diariotextual.com\\\/inicio\\\/wp-content\\\/uploads\\\/2023\\\/05\\\/logotextual1.jpg\",\"contentUrl\":\"https:\\\/\\\/diariotextual.com\\\/inicio\\\/wp-content\\\/uploads\\\/2023\\\/05\\\/logotextual1.jpg\",\"width\":516,\"height\":76,\"caption\":\"Diario Textual\"},\"image\":{\"@id\":\"https:\\\/\\\/diariotextual.com\\\/inicio\\\/#\\\/schema\\\/logo\\\/image\\\/\"},\"sameAs\":[\"https:\\\/\\\/www.facebook.com\\\/eltextual\",\"https:\\\/\\\/x.com\\\/eltextual\",\"http:\\\/\\\/www.instagram.com\\\/eltextual\"]},{\"@type\":\"Person\",\"@id\":\"https:\\\/\\\/diariotextual.com\\\/inicio\\\/#\\\/schema\\\/person\\\/694f60677f23c4a530867a98f22b3768\",\"name\":\"diario2\",\"image\":{\"@type\":\"ImageObject\",\"inLanguage\":\"es\",\"@id\":\"https:\\\/\\\/secure.gravatar.com\\\/avatar\\\/5a2567495ba16b852fcd8f1ed006a2e24fcace936018ed8237e95f488ad6e0a7?s=96&d=mm&r=g\",\"url\":\"https:\\\/\\\/secure.gravatar.com\\\/avatar\\\/5a2567495ba16b852fcd8f1ed006a2e24fcace936018ed8237e95f488ad6e0a7?s=96&d=mm&r=g\",\"contentUrl\":\"https:\\\/\\\/secure.gravatar.com\\\/avatar\\\/5a2567495ba16b852fcd8f1ed006a2e24fcace936018ed8237e95f488ad6e0a7?s=96&d=mm&r=g\",\"caption\":\"diario2\"},\"url\":\"https:\\\/\\\/diariotextual.com\\\/inicio\\\/index.php\\\/author\\\/diario2\\\/\"}]}<\/script>\n<!-- \/ Yoast SEO plugin. -->","yoast_head_json":{"title":"Homenajearon a 45 docentes de la provincia por su trayectoria - Diario Textual","robots":{"index":"index","follow":"follow","max-snippet":"max-snippet:-1","max-image-preview":"max-image-preview:large","max-video-preview":"max-video-preview:-1"},"canonical":"https:\/\/diariotextual.com\/inicio\/index.php\/2019\/09\/12\/homenajearon-45-docentes-la-provincia-trayectoria\/","og_locale":"es_ES","og_type":"article","og_title":"Homenajearon a 45 docentes de la provincia por su trayectoria - Diario Textual","og_description":"El gobierno provincial distingui\u00f3 esta ma\u00f1ana a 45 directores y coordinadores, como celebraci\u00f3n del D\u00eda del Maestro y en homenaje a la trayectoria docente. Tambi\u00e9n hubo menciones especiales. El acto&hellip;","og_url":"https:\/\/diariotextual.com\/inicio\/index.php\/2019\/09\/12\/homenajearon-45-docentes-la-provincia-trayectoria\/","og_site_name":"Diario Textual","article_publisher":"https:\/\/www.facebook.com\/eltextual","article_published_time":"2019-09-12T18:55:45+00:00","article_modified_time":"2019-09-13T02:02:40+00:00","og_image":[{"width":800,"height":481,"url":"https:\/\/diariotextual.com\/inicio\/wp-content\/uploads\/2019\/09\/docentedoritafigueroagarello12.jpg","type":"image\/jpeg"}],"author":"diario2","twitter_card":"summary_large_image","twitter_creator":"@eltextual","twitter_site":"@eltextual","twitter_misc":{"Escrito por":"diario2","Tiempo de lectura":"3 minutos"},"schema":{"@context":"https:\/\/schema.org","@graph":[{"@type":"Article","@id":"https:\/\/diariotextual.com\/inicio\/index.php\/2019\/09\/12\/homenajearon-45-docentes-la-provincia-trayectoria\/#article","isPartOf":{"@id":"https:\/\/diariotextual.com\/inicio\/index.php\/2019\/09\/12\/homenajearon-45-docentes-la-provincia-trayectoria\/"},"author":{"name":"diario2","@id":"https:\/\/diariotextual.com\/inicio\/#\/schema\/person\/694f60677f23c4a530867a98f22b3768"},"headline":"Homenajearon a 45 docentes de la provincia por su trayectoria","datePublished":"2019-09-12T18:55:45+00:00","dateModified":"2019-09-13T02:02:40+00:00","mainEntityOfPage":{"@id":"https:\/\/diariotextual.com\/inicio\/index.php\/2019\/09\/12\/homenajearon-45-docentes-la-provincia-trayectoria\/"},"wordCount":668,"publisher":{"@id":"https:\/\/diariotextual.com\/inicio\/#organization"},"image":{"@id":"https:\/\/diariotextual.com\/inicio\/index.php\/2019\/09\/12\/homenajearon-45-docentes-la-provincia-trayectoria\/#primaryimage"},"thumbnailUrl":"https:\/\/diariotextual.com\/inicio\/wp-content\/uploads\/2019\/09\/docentedoritafigueroagarello12.jpg","articleSection":["A - QUE PASA (al costado)","A - TEMPORALES","SOCIEDAD"],"inLanguage":"es"},{"@type":"WebPage","@id":"https:\/\/diariotextual.com\/inicio\/index.php\/2019\/09\/12\/homenajearon-45-docentes-la-provincia-trayectoria\/","url":"https:\/\/diariotextual.com\/inicio\/index.php\/2019\/09\/12\/homenajearon-45-docentes-la-provincia-trayectoria\/","name":"Homenajearon a 45 docentes de la provincia por su trayectoria - Diario Textual","isPartOf":{"@id":"https:\/\/diariotextual.com\/inicio\/#website"},"primaryImageOfPage":{"@id":"https:\/\/diariotextual.com\/inicio\/index.php\/2019\/09\/12\/homenajearon-45-docentes-la-provincia-trayectoria\/#primaryimage"},"image":{"@id":"https:\/\/diariotextual.com\/inicio\/index.php\/2019\/09\/12\/homenajearon-45-docentes-la-provincia-trayectoria\/#primaryimage"},"thumbnailUrl":"https:\/\/diariotextual.com\/inicio\/wp-content\/uploads\/2019\/09\/docentedoritafigueroagarello12.jpg","datePublished":"2019-09-12T18:55:45+00:00","dateModified":"2019-09-13T02:02:40+00:00","breadcrumb":{"@id":"https:\/\/diariotextual.com\/inicio\/index.php\/2019\/09\/12\/homenajearon-45-docentes-la-provincia-trayectoria\/#breadcrumb"},"inLanguage":"es","potentialAction":[{"@type":"ReadAction","target":["https:\/\/diariotextual.com\/inicio\/index.php\/2019\/09\/12\/homenajearon-45-docentes-la-provincia-trayectoria\/"]}]},{"@type":"ImageObject","inLanguage":"es","@id":"https:\/\/diariotextual.com\/inicio\/index.php\/2019\/09\/12\/homenajearon-45-docentes-la-provincia-trayectoria\/#primaryimage","url":"https:\/\/diariotextual.com\/inicio\/wp-content\/uploads\/2019\/09\/docentedoritafigueroagarello12.jpg","contentUrl":"https:\/\/diariotextual.com\/inicio\/wp-content\/uploads\/2019\/09\/docentedoritafigueroagarello12.jpg","width":800,"height":481,"caption":"????????????????????????????????????"},{"@type":"BreadcrumbList","@id":"https:\/\/diariotextual.com\/inicio\/index.php\/2019\/09\/12\/homenajearon-45-docentes-la-provincia-trayectoria\/#breadcrumb","itemListElement":[{"@type":"ListItem","position":1,"name":"Portada","item":"https:\/\/diariotextual.com\/inicio\/"},{"@type":"ListItem","position":2,"name":"Homenajearon a 45 docentes de la provincia por su trayectoria"}]},{"@type":"WebSite","@id":"https:\/\/diariotextual.com\/inicio\/#website","url":"https:\/\/diariotextual.com\/inicio\/","name":"Diario Textual","description":"","publisher":{"@id":"https:\/\/diariotextual.com\/inicio\/#organization"},"potentialAction":[{"@type":"SearchAction","target":{"@type":"EntryPoint","urlTemplate":"https:\/\/diariotextual.com\/inicio\/?s={search_term_string}"},"query-input":{"@type":"PropertyValueSpecification","valueRequired":true,"valueName":"search_term_string"}}],"inLanguage":"es"},{"@type":"Organization","@id":"https:\/\/diariotextual.com\/inicio\/#organization","name":"Diario Textual","url":"https:\/\/diariotextual.com\/inicio\/","logo":{"@type":"ImageObject","inLanguage":"es","@id":"https:\/\/diariotextual.com\/inicio\/#\/schema\/logo\/image\/","url":"https:\/\/diariotextual.com\/inicio\/wp-content\/uploads\/2023\/05\/logotextual1.jpg","contentUrl":"https:\/\/diariotextual.com\/inicio\/wp-content\/uploads\/2023\/05\/logotextual1.jpg","width":516,"height":76,"caption":"Diario Textual"},"image":{"@id":"https:\/\/diariotextual.com\/inicio\/#\/schema\/logo\/image\/"},"sameAs":["https:\/\/www.facebook.com\/eltextual","https:\/\/x.com\/eltextual","http:\/\/www.instagram.com\/eltextual"]},{"@type":"Person","@id":"https:\/\/diariotextual.com\/inicio\/#\/schema\/person\/694f60677f23c4a530867a98f22b3768","name":"diario2","image":{"@type":"ImageObject","inLanguage":"es","@id":"https:\/\/secure.gravatar.com\/avatar\/5a2567495ba16b852fcd8f1ed006a2e24fcace936018ed8237e95f488ad6e0a7?s=96&d=mm&r=g","url":"https:\/\/secure.gravatar.com\/avatar\/5a2567495ba16b852fcd8f1ed006a2e24fcace936018ed8237e95f488ad6e0a7?s=96&d=mm&r=g","contentUrl":"https:\/\/secure.gravatar.com\/avatar\/5a2567495ba16b852fcd8f1ed006a2e24fcace936018ed8237e95f488ad6e0a7?s=96&d=mm&r=g","caption":"diario2"},"url":"https:\/\/diariotextual.com\/inicio\/index.php\/author\/diario2\/"}]}},"_links":{"self":[{"href":"https:\/\/diariotextual.com\/inicio\/index.php\/wp-json\/wp\/v2\/posts\/62471","targetHints":{"allow":["GET"]}}],"collection":[{"href":"https:\/\/diariotextual.com\/inicio\/index.php\/wp-json\/wp\/v2\/posts"}],"about":[{"href":"https:\/\/diariotextual.com\/inicio\/index.php\/wp-json\/wp\/v2\/types\/post"}],"author":[{"embeddable":true,"href":"https:\/\/diariotextual.com\/inicio\/index.php\/wp-json\/wp\/v2\/users\/4"}],"replies":[{"embeddable":true,"href":"https:\/\/diariotextual.com\/inicio\/index.php\/wp-json\/wp\/v2\/comments?post=62471"}],"version-history":[{"count":1,"href":"https:\/\/diariotextual.com\/inicio\/index.php\/wp-json\/wp\/v2\/posts\/62471\/revisions"}],"predecessor-version":[{"id":62477,"href":"https:\/\/diariotextual.com\/inicio\/index.php\/wp-json\/wp\/v2\/posts\/62471\/revisions\/62477"}],"wp:featuredmedia":[{"embeddable":true,"href":"https:\/\/diariotextual.com\/inicio\/index.php\/wp-json\/wp\/v2\/media\/62476"}],"wp:attachment":[{"href":"https:\/\/diariotextual.com\/inicio\/index.php\/wp-json\/wp\/v2\/media?parent=62471"}],"wp:term":[{"taxonomy":"category","embeddable":true,"href":"https:\/\/diariotextual.com\/inicio\/index.php\/wp-json\/wp\/v2\/categories?post=62471"},{"taxonomy":"post_tag","embeddable":true,"href":"https:\/\/diariotextual.com\/inicio\/index.php\/wp-json\/wp\/v2\/tags?post=62471"}],"curies":[{"name":"wp","href":"https:\/\/api.w.org\/{rel}","templated":true}]}}