{"id":62481,"date":"2019-09-12T17:06:48","date_gmt":"2019-09-12T20:06:48","guid":{"rendered":"http:\/\/diariotextual.com\/inicio\/?p=62481"},"modified":"2019-09-12T18:34:16","modified_gmt":"2019-09-12T21:34:16","slug":"indec-la-inflacion-agosto-fue-del-4-tras-la-fuerte-devaluacion-post-paso","status":"publish","type":"post","link":"https:\/\/diariotextual.com\/inicio\/index.php\/2019\/09\/12\/indec-la-inflacion-agosto-fue-del-4-tras-la-fuerte-devaluacion-post-paso\/","title":{"rendered":"Indec: la inflaci\u00f3n en agosto fue del 4% tras la fuerte devaluaci\u00f3n post PASO"},"content":{"rendered":"<p>La inflaci\u00f3n se<strong> dispar\u00f3 al 4% en agosto tras la fuerte devaluaci\u00f3n del peso post PASO, con un incremento de 4,5% en el rubro \u00abAlimentos y Bebidas\u00bb<\/strong>, seg\u00fan inform\u00f3 este jueves el Instituto Nacional de Estad\u00edstica y Censos (Indec).<\/p>\n<p><!--more--><\/p>\n<p>De esta manera, <strong>el IPC acumul\u00f3 en los primeros ocho meses del a\u00f1o un 30% (el Poder Ejecutivo proyectaba 23% para todo 2019), mientras que en los \u00faltimos 12 meses alcanz\u00f3 el 54,5%<\/strong>.<\/p>\n<p>La inflaci\u00f3n ven\u00eda desaceler\u00e1ndose en los \u00faltimos meses: hab\u00eda marcado 2,2% en julio, la marca m\u00e1s baja del a\u00f1o.<\/p>\n<p>Economistas de diferentes escuelas hab\u00eda estimado una <strong>inflaci\u00f3n por encima del 4%, especialmente por los aumentos en alimentos y bebidas de la segunda quincena del mes.<\/strong><\/p>\n<p>\u201cLa inflaci\u00f3n de agosto, que promediar\u00e1 el 4,2%, fue muy alta si tenemos en cuenta que casi todo ese aumento se concentr\u00f3 en la segunda quincena del mes y especialmente en alimentos y bebidas\u201d, dijo a T\u00e9lam la economista Victoria Giarrizo, de la consultora Elypsis.<\/p>\n<p>&nbsp;<\/p>\n<p><strong>Desaceleraci\u00f3n<\/strong><\/p>\n<p>La decisi\u00f3n del <strong>Gobierno Nacional de eliminar el IVA en determinados productos de consumo masivo desaceler\u00f3 la suba de precios durante la segunda quincena de agosto<\/strong>, respecto a los incrementos registrados en otros art\u00edculos en ese mismo per\u00edodo, de acuerdo con un relevamiento de la consultora Ecolatina.<\/p>\n<p>\u201c<strong>La medida se tom\u00f3 en una quincena en la que el tipo de cambio aument\u00f3 m\u00e1s de 20%, por lo que la reducci\u00f3n de precios nominales implic\u00f3 una importante reducci\u00f3n del precio relativo<\/strong> de estos productos\u201d, expres\u00f3 el \u00faltimo domingo la consultora.<\/p>\n<p>En ese sentido, dijo: \u201cPodemos considerar que la medida fue exitosa en su objetivo de compensar parcialmente la degradaci\u00f3n de ingresos reales que sufri\u00f3 buena parte de la poblaci\u00f3n\u201d.<\/p>\n","protected":false},"excerpt":{"rendered":"<p>La inflaci\u00f3n se dispar\u00f3 al 4% en agosto tras la fuerte devaluaci\u00f3n del peso post PASO, con un incremento de 4,5% en el rubro \u00abAlimentos y Bebidas\u00bb, seg\u00fan inform\u00f3 este&hellip;<\/p>\n","protected":false},"author":5,"featured_media":62482,"comment_status":"closed","ping_status":"open","sticky":false,"template":"","format":"standard","meta":{"_acf_changed":false,"footnotes":""},"categories":[10,5],"tags":[],"class_list":["post-62481","post","type-post","status-publish","format-standard","has-post-thumbnail","hentry","category-portada-2","category-economia"],"acf":[],"yoast_head":"<!-- This site is optimized with the Yoast SEO plugin v27.5 - https:\/\/yoast.com\/product\/yoast-seo-wordpress\/ -->\n<title>Indec: la inflaci\u00f3n en agosto fue del 4% tras la fuerte devaluaci\u00f3n post PASO - Diario Textual<\/title>\n<meta name=\"robots\" content=\"index, follow, max-snippet:-1, max-image-preview:large, max-video-preview:-1\" \/>\n<link rel=\"canonical\" href=\"https:\/\/diariotextual.com\/inicio\/index.php\/2019\/09\/12\/indec-la-inflacion-agosto-fue-del-4-tras-la-fuerte-devaluacion-post-paso\/\" \/>\n<meta property=\"og:locale\" content=\"es_ES\" \/>\n<meta property=\"og:type\" content=\"article\" \/>\n<meta property=\"og:title\" content=\"Indec: la inflaci\u00f3n en agosto fue del 4% tras la fuerte devaluaci\u00f3n post PASO - Diario Textual\" \/>\n<meta property=\"og:description\" content=\"La inflaci\u00f3n se dispar\u00f3 al 4% en agosto tras la fuerte devaluaci\u00f3n del peso post PASO, con un incremento de 4,5% en el rubro \u00abAlimentos y Bebidas\u00bb, seg\u00fan inform\u00f3 este&hellip;\" \/>\n<meta property=\"og:url\" content=\"https:\/\/diariotextual.com\/inicio\/index.php\/2019\/09\/12\/indec-la-inflacion-agosto-fue-del-4-tras-la-fuerte-devaluacion-post-paso\/\" \/>\n<meta property=\"og:site_name\" content=\"Diario Textual\" \/>\n<meta property=\"article:publisher\" content=\"https:\/\/www.facebook.com\/eltextual\" \/>\n<meta property=\"article:published_time\" content=\"2019-09-12T20:06:48+00:00\" \/>\n<meta property=\"article:modified_time\" content=\"2019-09-12T21:34:16+00:00\" \/>\n<meta property=\"og:image\" content=\"https:\/\/diariotextual.com\/inicio\/wp-content\/uploads\/2019\/09\/bebidasinflacion.jpg\" \/>\n\t<meta property=\"og:image:width\" content=\"700\" \/>\n\t<meta property=\"og:image:height\" content=\"393\" \/>\n\t<meta property=\"og:image:type\" content=\"image\/jpeg\" \/>\n<meta name=\"author\" content=\"diario3\" \/>\n<meta name=\"twitter:card\" content=\"summary_large_image\" \/>\n<meta name=\"twitter:creator\" content=\"@eltextual\" \/>\n<meta name=\"twitter:site\" content=\"@eltextual\" \/>\n<meta name=\"twitter:label1\" content=\"Escrito por\" \/>\n\t<meta name=\"twitter:data1\" content=\"diario3\" \/>\n\t<meta name=\"twitter:label2\" content=\"Tiempo de lectura\" \/>\n\t<meta name=\"twitter:data2\" content=\"1 minuto\" \/>\n<script type=\"application\/ld+json\" class=\"yoast-schema-graph\">{\"@context\":\"https:\\\/\\\/schema.org\",\"@graph\":[{\"@type\":\"Article\",\"@id\":\"https:\\\/\\\/diariotextual.com\\\/inicio\\\/index.php\\\/2019\\\/09\\\/12\\\/indec-la-inflacion-agosto-fue-del-4-tras-la-fuerte-devaluacion-post-paso\\\/#article\",\"isPartOf\":{\"@id\":\"https:\\\/\\\/diariotextual.com\\\/inicio\\\/index.php\\\/2019\\\/09\\\/12\\\/indec-la-inflacion-agosto-fue-del-4-tras-la-fuerte-devaluacion-post-paso\\\/\"},\"author\":{\"name\":\"diario3\",\"@id\":\"https:\\\/\\\/diariotextual.com\\\/inicio\\\/#\\\/schema\\\/person\\\/a1b6f563e0ee944c60f98119389a4d9f\"},\"headline\":\"Indec: la inflaci\u00f3n en agosto fue del 4% tras la fuerte devaluaci\u00f3n post PASO\",\"datePublished\":\"2019-09-12T20:06:48+00:00\",\"dateModified\":\"2019-09-12T21:34:16+00:00\",\"mainEntityOfPage\":{\"@id\":\"https:\\\/\\\/diariotextual.com\\\/inicio\\\/index.php\\\/2019\\\/09\\\/12\\\/indec-la-inflacion-agosto-fue-del-4-tras-la-fuerte-devaluacion-post-paso\\\/\"},\"wordCount\":310,\"publisher\":{\"@id\":\"https:\\\/\\\/diariotextual.com\\\/inicio\\\/#organization\"},\"image\":{\"@id\":\"https:\\\/\\\/diariotextual.com\\\/inicio\\\/index.php\\\/2019\\\/09\\\/12\\\/indec-la-inflacion-agosto-fue-del-4-tras-la-fuerte-devaluacion-post-paso\\\/#primaryimage\"},\"thumbnailUrl\":\"https:\\\/\\\/diariotextual.com\\\/inicio\\\/wp-content\\\/uploads\\\/2019\\\/09\\\/bebidasinflacion.jpg\",\"articleSection\":[\"A - PORTADA2\",\"ECONOMIA\"],\"inLanguage\":\"es\"},{\"@type\":\"WebPage\",\"@id\":\"https:\\\/\\\/diariotextual.com\\\/inicio\\\/index.php\\\/2019\\\/09\\\/12\\\/indec-la-inflacion-agosto-fue-del-4-tras-la-fuerte-devaluacion-post-paso\\\/\",\"url\":\"https:\\\/\\\/diariotextual.com\\\/inicio\\\/index.php\\\/2019\\\/09\\\/12\\\/indec-la-inflacion-agosto-fue-del-4-tras-la-fuerte-devaluacion-post-paso\\\/\",\"name\":\"Indec: la inflaci\u00f3n en agosto fue del 4% tras la fuerte devaluaci\u00f3n post PASO - Diario Textual\",\"isPartOf\":{\"@id\":\"https:\\\/\\\/diariotextual.com\\\/inicio\\\/#website\"},\"primaryImageOfPage\":{\"@id\":\"https:\\\/\\\/diariotextual.com\\\/inicio\\\/index.php\\\/2019\\\/09\\\/12\\\/indec-la-inflacion-agosto-fue-del-4-tras-la-fuerte-devaluacion-post-paso\\\/#primaryimage\"},\"image\":{\"@id\":\"https:\\\/\\\/diariotextual.com\\\/inicio\\\/index.php\\\/2019\\\/09\\\/12\\\/indec-la-inflacion-agosto-fue-del-4-tras-la-fuerte-devaluacion-post-paso\\\/#primaryimage\"},\"thumbnailUrl\":\"https:\\\/\\\/diariotextual.com\\\/inicio\\\/wp-content\\\/uploads\\\/2019\\\/09\\\/bebidasinflacion.jpg\",\"datePublished\":\"2019-09-12T20:06:48+00:00\",\"dateModified\":\"2019-09-12T21:34:16+00:00\",\"breadcrumb\":{\"@id\":\"https:\\\/\\\/diariotextual.com\\\/inicio\\\/index.php\\\/2019\\\/09\\\/12\\\/indec-la-inflacion-agosto-fue-del-4-tras-la-fuerte-devaluacion-post-paso\\\/#breadcrumb\"},\"inLanguage\":\"es\",\"potentialAction\":[{\"@type\":\"ReadAction\",\"target\":[\"https:\\\/\\\/diariotextual.com\\\/inicio\\\/index.php\\\/2019\\\/09\\\/12\\\/indec-la-inflacion-agosto-fue-del-4-tras-la-fuerte-devaluacion-post-paso\\\/\"]}]},{\"@type\":\"ImageObject\",\"inLanguage\":\"es\",\"@id\":\"https:\\\/\\\/diariotextual.com\\\/inicio\\\/index.php\\\/2019\\\/09\\\/12\\\/indec-la-inflacion-agosto-fue-del-4-tras-la-fuerte-devaluacion-post-paso\\\/#primaryimage\",\"url\":\"https:\\\/\\\/diariotextual.com\\\/inicio\\\/wp-content\\\/uploads\\\/2019\\\/09\\\/bebidasinflacion.jpg\",\"contentUrl\":\"https:\\\/\\\/diariotextual.com\\\/inicio\\\/wp-content\\\/uploads\\\/2019\\\/09\\\/bebidasinflacion.jpg\",\"width\":700,\"height\":393},{\"@type\":\"BreadcrumbList\",\"@id\":\"https:\\\/\\\/diariotextual.com\\\/inicio\\\/index.php\\\/2019\\\/09\\\/12\\\/indec-la-inflacion-agosto-fue-del-4-tras-la-fuerte-devaluacion-post-paso\\\/#breadcrumb\",\"itemListElement\":[{\"@type\":\"ListItem\",\"position\":1,\"name\":\"Portada\",\"item\":\"https:\\\/\\\/diariotextual.com\\\/inicio\\\/\"},{\"@type\":\"ListItem\",\"position\":2,\"name\":\"Indec: la inflaci\u00f3n en agosto fue del 4% tras la fuerte devaluaci\u00f3n post PASO\"}]},{\"@type\":\"WebSite\",\"@id\":\"https:\\\/\\\/diariotextual.com\\\/inicio\\\/#website\",\"url\":\"https:\\\/\\\/diariotextual.com\\\/inicio\\\/\",\"name\":\"Diario Textual\",\"description\":\"\",\"publisher\":{\"@id\":\"https:\\\/\\\/diariotextual.com\\\/inicio\\\/#organization\"},\"potentialAction\":[{\"@type\":\"SearchAction\",\"target\":{\"@type\":\"EntryPoint\",\"urlTemplate\":\"https:\\\/\\\/diariotextual.com\\\/inicio\\\/?s={search_term_string}\"},\"query-input\":{\"@type\":\"PropertyValueSpecification\",\"valueRequired\":true,\"valueName\":\"search_term_string\"}}],\"inLanguage\":\"es\"},{\"@type\":\"Organization\",\"@id\":\"https:\\\/\\\/diariotextual.com\\\/inicio\\\/#organization\",\"name\":\"Diario Textual\",\"url\":\"https:\\\/\\\/diariotextual.com\\\/inicio\\\/\",\"logo\":{\"@type\":\"ImageObject\",\"inLanguage\":\"es\",\"@id\":\"https:\\\/\\\/diariotextual.com\\\/inicio\\\/#\\\/schema\\\/logo\\\/image\\\/\",\"url\":\"https:\\\/\\\/diariotextual.com\\\/inicio\\\/wp-content\\\/uploads\\\/2023\\\/05\\\/logotextual1.jpg\",\"contentUrl\":\"https:\\\/\\\/diariotextual.com\\\/inicio\\\/wp-content\\\/uploads\\\/2023\\\/05\\\/logotextual1.jpg\",\"width\":516,\"height\":76,\"caption\":\"Diario Textual\"},\"image\":{\"@id\":\"https:\\\/\\\/diariotextual.com\\\/inicio\\\/#\\\/schema\\\/logo\\\/image\\\/\"},\"sameAs\":[\"https:\\\/\\\/www.facebook.com\\\/eltextual\",\"https:\\\/\\\/x.com\\\/eltextual\",\"http:\\\/\\\/www.instagram.com\\\/eltextual\"]},{\"@type\":\"Person\",\"@id\":\"https:\\\/\\\/diariotextual.com\\\/inicio\\\/#\\\/schema\\\/person\\\/a1b6f563e0ee944c60f98119389a4d9f\",\"name\":\"diario3\",\"image\":{\"@type\":\"ImageObject\",\"inLanguage\":\"es\",\"@id\":\"https:\\\/\\\/secure.gravatar.com\\\/avatar\\\/5e7ee62c82fc04d9dd79d746a390d93c69c43223e5faeeb3ea9461ef752bfc5d?s=96&d=mm&r=g\",\"url\":\"https:\\\/\\\/secure.gravatar.com\\\/avatar\\\/5e7ee62c82fc04d9dd79d746a390d93c69c43223e5faeeb3ea9461ef752bfc5d?s=96&d=mm&r=g\",\"contentUrl\":\"https:\\\/\\\/secure.gravatar.com\\\/avatar\\\/5e7ee62c82fc04d9dd79d746a390d93c69c43223e5faeeb3ea9461ef752bfc5d?s=96&d=mm&r=g\",\"caption\":\"diario3\"},\"url\":\"https:\\\/\\\/diariotextual.com\\\/inicio\\\/index.php\\\/author\\\/diario3\\\/\"}]}<\/script>\n<!-- \/ Yoast SEO plugin. -->","yoast_head_json":{"title":"Indec: la inflaci\u00f3n en agosto fue del 4% tras la fuerte devaluaci\u00f3n post PASO - Diario Textual","robots":{"index":"index","follow":"follow","max-snippet":"max-snippet:-1","max-image-preview":"max-image-preview:large","max-video-preview":"max-video-preview:-1"},"canonical":"https:\/\/diariotextual.com\/inicio\/index.php\/2019\/09\/12\/indec-la-inflacion-agosto-fue-del-4-tras-la-fuerte-devaluacion-post-paso\/","og_locale":"es_ES","og_type":"article","og_title":"Indec: la inflaci\u00f3n en agosto fue del 4% tras la fuerte devaluaci\u00f3n post PASO - Diario Textual","og_description":"La inflaci\u00f3n se dispar\u00f3 al 4% en agosto tras la fuerte devaluaci\u00f3n del peso post PASO, con un incremento de 4,5% en el rubro \u00abAlimentos y Bebidas\u00bb, seg\u00fan inform\u00f3 este&hellip;","og_url":"https:\/\/diariotextual.com\/inicio\/index.php\/2019\/09\/12\/indec-la-inflacion-agosto-fue-del-4-tras-la-fuerte-devaluacion-post-paso\/","og_site_name":"Diario Textual","article_publisher":"https:\/\/www.facebook.com\/eltextual","article_published_time":"2019-09-12T20:06:48+00:00","article_modified_time":"2019-09-12T21:34:16+00:00","og_image":[{"width":700,"height":393,"url":"https:\/\/diariotextual.com\/inicio\/wp-content\/uploads\/2019\/09\/bebidasinflacion.jpg","type":"image\/jpeg"}],"author":"diario3","twitter_card":"summary_large_image","twitter_creator":"@eltextual","twitter_site":"@eltextual","twitter_misc":{"Escrito por":"diario3","Tiempo de lectura":"1 minuto"},"schema":{"@context":"https:\/\/schema.org","@graph":[{"@type":"Article","@id":"https:\/\/diariotextual.com\/inicio\/index.php\/2019\/09\/12\/indec-la-inflacion-agosto-fue-del-4-tras-la-fuerte-devaluacion-post-paso\/#article","isPartOf":{"@id":"https:\/\/diariotextual.com\/inicio\/index.php\/2019\/09\/12\/indec-la-inflacion-agosto-fue-del-4-tras-la-fuerte-devaluacion-post-paso\/"},"author":{"name":"diario3","@id":"https:\/\/diariotextual.com\/inicio\/#\/schema\/person\/a1b6f563e0ee944c60f98119389a4d9f"},"headline":"Indec: la inflaci\u00f3n en agosto fue del 4% tras la fuerte devaluaci\u00f3n post PASO","datePublished":"2019-09-12T20:06:48+00:00","dateModified":"2019-09-12T21:34:16+00:00","mainEntityOfPage":{"@id":"https:\/\/diariotextual.com\/inicio\/index.php\/2019\/09\/12\/indec-la-inflacion-agosto-fue-del-4-tras-la-fuerte-devaluacion-post-paso\/"},"wordCount":310,"publisher":{"@id":"https:\/\/diariotextual.com\/inicio\/#organization"},"image":{"@id":"https:\/\/diariotextual.com\/inicio\/index.php\/2019\/09\/12\/indec-la-inflacion-agosto-fue-del-4-tras-la-fuerte-devaluacion-post-paso\/#primaryimage"},"thumbnailUrl":"https:\/\/diariotextual.com\/inicio\/wp-content\/uploads\/2019\/09\/bebidasinflacion.jpg","articleSection":["A - PORTADA2","ECONOMIA"],"inLanguage":"es"},{"@type":"WebPage","@id":"https:\/\/diariotextual.com\/inicio\/index.php\/2019\/09\/12\/indec-la-inflacion-agosto-fue-del-4-tras-la-fuerte-devaluacion-post-paso\/","url":"https:\/\/diariotextual.com\/inicio\/index.php\/2019\/09\/12\/indec-la-inflacion-agosto-fue-del-4-tras-la-fuerte-devaluacion-post-paso\/","name":"Indec: la inflaci\u00f3n en agosto fue del 4% tras la fuerte devaluaci\u00f3n post PASO - Diario Textual","isPartOf":{"@id":"https:\/\/diariotextual.com\/inicio\/#website"},"primaryImageOfPage":{"@id":"https:\/\/diariotextual.com\/inicio\/index.php\/2019\/09\/12\/indec-la-inflacion-agosto-fue-del-4-tras-la-fuerte-devaluacion-post-paso\/#primaryimage"},"image":{"@id":"https:\/\/diariotextual.com\/inicio\/index.php\/2019\/09\/12\/indec-la-inflacion-agosto-fue-del-4-tras-la-fuerte-devaluacion-post-paso\/#primaryimage"},"thumbnailUrl":"https:\/\/diariotextual.com\/inicio\/wp-content\/uploads\/2019\/09\/bebidasinflacion.jpg","datePublished":"2019-09-12T20:06:48+00:00","dateModified":"2019-09-12T21:34:16+00:00","breadcrumb":{"@id":"https:\/\/diariotextual.com\/inicio\/index.php\/2019\/09\/12\/indec-la-inflacion-agosto-fue-del-4-tras-la-fuerte-devaluacion-post-paso\/#breadcrumb"},"inLanguage":"es","potentialAction":[{"@type":"ReadAction","target":["https:\/\/diariotextual.com\/inicio\/index.php\/2019\/09\/12\/indec-la-inflacion-agosto-fue-del-4-tras-la-fuerte-devaluacion-post-paso\/"]}]},{"@type":"ImageObject","inLanguage":"es","@id":"https:\/\/diariotextual.com\/inicio\/index.php\/2019\/09\/12\/indec-la-inflacion-agosto-fue-del-4-tras-la-fuerte-devaluacion-post-paso\/#primaryimage","url":"https:\/\/diariotextual.com\/inicio\/wp-content\/uploads\/2019\/09\/bebidasinflacion.jpg","contentUrl":"https:\/\/diariotextual.com\/inicio\/wp-content\/uploads\/2019\/09\/bebidasinflacion.jpg","width":700,"height":393},{"@type":"BreadcrumbList","@id":"https:\/\/diariotextual.com\/inicio\/index.php\/2019\/09\/12\/indec-la-inflacion-agosto-fue-del-4-tras-la-fuerte-devaluacion-post-paso\/#breadcrumb","itemListElement":[{"@type":"ListItem","position":1,"name":"Portada","item":"https:\/\/diariotextual.com\/inicio\/"},{"@type":"ListItem","position":2,"name":"Indec: la inflaci\u00f3n en agosto fue del 4% tras la fuerte devaluaci\u00f3n post PASO"}]},{"@type":"WebSite","@id":"https:\/\/diariotextual.com\/inicio\/#website","url":"https:\/\/diariotextual.com\/inicio\/","name":"Diario Textual","description":"","publisher":{"@id":"https:\/\/diariotextual.com\/inicio\/#organization"},"potentialAction":[{"@type":"SearchAction","target":{"@type":"EntryPoint","urlTemplate":"https:\/\/diariotextual.com\/inicio\/?s={search_term_string}"},"query-input":{"@type":"PropertyValueSpecification","valueRequired":true,"valueName":"search_term_string"}}],"inLanguage":"es"},{"@type":"Organization","@id":"https:\/\/diariotextual.com\/inicio\/#organization","name":"Diario Textual","url":"https:\/\/diariotextual.com\/inicio\/","logo":{"@type":"ImageObject","inLanguage":"es","@id":"https:\/\/diariotextual.com\/inicio\/#\/schema\/logo\/image\/","url":"https:\/\/diariotextual.com\/inicio\/wp-content\/uploads\/2023\/05\/logotextual1.jpg","contentUrl":"https:\/\/diariotextual.com\/inicio\/wp-content\/uploads\/2023\/05\/logotextual1.jpg","width":516,"height":76,"caption":"Diario Textual"},"image":{"@id":"https:\/\/diariotextual.com\/inicio\/#\/schema\/logo\/image\/"},"sameAs":["https:\/\/www.facebook.com\/eltextual","https:\/\/x.com\/eltextual","http:\/\/www.instagram.com\/eltextual"]},{"@type":"Person","@id":"https:\/\/diariotextual.com\/inicio\/#\/schema\/person\/a1b6f563e0ee944c60f98119389a4d9f","name":"diario3","image":{"@type":"ImageObject","inLanguage":"es","@id":"https:\/\/secure.gravatar.com\/avatar\/5e7ee62c82fc04d9dd79d746a390d93c69c43223e5faeeb3ea9461ef752bfc5d?s=96&d=mm&r=g","url":"https:\/\/secure.gravatar.com\/avatar\/5e7ee62c82fc04d9dd79d746a390d93c69c43223e5faeeb3ea9461ef752bfc5d?s=96&d=mm&r=g","contentUrl":"https:\/\/secure.gravatar.com\/avatar\/5e7ee62c82fc04d9dd79d746a390d93c69c43223e5faeeb3ea9461ef752bfc5d?s=96&d=mm&r=g","caption":"diario3"},"url":"https:\/\/diariotextual.com\/inicio\/index.php\/author\/diario3\/"}]}},"_links":{"self":[{"href":"https:\/\/diariotextual.com\/inicio\/index.php\/wp-json\/wp\/v2\/posts\/62481","targetHints":{"allow":["GET"]}}],"collection":[{"href":"https:\/\/diariotextual.com\/inicio\/index.php\/wp-json\/wp\/v2\/posts"}],"about":[{"href":"https:\/\/diariotextual.com\/inicio\/index.php\/wp-json\/wp\/v2\/types\/post"}],"author":[{"embeddable":true,"href":"https:\/\/diariotextual.com\/inicio\/index.php\/wp-json\/wp\/v2\/users\/5"}],"replies":[{"embeddable":true,"href":"https:\/\/diariotextual.com\/inicio\/index.php\/wp-json\/wp\/v2\/comments?post=62481"}],"version-history":[{"count":1,"href":"https:\/\/diariotextual.com\/inicio\/index.php\/wp-json\/wp\/v2\/posts\/62481\/revisions"}],"predecessor-version":[{"id":62483,"href":"https:\/\/diariotextual.com\/inicio\/index.php\/wp-json\/wp\/v2\/posts\/62481\/revisions\/62483"}],"wp:featuredmedia":[{"embeddable":true,"href":"https:\/\/diariotextual.com\/inicio\/index.php\/wp-json\/wp\/v2\/media\/62482"}],"wp:attachment":[{"href":"https:\/\/diariotextual.com\/inicio\/index.php\/wp-json\/wp\/v2\/media?parent=62481"}],"wp:term":[{"taxonomy":"category","embeddable":true,"href":"https:\/\/diariotextual.com\/inicio\/index.php\/wp-json\/wp\/v2\/categories?post=62481"},{"taxonomy":"post_tag","embeddable":true,"href":"https:\/\/diariotextual.com\/inicio\/index.php\/wp-json\/wp\/v2\/tags?post=62481"}],"curies":[{"name":"wp","href":"https:\/\/api.w.org\/{rel}","templated":true}]}}