{"id":62533,"date":"2019-09-12T22:33:34","date_gmt":"2019-09-13T01:33:34","guid":{"rendered":"http:\/\/diariotextual.com\/inicio\/?p=62533"},"modified":"2019-09-13T08:21:23","modified_gmt":"2019-09-13T11:21:23","slug":"california-obliga-uber-contratar-choferes-funcionario-pampeano-festeja","status":"publish","type":"post","link":"https:\/\/diariotextual.com\/inicio\/index.php\/2019\/09\/12\/california-obliga-uber-contratar-choferes-funcionario-pampeano-festeja\/","title":{"rendered":"California obliga a Uber a contratar a sus choferes y un funcionario pampeano festeja"},"content":{"rendered":"<p>En medio de la expansi\u00f3n de <strong>Uber<\/strong>, el Senado de California se encamina aprobar una ley que obliga a la empresa de viajes compartidos a contratar a los choferes como empleados y esa medida podr\u00eda impactar en el resto del mundo. La novedad fue festejada por un funcionario de La Pampa: <strong>Marcelo Pedehonta\u00e1<\/strong>, subsecretario de Trabajo. <strong>\u00abTan errados no estamos&#8230;\u00bb<\/strong>, escribi\u00f3 por las redes sociales, al recordar que hace un a\u00f1o sali\u00f3 con los tapones de punta en contra de la posibilidad de que estas aplicaciones desembarquen en La Pampa.<\/p>\n<p>La iniciativa, en California, obliga a modificar el estatus de sus conductores desde \u201ccontratistas independientes\u201d a \u201cempleados de tiempo completo\u201d. Esta recategorizaci\u00f3n, le dar\u00e1 a los trabajadores m\u00e1s beneficios: un sueldo m\u00ednimo, el pago de horas extra y seguro de desempleo.<\/p>\n<p><strong>Esta normativa podr\u00eda modificar la econom\u00eda colaborativa<\/strong> y replicarse en las grandes ciudades, donde se utiliza esta aplicaci\u00f3n pese a la resistencia de las autoridades y los gremios.<\/p>\n<p>En la actualidad, la empresa opera en 785 ciudades de 70 pa\u00edses y 150 desarrollaron legislaciones espec\u00edficas para el \u201ctransporte a trav\u00e9s de plataformas digitales\u201d. En las otras, la compa\u00f1\u00eda est\u00e1 conflicto con las autoridades.<\/p>\n<p>En Argentina, Uber comenz\u00f3 a funcionar en 2016 en la ciudad de Buenos Aires y desde el Gobierno porte\u00f1o denunciaron su ilegalidad para operar como servicios de transporte de pasajeros.<\/p>\n<p>S\u00f3lo en Mendoza est\u00e1 regulada ya que esa provincia modific\u00f3 la Ley de Movilidad para reconocer el transporte entre privados a trav\u00e9s de plataformas digitales.<\/p>\n<p>Esta semana, la empresa comenz\u00f3 a funcionar en la ciudad de C\u00f3rdoba, donde los taxistas y remiseros declararon un paro por tiempo indeterminado. El intendente Ram\u00f3n Mestre advirti\u00f3 que la operaci\u00f3n es ilegal y que no s\u00f3lo acudir\u00e1 a la Justicia sino que tambi\u00e9n secuestrar\u00e1n los autos.<\/p>\n<p>En esa provincia meditarr\u00e1nea, igual, no le han dicho que no a estas aplicaciones:\u00a0<strong>Cabify, la llamada \u00abUber buena\u00bb, acord\u00f3 con el Gobierno y ya su app funciona con taxis y remises habilitados<\/strong> a circular.<\/p>\n<p>Los defensores de Uber explican que este tipo de contrataci\u00f3n (sin beneficios laborales) <strong>permite flexibilidad, pero sus detractores dicen que priva a los trabajadores de estabilidad y seguridad<\/strong>.<\/p>\n<p>En 2018, el diputado Espartaco Mar\u00edn (PJ) dijo que era necesario regular la actividad. Pero desde su propio Gobierno, con Pedehonta\u00e1 a la cabeza, lo cruzaron y desautorizaron. \u00abEl Gobierno no est\u00e1 generando ning\u00fan instrumento normativo para habilitar Uuber\u00bb, dijo en su momento.\u00a0\u201cEsta es la posici\u00f3n del Gobierno provincial, que hoy considera que no es conveniente generar una actividad que va a romper la ecuaci\u00f3n y los niveles de prioridad que tenemos con el sector de transporte p\u00fablico de taxis. Un nicho que genere el no pago de algunos tributos, que s\u00ed tiene el de al lado, genera una competencia desleal\u201d, afirm\u00f3. \u00abMi intenci\u00f3n, desde la Subsecretar\u00eda de Trabajo, es generar acuerdos tripartitos con diversos sectores productivos para avanzar en problem\u00e1ticas que nos permitan enfrentar un tiempo que se viene y que no va a ser f\u00e1cil en Argentina\u201d.<\/p>\n<p><img fetchpriority=\"high\" decoding=\"async\" class=\"alignnone wp-image-6980 size-full\" src=\"http:\/\/diariotextual.com\/inicio\/wp-content\/uploads\/2018\/05\/pedehontamarcelo11211.jpg\" alt=\"\" width=\"900\" height=\"602\" srcset=\"https:\/\/diariotextual.com\/inicio\/wp-content\/uploads\/2018\/05\/pedehontamarcelo11211.jpg 900w, https:\/\/diariotextual.com\/inicio\/wp-content\/uploads\/2018\/05\/pedehontamarcelo11211-300x201.jpg 300w, https:\/\/diariotextual.com\/inicio\/wp-content\/uploads\/2018\/05\/pedehontamarcelo11211-768x514.jpg 768w, https:\/\/diariotextual.com\/inicio\/wp-content\/uploads\/2018\/05\/pedehontamarcelo11211-585x391.jpg 585w, https:\/\/diariotextual.com\/inicio\/wp-content\/uploads\/2018\/05\/pedehontamarcelo11211-263x175.jpg 263w\" sizes=\"(max-width: 900px) 100vw, 900px\" \/><\/p>\n<p><strong>\u00bfCu\u00e1nto tiempo tardar\u00e1 Uber u otras aplicaciones similares en desembarcar en nuestra provincia? Parece ser cuesti\u00f3n de tiempo<\/strong>: por el momento, est\u00e1n concentradas en los grandes centros urbanos -como Buenos Aires, Mendoza y C\u00f3rdoba-.<\/p>\n<p>&nbsp;<\/p>\n<p>&nbsp;<\/p>\n","protected":false},"excerpt":{"rendered":"<p>En medio de la expansi\u00f3n de Uber, el Senado de California se encamina aprobar una ley que obliga a la empresa de viajes compartidos a contratar a los choferes como&hellip;<\/p>\n","protected":false},"author":3,"featured_media":6376,"comment_status":"closed","ping_status":"open","sticky":false,"template":"","format":"standard","meta":{"_acf_changed":false,"footnotes":""},"categories":[11,319,8],"tags":[308],"class_list":["post-62533","post","type-post","status-publish","format-standard","has-post-thumbnail","hentry","category-que-pasa","category-a-temporales","category-politica","tag-uber"],"acf":[],"yoast_head":"<!-- This site is optimized with the Yoast SEO plugin v27.5 - https:\/\/yoast.com\/product\/yoast-seo-wordpress\/ -->\n<title>California obliga a Uber a contratar a sus choferes y un funcionario pampeano festeja - Diario Textual<\/title>\n<meta name=\"robots\" content=\"index, follow, max-snippet:-1, max-image-preview:large, max-video-preview:-1\" \/>\n<link rel=\"canonical\" href=\"https:\/\/diariotextual.com\/inicio\/index.php\/2019\/09\/12\/california-obliga-uber-contratar-choferes-funcionario-pampeano-festeja\/\" \/>\n<meta property=\"og:locale\" content=\"es_ES\" \/>\n<meta property=\"og:type\" content=\"article\" \/>\n<meta property=\"og:title\" content=\"California obliga a Uber a contratar a sus choferes y un funcionario pampeano festeja - Diario Textual\" \/>\n<meta property=\"og:description\" content=\"En medio de la expansi\u00f3n de Uber, el Senado de California se encamina aprobar una ley que obliga a la empresa de viajes compartidos a contratar a los choferes como&hellip;\" \/>\n<meta property=\"og:url\" content=\"https:\/\/diariotextual.com\/inicio\/index.php\/2019\/09\/12\/california-obliga-uber-contratar-choferes-funcionario-pampeano-festeja\/\" \/>\n<meta property=\"og:site_name\" content=\"Diario Textual\" \/>\n<meta property=\"article:publisher\" content=\"https:\/\/www.facebook.com\/eltextual\" \/>\n<meta property=\"article:published_time\" content=\"2019-09-13T01:33:34+00:00\" \/>\n<meta property=\"article:modified_time\" content=\"2019-09-13T11:21:23+00:00\" \/>\n<meta property=\"og:image\" content=\"https:\/\/diariotextual.com\/inicio\/wp-content\/uploads\/2018\/05\/uber754545.jpg\" \/>\n\t<meta property=\"og:image:width\" content=\"992\" \/>\n\t<meta property=\"og:image:height\" content=\"558\" \/>\n\t<meta property=\"og:image:type\" content=\"image\/jpeg\" \/>\n<meta name=\"author\" content=\"Diario1 Diario1\" \/>\n<meta name=\"twitter:card\" content=\"summary_large_image\" \/>\n<meta name=\"twitter:creator\" content=\"@eltextual\" \/>\n<meta name=\"twitter:site\" content=\"@eltextual\" \/>\n<meta name=\"twitter:label1\" content=\"Escrito por\" \/>\n\t<meta name=\"twitter:data1\" content=\"Diario1 Diario1\" \/>\n\t<meta name=\"twitter:label2\" content=\"Tiempo de lectura\" \/>\n\t<meta name=\"twitter:data2\" content=\"3 minutos\" \/>\n<script type=\"application\/ld+json\" class=\"yoast-schema-graph\">{\"@context\":\"https:\\\/\\\/schema.org\",\"@graph\":[{\"@type\":\"Article\",\"@id\":\"https:\\\/\\\/diariotextual.com\\\/inicio\\\/index.php\\\/2019\\\/09\\\/12\\\/california-obliga-uber-contratar-choferes-funcionario-pampeano-festeja\\\/#article\",\"isPartOf\":{\"@id\":\"https:\\\/\\\/diariotextual.com\\\/inicio\\\/index.php\\\/2019\\\/09\\\/12\\\/california-obliga-uber-contratar-choferes-funcionario-pampeano-festeja\\\/\"},\"author\":{\"name\":\"Diario1 Diario1\",\"@id\":\"https:\\\/\\\/diariotextual.com\\\/inicio\\\/#\\\/schema\\\/person\\\/418fc4093c33e86ed41562db3508f958\"},\"headline\":\"California obliga a Uber a contratar a sus choferes y un funcionario pampeano festeja\",\"datePublished\":\"2019-09-13T01:33:34+00:00\",\"dateModified\":\"2019-09-13T11:21:23+00:00\",\"mainEntityOfPage\":{\"@id\":\"https:\\\/\\\/diariotextual.com\\\/inicio\\\/index.php\\\/2019\\\/09\\\/12\\\/california-obliga-uber-contratar-choferes-funcionario-pampeano-festeja\\\/\"},\"wordCount\":581,\"publisher\":{\"@id\":\"https:\\\/\\\/diariotextual.com\\\/inicio\\\/#organization\"},\"image\":{\"@id\":\"https:\\\/\\\/diariotextual.com\\\/inicio\\\/index.php\\\/2019\\\/09\\\/12\\\/california-obliga-uber-contratar-choferes-funcionario-pampeano-festeja\\\/#primaryimage\"},\"thumbnailUrl\":\"https:\\\/\\\/diariotextual.com\\\/inicio\\\/wp-content\\\/uploads\\\/2018\\\/05\\\/uber754545.jpg\",\"keywords\":[\"uber\"],\"articleSection\":[\"A - QUE PASA (al costado)\",\"A - TEMPORALES\",\"POLITICA\"],\"inLanguage\":\"es\"},{\"@type\":\"WebPage\",\"@id\":\"https:\\\/\\\/diariotextual.com\\\/inicio\\\/index.php\\\/2019\\\/09\\\/12\\\/california-obliga-uber-contratar-choferes-funcionario-pampeano-festeja\\\/\",\"url\":\"https:\\\/\\\/diariotextual.com\\\/inicio\\\/index.php\\\/2019\\\/09\\\/12\\\/california-obliga-uber-contratar-choferes-funcionario-pampeano-festeja\\\/\",\"name\":\"California obliga a Uber a contratar a sus choferes y un funcionario pampeano festeja - Diario Textual\",\"isPartOf\":{\"@id\":\"https:\\\/\\\/diariotextual.com\\\/inicio\\\/#website\"},\"primaryImageOfPage\":{\"@id\":\"https:\\\/\\\/diariotextual.com\\\/inicio\\\/index.php\\\/2019\\\/09\\\/12\\\/california-obliga-uber-contratar-choferes-funcionario-pampeano-festeja\\\/#primaryimage\"},\"image\":{\"@id\":\"https:\\\/\\\/diariotextual.com\\\/inicio\\\/index.php\\\/2019\\\/09\\\/12\\\/california-obliga-uber-contratar-choferes-funcionario-pampeano-festeja\\\/#primaryimage\"},\"thumbnailUrl\":\"https:\\\/\\\/diariotextual.com\\\/inicio\\\/wp-content\\\/uploads\\\/2018\\\/05\\\/uber754545.jpg\",\"datePublished\":\"2019-09-13T01:33:34+00:00\",\"dateModified\":\"2019-09-13T11:21:23+00:00\",\"breadcrumb\":{\"@id\":\"https:\\\/\\\/diariotextual.com\\\/inicio\\\/index.php\\\/2019\\\/09\\\/12\\\/california-obliga-uber-contratar-choferes-funcionario-pampeano-festeja\\\/#breadcrumb\"},\"inLanguage\":\"es\",\"potentialAction\":[{\"@type\":\"ReadAction\",\"target\":[\"https:\\\/\\\/diariotextual.com\\\/inicio\\\/index.php\\\/2019\\\/09\\\/12\\\/california-obliga-uber-contratar-choferes-funcionario-pampeano-festeja\\\/\"]}]},{\"@type\":\"ImageObject\",\"inLanguage\":\"es\",\"@id\":\"https:\\\/\\\/diariotextual.com\\\/inicio\\\/index.php\\\/2019\\\/09\\\/12\\\/california-obliga-uber-contratar-choferes-funcionario-pampeano-festeja\\\/#primaryimage\",\"url\":\"https:\\\/\\\/diariotextual.com\\\/inicio\\\/wp-content\\\/uploads\\\/2018\\\/05\\\/uber754545.jpg\",\"contentUrl\":\"https:\\\/\\\/diariotextual.com\\\/inicio\\\/wp-content\\\/uploads\\\/2018\\\/05\\\/uber754545.jpg\",\"width\":992,\"height\":558},{\"@type\":\"BreadcrumbList\",\"@id\":\"https:\\\/\\\/diariotextual.com\\\/inicio\\\/index.php\\\/2019\\\/09\\\/12\\\/california-obliga-uber-contratar-choferes-funcionario-pampeano-festeja\\\/#breadcrumb\",\"itemListElement\":[{\"@type\":\"ListItem\",\"position\":1,\"name\":\"Portada\",\"item\":\"https:\\\/\\\/diariotextual.com\\\/inicio\\\/\"},{\"@type\":\"ListItem\",\"position\":2,\"name\":\"California obliga a Uber a contratar a sus choferes y un funcionario pampeano festeja\"}]},{\"@type\":\"WebSite\",\"@id\":\"https:\\\/\\\/diariotextual.com\\\/inicio\\\/#website\",\"url\":\"https:\\\/\\\/diariotextual.com\\\/inicio\\\/\",\"name\":\"Diario Textual\",\"description\":\"\",\"publisher\":{\"@id\":\"https:\\\/\\\/diariotextual.com\\\/inicio\\\/#organization\"},\"potentialAction\":[{\"@type\":\"SearchAction\",\"target\":{\"@type\":\"EntryPoint\",\"urlTemplate\":\"https:\\\/\\\/diariotextual.com\\\/inicio\\\/?s={search_term_string}\"},\"query-input\":{\"@type\":\"PropertyValueSpecification\",\"valueRequired\":true,\"valueName\":\"search_term_string\"}}],\"inLanguage\":\"es\"},{\"@type\":\"Organization\",\"@id\":\"https:\\\/\\\/diariotextual.com\\\/inicio\\\/#organization\",\"name\":\"Diario Textual\",\"url\":\"https:\\\/\\\/diariotextual.com\\\/inicio\\\/\",\"logo\":{\"@type\":\"ImageObject\",\"inLanguage\":\"es\",\"@id\":\"https:\\\/\\\/diariotextual.com\\\/inicio\\\/#\\\/schema\\\/logo\\\/image\\\/\",\"url\":\"https:\\\/\\\/diariotextual.com\\\/inicio\\\/wp-content\\\/uploads\\\/2023\\\/05\\\/logotextual1.jpg\",\"contentUrl\":\"https:\\\/\\\/diariotextual.com\\\/inicio\\\/wp-content\\\/uploads\\\/2023\\\/05\\\/logotextual1.jpg\",\"width\":516,\"height\":76,\"caption\":\"Diario Textual\"},\"image\":{\"@id\":\"https:\\\/\\\/diariotextual.com\\\/inicio\\\/#\\\/schema\\\/logo\\\/image\\\/\"},\"sameAs\":[\"https:\\\/\\\/www.facebook.com\\\/eltextual\",\"https:\\\/\\\/x.com\\\/eltextual\",\"http:\\\/\\\/www.instagram.com\\\/eltextual\"]},{\"@type\":\"Person\",\"@id\":\"https:\\\/\\\/diariotextual.com\\\/inicio\\\/#\\\/schema\\\/person\\\/418fc4093c33e86ed41562db3508f958\",\"name\":\"Diario1 Diario1\",\"image\":{\"@type\":\"ImageObject\",\"inLanguage\":\"es\",\"@id\":\"https:\\\/\\\/secure.gravatar.com\\\/avatar\\\/9167d280179c85bc18be67aa7eda765854300033af4896dd779b608640f2ef7a?s=96&d=mm&r=g\",\"url\":\"https:\\\/\\\/secure.gravatar.com\\\/avatar\\\/9167d280179c85bc18be67aa7eda765854300033af4896dd779b608640f2ef7a?s=96&d=mm&r=g\",\"contentUrl\":\"https:\\\/\\\/secure.gravatar.com\\\/avatar\\\/9167d280179c85bc18be67aa7eda765854300033af4896dd779b608640f2ef7a?s=96&d=mm&r=g\",\"caption\":\"Diario1 Diario1\"},\"url\":\"https:\\\/\\\/diariotextual.com\\\/inicio\\\/index.php\\\/author\\\/diario1\\\/\"}]}<\/script>\n<!-- \/ Yoast SEO plugin. -->","yoast_head_json":{"title":"California obliga a Uber a contratar a sus choferes y un funcionario pampeano festeja - Diario Textual","robots":{"index":"index","follow":"follow","max-snippet":"max-snippet:-1","max-image-preview":"max-image-preview:large","max-video-preview":"max-video-preview:-1"},"canonical":"https:\/\/diariotextual.com\/inicio\/index.php\/2019\/09\/12\/california-obliga-uber-contratar-choferes-funcionario-pampeano-festeja\/","og_locale":"es_ES","og_type":"article","og_title":"California obliga a Uber a contratar a sus choferes y un funcionario pampeano festeja - Diario Textual","og_description":"En medio de la expansi\u00f3n de Uber, el Senado de California se encamina aprobar una ley que obliga a la empresa de viajes compartidos a contratar a los choferes como&hellip;","og_url":"https:\/\/diariotextual.com\/inicio\/index.php\/2019\/09\/12\/california-obliga-uber-contratar-choferes-funcionario-pampeano-festeja\/","og_site_name":"Diario Textual","article_publisher":"https:\/\/www.facebook.com\/eltextual","article_published_time":"2019-09-13T01:33:34+00:00","article_modified_time":"2019-09-13T11:21:23+00:00","og_image":[{"width":992,"height":558,"url":"https:\/\/diariotextual.com\/inicio\/wp-content\/uploads\/2018\/05\/uber754545.jpg","type":"image\/jpeg"}],"author":"Diario1 Diario1","twitter_card":"summary_large_image","twitter_creator":"@eltextual","twitter_site":"@eltextual","twitter_misc":{"Escrito por":"Diario1 Diario1","Tiempo de lectura":"3 minutos"},"schema":{"@context":"https:\/\/schema.org","@graph":[{"@type":"Article","@id":"https:\/\/diariotextual.com\/inicio\/index.php\/2019\/09\/12\/california-obliga-uber-contratar-choferes-funcionario-pampeano-festeja\/#article","isPartOf":{"@id":"https:\/\/diariotextual.com\/inicio\/index.php\/2019\/09\/12\/california-obliga-uber-contratar-choferes-funcionario-pampeano-festeja\/"},"author":{"name":"Diario1 Diario1","@id":"https:\/\/diariotextual.com\/inicio\/#\/schema\/person\/418fc4093c33e86ed41562db3508f958"},"headline":"California obliga a Uber a contratar a sus choferes y un funcionario pampeano festeja","datePublished":"2019-09-13T01:33:34+00:00","dateModified":"2019-09-13T11:21:23+00:00","mainEntityOfPage":{"@id":"https:\/\/diariotextual.com\/inicio\/index.php\/2019\/09\/12\/california-obliga-uber-contratar-choferes-funcionario-pampeano-festeja\/"},"wordCount":581,"publisher":{"@id":"https:\/\/diariotextual.com\/inicio\/#organization"},"image":{"@id":"https:\/\/diariotextual.com\/inicio\/index.php\/2019\/09\/12\/california-obliga-uber-contratar-choferes-funcionario-pampeano-festeja\/#primaryimage"},"thumbnailUrl":"https:\/\/diariotextual.com\/inicio\/wp-content\/uploads\/2018\/05\/uber754545.jpg","keywords":["uber"],"articleSection":["A - QUE PASA (al costado)","A - TEMPORALES","POLITICA"],"inLanguage":"es"},{"@type":"WebPage","@id":"https:\/\/diariotextual.com\/inicio\/index.php\/2019\/09\/12\/california-obliga-uber-contratar-choferes-funcionario-pampeano-festeja\/","url":"https:\/\/diariotextual.com\/inicio\/index.php\/2019\/09\/12\/california-obliga-uber-contratar-choferes-funcionario-pampeano-festeja\/","name":"California obliga a Uber a contratar a sus choferes y un funcionario pampeano festeja - Diario Textual","isPartOf":{"@id":"https:\/\/diariotextual.com\/inicio\/#website"},"primaryImageOfPage":{"@id":"https:\/\/diariotextual.com\/inicio\/index.php\/2019\/09\/12\/california-obliga-uber-contratar-choferes-funcionario-pampeano-festeja\/#primaryimage"},"image":{"@id":"https:\/\/diariotextual.com\/inicio\/index.php\/2019\/09\/12\/california-obliga-uber-contratar-choferes-funcionario-pampeano-festeja\/#primaryimage"},"thumbnailUrl":"https:\/\/diariotextual.com\/inicio\/wp-content\/uploads\/2018\/05\/uber754545.jpg","datePublished":"2019-09-13T01:33:34+00:00","dateModified":"2019-09-13T11:21:23+00:00","breadcrumb":{"@id":"https:\/\/diariotextual.com\/inicio\/index.php\/2019\/09\/12\/california-obliga-uber-contratar-choferes-funcionario-pampeano-festeja\/#breadcrumb"},"inLanguage":"es","potentialAction":[{"@type":"ReadAction","target":["https:\/\/diariotextual.com\/inicio\/index.php\/2019\/09\/12\/california-obliga-uber-contratar-choferes-funcionario-pampeano-festeja\/"]}]},{"@type":"ImageObject","inLanguage":"es","@id":"https:\/\/diariotextual.com\/inicio\/index.php\/2019\/09\/12\/california-obliga-uber-contratar-choferes-funcionario-pampeano-festeja\/#primaryimage","url":"https:\/\/diariotextual.com\/inicio\/wp-content\/uploads\/2018\/05\/uber754545.jpg","contentUrl":"https:\/\/diariotextual.com\/inicio\/wp-content\/uploads\/2018\/05\/uber754545.jpg","width":992,"height":558},{"@type":"BreadcrumbList","@id":"https:\/\/diariotextual.com\/inicio\/index.php\/2019\/09\/12\/california-obliga-uber-contratar-choferes-funcionario-pampeano-festeja\/#breadcrumb","itemListElement":[{"@type":"ListItem","position":1,"name":"Portada","item":"https:\/\/diariotextual.com\/inicio\/"},{"@type":"ListItem","position":2,"name":"California obliga a Uber a contratar a sus choferes y un funcionario pampeano festeja"}]},{"@type":"WebSite","@id":"https:\/\/diariotextual.com\/inicio\/#website","url":"https:\/\/diariotextual.com\/inicio\/","name":"Diario Textual","description":"","publisher":{"@id":"https:\/\/diariotextual.com\/inicio\/#organization"},"potentialAction":[{"@type":"SearchAction","target":{"@type":"EntryPoint","urlTemplate":"https:\/\/diariotextual.com\/inicio\/?s={search_term_string}"},"query-input":{"@type":"PropertyValueSpecification","valueRequired":true,"valueName":"search_term_string"}}],"inLanguage":"es"},{"@type":"Organization","@id":"https:\/\/diariotextual.com\/inicio\/#organization","name":"Diario Textual","url":"https:\/\/diariotextual.com\/inicio\/","logo":{"@type":"ImageObject","inLanguage":"es","@id":"https:\/\/diariotextual.com\/inicio\/#\/schema\/logo\/image\/","url":"https:\/\/diariotextual.com\/inicio\/wp-content\/uploads\/2023\/05\/logotextual1.jpg","contentUrl":"https:\/\/diariotextual.com\/inicio\/wp-content\/uploads\/2023\/05\/logotextual1.jpg","width":516,"height":76,"caption":"Diario Textual"},"image":{"@id":"https:\/\/diariotextual.com\/inicio\/#\/schema\/logo\/image\/"},"sameAs":["https:\/\/www.facebook.com\/eltextual","https:\/\/x.com\/eltextual","http:\/\/www.instagram.com\/eltextual"]},{"@type":"Person","@id":"https:\/\/diariotextual.com\/inicio\/#\/schema\/person\/418fc4093c33e86ed41562db3508f958","name":"Diario1 Diario1","image":{"@type":"ImageObject","inLanguage":"es","@id":"https:\/\/secure.gravatar.com\/avatar\/9167d280179c85bc18be67aa7eda765854300033af4896dd779b608640f2ef7a?s=96&d=mm&r=g","url":"https:\/\/secure.gravatar.com\/avatar\/9167d280179c85bc18be67aa7eda765854300033af4896dd779b608640f2ef7a?s=96&d=mm&r=g","contentUrl":"https:\/\/secure.gravatar.com\/avatar\/9167d280179c85bc18be67aa7eda765854300033af4896dd779b608640f2ef7a?s=96&d=mm&r=g","caption":"Diario1 Diario1"},"url":"https:\/\/diariotextual.com\/inicio\/index.php\/author\/diario1\/"}]}},"_links":{"self":[{"href":"https:\/\/diariotextual.com\/inicio\/index.php\/wp-json\/wp\/v2\/posts\/62533","targetHints":{"allow":["GET"]}}],"collection":[{"href":"https:\/\/diariotextual.com\/inicio\/index.php\/wp-json\/wp\/v2\/posts"}],"about":[{"href":"https:\/\/diariotextual.com\/inicio\/index.php\/wp-json\/wp\/v2\/types\/post"}],"author":[{"embeddable":true,"href":"https:\/\/diariotextual.com\/inicio\/index.php\/wp-json\/wp\/v2\/users\/3"}],"replies":[{"embeddable":true,"href":"https:\/\/diariotextual.com\/inicio\/index.php\/wp-json\/wp\/v2\/comments?post=62533"}],"version-history":[{"count":3,"href":"https:\/\/diariotextual.com\/inicio\/index.php\/wp-json\/wp\/v2\/posts\/62533\/revisions"}],"predecessor-version":[{"id":62536,"href":"https:\/\/diariotextual.com\/inicio\/index.php\/wp-json\/wp\/v2\/posts\/62533\/revisions\/62536"}],"wp:featuredmedia":[{"embeddable":true,"href":"https:\/\/diariotextual.com\/inicio\/index.php\/wp-json\/wp\/v2\/media\/6376"}],"wp:attachment":[{"href":"https:\/\/diariotextual.com\/inicio\/index.php\/wp-json\/wp\/v2\/media?parent=62533"}],"wp:term":[{"taxonomy":"category","embeddable":true,"href":"https:\/\/diariotextual.com\/inicio\/index.php\/wp-json\/wp\/v2\/categories?post=62533"},{"taxonomy":"post_tag","embeddable":true,"href":"https:\/\/diariotextual.com\/inicio\/index.php\/wp-json\/wp\/v2\/tags?post=62533"}],"curies":[{"name":"wp","href":"https:\/\/api.w.org\/{rel}","templated":true}]}}