{"id":62566,"date":"2019-09-13T12:45:22","date_gmt":"2019-09-13T15:45:22","guid":{"rendered":"http:\/\/diariotextual.com\/inicio\/?p=62566"},"modified":"2019-09-13T16:16:02","modified_gmt":"2019-09-13T19:16:02","slug":"cornejo-desoyo-al-coirco-firmo-los-pliegos-la-licitacion-portezuelo","status":"publish","type":"post","link":"https:\/\/diariotextual.com\/inicio\/index.php\/2019\/09\/13\/cornejo-desoyo-al-coirco-firmo-los-pliegos-la-licitacion-portezuelo\/","title":{"rendered":"Cornejo llam\u00f3 a la licitaci\u00f3n de Portezuelo y minti\u00f3: \u00abTiene el apoyo de las provincias\u00bb"},"content":{"rendered":"<p>El gobernador mendocino <strong>Alfredo Cornejo desoy\u00f3 el pedido del Comit\u00e9 Interprovincial del R\u00edo Colorado<\/strong> (Coirco), que reclam\u00f3 <a href=\"http:\/\/diariotextual.com\/inicio\/index.php\/2019\/09\/12\/tres-provincias-cambian-posicion-portezuelo-piden-audiencia-publica-e-informe-ambiental\/\" target=\"_blank\" rel=\"noopener\"><strong>un nuevo estudio de impacto ambiental<\/strong> y <strong>una audiencia p\u00fablica nacional<\/strong><\/a>, y en la ma\u00f1ana de este viernes <strong>firm\u00f3 un decreto que aprueba los pliegos del llamado a licitaci\u00f3n<\/strong> para construir la represa hidroel\u00e9ctrica<strong> Portezuelo del Viento<\/strong>. Ya al mediod\u00eda, en un acto en la ciudad de Malarg\u00fce, hizo el anuncio y falt\u00f3 a la verdad.<strong> \u00abEsta obra tiene seguridad jur\u00eddica porque tiene el apoyo de las otras provincias\u00bb<\/strong>, expres\u00f3, llamativamente,pese a que ayer las restantes provincias de la cuenca, que integran el Coirco, reclamaron otro estudio de impacto ambiental.<\/p>\n<p>&nbsp;<\/p>\n<p><iframe style=\"border: none; overflow: hidden;\" src=\"https:\/\/www.facebook.com\/plugins\/video.php?href=https%3A%2F%2Fwww.facebook.com%2FMendozaGobierno%2Fvideos%2F2430392017232105%2F&amp;show_text=1&amp;width=560\" width=\"560\" height=\"426\" frameborder=\"0\" scrolling=\"no\" allowfullscreen=\"allowfullscreen\"><\/iframe><\/p>\n<p>\u00abEl proyecto de Portezuelo se forj\u00f3 hace 70 a\u00f1os. Y vino nuestro equipo a ponerlo en marcha, cuando con el entonces gobernador Julio Cobos, hace unos 12 o 13 a\u00f1os, lo pusimos en agenda nacional\u00bb, sostuvo.\u00a0\u00a0\u00abLuego de 70 a\u00f1os de espera, se licita la mayor obra de ingenier\u00eda de la historia de Mendoza. Generar\u00e1 m\u00e1s de 11.000 puestos de trabajo y producir\u00e1 energ\u00eda para 130.000 usuarios\u00bb, agreg\u00f3.<\/p>\n<p><img fetchpriority=\"high\" decoding=\"async\" class=\"alignnone wp-image-62608 size-full\" src=\"http:\/\/diariotextual.com\/inicio\/wp-content\/uploads\/2019\/09\/portezuelocornejolicitacion2019-2.jpg\" alt=\"\" width=\"700\" height=\"467\" srcset=\"https:\/\/diariotextual.com\/inicio\/wp-content\/uploads\/2019\/09\/portezuelocornejolicitacion2019-2.jpg 700w, https:\/\/diariotextual.com\/inicio\/wp-content\/uploads\/2019\/09\/portezuelocornejolicitacion2019-2-300x200.jpg 300w, https:\/\/diariotextual.com\/inicio\/wp-content\/uploads\/2019\/09\/portezuelocornejolicitacion2019-2-585x390.jpg 585w, https:\/\/diariotextual.com\/inicio\/wp-content\/uploads\/2019\/09\/portezuelocornejolicitacion2019-2-263x175.jpg 263w\" sizes=\"(max-width: 700px) 100vw, 700px\" \/><\/p>\n<p>Dijo que hay \u00abseguridad jur\u00eddica\u00bb y \u00abseguridad financiera\u00bb en esta iniciativa.\u00a0\u00abHay seguridad jur\u00eddica, porque tenemos la aprobaci\u00f3n de otras provincias y porque los estudios de impacto ambiental lo dejamos aprobado en diversas instancias. Incluso en un amparo en la Corte Suprema\u00bb, sostuvo. \u00abY con seguridad financiera, porque hemos 1028 millones de d\u00f3lares que est\u00e1n en la cuenta de Mendoza, en un bono\u00bb, lanz\u00f3.<\/p>\n<blockquote class=\"wp-embedded-content\" data-secret=\"x0ENHP2Ub0\"><p><a href=\"http:\/\/diariotextual.com\/inicio\/index.php\/2019\/09\/12\/tres-provincias-cambian-posicion-portezuelo-piden-audiencia-publica-e-informe-ambiental\/\">Tres provincias cambian de posici\u00f3n: piden frenar Portezuelo, informe ambiental y audiencia<\/a><\/p><\/blockquote>\n<p><iframe class=\"wp-embedded-content\" sandbox=\"allow-scripts\" security=\"restricted\" style=\"position: absolute; clip: rect(1px, 1px, 1px, 1px);\" src=\"http:\/\/diariotextual.com\/inicio\/index.php\/2019\/09\/12\/tres-provincias-cambian-posicion-portezuelo-piden-audiencia-publica-e-informe-ambiental\/embed\/#?secret=x0ENHP2Ub0\" data-secret=\"x0ENHP2Ub0\" width=\"600\" height=\"338\" title=\"&#171;Tres provincias cambian de posici\u00f3n: piden frenar Portezuelo, informe ambiental y audiencia&#187; &#8212; Diario Textual\" frameborder=\"0\" marginwidth=\"0\" marginheight=\"0\" scrolling=\"no\"><\/iframe><\/p>\n<p>&nbsp;<\/p>\n<p><strong>La obra tendr\u00e1 un costo de 1.023 millones de d\u00f3lares.<\/strong>\u00a0Mendoza y Naci\u00f3n pretenden realizar la obra de Portezuelo sobre el r\u00edo Grande, tributario del Colorado.<\/p>\n<p><strong>Ya est\u00e1 el financiamiento, en Letras del Tesoro Nacional<\/strong>, seg\u00fan lo estableci\u00f3 un reciente decreto de Mauricio Macri.<\/p>\n<p><img decoding=\"async\" class=\"alignnone wp-image-62610 size-full\" src=\"http:\/\/diariotextual.com\/inicio\/wp-content\/uploads\/2019\/09\/portezuelocornejolicitacion2019-1.jpg\" alt=\"\" width=\"700\" height=\"467\" srcset=\"https:\/\/diariotextual.com\/inicio\/wp-content\/uploads\/2019\/09\/portezuelocornejolicitacion2019-1.jpg 700w, https:\/\/diariotextual.com\/inicio\/wp-content\/uploads\/2019\/09\/portezuelocornejolicitacion2019-1-300x200.jpg 300w, https:\/\/diariotextual.com\/inicio\/wp-content\/uploads\/2019\/09\/portezuelocornejolicitacion2019-1-585x390.jpg 585w, https:\/\/diariotextual.com\/inicio\/wp-content\/uploads\/2019\/09\/portezuelocornejolicitacion2019-1-263x175.jpg 263w\" sizes=\"(max-width: 700px) 100vw, 700px\" \/><\/p>\n<p>Ese dinero estar\u00e1 destinado a la construcci\u00f3n de una represa de 185 metros de alto, de las m\u00e1s altas del planeta, m\u00e1s una central hidroel\u00e9ctrica con capacidad para abastecer a\u00a0<strong>130.000 usuarios<\/strong>. Tambi\u00e9n est\u00e1 prevista la nueva traza de las\u00a0<strong>ruta nacional 145 y la de la provincial 226\u00a0<\/strong>(que quedar\u00e1n bajo el agua), la relocalizaci\u00f3n del pueblo de Las Loicas y tambi\u00e9n la l\u00ednea el\u00e9ctrica que conducir\u00e1 la energ\u00eda desde la presa hasta Malarg\u00fce.<\/p>\n<p>La obra de Portezuelo es resistida por el Gobierno pampeano y por ONG\u2019s ambientalistas de casi toda la cuenca:\u00a0<strong>podr\u00eda afectar la cantidad y calidad de agua del r\u00edo Colorado<\/strong>.<\/p>\n<p><strong>Esta etapa no contempla a\u00fan el trasvase de agua desde el r\u00edo Grande al Atuel, aunque ese es el objetivo principal del Estado mendocino.<\/strong>\u00a0La Pampa tambi\u00e9n se niega al trasvase.<\/p>\n<p>\u00abNuestro pueblo mendocino -dijo Cornejo- necesita ampliar su capacidad econ\u00f3mica, solo venceremos los flagelos de la pobreza y la falta de progreso creciendo nuestra econom\u00eda, incrementando nuestra riqueza con un Estado eficaz. La \u00fanica forma de hacerla crecer es con obras, optimizando nuestra agua, industrializando nuestra agricultura, desarrollando toda nuestra potencialidad en el petr\u00f3leo, en la miner\u00eda legal en todo nuestro universo econ\u00f3mico.<\/p>\n<blockquote class=\"wp-embedded-content\" data-secret=\"XOf2UWCIip\"><p><a href=\"http:\/\/diariotextual.com\/inicio\/index.php\/2019\/09\/13\/portezuelo-verna-dijo-ahora-las-provincias-se-mostraron-libres-la-coaccion-macri\/\">Portezuelo: Verna dijo que ahora las provincias &#171;se mostraron libres de la coacci\u00f3n&#187; de Macri<\/a><\/p><\/blockquote>\n<p><iframe class=\"wp-embedded-content\" sandbox=\"allow-scripts\" security=\"restricted\" style=\"position: absolute; clip: rect(1px, 1px, 1px, 1px);\" src=\"http:\/\/diariotextual.com\/inicio\/index.php\/2019\/09\/13\/portezuelo-verna-dijo-ahora-las-provincias-se-mostraron-libres-la-coaccion-macri\/embed\/#?secret=XOf2UWCIip\" data-secret=\"XOf2UWCIip\" width=\"600\" height=\"338\" title=\"&#171;Portezuelo: Verna dijo que ahora las provincias &#171;se mostraron libres de la coacci\u00f3n&#187; de Macri&#187; &#8212; Diario Textual\" frameborder=\"0\" marginwidth=\"0\" marginheight=\"0\" scrolling=\"no\"><\/iframe><\/p>\n<p>&nbsp;<\/p>\n<p>&nbsp;<\/p>\n<p>&nbsp;<\/p>\n<p>&nbsp;<\/p>\n<p>&nbsp;<\/p>\n","protected":false},"excerpt":{"rendered":"<p>El gobernador mendocino Alfredo Cornejo desoy\u00f3 el pedido del Comit\u00e9 Interprovincial del R\u00edo Colorado (Coirco), que reclam\u00f3 un nuevo estudio de impacto ambiental y una audiencia p\u00fablica nacional, y en&hellip;<\/p>\n","protected":false},"author":3,"featured_media":62609,"comment_status":"closed","ping_status":"open","sticky":false,"template":"","format":"standard","meta":{"_acf_changed":false,"footnotes":""},"categories":[1,9,8],"tags":[941,259],"class_list":["post-62566","post","type-post","status-publish","format-standard","has-post-thumbnail","hentry","category-es-noticia","category-portada","category-politica","tag-cornejo","tag-portezuelo"],"acf":[],"yoast_head":"<!-- This site is optimized with the Yoast SEO plugin v27.5 - https:\/\/yoast.com\/product\/yoast-seo-wordpress\/ -->\n<title>Cornejo llam\u00f3 a la licitaci\u00f3n de Portezuelo y minti\u00f3: &quot;Tiene el apoyo de las provincias&quot;<\/title>\n<meta name=\"robots\" content=\"index, follow, max-snippet:-1, max-image-preview:large, max-video-preview:-1\" \/>\n<link rel=\"canonical\" href=\"https:\/\/diariotextual.com\/inicio\/index.php\/2019\/09\/13\/cornejo-desoyo-al-coirco-firmo-los-pliegos-la-licitacion-portezuelo\/\" \/>\n<meta property=\"og:locale\" content=\"es_ES\" \/>\n<meta property=\"og:type\" content=\"article\" \/>\n<meta property=\"og:title\" content=\"Cornejo llam\u00f3 a la licitaci\u00f3n de Portezuelo y minti\u00f3: &quot;Tiene el apoyo de las provincias&quot;\" \/>\n<meta property=\"og:description\" content=\"El gobernador mendocino Alfredo Cornejo desoy\u00f3 el pedido del Comit\u00e9 Interprovincial del R\u00edo Colorado (Coirco), que reclam\u00f3 un nuevo estudio de impacto ambiental y una audiencia p\u00fablica nacional, y en&hellip;\" \/>\n<meta property=\"og:url\" content=\"https:\/\/diariotextual.com\/inicio\/index.php\/2019\/09\/13\/cornejo-desoyo-al-coirco-firmo-los-pliegos-la-licitacion-portezuelo\/\" \/>\n<meta property=\"og:site_name\" content=\"Diario Textual\" \/>\n<meta property=\"article:publisher\" content=\"https:\/\/www.facebook.com\/eltextual\" \/>\n<meta property=\"article:published_time\" content=\"2019-09-13T15:45:22+00:00\" \/>\n<meta property=\"article:modified_time\" content=\"2019-09-13T19:16:02+00:00\" \/>\n<meta property=\"og:image\" content=\"https:\/\/diariotextual.com\/inicio\/wp-content\/uploads\/2019\/09\/portezuelocornejolicitacion2019-3.jpg\" \/>\n\t<meta property=\"og:image:width\" content=\"700\" \/>\n\t<meta property=\"og:image:height\" content=\"467\" \/>\n\t<meta property=\"og:image:type\" content=\"image\/jpeg\" \/>\n<meta name=\"author\" content=\"Diario1 Diario1\" \/>\n<meta name=\"twitter:card\" content=\"summary_large_image\" \/>\n<meta name=\"twitter:creator\" content=\"@eltextual\" \/>\n<meta name=\"twitter:site\" content=\"@eltextual\" \/>\n<meta name=\"twitter:label1\" content=\"Escrito por\" \/>\n\t<meta name=\"twitter:data1\" content=\"Diario1 Diario1\" \/>\n\t<meta name=\"twitter:label2\" content=\"Tiempo de lectura\" \/>\n\t<meta name=\"twitter:data2\" content=\"3 minutos\" \/>\n<script type=\"application\/ld+json\" class=\"yoast-schema-graph\">{\"@context\":\"https:\\\/\\\/schema.org\",\"@graph\":[{\"@type\":\"Article\",\"@id\":\"https:\\\/\\\/diariotextual.com\\\/inicio\\\/index.php\\\/2019\\\/09\\\/13\\\/cornejo-desoyo-al-coirco-firmo-los-pliegos-la-licitacion-portezuelo\\\/#article\",\"isPartOf\":{\"@id\":\"https:\\\/\\\/diariotextual.com\\\/inicio\\\/index.php\\\/2019\\\/09\\\/13\\\/cornejo-desoyo-al-coirco-firmo-los-pliegos-la-licitacion-portezuelo\\\/\"},\"author\":{\"name\":\"Diario1 Diario1\",\"@id\":\"https:\\\/\\\/diariotextual.com\\\/inicio\\\/#\\\/schema\\\/person\\\/418fc4093c33e86ed41562db3508f958\"},\"headline\":\"Cornejo llam\u00f3 a la licitaci\u00f3n de Portezuelo y minti\u00f3: \u00abTiene el apoyo de las provincias\u00bb\",\"datePublished\":\"2019-09-13T15:45:22+00:00\",\"dateModified\":\"2019-09-13T19:16:02+00:00\",\"mainEntityOfPage\":{\"@id\":\"https:\\\/\\\/diariotextual.com\\\/inicio\\\/index.php\\\/2019\\\/09\\\/13\\\/cornejo-desoyo-al-coirco-firmo-los-pliegos-la-licitacion-portezuelo\\\/\"},\"wordCount\":554,\"publisher\":{\"@id\":\"https:\\\/\\\/diariotextual.com\\\/inicio\\\/#organization\"},\"image\":{\"@id\":\"https:\\\/\\\/diariotextual.com\\\/inicio\\\/index.php\\\/2019\\\/09\\\/13\\\/cornejo-desoyo-al-coirco-firmo-los-pliegos-la-licitacion-portezuelo\\\/#primaryimage\"},\"thumbnailUrl\":\"https:\\\/\\\/diariotextual.com\\\/inicio\\\/wp-content\\\/uploads\\\/2019\\\/09\\\/portezuelocornejolicitacion2019-3.jpg\",\"keywords\":[\"cornejo\",\"portezuelo\"],\"articleSection\":[\"A - ES NOTICIA (van abajo)\",\"A - PORTADA\",\"POLITICA\"],\"inLanguage\":\"es\"},{\"@type\":\"WebPage\",\"@id\":\"https:\\\/\\\/diariotextual.com\\\/inicio\\\/index.php\\\/2019\\\/09\\\/13\\\/cornejo-desoyo-al-coirco-firmo-los-pliegos-la-licitacion-portezuelo\\\/\",\"url\":\"https:\\\/\\\/diariotextual.com\\\/inicio\\\/index.php\\\/2019\\\/09\\\/13\\\/cornejo-desoyo-al-coirco-firmo-los-pliegos-la-licitacion-portezuelo\\\/\",\"name\":\"Cornejo llam\u00f3 a la licitaci\u00f3n de Portezuelo y minti\u00f3: \\\"Tiene el apoyo de las provincias\\\"\",\"isPartOf\":{\"@id\":\"https:\\\/\\\/diariotextual.com\\\/inicio\\\/#website\"},\"primaryImageOfPage\":{\"@id\":\"https:\\\/\\\/diariotextual.com\\\/inicio\\\/index.php\\\/2019\\\/09\\\/13\\\/cornejo-desoyo-al-coirco-firmo-los-pliegos-la-licitacion-portezuelo\\\/#primaryimage\"},\"image\":{\"@id\":\"https:\\\/\\\/diariotextual.com\\\/inicio\\\/index.php\\\/2019\\\/09\\\/13\\\/cornejo-desoyo-al-coirco-firmo-los-pliegos-la-licitacion-portezuelo\\\/#primaryimage\"},\"thumbnailUrl\":\"https:\\\/\\\/diariotextual.com\\\/inicio\\\/wp-content\\\/uploads\\\/2019\\\/09\\\/portezuelocornejolicitacion2019-3.jpg\",\"datePublished\":\"2019-09-13T15:45:22+00:00\",\"dateModified\":\"2019-09-13T19:16:02+00:00\",\"breadcrumb\":{\"@id\":\"https:\\\/\\\/diariotextual.com\\\/inicio\\\/index.php\\\/2019\\\/09\\\/13\\\/cornejo-desoyo-al-coirco-firmo-los-pliegos-la-licitacion-portezuelo\\\/#breadcrumb\"},\"inLanguage\":\"es\",\"potentialAction\":[{\"@type\":\"ReadAction\",\"target\":[\"https:\\\/\\\/diariotextual.com\\\/inicio\\\/index.php\\\/2019\\\/09\\\/13\\\/cornejo-desoyo-al-coirco-firmo-los-pliegos-la-licitacion-portezuelo\\\/\"]}]},{\"@type\":\"ImageObject\",\"inLanguage\":\"es\",\"@id\":\"https:\\\/\\\/diariotextual.com\\\/inicio\\\/index.php\\\/2019\\\/09\\\/13\\\/cornejo-desoyo-al-coirco-firmo-los-pliegos-la-licitacion-portezuelo\\\/#primaryimage\",\"url\":\"https:\\\/\\\/diariotextual.com\\\/inicio\\\/wp-content\\\/uploads\\\/2019\\\/09\\\/portezuelocornejolicitacion2019-3.jpg\",\"contentUrl\":\"https:\\\/\\\/diariotextual.com\\\/inicio\\\/wp-content\\\/uploads\\\/2019\\\/09\\\/portezuelocornejolicitacion2019-3.jpg\",\"width\":700,\"height\":467},{\"@type\":\"BreadcrumbList\",\"@id\":\"https:\\\/\\\/diariotextual.com\\\/inicio\\\/index.php\\\/2019\\\/09\\\/13\\\/cornejo-desoyo-al-coirco-firmo-los-pliegos-la-licitacion-portezuelo\\\/#breadcrumb\",\"itemListElement\":[{\"@type\":\"ListItem\",\"position\":1,\"name\":\"Portada\",\"item\":\"https:\\\/\\\/diariotextual.com\\\/inicio\\\/\"},{\"@type\":\"ListItem\",\"position\":2,\"name\":\"Cornejo llam\u00f3 a la licitaci\u00f3n de Portezuelo y minti\u00f3: \u00abTiene el apoyo de las provincias\u00bb\"}]},{\"@type\":\"WebSite\",\"@id\":\"https:\\\/\\\/diariotextual.com\\\/inicio\\\/#website\",\"url\":\"https:\\\/\\\/diariotextual.com\\\/inicio\\\/\",\"name\":\"Diario Textual\",\"description\":\"\",\"publisher\":{\"@id\":\"https:\\\/\\\/diariotextual.com\\\/inicio\\\/#organization\"},\"potentialAction\":[{\"@type\":\"SearchAction\",\"target\":{\"@type\":\"EntryPoint\",\"urlTemplate\":\"https:\\\/\\\/diariotextual.com\\\/inicio\\\/?s={search_term_string}\"},\"query-input\":{\"@type\":\"PropertyValueSpecification\",\"valueRequired\":true,\"valueName\":\"search_term_string\"}}],\"inLanguage\":\"es\"},{\"@type\":\"Organization\",\"@id\":\"https:\\\/\\\/diariotextual.com\\\/inicio\\\/#organization\",\"name\":\"Diario Textual\",\"url\":\"https:\\\/\\\/diariotextual.com\\\/inicio\\\/\",\"logo\":{\"@type\":\"ImageObject\",\"inLanguage\":\"es\",\"@id\":\"https:\\\/\\\/diariotextual.com\\\/inicio\\\/#\\\/schema\\\/logo\\\/image\\\/\",\"url\":\"https:\\\/\\\/diariotextual.com\\\/inicio\\\/wp-content\\\/uploads\\\/2023\\\/05\\\/logotextual1.jpg\",\"contentUrl\":\"https:\\\/\\\/diariotextual.com\\\/inicio\\\/wp-content\\\/uploads\\\/2023\\\/05\\\/logotextual1.jpg\",\"width\":516,\"height\":76,\"caption\":\"Diario Textual\"},\"image\":{\"@id\":\"https:\\\/\\\/diariotextual.com\\\/inicio\\\/#\\\/schema\\\/logo\\\/image\\\/\"},\"sameAs\":[\"https:\\\/\\\/www.facebook.com\\\/eltextual\",\"https:\\\/\\\/x.com\\\/eltextual\",\"http:\\\/\\\/www.instagram.com\\\/eltextual\"]},{\"@type\":\"Person\",\"@id\":\"https:\\\/\\\/diariotextual.com\\\/inicio\\\/#\\\/schema\\\/person\\\/418fc4093c33e86ed41562db3508f958\",\"name\":\"Diario1 Diario1\",\"image\":{\"@type\":\"ImageObject\",\"inLanguage\":\"es\",\"@id\":\"https:\\\/\\\/secure.gravatar.com\\\/avatar\\\/9167d280179c85bc18be67aa7eda765854300033af4896dd779b608640f2ef7a?s=96&d=mm&r=g\",\"url\":\"https:\\\/\\\/secure.gravatar.com\\\/avatar\\\/9167d280179c85bc18be67aa7eda765854300033af4896dd779b608640f2ef7a?s=96&d=mm&r=g\",\"contentUrl\":\"https:\\\/\\\/secure.gravatar.com\\\/avatar\\\/9167d280179c85bc18be67aa7eda765854300033af4896dd779b608640f2ef7a?s=96&d=mm&r=g\",\"caption\":\"Diario1 Diario1\"},\"url\":\"https:\\\/\\\/diariotextual.com\\\/inicio\\\/index.php\\\/author\\\/diario1\\\/\"}]}<\/script>\n<!-- \/ Yoast SEO plugin. -->","yoast_head_json":{"title":"Cornejo llam\u00f3 a la licitaci\u00f3n de Portezuelo y minti\u00f3: \"Tiene el apoyo de las provincias\"","robots":{"index":"index","follow":"follow","max-snippet":"max-snippet:-1","max-image-preview":"max-image-preview:large","max-video-preview":"max-video-preview:-1"},"canonical":"https:\/\/diariotextual.com\/inicio\/index.php\/2019\/09\/13\/cornejo-desoyo-al-coirco-firmo-los-pliegos-la-licitacion-portezuelo\/","og_locale":"es_ES","og_type":"article","og_title":"Cornejo llam\u00f3 a la licitaci\u00f3n de Portezuelo y minti\u00f3: \"Tiene el apoyo de las provincias\"","og_description":"El gobernador mendocino Alfredo Cornejo desoy\u00f3 el pedido del Comit\u00e9 Interprovincial del R\u00edo Colorado (Coirco), que reclam\u00f3 un nuevo estudio de impacto ambiental y una audiencia p\u00fablica nacional, y en&hellip;","og_url":"https:\/\/diariotextual.com\/inicio\/index.php\/2019\/09\/13\/cornejo-desoyo-al-coirco-firmo-los-pliegos-la-licitacion-portezuelo\/","og_site_name":"Diario Textual","article_publisher":"https:\/\/www.facebook.com\/eltextual","article_published_time":"2019-09-13T15:45:22+00:00","article_modified_time":"2019-09-13T19:16:02+00:00","og_image":[{"width":700,"height":467,"url":"https:\/\/diariotextual.com\/inicio\/wp-content\/uploads\/2019\/09\/portezuelocornejolicitacion2019-3.jpg","type":"image\/jpeg"}],"author":"Diario1 Diario1","twitter_card":"summary_large_image","twitter_creator":"@eltextual","twitter_site":"@eltextual","twitter_misc":{"Escrito por":"Diario1 Diario1","Tiempo de lectura":"3 minutos"},"schema":{"@context":"https:\/\/schema.org","@graph":[{"@type":"Article","@id":"https:\/\/diariotextual.com\/inicio\/index.php\/2019\/09\/13\/cornejo-desoyo-al-coirco-firmo-los-pliegos-la-licitacion-portezuelo\/#article","isPartOf":{"@id":"https:\/\/diariotextual.com\/inicio\/index.php\/2019\/09\/13\/cornejo-desoyo-al-coirco-firmo-los-pliegos-la-licitacion-portezuelo\/"},"author":{"name":"Diario1 Diario1","@id":"https:\/\/diariotextual.com\/inicio\/#\/schema\/person\/418fc4093c33e86ed41562db3508f958"},"headline":"Cornejo llam\u00f3 a la licitaci\u00f3n de Portezuelo y minti\u00f3: \u00abTiene el apoyo de las provincias\u00bb","datePublished":"2019-09-13T15:45:22+00:00","dateModified":"2019-09-13T19:16:02+00:00","mainEntityOfPage":{"@id":"https:\/\/diariotextual.com\/inicio\/index.php\/2019\/09\/13\/cornejo-desoyo-al-coirco-firmo-los-pliegos-la-licitacion-portezuelo\/"},"wordCount":554,"publisher":{"@id":"https:\/\/diariotextual.com\/inicio\/#organization"},"image":{"@id":"https:\/\/diariotextual.com\/inicio\/index.php\/2019\/09\/13\/cornejo-desoyo-al-coirco-firmo-los-pliegos-la-licitacion-portezuelo\/#primaryimage"},"thumbnailUrl":"https:\/\/diariotextual.com\/inicio\/wp-content\/uploads\/2019\/09\/portezuelocornejolicitacion2019-3.jpg","keywords":["cornejo","portezuelo"],"articleSection":["A - ES NOTICIA (van abajo)","A - PORTADA","POLITICA"],"inLanguage":"es"},{"@type":"WebPage","@id":"https:\/\/diariotextual.com\/inicio\/index.php\/2019\/09\/13\/cornejo-desoyo-al-coirco-firmo-los-pliegos-la-licitacion-portezuelo\/","url":"https:\/\/diariotextual.com\/inicio\/index.php\/2019\/09\/13\/cornejo-desoyo-al-coirco-firmo-los-pliegos-la-licitacion-portezuelo\/","name":"Cornejo llam\u00f3 a la licitaci\u00f3n de Portezuelo y minti\u00f3: \"Tiene el apoyo de las provincias\"","isPartOf":{"@id":"https:\/\/diariotextual.com\/inicio\/#website"},"primaryImageOfPage":{"@id":"https:\/\/diariotextual.com\/inicio\/index.php\/2019\/09\/13\/cornejo-desoyo-al-coirco-firmo-los-pliegos-la-licitacion-portezuelo\/#primaryimage"},"image":{"@id":"https:\/\/diariotextual.com\/inicio\/index.php\/2019\/09\/13\/cornejo-desoyo-al-coirco-firmo-los-pliegos-la-licitacion-portezuelo\/#primaryimage"},"thumbnailUrl":"https:\/\/diariotextual.com\/inicio\/wp-content\/uploads\/2019\/09\/portezuelocornejolicitacion2019-3.jpg","datePublished":"2019-09-13T15:45:22+00:00","dateModified":"2019-09-13T19:16:02+00:00","breadcrumb":{"@id":"https:\/\/diariotextual.com\/inicio\/index.php\/2019\/09\/13\/cornejo-desoyo-al-coirco-firmo-los-pliegos-la-licitacion-portezuelo\/#breadcrumb"},"inLanguage":"es","potentialAction":[{"@type":"ReadAction","target":["https:\/\/diariotextual.com\/inicio\/index.php\/2019\/09\/13\/cornejo-desoyo-al-coirco-firmo-los-pliegos-la-licitacion-portezuelo\/"]}]},{"@type":"ImageObject","inLanguage":"es","@id":"https:\/\/diariotextual.com\/inicio\/index.php\/2019\/09\/13\/cornejo-desoyo-al-coirco-firmo-los-pliegos-la-licitacion-portezuelo\/#primaryimage","url":"https:\/\/diariotextual.com\/inicio\/wp-content\/uploads\/2019\/09\/portezuelocornejolicitacion2019-3.jpg","contentUrl":"https:\/\/diariotextual.com\/inicio\/wp-content\/uploads\/2019\/09\/portezuelocornejolicitacion2019-3.jpg","width":700,"height":467},{"@type":"BreadcrumbList","@id":"https:\/\/diariotextual.com\/inicio\/index.php\/2019\/09\/13\/cornejo-desoyo-al-coirco-firmo-los-pliegos-la-licitacion-portezuelo\/#breadcrumb","itemListElement":[{"@type":"ListItem","position":1,"name":"Portada","item":"https:\/\/diariotextual.com\/inicio\/"},{"@type":"ListItem","position":2,"name":"Cornejo llam\u00f3 a la licitaci\u00f3n de Portezuelo y minti\u00f3: \u00abTiene el apoyo de las provincias\u00bb"}]},{"@type":"WebSite","@id":"https:\/\/diariotextual.com\/inicio\/#website","url":"https:\/\/diariotextual.com\/inicio\/","name":"Diario Textual","description":"","publisher":{"@id":"https:\/\/diariotextual.com\/inicio\/#organization"},"potentialAction":[{"@type":"SearchAction","target":{"@type":"EntryPoint","urlTemplate":"https:\/\/diariotextual.com\/inicio\/?s={search_term_string}"},"query-input":{"@type":"PropertyValueSpecification","valueRequired":true,"valueName":"search_term_string"}}],"inLanguage":"es"},{"@type":"Organization","@id":"https:\/\/diariotextual.com\/inicio\/#organization","name":"Diario Textual","url":"https:\/\/diariotextual.com\/inicio\/","logo":{"@type":"ImageObject","inLanguage":"es","@id":"https:\/\/diariotextual.com\/inicio\/#\/schema\/logo\/image\/","url":"https:\/\/diariotextual.com\/inicio\/wp-content\/uploads\/2023\/05\/logotextual1.jpg","contentUrl":"https:\/\/diariotextual.com\/inicio\/wp-content\/uploads\/2023\/05\/logotextual1.jpg","width":516,"height":76,"caption":"Diario Textual"},"image":{"@id":"https:\/\/diariotextual.com\/inicio\/#\/schema\/logo\/image\/"},"sameAs":["https:\/\/www.facebook.com\/eltextual","https:\/\/x.com\/eltextual","http:\/\/www.instagram.com\/eltextual"]},{"@type":"Person","@id":"https:\/\/diariotextual.com\/inicio\/#\/schema\/person\/418fc4093c33e86ed41562db3508f958","name":"Diario1 Diario1","image":{"@type":"ImageObject","inLanguage":"es","@id":"https:\/\/secure.gravatar.com\/avatar\/9167d280179c85bc18be67aa7eda765854300033af4896dd779b608640f2ef7a?s=96&d=mm&r=g","url":"https:\/\/secure.gravatar.com\/avatar\/9167d280179c85bc18be67aa7eda765854300033af4896dd779b608640f2ef7a?s=96&d=mm&r=g","contentUrl":"https:\/\/secure.gravatar.com\/avatar\/9167d280179c85bc18be67aa7eda765854300033af4896dd779b608640f2ef7a?s=96&d=mm&r=g","caption":"Diario1 Diario1"},"url":"https:\/\/diariotextual.com\/inicio\/index.php\/author\/diario1\/"}]}},"_links":{"self":[{"href":"https:\/\/diariotextual.com\/inicio\/index.php\/wp-json\/wp\/v2\/posts\/62566","targetHints":{"allow":["GET"]}}],"collection":[{"href":"https:\/\/diariotextual.com\/inicio\/index.php\/wp-json\/wp\/v2\/posts"}],"about":[{"href":"https:\/\/diariotextual.com\/inicio\/index.php\/wp-json\/wp\/v2\/types\/post"}],"author":[{"embeddable":true,"href":"https:\/\/diariotextual.com\/inicio\/index.php\/wp-json\/wp\/v2\/users\/3"}],"replies":[{"embeddable":true,"href":"https:\/\/diariotextual.com\/inicio\/index.php\/wp-json\/wp\/v2\/comments?post=62566"}],"version-history":[{"count":12,"href":"https:\/\/diariotextual.com\/inicio\/index.php\/wp-json\/wp\/v2\/posts\/62566\/revisions"}],"predecessor-version":[{"id":62611,"href":"https:\/\/diariotextual.com\/inicio\/index.php\/wp-json\/wp\/v2\/posts\/62566\/revisions\/62611"}],"wp:featuredmedia":[{"embeddable":true,"href":"https:\/\/diariotextual.com\/inicio\/index.php\/wp-json\/wp\/v2\/media\/62609"}],"wp:attachment":[{"href":"https:\/\/diariotextual.com\/inicio\/index.php\/wp-json\/wp\/v2\/media?parent=62566"}],"wp:term":[{"taxonomy":"category","embeddable":true,"href":"https:\/\/diariotextual.com\/inicio\/index.php\/wp-json\/wp\/v2\/categories?post=62566"},{"taxonomy":"post_tag","embeddable":true,"href":"https:\/\/diariotextual.com\/inicio\/index.php\/wp-json\/wp\/v2\/tags?post=62566"}],"curies":[{"name":"wp","href":"https:\/\/api.w.org\/{rel}","templated":true}]}}