{"id":62580,"date":"2019-09-13T12:27:00","date_gmt":"2019-09-13T15:27:00","guid":{"rendered":"http:\/\/diariotextual.com\/inicio\/?p=62580"},"modified":"2019-09-13T18:10:09","modified_gmt":"2019-09-13T21:10:09","slug":"ziliotto-la-soberania-politica-la-pampa-innegociable","status":"publish","type":"post","link":"https:\/\/diariotextual.com\/inicio\/index.php\/2019\/09\/13\/ziliotto-la-soberania-politica-la-pampa-innegociable\/","title":{"rendered":"Ziliotto: \u201cLa soberan\u00eda pol\u00edtica de La Pampa es innegociable\u201d"},"content":{"rendered":"<p>El gobernador electo, <strong>Sergio Ziliotto<\/strong> (Frente Justicialista Pampeano), se refiri\u00f3 al nuevo escenario que se presenta en el conflicto por la construcci\u00f3n de la represa <strong>Portezuelo del Viento<\/strong> bajo el manejo de Mendoza. \u201c<strong>La soberan\u00eda pol\u00edtica de La Pampa es innegociabl<\/strong>e, porque es la mejor herramienta que tenemos para ejercer la pampeanidad, y as\u00ed defender nuestros recursos h\u00eddricos\u201d, dijo<\/p>\n<p>Esta ma\u00f1ana, el gobernador mendocino\u00a0Alfredo Cornejo firm\u00f3 un decreto que aprueba los pliegos del llamado a licitaci\u00f3n\u00a0para construir la represa hidroel\u00e9ctrica\u00a0Portezuelo del Viento.<\/p>\n<blockquote class=\"wp-embedded-content\" data-secret=\"Ob1Lm8nJri\"><p><a href=\"http:\/\/diariotextual.com\/inicio\/index.php\/2019\/09\/13\/cornejo-desoyo-al-coirco-firmo-los-pliegos-la-licitacion-portezuelo\/\">Cornejo desoy\u00f3 al Coirco y firm\u00f3 los pliegos de la licitaci\u00f3n de Portezuelo<\/a><\/p><\/blockquote>\n<p><iframe class=\"wp-embedded-content\" sandbox=\"allow-scripts\" security=\"restricted\" style=\"position: absolute; clip: rect(1px, 1px, 1px, 1px);\" src=\"http:\/\/diariotextual.com\/inicio\/index.php\/2019\/09\/13\/cornejo-desoyo-al-coirco-firmo-los-pliegos-la-licitacion-portezuelo\/embed\/#?secret=Ob1Lm8nJri\" data-secret=\"Ob1Lm8nJri\" width=\"600\" height=\"338\" title=\"&#171;Cornejo desoy\u00f3 al Coirco y firm\u00f3 los pliegos de la licitaci\u00f3n de Portezuelo&#187; &#8212; Diario Textual\" frameborder=\"0\" marginwidth=\"0\" marginheight=\"0\" scrolling=\"no\"><\/iframe><\/p>\n<p>Si bien hasta el momento La Pampa hab\u00eda sido la \u00fanica provincia en argumentar contra Portezuelo del Viento por la falta de estudios de impacto ambiental serios y la intenci\u00f3n de que\u00a0 el manejo de la represa\u00a0 sea discrecional del gobierno mendocino, en las \u00faltimas horas R\u00edo Negro, Buenos Aires y Neuqu\u00e9n cambiaron su postura y \u00a0votaron un pedido de realizaci\u00f3n de un nuevo estudio de impacto ambiental.<\/p>\n<p>Ziliotto celebr\u00f3 el cambio de actitud de estas provincias y ratific\u00f3 su compromiso de \u201ccontinuar con la defensa irrestricta de los recursos h\u00eddricos pampeanos m\u00e1s all\u00e1 de quienes est\u00e9n en el gobierno en la Naci\u00f3n y en Mendoza\u201d.<\/p>\n<p>\u201cComo cada vez que se vulnera un derecho de los pampeanos y pampeanas<strong>, nosotros vamos a actuar sin reparar en quien tenemos en frente\u201d, e<\/strong>nfatiz\u00f3.<\/p>\n<p>\u201cEl ejercicio de la soberan\u00eda pol\u00edtica a favor de los pampeanos es innegociable, ante quien sea, porque la necesitamos para seguir defendiendo la pampeanidad,\u00a0 para seguir defendiendo nuestro sentido de pertenencia, nuestros recursos naturales y\u00a0 nuestro patrimonio\u201d, concluy\u00f3.<\/p>\n<p>&nbsp;<\/p>\n","protected":false},"excerpt":{"rendered":"<p>El gobernador electo, Sergio Ziliotto (Frente Justicialista Pampeano), se refiri\u00f3 al nuevo escenario que se presenta en el conflicto por la construcci\u00f3n de la represa Portezuelo del Viento bajo el&hellip;<\/p>\n","protected":false},"author":4,"featured_media":57523,"comment_status":"closed","ping_status":"open","sticky":false,"template":"","format":"standard","meta":{"_acf_changed":false,"footnotes":""},"categories":[11,319,8],"tags":[],"class_list":["post-62580","post","type-post","status-publish","format-standard","has-post-thumbnail","hentry","category-que-pasa","category-a-temporales","category-politica"],"acf":[],"yoast_head":"<!-- This site is optimized with the Yoast SEO plugin v27.5 - https:\/\/yoast.com\/product\/yoast-seo-wordpress\/ -->\n<title>Ziliotto: \u201cLa soberan\u00eda pol\u00edtica de La Pampa es innegociable\u201d - Diario Textual<\/title>\n<meta name=\"robots\" content=\"index, follow, max-snippet:-1, max-image-preview:large, max-video-preview:-1\" \/>\n<link rel=\"canonical\" href=\"https:\/\/diariotextual.com\/inicio\/index.php\/2019\/09\/13\/ziliotto-la-soberania-politica-la-pampa-innegociable\/\" \/>\n<meta property=\"og:locale\" content=\"es_ES\" \/>\n<meta property=\"og:type\" content=\"article\" \/>\n<meta property=\"og:title\" content=\"Ziliotto: \u201cLa soberan\u00eda pol\u00edtica de La Pampa es innegociable\u201d - Diario Textual\" \/>\n<meta property=\"og:description\" content=\"El gobernador electo, Sergio Ziliotto (Frente Justicialista Pampeano), se refiri\u00f3 al nuevo escenario que se presenta en el conflicto por la construcci\u00f3n de la represa Portezuelo del Viento bajo el&hellip;\" \/>\n<meta property=\"og:url\" content=\"https:\/\/diariotextual.com\/inicio\/index.php\/2019\/09\/13\/ziliotto-la-soberania-politica-la-pampa-innegociable\/\" \/>\n<meta property=\"og:site_name\" content=\"Diario Textual\" \/>\n<meta property=\"article:publisher\" content=\"https:\/\/www.facebook.com\/eltextual\" \/>\n<meta property=\"article:published_time\" content=\"2019-09-13T15:27:00+00:00\" \/>\n<meta property=\"article:modified_time\" content=\"2019-09-13T21:10:09+00:00\" \/>\n<meta property=\"og:image\" content=\"https:\/\/diariotextual.com\/inicio\/wp-content\/uploads\/2019\/07\/ziliottoriocolorado444.jpg\" \/>\n\t<meta property=\"og:image:width\" content=\"1274\" \/>\n\t<meta property=\"og:image:height\" content=\"900\" \/>\n\t<meta property=\"og:image:type\" content=\"image\/jpeg\" \/>\n<meta name=\"author\" content=\"diario2\" \/>\n<meta name=\"twitter:card\" content=\"summary_large_image\" \/>\n<meta name=\"twitter:creator\" content=\"@eltextual\" \/>\n<meta name=\"twitter:site\" content=\"@eltextual\" \/>\n<meta name=\"twitter:label1\" content=\"Escrito por\" \/>\n\t<meta name=\"twitter:data1\" content=\"diario2\" \/>\n\t<meta name=\"twitter:label2\" content=\"Tiempo de lectura\" \/>\n\t<meta name=\"twitter:data2\" content=\"1 minuto\" \/>\n<script type=\"application\/ld+json\" class=\"yoast-schema-graph\">{\"@context\":\"https:\\\/\\\/schema.org\",\"@graph\":[{\"@type\":\"Article\",\"@id\":\"https:\\\/\\\/diariotextual.com\\\/inicio\\\/index.php\\\/2019\\\/09\\\/13\\\/ziliotto-la-soberania-politica-la-pampa-innegociable\\\/#article\",\"isPartOf\":{\"@id\":\"https:\\\/\\\/diariotextual.com\\\/inicio\\\/index.php\\\/2019\\\/09\\\/13\\\/ziliotto-la-soberania-politica-la-pampa-innegociable\\\/\"},\"author\":{\"name\":\"diario2\",\"@id\":\"https:\\\/\\\/diariotextual.com\\\/inicio\\\/#\\\/schema\\\/person\\\/694f60677f23c4a530867a98f22b3768\"},\"headline\":\"Ziliotto: \u201cLa soberan\u00eda pol\u00edtica de La Pampa es innegociable\u201d\",\"datePublished\":\"2019-09-13T15:27:00+00:00\",\"dateModified\":\"2019-09-13T21:10:09+00:00\",\"mainEntityOfPage\":{\"@id\":\"https:\\\/\\\/diariotextual.com\\\/inicio\\\/index.php\\\/2019\\\/09\\\/13\\\/ziliotto-la-soberania-politica-la-pampa-innegociable\\\/\"},\"wordCount\":291,\"publisher\":{\"@id\":\"https:\\\/\\\/diariotextual.com\\\/inicio\\\/#organization\"},\"image\":{\"@id\":\"https:\\\/\\\/diariotextual.com\\\/inicio\\\/index.php\\\/2019\\\/09\\\/13\\\/ziliotto-la-soberania-politica-la-pampa-innegociable\\\/#primaryimage\"},\"thumbnailUrl\":\"https:\\\/\\\/diariotextual.com\\\/inicio\\\/wp-content\\\/uploads\\\/2019\\\/07\\\/ziliottoriocolorado444.jpg\",\"articleSection\":[\"A - QUE PASA (al costado)\",\"A - TEMPORALES\",\"POLITICA\"],\"inLanguage\":\"es\"},{\"@type\":\"WebPage\",\"@id\":\"https:\\\/\\\/diariotextual.com\\\/inicio\\\/index.php\\\/2019\\\/09\\\/13\\\/ziliotto-la-soberania-politica-la-pampa-innegociable\\\/\",\"url\":\"https:\\\/\\\/diariotextual.com\\\/inicio\\\/index.php\\\/2019\\\/09\\\/13\\\/ziliotto-la-soberania-politica-la-pampa-innegociable\\\/\",\"name\":\"Ziliotto: \u201cLa soberan\u00eda pol\u00edtica de La Pampa es innegociable\u201d - Diario Textual\",\"isPartOf\":{\"@id\":\"https:\\\/\\\/diariotextual.com\\\/inicio\\\/#website\"},\"primaryImageOfPage\":{\"@id\":\"https:\\\/\\\/diariotextual.com\\\/inicio\\\/index.php\\\/2019\\\/09\\\/13\\\/ziliotto-la-soberania-politica-la-pampa-innegociable\\\/#primaryimage\"},\"image\":{\"@id\":\"https:\\\/\\\/diariotextual.com\\\/inicio\\\/index.php\\\/2019\\\/09\\\/13\\\/ziliotto-la-soberania-politica-la-pampa-innegociable\\\/#primaryimage\"},\"thumbnailUrl\":\"https:\\\/\\\/diariotextual.com\\\/inicio\\\/wp-content\\\/uploads\\\/2019\\\/07\\\/ziliottoriocolorado444.jpg\",\"datePublished\":\"2019-09-13T15:27:00+00:00\",\"dateModified\":\"2019-09-13T21:10:09+00:00\",\"breadcrumb\":{\"@id\":\"https:\\\/\\\/diariotextual.com\\\/inicio\\\/index.php\\\/2019\\\/09\\\/13\\\/ziliotto-la-soberania-politica-la-pampa-innegociable\\\/#breadcrumb\"},\"inLanguage\":\"es\",\"potentialAction\":[{\"@type\":\"ReadAction\",\"target\":[\"https:\\\/\\\/diariotextual.com\\\/inicio\\\/index.php\\\/2019\\\/09\\\/13\\\/ziliotto-la-soberania-politica-la-pampa-innegociable\\\/\"]}]},{\"@type\":\"ImageObject\",\"inLanguage\":\"es\",\"@id\":\"https:\\\/\\\/diariotextual.com\\\/inicio\\\/index.php\\\/2019\\\/09\\\/13\\\/ziliotto-la-soberania-politica-la-pampa-innegociable\\\/#primaryimage\",\"url\":\"https:\\\/\\\/diariotextual.com\\\/inicio\\\/wp-content\\\/uploads\\\/2019\\\/07\\\/ziliottoriocolorado444.jpg\",\"contentUrl\":\"https:\\\/\\\/diariotextual.com\\\/inicio\\\/wp-content\\\/uploads\\\/2019\\\/07\\\/ziliottoriocolorado444.jpg\",\"width\":1274,\"height\":900},{\"@type\":\"BreadcrumbList\",\"@id\":\"https:\\\/\\\/diariotextual.com\\\/inicio\\\/index.php\\\/2019\\\/09\\\/13\\\/ziliotto-la-soberania-politica-la-pampa-innegociable\\\/#breadcrumb\",\"itemListElement\":[{\"@type\":\"ListItem\",\"position\":1,\"name\":\"Portada\",\"item\":\"https:\\\/\\\/diariotextual.com\\\/inicio\\\/\"},{\"@type\":\"ListItem\",\"position\":2,\"name\":\"Ziliotto: \u201cLa soberan\u00eda pol\u00edtica de La Pampa es innegociable\u201d\"}]},{\"@type\":\"WebSite\",\"@id\":\"https:\\\/\\\/diariotextual.com\\\/inicio\\\/#website\",\"url\":\"https:\\\/\\\/diariotextual.com\\\/inicio\\\/\",\"name\":\"Diario Textual\",\"description\":\"\",\"publisher\":{\"@id\":\"https:\\\/\\\/diariotextual.com\\\/inicio\\\/#organization\"},\"potentialAction\":[{\"@type\":\"SearchAction\",\"target\":{\"@type\":\"EntryPoint\",\"urlTemplate\":\"https:\\\/\\\/diariotextual.com\\\/inicio\\\/?s={search_term_string}\"},\"query-input\":{\"@type\":\"PropertyValueSpecification\",\"valueRequired\":true,\"valueName\":\"search_term_string\"}}],\"inLanguage\":\"es\"},{\"@type\":\"Organization\",\"@id\":\"https:\\\/\\\/diariotextual.com\\\/inicio\\\/#organization\",\"name\":\"Diario Textual\",\"url\":\"https:\\\/\\\/diariotextual.com\\\/inicio\\\/\",\"logo\":{\"@type\":\"ImageObject\",\"inLanguage\":\"es\",\"@id\":\"https:\\\/\\\/diariotextual.com\\\/inicio\\\/#\\\/schema\\\/logo\\\/image\\\/\",\"url\":\"https:\\\/\\\/diariotextual.com\\\/inicio\\\/wp-content\\\/uploads\\\/2023\\\/05\\\/logotextual1.jpg\",\"contentUrl\":\"https:\\\/\\\/diariotextual.com\\\/inicio\\\/wp-content\\\/uploads\\\/2023\\\/05\\\/logotextual1.jpg\",\"width\":516,\"height\":76,\"caption\":\"Diario Textual\"},\"image\":{\"@id\":\"https:\\\/\\\/diariotextual.com\\\/inicio\\\/#\\\/schema\\\/logo\\\/image\\\/\"},\"sameAs\":[\"https:\\\/\\\/www.facebook.com\\\/eltextual\",\"https:\\\/\\\/x.com\\\/eltextual\",\"http:\\\/\\\/www.instagram.com\\\/eltextual\"]},{\"@type\":\"Person\",\"@id\":\"https:\\\/\\\/diariotextual.com\\\/inicio\\\/#\\\/schema\\\/person\\\/694f60677f23c4a530867a98f22b3768\",\"name\":\"diario2\",\"image\":{\"@type\":\"ImageObject\",\"inLanguage\":\"es\",\"@id\":\"https:\\\/\\\/secure.gravatar.com\\\/avatar\\\/5a2567495ba16b852fcd8f1ed006a2e24fcace936018ed8237e95f488ad6e0a7?s=96&d=mm&r=g\",\"url\":\"https:\\\/\\\/secure.gravatar.com\\\/avatar\\\/5a2567495ba16b852fcd8f1ed006a2e24fcace936018ed8237e95f488ad6e0a7?s=96&d=mm&r=g\",\"contentUrl\":\"https:\\\/\\\/secure.gravatar.com\\\/avatar\\\/5a2567495ba16b852fcd8f1ed006a2e24fcace936018ed8237e95f488ad6e0a7?s=96&d=mm&r=g\",\"caption\":\"diario2\"},\"url\":\"https:\\\/\\\/diariotextual.com\\\/inicio\\\/index.php\\\/author\\\/diario2\\\/\"}]}<\/script>\n<!-- \/ Yoast SEO plugin. -->","yoast_head_json":{"title":"Ziliotto: \u201cLa soberan\u00eda pol\u00edtica de La Pampa es innegociable\u201d - Diario Textual","robots":{"index":"index","follow":"follow","max-snippet":"max-snippet:-1","max-image-preview":"max-image-preview:large","max-video-preview":"max-video-preview:-1"},"canonical":"https:\/\/diariotextual.com\/inicio\/index.php\/2019\/09\/13\/ziliotto-la-soberania-politica-la-pampa-innegociable\/","og_locale":"es_ES","og_type":"article","og_title":"Ziliotto: \u201cLa soberan\u00eda pol\u00edtica de La Pampa es innegociable\u201d - Diario Textual","og_description":"El gobernador electo, Sergio Ziliotto (Frente Justicialista Pampeano), se refiri\u00f3 al nuevo escenario que se presenta en el conflicto por la construcci\u00f3n de la represa Portezuelo del Viento bajo el&hellip;","og_url":"https:\/\/diariotextual.com\/inicio\/index.php\/2019\/09\/13\/ziliotto-la-soberania-politica-la-pampa-innegociable\/","og_site_name":"Diario Textual","article_publisher":"https:\/\/www.facebook.com\/eltextual","article_published_time":"2019-09-13T15:27:00+00:00","article_modified_time":"2019-09-13T21:10:09+00:00","og_image":[{"width":1274,"height":900,"url":"https:\/\/diariotextual.com\/inicio\/wp-content\/uploads\/2019\/07\/ziliottoriocolorado444.jpg","type":"image\/jpeg"}],"author":"diario2","twitter_card":"summary_large_image","twitter_creator":"@eltextual","twitter_site":"@eltextual","twitter_misc":{"Escrito por":"diario2","Tiempo de lectura":"1 minuto"},"schema":{"@context":"https:\/\/schema.org","@graph":[{"@type":"Article","@id":"https:\/\/diariotextual.com\/inicio\/index.php\/2019\/09\/13\/ziliotto-la-soberania-politica-la-pampa-innegociable\/#article","isPartOf":{"@id":"https:\/\/diariotextual.com\/inicio\/index.php\/2019\/09\/13\/ziliotto-la-soberania-politica-la-pampa-innegociable\/"},"author":{"name":"diario2","@id":"https:\/\/diariotextual.com\/inicio\/#\/schema\/person\/694f60677f23c4a530867a98f22b3768"},"headline":"Ziliotto: \u201cLa soberan\u00eda pol\u00edtica de La Pampa es innegociable\u201d","datePublished":"2019-09-13T15:27:00+00:00","dateModified":"2019-09-13T21:10:09+00:00","mainEntityOfPage":{"@id":"https:\/\/diariotextual.com\/inicio\/index.php\/2019\/09\/13\/ziliotto-la-soberania-politica-la-pampa-innegociable\/"},"wordCount":291,"publisher":{"@id":"https:\/\/diariotextual.com\/inicio\/#organization"},"image":{"@id":"https:\/\/diariotextual.com\/inicio\/index.php\/2019\/09\/13\/ziliotto-la-soberania-politica-la-pampa-innegociable\/#primaryimage"},"thumbnailUrl":"https:\/\/diariotextual.com\/inicio\/wp-content\/uploads\/2019\/07\/ziliottoriocolorado444.jpg","articleSection":["A - QUE PASA (al costado)","A - TEMPORALES","POLITICA"],"inLanguage":"es"},{"@type":"WebPage","@id":"https:\/\/diariotextual.com\/inicio\/index.php\/2019\/09\/13\/ziliotto-la-soberania-politica-la-pampa-innegociable\/","url":"https:\/\/diariotextual.com\/inicio\/index.php\/2019\/09\/13\/ziliotto-la-soberania-politica-la-pampa-innegociable\/","name":"Ziliotto: \u201cLa soberan\u00eda pol\u00edtica de La Pampa es innegociable\u201d - Diario Textual","isPartOf":{"@id":"https:\/\/diariotextual.com\/inicio\/#website"},"primaryImageOfPage":{"@id":"https:\/\/diariotextual.com\/inicio\/index.php\/2019\/09\/13\/ziliotto-la-soberania-politica-la-pampa-innegociable\/#primaryimage"},"image":{"@id":"https:\/\/diariotextual.com\/inicio\/index.php\/2019\/09\/13\/ziliotto-la-soberania-politica-la-pampa-innegociable\/#primaryimage"},"thumbnailUrl":"https:\/\/diariotextual.com\/inicio\/wp-content\/uploads\/2019\/07\/ziliottoriocolorado444.jpg","datePublished":"2019-09-13T15:27:00+00:00","dateModified":"2019-09-13T21:10:09+00:00","breadcrumb":{"@id":"https:\/\/diariotextual.com\/inicio\/index.php\/2019\/09\/13\/ziliotto-la-soberania-politica-la-pampa-innegociable\/#breadcrumb"},"inLanguage":"es","potentialAction":[{"@type":"ReadAction","target":["https:\/\/diariotextual.com\/inicio\/index.php\/2019\/09\/13\/ziliotto-la-soberania-politica-la-pampa-innegociable\/"]}]},{"@type":"ImageObject","inLanguage":"es","@id":"https:\/\/diariotextual.com\/inicio\/index.php\/2019\/09\/13\/ziliotto-la-soberania-politica-la-pampa-innegociable\/#primaryimage","url":"https:\/\/diariotextual.com\/inicio\/wp-content\/uploads\/2019\/07\/ziliottoriocolorado444.jpg","contentUrl":"https:\/\/diariotextual.com\/inicio\/wp-content\/uploads\/2019\/07\/ziliottoriocolorado444.jpg","width":1274,"height":900},{"@type":"BreadcrumbList","@id":"https:\/\/diariotextual.com\/inicio\/index.php\/2019\/09\/13\/ziliotto-la-soberania-politica-la-pampa-innegociable\/#breadcrumb","itemListElement":[{"@type":"ListItem","position":1,"name":"Portada","item":"https:\/\/diariotextual.com\/inicio\/"},{"@type":"ListItem","position":2,"name":"Ziliotto: \u201cLa soberan\u00eda pol\u00edtica de La Pampa es innegociable\u201d"}]},{"@type":"WebSite","@id":"https:\/\/diariotextual.com\/inicio\/#website","url":"https:\/\/diariotextual.com\/inicio\/","name":"Diario Textual","description":"","publisher":{"@id":"https:\/\/diariotextual.com\/inicio\/#organization"},"potentialAction":[{"@type":"SearchAction","target":{"@type":"EntryPoint","urlTemplate":"https:\/\/diariotextual.com\/inicio\/?s={search_term_string}"},"query-input":{"@type":"PropertyValueSpecification","valueRequired":true,"valueName":"search_term_string"}}],"inLanguage":"es"},{"@type":"Organization","@id":"https:\/\/diariotextual.com\/inicio\/#organization","name":"Diario Textual","url":"https:\/\/diariotextual.com\/inicio\/","logo":{"@type":"ImageObject","inLanguage":"es","@id":"https:\/\/diariotextual.com\/inicio\/#\/schema\/logo\/image\/","url":"https:\/\/diariotextual.com\/inicio\/wp-content\/uploads\/2023\/05\/logotextual1.jpg","contentUrl":"https:\/\/diariotextual.com\/inicio\/wp-content\/uploads\/2023\/05\/logotextual1.jpg","width":516,"height":76,"caption":"Diario Textual"},"image":{"@id":"https:\/\/diariotextual.com\/inicio\/#\/schema\/logo\/image\/"},"sameAs":["https:\/\/www.facebook.com\/eltextual","https:\/\/x.com\/eltextual","http:\/\/www.instagram.com\/eltextual"]},{"@type":"Person","@id":"https:\/\/diariotextual.com\/inicio\/#\/schema\/person\/694f60677f23c4a530867a98f22b3768","name":"diario2","image":{"@type":"ImageObject","inLanguage":"es","@id":"https:\/\/secure.gravatar.com\/avatar\/5a2567495ba16b852fcd8f1ed006a2e24fcace936018ed8237e95f488ad6e0a7?s=96&d=mm&r=g","url":"https:\/\/secure.gravatar.com\/avatar\/5a2567495ba16b852fcd8f1ed006a2e24fcace936018ed8237e95f488ad6e0a7?s=96&d=mm&r=g","contentUrl":"https:\/\/secure.gravatar.com\/avatar\/5a2567495ba16b852fcd8f1ed006a2e24fcace936018ed8237e95f488ad6e0a7?s=96&d=mm&r=g","caption":"diario2"},"url":"https:\/\/diariotextual.com\/inicio\/index.php\/author\/diario2\/"}]}},"_links":{"self":[{"href":"https:\/\/diariotextual.com\/inicio\/index.php\/wp-json\/wp\/v2\/posts\/62580","targetHints":{"allow":["GET"]}}],"collection":[{"href":"https:\/\/diariotextual.com\/inicio\/index.php\/wp-json\/wp\/v2\/posts"}],"about":[{"href":"https:\/\/diariotextual.com\/inicio\/index.php\/wp-json\/wp\/v2\/types\/post"}],"author":[{"embeddable":true,"href":"https:\/\/diariotextual.com\/inicio\/index.php\/wp-json\/wp\/v2\/users\/4"}],"replies":[{"embeddable":true,"href":"https:\/\/diariotextual.com\/inicio\/index.php\/wp-json\/wp\/v2\/comments?post=62580"}],"version-history":[{"count":4,"href":"https:\/\/diariotextual.com\/inicio\/index.php\/wp-json\/wp\/v2\/posts\/62580\/revisions"}],"predecessor-version":[{"id":62592,"href":"https:\/\/diariotextual.com\/inicio\/index.php\/wp-json\/wp\/v2\/posts\/62580\/revisions\/62592"}],"wp:featuredmedia":[{"embeddable":true,"href":"https:\/\/diariotextual.com\/inicio\/index.php\/wp-json\/wp\/v2\/media\/57523"}],"wp:attachment":[{"href":"https:\/\/diariotextual.com\/inicio\/index.php\/wp-json\/wp\/v2\/media?parent=62580"}],"wp:term":[{"taxonomy":"category","embeddable":true,"href":"https:\/\/diariotextual.com\/inicio\/index.php\/wp-json\/wp\/v2\/categories?post=62580"},{"taxonomy":"post_tag","embeddable":true,"href":"https:\/\/diariotextual.com\/inicio\/index.php\/wp-json\/wp\/v2\/tags?post=62580"}],"curies":[{"name":"wp","href":"https:\/\/api.w.org\/{rel}","templated":true}]}}