{"id":62582,"date":"2019-09-13T12:27:36","date_gmt":"2019-09-13T15:27:36","guid":{"rendered":"http:\/\/diariotextual.com\/inicio\/?p=62582"},"modified":"2019-09-14T10:16:15","modified_gmt":"2019-09-14T13:16:15","slug":"portezuelo-verna-dijo-ahora-las-provincias-se-mostraron-libres-la-coaccion-macri","status":"publish","type":"post","link":"https:\/\/diariotextual.com\/inicio\/index.php\/2019\/09\/13\/portezuelo-verna-dijo-ahora-las-provincias-se-mostraron-libres-la-coaccion-macri\/","title":{"rendered":"Portezuelo: Verna dijo que ahora las provincias \u00abse mostraron libres de la coacci\u00f3n\u00bb de Macri"},"content":{"rendered":"<p>\u00abLas provincias que integran Coirco ayer se mostraron libres de la coacci\u00f3n del Gobierno Nacional y, por primera vez, votaron en contra de Portezuelo y a favor de los intereses de la gente\u00bb. Lo dijo este viernes el gobernador Carlos Verna, luego del giro de posici\u00f3n de las provincias de R\u00edo Negro, Neuqu\u00e9n y Buenos Aires.<\/p>\n<p>Ayer, se reuni\u00f3 el Comit\u00e9 Interprovincial del R\u00edo Colorado (Coirco) para analizar, una vez m\u00e1s, el proyecto de represa hidroel\u00e9ctrica Portezuelo del Viento. <strong>Mendoza no envi\u00f3 representantes y el resto de las provincias -entre ellas La Pampa- le dieron un duro golpe: reclam\u00f3 un nuevo estudio de impacto ambiental y una audiencia p\u00fablica nacional por Portezuelo.<\/strong><\/p>\n<p>Igual este viernes el gobernador mendocino Alfredo Cornejo desoy\u00f3 al Coirco y firm\u00f3 el decreto de autorizaci\u00f3n de los pliegos del llamado a licitaci\u00f3n.<\/p>\n<p>&nbsp;<\/p>\n<blockquote class=\"wp-embedded-content\" data-secret=\"SyqKo2kJkI\"><p><a href=\"http:\/\/diariotextual.com\/inicio\/index.php\/2019\/09\/13\/cornejo-desoyo-al-coirco-firmo-los-pliegos-la-licitacion-portezuelo\/\">Cornejo desoy\u00f3 al Coirco y firm\u00f3 los pliegos de la licitaci\u00f3n de Portezuelo<\/a><\/p><\/blockquote>\n<p><iframe class=\"wp-embedded-content\" sandbox=\"allow-scripts\" security=\"restricted\" style=\"position: absolute; clip: rect(1px, 1px, 1px, 1px);\" src=\"http:\/\/diariotextual.com\/inicio\/index.php\/2019\/09\/13\/cornejo-desoyo-al-coirco-firmo-los-pliegos-la-licitacion-portezuelo\/embed\/#?secret=SyqKo2kJkI\" data-secret=\"SyqKo2kJkI\" width=\"600\" height=\"338\" title=\"&#171;Cornejo desoy\u00f3 al Coirco y firm\u00f3 los pliegos de la licitaci\u00f3n de Portezuelo&#187; &#8212; Diario Textual\" frameborder=\"0\" marginwidth=\"0\" marginheight=\"0\" scrolling=\"no\"><\/iframe><\/p>\n<p><strong>La obra tendr\u00e1 un costo de 1.023 millones de d\u00f3lares.<\/strong>\u00a0Mendoza y Naci\u00f3n pretenden realizar la obra de Portezuelo sobre el r\u00edo Grande, tributario del Colorado.<\/p>\n<p><strong>Ya est\u00e1 el financiamiento, en Letras del Tesoro Nacional<\/strong>, seg\u00fan lo estableci\u00f3 un reciente decreto de Mauricio Macri.<\/p>\n<p>Ese dinero estar\u00e1 destinado a la construcci\u00f3n de una represa de 185 metros de alto, de las m\u00e1s altas del planeta, m\u00e1s una central hidroel\u00e9ctrica con capacidad para abastecer a\u00a0<strong>130.000 usuarios<\/strong>. Tambi\u00e9n est\u00e1 prevista la nueva traza de las\u00a0<strong>ruta nacional 145 y la de la provincial 226\u00a0<\/strong>(que quedar\u00e1n bajo el agua), la relocalizaci\u00f3n del pueblo de Las Loicas y tambi\u00e9n la l\u00ednea el\u00e9ctrica que conducir\u00e1 la energ\u00eda desde la presa hasta Malarg\u00fce.<\/p>\n<p><strong>El plazo de construcci\u00f3n es de 5 a\u00f1os y estiman que generar\u00e1 5.000 puestos de trabajo directos e indirectos.<\/strong><\/p>\n<p>La obra de Portezuelo es resistida por el Gobierno pampeano y por ONG\u2019s ambientalistas de casi toda la cuenca:\u00a0<strong>podr\u00eda afectar la cantidad y calidad de agua del r\u00edo Colorado<\/strong>.<\/p>\n<p><strong>Esta etapa no contempla a\u00fan el trasvase de agua desde el r\u00edo Grande al Atuel, aunque ese es el objetivo principal del Estado mendocino.<\/strong>\u00a0La Pampa tambi\u00e9n se niega al trasvase.<\/p>\n<blockquote class=\"wp-embedded-content\" data-secret=\"BOyEGZvD3B\"><p><a href=\"http:\/\/diariotextual.com\/inicio\/index.php\/2019\/09\/13\/ziliotto-la-soberania-politica-la-pampa-innegociable\/\">Ziliotto: \u201cLa soberan\u00eda pol\u00edtica de La Pampa es innegociable\u201d<\/a><\/p><\/blockquote>\n<p><iframe class=\"wp-embedded-content\" sandbox=\"allow-scripts\" security=\"restricted\" style=\"position: absolute; clip: rect(1px, 1px, 1px, 1px);\" src=\"http:\/\/diariotextual.com\/inicio\/index.php\/2019\/09\/13\/ziliotto-la-soberania-politica-la-pampa-innegociable\/embed\/#?secret=BOyEGZvD3B\" data-secret=\"BOyEGZvD3B\" width=\"600\" height=\"338\" title=\"&#171;Ziliotto: \u201cLa soberan\u00eda pol\u00edtica de La Pampa es innegociable\u201d&#187; &#8212; Diario Textual\" frameborder=\"0\" marginwidth=\"0\" marginheight=\"0\" scrolling=\"no\"><\/iframe><\/p>\n<p>&nbsp;<\/p>\n<p>&nbsp;<\/p>\n<p>&nbsp;<\/p>\n<p>&nbsp;<\/p>\n<p>&nbsp;<\/p>\n","protected":false},"excerpt":{"rendered":"<p>\u00abLas provincias que integran Coirco ayer se mostraron libres de la coacci\u00f3n del Gobierno Nacional y, por primera vez, votaron en contra de Portezuelo y a favor de los intereses&hellip;<\/p>\n","protected":false},"author":3,"featured_media":60247,"comment_status":"closed","ping_status":"open","sticky":false,"template":"","format":"standard","meta":{"_acf_changed":false,"footnotes":""},"categories":[11,319,8],"tags":[259],"class_list":["post-62582","post","type-post","status-publish","format-standard","has-post-thumbnail","hentry","category-que-pasa","category-a-temporales","category-politica","tag-portezuelo"],"acf":[],"yoast_head":"<!-- This site is optimized with the Yoast SEO plugin v27.5 - https:\/\/yoast.com\/product\/yoast-seo-wordpress\/ -->\n<title>Portezuelo: Verna dijo que ahora las provincias &quot;se mostraron libres de la coacci\u00f3n&quot; de Macri - Diario Textual<\/title>\n<meta name=\"robots\" content=\"index, follow, max-snippet:-1, max-image-preview:large, max-video-preview:-1\" \/>\n<link rel=\"canonical\" href=\"https:\/\/diariotextual.com\/inicio\/index.php\/2019\/09\/13\/portezuelo-verna-dijo-ahora-las-provincias-se-mostraron-libres-la-coaccion-macri\/\" \/>\n<meta property=\"og:locale\" content=\"es_ES\" \/>\n<meta property=\"og:type\" content=\"article\" \/>\n<meta property=\"og:title\" content=\"Portezuelo: Verna dijo que ahora las provincias &quot;se mostraron libres de la coacci\u00f3n&quot; de Macri - Diario Textual\" \/>\n<meta property=\"og:description\" content=\"\u00abLas provincias que integran Coirco ayer se mostraron libres de la coacci\u00f3n del Gobierno Nacional y, por primera vez, votaron en contra de Portezuelo y a favor de los intereses&hellip;\" \/>\n<meta property=\"og:url\" content=\"https:\/\/diariotextual.com\/inicio\/index.php\/2019\/09\/13\/portezuelo-verna-dijo-ahora-las-provincias-se-mostraron-libres-la-coaccion-macri\/\" \/>\n<meta property=\"og:site_name\" content=\"Diario Textual\" \/>\n<meta property=\"article:publisher\" content=\"https:\/\/www.facebook.com\/eltextual\" \/>\n<meta property=\"article:published_time\" content=\"2019-09-13T15:27:36+00:00\" \/>\n<meta property=\"article:modified_time\" content=\"2019-09-14T13:16:15+00:00\" \/>\n<meta property=\"og:image\" content=\"https:\/\/diariotextual.com\/inicio\/wp-content\/uploads\/2019\/08\/vernacarlosbuenosaires2019-1.jpg\" \/>\n\t<meta property=\"og:image:width\" content=\"1022\" \/>\n\t<meta property=\"og:image:height\" content=\"681\" \/>\n\t<meta property=\"og:image:type\" content=\"image\/jpeg\" \/>\n<meta name=\"author\" content=\"Diario1 Diario1\" \/>\n<meta name=\"twitter:card\" content=\"summary_large_image\" \/>\n<meta name=\"twitter:creator\" content=\"@eltextual\" \/>\n<meta name=\"twitter:site\" content=\"@eltextual\" \/>\n<meta name=\"twitter:label1\" content=\"Escrito por\" \/>\n\t<meta name=\"twitter:data1\" content=\"Diario1 Diario1\" \/>\n\t<meta name=\"twitter:label2\" content=\"Tiempo de lectura\" \/>\n\t<meta name=\"twitter:data2\" content=\"2 minutos\" \/>\n<script type=\"application\/ld+json\" class=\"yoast-schema-graph\">{\"@context\":\"https:\\\/\\\/schema.org\",\"@graph\":[{\"@type\":\"Article\",\"@id\":\"https:\\\/\\\/diariotextual.com\\\/inicio\\\/index.php\\\/2019\\\/09\\\/13\\\/portezuelo-verna-dijo-ahora-las-provincias-se-mostraron-libres-la-coaccion-macri\\\/#article\",\"isPartOf\":{\"@id\":\"https:\\\/\\\/diariotextual.com\\\/inicio\\\/index.php\\\/2019\\\/09\\\/13\\\/portezuelo-verna-dijo-ahora-las-provincias-se-mostraron-libres-la-coaccion-macri\\\/\"},\"author\":{\"name\":\"Diario1 Diario1\",\"@id\":\"https:\\\/\\\/diariotextual.com\\\/inicio\\\/#\\\/schema\\\/person\\\/418fc4093c33e86ed41562db3508f958\"},\"headline\":\"Portezuelo: Verna dijo que ahora las provincias \u00abse mostraron libres de la coacci\u00f3n\u00bb de Macri\",\"datePublished\":\"2019-09-13T15:27:36+00:00\",\"dateModified\":\"2019-09-14T13:16:15+00:00\",\"mainEntityOfPage\":{\"@id\":\"https:\\\/\\\/diariotextual.com\\\/inicio\\\/index.php\\\/2019\\\/09\\\/13\\\/portezuelo-verna-dijo-ahora-las-provincias-se-mostraron-libres-la-coaccion-macri\\\/\"},\"wordCount\":398,\"publisher\":{\"@id\":\"https:\\\/\\\/diariotextual.com\\\/inicio\\\/#organization\"},\"image\":{\"@id\":\"https:\\\/\\\/diariotextual.com\\\/inicio\\\/index.php\\\/2019\\\/09\\\/13\\\/portezuelo-verna-dijo-ahora-las-provincias-se-mostraron-libres-la-coaccion-macri\\\/#primaryimage\"},\"thumbnailUrl\":\"https:\\\/\\\/diariotextual.com\\\/inicio\\\/wp-content\\\/uploads\\\/2019\\\/08\\\/vernacarlosbuenosaires2019-1.jpg\",\"keywords\":[\"portezuelo\"],\"articleSection\":[\"A - QUE PASA (al costado)\",\"A - TEMPORALES\",\"POLITICA\"],\"inLanguage\":\"es\"},{\"@type\":\"WebPage\",\"@id\":\"https:\\\/\\\/diariotextual.com\\\/inicio\\\/index.php\\\/2019\\\/09\\\/13\\\/portezuelo-verna-dijo-ahora-las-provincias-se-mostraron-libres-la-coaccion-macri\\\/\",\"url\":\"https:\\\/\\\/diariotextual.com\\\/inicio\\\/index.php\\\/2019\\\/09\\\/13\\\/portezuelo-verna-dijo-ahora-las-provincias-se-mostraron-libres-la-coaccion-macri\\\/\",\"name\":\"Portezuelo: Verna dijo que ahora las provincias \\\"se mostraron libres de la coacci\u00f3n\\\" de Macri - Diario Textual\",\"isPartOf\":{\"@id\":\"https:\\\/\\\/diariotextual.com\\\/inicio\\\/#website\"},\"primaryImageOfPage\":{\"@id\":\"https:\\\/\\\/diariotextual.com\\\/inicio\\\/index.php\\\/2019\\\/09\\\/13\\\/portezuelo-verna-dijo-ahora-las-provincias-se-mostraron-libres-la-coaccion-macri\\\/#primaryimage\"},\"image\":{\"@id\":\"https:\\\/\\\/diariotextual.com\\\/inicio\\\/index.php\\\/2019\\\/09\\\/13\\\/portezuelo-verna-dijo-ahora-las-provincias-se-mostraron-libres-la-coaccion-macri\\\/#primaryimage\"},\"thumbnailUrl\":\"https:\\\/\\\/diariotextual.com\\\/inicio\\\/wp-content\\\/uploads\\\/2019\\\/08\\\/vernacarlosbuenosaires2019-1.jpg\",\"datePublished\":\"2019-09-13T15:27:36+00:00\",\"dateModified\":\"2019-09-14T13:16:15+00:00\",\"breadcrumb\":{\"@id\":\"https:\\\/\\\/diariotextual.com\\\/inicio\\\/index.php\\\/2019\\\/09\\\/13\\\/portezuelo-verna-dijo-ahora-las-provincias-se-mostraron-libres-la-coaccion-macri\\\/#breadcrumb\"},\"inLanguage\":\"es\",\"potentialAction\":[{\"@type\":\"ReadAction\",\"target\":[\"https:\\\/\\\/diariotextual.com\\\/inicio\\\/index.php\\\/2019\\\/09\\\/13\\\/portezuelo-verna-dijo-ahora-las-provincias-se-mostraron-libres-la-coaccion-macri\\\/\"]}]},{\"@type\":\"ImageObject\",\"inLanguage\":\"es\",\"@id\":\"https:\\\/\\\/diariotextual.com\\\/inicio\\\/index.php\\\/2019\\\/09\\\/13\\\/portezuelo-verna-dijo-ahora-las-provincias-se-mostraron-libres-la-coaccion-macri\\\/#primaryimage\",\"url\":\"https:\\\/\\\/diariotextual.com\\\/inicio\\\/wp-content\\\/uploads\\\/2019\\\/08\\\/vernacarlosbuenosaires2019-1.jpg\",\"contentUrl\":\"https:\\\/\\\/diariotextual.com\\\/inicio\\\/wp-content\\\/uploads\\\/2019\\\/08\\\/vernacarlosbuenosaires2019-1.jpg\",\"width\":1022,\"height\":681},{\"@type\":\"BreadcrumbList\",\"@id\":\"https:\\\/\\\/diariotextual.com\\\/inicio\\\/index.php\\\/2019\\\/09\\\/13\\\/portezuelo-verna-dijo-ahora-las-provincias-se-mostraron-libres-la-coaccion-macri\\\/#breadcrumb\",\"itemListElement\":[{\"@type\":\"ListItem\",\"position\":1,\"name\":\"Portada\",\"item\":\"https:\\\/\\\/diariotextual.com\\\/inicio\\\/\"},{\"@type\":\"ListItem\",\"position\":2,\"name\":\"Portezuelo: Verna dijo que ahora las provincias \u00abse mostraron libres de la coacci\u00f3n\u00bb de Macri\"}]},{\"@type\":\"WebSite\",\"@id\":\"https:\\\/\\\/diariotextual.com\\\/inicio\\\/#website\",\"url\":\"https:\\\/\\\/diariotextual.com\\\/inicio\\\/\",\"name\":\"Diario Textual\",\"description\":\"\",\"publisher\":{\"@id\":\"https:\\\/\\\/diariotextual.com\\\/inicio\\\/#organization\"},\"potentialAction\":[{\"@type\":\"SearchAction\",\"target\":{\"@type\":\"EntryPoint\",\"urlTemplate\":\"https:\\\/\\\/diariotextual.com\\\/inicio\\\/?s={search_term_string}\"},\"query-input\":{\"@type\":\"PropertyValueSpecification\",\"valueRequired\":true,\"valueName\":\"search_term_string\"}}],\"inLanguage\":\"es\"},{\"@type\":\"Organization\",\"@id\":\"https:\\\/\\\/diariotextual.com\\\/inicio\\\/#organization\",\"name\":\"Diario Textual\",\"url\":\"https:\\\/\\\/diariotextual.com\\\/inicio\\\/\",\"logo\":{\"@type\":\"ImageObject\",\"inLanguage\":\"es\",\"@id\":\"https:\\\/\\\/diariotextual.com\\\/inicio\\\/#\\\/schema\\\/logo\\\/image\\\/\",\"url\":\"https:\\\/\\\/diariotextual.com\\\/inicio\\\/wp-content\\\/uploads\\\/2023\\\/05\\\/logotextual1.jpg\",\"contentUrl\":\"https:\\\/\\\/diariotextual.com\\\/inicio\\\/wp-content\\\/uploads\\\/2023\\\/05\\\/logotextual1.jpg\",\"width\":516,\"height\":76,\"caption\":\"Diario Textual\"},\"image\":{\"@id\":\"https:\\\/\\\/diariotextual.com\\\/inicio\\\/#\\\/schema\\\/logo\\\/image\\\/\"},\"sameAs\":[\"https:\\\/\\\/www.facebook.com\\\/eltextual\",\"https:\\\/\\\/x.com\\\/eltextual\",\"http:\\\/\\\/www.instagram.com\\\/eltextual\"]},{\"@type\":\"Person\",\"@id\":\"https:\\\/\\\/diariotextual.com\\\/inicio\\\/#\\\/schema\\\/person\\\/418fc4093c33e86ed41562db3508f958\",\"name\":\"Diario1 Diario1\",\"image\":{\"@type\":\"ImageObject\",\"inLanguage\":\"es\",\"@id\":\"https:\\\/\\\/secure.gravatar.com\\\/avatar\\\/9167d280179c85bc18be67aa7eda765854300033af4896dd779b608640f2ef7a?s=96&d=mm&r=g\",\"url\":\"https:\\\/\\\/secure.gravatar.com\\\/avatar\\\/9167d280179c85bc18be67aa7eda765854300033af4896dd779b608640f2ef7a?s=96&d=mm&r=g\",\"contentUrl\":\"https:\\\/\\\/secure.gravatar.com\\\/avatar\\\/9167d280179c85bc18be67aa7eda765854300033af4896dd779b608640f2ef7a?s=96&d=mm&r=g\",\"caption\":\"Diario1 Diario1\"},\"url\":\"https:\\\/\\\/diariotextual.com\\\/inicio\\\/index.php\\\/author\\\/diario1\\\/\"}]}<\/script>\n<!-- \/ Yoast SEO plugin. -->","yoast_head_json":{"title":"Portezuelo: Verna dijo que ahora las provincias \"se mostraron libres de la coacci\u00f3n\" de Macri - Diario Textual","robots":{"index":"index","follow":"follow","max-snippet":"max-snippet:-1","max-image-preview":"max-image-preview:large","max-video-preview":"max-video-preview:-1"},"canonical":"https:\/\/diariotextual.com\/inicio\/index.php\/2019\/09\/13\/portezuelo-verna-dijo-ahora-las-provincias-se-mostraron-libres-la-coaccion-macri\/","og_locale":"es_ES","og_type":"article","og_title":"Portezuelo: Verna dijo que ahora las provincias \"se mostraron libres de la coacci\u00f3n\" de Macri - Diario Textual","og_description":"\u00abLas provincias que integran Coirco ayer se mostraron libres de la coacci\u00f3n del Gobierno Nacional y, por primera vez, votaron en contra de Portezuelo y a favor de los intereses&hellip;","og_url":"https:\/\/diariotextual.com\/inicio\/index.php\/2019\/09\/13\/portezuelo-verna-dijo-ahora-las-provincias-se-mostraron-libres-la-coaccion-macri\/","og_site_name":"Diario Textual","article_publisher":"https:\/\/www.facebook.com\/eltextual","article_published_time":"2019-09-13T15:27:36+00:00","article_modified_time":"2019-09-14T13:16:15+00:00","og_image":[{"width":1022,"height":681,"url":"https:\/\/diariotextual.com\/inicio\/wp-content\/uploads\/2019\/08\/vernacarlosbuenosaires2019-1.jpg","type":"image\/jpeg"}],"author":"Diario1 Diario1","twitter_card":"summary_large_image","twitter_creator":"@eltextual","twitter_site":"@eltextual","twitter_misc":{"Escrito por":"Diario1 Diario1","Tiempo de lectura":"2 minutos"},"schema":{"@context":"https:\/\/schema.org","@graph":[{"@type":"Article","@id":"https:\/\/diariotextual.com\/inicio\/index.php\/2019\/09\/13\/portezuelo-verna-dijo-ahora-las-provincias-se-mostraron-libres-la-coaccion-macri\/#article","isPartOf":{"@id":"https:\/\/diariotextual.com\/inicio\/index.php\/2019\/09\/13\/portezuelo-verna-dijo-ahora-las-provincias-se-mostraron-libres-la-coaccion-macri\/"},"author":{"name":"Diario1 Diario1","@id":"https:\/\/diariotextual.com\/inicio\/#\/schema\/person\/418fc4093c33e86ed41562db3508f958"},"headline":"Portezuelo: Verna dijo que ahora las provincias \u00abse mostraron libres de la coacci\u00f3n\u00bb de Macri","datePublished":"2019-09-13T15:27:36+00:00","dateModified":"2019-09-14T13:16:15+00:00","mainEntityOfPage":{"@id":"https:\/\/diariotextual.com\/inicio\/index.php\/2019\/09\/13\/portezuelo-verna-dijo-ahora-las-provincias-se-mostraron-libres-la-coaccion-macri\/"},"wordCount":398,"publisher":{"@id":"https:\/\/diariotextual.com\/inicio\/#organization"},"image":{"@id":"https:\/\/diariotextual.com\/inicio\/index.php\/2019\/09\/13\/portezuelo-verna-dijo-ahora-las-provincias-se-mostraron-libres-la-coaccion-macri\/#primaryimage"},"thumbnailUrl":"https:\/\/diariotextual.com\/inicio\/wp-content\/uploads\/2019\/08\/vernacarlosbuenosaires2019-1.jpg","keywords":["portezuelo"],"articleSection":["A - QUE PASA (al costado)","A - TEMPORALES","POLITICA"],"inLanguage":"es"},{"@type":"WebPage","@id":"https:\/\/diariotextual.com\/inicio\/index.php\/2019\/09\/13\/portezuelo-verna-dijo-ahora-las-provincias-se-mostraron-libres-la-coaccion-macri\/","url":"https:\/\/diariotextual.com\/inicio\/index.php\/2019\/09\/13\/portezuelo-verna-dijo-ahora-las-provincias-se-mostraron-libres-la-coaccion-macri\/","name":"Portezuelo: Verna dijo que ahora las provincias \"se mostraron libres de la coacci\u00f3n\" de Macri - Diario Textual","isPartOf":{"@id":"https:\/\/diariotextual.com\/inicio\/#website"},"primaryImageOfPage":{"@id":"https:\/\/diariotextual.com\/inicio\/index.php\/2019\/09\/13\/portezuelo-verna-dijo-ahora-las-provincias-se-mostraron-libres-la-coaccion-macri\/#primaryimage"},"image":{"@id":"https:\/\/diariotextual.com\/inicio\/index.php\/2019\/09\/13\/portezuelo-verna-dijo-ahora-las-provincias-se-mostraron-libres-la-coaccion-macri\/#primaryimage"},"thumbnailUrl":"https:\/\/diariotextual.com\/inicio\/wp-content\/uploads\/2019\/08\/vernacarlosbuenosaires2019-1.jpg","datePublished":"2019-09-13T15:27:36+00:00","dateModified":"2019-09-14T13:16:15+00:00","breadcrumb":{"@id":"https:\/\/diariotextual.com\/inicio\/index.php\/2019\/09\/13\/portezuelo-verna-dijo-ahora-las-provincias-se-mostraron-libres-la-coaccion-macri\/#breadcrumb"},"inLanguage":"es","potentialAction":[{"@type":"ReadAction","target":["https:\/\/diariotextual.com\/inicio\/index.php\/2019\/09\/13\/portezuelo-verna-dijo-ahora-las-provincias-se-mostraron-libres-la-coaccion-macri\/"]}]},{"@type":"ImageObject","inLanguage":"es","@id":"https:\/\/diariotextual.com\/inicio\/index.php\/2019\/09\/13\/portezuelo-verna-dijo-ahora-las-provincias-se-mostraron-libres-la-coaccion-macri\/#primaryimage","url":"https:\/\/diariotextual.com\/inicio\/wp-content\/uploads\/2019\/08\/vernacarlosbuenosaires2019-1.jpg","contentUrl":"https:\/\/diariotextual.com\/inicio\/wp-content\/uploads\/2019\/08\/vernacarlosbuenosaires2019-1.jpg","width":1022,"height":681},{"@type":"BreadcrumbList","@id":"https:\/\/diariotextual.com\/inicio\/index.php\/2019\/09\/13\/portezuelo-verna-dijo-ahora-las-provincias-se-mostraron-libres-la-coaccion-macri\/#breadcrumb","itemListElement":[{"@type":"ListItem","position":1,"name":"Portada","item":"https:\/\/diariotextual.com\/inicio\/"},{"@type":"ListItem","position":2,"name":"Portezuelo: Verna dijo que ahora las provincias \u00abse mostraron libres de la coacci\u00f3n\u00bb de Macri"}]},{"@type":"WebSite","@id":"https:\/\/diariotextual.com\/inicio\/#website","url":"https:\/\/diariotextual.com\/inicio\/","name":"Diario Textual","description":"","publisher":{"@id":"https:\/\/diariotextual.com\/inicio\/#organization"},"potentialAction":[{"@type":"SearchAction","target":{"@type":"EntryPoint","urlTemplate":"https:\/\/diariotextual.com\/inicio\/?s={search_term_string}"},"query-input":{"@type":"PropertyValueSpecification","valueRequired":true,"valueName":"search_term_string"}}],"inLanguage":"es"},{"@type":"Organization","@id":"https:\/\/diariotextual.com\/inicio\/#organization","name":"Diario Textual","url":"https:\/\/diariotextual.com\/inicio\/","logo":{"@type":"ImageObject","inLanguage":"es","@id":"https:\/\/diariotextual.com\/inicio\/#\/schema\/logo\/image\/","url":"https:\/\/diariotextual.com\/inicio\/wp-content\/uploads\/2023\/05\/logotextual1.jpg","contentUrl":"https:\/\/diariotextual.com\/inicio\/wp-content\/uploads\/2023\/05\/logotextual1.jpg","width":516,"height":76,"caption":"Diario Textual"},"image":{"@id":"https:\/\/diariotextual.com\/inicio\/#\/schema\/logo\/image\/"},"sameAs":["https:\/\/www.facebook.com\/eltextual","https:\/\/x.com\/eltextual","http:\/\/www.instagram.com\/eltextual"]},{"@type":"Person","@id":"https:\/\/diariotextual.com\/inicio\/#\/schema\/person\/418fc4093c33e86ed41562db3508f958","name":"Diario1 Diario1","image":{"@type":"ImageObject","inLanguage":"es","@id":"https:\/\/secure.gravatar.com\/avatar\/9167d280179c85bc18be67aa7eda765854300033af4896dd779b608640f2ef7a?s=96&d=mm&r=g","url":"https:\/\/secure.gravatar.com\/avatar\/9167d280179c85bc18be67aa7eda765854300033af4896dd779b608640f2ef7a?s=96&d=mm&r=g","contentUrl":"https:\/\/secure.gravatar.com\/avatar\/9167d280179c85bc18be67aa7eda765854300033af4896dd779b608640f2ef7a?s=96&d=mm&r=g","caption":"Diario1 Diario1"},"url":"https:\/\/diariotextual.com\/inicio\/index.php\/author\/diario1\/"}]}},"_links":{"self":[{"href":"https:\/\/diariotextual.com\/inicio\/index.php\/wp-json\/wp\/v2\/posts\/62582","targetHints":{"allow":["GET"]}}],"collection":[{"href":"https:\/\/diariotextual.com\/inicio\/index.php\/wp-json\/wp\/v2\/posts"}],"about":[{"href":"https:\/\/diariotextual.com\/inicio\/index.php\/wp-json\/wp\/v2\/types\/post"}],"author":[{"embeddable":true,"href":"https:\/\/diariotextual.com\/inicio\/index.php\/wp-json\/wp\/v2\/users\/3"}],"replies":[{"embeddable":true,"href":"https:\/\/diariotextual.com\/inicio\/index.php\/wp-json\/wp\/v2\/comments?post=62582"}],"version-history":[{"count":4,"href":"https:\/\/diariotextual.com\/inicio\/index.php\/wp-json\/wp\/v2\/posts\/62582\/revisions"}],"predecessor-version":[{"id":62590,"href":"https:\/\/diariotextual.com\/inicio\/index.php\/wp-json\/wp\/v2\/posts\/62582\/revisions\/62590"}],"wp:featuredmedia":[{"embeddable":true,"href":"https:\/\/diariotextual.com\/inicio\/index.php\/wp-json\/wp\/v2\/media\/60247"}],"wp:attachment":[{"href":"https:\/\/diariotextual.com\/inicio\/index.php\/wp-json\/wp\/v2\/media?parent=62582"}],"wp:term":[{"taxonomy":"category","embeddable":true,"href":"https:\/\/diariotextual.com\/inicio\/index.php\/wp-json\/wp\/v2\/categories?post=62582"},{"taxonomy":"post_tag","embeddable":true,"href":"https:\/\/diariotextual.com\/inicio\/index.php\/wp-json\/wp\/v2\/tags?post=62582"}],"curies":[{"name":"wp","href":"https:\/\/api.w.org\/{rel}","templated":true}]}}