{"id":62619,"date":"2019-09-13T18:08:46","date_gmt":"2019-09-13T21:08:46","guid":{"rendered":"http:\/\/diariotextual.com\/inicio\/?p=62619"},"modified":"2019-09-14T11:40:16","modified_gmt":"2019-09-14T14:40:16","slug":"gobierno-volvio-cuestionar-nacion-no-una-casa-la-pampa","status":"publish","type":"post","link":"https:\/\/diariotextual.com\/inicio\/index.php\/2019\/09\/13\/gobierno-volvio-cuestionar-nacion-no-una-casa-la-pampa\/","title":{"rendered":"El Gobierno volvi\u00f3 a cuestionar a Naci\u00f3n por no hacer \u00abni una casa\u00bb en La Pampa"},"content":{"rendered":"<p>El ministro de Gobierno y Justicia de la Provincia, <strong>Daniel Pablo Bensus\u00e1n<\/strong>, lament\u00f3 hoy que el Gobierno Nacional haya discriminado durante cuatro a\u00f1os a La Pampa en el env\u00edo de fondos para viviendas sociales, y resalt\u00f3 la creaci\u00f3n del programa Mi Casa. El funcionario estuvo encabezando una jornada de trabajo en Trenel, donde se entregaron actas del programa Protecci\u00f3n de la Vivienda.<\/p>\n<p>\u201cLamentablemente, en estos cuatro a\u00f1os del actual Gobierno Nacional, La Pampa ha sido discriminada en lo que se refiere al env\u00edo de fondos para la construcci\u00f3n de viviendas sociales. <strong>No se pudo hacer ni una casa con recursos enviados por Naci\u00f3n<\/strong>. Es por este motivo que el gobernador Carlos Verna decidi\u00f3 instrumentar la creaci\u00f3n del Programa Mi Casa, un esfuerzo compartido entre las Provincia y los municipios, para la realizaci\u00f3n de viviendas sociales. Podemos citar el ejemplo de Trenel, que a trav\u00e9s de este este programa ya construyeron y entregaron diez viviendas\u201d, dijo.<\/p>\n<p>En funci\u00f3n de esta carencia, y la respuesta dada por la Provincia y los municipios, resalt\u00f3 que \u201cpor eso es tan importante\u00bb el programa Protecci\u00f3n de la Vivienda. \u00abTenemos una cultura heredada de nuestros mayores, de dar una importancia fundamental a la casa propia, y a trav\u00e9s del programa los vecinos pueden dar una tranquilidad a sus hijos y nietos de que su casa no puede ser embargada, ni quitada\u201d, dijo.<\/p>\n<p>\u00abTrenel -dijo- es la localidad donde m\u00e1s vecinos adhirieron al programa de Protecci\u00f3n de la Vivienda. Estamos difundiendo este beneficio desde que empezamos la gesti\u00f3n, porque es un tr\u00e1mite sencillo y gratuito\u201d.<\/p>\n<p>En este sentido tambi\u00e9n reconoci\u00f3 el rol de los municipios que firmaron convenios con Gobierno. \u00abSon facilitadores del acercamiento de los vecinos al programa, sin que tengan que viajar hasta la capital pampeana\u201d, dijo.<\/p>\n<p>Finalmente inform\u00f3 que, en lo que va de la actual gesti\u00f3n, se entregaron m\u00e1s de<strong> 2000 actas de protecci\u00f3n de vivienda<\/strong>.<\/p>\n<p><img fetchpriority=\"high\" decoding=\"async\" class=\"alignnone wp-image-62620 size-large\" src=\"http:\/\/diariotextual.com\/inicio\/wp-content\/uploads\/2019\/09\/bensusanpablotrenel2019-1-1024x576.jpg\" alt=\"\" width=\"1024\" height=\"576\" srcset=\"https:\/\/diariotextual.com\/inicio\/wp-content\/uploads\/2019\/09\/bensusanpablotrenel2019-1-1024x576.jpg 1024w, https:\/\/diariotextual.com\/inicio\/wp-content\/uploads\/2019\/09\/bensusanpablotrenel2019-1-300x169.jpg 300w, https:\/\/diariotextual.com\/inicio\/wp-content\/uploads\/2019\/09\/bensusanpablotrenel2019-1-768x432.jpg 768w, https:\/\/diariotextual.com\/inicio\/wp-content\/uploads\/2019\/09\/bensusanpablotrenel2019-1-1170x658.jpg 1170w, https:\/\/diariotextual.com\/inicio\/wp-content\/uploads\/2019\/09\/bensusanpablotrenel2019-1-585x329.jpg 585w\" sizes=\"(max-width: 1024px) 100vw, 1024px\" \/><\/p>\n<p>&nbsp;<\/p>\n","protected":false},"excerpt":{"rendered":"<p>El ministro de Gobierno y Justicia de la Provincia, Daniel Pablo Bensus\u00e1n, lament\u00f3 hoy que el Gobierno Nacional haya discriminado durante cuatro a\u00f1os a La Pampa en el env\u00edo de&hellip;<\/p>\n","protected":false},"author":3,"featured_media":62623,"comment_status":"closed","ping_status":"open","sticky":false,"template":"","format":"standard","meta":{"_acf_changed":false,"footnotes":""},"categories":[11,319,8],"tags":[],"class_list":["post-62619","post","type-post","status-publish","format-standard","has-post-thumbnail","hentry","category-que-pasa","category-a-temporales","category-politica"],"acf":[],"yoast_head":"<!-- This site is optimized with the Yoast SEO plugin v27.5 - https:\/\/yoast.com\/product\/yoast-seo-wordpress\/ -->\n<title>El Gobierno volvi\u00f3 a cuestionar a Naci\u00f3n por no hacer &quot;ni una casa&quot; en La Pampa - Diario Textual<\/title>\n<meta name=\"robots\" content=\"index, follow, max-snippet:-1, max-image-preview:large, max-video-preview:-1\" \/>\n<link rel=\"canonical\" href=\"https:\/\/diariotextual.com\/inicio\/index.php\/2019\/09\/13\/gobierno-volvio-cuestionar-nacion-no-una-casa-la-pampa\/\" \/>\n<meta property=\"og:locale\" content=\"es_ES\" \/>\n<meta property=\"og:type\" content=\"article\" \/>\n<meta property=\"og:title\" content=\"El Gobierno volvi\u00f3 a cuestionar a Naci\u00f3n por no hacer &quot;ni una casa&quot; en La Pampa - Diario Textual\" \/>\n<meta property=\"og:description\" content=\"El ministro de Gobierno y Justicia de la Provincia, Daniel Pablo Bensus\u00e1n, lament\u00f3 hoy que el Gobierno Nacional haya discriminado durante cuatro a\u00f1os a La Pampa en el env\u00edo de&hellip;\" \/>\n<meta property=\"og:url\" content=\"https:\/\/diariotextual.com\/inicio\/index.php\/2019\/09\/13\/gobierno-volvio-cuestionar-nacion-no-una-casa-la-pampa\/\" \/>\n<meta property=\"og:site_name\" content=\"Diario Textual\" \/>\n<meta property=\"article:publisher\" content=\"https:\/\/www.facebook.com\/eltextual\" \/>\n<meta property=\"article:published_time\" content=\"2019-09-13T21:08:46+00:00\" \/>\n<meta property=\"article:modified_time\" content=\"2019-09-14T14:40:16+00:00\" \/>\n<meta property=\"og:image\" content=\"https:\/\/diariotextual.com\/inicio\/wp-content\/uploads\/2019\/09\/bensusanpablotrenel2019-2.jpg\" \/>\n\t<meta property=\"og:image:width\" content=\"2133\" \/>\n\t<meta property=\"og:image:height\" content=\"1200\" \/>\n\t<meta property=\"og:image:type\" content=\"image\/jpeg\" \/>\n<meta name=\"author\" content=\"Diario1 Diario1\" \/>\n<meta name=\"twitter:card\" content=\"summary_large_image\" \/>\n<meta name=\"twitter:creator\" content=\"@eltextual\" \/>\n<meta name=\"twitter:site\" content=\"@eltextual\" \/>\n<meta name=\"twitter:label1\" content=\"Escrito por\" \/>\n\t<meta name=\"twitter:data1\" content=\"Diario1 Diario1\" \/>\n\t<meta name=\"twitter:label2\" content=\"Tiempo de lectura\" \/>\n\t<meta name=\"twitter:data2\" content=\"2 minutos\" \/>\n<script type=\"application\/ld+json\" class=\"yoast-schema-graph\">{\"@context\":\"https:\\\/\\\/schema.org\",\"@graph\":[{\"@type\":\"Article\",\"@id\":\"https:\\\/\\\/diariotextual.com\\\/inicio\\\/index.php\\\/2019\\\/09\\\/13\\\/gobierno-volvio-cuestionar-nacion-no-una-casa-la-pampa\\\/#article\",\"isPartOf\":{\"@id\":\"https:\\\/\\\/diariotextual.com\\\/inicio\\\/index.php\\\/2019\\\/09\\\/13\\\/gobierno-volvio-cuestionar-nacion-no-una-casa-la-pampa\\\/\"},\"author\":{\"name\":\"Diario1 Diario1\",\"@id\":\"https:\\\/\\\/diariotextual.com\\\/inicio\\\/#\\\/schema\\\/person\\\/418fc4093c33e86ed41562db3508f958\"},\"headline\":\"El Gobierno volvi\u00f3 a cuestionar a Naci\u00f3n por no hacer \u00abni una casa\u00bb en La Pampa\",\"datePublished\":\"2019-09-13T21:08:46+00:00\",\"dateModified\":\"2019-09-14T14:40:16+00:00\",\"mainEntityOfPage\":{\"@id\":\"https:\\\/\\\/diariotextual.com\\\/inicio\\\/index.php\\\/2019\\\/09\\\/13\\\/gobierno-volvio-cuestionar-nacion-no-una-casa-la-pampa\\\/\"},\"wordCount\":353,\"publisher\":{\"@id\":\"https:\\\/\\\/diariotextual.com\\\/inicio\\\/#organization\"},\"image\":{\"@id\":\"https:\\\/\\\/diariotextual.com\\\/inicio\\\/index.php\\\/2019\\\/09\\\/13\\\/gobierno-volvio-cuestionar-nacion-no-una-casa-la-pampa\\\/#primaryimage\"},\"thumbnailUrl\":\"https:\\\/\\\/diariotextual.com\\\/inicio\\\/wp-content\\\/uploads\\\/2019\\\/09\\\/bensusanpablotrenel2019-2.jpg\",\"articleSection\":[\"A - QUE PASA (al costado)\",\"A - TEMPORALES\",\"POLITICA\"],\"inLanguage\":\"es\"},{\"@type\":\"WebPage\",\"@id\":\"https:\\\/\\\/diariotextual.com\\\/inicio\\\/index.php\\\/2019\\\/09\\\/13\\\/gobierno-volvio-cuestionar-nacion-no-una-casa-la-pampa\\\/\",\"url\":\"https:\\\/\\\/diariotextual.com\\\/inicio\\\/index.php\\\/2019\\\/09\\\/13\\\/gobierno-volvio-cuestionar-nacion-no-una-casa-la-pampa\\\/\",\"name\":\"El Gobierno volvi\u00f3 a cuestionar a Naci\u00f3n por no hacer \\\"ni una casa\\\" en La Pampa - Diario Textual\",\"isPartOf\":{\"@id\":\"https:\\\/\\\/diariotextual.com\\\/inicio\\\/#website\"},\"primaryImageOfPage\":{\"@id\":\"https:\\\/\\\/diariotextual.com\\\/inicio\\\/index.php\\\/2019\\\/09\\\/13\\\/gobierno-volvio-cuestionar-nacion-no-una-casa-la-pampa\\\/#primaryimage\"},\"image\":{\"@id\":\"https:\\\/\\\/diariotextual.com\\\/inicio\\\/index.php\\\/2019\\\/09\\\/13\\\/gobierno-volvio-cuestionar-nacion-no-una-casa-la-pampa\\\/#primaryimage\"},\"thumbnailUrl\":\"https:\\\/\\\/diariotextual.com\\\/inicio\\\/wp-content\\\/uploads\\\/2019\\\/09\\\/bensusanpablotrenel2019-2.jpg\",\"datePublished\":\"2019-09-13T21:08:46+00:00\",\"dateModified\":\"2019-09-14T14:40:16+00:00\",\"breadcrumb\":{\"@id\":\"https:\\\/\\\/diariotextual.com\\\/inicio\\\/index.php\\\/2019\\\/09\\\/13\\\/gobierno-volvio-cuestionar-nacion-no-una-casa-la-pampa\\\/#breadcrumb\"},\"inLanguage\":\"es\",\"potentialAction\":[{\"@type\":\"ReadAction\",\"target\":[\"https:\\\/\\\/diariotextual.com\\\/inicio\\\/index.php\\\/2019\\\/09\\\/13\\\/gobierno-volvio-cuestionar-nacion-no-una-casa-la-pampa\\\/\"]}]},{\"@type\":\"ImageObject\",\"inLanguage\":\"es\",\"@id\":\"https:\\\/\\\/diariotextual.com\\\/inicio\\\/index.php\\\/2019\\\/09\\\/13\\\/gobierno-volvio-cuestionar-nacion-no-una-casa-la-pampa\\\/#primaryimage\",\"url\":\"https:\\\/\\\/diariotextual.com\\\/inicio\\\/wp-content\\\/uploads\\\/2019\\\/09\\\/bensusanpablotrenel2019-2.jpg\",\"contentUrl\":\"https:\\\/\\\/diariotextual.com\\\/inicio\\\/wp-content\\\/uploads\\\/2019\\\/09\\\/bensusanpablotrenel2019-2.jpg\",\"width\":2133,\"height\":1200},{\"@type\":\"BreadcrumbList\",\"@id\":\"https:\\\/\\\/diariotextual.com\\\/inicio\\\/index.php\\\/2019\\\/09\\\/13\\\/gobierno-volvio-cuestionar-nacion-no-una-casa-la-pampa\\\/#breadcrumb\",\"itemListElement\":[{\"@type\":\"ListItem\",\"position\":1,\"name\":\"Portada\",\"item\":\"https:\\\/\\\/diariotextual.com\\\/inicio\\\/\"},{\"@type\":\"ListItem\",\"position\":2,\"name\":\"El Gobierno volvi\u00f3 a cuestionar a Naci\u00f3n por no hacer \u00abni una casa\u00bb en La Pampa\"}]},{\"@type\":\"WebSite\",\"@id\":\"https:\\\/\\\/diariotextual.com\\\/inicio\\\/#website\",\"url\":\"https:\\\/\\\/diariotextual.com\\\/inicio\\\/\",\"name\":\"Diario Textual\",\"description\":\"\",\"publisher\":{\"@id\":\"https:\\\/\\\/diariotextual.com\\\/inicio\\\/#organization\"},\"potentialAction\":[{\"@type\":\"SearchAction\",\"target\":{\"@type\":\"EntryPoint\",\"urlTemplate\":\"https:\\\/\\\/diariotextual.com\\\/inicio\\\/?s={search_term_string}\"},\"query-input\":{\"@type\":\"PropertyValueSpecification\",\"valueRequired\":true,\"valueName\":\"search_term_string\"}}],\"inLanguage\":\"es\"},{\"@type\":\"Organization\",\"@id\":\"https:\\\/\\\/diariotextual.com\\\/inicio\\\/#organization\",\"name\":\"Diario Textual\",\"url\":\"https:\\\/\\\/diariotextual.com\\\/inicio\\\/\",\"logo\":{\"@type\":\"ImageObject\",\"inLanguage\":\"es\",\"@id\":\"https:\\\/\\\/diariotextual.com\\\/inicio\\\/#\\\/schema\\\/logo\\\/image\\\/\",\"url\":\"https:\\\/\\\/diariotextual.com\\\/inicio\\\/wp-content\\\/uploads\\\/2023\\\/05\\\/logotextual1.jpg\",\"contentUrl\":\"https:\\\/\\\/diariotextual.com\\\/inicio\\\/wp-content\\\/uploads\\\/2023\\\/05\\\/logotextual1.jpg\",\"width\":516,\"height\":76,\"caption\":\"Diario Textual\"},\"image\":{\"@id\":\"https:\\\/\\\/diariotextual.com\\\/inicio\\\/#\\\/schema\\\/logo\\\/image\\\/\"},\"sameAs\":[\"https:\\\/\\\/www.facebook.com\\\/eltextual\",\"https:\\\/\\\/x.com\\\/eltextual\",\"http:\\\/\\\/www.instagram.com\\\/eltextual\"]},{\"@type\":\"Person\",\"@id\":\"https:\\\/\\\/diariotextual.com\\\/inicio\\\/#\\\/schema\\\/person\\\/418fc4093c33e86ed41562db3508f958\",\"name\":\"Diario1 Diario1\",\"image\":{\"@type\":\"ImageObject\",\"inLanguage\":\"es\",\"@id\":\"https:\\\/\\\/secure.gravatar.com\\\/avatar\\\/9167d280179c85bc18be67aa7eda765854300033af4896dd779b608640f2ef7a?s=96&d=mm&r=g\",\"url\":\"https:\\\/\\\/secure.gravatar.com\\\/avatar\\\/9167d280179c85bc18be67aa7eda765854300033af4896dd779b608640f2ef7a?s=96&d=mm&r=g\",\"contentUrl\":\"https:\\\/\\\/secure.gravatar.com\\\/avatar\\\/9167d280179c85bc18be67aa7eda765854300033af4896dd779b608640f2ef7a?s=96&d=mm&r=g\",\"caption\":\"Diario1 Diario1\"},\"url\":\"https:\\\/\\\/diariotextual.com\\\/inicio\\\/index.php\\\/author\\\/diario1\\\/\"}]}<\/script>\n<!-- \/ Yoast SEO plugin. -->","yoast_head_json":{"title":"El Gobierno volvi\u00f3 a cuestionar a Naci\u00f3n por no hacer \"ni una casa\" en La Pampa - Diario Textual","robots":{"index":"index","follow":"follow","max-snippet":"max-snippet:-1","max-image-preview":"max-image-preview:large","max-video-preview":"max-video-preview:-1"},"canonical":"https:\/\/diariotextual.com\/inicio\/index.php\/2019\/09\/13\/gobierno-volvio-cuestionar-nacion-no-una-casa-la-pampa\/","og_locale":"es_ES","og_type":"article","og_title":"El Gobierno volvi\u00f3 a cuestionar a Naci\u00f3n por no hacer \"ni una casa\" en La Pampa - Diario Textual","og_description":"El ministro de Gobierno y Justicia de la Provincia, Daniel Pablo Bensus\u00e1n, lament\u00f3 hoy que el Gobierno Nacional haya discriminado durante cuatro a\u00f1os a La Pampa en el env\u00edo de&hellip;","og_url":"https:\/\/diariotextual.com\/inicio\/index.php\/2019\/09\/13\/gobierno-volvio-cuestionar-nacion-no-una-casa-la-pampa\/","og_site_name":"Diario Textual","article_publisher":"https:\/\/www.facebook.com\/eltextual","article_published_time":"2019-09-13T21:08:46+00:00","article_modified_time":"2019-09-14T14:40:16+00:00","og_image":[{"width":2133,"height":1200,"url":"https:\/\/diariotextual.com\/inicio\/wp-content\/uploads\/2019\/09\/bensusanpablotrenel2019-2.jpg","type":"image\/jpeg"}],"author":"Diario1 Diario1","twitter_card":"summary_large_image","twitter_creator":"@eltextual","twitter_site":"@eltextual","twitter_misc":{"Escrito por":"Diario1 Diario1","Tiempo de lectura":"2 minutos"},"schema":{"@context":"https:\/\/schema.org","@graph":[{"@type":"Article","@id":"https:\/\/diariotextual.com\/inicio\/index.php\/2019\/09\/13\/gobierno-volvio-cuestionar-nacion-no-una-casa-la-pampa\/#article","isPartOf":{"@id":"https:\/\/diariotextual.com\/inicio\/index.php\/2019\/09\/13\/gobierno-volvio-cuestionar-nacion-no-una-casa-la-pampa\/"},"author":{"name":"Diario1 Diario1","@id":"https:\/\/diariotextual.com\/inicio\/#\/schema\/person\/418fc4093c33e86ed41562db3508f958"},"headline":"El Gobierno volvi\u00f3 a cuestionar a Naci\u00f3n por no hacer \u00abni una casa\u00bb en La Pampa","datePublished":"2019-09-13T21:08:46+00:00","dateModified":"2019-09-14T14:40:16+00:00","mainEntityOfPage":{"@id":"https:\/\/diariotextual.com\/inicio\/index.php\/2019\/09\/13\/gobierno-volvio-cuestionar-nacion-no-una-casa-la-pampa\/"},"wordCount":353,"publisher":{"@id":"https:\/\/diariotextual.com\/inicio\/#organization"},"image":{"@id":"https:\/\/diariotextual.com\/inicio\/index.php\/2019\/09\/13\/gobierno-volvio-cuestionar-nacion-no-una-casa-la-pampa\/#primaryimage"},"thumbnailUrl":"https:\/\/diariotextual.com\/inicio\/wp-content\/uploads\/2019\/09\/bensusanpablotrenel2019-2.jpg","articleSection":["A - QUE PASA (al costado)","A - TEMPORALES","POLITICA"],"inLanguage":"es"},{"@type":"WebPage","@id":"https:\/\/diariotextual.com\/inicio\/index.php\/2019\/09\/13\/gobierno-volvio-cuestionar-nacion-no-una-casa-la-pampa\/","url":"https:\/\/diariotextual.com\/inicio\/index.php\/2019\/09\/13\/gobierno-volvio-cuestionar-nacion-no-una-casa-la-pampa\/","name":"El Gobierno volvi\u00f3 a cuestionar a Naci\u00f3n por no hacer \"ni una casa\" en La Pampa - Diario Textual","isPartOf":{"@id":"https:\/\/diariotextual.com\/inicio\/#website"},"primaryImageOfPage":{"@id":"https:\/\/diariotextual.com\/inicio\/index.php\/2019\/09\/13\/gobierno-volvio-cuestionar-nacion-no-una-casa-la-pampa\/#primaryimage"},"image":{"@id":"https:\/\/diariotextual.com\/inicio\/index.php\/2019\/09\/13\/gobierno-volvio-cuestionar-nacion-no-una-casa-la-pampa\/#primaryimage"},"thumbnailUrl":"https:\/\/diariotextual.com\/inicio\/wp-content\/uploads\/2019\/09\/bensusanpablotrenel2019-2.jpg","datePublished":"2019-09-13T21:08:46+00:00","dateModified":"2019-09-14T14:40:16+00:00","breadcrumb":{"@id":"https:\/\/diariotextual.com\/inicio\/index.php\/2019\/09\/13\/gobierno-volvio-cuestionar-nacion-no-una-casa-la-pampa\/#breadcrumb"},"inLanguage":"es","potentialAction":[{"@type":"ReadAction","target":["https:\/\/diariotextual.com\/inicio\/index.php\/2019\/09\/13\/gobierno-volvio-cuestionar-nacion-no-una-casa-la-pampa\/"]}]},{"@type":"ImageObject","inLanguage":"es","@id":"https:\/\/diariotextual.com\/inicio\/index.php\/2019\/09\/13\/gobierno-volvio-cuestionar-nacion-no-una-casa-la-pampa\/#primaryimage","url":"https:\/\/diariotextual.com\/inicio\/wp-content\/uploads\/2019\/09\/bensusanpablotrenel2019-2.jpg","contentUrl":"https:\/\/diariotextual.com\/inicio\/wp-content\/uploads\/2019\/09\/bensusanpablotrenel2019-2.jpg","width":2133,"height":1200},{"@type":"BreadcrumbList","@id":"https:\/\/diariotextual.com\/inicio\/index.php\/2019\/09\/13\/gobierno-volvio-cuestionar-nacion-no-una-casa-la-pampa\/#breadcrumb","itemListElement":[{"@type":"ListItem","position":1,"name":"Portada","item":"https:\/\/diariotextual.com\/inicio\/"},{"@type":"ListItem","position":2,"name":"El Gobierno volvi\u00f3 a cuestionar a Naci\u00f3n por no hacer \u00abni una casa\u00bb en La Pampa"}]},{"@type":"WebSite","@id":"https:\/\/diariotextual.com\/inicio\/#website","url":"https:\/\/diariotextual.com\/inicio\/","name":"Diario Textual","description":"","publisher":{"@id":"https:\/\/diariotextual.com\/inicio\/#organization"},"potentialAction":[{"@type":"SearchAction","target":{"@type":"EntryPoint","urlTemplate":"https:\/\/diariotextual.com\/inicio\/?s={search_term_string}"},"query-input":{"@type":"PropertyValueSpecification","valueRequired":true,"valueName":"search_term_string"}}],"inLanguage":"es"},{"@type":"Organization","@id":"https:\/\/diariotextual.com\/inicio\/#organization","name":"Diario Textual","url":"https:\/\/diariotextual.com\/inicio\/","logo":{"@type":"ImageObject","inLanguage":"es","@id":"https:\/\/diariotextual.com\/inicio\/#\/schema\/logo\/image\/","url":"https:\/\/diariotextual.com\/inicio\/wp-content\/uploads\/2023\/05\/logotextual1.jpg","contentUrl":"https:\/\/diariotextual.com\/inicio\/wp-content\/uploads\/2023\/05\/logotextual1.jpg","width":516,"height":76,"caption":"Diario Textual"},"image":{"@id":"https:\/\/diariotextual.com\/inicio\/#\/schema\/logo\/image\/"},"sameAs":["https:\/\/www.facebook.com\/eltextual","https:\/\/x.com\/eltextual","http:\/\/www.instagram.com\/eltextual"]},{"@type":"Person","@id":"https:\/\/diariotextual.com\/inicio\/#\/schema\/person\/418fc4093c33e86ed41562db3508f958","name":"Diario1 Diario1","image":{"@type":"ImageObject","inLanguage":"es","@id":"https:\/\/secure.gravatar.com\/avatar\/9167d280179c85bc18be67aa7eda765854300033af4896dd779b608640f2ef7a?s=96&d=mm&r=g","url":"https:\/\/secure.gravatar.com\/avatar\/9167d280179c85bc18be67aa7eda765854300033af4896dd779b608640f2ef7a?s=96&d=mm&r=g","contentUrl":"https:\/\/secure.gravatar.com\/avatar\/9167d280179c85bc18be67aa7eda765854300033af4896dd779b608640f2ef7a?s=96&d=mm&r=g","caption":"Diario1 Diario1"},"url":"https:\/\/diariotextual.com\/inicio\/index.php\/author\/diario1\/"}]}},"_links":{"self":[{"href":"https:\/\/diariotextual.com\/inicio\/index.php\/wp-json\/wp\/v2\/posts\/62619","targetHints":{"allow":["GET"]}}],"collection":[{"href":"https:\/\/diariotextual.com\/inicio\/index.php\/wp-json\/wp\/v2\/posts"}],"about":[{"href":"https:\/\/diariotextual.com\/inicio\/index.php\/wp-json\/wp\/v2\/types\/post"}],"author":[{"embeddable":true,"href":"https:\/\/diariotextual.com\/inicio\/index.php\/wp-json\/wp\/v2\/users\/3"}],"replies":[{"embeddable":true,"href":"https:\/\/diariotextual.com\/inicio\/index.php\/wp-json\/wp\/v2\/comments?post=62619"}],"version-history":[{"count":3,"href":"https:\/\/diariotextual.com\/inicio\/index.php\/wp-json\/wp\/v2\/posts\/62619\/revisions"}],"predecessor-version":[{"id":62624,"href":"https:\/\/diariotextual.com\/inicio\/index.php\/wp-json\/wp\/v2\/posts\/62619\/revisions\/62624"}],"wp:featuredmedia":[{"embeddable":true,"href":"https:\/\/diariotextual.com\/inicio\/index.php\/wp-json\/wp\/v2\/media\/62623"}],"wp:attachment":[{"href":"https:\/\/diariotextual.com\/inicio\/index.php\/wp-json\/wp\/v2\/media?parent=62619"}],"wp:term":[{"taxonomy":"category","embeddable":true,"href":"https:\/\/diariotextual.com\/inicio\/index.php\/wp-json\/wp\/v2\/categories?post=62619"},{"taxonomy":"post_tag","embeddable":true,"href":"https:\/\/diariotextual.com\/inicio\/index.php\/wp-json\/wp\/v2\/tags?post=62619"}],"curies":[{"name":"wp","href":"https:\/\/api.w.org\/{rel}","templated":true}]}}