{"id":62636,"date":"2019-09-14T10:03:26","date_gmt":"2019-09-14T13:03:26","guid":{"rendered":"http:\/\/diariotextual.com\/inicio\/?p=62636"},"modified":"2019-09-15T12:50:30","modified_gmt":"2019-09-15T15:50:30","slug":"hagan-una-consulta-no-justo-estado-pague-sueldo-gremialista-no-trabaja","status":"publish","type":"post","link":"https:\/\/diariotextual.com\/inicio\/index.php\/2019\/09\/14\/hagan-una-consulta-no-justo-estado-pague-sueldo-gremialista-no-trabaja\/","title":{"rendered":"\u00abHagan una consulta porque no es justo que el Estado pague el sueldo de un gremialista que no trabaja\u00bb"},"content":{"rendered":"<p><strong>Sergio Arrese<\/strong>, intendente de <strong>Guatrach\u00e9<\/strong>, sali\u00f3 a respaldar que en la Legislatura pampeana se empiece a discutir si el Estado se debe hacer cargo de pagar las licencias gremiales a los dirigentes sindicales.<\/p>\n<p><strong>La iniciativa fue presentada por la mayor\u00eda de los diputados del radicalismo<\/strong>. Ese proyecto fue un respaldo expreso a la decisi\u00f3n de Arrese que decidi\u00f3, hace tres meses, no pagar la licencia gremial a un delegado de Upcn.<\/p>\n<p><strong>El caso est\u00e1 judicializado.<\/strong> Hoy Arrese, en di\u00e1logo con <strong>Radio Textual (FM Sonar)<\/strong>, argument\u00f3 su decisi\u00f3n: dijo que \u201cse debe respetar la libertad sindical\u201d y, si bien reconoci\u00f3 que el pago de unos 50 mil pesos mensuales no afecta la econom\u00eda de la comuna, sostuvo que \u201cno es justo\u201d que se le pague a un delegado que no va a trabajar. <strong>\u201cQue el sueldo, si no va a trabajar, se lo pague Upcn\u201d<\/strong>, argument\u00f3.<\/p>\n<p>El jefe comunal diferenci\u00f3 la situaci\u00f3n de lo que ocurre con el otro sindicato en la municipalidad, el de ATE. \u00abEl gremio de ATE tiene su delegado, trabaja y se le paga el sueldo. El de Upcn, no trabaja y no se le paga el sueldo\u00bb, sostuvo.<\/p>\n<p>&nbsp;<\/p>\n<blockquote class=\"wp-embedded-content\" data-secret=\"lv0BS3Nh93\"><p><a href=\"http:\/\/diariotextual.com\/inicio\/index.php\/2019\/09\/11\/la-intersindical-cruzo-la-ucr-proyecto-pide-los-sindicatos-paguen-las-licencias-gremiales\/\">Gremios contra un proyecto de la UCR que pide que los sindicatos paguen las licencias gremiales<\/a><\/p><\/blockquote>\n<p><iframe class=\"wp-embedded-content\" sandbox=\"allow-scripts\" security=\"restricted\" style=\"position: absolute; clip: rect(1px, 1px, 1px, 1px);\" src=\"http:\/\/diariotextual.com\/inicio\/index.php\/2019\/09\/11\/la-intersindical-cruzo-la-ucr-proyecto-pide-los-sindicatos-paguen-las-licencias-gremiales\/embed\/#?secret=lv0BS3Nh93\" data-secret=\"lv0BS3Nh93\" width=\"600\" height=\"338\" title=\"&#171;Gremios contra un proyecto de la UCR que pide que los sindicatos paguen las licencias gremiales&#187; &#8212; Diario Textual\" frameborder=\"0\" marginwidth=\"0\" marginheight=\"0\" scrolling=\"no\"><\/iframe><\/p>\n<p>&nbsp;<\/p>\n<p>\u00abLa decisi\u00f3n que tomamos en la municipalidad, seguro, tiene el respaldo de la gran mayor\u00eda de los pobladores de Guatrach\u00e9. Celebro que se discuta en la Legislatura. Yo har\u00eda una consulta. Hagan una consulta porque no es justo que el Estado pague el sueldo de un gremialista que no trabaja\u00bb, expres\u00f3 en di\u00e1logo con los periodistas Luis D\u00edaz, Luis Talone y Luis Lardone. <strong>\u00abNo creo que haya vecinos que quieran pagar, con sus impuestos, a alguien que no trabaja\u00bb.<\/strong><\/p>\n<p>&nbsp;<\/p>\n<p><strong>Palos dentro del radicalismo<\/strong><\/p>\n<p>Arrese -uno de los intendentes antimacrista m\u00e1s reconocido de la provincia, que <strong>gan\u00f3 ampliamente la reelecci\u00f3n<\/strong>&#8211; tambi\u00e9n se refiri\u00f3 a las cr\u00edticas que recibi\u00f3 de parte de otros dirigentes de la UCR. \u201cMe gustar\u00eda que los diputados que no lo firmaron, y que quienes hacen entrega del partido al macrismo, le consulten a la sociedad pampeana\u201d, lanz\u00f3.<\/p>\n<p>\u201cTambi\u00e9n hubo algunos int\u00e9rpretes (de la iniciativa legislativa), como Pedro (Sala) y \u2018Poli\u2019 (Hip\u00f3lito Altolaguirre)\u2026 Me gustar\u00eda que se sienten a administrar un municipio y escuchen lo que la sociedad les pide\u201d, expres\u00f3. \u201cSi Mart\u00edn (Berhongaray) tiene esa postura en contra, que lo haga p\u00fablico. Si \u00e9l est\u00e1 en desacuerdo con nuestro proyecto, que nos deje estar en desacuerdo\u201d, expres\u00f3.<\/p>\n<p>&nbsp;<\/p>\n<p><strong>Costos<\/strong><\/p>\n<p>El intendente <strong>reconoci\u00f3 que esos 50 mil pesos de costo del salario del delegado \u201cno mueven el amper\u00edmetro\u201d en las cuentas municipalidad<\/strong>. \u201cEs cierto que no es significativo y es cierto que la municipalidad est\u00e1 bien financieramente. Obviamente el costo de un empleado que no trabaja, se lo puede absorber. Yo, en ese marco, podr\u00eda evitar el esc\u00e1ndalo. Pero no me puedo quedar tranquilo y debo hacer lo que me indica el deber\u201d, dijo.<\/p>\n<p>&nbsp;<\/p>\n<p><strong>La postura de Upcn<\/strong><\/p>\n<p><strong>Jorge Lezcano<\/strong>, secretario general de Upcn y diputado provincial del PJ, dijo que la decisi\u00f3n de Arrese es una<strong> \u201caberraci\u00f3n jur\u00eddica\u201d<\/strong> que se debe remediar. \u201cSe parece m\u00e1s a Macri, cuando justifica lo injustificable\u201d, expres\u00f3.<\/p>\n<p><img fetchpriority=\"high\" decoding=\"async\" class=\"alignnone wp-image-29595 \" src=\"http:\/\/diariotextual.com\/inicio\/wp-content\/uploads\/2018\/12\/lezcanojorge9111111-1024x678.jpg\" alt=\"\" width=\"640\" height=\"424\" srcset=\"https:\/\/diariotextual.com\/inicio\/wp-content\/uploads\/2018\/12\/lezcanojorge9111111-1024x678.jpg 1024w, https:\/\/diariotextual.com\/inicio\/wp-content\/uploads\/2018\/12\/lezcanojorge9111111-300x199.jpg 300w, https:\/\/diariotextual.com\/inicio\/wp-content\/uploads\/2018\/12\/lezcanojorge9111111-768x509.jpg 768w, https:\/\/diariotextual.com\/inicio\/wp-content\/uploads\/2018\/12\/lezcanojorge9111111-1170x775.jpg 1170w, https:\/\/diariotextual.com\/inicio\/wp-content\/uploads\/2018\/12\/lezcanojorge9111111-780x516.jpg 780w, https:\/\/diariotextual.com\/inicio\/wp-content\/uploads\/2018\/12\/lezcanojorge9111111-585x387.jpg 585w, https:\/\/diariotextual.com\/inicio\/wp-content\/uploads\/2018\/12\/lezcanojorge9111111-263x175.jpg 263w, https:\/\/diariotextual.com\/inicio\/wp-content\/uploads\/2018\/12\/lezcanojorge9111111.jpg 1232w\" sizes=\"(max-width: 640px) 100vw, 640px\" \/><\/p>\n<p>\u201cLa decisi\u00f3n es una cuesti\u00f3n personal. Hay una cuesti\u00f3n personal. Nosotros no vamos a entrar en ese tema, pero se sabe\u201d, expres\u00f3.<\/p>\n<p>&nbsp;<\/p>\n<p>&nbsp;<\/p>\n<p>&nbsp;<\/p>\n<p>&nbsp;<\/p>\n<p>&nbsp;<\/p>\n<p>&nbsp;<\/p>\n","protected":false},"excerpt":{"rendered":"<p>Sergio Arrese, intendente de Guatrach\u00e9, sali\u00f3 a respaldar que en la Legislatura pampeana se empiece a discutir si el Estado se debe hacer cargo de pagar las licencias gremiales a&hellip;<\/p>\n","protected":false},"author":3,"featured_media":62637,"comment_status":"closed","ping_status":"open","sticky":false,"template":"","format":"standard","meta":{"_acf_changed":false,"footnotes":""},"categories":[11,319,8],"tags":[2238,2239],"class_list":["post-62636","post","type-post","status-publish","format-standard","has-post-thumbnail","hentry","category-que-pasa","category-a-temporales","category-politica","tag-arrese","tag-licencia"],"acf":[],"yoast_head":"<!-- This site is optimized with the Yoast SEO plugin v27.5 - https:\/\/yoast.com\/product\/yoast-seo-wordpress\/ -->\n<title>&quot;Hagan una consulta porque no es justo que el Estado pague el sueldo de un gremialista que no trabaja&quot; - Diario Textual<\/title>\n<meta name=\"robots\" content=\"index, follow, max-snippet:-1, max-image-preview:large, max-video-preview:-1\" \/>\n<link rel=\"canonical\" href=\"https:\/\/diariotextual.com\/inicio\/index.php\/2019\/09\/14\/hagan-una-consulta-no-justo-estado-pague-sueldo-gremialista-no-trabaja\/\" \/>\n<meta property=\"og:locale\" content=\"es_ES\" \/>\n<meta property=\"og:type\" content=\"article\" \/>\n<meta property=\"og:title\" content=\"&quot;Hagan una consulta porque no es justo que el Estado pague el sueldo de un gremialista que no trabaja&quot; - Diario Textual\" \/>\n<meta property=\"og:description\" content=\"Sergio Arrese, intendente de Guatrach\u00e9, sali\u00f3 a respaldar que en la Legislatura pampeana se empiece a discutir si el Estado se debe hacer cargo de pagar las licencias gremiales a&hellip;\" \/>\n<meta property=\"og:url\" content=\"https:\/\/diariotextual.com\/inicio\/index.php\/2019\/09\/14\/hagan-una-consulta-no-justo-estado-pague-sueldo-gremialista-no-trabaja\/\" \/>\n<meta property=\"og:site_name\" content=\"Diario Textual\" \/>\n<meta property=\"article:publisher\" content=\"https:\/\/www.facebook.com\/eltextual\" \/>\n<meta property=\"article:published_time\" content=\"2019-09-14T13:03:26+00:00\" \/>\n<meta property=\"article:modified_time\" content=\"2019-09-15T15:50:30+00:00\" \/>\n<meta property=\"og:image\" content=\"https:\/\/diariotextual.com\/inicio\/wp-content\/uploads\/2019\/09\/arresesergio11.jpg\" \/>\n\t<meta property=\"og:image:width\" content=\"960\" \/>\n\t<meta property=\"og:image:height\" content=\"624\" \/>\n\t<meta property=\"og:image:type\" content=\"image\/jpeg\" \/>\n<meta name=\"author\" content=\"Diario1 Diario1\" \/>\n<meta name=\"twitter:card\" content=\"summary_large_image\" \/>\n<meta name=\"twitter:creator\" content=\"@eltextual\" \/>\n<meta name=\"twitter:site\" content=\"@eltextual\" \/>\n<meta name=\"twitter:label1\" content=\"Escrito por\" \/>\n\t<meta name=\"twitter:data1\" content=\"Diario1 Diario1\" \/>\n\t<meta name=\"twitter:label2\" content=\"Tiempo de lectura\" \/>\n\t<meta name=\"twitter:data2\" content=\"3 minutos\" \/>\n<script type=\"application\/ld+json\" class=\"yoast-schema-graph\">{\"@context\":\"https:\\\/\\\/schema.org\",\"@graph\":[{\"@type\":\"Article\",\"@id\":\"https:\\\/\\\/diariotextual.com\\\/inicio\\\/index.php\\\/2019\\\/09\\\/14\\\/hagan-una-consulta-no-justo-estado-pague-sueldo-gremialista-no-trabaja\\\/#article\",\"isPartOf\":{\"@id\":\"https:\\\/\\\/diariotextual.com\\\/inicio\\\/index.php\\\/2019\\\/09\\\/14\\\/hagan-una-consulta-no-justo-estado-pague-sueldo-gremialista-no-trabaja\\\/\"},\"author\":{\"name\":\"Diario1 Diario1\",\"@id\":\"https:\\\/\\\/diariotextual.com\\\/inicio\\\/#\\\/schema\\\/person\\\/418fc4093c33e86ed41562db3508f958\"},\"headline\":\"\u00abHagan una consulta porque no es justo que el Estado pague el sueldo de un gremialista que no trabaja\u00bb\",\"datePublished\":\"2019-09-14T13:03:26+00:00\",\"dateModified\":\"2019-09-15T15:50:30+00:00\",\"mainEntityOfPage\":{\"@id\":\"https:\\\/\\\/diariotextual.com\\\/inicio\\\/index.php\\\/2019\\\/09\\\/14\\\/hagan-una-consulta-no-justo-estado-pague-sueldo-gremialista-no-trabaja\\\/\"},\"wordCount\":595,\"publisher\":{\"@id\":\"https:\\\/\\\/diariotextual.com\\\/inicio\\\/#organization\"},\"image\":{\"@id\":\"https:\\\/\\\/diariotextual.com\\\/inicio\\\/index.php\\\/2019\\\/09\\\/14\\\/hagan-una-consulta-no-justo-estado-pague-sueldo-gremialista-no-trabaja\\\/#primaryimage\"},\"thumbnailUrl\":\"https:\\\/\\\/diariotextual.com\\\/inicio\\\/wp-content\\\/uploads\\\/2019\\\/09\\\/arresesergio11.jpg\",\"keywords\":[\"arrese\",\"licencia\"],\"articleSection\":[\"A - QUE PASA (al costado)\",\"A - TEMPORALES\",\"POLITICA\"],\"inLanguage\":\"es\"},{\"@type\":\"WebPage\",\"@id\":\"https:\\\/\\\/diariotextual.com\\\/inicio\\\/index.php\\\/2019\\\/09\\\/14\\\/hagan-una-consulta-no-justo-estado-pague-sueldo-gremialista-no-trabaja\\\/\",\"url\":\"https:\\\/\\\/diariotextual.com\\\/inicio\\\/index.php\\\/2019\\\/09\\\/14\\\/hagan-una-consulta-no-justo-estado-pague-sueldo-gremialista-no-trabaja\\\/\",\"name\":\"\\\"Hagan una consulta porque no es justo que el Estado pague el sueldo de un gremialista que no trabaja\\\" - Diario Textual\",\"isPartOf\":{\"@id\":\"https:\\\/\\\/diariotextual.com\\\/inicio\\\/#website\"},\"primaryImageOfPage\":{\"@id\":\"https:\\\/\\\/diariotextual.com\\\/inicio\\\/index.php\\\/2019\\\/09\\\/14\\\/hagan-una-consulta-no-justo-estado-pague-sueldo-gremialista-no-trabaja\\\/#primaryimage\"},\"image\":{\"@id\":\"https:\\\/\\\/diariotextual.com\\\/inicio\\\/index.php\\\/2019\\\/09\\\/14\\\/hagan-una-consulta-no-justo-estado-pague-sueldo-gremialista-no-trabaja\\\/#primaryimage\"},\"thumbnailUrl\":\"https:\\\/\\\/diariotextual.com\\\/inicio\\\/wp-content\\\/uploads\\\/2019\\\/09\\\/arresesergio11.jpg\",\"datePublished\":\"2019-09-14T13:03:26+00:00\",\"dateModified\":\"2019-09-15T15:50:30+00:00\",\"breadcrumb\":{\"@id\":\"https:\\\/\\\/diariotextual.com\\\/inicio\\\/index.php\\\/2019\\\/09\\\/14\\\/hagan-una-consulta-no-justo-estado-pague-sueldo-gremialista-no-trabaja\\\/#breadcrumb\"},\"inLanguage\":\"es\",\"potentialAction\":[{\"@type\":\"ReadAction\",\"target\":[\"https:\\\/\\\/diariotextual.com\\\/inicio\\\/index.php\\\/2019\\\/09\\\/14\\\/hagan-una-consulta-no-justo-estado-pague-sueldo-gremialista-no-trabaja\\\/\"]}]},{\"@type\":\"ImageObject\",\"inLanguage\":\"es\",\"@id\":\"https:\\\/\\\/diariotextual.com\\\/inicio\\\/index.php\\\/2019\\\/09\\\/14\\\/hagan-una-consulta-no-justo-estado-pague-sueldo-gremialista-no-trabaja\\\/#primaryimage\",\"url\":\"https:\\\/\\\/diariotextual.com\\\/inicio\\\/wp-content\\\/uploads\\\/2019\\\/09\\\/arresesergio11.jpg\",\"contentUrl\":\"https:\\\/\\\/diariotextual.com\\\/inicio\\\/wp-content\\\/uploads\\\/2019\\\/09\\\/arresesergio11.jpg\",\"width\":960,\"height\":624},{\"@type\":\"BreadcrumbList\",\"@id\":\"https:\\\/\\\/diariotextual.com\\\/inicio\\\/index.php\\\/2019\\\/09\\\/14\\\/hagan-una-consulta-no-justo-estado-pague-sueldo-gremialista-no-trabaja\\\/#breadcrumb\",\"itemListElement\":[{\"@type\":\"ListItem\",\"position\":1,\"name\":\"Portada\",\"item\":\"https:\\\/\\\/diariotextual.com\\\/inicio\\\/\"},{\"@type\":\"ListItem\",\"position\":2,\"name\":\"\u00abHagan una consulta porque no es justo que el Estado pague el sueldo de un gremialista que no trabaja\u00bb\"}]},{\"@type\":\"WebSite\",\"@id\":\"https:\\\/\\\/diariotextual.com\\\/inicio\\\/#website\",\"url\":\"https:\\\/\\\/diariotextual.com\\\/inicio\\\/\",\"name\":\"Diario Textual\",\"description\":\"\",\"publisher\":{\"@id\":\"https:\\\/\\\/diariotextual.com\\\/inicio\\\/#organization\"},\"potentialAction\":[{\"@type\":\"SearchAction\",\"target\":{\"@type\":\"EntryPoint\",\"urlTemplate\":\"https:\\\/\\\/diariotextual.com\\\/inicio\\\/?s={search_term_string}\"},\"query-input\":{\"@type\":\"PropertyValueSpecification\",\"valueRequired\":true,\"valueName\":\"search_term_string\"}}],\"inLanguage\":\"es\"},{\"@type\":\"Organization\",\"@id\":\"https:\\\/\\\/diariotextual.com\\\/inicio\\\/#organization\",\"name\":\"Diario Textual\",\"url\":\"https:\\\/\\\/diariotextual.com\\\/inicio\\\/\",\"logo\":{\"@type\":\"ImageObject\",\"inLanguage\":\"es\",\"@id\":\"https:\\\/\\\/diariotextual.com\\\/inicio\\\/#\\\/schema\\\/logo\\\/image\\\/\",\"url\":\"https:\\\/\\\/diariotextual.com\\\/inicio\\\/wp-content\\\/uploads\\\/2023\\\/05\\\/logotextual1.jpg\",\"contentUrl\":\"https:\\\/\\\/diariotextual.com\\\/inicio\\\/wp-content\\\/uploads\\\/2023\\\/05\\\/logotextual1.jpg\",\"width\":516,\"height\":76,\"caption\":\"Diario Textual\"},\"image\":{\"@id\":\"https:\\\/\\\/diariotextual.com\\\/inicio\\\/#\\\/schema\\\/logo\\\/image\\\/\"},\"sameAs\":[\"https:\\\/\\\/www.facebook.com\\\/eltextual\",\"https:\\\/\\\/x.com\\\/eltextual\",\"http:\\\/\\\/www.instagram.com\\\/eltextual\"]},{\"@type\":\"Person\",\"@id\":\"https:\\\/\\\/diariotextual.com\\\/inicio\\\/#\\\/schema\\\/person\\\/418fc4093c33e86ed41562db3508f958\",\"name\":\"Diario1 Diario1\",\"image\":{\"@type\":\"ImageObject\",\"inLanguage\":\"es\",\"@id\":\"https:\\\/\\\/secure.gravatar.com\\\/avatar\\\/9167d280179c85bc18be67aa7eda765854300033af4896dd779b608640f2ef7a?s=96&d=mm&r=g\",\"url\":\"https:\\\/\\\/secure.gravatar.com\\\/avatar\\\/9167d280179c85bc18be67aa7eda765854300033af4896dd779b608640f2ef7a?s=96&d=mm&r=g\",\"contentUrl\":\"https:\\\/\\\/secure.gravatar.com\\\/avatar\\\/9167d280179c85bc18be67aa7eda765854300033af4896dd779b608640f2ef7a?s=96&d=mm&r=g\",\"caption\":\"Diario1 Diario1\"},\"url\":\"https:\\\/\\\/diariotextual.com\\\/inicio\\\/index.php\\\/author\\\/diario1\\\/\"}]}<\/script>\n<!-- \/ Yoast SEO plugin. -->","yoast_head_json":{"title":"\"Hagan una consulta porque no es justo que el Estado pague el sueldo de un gremialista que no trabaja\" - Diario Textual","robots":{"index":"index","follow":"follow","max-snippet":"max-snippet:-1","max-image-preview":"max-image-preview:large","max-video-preview":"max-video-preview:-1"},"canonical":"https:\/\/diariotextual.com\/inicio\/index.php\/2019\/09\/14\/hagan-una-consulta-no-justo-estado-pague-sueldo-gremialista-no-trabaja\/","og_locale":"es_ES","og_type":"article","og_title":"\"Hagan una consulta porque no es justo que el Estado pague el sueldo de un gremialista que no trabaja\" - Diario Textual","og_description":"Sergio Arrese, intendente de Guatrach\u00e9, sali\u00f3 a respaldar que en la Legislatura pampeana se empiece a discutir si el Estado se debe hacer cargo de pagar las licencias gremiales a&hellip;","og_url":"https:\/\/diariotextual.com\/inicio\/index.php\/2019\/09\/14\/hagan-una-consulta-no-justo-estado-pague-sueldo-gremialista-no-trabaja\/","og_site_name":"Diario Textual","article_publisher":"https:\/\/www.facebook.com\/eltextual","article_published_time":"2019-09-14T13:03:26+00:00","article_modified_time":"2019-09-15T15:50:30+00:00","og_image":[{"width":960,"height":624,"url":"https:\/\/diariotextual.com\/inicio\/wp-content\/uploads\/2019\/09\/arresesergio11.jpg","type":"image\/jpeg"}],"author":"Diario1 Diario1","twitter_card":"summary_large_image","twitter_creator":"@eltextual","twitter_site":"@eltextual","twitter_misc":{"Escrito por":"Diario1 Diario1","Tiempo de lectura":"3 minutos"},"schema":{"@context":"https:\/\/schema.org","@graph":[{"@type":"Article","@id":"https:\/\/diariotextual.com\/inicio\/index.php\/2019\/09\/14\/hagan-una-consulta-no-justo-estado-pague-sueldo-gremialista-no-trabaja\/#article","isPartOf":{"@id":"https:\/\/diariotextual.com\/inicio\/index.php\/2019\/09\/14\/hagan-una-consulta-no-justo-estado-pague-sueldo-gremialista-no-trabaja\/"},"author":{"name":"Diario1 Diario1","@id":"https:\/\/diariotextual.com\/inicio\/#\/schema\/person\/418fc4093c33e86ed41562db3508f958"},"headline":"\u00abHagan una consulta porque no es justo que el Estado pague el sueldo de un gremialista que no trabaja\u00bb","datePublished":"2019-09-14T13:03:26+00:00","dateModified":"2019-09-15T15:50:30+00:00","mainEntityOfPage":{"@id":"https:\/\/diariotextual.com\/inicio\/index.php\/2019\/09\/14\/hagan-una-consulta-no-justo-estado-pague-sueldo-gremialista-no-trabaja\/"},"wordCount":595,"publisher":{"@id":"https:\/\/diariotextual.com\/inicio\/#organization"},"image":{"@id":"https:\/\/diariotextual.com\/inicio\/index.php\/2019\/09\/14\/hagan-una-consulta-no-justo-estado-pague-sueldo-gremialista-no-trabaja\/#primaryimage"},"thumbnailUrl":"https:\/\/diariotextual.com\/inicio\/wp-content\/uploads\/2019\/09\/arresesergio11.jpg","keywords":["arrese","licencia"],"articleSection":["A - QUE PASA (al costado)","A - TEMPORALES","POLITICA"],"inLanguage":"es"},{"@type":"WebPage","@id":"https:\/\/diariotextual.com\/inicio\/index.php\/2019\/09\/14\/hagan-una-consulta-no-justo-estado-pague-sueldo-gremialista-no-trabaja\/","url":"https:\/\/diariotextual.com\/inicio\/index.php\/2019\/09\/14\/hagan-una-consulta-no-justo-estado-pague-sueldo-gremialista-no-trabaja\/","name":"\"Hagan una consulta porque no es justo que el Estado pague el sueldo de un gremialista que no trabaja\" - Diario Textual","isPartOf":{"@id":"https:\/\/diariotextual.com\/inicio\/#website"},"primaryImageOfPage":{"@id":"https:\/\/diariotextual.com\/inicio\/index.php\/2019\/09\/14\/hagan-una-consulta-no-justo-estado-pague-sueldo-gremialista-no-trabaja\/#primaryimage"},"image":{"@id":"https:\/\/diariotextual.com\/inicio\/index.php\/2019\/09\/14\/hagan-una-consulta-no-justo-estado-pague-sueldo-gremialista-no-trabaja\/#primaryimage"},"thumbnailUrl":"https:\/\/diariotextual.com\/inicio\/wp-content\/uploads\/2019\/09\/arresesergio11.jpg","datePublished":"2019-09-14T13:03:26+00:00","dateModified":"2019-09-15T15:50:30+00:00","breadcrumb":{"@id":"https:\/\/diariotextual.com\/inicio\/index.php\/2019\/09\/14\/hagan-una-consulta-no-justo-estado-pague-sueldo-gremialista-no-trabaja\/#breadcrumb"},"inLanguage":"es","potentialAction":[{"@type":"ReadAction","target":["https:\/\/diariotextual.com\/inicio\/index.php\/2019\/09\/14\/hagan-una-consulta-no-justo-estado-pague-sueldo-gremialista-no-trabaja\/"]}]},{"@type":"ImageObject","inLanguage":"es","@id":"https:\/\/diariotextual.com\/inicio\/index.php\/2019\/09\/14\/hagan-una-consulta-no-justo-estado-pague-sueldo-gremialista-no-trabaja\/#primaryimage","url":"https:\/\/diariotextual.com\/inicio\/wp-content\/uploads\/2019\/09\/arresesergio11.jpg","contentUrl":"https:\/\/diariotextual.com\/inicio\/wp-content\/uploads\/2019\/09\/arresesergio11.jpg","width":960,"height":624},{"@type":"BreadcrumbList","@id":"https:\/\/diariotextual.com\/inicio\/index.php\/2019\/09\/14\/hagan-una-consulta-no-justo-estado-pague-sueldo-gremialista-no-trabaja\/#breadcrumb","itemListElement":[{"@type":"ListItem","position":1,"name":"Portada","item":"https:\/\/diariotextual.com\/inicio\/"},{"@type":"ListItem","position":2,"name":"\u00abHagan una consulta porque no es justo que el Estado pague el sueldo de un gremialista que no trabaja\u00bb"}]},{"@type":"WebSite","@id":"https:\/\/diariotextual.com\/inicio\/#website","url":"https:\/\/diariotextual.com\/inicio\/","name":"Diario Textual","description":"","publisher":{"@id":"https:\/\/diariotextual.com\/inicio\/#organization"},"potentialAction":[{"@type":"SearchAction","target":{"@type":"EntryPoint","urlTemplate":"https:\/\/diariotextual.com\/inicio\/?s={search_term_string}"},"query-input":{"@type":"PropertyValueSpecification","valueRequired":true,"valueName":"search_term_string"}}],"inLanguage":"es"},{"@type":"Organization","@id":"https:\/\/diariotextual.com\/inicio\/#organization","name":"Diario Textual","url":"https:\/\/diariotextual.com\/inicio\/","logo":{"@type":"ImageObject","inLanguage":"es","@id":"https:\/\/diariotextual.com\/inicio\/#\/schema\/logo\/image\/","url":"https:\/\/diariotextual.com\/inicio\/wp-content\/uploads\/2023\/05\/logotextual1.jpg","contentUrl":"https:\/\/diariotextual.com\/inicio\/wp-content\/uploads\/2023\/05\/logotextual1.jpg","width":516,"height":76,"caption":"Diario Textual"},"image":{"@id":"https:\/\/diariotextual.com\/inicio\/#\/schema\/logo\/image\/"},"sameAs":["https:\/\/www.facebook.com\/eltextual","https:\/\/x.com\/eltextual","http:\/\/www.instagram.com\/eltextual"]},{"@type":"Person","@id":"https:\/\/diariotextual.com\/inicio\/#\/schema\/person\/418fc4093c33e86ed41562db3508f958","name":"Diario1 Diario1","image":{"@type":"ImageObject","inLanguage":"es","@id":"https:\/\/secure.gravatar.com\/avatar\/9167d280179c85bc18be67aa7eda765854300033af4896dd779b608640f2ef7a?s=96&d=mm&r=g","url":"https:\/\/secure.gravatar.com\/avatar\/9167d280179c85bc18be67aa7eda765854300033af4896dd779b608640f2ef7a?s=96&d=mm&r=g","contentUrl":"https:\/\/secure.gravatar.com\/avatar\/9167d280179c85bc18be67aa7eda765854300033af4896dd779b608640f2ef7a?s=96&d=mm&r=g","caption":"Diario1 Diario1"},"url":"https:\/\/diariotextual.com\/inicio\/index.php\/author\/diario1\/"}]}},"_links":{"self":[{"href":"https:\/\/diariotextual.com\/inicio\/index.php\/wp-json\/wp\/v2\/posts\/62636","targetHints":{"allow":["GET"]}}],"collection":[{"href":"https:\/\/diariotextual.com\/inicio\/index.php\/wp-json\/wp\/v2\/posts"}],"about":[{"href":"https:\/\/diariotextual.com\/inicio\/index.php\/wp-json\/wp\/v2\/types\/post"}],"author":[{"embeddable":true,"href":"https:\/\/diariotextual.com\/inicio\/index.php\/wp-json\/wp\/v2\/users\/3"}],"replies":[{"embeddable":true,"href":"https:\/\/diariotextual.com\/inicio\/index.php\/wp-json\/wp\/v2\/comments?post=62636"}],"version-history":[{"count":10,"href":"https:\/\/diariotextual.com\/inicio\/index.php\/wp-json\/wp\/v2\/posts\/62636\/revisions"}],"predecessor-version":[{"id":62648,"href":"https:\/\/diariotextual.com\/inicio\/index.php\/wp-json\/wp\/v2\/posts\/62636\/revisions\/62648"}],"wp:featuredmedia":[{"embeddable":true,"href":"https:\/\/diariotextual.com\/inicio\/index.php\/wp-json\/wp\/v2\/media\/62637"}],"wp:attachment":[{"href":"https:\/\/diariotextual.com\/inicio\/index.php\/wp-json\/wp\/v2\/media?parent=62636"}],"wp:term":[{"taxonomy":"category","embeddable":true,"href":"https:\/\/diariotextual.com\/inicio\/index.php\/wp-json\/wp\/v2\/categories?post=62636"},{"taxonomy":"post_tag","embeddable":true,"href":"https:\/\/diariotextual.com\/inicio\/index.php\/wp-json\/wp\/v2\/tags?post=62636"}],"curies":[{"name":"wp","href":"https:\/\/api.w.org\/{rel}","templated":true}]}}