{"id":62667,"date":"2019-09-14T17:17:10","date_gmt":"2019-09-14T20:17:10","guid":{"rendered":"http:\/\/diariotextual.com\/inicio\/?p=62667"},"modified":"2019-09-15T19:57:55","modified_gmt":"2019-09-15T22:57:55","slug":"perez-araujo-las-licencias-gremiales-la-argentina-viene-no-lugar-tibios","status":"publish","type":"post","link":"https:\/\/diariotextual.com\/inicio\/index.php\/2019\/09\/14\/perez-araujo-las-licencias-gremiales-la-argentina-viene-no-lugar-tibios\/","title":{"rendered":"P\u00e9rez Araujo y las licencias gremiales: \u00abEn la Argentina que viene no hay lugar para tibios\u00bb"},"content":{"rendered":"<p>El candidato a diputado nacional por el Frente de Todos La Pampa, <strong>Hern\u00e1n P\u00e9rez Araujo<\/strong>, calific\u00f3 de<strong> \u201canacr\u00f3nico\u201d<\/strong> el proyecto de un grupo de diputados radicales de<strong> eliminar el pago de las licencias gremiales<\/strong>. \u00abLe pido a la dirigencia de la oposici\u00f3n que se jueguen por las posturas que sostienen, porque en la Argentina que viene no hay lugar para tibios\u201d, sostuvo.<\/p>\n<p>\u201cNosotros no escondemos nada, mostramos con orgullo nuestros referentes provinciales y nacionales y eso deber\u00eda hacer la oposici\u00f3n pampeana que juega a las escondidas permanentemente\u201d, advirti\u00f3.<\/p>\n<blockquote class=\"wp-embedded-content\" data-secret=\"tM7gAfEaXm\"><p><a href=\"http:\/\/diariotextual.com\/inicio\/index.php\/2019\/09\/14\/hagan-una-consulta-no-justo-estado-pague-sueldo-gremialista-no-trabaja\/\">&#171;Hagan una consulta porque no es justo que el Estado pague el sueldo de un gremialista que no trabaja&#187;<\/a><\/p><\/blockquote>\n<p><iframe class=\"wp-embedded-content\" sandbox=\"allow-scripts\" security=\"restricted\" style=\"position: absolute; clip: rect(1px, 1px, 1px, 1px);\" src=\"http:\/\/diariotextual.com\/inicio\/index.php\/2019\/09\/14\/hagan-una-consulta-no-justo-estado-pague-sueldo-gremialista-no-trabaja\/embed\/#?secret=tM7gAfEaXm\" data-secret=\"tM7gAfEaXm\" width=\"600\" height=\"338\" title=\"&#171;&#171;Hagan una consulta porque no es justo que el Estado pague el sueldo de un gremialista que no trabaja&#187;&#187; &#8212; Diario Textual\" frameborder=\"0\" marginwidth=\"0\" marginheight=\"0\" scrolling=\"no\"><\/iframe><\/p>\n<p>\u00abEl proyecto impulsado por los legisladores radicales atrasa y mucho, pareciera que nos quieren retrotraer a 1949, antes de la constitucionalizaci\u00f3n de los derechos laborales y gremiales. Sinceramente, me parece un anacronismo que muestra cierta ideolog\u00eda que a veces se intenta maquillar y que se revela en tiempos electorales para seducir a cierta parte de la sociedad que puede pensar de ese modo\u201d, dijo.<\/p>\n<p>&nbsp;<\/p>\n<p><strong>Cornejo: \u201cUn gran mentiroso\u201d<\/strong><\/p>\n<p>P\u00e9rez Araujo celebr\u00f3 que las provincias integrantes de Coirco, a excepci\u00f3n de Mendoza que no asisti\u00f3 a la \u00faltima reuni\u00f3n del organismo, hayan solicitado un estudio de impacto ambiental serio para avanzar con la represa Portezuelo del Viento.<\/p>\n<p>Evalu\u00f3 como posible que el cambio de postura de estas provincias \u201cest\u00e9 vinculado a los cambios pol\u00edticos que se avecinan en el pa\u00eds\u201d, pero asegur\u00f3 que tambi\u00e9n fue un factor muy importante el \u201cdespertar de la ciudadan\u00eda\u00bb de R\u00edo Colorado y Catriel \u2013ambas localidades rionegrinas-. \u00abComprendieron que el reclamo de La Pampa nada ten\u00eda que ver con una cuesti\u00f3n pol\u00edtica, sino que tiene que ver con la legislaci\u00f3n nacional existente que no podemos obviar\u201d, dijo.<\/p>\n<p>&nbsp;<\/p>\n<blockquote class=\"wp-embedded-content\" data-secret=\"poiz0XAW4V\"><p><a href=\"http:\/\/diariotextual.com\/inicio\/index.php\/2019\/09\/13\/cornejo-desoyo-al-coirco-firmo-los-pliegos-la-licitacion-portezuelo\/\">Cornejo llam\u00f3 a la licitaci\u00f3n de Portezuelo y minti\u00f3: &#171;Tiene el apoyo de las provincias&#187;<\/a><\/p><\/blockquote>\n<p><iframe class=\"wp-embedded-content\" sandbox=\"allow-scripts\" security=\"restricted\" style=\"position: absolute; clip: rect(1px, 1px, 1px, 1px);\" src=\"http:\/\/diariotextual.com\/inicio\/index.php\/2019\/09\/13\/cornejo-desoyo-al-coirco-firmo-los-pliegos-la-licitacion-portezuelo\/embed\/#?secret=poiz0XAW4V\" data-secret=\"poiz0XAW4V\" width=\"600\" height=\"338\" title=\"&#171;Cornejo llam\u00f3 a la licitaci\u00f3n de Portezuelo y minti\u00f3: &#171;Tiene el apoyo de las provincias&#187;&#187; &#8212; Diario Textual\" frameborder=\"0\" marginwidth=\"0\" marginheight=\"0\" scrolling=\"no\"><\/iframe><\/p>\n<p>&nbsp;<\/p>\n<p>\u00abLa coacci\u00f3n que ven\u00eda ejerciendo el gobierno nacional sobre algunos gobernadores debe estar empezando a ceder, atento a las circunstancias que son p\u00fablicas y que tienen que ver con el resultado de las PASO y las perspectivas de un triunfo a\u00fan mayor del Frente de Todos en las elecciones de octubre\u201d, sostuvo.<\/p>\n<p>No se manifest\u00f3 sorprendido por las \u00faltimas declaraciones del gobernador de Mendoza, <strong>Alfredo Cornejo<\/strong>. \u201cEs <strong>un gran mentiroso<\/strong>, que enga\u00f1a a los propios mendocinos y hace caso omiso al reclamo de las dem\u00e1s provincias que integramos el Coirco. Claramente usa el tema de Portezuelo del Viento como actos de campa\u00f1a para ver si puede, como un manotazo de ahogado, salvar la ropa de Cambiemos en Mendoza que est\u00e1 complicado para las elecciones del 29 de septiembre\u201d.<\/p>\n<p>&nbsp;<\/p>\n<p><strong>La licitaci\u00f3n<\/strong><\/p>\n<p><strong>Ayer, desoy\u00f3 el pedido del Comit\u00e9 Interprovincial del R\u00edo Colorado<\/strong>\u00a0(Coirco), que reclam\u00f3\u00a0<a href=\"http:\/\/diariotextual.com\/inicio\/index.php\/2019\/09\/12\/tres-provincias-cambian-posicion-portezuelo-piden-audiencia-publica-e-informe-ambiental\/\" target=\"_blank\" rel=\"noopener\"><strong>un nuevo estudio de impacto ambiental<\/strong>\u00a0y\u00a0<strong>una audiencia p\u00fablica nacional<\/strong><\/a>, y\u00a0<strong>firm\u00f3 un decreto que aprueba los pliegos del llamado a licitaci\u00f3n<\/strong>\u00a0para construir la represa hidroel\u00e9ctrica<strong>\u00a0Portezuelo del Viento<\/strong>. Ya al mediod\u00eda, en un acto en la ciudad de Malarg\u00fce, hizo el anuncio y falt\u00f3 a la verdad.<strong>\u00a0\u00abEsta obra tiene seguridad jur\u00eddica porque tiene el apoyo de las otras provincias\u00bb<\/strong>, expres\u00f3, llamativamente, pese a que las restantes provincias de la cuenca, que integran el Coirco, reclamaron otro estudio de impacto ambiental.<\/p>\n<p>&nbsp;<\/p>\n<p>&nbsp;<\/p>\n","protected":false},"excerpt":{"rendered":"<p>El candidato a diputado nacional por el Frente de Todos La Pampa, Hern\u00e1n P\u00e9rez Araujo, calific\u00f3 de \u201canacr\u00f3nico\u201d el proyecto de un grupo de diputados radicales de eliminar el pago&hellip;<\/p>\n","protected":false},"author":3,"featured_media":62668,"comment_status":"closed","ping_status":"open","sticky":false,"template":"","format":"standard","meta":{"_acf_changed":false,"footnotes":""},"categories":[319,8],"tags":[],"class_list":["post-62667","post","type-post","status-publish","format-standard","has-post-thumbnail","hentry","category-a-temporales","category-politica"],"acf":[],"yoast_head":"<!-- This site is optimized with the Yoast SEO plugin v27.5 - https:\/\/yoast.com\/product\/yoast-seo-wordpress\/ -->\n<title>P\u00e9rez Araujo y las licencias gremiales: &quot;En la Argentina que viene no hay lugar para tibios&quot; - Diario Textual<\/title>\n<meta name=\"robots\" content=\"index, follow, max-snippet:-1, max-image-preview:large, max-video-preview:-1\" \/>\n<link rel=\"canonical\" href=\"https:\/\/diariotextual.com\/inicio\/index.php\/2019\/09\/14\/perez-araujo-las-licencias-gremiales-la-argentina-viene-no-lugar-tibios\/\" \/>\n<meta property=\"og:locale\" content=\"es_ES\" \/>\n<meta property=\"og:type\" content=\"article\" \/>\n<meta property=\"og:title\" content=\"P\u00e9rez Araujo y las licencias gremiales: &quot;En la Argentina que viene no hay lugar para tibios&quot; - Diario Textual\" \/>\n<meta property=\"og:description\" content=\"El candidato a diputado nacional por el Frente de Todos La Pampa, Hern\u00e1n P\u00e9rez Araujo, calific\u00f3 de \u201canacr\u00f3nico\u201d el proyecto de un grupo de diputados radicales de eliminar el pago&hellip;\" \/>\n<meta property=\"og:url\" content=\"https:\/\/diariotextual.com\/inicio\/index.php\/2019\/09\/14\/perez-araujo-las-licencias-gremiales-la-argentina-viene-no-lugar-tibios\/\" \/>\n<meta property=\"og:site_name\" content=\"Diario Textual\" \/>\n<meta property=\"article:publisher\" content=\"https:\/\/www.facebook.com\/eltextual\" \/>\n<meta property=\"article:published_time\" content=\"2019-09-14T20:17:10+00:00\" \/>\n<meta property=\"article:modified_time\" content=\"2019-09-15T22:57:55+00:00\" \/>\n<meta property=\"og:image\" content=\"https:\/\/diariotextual.com\/inicio\/wp-content\/uploads\/2019\/09\/perezaraujohernan2019-89.jpg\" \/>\n\t<meta property=\"og:image:width\" content=\"960\" \/>\n\t<meta property=\"og:image:height\" content=\"639\" \/>\n\t<meta property=\"og:image:type\" content=\"image\/jpeg\" \/>\n<meta name=\"author\" content=\"Diario1 Diario1\" \/>\n<meta name=\"twitter:card\" content=\"summary_large_image\" \/>\n<meta name=\"twitter:creator\" content=\"@eltextual\" \/>\n<meta name=\"twitter:site\" content=\"@eltextual\" \/>\n<meta name=\"twitter:label1\" content=\"Escrito por\" \/>\n\t<meta name=\"twitter:data1\" content=\"Diario1 Diario1\" \/>\n\t<meta name=\"twitter:label2\" content=\"Tiempo de lectura\" \/>\n\t<meta name=\"twitter:data2\" content=\"3 minutos\" \/>\n<script type=\"application\/ld+json\" class=\"yoast-schema-graph\">{\"@context\":\"https:\\\/\\\/schema.org\",\"@graph\":[{\"@type\":\"Article\",\"@id\":\"https:\\\/\\\/diariotextual.com\\\/inicio\\\/index.php\\\/2019\\\/09\\\/14\\\/perez-araujo-las-licencias-gremiales-la-argentina-viene-no-lugar-tibios\\\/#article\",\"isPartOf\":{\"@id\":\"https:\\\/\\\/diariotextual.com\\\/inicio\\\/index.php\\\/2019\\\/09\\\/14\\\/perez-araujo-las-licencias-gremiales-la-argentina-viene-no-lugar-tibios\\\/\"},\"author\":{\"name\":\"Diario1 Diario1\",\"@id\":\"https:\\\/\\\/diariotextual.com\\\/inicio\\\/#\\\/schema\\\/person\\\/418fc4093c33e86ed41562db3508f958\"},\"headline\":\"P\u00e9rez Araujo y las licencias gremiales: \u00abEn la Argentina que viene no hay lugar para tibios\u00bb\",\"datePublished\":\"2019-09-14T20:17:10+00:00\",\"dateModified\":\"2019-09-15T22:57:55+00:00\",\"mainEntityOfPage\":{\"@id\":\"https:\\\/\\\/diariotextual.com\\\/inicio\\\/index.php\\\/2019\\\/09\\\/14\\\/perez-araujo-las-licencias-gremiales-la-argentina-viene-no-lugar-tibios\\\/\"},\"wordCount\":566,\"publisher\":{\"@id\":\"https:\\\/\\\/diariotextual.com\\\/inicio\\\/#organization\"},\"image\":{\"@id\":\"https:\\\/\\\/diariotextual.com\\\/inicio\\\/index.php\\\/2019\\\/09\\\/14\\\/perez-araujo-las-licencias-gremiales-la-argentina-viene-no-lugar-tibios\\\/#primaryimage\"},\"thumbnailUrl\":\"https:\\\/\\\/diariotextual.com\\\/inicio\\\/wp-content\\\/uploads\\\/2019\\\/09\\\/perezaraujohernan2019-89.jpg\",\"articleSection\":[\"A - TEMPORALES\",\"POLITICA\"],\"inLanguage\":\"es\"},{\"@type\":\"WebPage\",\"@id\":\"https:\\\/\\\/diariotextual.com\\\/inicio\\\/index.php\\\/2019\\\/09\\\/14\\\/perez-araujo-las-licencias-gremiales-la-argentina-viene-no-lugar-tibios\\\/\",\"url\":\"https:\\\/\\\/diariotextual.com\\\/inicio\\\/index.php\\\/2019\\\/09\\\/14\\\/perez-araujo-las-licencias-gremiales-la-argentina-viene-no-lugar-tibios\\\/\",\"name\":\"P\u00e9rez Araujo y las licencias gremiales: \\\"En la Argentina que viene no hay lugar para tibios\\\" - Diario Textual\",\"isPartOf\":{\"@id\":\"https:\\\/\\\/diariotextual.com\\\/inicio\\\/#website\"},\"primaryImageOfPage\":{\"@id\":\"https:\\\/\\\/diariotextual.com\\\/inicio\\\/index.php\\\/2019\\\/09\\\/14\\\/perez-araujo-las-licencias-gremiales-la-argentina-viene-no-lugar-tibios\\\/#primaryimage\"},\"image\":{\"@id\":\"https:\\\/\\\/diariotextual.com\\\/inicio\\\/index.php\\\/2019\\\/09\\\/14\\\/perez-araujo-las-licencias-gremiales-la-argentina-viene-no-lugar-tibios\\\/#primaryimage\"},\"thumbnailUrl\":\"https:\\\/\\\/diariotextual.com\\\/inicio\\\/wp-content\\\/uploads\\\/2019\\\/09\\\/perezaraujohernan2019-89.jpg\",\"datePublished\":\"2019-09-14T20:17:10+00:00\",\"dateModified\":\"2019-09-15T22:57:55+00:00\",\"breadcrumb\":{\"@id\":\"https:\\\/\\\/diariotextual.com\\\/inicio\\\/index.php\\\/2019\\\/09\\\/14\\\/perez-araujo-las-licencias-gremiales-la-argentina-viene-no-lugar-tibios\\\/#breadcrumb\"},\"inLanguage\":\"es\",\"potentialAction\":[{\"@type\":\"ReadAction\",\"target\":[\"https:\\\/\\\/diariotextual.com\\\/inicio\\\/index.php\\\/2019\\\/09\\\/14\\\/perez-araujo-las-licencias-gremiales-la-argentina-viene-no-lugar-tibios\\\/\"]}]},{\"@type\":\"ImageObject\",\"inLanguage\":\"es\",\"@id\":\"https:\\\/\\\/diariotextual.com\\\/inicio\\\/index.php\\\/2019\\\/09\\\/14\\\/perez-araujo-las-licencias-gremiales-la-argentina-viene-no-lugar-tibios\\\/#primaryimage\",\"url\":\"https:\\\/\\\/diariotextual.com\\\/inicio\\\/wp-content\\\/uploads\\\/2019\\\/09\\\/perezaraujohernan2019-89.jpg\",\"contentUrl\":\"https:\\\/\\\/diariotextual.com\\\/inicio\\\/wp-content\\\/uploads\\\/2019\\\/09\\\/perezaraujohernan2019-89.jpg\",\"width\":960,\"height\":639},{\"@type\":\"BreadcrumbList\",\"@id\":\"https:\\\/\\\/diariotextual.com\\\/inicio\\\/index.php\\\/2019\\\/09\\\/14\\\/perez-araujo-las-licencias-gremiales-la-argentina-viene-no-lugar-tibios\\\/#breadcrumb\",\"itemListElement\":[{\"@type\":\"ListItem\",\"position\":1,\"name\":\"Portada\",\"item\":\"https:\\\/\\\/diariotextual.com\\\/inicio\\\/\"},{\"@type\":\"ListItem\",\"position\":2,\"name\":\"P\u00e9rez Araujo y las licencias gremiales: \u00abEn la Argentina que viene no hay lugar para tibios\u00bb\"}]},{\"@type\":\"WebSite\",\"@id\":\"https:\\\/\\\/diariotextual.com\\\/inicio\\\/#website\",\"url\":\"https:\\\/\\\/diariotextual.com\\\/inicio\\\/\",\"name\":\"Diario Textual\",\"description\":\"\",\"publisher\":{\"@id\":\"https:\\\/\\\/diariotextual.com\\\/inicio\\\/#organization\"},\"potentialAction\":[{\"@type\":\"SearchAction\",\"target\":{\"@type\":\"EntryPoint\",\"urlTemplate\":\"https:\\\/\\\/diariotextual.com\\\/inicio\\\/?s={search_term_string}\"},\"query-input\":{\"@type\":\"PropertyValueSpecification\",\"valueRequired\":true,\"valueName\":\"search_term_string\"}}],\"inLanguage\":\"es\"},{\"@type\":\"Organization\",\"@id\":\"https:\\\/\\\/diariotextual.com\\\/inicio\\\/#organization\",\"name\":\"Diario Textual\",\"url\":\"https:\\\/\\\/diariotextual.com\\\/inicio\\\/\",\"logo\":{\"@type\":\"ImageObject\",\"inLanguage\":\"es\",\"@id\":\"https:\\\/\\\/diariotextual.com\\\/inicio\\\/#\\\/schema\\\/logo\\\/image\\\/\",\"url\":\"https:\\\/\\\/diariotextual.com\\\/inicio\\\/wp-content\\\/uploads\\\/2023\\\/05\\\/logotextual1.jpg\",\"contentUrl\":\"https:\\\/\\\/diariotextual.com\\\/inicio\\\/wp-content\\\/uploads\\\/2023\\\/05\\\/logotextual1.jpg\",\"width\":516,\"height\":76,\"caption\":\"Diario Textual\"},\"image\":{\"@id\":\"https:\\\/\\\/diariotextual.com\\\/inicio\\\/#\\\/schema\\\/logo\\\/image\\\/\"},\"sameAs\":[\"https:\\\/\\\/www.facebook.com\\\/eltextual\",\"https:\\\/\\\/x.com\\\/eltextual\",\"http:\\\/\\\/www.instagram.com\\\/eltextual\"]},{\"@type\":\"Person\",\"@id\":\"https:\\\/\\\/diariotextual.com\\\/inicio\\\/#\\\/schema\\\/person\\\/418fc4093c33e86ed41562db3508f958\",\"name\":\"Diario1 Diario1\",\"image\":{\"@type\":\"ImageObject\",\"inLanguage\":\"es\",\"@id\":\"https:\\\/\\\/secure.gravatar.com\\\/avatar\\\/9167d280179c85bc18be67aa7eda765854300033af4896dd779b608640f2ef7a?s=96&d=mm&r=g\",\"url\":\"https:\\\/\\\/secure.gravatar.com\\\/avatar\\\/9167d280179c85bc18be67aa7eda765854300033af4896dd779b608640f2ef7a?s=96&d=mm&r=g\",\"contentUrl\":\"https:\\\/\\\/secure.gravatar.com\\\/avatar\\\/9167d280179c85bc18be67aa7eda765854300033af4896dd779b608640f2ef7a?s=96&d=mm&r=g\",\"caption\":\"Diario1 Diario1\"},\"url\":\"https:\\\/\\\/diariotextual.com\\\/inicio\\\/index.php\\\/author\\\/diario1\\\/\"}]}<\/script>\n<!-- \/ Yoast SEO plugin. -->","yoast_head_json":{"title":"P\u00e9rez Araujo y las licencias gremiales: \"En la Argentina que viene no hay lugar para tibios\" - Diario Textual","robots":{"index":"index","follow":"follow","max-snippet":"max-snippet:-1","max-image-preview":"max-image-preview:large","max-video-preview":"max-video-preview:-1"},"canonical":"https:\/\/diariotextual.com\/inicio\/index.php\/2019\/09\/14\/perez-araujo-las-licencias-gremiales-la-argentina-viene-no-lugar-tibios\/","og_locale":"es_ES","og_type":"article","og_title":"P\u00e9rez Araujo y las licencias gremiales: \"En la Argentina que viene no hay lugar para tibios\" - Diario Textual","og_description":"El candidato a diputado nacional por el Frente de Todos La Pampa, Hern\u00e1n P\u00e9rez Araujo, calific\u00f3 de \u201canacr\u00f3nico\u201d el proyecto de un grupo de diputados radicales de eliminar el pago&hellip;","og_url":"https:\/\/diariotextual.com\/inicio\/index.php\/2019\/09\/14\/perez-araujo-las-licencias-gremiales-la-argentina-viene-no-lugar-tibios\/","og_site_name":"Diario Textual","article_publisher":"https:\/\/www.facebook.com\/eltextual","article_published_time":"2019-09-14T20:17:10+00:00","article_modified_time":"2019-09-15T22:57:55+00:00","og_image":[{"width":960,"height":639,"url":"https:\/\/diariotextual.com\/inicio\/wp-content\/uploads\/2019\/09\/perezaraujohernan2019-89.jpg","type":"image\/jpeg"}],"author":"Diario1 Diario1","twitter_card":"summary_large_image","twitter_creator":"@eltextual","twitter_site":"@eltextual","twitter_misc":{"Escrito por":"Diario1 Diario1","Tiempo de lectura":"3 minutos"},"schema":{"@context":"https:\/\/schema.org","@graph":[{"@type":"Article","@id":"https:\/\/diariotextual.com\/inicio\/index.php\/2019\/09\/14\/perez-araujo-las-licencias-gremiales-la-argentina-viene-no-lugar-tibios\/#article","isPartOf":{"@id":"https:\/\/diariotextual.com\/inicio\/index.php\/2019\/09\/14\/perez-araujo-las-licencias-gremiales-la-argentina-viene-no-lugar-tibios\/"},"author":{"name":"Diario1 Diario1","@id":"https:\/\/diariotextual.com\/inicio\/#\/schema\/person\/418fc4093c33e86ed41562db3508f958"},"headline":"P\u00e9rez Araujo y las licencias gremiales: \u00abEn la Argentina que viene no hay lugar para tibios\u00bb","datePublished":"2019-09-14T20:17:10+00:00","dateModified":"2019-09-15T22:57:55+00:00","mainEntityOfPage":{"@id":"https:\/\/diariotextual.com\/inicio\/index.php\/2019\/09\/14\/perez-araujo-las-licencias-gremiales-la-argentina-viene-no-lugar-tibios\/"},"wordCount":566,"publisher":{"@id":"https:\/\/diariotextual.com\/inicio\/#organization"},"image":{"@id":"https:\/\/diariotextual.com\/inicio\/index.php\/2019\/09\/14\/perez-araujo-las-licencias-gremiales-la-argentina-viene-no-lugar-tibios\/#primaryimage"},"thumbnailUrl":"https:\/\/diariotextual.com\/inicio\/wp-content\/uploads\/2019\/09\/perezaraujohernan2019-89.jpg","articleSection":["A - TEMPORALES","POLITICA"],"inLanguage":"es"},{"@type":"WebPage","@id":"https:\/\/diariotextual.com\/inicio\/index.php\/2019\/09\/14\/perez-araujo-las-licencias-gremiales-la-argentina-viene-no-lugar-tibios\/","url":"https:\/\/diariotextual.com\/inicio\/index.php\/2019\/09\/14\/perez-araujo-las-licencias-gremiales-la-argentina-viene-no-lugar-tibios\/","name":"P\u00e9rez Araujo y las licencias gremiales: \"En la Argentina que viene no hay lugar para tibios\" - Diario Textual","isPartOf":{"@id":"https:\/\/diariotextual.com\/inicio\/#website"},"primaryImageOfPage":{"@id":"https:\/\/diariotextual.com\/inicio\/index.php\/2019\/09\/14\/perez-araujo-las-licencias-gremiales-la-argentina-viene-no-lugar-tibios\/#primaryimage"},"image":{"@id":"https:\/\/diariotextual.com\/inicio\/index.php\/2019\/09\/14\/perez-araujo-las-licencias-gremiales-la-argentina-viene-no-lugar-tibios\/#primaryimage"},"thumbnailUrl":"https:\/\/diariotextual.com\/inicio\/wp-content\/uploads\/2019\/09\/perezaraujohernan2019-89.jpg","datePublished":"2019-09-14T20:17:10+00:00","dateModified":"2019-09-15T22:57:55+00:00","breadcrumb":{"@id":"https:\/\/diariotextual.com\/inicio\/index.php\/2019\/09\/14\/perez-araujo-las-licencias-gremiales-la-argentina-viene-no-lugar-tibios\/#breadcrumb"},"inLanguage":"es","potentialAction":[{"@type":"ReadAction","target":["https:\/\/diariotextual.com\/inicio\/index.php\/2019\/09\/14\/perez-araujo-las-licencias-gremiales-la-argentina-viene-no-lugar-tibios\/"]}]},{"@type":"ImageObject","inLanguage":"es","@id":"https:\/\/diariotextual.com\/inicio\/index.php\/2019\/09\/14\/perez-araujo-las-licencias-gremiales-la-argentina-viene-no-lugar-tibios\/#primaryimage","url":"https:\/\/diariotextual.com\/inicio\/wp-content\/uploads\/2019\/09\/perezaraujohernan2019-89.jpg","contentUrl":"https:\/\/diariotextual.com\/inicio\/wp-content\/uploads\/2019\/09\/perezaraujohernan2019-89.jpg","width":960,"height":639},{"@type":"BreadcrumbList","@id":"https:\/\/diariotextual.com\/inicio\/index.php\/2019\/09\/14\/perez-araujo-las-licencias-gremiales-la-argentina-viene-no-lugar-tibios\/#breadcrumb","itemListElement":[{"@type":"ListItem","position":1,"name":"Portada","item":"https:\/\/diariotextual.com\/inicio\/"},{"@type":"ListItem","position":2,"name":"P\u00e9rez Araujo y las licencias gremiales: \u00abEn la Argentina que viene no hay lugar para tibios\u00bb"}]},{"@type":"WebSite","@id":"https:\/\/diariotextual.com\/inicio\/#website","url":"https:\/\/diariotextual.com\/inicio\/","name":"Diario Textual","description":"","publisher":{"@id":"https:\/\/diariotextual.com\/inicio\/#organization"},"potentialAction":[{"@type":"SearchAction","target":{"@type":"EntryPoint","urlTemplate":"https:\/\/diariotextual.com\/inicio\/?s={search_term_string}"},"query-input":{"@type":"PropertyValueSpecification","valueRequired":true,"valueName":"search_term_string"}}],"inLanguage":"es"},{"@type":"Organization","@id":"https:\/\/diariotextual.com\/inicio\/#organization","name":"Diario Textual","url":"https:\/\/diariotextual.com\/inicio\/","logo":{"@type":"ImageObject","inLanguage":"es","@id":"https:\/\/diariotextual.com\/inicio\/#\/schema\/logo\/image\/","url":"https:\/\/diariotextual.com\/inicio\/wp-content\/uploads\/2023\/05\/logotextual1.jpg","contentUrl":"https:\/\/diariotextual.com\/inicio\/wp-content\/uploads\/2023\/05\/logotextual1.jpg","width":516,"height":76,"caption":"Diario Textual"},"image":{"@id":"https:\/\/diariotextual.com\/inicio\/#\/schema\/logo\/image\/"},"sameAs":["https:\/\/www.facebook.com\/eltextual","https:\/\/x.com\/eltextual","http:\/\/www.instagram.com\/eltextual"]},{"@type":"Person","@id":"https:\/\/diariotextual.com\/inicio\/#\/schema\/person\/418fc4093c33e86ed41562db3508f958","name":"Diario1 Diario1","image":{"@type":"ImageObject","inLanguage":"es","@id":"https:\/\/secure.gravatar.com\/avatar\/9167d280179c85bc18be67aa7eda765854300033af4896dd779b608640f2ef7a?s=96&d=mm&r=g","url":"https:\/\/secure.gravatar.com\/avatar\/9167d280179c85bc18be67aa7eda765854300033af4896dd779b608640f2ef7a?s=96&d=mm&r=g","contentUrl":"https:\/\/secure.gravatar.com\/avatar\/9167d280179c85bc18be67aa7eda765854300033af4896dd779b608640f2ef7a?s=96&d=mm&r=g","caption":"Diario1 Diario1"},"url":"https:\/\/diariotextual.com\/inicio\/index.php\/author\/diario1\/"}]}},"_links":{"self":[{"href":"https:\/\/diariotextual.com\/inicio\/index.php\/wp-json\/wp\/v2\/posts\/62667","targetHints":{"allow":["GET"]}}],"collection":[{"href":"https:\/\/diariotextual.com\/inicio\/index.php\/wp-json\/wp\/v2\/posts"}],"about":[{"href":"https:\/\/diariotextual.com\/inicio\/index.php\/wp-json\/wp\/v2\/types\/post"}],"author":[{"embeddable":true,"href":"https:\/\/diariotextual.com\/inicio\/index.php\/wp-json\/wp\/v2\/users\/3"}],"replies":[{"embeddable":true,"href":"https:\/\/diariotextual.com\/inicio\/index.php\/wp-json\/wp\/v2\/comments?post=62667"}],"version-history":[{"count":4,"href":"https:\/\/diariotextual.com\/inicio\/index.php\/wp-json\/wp\/v2\/posts\/62667\/revisions"}],"predecessor-version":[{"id":62673,"href":"https:\/\/diariotextual.com\/inicio\/index.php\/wp-json\/wp\/v2\/posts\/62667\/revisions\/62673"}],"wp:featuredmedia":[{"embeddable":true,"href":"https:\/\/diariotextual.com\/inicio\/index.php\/wp-json\/wp\/v2\/media\/62668"}],"wp:attachment":[{"href":"https:\/\/diariotextual.com\/inicio\/index.php\/wp-json\/wp\/v2\/media?parent=62667"}],"wp:term":[{"taxonomy":"category","embeddable":true,"href":"https:\/\/diariotextual.com\/inicio\/index.php\/wp-json\/wp\/v2\/categories?post=62667"},{"taxonomy":"post_tag","embeddable":true,"href":"https:\/\/diariotextual.com\/inicio\/index.php\/wp-json\/wp\/v2\/tags?post=62667"}],"curies":[{"name":"wp","href":"https:\/\/api.w.org\/{rel}","templated":true}]}}