{"id":62716,"date":"2019-09-15T17:31:36","date_gmt":"2019-09-15T20:31:36","guid":{"rendered":"http:\/\/diariotextual.com\/inicio\/?p=62716"},"modified":"2019-09-15T22:52:23","modified_gmt":"2019-09-16T01:52:23","slug":"presupuesto-nacional-2020-dolar-75-la-inflacion-del-34","status":"publish","type":"post","link":"https:\/\/diariotextual.com\/inicio\/index.php\/2019\/09\/15\/presupuesto-nacional-2020-dolar-75-la-inflacion-del-34\/","title":{"rendered":"Presupuesto nacional 2020: un d\u00f3lar a 75 y la inflaci\u00f3n del 34%"},"content":{"rendered":"<p>El ministro de Hacienda, Hern\u00e1n<strong> Lacunza, presentar\u00e1 este lunes el proyecto de ley de Presupuesto 2020 en la C\u00e1mara de Diputados<\/strong>, aunque la iniciativa no se tratar\u00e1 hasta despu\u00e9s de las elecciones del 27 de octubre. El <strong>proyecto prev\u00e9 para el 2020 un d\u00f3lar a $67 en promedio que llegar\u00eda a $75 para fines de ese a\u00f1o.<\/strong><\/p>\n<p><!--more--><\/p>\n<p>Lacunza expondr\u00e1 los puntos principales del presupuesto nacional ante los diputados a \u00a0partir de las 15 en el Sal\u00f3n Delia Parodi, aunque algunos de los \u00edtems ya fueron dados a conocer por el Ministerio de Hacienda.<\/p>\n<p>El proyecto prev\u00e9 para el 2020 <strong>un d\u00f3lar a $67 en promedio que llegar\u00eda a $75 para fines de 2020, un crecimiento de la econom\u00eda del 1% y un nivel de inflaci\u00f3n del 34%,<\/strong> mientras que no contempla la refinanciaci\u00f3n de la deuda ya que la deber\u00e1 decidir el Parlamento, public\u00f3 el diario \u00c1mbito Financiero.<\/p>\n<p>Seg\u00fan fuentes del Palacio de Hacienda, el Presupuesto <strong>2020 mantendr\u00eda la meta de super\u00e1vit fiscal primario del 1% del PBI, un resultado financiero del 2,5% y un crecimiento econ\u00f3mico del 1% tras una ca\u00edda estimada para este a\u00f1o del 2,6%.<\/strong><\/p>\n<p>El Gobierno Nacional redujo as\u00ed las estimaciones de crecimiento del 3,5% proyectada al enviar, a mediados de a\u00f1o, el adelanto presupuestario. Se estima que <strong>los recursos totales crecer\u00edan un 47% y las erogaciones un 36%.<\/strong><\/p>\n<p>&nbsp;<\/p>\n<p><strong>Debate<\/strong><\/p>\n<p>Lacunza presentar\u00e1 oficialmente el Presupuesto en la C\u00e1mara de Diputados para cumplir con la Ley de Administraci\u00f3n Financiera, que establece obliga al Ejecutivo a ingresar el proyecto el 15 de septiembre o el primer d\u00eda h\u00e1bil posterior en esa c\u00e1mara, pero el debate tendr\u00e1 que esperar.<\/p>\n<p>Tanto el oficialismo como la oposici\u00f3n afirmaron que el tratamiento en la Comisi\u00f3n de Presupuesto y Hacienda y <strong>el posterior debate en el recinto no se llevar\u00e1 a cabo hasta que concluya el proceso electoral.<\/strong><\/p>\n<p>En la \u00faltima sesi\u00f3n de la C\u00e1mara baja el jefe del interbloque de Cambiemos, <strong>Mario Negri, confirm\u00f3 que la iniciativa se tratar\u00e1 \u00abdespu\u00e9s de las elecciones, como se hizo en 2017\u00bb, cuando el Congreso esper\u00f3 a que finalizaran los comicios legislativos.<\/strong><\/p>\n<p>En la bancada del Frente para la Victoria indicaron por su parte que el tratamiento comenzar\u00e1, m\u00e1s precisamente, despu\u00e9s del 10 de diciembre, fecha en la que asumir\u00e1n los nuevos legisladores nacionales y, seg\u00fan conf\u00edan en ese espacio, un nuevo gobierno encabezado por Alberto Fern\u00e1ndez.<\/p>\n","protected":false},"excerpt":{"rendered":"<p>El ministro de Hacienda, Hern\u00e1n Lacunza, presentar\u00e1 este lunes el proyecto de ley de Presupuesto 2020 en la C\u00e1mara de Diputados, aunque la iniciativa no se tratar\u00e1 hasta despu\u00e9s de&hellip;<\/p>\n","protected":false},"author":5,"featured_media":61408,"comment_status":"closed","ping_status":"open","sticky":false,"template":"","format":"standard","meta":{"_acf_changed":false,"footnotes":""},"categories":[11,5],"tags":[],"class_list":["post-62716","post","type-post","status-publish","format-standard","has-post-thumbnail","hentry","category-que-pasa","category-economia"],"acf":[],"yoast_head":"<!-- This site is optimized with the Yoast SEO plugin v27.5 - https:\/\/yoast.com\/product\/yoast-seo-wordpress\/ -->\n<title>Presupuesto nacional 2020: un d\u00f3lar a 75 y la inflaci\u00f3n del 34% - Diario Textual<\/title>\n<meta name=\"robots\" content=\"index, follow, max-snippet:-1, max-image-preview:large, max-video-preview:-1\" \/>\n<link rel=\"canonical\" href=\"https:\/\/diariotextual.com\/inicio\/index.php\/2019\/09\/15\/presupuesto-nacional-2020-dolar-75-la-inflacion-del-34\/\" \/>\n<meta property=\"og:locale\" content=\"es_ES\" \/>\n<meta property=\"og:type\" content=\"article\" \/>\n<meta property=\"og:title\" content=\"Presupuesto nacional 2020: un d\u00f3lar a 75 y la inflaci\u00f3n del 34% - Diario Textual\" \/>\n<meta property=\"og:description\" content=\"El ministro de Hacienda, Hern\u00e1n Lacunza, presentar\u00e1 este lunes el proyecto de ley de Presupuesto 2020 en la C\u00e1mara de Diputados, aunque la iniciativa no se tratar\u00e1 hasta despu\u00e9s de&hellip;\" \/>\n<meta property=\"og:url\" content=\"https:\/\/diariotextual.com\/inicio\/index.php\/2019\/09\/15\/presupuesto-nacional-2020-dolar-75-la-inflacion-del-34\/\" \/>\n<meta property=\"og:site_name\" content=\"Diario Textual\" \/>\n<meta property=\"article:publisher\" content=\"https:\/\/www.facebook.com\/eltextual\" \/>\n<meta property=\"article:published_time\" content=\"2019-09-15T20:31:36+00:00\" \/>\n<meta property=\"article:modified_time\" content=\"2019-09-16T01:52:23+00:00\" \/>\n<meta property=\"og:image\" content=\"https:\/\/diariotextual.com\/inicio\/wp-content\/uploads\/2019\/09\/lacunzahernantelam77.jpg\" \/>\n\t<meta property=\"og:image:width\" content=\"1004\" \/>\n\t<meta property=\"og:image:height\" content=\"565\" \/>\n\t<meta property=\"og:image:type\" content=\"image\/jpeg\" \/>\n<meta name=\"author\" content=\"diario3\" \/>\n<meta name=\"twitter:card\" content=\"summary_large_image\" \/>\n<meta name=\"twitter:creator\" content=\"@eltextual\" \/>\n<meta name=\"twitter:site\" content=\"@eltextual\" \/>\n<meta name=\"twitter:label1\" content=\"Escrito por\" \/>\n\t<meta name=\"twitter:data1\" content=\"diario3\" \/>\n\t<meta name=\"twitter:label2\" content=\"Tiempo de lectura\" \/>\n\t<meta name=\"twitter:data2\" content=\"2 minutos\" \/>\n<script type=\"application\/ld+json\" class=\"yoast-schema-graph\">{\"@context\":\"https:\\\/\\\/schema.org\",\"@graph\":[{\"@type\":\"Article\",\"@id\":\"https:\\\/\\\/diariotextual.com\\\/inicio\\\/index.php\\\/2019\\\/09\\\/15\\\/presupuesto-nacional-2020-dolar-75-la-inflacion-del-34\\\/#article\",\"isPartOf\":{\"@id\":\"https:\\\/\\\/diariotextual.com\\\/inicio\\\/index.php\\\/2019\\\/09\\\/15\\\/presupuesto-nacional-2020-dolar-75-la-inflacion-del-34\\\/\"},\"author\":{\"name\":\"diario3\",\"@id\":\"https:\\\/\\\/diariotextual.com\\\/inicio\\\/#\\\/schema\\\/person\\\/a1b6f563e0ee944c60f98119389a4d9f\"},\"headline\":\"Presupuesto nacional 2020: un d\u00f3lar a 75 y la inflaci\u00f3n del 34%\",\"datePublished\":\"2019-09-15T20:31:36+00:00\",\"dateModified\":\"2019-09-16T01:52:23+00:00\",\"mainEntityOfPage\":{\"@id\":\"https:\\\/\\\/diariotextual.com\\\/inicio\\\/index.php\\\/2019\\\/09\\\/15\\\/presupuesto-nacional-2020-dolar-75-la-inflacion-del-34\\\/\"},\"wordCount\":416,\"publisher\":{\"@id\":\"https:\\\/\\\/diariotextual.com\\\/inicio\\\/#organization\"},\"image\":{\"@id\":\"https:\\\/\\\/diariotextual.com\\\/inicio\\\/index.php\\\/2019\\\/09\\\/15\\\/presupuesto-nacional-2020-dolar-75-la-inflacion-del-34\\\/#primaryimage\"},\"thumbnailUrl\":\"https:\\\/\\\/diariotextual.com\\\/inicio\\\/wp-content\\\/uploads\\\/2019\\\/09\\\/lacunzahernantelam77.jpg\",\"articleSection\":[\"A - QUE PASA (al costado)\",\"ECONOMIA\"],\"inLanguage\":\"es\"},{\"@type\":\"WebPage\",\"@id\":\"https:\\\/\\\/diariotextual.com\\\/inicio\\\/index.php\\\/2019\\\/09\\\/15\\\/presupuesto-nacional-2020-dolar-75-la-inflacion-del-34\\\/\",\"url\":\"https:\\\/\\\/diariotextual.com\\\/inicio\\\/index.php\\\/2019\\\/09\\\/15\\\/presupuesto-nacional-2020-dolar-75-la-inflacion-del-34\\\/\",\"name\":\"Presupuesto nacional 2020: un d\u00f3lar a 75 y la inflaci\u00f3n del 34% - Diario Textual\",\"isPartOf\":{\"@id\":\"https:\\\/\\\/diariotextual.com\\\/inicio\\\/#website\"},\"primaryImageOfPage\":{\"@id\":\"https:\\\/\\\/diariotextual.com\\\/inicio\\\/index.php\\\/2019\\\/09\\\/15\\\/presupuesto-nacional-2020-dolar-75-la-inflacion-del-34\\\/#primaryimage\"},\"image\":{\"@id\":\"https:\\\/\\\/diariotextual.com\\\/inicio\\\/index.php\\\/2019\\\/09\\\/15\\\/presupuesto-nacional-2020-dolar-75-la-inflacion-del-34\\\/#primaryimage\"},\"thumbnailUrl\":\"https:\\\/\\\/diariotextual.com\\\/inicio\\\/wp-content\\\/uploads\\\/2019\\\/09\\\/lacunzahernantelam77.jpg\",\"datePublished\":\"2019-09-15T20:31:36+00:00\",\"dateModified\":\"2019-09-16T01:52:23+00:00\",\"breadcrumb\":{\"@id\":\"https:\\\/\\\/diariotextual.com\\\/inicio\\\/index.php\\\/2019\\\/09\\\/15\\\/presupuesto-nacional-2020-dolar-75-la-inflacion-del-34\\\/#breadcrumb\"},\"inLanguage\":\"es\",\"potentialAction\":[{\"@type\":\"ReadAction\",\"target\":[\"https:\\\/\\\/diariotextual.com\\\/inicio\\\/index.php\\\/2019\\\/09\\\/15\\\/presupuesto-nacional-2020-dolar-75-la-inflacion-del-34\\\/\"]}]},{\"@type\":\"ImageObject\",\"inLanguage\":\"es\",\"@id\":\"https:\\\/\\\/diariotextual.com\\\/inicio\\\/index.php\\\/2019\\\/09\\\/15\\\/presupuesto-nacional-2020-dolar-75-la-inflacion-del-34\\\/#primaryimage\",\"url\":\"https:\\\/\\\/diariotextual.com\\\/inicio\\\/wp-content\\\/uploads\\\/2019\\\/09\\\/lacunzahernantelam77.jpg\",\"contentUrl\":\"https:\\\/\\\/diariotextual.com\\\/inicio\\\/wp-content\\\/uploads\\\/2019\\\/09\\\/lacunzahernantelam77.jpg\",\"width\":1004,\"height\":565},{\"@type\":\"BreadcrumbList\",\"@id\":\"https:\\\/\\\/diariotextual.com\\\/inicio\\\/index.php\\\/2019\\\/09\\\/15\\\/presupuesto-nacional-2020-dolar-75-la-inflacion-del-34\\\/#breadcrumb\",\"itemListElement\":[{\"@type\":\"ListItem\",\"position\":1,\"name\":\"Portada\",\"item\":\"https:\\\/\\\/diariotextual.com\\\/inicio\\\/\"},{\"@type\":\"ListItem\",\"position\":2,\"name\":\"Presupuesto nacional 2020: un d\u00f3lar a 75 y la inflaci\u00f3n del 34%\"}]},{\"@type\":\"WebSite\",\"@id\":\"https:\\\/\\\/diariotextual.com\\\/inicio\\\/#website\",\"url\":\"https:\\\/\\\/diariotextual.com\\\/inicio\\\/\",\"name\":\"Diario Textual\",\"description\":\"\",\"publisher\":{\"@id\":\"https:\\\/\\\/diariotextual.com\\\/inicio\\\/#organization\"},\"potentialAction\":[{\"@type\":\"SearchAction\",\"target\":{\"@type\":\"EntryPoint\",\"urlTemplate\":\"https:\\\/\\\/diariotextual.com\\\/inicio\\\/?s={search_term_string}\"},\"query-input\":{\"@type\":\"PropertyValueSpecification\",\"valueRequired\":true,\"valueName\":\"search_term_string\"}}],\"inLanguage\":\"es\"},{\"@type\":\"Organization\",\"@id\":\"https:\\\/\\\/diariotextual.com\\\/inicio\\\/#organization\",\"name\":\"Diario Textual\",\"url\":\"https:\\\/\\\/diariotextual.com\\\/inicio\\\/\",\"logo\":{\"@type\":\"ImageObject\",\"inLanguage\":\"es\",\"@id\":\"https:\\\/\\\/diariotextual.com\\\/inicio\\\/#\\\/schema\\\/logo\\\/image\\\/\",\"url\":\"https:\\\/\\\/diariotextual.com\\\/inicio\\\/wp-content\\\/uploads\\\/2023\\\/05\\\/logotextual1.jpg\",\"contentUrl\":\"https:\\\/\\\/diariotextual.com\\\/inicio\\\/wp-content\\\/uploads\\\/2023\\\/05\\\/logotextual1.jpg\",\"width\":516,\"height\":76,\"caption\":\"Diario Textual\"},\"image\":{\"@id\":\"https:\\\/\\\/diariotextual.com\\\/inicio\\\/#\\\/schema\\\/logo\\\/image\\\/\"},\"sameAs\":[\"https:\\\/\\\/www.facebook.com\\\/eltextual\",\"https:\\\/\\\/x.com\\\/eltextual\",\"http:\\\/\\\/www.instagram.com\\\/eltextual\"]},{\"@type\":\"Person\",\"@id\":\"https:\\\/\\\/diariotextual.com\\\/inicio\\\/#\\\/schema\\\/person\\\/a1b6f563e0ee944c60f98119389a4d9f\",\"name\":\"diario3\",\"image\":{\"@type\":\"ImageObject\",\"inLanguage\":\"es\",\"@id\":\"https:\\\/\\\/secure.gravatar.com\\\/avatar\\\/5e7ee62c82fc04d9dd79d746a390d93c69c43223e5faeeb3ea9461ef752bfc5d?s=96&d=mm&r=g\",\"url\":\"https:\\\/\\\/secure.gravatar.com\\\/avatar\\\/5e7ee62c82fc04d9dd79d746a390d93c69c43223e5faeeb3ea9461ef752bfc5d?s=96&d=mm&r=g\",\"contentUrl\":\"https:\\\/\\\/secure.gravatar.com\\\/avatar\\\/5e7ee62c82fc04d9dd79d746a390d93c69c43223e5faeeb3ea9461ef752bfc5d?s=96&d=mm&r=g\",\"caption\":\"diario3\"},\"url\":\"https:\\\/\\\/diariotextual.com\\\/inicio\\\/index.php\\\/author\\\/diario3\\\/\"}]}<\/script>\n<!-- \/ Yoast SEO plugin. -->","yoast_head_json":{"title":"Presupuesto nacional 2020: un d\u00f3lar a 75 y la inflaci\u00f3n del 34% - Diario Textual","robots":{"index":"index","follow":"follow","max-snippet":"max-snippet:-1","max-image-preview":"max-image-preview:large","max-video-preview":"max-video-preview:-1"},"canonical":"https:\/\/diariotextual.com\/inicio\/index.php\/2019\/09\/15\/presupuesto-nacional-2020-dolar-75-la-inflacion-del-34\/","og_locale":"es_ES","og_type":"article","og_title":"Presupuesto nacional 2020: un d\u00f3lar a 75 y la inflaci\u00f3n del 34% - Diario Textual","og_description":"El ministro de Hacienda, Hern\u00e1n Lacunza, presentar\u00e1 este lunes el proyecto de ley de Presupuesto 2020 en la C\u00e1mara de Diputados, aunque la iniciativa no se tratar\u00e1 hasta despu\u00e9s de&hellip;","og_url":"https:\/\/diariotextual.com\/inicio\/index.php\/2019\/09\/15\/presupuesto-nacional-2020-dolar-75-la-inflacion-del-34\/","og_site_name":"Diario Textual","article_publisher":"https:\/\/www.facebook.com\/eltextual","article_published_time":"2019-09-15T20:31:36+00:00","article_modified_time":"2019-09-16T01:52:23+00:00","og_image":[{"width":1004,"height":565,"url":"https:\/\/diariotextual.com\/inicio\/wp-content\/uploads\/2019\/09\/lacunzahernantelam77.jpg","type":"image\/jpeg"}],"author":"diario3","twitter_card":"summary_large_image","twitter_creator":"@eltextual","twitter_site":"@eltextual","twitter_misc":{"Escrito por":"diario3","Tiempo de lectura":"2 minutos"},"schema":{"@context":"https:\/\/schema.org","@graph":[{"@type":"Article","@id":"https:\/\/diariotextual.com\/inicio\/index.php\/2019\/09\/15\/presupuesto-nacional-2020-dolar-75-la-inflacion-del-34\/#article","isPartOf":{"@id":"https:\/\/diariotextual.com\/inicio\/index.php\/2019\/09\/15\/presupuesto-nacional-2020-dolar-75-la-inflacion-del-34\/"},"author":{"name":"diario3","@id":"https:\/\/diariotextual.com\/inicio\/#\/schema\/person\/a1b6f563e0ee944c60f98119389a4d9f"},"headline":"Presupuesto nacional 2020: un d\u00f3lar a 75 y la inflaci\u00f3n del 34%","datePublished":"2019-09-15T20:31:36+00:00","dateModified":"2019-09-16T01:52:23+00:00","mainEntityOfPage":{"@id":"https:\/\/diariotextual.com\/inicio\/index.php\/2019\/09\/15\/presupuesto-nacional-2020-dolar-75-la-inflacion-del-34\/"},"wordCount":416,"publisher":{"@id":"https:\/\/diariotextual.com\/inicio\/#organization"},"image":{"@id":"https:\/\/diariotextual.com\/inicio\/index.php\/2019\/09\/15\/presupuesto-nacional-2020-dolar-75-la-inflacion-del-34\/#primaryimage"},"thumbnailUrl":"https:\/\/diariotextual.com\/inicio\/wp-content\/uploads\/2019\/09\/lacunzahernantelam77.jpg","articleSection":["A - QUE PASA (al costado)","ECONOMIA"],"inLanguage":"es"},{"@type":"WebPage","@id":"https:\/\/diariotextual.com\/inicio\/index.php\/2019\/09\/15\/presupuesto-nacional-2020-dolar-75-la-inflacion-del-34\/","url":"https:\/\/diariotextual.com\/inicio\/index.php\/2019\/09\/15\/presupuesto-nacional-2020-dolar-75-la-inflacion-del-34\/","name":"Presupuesto nacional 2020: un d\u00f3lar a 75 y la inflaci\u00f3n del 34% - Diario Textual","isPartOf":{"@id":"https:\/\/diariotextual.com\/inicio\/#website"},"primaryImageOfPage":{"@id":"https:\/\/diariotextual.com\/inicio\/index.php\/2019\/09\/15\/presupuesto-nacional-2020-dolar-75-la-inflacion-del-34\/#primaryimage"},"image":{"@id":"https:\/\/diariotextual.com\/inicio\/index.php\/2019\/09\/15\/presupuesto-nacional-2020-dolar-75-la-inflacion-del-34\/#primaryimage"},"thumbnailUrl":"https:\/\/diariotextual.com\/inicio\/wp-content\/uploads\/2019\/09\/lacunzahernantelam77.jpg","datePublished":"2019-09-15T20:31:36+00:00","dateModified":"2019-09-16T01:52:23+00:00","breadcrumb":{"@id":"https:\/\/diariotextual.com\/inicio\/index.php\/2019\/09\/15\/presupuesto-nacional-2020-dolar-75-la-inflacion-del-34\/#breadcrumb"},"inLanguage":"es","potentialAction":[{"@type":"ReadAction","target":["https:\/\/diariotextual.com\/inicio\/index.php\/2019\/09\/15\/presupuesto-nacional-2020-dolar-75-la-inflacion-del-34\/"]}]},{"@type":"ImageObject","inLanguage":"es","@id":"https:\/\/diariotextual.com\/inicio\/index.php\/2019\/09\/15\/presupuesto-nacional-2020-dolar-75-la-inflacion-del-34\/#primaryimage","url":"https:\/\/diariotextual.com\/inicio\/wp-content\/uploads\/2019\/09\/lacunzahernantelam77.jpg","contentUrl":"https:\/\/diariotextual.com\/inicio\/wp-content\/uploads\/2019\/09\/lacunzahernantelam77.jpg","width":1004,"height":565},{"@type":"BreadcrumbList","@id":"https:\/\/diariotextual.com\/inicio\/index.php\/2019\/09\/15\/presupuesto-nacional-2020-dolar-75-la-inflacion-del-34\/#breadcrumb","itemListElement":[{"@type":"ListItem","position":1,"name":"Portada","item":"https:\/\/diariotextual.com\/inicio\/"},{"@type":"ListItem","position":2,"name":"Presupuesto nacional 2020: un d\u00f3lar a 75 y la inflaci\u00f3n del 34%"}]},{"@type":"WebSite","@id":"https:\/\/diariotextual.com\/inicio\/#website","url":"https:\/\/diariotextual.com\/inicio\/","name":"Diario Textual","description":"","publisher":{"@id":"https:\/\/diariotextual.com\/inicio\/#organization"},"potentialAction":[{"@type":"SearchAction","target":{"@type":"EntryPoint","urlTemplate":"https:\/\/diariotextual.com\/inicio\/?s={search_term_string}"},"query-input":{"@type":"PropertyValueSpecification","valueRequired":true,"valueName":"search_term_string"}}],"inLanguage":"es"},{"@type":"Organization","@id":"https:\/\/diariotextual.com\/inicio\/#organization","name":"Diario Textual","url":"https:\/\/diariotextual.com\/inicio\/","logo":{"@type":"ImageObject","inLanguage":"es","@id":"https:\/\/diariotextual.com\/inicio\/#\/schema\/logo\/image\/","url":"https:\/\/diariotextual.com\/inicio\/wp-content\/uploads\/2023\/05\/logotextual1.jpg","contentUrl":"https:\/\/diariotextual.com\/inicio\/wp-content\/uploads\/2023\/05\/logotextual1.jpg","width":516,"height":76,"caption":"Diario Textual"},"image":{"@id":"https:\/\/diariotextual.com\/inicio\/#\/schema\/logo\/image\/"},"sameAs":["https:\/\/www.facebook.com\/eltextual","https:\/\/x.com\/eltextual","http:\/\/www.instagram.com\/eltextual"]},{"@type":"Person","@id":"https:\/\/diariotextual.com\/inicio\/#\/schema\/person\/a1b6f563e0ee944c60f98119389a4d9f","name":"diario3","image":{"@type":"ImageObject","inLanguage":"es","@id":"https:\/\/secure.gravatar.com\/avatar\/5e7ee62c82fc04d9dd79d746a390d93c69c43223e5faeeb3ea9461ef752bfc5d?s=96&d=mm&r=g","url":"https:\/\/secure.gravatar.com\/avatar\/5e7ee62c82fc04d9dd79d746a390d93c69c43223e5faeeb3ea9461ef752bfc5d?s=96&d=mm&r=g","contentUrl":"https:\/\/secure.gravatar.com\/avatar\/5e7ee62c82fc04d9dd79d746a390d93c69c43223e5faeeb3ea9461ef752bfc5d?s=96&d=mm&r=g","caption":"diario3"},"url":"https:\/\/diariotextual.com\/inicio\/index.php\/author\/diario3\/"}]}},"_links":{"self":[{"href":"https:\/\/diariotextual.com\/inicio\/index.php\/wp-json\/wp\/v2\/posts\/62716","targetHints":{"allow":["GET"]}}],"collection":[{"href":"https:\/\/diariotextual.com\/inicio\/index.php\/wp-json\/wp\/v2\/posts"}],"about":[{"href":"https:\/\/diariotextual.com\/inicio\/index.php\/wp-json\/wp\/v2\/types\/post"}],"author":[{"embeddable":true,"href":"https:\/\/diariotextual.com\/inicio\/index.php\/wp-json\/wp\/v2\/users\/5"}],"replies":[{"embeddable":true,"href":"https:\/\/diariotextual.com\/inicio\/index.php\/wp-json\/wp\/v2\/comments?post=62716"}],"version-history":[{"count":1,"href":"https:\/\/diariotextual.com\/inicio\/index.php\/wp-json\/wp\/v2\/posts\/62716\/revisions"}],"predecessor-version":[{"id":62717,"href":"https:\/\/diariotextual.com\/inicio\/index.php\/wp-json\/wp\/v2\/posts\/62716\/revisions\/62717"}],"wp:featuredmedia":[{"embeddable":true,"href":"https:\/\/diariotextual.com\/inicio\/index.php\/wp-json\/wp\/v2\/media\/61408"}],"wp:attachment":[{"href":"https:\/\/diariotextual.com\/inicio\/index.php\/wp-json\/wp\/v2\/media?parent=62716"}],"wp:term":[{"taxonomy":"category","embeddable":true,"href":"https:\/\/diariotextual.com\/inicio\/index.php\/wp-json\/wp\/v2\/categories?post=62716"},{"taxonomy":"post_tag","embeddable":true,"href":"https:\/\/diariotextual.com\/inicio\/index.php\/wp-json\/wp\/v2\/tags?post=62716"}],"curies":[{"name":"wp","href":"https:\/\/api.w.org\/{rel}","templated":true}]}}