{"id":62718,"date":"2019-09-15T17:59:48","date_gmt":"2019-09-15T20:59:48","guid":{"rendered":"http:\/\/diariotextual.com\/inicio\/?p=62718"},"modified":"2019-09-16T11:17:17","modified_gmt":"2019-09-16T14:17:17","slug":"intendente-radical-veto-ordenanza-cambiaba-nombre-acceso","status":"publish","type":"post","link":"https:\/\/diariotextual.com\/inicio\/index.php\/2019\/09\/15\/intendente-radical-veto-ordenanza-cambiaba-nombre-acceso\/","title":{"rendered":"Intendente radical vet\u00f3 ordenanza que cambiaba nombre de acceso"},"content":{"rendered":"<p>El intendente de Bernardo Larroud\u00e9, Jos\u00e9 Luis Gallotti (UCR \u2013 Cambiemos), <strong>vet\u00f3 la ordenanza N\u00ba 11\/2019, aprobada por unanimidad, y que cambiaba el nombre del acceso de esa localidad \u201cPresidente Juan Domingo Per\u00f3n\u201d por el de \u201cDoctor Ren\u00e9 Favaloro\u201d.<\/strong><\/p>\n<p><!--more--><\/p>\n<p>La <strong>ordenanza hab\u00eda sido impulsada por el viceintendente Carlos Alberto Olivera y sancionada por el voto de los ediles radicales y peronistas<\/strong> que conforman el concejo deliberante de Larroud\u00e9.<\/p>\n<p>Pero, d\u00edas m\u00e1s tarde, <strong>el jefe comunal resolvi\u00f3 vetar la ordenanza y decidi\u00f3 que siga el acceso con el nombre de \u201cPresidente Juan Domingo Per\u00f3n\u201d.<\/strong> En la resoluci\u00f3n, publicada en el portal Pampa Norte, Gallotti sostuvo:<\/p>\n<p><em>\u201cQue el <strong>nombre de \u2018Juan Domingo Per\u00f3n\u2019, fue impuesto en los primeros a\u00f1os de la democracia argentina, recuperada en 1983, aprobado por el Concejo Deliberante en forma un\u00e1nime y apoyado por el pueblo de Bernardo Larroud\u00e9.<\/strong><\/em><\/p>\n<p><em>Que los cambios en los nombres impuestos a calles, plazas, barrios u otros espacios p\u00fablicos, deben tener un fundamento profundo, basado en cuestiones que afecten negativamente al pueblo.<\/em><\/p>\n<p><em>Que de los considerandos de la Ordenanza 11\/2019, no surgen esos fundamentos, muy por el contrario se expresa en ellos, que el nombre es de un Presidente de la Naci\u00f3n, y debe agregarse que fue en tres oportunidades presidente de la Naci\u00f3n, por la elecci\u00f3n del pueblo a trav\u00e9s del voto popular, que adem\u00e1s fue el creador de un movimiento pol\u00edtico, que con distintos matices, ha perdurado hasta la actualidad, gobernando la naci\u00f3n, provincias y pueblos.<\/em><\/p>\n<p><em>Que <strong>m\u00e1s all\u00e1 de las coincidencias o disidencias que cada uno puede tener con Juan Domingo Per\u00f3n, como ocurre siempre con los grandes l\u00edderes, no resulta razonable quitar al Acceso a Bernardo Larroud\u00e9 su nombre<\/strong>\u201d<\/em>.<\/p>\n<p>Y adem\u00e1s, acerca del doctor Ren\u00e9 Favaloro, dijo en su resoluci\u00f3n:<\/p>\n<p><em>\u201cQue sin lugar a dudas, el nombre del Doctor Ren\u00e9 Favaloro, merece brillar con letras de molde en cualquier espacio p\u00fablico de nuestra localidad, la provincia o el pa\u00eds, ya que desde un peque\u00f1o pueblo de La Pampa en el que se inici\u00f3 como m\u00e9dico, revolucion\u00f3 la cardiolog\u00eda mundial. Todo argentino reconoce en \u00e9l, su vocaci\u00f3n de servicio, sus valores humanitarios, su profundo compromiso con la educaci\u00f3n, su esp\u00edritu solidario y su sed de justicia que lo impulsaron a trabajar sin descanso, procurando dejar un mundo m\u00e1s justo y solidario.<\/em><\/p>\n<p><em>Que se trata de dos important\u00edsimas personalidades de nuestro pa\u00eds pero que no deben ser puestas a competir por el nombre de una calle y mucho menos reemplazar una por la otra.<\/em><\/p>\n<p><em>Que <strong>el nombre del Dr. Ren\u00e9 Favaloro ser\u00e1 impuesto a alg\u00fan espacio p\u00fablico de Bernardo Larroud\u00e9 en el futuro, pero el Acceso debe seguir llevando el nombre de Juan Domingo Per\u00f3n<\/strong>\u201d.<\/em><\/p>\n<p>Gallotti, en su resoluci\u00f3n, admiti\u00f3 que la ordenanza fue aprobada por unanimidad del concejo deliberante, con el voto de los concejales del Partido Justicialista, pero dijo que<strong> esa normativa \u201cno expresa el sentir del pueblo de Bernardo Larroud\u00e9\u201d.<\/strong><\/p>\n<p>&nbsp;<\/p>\n<p><strong>Viceintendente<\/strong><\/p>\n<p><strong>Carlos Olivera, viceintendente<\/strong> y presidente del CD de Larroud\u00e9, explic\u00f3 al sitio Pampa Norte que la <strong>iniciativa de cambiar el nombre del acceso surgi\u00f3 de varias charlas con gente de la localidad y con integrantes de su partido.<\/strong><\/p>\n<p>\u201cMe pareci\u00f3 que era oportuno presentar un proyecto cambi\u00e1ndole el nombre, no era por nada, si bien el nombre que ten\u00eda era la de un expresidente, un l\u00edder pol\u00edtico, como fueron unos de mis argumentos en el proyecto.<strong> Me interesaba que pod\u00eda ser reemplazado por alguien que fuera significativo a nivel provincial o local, entonces se me ocurri\u00f3 el del Dr. Ren\u00e9 Favaloro, por ser alguien reconocido mundialmente<\/strong> y creo que en la provincia en s\u00ed lo suficiente\u201d, expres\u00f3.<\/p>\n<p>Y agreg\u00f3: <strong>\u201cPrimeramente tir\u00e9 la idea en una reuni\u00f3n en comisi\u00f3n manifestando el inter\u00e9s que ten\u00eda de presentar un proyecto cambiando el nombre, en esa oportunidad no hubo objeciones.<\/strong> Entonces al ver que no iba a tener oposici\u00f3n lo present\u00e9,<strong> lo tratamos sobre tablas directamente, inclusive ped\u00ed si quer\u00edan pasarlo a cuarto intermedio, me dijeron que no, hicimos la aprobaci\u00f3n y fue directamente aprobado por unanimidad.<\/strong> En la misma reuni\u00f3n directamente hicimos la Ordenanza que lleva el N\u00ba 11\/2019, la cual fue firmada por la totalidad de los concejales. Ah\u00ed mismo se hizo la nota, la cual es elevada al Poder Ejecutivo para su promulgaci\u00f3n, la cual ya fue promulgada\u201d.<\/p>\n<p><strong>Olivera dijo que el cartel del acceso con el nombre de Presidente Juan Domingo Per\u00f3n ya hab\u00eda sido removido. \u201cAl nuevo creo que lo est\u00e1n haciendo<\/strong>. Quiero dejar aclarado que esto no fue una \u2018chicana\u2019 pol\u00edtica ni nada por el estilo, sino hubiera buscado otro l\u00edder de mi partido\u201d, expres\u00f3 en ese momento, <strong>d\u00edas antes a la decisi\u00f3n del intendente de vetar la ordenanza, por lo que el cartel fue nuevamente colocado y el acceso se seguir\u00e1 llamando Presidente Juan Domingo Per\u00f3n.<\/strong><\/p>\n","protected":false},"excerpt":{"rendered":"<p>El intendente de Bernardo Larroud\u00e9, Jos\u00e9 Luis Gallotti (UCR \u2013 Cambiemos), vet\u00f3 la ordenanza N\u00ba 11\/2019, aprobada por unanimidad, y que cambiaba el nombre del acceso de esa localidad \u201cPresidente&hellip;<\/p>\n","protected":false},"author":5,"featured_media":62719,"comment_status":"closed","ping_status":"open","sticky":false,"template":"","format":"standard","meta":{"_acf_changed":false,"footnotes":""},"categories":[319,8],"tags":[],"class_list":["post-62718","post","type-post","status-publish","format-standard","has-post-thumbnail","hentry","category-a-temporales","category-politica"],"acf":[],"yoast_head":"<!-- This site is optimized with the Yoast SEO plugin v27.5 - https:\/\/yoast.com\/product\/yoast-seo-wordpress\/ -->\n<title>Intendente radical vet\u00f3 ordenanza que cambiaba nombre de acceso - Diario Textual<\/title>\n<meta name=\"robots\" content=\"index, follow, max-snippet:-1, max-image-preview:large, max-video-preview:-1\" \/>\n<link rel=\"canonical\" href=\"https:\/\/diariotextual.com\/inicio\/index.php\/2019\/09\/15\/intendente-radical-veto-ordenanza-cambiaba-nombre-acceso\/\" \/>\n<meta property=\"og:locale\" content=\"es_ES\" \/>\n<meta property=\"og:type\" content=\"article\" \/>\n<meta property=\"og:title\" content=\"Intendente radical vet\u00f3 ordenanza que cambiaba nombre de acceso - Diario Textual\" \/>\n<meta property=\"og:description\" content=\"El intendente de Bernardo Larroud\u00e9, Jos\u00e9 Luis Gallotti (UCR \u2013 Cambiemos), vet\u00f3 la ordenanza N\u00ba 11\/2019, aprobada por unanimidad, y que cambiaba el nombre del acceso de esa localidad \u201cPresidente&hellip;\" \/>\n<meta property=\"og:url\" content=\"https:\/\/diariotextual.com\/inicio\/index.php\/2019\/09\/15\/intendente-radical-veto-ordenanza-cambiaba-nombre-acceso\/\" \/>\n<meta property=\"og:site_name\" content=\"Diario Textual\" \/>\n<meta property=\"article:publisher\" content=\"https:\/\/www.facebook.com\/eltextual\" \/>\n<meta property=\"article:published_time\" content=\"2019-09-15T20:59:48+00:00\" \/>\n<meta property=\"article:modified_time\" content=\"2019-09-16T14:17:17+00:00\" \/>\n<meta property=\"og:image\" content=\"https:\/\/diariotextual.com\/inicio\/wp-content\/uploads\/2019\/09\/bernardolarroudeacceso.jpg\" \/>\n\t<meta property=\"og:image:width\" content=\"700\" \/>\n\t<meta property=\"og:image:height\" content=\"390\" \/>\n\t<meta property=\"og:image:type\" content=\"image\/jpeg\" \/>\n<meta name=\"author\" content=\"diario3\" \/>\n<meta name=\"twitter:card\" content=\"summary_large_image\" \/>\n<meta name=\"twitter:creator\" content=\"@eltextual\" \/>\n<meta name=\"twitter:site\" content=\"@eltextual\" \/>\n<meta name=\"twitter:label1\" content=\"Escrito por\" \/>\n\t<meta name=\"twitter:data1\" content=\"diario3\" \/>\n\t<meta name=\"twitter:label2\" content=\"Tiempo de lectura\" \/>\n\t<meta name=\"twitter:data2\" content=\"4 minutos\" \/>\n<script type=\"application\/ld+json\" class=\"yoast-schema-graph\">{\"@context\":\"https:\\\/\\\/schema.org\",\"@graph\":[{\"@type\":\"Article\",\"@id\":\"https:\\\/\\\/diariotextual.com\\\/inicio\\\/index.php\\\/2019\\\/09\\\/15\\\/intendente-radical-veto-ordenanza-cambiaba-nombre-acceso\\\/#article\",\"isPartOf\":{\"@id\":\"https:\\\/\\\/diariotextual.com\\\/inicio\\\/index.php\\\/2019\\\/09\\\/15\\\/intendente-radical-veto-ordenanza-cambiaba-nombre-acceso\\\/\"},\"author\":{\"name\":\"diario3\",\"@id\":\"https:\\\/\\\/diariotextual.com\\\/inicio\\\/#\\\/schema\\\/person\\\/a1b6f563e0ee944c60f98119389a4d9f\"},\"headline\":\"Intendente radical vet\u00f3 ordenanza que cambiaba nombre de acceso\",\"datePublished\":\"2019-09-15T20:59:48+00:00\",\"dateModified\":\"2019-09-16T14:17:17+00:00\",\"mainEntityOfPage\":{\"@id\":\"https:\\\/\\\/diariotextual.com\\\/inicio\\\/index.php\\\/2019\\\/09\\\/15\\\/intendente-radical-veto-ordenanza-cambiaba-nombre-acceso\\\/\"},\"wordCount\":855,\"publisher\":{\"@id\":\"https:\\\/\\\/diariotextual.com\\\/inicio\\\/#organization\"},\"image\":{\"@id\":\"https:\\\/\\\/diariotextual.com\\\/inicio\\\/index.php\\\/2019\\\/09\\\/15\\\/intendente-radical-veto-ordenanza-cambiaba-nombre-acceso\\\/#primaryimage\"},\"thumbnailUrl\":\"https:\\\/\\\/diariotextual.com\\\/inicio\\\/wp-content\\\/uploads\\\/2019\\\/09\\\/bernardolarroudeacceso.jpg\",\"articleSection\":[\"A - TEMPORALES\",\"POLITICA\"],\"inLanguage\":\"es\"},{\"@type\":\"WebPage\",\"@id\":\"https:\\\/\\\/diariotextual.com\\\/inicio\\\/index.php\\\/2019\\\/09\\\/15\\\/intendente-radical-veto-ordenanza-cambiaba-nombre-acceso\\\/\",\"url\":\"https:\\\/\\\/diariotextual.com\\\/inicio\\\/index.php\\\/2019\\\/09\\\/15\\\/intendente-radical-veto-ordenanza-cambiaba-nombre-acceso\\\/\",\"name\":\"Intendente radical vet\u00f3 ordenanza que cambiaba nombre de acceso - Diario Textual\",\"isPartOf\":{\"@id\":\"https:\\\/\\\/diariotextual.com\\\/inicio\\\/#website\"},\"primaryImageOfPage\":{\"@id\":\"https:\\\/\\\/diariotextual.com\\\/inicio\\\/index.php\\\/2019\\\/09\\\/15\\\/intendente-radical-veto-ordenanza-cambiaba-nombre-acceso\\\/#primaryimage\"},\"image\":{\"@id\":\"https:\\\/\\\/diariotextual.com\\\/inicio\\\/index.php\\\/2019\\\/09\\\/15\\\/intendente-radical-veto-ordenanza-cambiaba-nombre-acceso\\\/#primaryimage\"},\"thumbnailUrl\":\"https:\\\/\\\/diariotextual.com\\\/inicio\\\/wp-content\\\/uploads\\\/2019\\\/09\\\/bernardolarroudeacceso.jpg\",\"datePublished\":\"2019-09-15T20:59:48+00:00\",\"dateModified\":\"2019-09-16T14:17:17+00:00\",\"breadcrumb\":{\"@id\":\"https:\\\/\\\/diariotextual.com\\\/inicio\\\/index.php\\\/2019\\\/09\\\/15\\\/intendente-radical-veto-ordenanza-cambiaba-nombre-acceso\\\/#breadcrumb\"},\"inLanguage\":\"es\",\"potentialAction\":[{\"@type\":\"ReadAction\",\"target\":[\"https:\\\/\\\/diariotextual.com\\\/inicio\\\/index.php\\\/2019\\\/09\\\/15\\\/intendente-radical-veto-ordenanza-cambiaba-nombre-acceso\\\/\"]}]},{\"@type\":\"ImageObject\",\"inLanguage\":\"es\",\"@id\":\"https:\\\/\\\/diariotextual.com\\\/inicio\\\/index.php\\\/2019\\\/09\\\/15\\\/intendente-radical-veto-ordenanza-cambiaba-nombre-acceso\\\/#primaryimage\",\"url\":\"https:\\\/\\\/diariotextual.com\\\/inicio\\\/wp-content\\\/uploads\\\/2019\\\/09\\\/bernardolarroudeacceso.jpg\",\"contentUrl\":\"https:\\\/\\\/diariotextual.com\\\/inicio\\\/wp-content\\\/uploads\\\/2019\\\/09\\\/bernardolarroudeacceso.jpg\",\"width\":700,\"height\":390},{\"@type\":\"BreadcrumbList\",\"@id\":\"https:\\\/\\\/diariotextual.com\\\/inicio\\\/index.php\\\/2019\\\/09\\\/15\\\/intendente-radical-veto-ordenanza-cambiaba-nombre-acceso\\\/#breadcrumb\",\"itemListElement\":[{\"@type\":\"ListItem\",\"position\":1,\"name\":\"Portada\",\"item\":\"https:\\\/\\\/diariotextual.com\\\/inicio\\\/\"},{\"@type\":\"ListItem\",\"position\":2,\"name\":\"Intendente radical vet\u00f3 ordenanza que cambiaba nombre de acceso\"}]},{\"@type\":\"WebSite\",\"@id\":\"https:\\\/\\\/diariotextual.com\\\/inicio\\\/#website\",\"url\":\"https:\\\/\\\/diariotextual.com\\\/inicio\\\/\",\"name\":\"Diario Textual\",\"description\":\"\",\"publisher\":{\"@id\":\"https:\\\/\\\/diariotextual.com\\\/inicio\\\/#organization\"},\"potentialAction\":[{\"@type\":\"SearchAction\",\"target\":{\"@type\":\"EntryPoint\",\"urlTemplate\":\"https:\\\/\\\/diariotextual.com\\\/inicio\\\/?s={search_term_string}\"},\"query-input\":{\"@type\":\"PropertyValueSpecification\",\"valueRequired\":true,\"valueName\":\"search_term_string\"}}],\"inLanguage\":\"es\"},{\"@type\":\"Organization\",\"@id\":\"https:\\\/\\\/diariotextual.com\\\/inicio\\\/#organization\",\"name\":\"Diario Textual\",\"url\":\"https:\\\/\\\/diariotextual.com\\\/inicio\\\/\",\"logo\":{\"@type\":\"ImageObject\",\"inLanguage\":\"es\",\"@id\":\"https:\\\/\\\/diariotextual.com\\\/inicio\\\/#\\\/schema\\\/logo\\\/image\\\/\",\"url\":\"https:\\\/\\\/diariotextual.com\\\/inicio\\\/wp-content\\\/uploads\\\/2023\\\/05\\\/logotextual1.jpg\",\"contentUrl\":\"https:\\\/\\\/diariotextual.com\\\/inicio\\\/wp-content\\\/uploads\\\/2023\\\/05\\\/logotextual1.jpg\",\"width\":516,\"height\":76,\"caption\":\"Diario Textual\"},\"image\":{\"@id\":\"https:\\\/\\\/diariotextual.com\\\/inicio\\\/#\\\/schema\\\/logo\\\/image\\\/\"},\"sameAs\":[\"https:\\\/\\\/www.facebook.com\\\/eltextual\",\"https:\\\/\\\/x.com\\\/eltextual\",\"http:\\\/\\\/www.instagram.com\\\/eltextual\"]},{\"@type\":\"Person\",\"@id\":\"https:\\\/\\\/diariotextual.com\\\/inicio\\\/#\\\/schema\\\/person\\\/a1b6f563e0ee944c60f98119389a4d9f\",\"name\":\"diario3\",\"image\":{\"@type\":\"ImageObject\",\"inLanguage\":\"es\",\"@id\":\"https:\\\/\\\/secure.gravatar.com\\\/avatar\\\/5e7ee62c82fc04d9dd79d746a390d93c69c43223e5faeeb3ea9461ef752bfc5d?s=96&d=mm&r=g\",\"url\":\"https:\\\/\\\/secure.gravatar.com\\\/avatar\\\/5e7ee62c82fc04d9dd79d746a390d93c69c43223e5faeeb3ea9461ef752bfc5d?s=96&d=mm&r=g\",\"contentUrl\":\"https:\\\/\\\/secure.gravatar.com\\\/avatar\\\/5e7ee62c82fc04d9dd79d746a390d93c69c43223e5faeeb3ea9461ef752bfc5d?s=96&d=mm&r=g\",\"caption\":\"diario3\"},\"url\":\"https:\\\/\\\/diariotextual.com\\\/inicio\\\/index.php\\\/author\\\/diario3\\\/\"}]}<\/script>\n<!-- \/ Yoast SEO plugin. -->","yoast_head_json":{"title":"Intendente radical vet\u00f3 ordenanza que cambiaba nombre de acceso - Diario Textual","robots":{"index":"index","follow":"follow","max-snippet":"max-snippet:-1","max-image-preview":"max-image-preview:large","max-video-preview":"max-video-preview:-1"},"canonical":"https:\/\/diariotextual.com\/inicio\/index.php\/2019\/09\/15\/intendente-radical-veto-ordenanza-cambiaba-nombre-acceso\/","og_locale":"es_ES","og_type":"article","og_title":"Intendente radical vet\u00f3 ordenanza que cambiaba nombre de acceso - Diario Textual","og_description":"El intendente de Bernardo Larroud\u00e9, Jos\u00e9 Luis Gallotti (UCR \u2013 Cambiemos), vet\u00f3 la ordenanza N\u00ba 11\/2019, aprobada por unanimidad, y que cambiaba el nombre del acceso de esa localidad \u201cPresidente&hellip;","og_url":"https:\/\/diariotextual.com\/inicio\/index.php\/2019\/09\/15\/intendente-radical-veto-ordenanza-cambiaba-nombre-acceso\/","og_site_name":"Diario Textual","article_publisher":"https:\/\/www.facebook.com\/eltextual","article_published_time":"2019-09-15T20:59:48+00:00","article_modified_time":"2019-09-16T14:17:17+00:00","og_image":[{"width":700,"height":390,"url":"https:\/\/diariotextual.com\/inicio\/wp-content\/uploads\/2019\/09\/bernardolarroudeacceso.jpg","type":"image\/jpeg"}],"author":"diario3","twitter_card":"summary_large_image","twitter_creator":"@eltextual","twitter_site":"@eltextual","twitter_misc":{"Escrito por":"diario3","Tiempo de lectura":"4 minutos"},"schema":{"@context":"https:\/\/schema.org","@graph":[{"@type":"Article","@id":"https:\/\/diariotextual.com\/inicio\/index.php\/2019\/09\/15\/intendente-radical-veto-ordenanza-cambiaba-nombre-acceso\/#article","isPartOf":{"@id":"https:\/\/diariotextual.com\/inicio\/index.php\/2019\/09\/15\/intendente-radical-veto-ordenanza-cambiaba-nombre-acceso\/"},"author":{"name":"diario3","@id":"https:\/\/diariotextual.com\/inicio\/#\/schema\/person\/a1b6f563e0ee944c60f98119389a4d9f"},"headline":"Intendente radical vet\u00f3 ordenanza que cambiaba nombre de acceso","datePublished":"2019-09-15T20:59:48+00:00","dateModified":"2019-09-16T14:17:17+00:00","mainEntityOfPage":{"@id":"https:\/\/diariotextual.com\/inicio\/index.php\/2019\/09\/15\/intendente-radical-veto-ordenanza-cambiaba-nombre-acceso\/"},"wordCount":855,"publisher":{"@id":"https:\/\/diariotextual.com\/inicio\/#organization"},"image":{"@id":"https:\/\/diariotextual.com\/inicio\/index.php\/2019\/09\/15\/intendente-radical-veto-ordenanza-cambiaba-nombre-acceso\/#primaryimage"},"thumbnailUrl":"https:\/\/diariotextual.com\/inicio\/wp-content\/uploads\/2019\/09\/bernardolarroudeacceso.jpg","articleSection":["A - TEMPORALES","POLITICA"],"inLanguage":"es"},{"@type":"WebPage","@id":"https:\/\/diariotextual.com\/inicio\/index.php\/2019\/09\/15\/intendente-radical-veto-ordenanza-cambiaba-nombre-acceso\/","url":"https:\/\/diariotextual.com\/inicio\/index.php\/2019\/09\/15\/intendente-radical-veto-ordenanza-cambiaba-nombre-acceso\/","name":"Intendente radical vet\u00f3 ordenanza que cambiaba nombre de acceso - Diario Textual","isPartOf":{"@id":"https:\/\/diariotextual.com\/inicio\/#website"},"primaryImageOfPage":{"@id":"https:\/\/diariotextual.com\/inicio\/index.php\/2019\/09\/15\/intendente-radical-veto-ordenanza-cambiaba-nombre-acceso\/#primaryimage"},"image":{"@id":"https:\/\/diariotextual.com\/inicio\/index.php\/2019\/09\/15\/intendente-radical-veto-ordenanza-cambiaba-nombre-acceso\/#primaryimage"},"thumbnailUrl":"https:\/\/diariotextual.com\/inicio\/wp-content\/uploads\/2019\/09\/bernardolarroudeacceso.jpg","datePublished":"2019-09-15T20:59:48+00:00","dateModified":"2019-09-16T14:17:17+00:00","breadcrumb":{"@id":"https:\/\/diariotextual.com\/inicio\/index.php\/2019\/09\/15\/intendente-radical-veto-ordenanza-cambiaba-nombre-acceso\/#breadcrumb"},"inLanguage":"es","potentialAction":[{"@type":"ReadAction","target":["https:\/\/diariotextual.com\/inicio\/index.php\/2019\/09\/15\/intendente-radical-veto-ordenanza-cambiaba-nombre-acceso\/"]}]},{"@type":"ImageObject","inLanguage":"es","@id":"https:\/\/diariotextual.com\/inicio\/index.php\/2019\/09\/15\/intendente-radical-veto-ordenanza-cambiaba-nombre-acceso\/#primaryimage","url":"https:\/\/diariotextual.com\/inicio\/wp-content\/uploads\/2019\/09\/bernardolarroudeacceso.jpg","contentUrl":"https:\/\/diariotextual.com\/inicio\/wp-content\/uploads\/2019\/09\/bernardolarroudeacceso.jpg","width":700,"height":390},{"@type":"BreadcrumbList","@id":"https:\/\/diariotextual.com\/inicio\/index.php\/2019\/09\/15\/intendente-radical-veto-ordenanza-cambiaba-nombre-acceso\/#breadcrumb","itemListElement":[{"@type":"ListItem","position":1,"name":"Portada","item":"https:\/\/diariotextual.com\/inicio\/"},{"@type":"ListItem","position":2,"name":"Intendente radical vet\u00f3 ordenanza que cambiaba nombre de acceso"}]},{"@type":"WebSite","@id":"https:\/\/diariotextual.com\/inicio\/#website","url":"https:\/\/diariotextual.com\/inicio\/","name":"Diario Textual","description":"","publisher":{"@id":"https:\/\/diariotextual.com\/inicio\/#organization"},"potentialAction":[{"@type":"SearchAction","target":{"@type":"EntryPoint","urlTemplate":"https:\/\/diariotextual.com\/inicio\/?s={search_term_string}"},"query-input":{"@type":"PropertyValueSpecification","valueRequired":true,"valueName":"search_term_string"}}],"inLanguage":"es"},{"@type":"Organization","@id":"https:\/\/diariotextual.com\/inicio\/#organization","name":"Diario Textual","url":"https:\/\/diariotextual.com\/inicio\/","logo":{"@type":"ImageObject","inLanguage":"es","@id":"https:\/\/diariotextual.com\/inicio\/#\/schema\/logo\/image\/","url":"https:\/\/diariotextual.com\/inicio\/wp-content\/uploads\/2023\/05\/logotextual1.jpg","contentUrl":"https:\/\/diariotextual.com\/inicio\/wp-content\/uploads\/2023\/05\/logotextual1.jpg","width":516,"height":76,"caption":"Diario Textual"},"image":{"@id":"https:\/\/diariotextual.com\/inicio\/#\/schema\/logo\/image\/"},"sameAs":["https:\/\/www.facebook.com\/eltextual","https:\/\/x.com\/eltextual","http:\/\/www.instagram.com\/eltextual"]},{"@type":"Person","@id":"https:\/\/diariotextual.com\/inicio\/#\/schema\/person\/a1b6f563e0ee944c60f98119389a4d9f","name":"diario3","image":{"@type":"ImageObject","inLanguage":"es","@id":"https:\/\/secure.gravatar.com\/avatar\/5e7ee62c82fc04d9dd79d746a390d93c69c43223e5faeeb3ea9461ef752bfc5d?s=96&d=mm&r=g","url":"https:\/\/secure.gravatar.com\/avatar\/5e7ee62c82fc04d9dd79d746a390d93c69c43223e5faeeb3ea9461ef752bfc5d?s=96&d=mm&r=g","contentUrl":"https:\/\/secure.gravatar.com\/avatar\/5e7ee62c82fc04d9dd79d746a390d93c69c43223e5faeeb3ea9461ef752bfc5d?s=96&d=mm&r=g","caption":"diario3"},"url":"https:\/\/diariotextual.com\/inicio\/index.php\/author\/diario3\/"}]}},"_links":{"self":[{"href":"https:\/\/diariotextual.com\/inicio\/index.php\/wp-json\/wp\/v2\/posts\/62718","targetHints":{"allow":["GET"]}}],"collection":[{"href":"https:\/\/diariotextual.com\/inicio\/index.php\/wp-json\/wp\/v2\/posts"}],"about":[{"href":"https:\/\/diariotextual.com\/inicio\/index.php\/wp-json\/wp\/v2\/types\/post"}],"author":[{"embeddable":true,"href":"https:\/\/diariotextual.com\/inicio\/index.php\/wp-json\/wp\/v2\/users\/5"}],"replies":[{"embeddable":true,"href":"https:\/\/diariotextual.com\/inicio\/index.php\/wp-json\/wp\/v2\/comments?post=62718"}],"version-history":[{"count":1,"href":"https:\/\/diariotextual.com\/inicio\/index.php\/wp-json\/wp\/v2\/posts\/62718\/revisions"}],"predecessor-version":[{"id":62720,"href":"https:\/\/diariotextual.com\/inicio\/index.php\/wp-json\/wp\/v2\/posts\/62718\/revisions\/62720"}],"wp:featuredmedia":[{"embeddable":true,"href":"https:\/\/diariotextual.com\/inicio\/index.php\/wp-json\/wp\/v2\/media\/62719"}],"wp:attachment":[{"href":"https:\/\/diariotextual.com\/inicio\/index.php\/wp-json\/wp\/v2\/media?parent=62718"}],"wp:term":[{"taxonomy":"category","embeddable":true,"href":"https:\/\/diariotextual.com\/inicio\/index.php\/wp-json\/wp\/v2\/categories?post=62718"},{"taxonomy":"post_tag","embeddable":true,"href":"https:\/\/diariotextual.com\/inicio\/index.php\/wp-json\/wp\/v2\/tags?post=62718"}],"curies":[{"name":"wp","href":"https:\/\/api.w.org\/{rel}","templated":true}]}}