{"id":62736,"date":"2019-09-15T22:49:29","date_gmt":"2019-09-16T01:49:29","guid":{"rendered":"http:\/\/diariotextual.com\/inicio\/?p=62736"},"modified":"2019-09-16T09:18:51","modified_gmt":"2019-09-16T12:18:51","slug":"arzobispo-salta-macri-mauricio-llevate-rostro-los-pobres","status":"publish","type":"post","link":"https:\/\/diariotextual.com\/inicio\/index.php\/2019\/09\/15\/arzobispo-salta-macri-mauricio-llevate-rostro-los-pobres\/","title":{"rendered":"Arzobispo de Salta a Macri: \u00abMauricio, ll\u00e9vate el rostro de los pobres\u00bb"},"content":{"rendered":"<p>Con un duro mensaje del arzobispo de Salta, <strong>Mario Cargnello<\/strong>, la Iglesia le hizo saber al presidente <strong>Mauricio Macri<\/strong> que no cumpli\u00f3 su promesa de campa\u00f1a \u00abPobreza cero\u00bb.<\/p>\n<p>En la misa por la Fiesta del Milagro -de la que tambi\u00e9n participaron la primera dama, el gobernador Urtubey, Isabel Macedo,\u00a0el senador\u00a0Esteban Bullrich\u00a0y el secretario de Culto, Alfredo Abriani-, al cierre de un discurso en tono conciliador, el presidente recibi\u00f3 una fuerte cr\u00edtica que\u00a0dej\u00f3 en evidencia el malestar que despierta su presencia entre los p\u00e1rrocos.<\/p>\n<p>Ya la invitaci\u00f3n hab\u00eda generado pol\u00e9mica en la curia local. El\u00a0presb\u00edtero Ra\u00fal M\u00e9ndez , cercano al obispo hab\u00eda considerado que la invitaci\u00f3n al presidente se trataba de \u00abuna provocaci\u00f3n\u00bb y hab\u00eda sugerido que Macri los dejara tranquilos\u00a0y se dedicara a \u00abresolver los graves problemas en que nos embarc\u00f3\u00bb.<\/p>\n<p>En este sentido, no llama la atenci\u00f3n que el presidente se atuviera solamente a presenciar la misa y prefiriera no participar de la procesi\u00f3n a la que tambi\u00e9n hab\u00eda sido invitado por el mismo arzobispo.\u00a0La festividad del Se\u00f1or y de la Virgen del Milagro, santos patronos de la provincia de Salta, convoca todos los a\u00f1os a miles de peregrinos que en el mes de setiembre llegan a Salta provenientes de distintas localidades argentinas y de pa\u00edses lim\u00edtrofes.<\/p>\n<p>\u00abQuiero agradecer la presencia del se\u00f1or Presidente. As\u00ed como hemos palpitado el sentido de la iglesia, \u00e9l es el signo de la patria. Quiero decirle lo siguiente: usted le dijo a todos los argentinos que se hab\u00eda sentido golpeado y en el clima de ese golpe, voy a hablar de coraz\u00f3n a coraz\u00f3n, quiso venir aqu\u00ed. Ha venido a un buen lugar, a encontrarse con el Se\u00f1or. Y Dios no hace las cosas m\u00e1gicamente, sino que transforma el coraz\u00f3n y provoca la libertad\u00bb, dijo Cargnello.<\/p>\n<p>\u00abY lo que voy a decir vale para todos. Aqu\u00ed tenemos tambi\u00e9n un candidato a vicepresidente, que es nuestro Juan Manuel (Urtubey); dos candidatos a gobernador; el se\u00f1or intendente; el se\u00f1or vicegobernador. Cuando empez\u00f3 usted dijo &#8216;voy a luchar por la pobreza cero&#8217;. <strong>\u00bfQu\u00e9 puede decir Salta ahora? Le da rostros a la pobreza<\/strong>\u00ab, les dijo a todos los pol\u00edticos presentes.<\/p>\n<p>\u00abCuando ve\u00eda a los mineros, que trabajan horas y horas en situaciones de inclemencia para darle riqueza a la rep\u00fablica&#8230; Recordar una cosa que dec\u00eda y vale para todos: los pobres no son una molestia, son una oportunidad. Los pobres son maestros. Por eso,<strong> Mauricio has hablado de la pobreza, ll\u00e9vate el rostro de los pobres<\/strong>. Son dignos, son argentinos y son respetuosos; merecen que nos pongamos de rodillas delante de ellos. Vale para todos, hermano. Nada m\u00e1s, gracias\u00bb, concluy\u00f3 el arzobispo de Salta.<\/p>\n<p>Pese a que se hab\u00eda congregado m\u00e1s gente que la que le dio una tibia bienvenida a su llegada al c\u00e1ntico de \u00abS\u00ed, se puede\u00bb, el presidente sali\u00f3 por la parte de atr\u00e1s de la Catedral de la capital salte\u00f1a tras un recorrido por el edificio hist\u00f3rico.<\/p>\n<p>&nbsp;<\/p>\n","protected":false},"excerpt":{"rendered":"<p>Con un duro mensaje del arzobispo de Salta, Mario Cargnello, la Iglesia le hizo saber al presidente Mauricio Macri que no cumpli\u00f3 su promesa de campa\u00f1a \u00abPobreza cero\u00bb. En la&hellip;<\/p>\n","protected":false},"author":3,"featured_media":62740,"comment_status":"closed","ping_status":"open","sticky":false,"template":"","format":"standard","meta":{"_acf_changed":false,"footnotes":""},"categories":[319,8],"tags":[],"class_list":["post-62736","post","type-post","status-publish","format-standard","has-post-thumbnail","hentry","category-a-temporales","category-politica"],"acf":[],"yoast_head":"<!-- This site is optimized with the Yoast SEO plugin v27.5 - https:\/\/yoast.com\/product\/yoast-seo-wordpress\/ -->\n<title>Arzobispo de Salta a Macri: &quot;Mauricio, ll\u00e9vate el rostro de los pobres&quot; - Diario Textual<\/title>\n<meta name=\"robots\" content=\"index, follow, max-snippet:-1, max-image-preview:large, max-video-preview:-1\" \/>\n<link rel=\"canonical\" href=\"https:\/\/diariotextual.com\/inicio\/index.php\/2019\/09\/15\/arzobispo-salta-macri-mauricio-llevate-rostro-los-pobres\/\" \/>\n<meta property=\"og:locale\" content=\"es_ES\" \/>\n<meta property=\"og:type\" content=\"article\" \/>\n<meta property=\"og:title\" content=\"Arzobispo de Salta a Macri: &quot;Mauricio, ll\u00e9vate el rostro de los pobres&quot; - Diario Textual\" \/>\n<meta property=\"og:description\" content=\"Con un duro mensaje del arzobispo de Salta, Mario Cargnello, la Iglesia le hizo saber al presidente Mauricio Macri que no cumpli\u00f3 su promesa de campa\u00f1a \u00abPobreza cero\u00bb. En la&hellip;\" \/>\n<meta property=\"og:url\" content=\"https:\/\/diariotextual.com\/inicio\/index.php\/2019\/09\/15\/arzobispo-salta-macri-mauricio-llevate-rostro-los-pobres\/\" \/>\n<meta property=\"og:site_name\" content=\"Diario Textual\" \/>\n<meta property=\"article:publisher\" content=\"https:\/\/www.facebook.com\/eltextual\" \/>\n<meta property=\"article:published_time\" content=\"2019-09-16T01:49:29+00:00\" \/>\n<meta property=\"article:modified_time\" content=\"2019-09-16T12:18:51+00:00\" \/>\n<meta property=\"og:image\" content=\"https:\/\/diariotextual.com\/inicio\/wp-content\/uploads\/2019\/09\/macriarzobisposalta2019-1.jpg\" \/>\n\t<meta property=\"og:image:width\" content=\"940\" \/>\n\t<meta property=\"og:image:height\" content=\"529\" \/>\n\t<meta property=\"og:image:type\" content=\"image\/jpeg\" \/>\n<meta name=\"author\" content=\"Diario1 Diario1\" \/>\n<meta name=\"twitter:card\" content=\"summary_large_image\" \/>\n<meta name=\"twitter:creator\" content=\"@eltextual\" \/>\n<meta name=\"twitter:site\" content=\"@eltextual\" \/>\n<meta name=\"twitter:label1\" content=\"Escrito por\" \/>\n\t<meta name=\"twitter:data1\" content=\"Diario1 Diario1\" \/>\n\t<meta name=\"twitter:label2\" content=\"Tiempo de lectura\" \/>\n\t<meta name=\"twitter:data2\" content=\"3 minutos\" \/>\n<script type=\"application\/ld+json\" class=\"yoast-schema-graph\">{\"@context\":\"https:\\\/\\\/schema.org\",\"@graph\":[{\"@type\":\"Article\",\"@id\":\"https:\\\/\\\/diariotextual.com\\\/inicio\\\/index.php\\\/2019\\\/09\\\/15\\\/arzobispo-salta-macri-mauricio-llevate-rostro-los-pobres\\\/#article\",\"isPartOf\":{\"@id\":\"https:\\\/\\\/diariotextual.com\\\/inicio\\\/index.php\\\/2019\\\/09\\\/15\\\/arzobispo-salta-macri-mauricio-llevate-rostro-los-pobres\\\/\"},\"author\":{\"name\":\"Diario1 Diario1\",\"@id\":\"https:\\\/\\\/diariotextual.com\\\/inicio\\\/#\\\/schema\\\/person\\\/418fc4093c33e86ed41562db3508f958\"},\"headline\":\"Arzobispo de Salta a Macri: \u00abMauricio, ll\u00e9vate el rostro de los pobres\u00bb\",\"datePublished\":\"2019-09-16T01:49:29+00:00\",\"dateModified\":\"2019-09-16T12:18:51+00:00\",\"mainEntityOfPage\":{\"@id\":\"https:\\\/\\\/diariotextual.com\\\/inicio\\\/index.php\\\/2019\\\/09\\\/15\\\/arzobispo-salta-macri-mauricio-llevate-rostro-los-pobres\\\/\"},\"wordCount\":549,\"publisher\":{\"@id\":\"https:\\\/\\\/diariotextual.com\\\/inicio\\\/#organization\"},\"image\":{\"@id\":\"https:\\\/\\\/diariotextual.com\\\/inicio\\\/index.php\\\/2019\\\/09\\\/15\\\/arzobispo-salta-macri-mauricio-llevate-rostro-los-pobres\\\/#primaryimage\"},\"thumbnailUrl\":\"https:\\\/\\\/diariotextual.com\\\/inicio\\\/wp-content\\\/uploads\\\/2019\\\/09\\\/macriarzobisposalta2019-1.jpg\",\"articleSection\":[\"A - TEMPORALES\",\"POLITICA\"],\"inLanguage\":\"es\"},{\"@type\":\"WebPage\",\"@id\":\"https:\\\/\\\/diariotextual.com\\\/inicio\\\/index.php\\\/2019\\\/09\\\/15\\\/arzobispo-salta-macri-mauricio-llevate-rostro-los-pobres\\\/\",\"url\":\"https:\\\/\\\/diariotextual.com\\\/inicio\\\/index.php\\\/2019\\\/09\\\/15\\\/arzobispo-salta-macri-mauricio-llevate-rostro-los-pobres\\\/\",\"name\":\"Arzobispo de Salta a Macri: \\\"Mauricio, ll\u00e9vate el rostro de los pobres\\\" - Diario Textual\",\"isPartOf\":{\"@id\":\"https:\\\/\\\/diariotextual.com\\\/inicio\\\/#website\"},\"primaryImageOfPage\":{\"@id\":\"https:\\\/\\\/diariotextual.com\\\/inicio\\\/index.php\\\/2019\\\/09\\\/15\\\/arzobispo-salta-macri-mauricio-llevate-rostro-los-pobres\\\/#primaryimage\"},\"image\":{\"@id\":\"https:\\\/\\\/diariotextual.com\\\/inicio\\\/index.php\\\/2019\\\/09\\\/15\\\/arzobispo-salta-macri-mauricio-llevate-rostro-los-pobres\\\/#primaryimage\"},\"thumbnailUrl\":\"https:\\\/\\\/diariotextual.com\\\/inicio\\\/wp-content\\\/uploads\\\/2019\\\/09\\\/macriarzobisposalta2019-1.jpg\",\"datePublished\":\"2019-09-16T01:49:29+00:00\",\"dateModified\":\"2019-09-16T12:18:51+00:00\",\"breadcrumb\":{\"@id\":\"https:\\\/\\\/diariotextual.com\\\/inicio\\\/index.php\\\/2019\\\/09\\\/15\\\/arzobispo-salta-macri-mauricio-llevate-rostro-los-pobres\\\/#breadcrumb\"},\"inLanguage\":\"es\",\"potentialAction\":[{\"@type\":\"ReadAction\",\"target\":[\"https:\\\/\\\/diariotextual.com\\\/inicio\\\/index.php\\\/2019\\\/09\\\/15\\\/arzobispo-salta-macri-mauricio-llevate-rostro-los-pobres\\\/\"]}]},{\"@type\":\"ImageObject\",\"inLanguage\":\"es\",\"@id\":\"https:\\\/\\\/diariotextual.com\\\/inicio\\\/index.php\\\/2019\\\/09\\\/15\\\/arzobispo-salta-macri-mauricio-llevate-rostro-los-pobres\\\/#primaryimage\",\"url\":\"https:\\\/\\\/diariotextual.com\\\/inicio\\\/wp-content\\\/uploads\\\/2019\\\/09\\\/macriarzobisposalta2019-1.jpg\",\"contentUrl\":\"https:\\\/\\\/diariotextual.com\\\/inicio\\\/wp-content\\\/uploads\\\/2019\\\/09\\\/macriarzobisposalta2019-1.jpg\",\"width\":940,\"height\":529},{\"@type\":\"BreadcrumbList\",\"@id\":\"https:\\\/\\\/diariotextual.com\\\/inicio\\\/index.php\\\/2019\\\/09\\\/15\\\/arzobispo-salta-macri-mauricio-llevate-rostro-los-pobres\\\/#breadcrumb\",\"itemListElement\":[{\"@type\":\"ListItem\",\"position\":1,\"name\":\"Portada\",\"item\":\"https:\\\/\\\/diariotextual.com\\\/inicio\\\/\"},{\"@type\":\"ListItem\",\"position\":2,\"name\":\"Arzobispo de Salta a Macri: \u00abMauricio, ll\u00e9vate el rostro de los pobres\u00bb\"}]},{\"@type\":\"WebSite\",\"@id\":\"https:\\\/\\\/diariotextual.com\\\/inicio\\\/#website\",\"url\":\"https:\\\/\\\/diariotextual.com\\\/inicio\\\/\",\"name\":\"Diario Textual\",\"description\":\"\",\"publisher\":{\"@id\":\"https:\\\/\\\/diariotextual.com\\\/inicio\\\/#organization\"},\"potentialAction\":[{\"@type\":\"SearchAction\",\"target\":{\"@type\":\"EntryPoint\",\"urlTemplate\":\"https:\\\/\\\/diariotextual.com\\\/inicio\\\/?s={search_term_string}\"},\"query-input\":{\"@type\":\"PropertyValueSpecification\",\"valueRequired\":true,\"valueName\":\"search_term_string\"}}],\"inLanguage\":\"es\"},{\"@type\":\"Organization\",\"@id\":\"https:\\\/\\\/diariotextual.com\\\/inicio\\\/#organization\",\"name\":\"Diario Textual\",\"url\":\"https:\\\/\\\/diariotextual.com\\\/inicio\\\/\",\"logo\":{\"@type\":\"ImageObject\",\"inLanguage\":\"es\",\"@id\":\"https:\\\/\\\/diariotextual.com\\\/inicio\\\/#\\\/schema\\\/logo\\\/image\\\/\",\"url\":\"https:\\\/\\\/diariotextual.com\\\/inicio\\\/wp-content\\\/uploads\\\/2023\\\/05\\\/logotextual1.jpg\",\"contentUrl\":\"https:\\\/\\\/diariotextual.com\\\/inicio\\\/wp-content\\\/uploads\\\/2023\\\/05\\\/logotextual1.jpg\",\"width\":516,\"height\":76,\"caption\":\"Diario Textual\"},\"image\":{\"@id\":\"https:\\\/\\\/diariotextual.com\\\/inicio\\\/#\\\/schema\\\/logo\\\/image\\\/\"},\"sameAs\":[\"https:\\\/\\\/www.facebook.com\\\/eltextual\",\"https:\\\/\\\/x.com\\\/eltextual\",\"http:\\\/\\\/www.instagram.com\\\/eltextual\"]},{\"@type\":\"Person\",\"@id\":\"https:\\\/\\\/diariotextual.com\\\/inicio\\\/#\\\/schema\\\/person\\\/418fc4093c33e86ed41562db3508f958\",\"name\":\"Diario1 Diario1\",\"image\":{\"@type\":\"ImageObject\",\"inLanguage\":\"es\",\"@id\":\"https:\\\/\\\/secure.gravatar.com\\\/avatar\\\/9167d280179c85bc18be67aa7eda765854300033af4896dd779b608640f2ef7a?s=96&d=mm&r=g\",\"url\":\"https:\\\/\\\/secure.gravatar.com\\\/avatar\\\/9167d280179c85bc18be67aa7eda765854300033af4896dd779b608640f2ef7a?s=96&d=mm&r=g\",\"contentUrl\":\"https:\\\/\\\/secure.gravatar.com\\\/avatar\\\/9167d280179c85bc18be67aa7eda765854300033af4896dd779b608640f2ef7a?s=96&d=mm&r=g\",\"caption\":\"Diario1 Diario1\"},\"url\":\"https:\\\/\\\/diariotextual.com\\\/inicio\\\/index.php\\\/author\\\/diario1\\\/\"}]}<\/script>\n<!-- \/ Yoast SEO plugin. -->","yoast_head_json":{"title":"Arzobispo de Salta a Macri: \"Mauricio, ll\u00e9vate el rostro de los pobres\" - Diario Textual","robots":{"index":"index","follow":"follow","max-snippet":"max-snippet:-1","max-image-preview":"max-image-preview:large","max-video-preview":"max-video-preview:-1"},"canonical":"https:\/\/diariotextual.com\/inicio\/index.php\/2019\/09\/15\/arzobispo-salta-macri-mauricio-llevate-rostro-los-pobres\/","og_locale":"es_ES","og_type":"article","og_title":"Arzobispo de Salta a Macri: \"Mauricio, ll\u00e9vate el rostro de los pobres\" - Diario Textual","og_description":"Con un duro mensaje del arzobispo de Salta, Mario Cargnello, la Iglesia le hizo saber al presidente Mauricio Macri que no cumpli\u00f3 su promesa de campa\u00f1a \u00abPobreza cero\u00bb. En la&hellip;","og_url":"https:\/\/diariotextual.com\/inicio\/index.php\/2019\/09\/15\/arzobispo-salta-macri-mauricio-llevate-rostro-los-pobres\/","og_site_name":"Diario Textual","article_publisher":"https:\/\/www.facebook.com\/eltextual","article_published_time":"2019-09-16T01:49:29+00:00","article_modified_time":"2019-09-16T12:18:51+00:00","og_image":[{"width":940,"height":529,"url":"https:\/\/diariotextual.com\/inicio\/wp-content\/uploads\/2019\/09\/macriarzobisposalta2019-1.jpg","type":"image\/jpeg"}],"author":"Diario1 Diario1","twitter_card":"summary_large_image","twitter_creator":"@eltextual","twitter_site":"@eltextual","twitter_misc":{"Escrito por":"Diario1 Diario1","Tiempo de lectura":"3 minutos"},"schema":{"@context":"https:\/\/schema.org","@graph":[{"@type":"Article","@id":"https:\/\/diariotextual.com\/inicio\/index.php\/2019\/09\/15\/arzobispo-salta-macri-mauricio-llevate-rostro-los-pobres\/#article","isPartOf":{"@id":"https:\/\/diariotextual.com\/inicio\/index.php\/2019\/09\/15\/arzobispo-salta-macri-mauricio-llevate-rostro-los-pobres\/"},"author":{"name":"Diario1 Diario1","@id":"https:\/\/diariotextual.com\/inicio\/#\/schema\/person\/418fc4093c33e86ed41562db3508f958"},"headline":"Arzobispo de Salta a Macri: \u00abMauricio, ll\u00e9vate el rostro de los pobres\u00bb","datePublished":"2019-09-16T01:49:29+00:00","dateModified":"2019-09-16T12:18:51+00:00","mainEntityOfPage":{"@id":"https:\/\/diariotextual.com\/inicio\/index.php\/2019\/09\/15\/arzobispo-salta-macri-mauricio-llevate-rostro-los-pobres\/"},"wordCount":549,"publisher":{"@id":"https:\/\/diariotextual.com\/inicio\/#organization"},"image":{"@id":"https:\/\/diariotextual.com\/inicio\/index.php\/2019\/09\/15\/arzobispo-salta-macri-mauricio-llevate-rostro-los-pobres\/#primaryimage"},"thumbnailUrl":"https:\/\/diariotextual.com\/inicio\/wp-content\/uploads\/2019\/09\/macriarzobisposalta2019-1.jpg","articleSection":["A - TEMPORALES","POLITICA"],"inLanguage":"es"},{"@type":"WebPage","@id":"https:\/\/diariotextual.com\/inicio\/index.php\/2019\/09\/15\/arzobispo-salta-macri-mauricio-llevate-rostro-los-pobres\/","url":"https:\/\/diariotextual.com\/inicio\/index.php\/2019\/09\/15\/arzobispo-salta-macri-mauricio-llevate-rostro-los-pobres\/","name":"Arzobispo de Salta a Macri: \"Mauricio, ll\u00e9vate el rostro de los pobres\" - Diario Textual","isPartOf":{"@id":"https:\/\/diariotextual.com\/inicio\/#website"},"primaryImageOfPage":{"@id":"https:\/\/diariotextual.com\/inicio\/index.php\/2019\/09\/15\/arzobispo-salta-macri-mauricio-llevate-rostro-los-pobres\/#primaryimage"},"image":{"@id":"https:\/\/diariotextual.com\/inicio\/index.php\/2019\/09\/15\/arzobispo-salta-macri-mauricio-llevate-rostro-los-pobres\/#primaryimage"},"thumbnailUrl":"https:\/\/diariotextual.com\/inicio\/wp-content\/uploads\/2019\/09\/macriarzobisposalta2019-1.jpg","datePublished":"2019-09-16T01:49:29+00:00","dateModified":"2019-09-16T12:18:51+00:00","breadcrumb":{"@id":"https:\/\/diariotextual.com\/inicio\/index.php\/2019\/09\/15\/arzobispo-salta-macri-mauricio-llevate-rostro-los-pobres\/#breadcrumb"},"inLanguage":"es","potentialAction":[{"@type":"ReadAction","target":["https:\/\/diariotextual.com\/inicio\/index.php\/2019\/09\/15\/arzobispo-salta-macri-mauricio-llevate-rostro-los-pobres\/"]}]},{"@type":"ImageObject","inLanguage":"es","@id":"https:\/\/diariotextual.com\/inicio\/index.php\/2019\/09\/15\/arzobispo-salta-macri-mauricio-llevate-rostro-los-pobres\/#primaryimage","url":"https:\/\/diariotextual.com\/inicio\/wp-content\/uploads\/2019\/09\/macriarzobisposalta2019-1.jpg","contentUrl":"https:\/\/diariotextual.com\/inicio\/wp-content\/uploads\/2019\/09\/macriarzobisposalta2019-1.jpg","width":940,"height":529},{"@type":"BreadcrumbList","@id":"https:\/\/diariotextual.com\/inicio\/index.php\/2019\/09\/15\/arzobispo-salta-macri-mauricio-llevate-rostro-los-pobres\/#breadcrumb","itemListElement":[{"@type":"ListItem","position":1,"name":"Portada","item":"https:\/\/diariotextual.com\/inicio\/"},{"@type":"ListItem","position":2,"name":"Arzobispo de Salta a Macri: \u00abMauricio, ll\u00e9vate el rostro de los pobres\u00bb"}]},{"@type":"WebSite","@id":"https:\/\/diariotextual.com\/inicio\/#website","url":"https:\/\/diariotextual.com\/inicio\/","name":"Diario Textual","description":"","publisher":{"@id":"https:\/\/diariotextual.com\/inicio\/#organization"},"potentialAction":[{"@type":"SearchAction","target":{"@type":"EntryPoint","urlTemplate":"https:\/\/diariotextual.com\/inicio\/?s={search_term_string}"},"query-input":{"@type":"PropertyValueSpecification","valueRequired":true,"valueName":"search_term_string"}}],"inLanguage":"es"},{"@type":"Organization","@id":"https:\/\/diariotextual.com\/inicio\/#organization","name":"Diario Textual","url":"https:\/\/diariotextual.com\/inicio\/","logo":{"@type":"ImageObject","inLanguage":"es","@id":"https:\/\/diariotextual.com\/inicio\/#\/schema\/logo\/image\/","url":"https:\/\/diariotextual.com\/inicio\/wp-content\/uploads\/2023\/05\/logotextual1.jpg","contentUrl":"https:\/\/diariotextual.com\/inicio\/wp-content\/uploads\/2023\/05\/logotextual1.jpg","width":516,"height":76,"caption":"Diario Textual"},"image":{"@id":"https:\/\/diariotextual.com\/inicio\/#\/schema\/logo\/image\/"},"sameAs":["https:\/\/www.facebook.com\/eltextual","https:\/\/x.com\/eltextual","http:\/\/www.instagram.com\/eltextual"]},{"@type":"Person","@id":"https:\/\/diariotextual.com\/inicio\/#\/schema\/person\/418fc4093c33e86ed41562db3508f958","name":"Diario1 Diario1","image":{"@type":"ImageObject","inLanguage":"es","@id":"https:\/\/secure.gravatar.com\/avatar\/9167d280179c85bc18be67aa7eda765854300033af4896dd779b608640f2ef7a?s=96&d=mm&r=g","url":"https:\/\/secure.gravatar.com\/avatar\/9167d280179c85bc18be67aa7eda765854300033af4896dd779b608640f2ef7a?s=96&d=mm&r=g","contentUrl":"https:\/\/secure.gravatar.com\/avatar\/9167d280179c85bc18be67aa7eda765854300033af4896dd779b608640f2ef7a?s=96&d=mm&r=g","caption":"Diario1 Diario1"},"url":"https:\/\/diariotextual.com\/inicio\/index.php\/author\/diario1\/"}]}},"_links":{"self":[{"href":"https:\/\/diariotextual.com\/inicio\/index.php\/wp-json\/wp\/v2\/posts\/62736","targetHints":{"allow":["GET"]}}],"collection":[{"href":"https:\/\/diariotextual.com\/inicio\/index.php\/wp-json\/wp\/v2\/posts"}],"about":[{"href":"https:\/\/diariotextual.com\/inicio\/index.php\/wp-json\/wp\/v2\/types\/post"}],"author":[{"embeddable":true,"href":"https:\/\/diariotextual.com\/inicio\/index.php\/wp-json\/wp\/v2\/users\/3"}],"replies":[{"embeddable":true,"href":"https:\/\/diariotextual.com\/inicio\/index.php\/wp-json\/wp\/v2\/comments?post=62736"}],"version-history":[{"count":1,"href":"https:\/\/diariotextual.com\/inicio\/index.php\/wp-json\/wp\/v2\/posts\/62736\/revisions"}],"predecessor-version":[{"id":62738,"href":"https:\/\/diariotextual.com\/inicio\/index.php\/wp-json\/wp\/v2\/posts\/62736\/revisions\/62738"}],"wp:featuredmedia":[{"embeddable":true,"href":"https:\/\/diariotextual.com\/inicio\/index.php\/wp-json\/wp\/v2\/media\/62740"}],"wp:attachment":[{"href":"https:\/\/diariotextual.com\/inicio\/index.php\/wp-json\/wp\/v2\/media?parent=62736"}],"wp:term":[{"taxonomy":"category","embeddable":true,"href":"https:\/\/diariotextual.com\/inicio\/index.php\/wp-json\/wp\/v2\/categories?post=62736"},{"taxonomy":"post_tag","embeddable":true,"href":"https:\/\/diariotextual.com\/inicio\/index.php\/wp-json\/wp\/v2\/tags?post=62736"}],"curies":[{"name":"wp","href":"https:\/\/api.w.org\/{rel}","templated":true}]}}