{"id":62777,"date":"2019-09-16T09:55:06","date_gmt":"2019-09-16T12:55:06","guid":{"rendered":"http:\/\/diariotextual.com\/inicio\/?p=62777"},"modified":"2019-09-16T19:40:52","modified_gmt":"2019-09-16T22:40:52","slug":"editorial-voces-presento-libro-papa-ciudad-rodrigo-miguel-la-cruz","status":"publish","type":"post","link":"https:\/\/diariotextual.com\/inicio\/index.php\/2019\/09\/16\/editorial-voces-presento-libro-papa-ciudad-rodrigo-miguel-la-cruz\/","title":{"rendered":"Miguel de la Cruz present\u00f3 el libro \u00abPap\u00e1 en Ciudad Rodrigo\u00bb"},"content":{"rendered":"<p>El pasado viernes 13, Editorial Voces present\u00f3 el flamante libro del escritor y poeta pampeano <strong>Miguel de la Cruz,\u00a0\u201cPap\u00e1 en Ciudad Rodrigo. Ser hijo de inmigrantes\u201d<\/strong>, en un acto desarrollado en el sal\u00f3n de Los Pioneros.<\/p>\n<p>De la Cruz, quien agradeci\u00f3 la propuesta de la Cooperativa para que su libro fuera publicado en Voces, luego de una introducci\u00f3n general, fue leyendo algunos p\u00e1rrafos incluidos en la obra. Hizo especial referencia a la ni\u00f1ez de su padre que naci\u00f3 en 1913 en en el partido de Ciudad Rodrigo, provincia de Salamanca, Espa\u00f1a, y donde fuera pastor de reba\u00f1os. Tambi\u00e9n algunos recuerdos de su llegada a la zona rural de Anguil, como parte de algunas de las oleadas de inmigrantes. Juan Miguel de la Cruz muri\u00f3 en 1999 y desde entonces fue creciendo la idea de este libro que hoy llega a los socios de Voces.<\/p>\n<p>En sus palabras de bienvenida, el presidente del Consejo de Administraci\u00f3n, Alfredo Carrascal destac\u00f3 el valor cultural para el propio cat\u00e1logo de la Editorial, de la incorporaci\u00f3n del libro de Miguel de la Cruz, y la tarea de Voces de mantener este tipo de producciones, \u201ca\u00fan en tiempos complejos como los que nos toca atravesar\u201d. Por su parte Acosta, como director de Voces, enfatiz\u00f3 en la calidad literaria del autor y la detallada tarea que durante pr\u00e1cticamente dos a\u00f1os se realiz\u00f3 en tareas de producci\u00f3n.<\/p>\n<p>Esta obra, junto al disco de poes\u00eda le\u00edda \u201cUn territorio inabarcable\u201d, de Edgar Morisoli, llegar\u00e1 a manos de asociadas y asociados a la Editorial en las pr\u00f3ximas semanas.<\/p>\n","protected":false},"excerpt":{"rendered":"<p>El pasado viernes 13, Editorial Voces present\u00f3 el flamante libro del escritor y poeta pampeano Miguel de la Cruz,\u00a0\u201cPap\u00e1 en Ciudad Rodrigo. Ser hijo de inmigrantes\u201d, en un acto desarrollado&hellip;<\/p>\n","protected":false},"author":4,"featured_media":62778,"comment_status":"closed","ping_status":"open","sticky":false,"template":"","format":"standard","meta":{"_acf_changed":false,"footnotes":""},"categories":[319,2],"tags":[],"class_list":["post-62777","post","type-post","status-publish","format-standard","has-post-thumbnail","hentry","category-a-temporales","category-cultura"],"acf":[],"yoast_head":"<!-- This site is optimized with the Yoast SEO plugin v27.5 - https:\/\/yoast.com\/product\/yoast-seo-wordpress\/ -->\n<title>Miguel de la Cruz present\u00f3 el libro &quot;Pap\u00e1 en Ciudad Rodrigo&quot; - Diario Textual<\/title>\n<meta name=\"robots\" content=\"index, follow, max-snippet:-1, max-image-preview:large, max-video-preview:-1\" \/>\n<link rel=\"canonical\" href=\"https:\/\/diariotextual.com\/inicio\/index.php\/2019\/09\/16\/editorial-voces-presento-libro-papa-ciudad-rodrigo-miguel-la-cruz\/\" \/>\n<meta property=\"og:locale\" content=\"es_ES\" \/>\n<meta property=\"og:type\" content=\"article\" \/>\n<meta property=\"og:title\" content=\"Miguel de la Cruz present\u00f3 el libro &quot;Pap\u00e1 en Ciudad Rodrigo&quot; - Diario Textual\" \/>\n<meta property=\"og:description\" content=\"El pasado viernes 13, Editorial Voces present\u00f3 el flamante libro del escritor y poeta pampeano Miguel de la Cruz,\u00a0\u201cPap\u00e1 en Ciudad Rodrigo. Ser hijo de inmigrantes\u201d, en un acto desarrollado&hellip;\" \/>\n<meta property=\"og:url\" content=\"https:\/\/diariotextual.com\/inicio\/index.php\/2019\/09\/16\/editorial-voces-presento-libro-papa-ciudad-rodrigo-miguel-la-cruz\/\" \/>\n<meta property=\"og:site_name\" content=\"Diario Textual\" \/>\n<meta property=\"article:publisher\" content=\"https:\/\/www.facebook.com\/eltextual\" \/>\n<meta property=\"article:published_time\" content=\"2019-09-16T12:55:06+00:00\" \/>\n<meta property=\"article:modified_time\" content=\"2019-09-16T22:40:52+00:00\" \/>\n<meta property=\"og:image\" content=\"https:\/\/diariotextual.com\/inicio\/wp-content\/uploads\/2019\/09\/librodelaCruz02.jpg\" \/>\n\t<meta property=\"og:image:width\" content=\"806\" \/>\n\t<meta property=\"og:image:height\" content=\"499\" \/>\n\t<meta property=\"og:image:type\" content=\"image\/jpeg\" \/>\n<meta name=\"author\" content=\"diario2\" \/>\n<meta name=\"twitter:card\" content=\"summary_large_image\" \/>\n<meta name=\"twitter:creator\" content=\"@eltextual\" \/>\n<meta name=\"twitter:site\" content=\"@eltextual\" \/>\n<meta name=\"twitter:label1\" content=\"Escrito por\" \/>\n\t<meta name=\"twitter:data1\" content=\"diario2\" \/>\n\t<meta name=\"twitter:label2\" content=\"Tiempo de lectura\" \/>\n\t<meta name=\"twitter:data2\" content=\"1 minuto\" \/>\n<script type=\"application\/ld+json\" class=\"yoast-schema-graph\">{\"@context\":\"https:\\\/\\\/schema.org\",\"@graph\":[{\"@type\":\"Article\",\"@id\":\"https:\\\/\\\/diariotextual.com\\\/inicio\\\/index.php\\\/2019\\\/09\\\/16\\\/editorial-voces-presento-libro-papa-ciudad-rodrigo-miguel-la-cruz\\\/#article\",\"isPartOf\":{\"@id\":\"https:\\\/\\\/diariotextual.com\\\/inicio\\\/index.php\\\/2019\\\/09\\\/16\\\/editorial-voces-presento-libro-papa-ciudad-rodrigo-miguel-la-cruz\\\/\"},\"author\":{\"name\":\"diario2\",\"@id\":\"https:\\\/\\\/diariotextual.com\\\/inicio\\\/#\\\/schema\\\/person\\\/694f60677f23c4a530867a98f22b3768\"},\"headline\":\"Miguel de la Cruz present\u00f3 el libro \u00abPap\u00e1 en Ciudad Rodrigo\u00bb\",\"datePublished\":\"2019-09-16T12:55:06+00:00\",\"dateModified\":\"2019-09-16T22:40:52+00:00\",\"mainEntityOfPage\":{\"@id\":\"https:\\\/\\\/diariotextual.com\\\/inicio\\\/index.php\\\/2019\\\/09\\\/16\\\/editorial-voces-presento-libro-papa-ciudad-rodrigo-miguel-la-cruz\\\/\"},\"wordCount\":283,\"publisher\":{\"@id\":\"https:\\\/\\\/diariotextual.com\\\/inicio\\\/#organization\"},\"image\":{\"@id\":\"https:\\\/\\\/diariotextual.com\\\/inicio\\\/index.php\\\/2019\\\/09\\\/16\\\/editorial-voces-presento-libro-papa-ciudad-rodrigo-miguel-la-cruz\\\/#primaryimage\"},\"thumbnailUrl\":\"https:\\\/\\\/diariotextual.com\\\/inicio\\\/wp-content\\\/uploads\\\/2019\\\/09\\\/librodelaCruz02.jpg\",\"articleSection\":[\"A - TEMPORALES\",\"CULTURA\"],\"inLanguage\":\"es\"},{\"@type\":\"WebPage\",\"@id\":\"https:\\\/\\\/diariotextual.com\\\/inicio\\\/index.php\\\/2019\\\/09\\\/16\\\/editorial-voces-presento-libro-papa-ciudad-rodrigo-miguel-la-cruz\\\/\",\"url\":\"https:\\\/\\\/diariotextual.com\\\/inicio\\\/index.php\\\/2019\\\/09\\\/16\\\/editorial-voces-presento-libro-papa-ciudad-rodrigo-miguel-la-cruz\\\/\",\"name\":\"Miguel de la Cruz present\u00f3 el libro \\\"Pap\u00e1 en Ciudad Rodrigo\\\" - Diario Textual\",\"isPartOf\":{\"@id\":\"https:\\\/\\\/diariotextual.com\\\/inicio\\\/#website\"},\"primaryImageOfPage\":{\"@id\":\"https:\\\/\\\/diariotextual.com\\\/inicio\\\/index.php\\\/2019\\\/09\\\/16\\\/editorial-voces-presento-libro-papa-ciudad-rodrigo-miguel-la-cruz\\\/#primaryimage\"},\"image\":{\"@id\":\"https:\\\/\\\/diariotextual.com\\\/inicio\\\/index.php\\\/2019\\\/09\\\/16\\\/editorial-voces-presento-libro-papa-ciudad-rodrigo-miguel-la-cruz\\\/#primaryimage\"},\"thumbnailUrl\":\"https:\\\/\\\/diariotextual.com\\\/inicio\\\/wp-content\\\/uploads\\\/2019\\\/09\\\/librodelaCruz02.jpg\",\"datePublished\":\"2019-09-16T12:55:06+00:00\",\"dateModified\":\"2019-09-16T22:40:52+00:00\",\"breadcrumb\":{\"@id\":\"https:\\\/\\\/diariotextual.com\\\/inicio\\\/index.php\\\/2019\\\/09\\\/16\\\/editorial-voces-presento-libro-papa-ciudad-rodrigo-miguel-la-cruz\\\/#breadcrumb\"},\"inLanguage\":\"es\",\"potentialAction\":[{\"@type\":\"ReadAction\",\"target\":[\"https:\\\/\\\/diariotextual.com\\\/inicio\\\/index.php\\\/2019\\\/09\\\/16\\\/editorial-voces-presento-libro-papa-ciudad-rodrigo-miguel-la-cruz\\\/\"]}]},{\"@type\":\"ImageObject\",\"inLanguage\":\"es\",\"@id\":\"https:\\\/\\\/diariotextual.com\\\/inicio\\\/index.php\\\/2019\\\/09\\\/16\\\/editorial-voces-presento-libro-papa-ciudad-rodrigo-miguel-la-cruz\\\/#primaryimage\",\"url\":\"https:\\\/\\\/diariotextual.com\\\/inicio\\\/wp-content\\\/uploads\\\/2019\\\/09\\\/librodelaCruz02.jpg\",\"contentUrl\":\"https:\\\/\\\/diariotextual.com\\\/inicio\\\/wp-content\\\/uploads\\\/2019\\\/09\\\/librodelaCruz02.jpg\",\"width\":806,\"height\":499},{\"@type\":\"BreadcrumbList\",\"@id\":\"https:\\\/\\\/diariotextual.com\\\/inicio\\\/index.php\\\/2019\\\/09\\\/16\\\/editorial-voces-presento-libro-papa-ciudad-rodrigo-miguel-la-cruz\\\/#breadcrumb\",\"itemListElement\":[{\"@type\":\"ListItem\",\"position\":1,\"name\":\"Portada\",\"item\":\"https:\\\/\\\/diariotextual.com\\\/inicio\\\/\"},{\"@type\":\"ListItem\",\"position\":2,\"name\":\"Miguel de la Cruz present\u00f3 el libro \u00abPap\u00e1 en Ciudad Rodrigo\u00bb\"}]},{\"@type\":\"WebSite\",\"@id\":\"https:\\\/\\\/diariotextual.com\\\/inicio\\\/#website\",\"url\":\"https:\\\/\\\/diariotextual.com\\\/inicio\\\/\",\"name\":\"Diario Textual\",\"description\":\"\",\"publisher\":{\"@id\":\"https:\\\/\\\/diariotextual.com\\\/inicio\\\/#organization\"},\"potentialAction\":[{\"@type\":\"SearchAction\",\"target\":{\"@type\":\"EntryPoint\",\"urlTemplate\":\"https:\\\/\\\/diariotextual.com\\\/inicio\\\/?s={search_term_string}\"},\"query-input\":{\"@type\":\"PropertyValueSpecification\",\"valueRequired\":true,\"valueName\":\"search_term_string\"}}],\"inLanguage\":\"es\"},{\"@type\":\"Organization\",\"@id\":\"https:\\\/\\\/diariotextual.com\\\/inicio\\\/#organization\",\"name\":\"Diario Textual\",\"url\":\"https:\\\/\\\/diariotextual.com\\\/inicio\\\/\",\"logo\":{\"@type\":\"ImageObject\",\"inLanguage\":\"es\",\"@id\":\"https:\\\/\\\/diariotextual.com\\\/inicio\\\/#\\\/schema\\\/logo\\\/image\\\/\",\"url\":\"https:\\\/\\\/diariotextual.com\\\/inicio\\\/wp-content\\\/uploads\\\/2023\\\/05\\\/logotextual1.jpg\",\"contentUrl\":\"https:\\\/\\\/diariotextual.com\\\/inicio\\\/wp-content\\\/uploads\\\/2023\\\/05\\\/logotextual1.jpg\",\"width\":516,\"height\":76,\"caption\":\"Diario Textual\"},\"image\":{\"@id\":\"https:\\\/\\\/diariotextual.com\\\/inicio\\\/#\\\/schema\\\/logo\\\/image\\\/\"},\"sameAs\":[\"https:\\\/\\\/www.facebook.com\\\/eltextual\",\"https:\\\/\\\/x.com\\\/eltextual\",\"http:\\\/\\\/www.instagram.com\\\/eltextual\"]},{\"@type\":\"Person\",\"@id\":\"https:\\\/\\\/diariotextual.com\\\/inicio\\\/#\\\/schema\\\/person\\\/694f60677f23c4a530867a98f22b3768\",\"name\":\"diario2\",\"image\":{\"@type\":\"ImageObject\",\"inLanguage\":\"es\",\"@id\":\"https:\\\/\\\/secure.gravatar.com\\\/avatar\\\/5a2567495ba16b852fcd8f1ed006a2e24fcace936018ed8237e95f488ad6e0a7?s=96&d=mm&r=g\",\"url\":\"https:\\\/\\\/secure.gravatar.com\\\/avatar\\\/5a2567495ba16b852fcd8f1ed006a2e24fcace936018ed8237e95f488ad6e0a7?s=96&d=mm&r=g\",\"contentUrl\":\"https:\\\/\\\/secure.gravatar.com\\\/avatar\\\/5a2567495ba16b852fcd8f1ed006a2e24fcace936018ed8237e95f488ad6e0a7?s=96&d=mm&r=g\",\"caption\":\"diario2\"},\"url\":\"https:\\\/\\\/diariotextual.com\\\/inicio\\\/index.php\\\/author\\\/diario2\\\/\"}]}<\/script>\n<!-- \/ Yoast SEO plugin. -->","yoast_head_json":{"title":"Miguel de la Cruz present\u00f3 el libro \"Pap\u00e1 en Ciudad Rodrigo\" - Diario Textual","robots":{"index":"index","follow":"follow","max-snippet":"max-snippet:-1","max-image-preview":"max-image-preview:large","max-video-preview":"max-video-preview:-1"},"canonical":"https:\/\/diariotextual.com\/inicio\/index.php\/2019\/09\/16\/editorial-voces-presento-libro-papa-ciudad-rodrigo-miguel-la-cruz\/","og_locale":"es_ES","og_type":"article","og_title":"Miguel de la Cruz present\u00f3 el libro \"Pap\u00e1 en Ciudad Rodrigo\" - Diario Textual","og_description":"El pasado viernes 13, Editorial Voces present\u00f3 el flamante libro del escritor y poeta pampeano Miguel de la Cruz,\u00a0\u201cPap\u00e1 en Ciudad Rodrigo. Ser hijo de inmigrantes\u201d, en un acto desarrollado&hellip;","og_url":"https:\/\/diariotextual.com\/inicio\/index.php\/2019\/09\/16\/editorial-voces-presento-libro-papa-ciudad-rodrigo-miguel-la-cruz\/","og_site_name":"Diario Textual","article_publisher":"https:\/\/www.facebook.com\/eltextual","article_published_time":"2019-09-16T12:55:06+00:00","article_modified_time":"2019-09-16T22:40:52+00:00","og_image":[{"width":806,"height":499,"url":"https:\/\/diariotextual.com\/inicio\/wp-content\/uploads\/2019\/09\/librodelaCruz02.jpg","type":"image\/jpeg"}],"author":"diario2","twitter_card":"summary_large_image","twitter_creator":"@eltextual","twitter_site":"@eltextual","twitter_misc":{"Escrito por":"diario2","Tiempo de lectura":"1 minuto"},"schema":{"@context":"https:\/\/schema.org","@graph":[{"@type":"Article","@id":"https:\/\/diariotextual.com\/inicio\/index.php\/2019\/09\/16\/editorial-voces-presento-libro-papa-ciudad-rodrigo-miguel-la-cruz\/#article","isPartOf":{"@id":"https:\/\/diariotextual.com\/inicio\/index.php\/2019\/09\/16\/editorial-voces-presento-libro-papa-ciudad-rodrigo-miguel-la-cruz\/"},"author":{"name":"diario2","@id":"https:\/\/diariotextual.com\/inicio\/#\/schema\/person\/694f60677f23c4a530867a98f22b3768"},"headline":"Miguel de la Cruz present\u00f3 el libro \u00abPap\u00e1 en Ciudad Rodrigo\u00bb","datePublished":"2019-09-16T12:55:06+00:00","dateModified":"2019-09-16T22:40:52+00:00","mainEntityOfPage":{"@id":"https:\/\/diariotextual.com\/inicio\/index.php\/2019\/09\/16\/editorial-voces-presento-libro-papa-ciudad-rodrigo-miguel-la-cruz\/"},"wordCount":283,"publisher":{"@id":"https:\/\/diariotextual.com\/inicio\/#organization"},"image":{"@id":"https:\/\/diariotextual.com\/inicio\/index.php\/2019\/09\/16\/editorial-voces-presento-libro-papa-ciudad-rodrigo-miguel-la-cruz\/#primaryimage"},"thumbnailUrl":"https:\/\/diariotextual.com\/inicio\/wp-content\/uploads\/2019\/09\/librodelaCruz02.jpg","articleSection":["A - TEMPORALES","CULTURA"],"inLanguage":"es"},{"@type":"WebPage","@id":"https:\/\/diariotextual.com\/inicio\/index.php\/2019\/09\/16\/editorial-voces-presento-libro-papa-ciudad-rodrigo-miguel-la-cruz\/","url":"https:\/\/diariotextual.com\/inicio\/index.php\/2019\/09\/16\/editorial-voces-presento-libro-papa-ciudad-rodrigo-miguel-la-cruz\/","name":"Miguel de la Cruz present\u00f3 el libro \"Pap\u00e1 en Ciudad Rodrigo\" - Diario Textual","isPartOf":{"@id":"https:\/\/diariotextual.com\/inicio\/#website"},"primaryImageOfPage":{"@id":"https:\/\/diariotextual.com\/inicio\/index.php\/2019\/09\/16\/editorial-voces-presento-libro-papa-ciudad-rodrigo-miguel-la-cruz\/#primaryimage"},"image":{"@id":"https:\/\/diariotextual.com\/inicio\/index.php\/2019\/09\/16\/editorial-voces-presento-libro-papa-ciudad-rodrigo-miguel-la-cruz\/#primaryimage"},"thumbnailUrl":"https:\/\/diariotextual.com\/inicio\/wp-content\/uploads\/2019\/09\/librodelaCruz02.jpg","datePublished":"2019-09-16T12:55:06+00:00","dateModified":"2019-09-16T22:40:52+00:00","breadcrumb":{"@id":"https:\/\/diariotextual.com\/inicio\/index.php\/2019\/09\/16\/editorial-voces-presento-libro-papa-ciudad-rodrigo-miguel-la-cruz\/#breadcrumb"},"inLanguage":"es","potentialAction":[{"@type":"ReadAction","target":["https:\/\/diariotextual.com\/inicio\/index.php\/2019\/09\/16\/editorial-voces-presento-libro-papa-ciudad-rodrigo-miguel-la-cruz\/"]}]},{"@type":"ImageObject","inLanguage":"es","@id":"https:\/\/diariotextual.com\/inicio\/index.php\/2019\/09\/16\/editorial-voces-presento-libro-papa-ciudad-rodrigo-miguel-la-cruz\/#primaryimage","url":"https:\/\/diariotextual.com\/inicio\/wp-content\/uploads\/2019\/09\/librodelaCruz02.jpg","contentUrl":"https:\/\/diariotextual.com\/inicio\/wp-content\/uploads\/2019\/09\/librodelaCruz02.jpg","width":806,"height":499},{"@type":"BreadcrumbList","@id":"https:\/\/diariotextual.com\/inicio\/index.php\/2019\/09\/16\/editorial-voces-presento-libro-papa-ciudad-rodrigo-miguel-la-cruz\/#breadcrumb","itemListElement":[{"@type":"ListItem","position":1,"name":"Portada","item":"https:\/\/diariotextual.com\/inicio\/"},{"@type":"ListItem","position":2,"name":"Miguel de la Cruz present\u00f3 el libro \u00abPap\u00e1 en Ciudad Rodrigo\u00bb"}]},{"@type":"WebSite","@id":"https:\/\/diariotextual.com\/inicio\/#website","url":"https:\/\/diariotextual.com\/inicio\/","name":"Diario Textual","description":"","publisher":{"@id":"https:\/\/diariotextual.com\/inicio\/#organization"},"potentialAction":[{"@type":"SearchAction","target":{"@type":"EntryPoint","urlTemplate":"https:\/\/diariotextual.com\/inicio\/?s={search_term_string}"},"query-input":{"@type":"PropertyValueSpecification","valueRequired":true,"valueName":"search_term_string"}}],"inLanguage":"es"},{"@type":"Organization","@id":"https:\/\/diariotextual.com\/inicio\/#organization","name":"Diario Textual","url":"https:\/\/diariotextual.com\/inicio\/","logo":{"@type":"ImageObject","inLanguage":"es","@id":"https:\/\/diariotextual.com\/inicio\/#\/schema\/logo\/image\/","url":"https:\/\/diariotextual.com\/inicio\/wp-content\/uploads\/2023\/05\/logotextual1.jpg","contentUrl":"https:\/\/diariotextual.com\/inicio\/wp-content\/uploads\/2023\/05\/logotextual1.jpg","width":516,"height":76,"caption":"Diario Textual"},"image":{"@id":"https:\/\/diariotextual.com\/inicio\/#\/schema\/logo\/image\/"},"sameAs":["https:\/\/www.facebook.com\/eltextual","https:\/\/x.com\/eltextual","http:\/\/www.instagram.com\/eltextual"]},{"@type":"Person","@id":"https:\/\/diariotextual.com\/inicio\/#\/schema\/person\/694f60677f23c4a530867a98f22b3768","name":"diario2","image":{"@type":"ImageObject","inLanguage":"es","@id":"https:\/\/secure.gravatar.com\/avatar\/5a2567495ba16b852fcd8f1ed006a2e24fcace936018ed8237e95f488ad6e0a7?s=96&d=mm&r=g","url":"https:\/\/secure.gravatar.com\/avatar\/5a2567495ba16b852fcd8f1ed006a2e24fcace936018ed8237e95f488ad6e0a7?s=96&d=mm&r=g","contentUrl":"https:\/\/secure.gravatar.com\/avatar\/5a2567495ba16b852fcd8f1ed006a2e24fcace936018ed8237e95f488ad6e0a7?s=96&d=mm&r=g","caption":"diario2"},"url":"https:\/\/diariotextual.com\/inicio\/index.php\/author\/diario2\/"}]}},"_links":{"self":[{"href":"https:\/\/diariotextual.com\/inicio\/index.php\/wp-json\/wp\/v2\/posts\/62777","targetHints":{"allow":["GET"]}}],"collection":[{"href":"https:\/\/diariotextual.com\/inicio\/index.php\/wp-json\/wp\/v2\/posts"}],"about":[{"href":"https:\/\/diariotextual.com\/inicio\/index.php\/wp-json\/wp\/v2\/types\/post"}],"author":[{"embeddable":true,"href":"https:\/\/diariotextual.com\/inicio\/index.php\/wp-json\/wp\/v2\/users\/4"}],"replies":[{"embeddable":true,"href":"https:\/\/diariotextual.com\/inicio\/index.php\/wp-json\/wp\/v2\/comments?post=62777"}],"version-history":[{"count":3,"href":"https:\/\/diariotextual.com\/inicio\/index.php\/wp-json\/wp\/v2\/posts\/62777\/revisions"}],"predecessor-version":[{"id":62785,"href":"https:\/\/diariotextual.com\/inicio\/index.php\/wp-json\/wp\/v2\/posts\/62777\/revisions\/62785"}],"wp:featuredmedia":[{"embeddable":true,"href":"https:\/\/diariotextual.com\/inicio\/index.php\/wp-json\/wp\/v2\/media\/62778"}],"wp:attachment":[{"href":"https:\/\/diariotextual.com\/inicio\/index.php\/wp-json\/wp\/v2\/media?parent=62777"}],"wp:term":[{"taxonomy":"category","embeddable":true,"href":"https:\/\/diariotextual.com\/inicio\/index.php\/wp-json\/wp\/v2\/categories?post=62777"},{"taxonomy":"post_tag","embeddable":true,"href":"https:\/\/diariotextual.com\/inicio\/index.php\/wp-json\/wp\/v2\/tags?post=62777"}],"curies":[{"name":"wp","href":"https:\/\/api.w.org\/{rel}","templated":true}]}}