{"id":62796,"date":"2019-09-16T12:44:42","date_gmt":"2019-09-16T15:44:42","guid":{"rendered":"http:\/\/diariotextual.com\/inicio\/?p=62796"},"modified":"2019-09-17T10:28:09","modified_gmt":"2019-09-17T13:28:09","slug":"petisero-fue-denunciado-propios-padres-lo-condenaron-8-anos-violacion","status":"publish","type":"post","link":"https:\/\/diariotextual.com\/inicio\/index.php\/2019\/09\/16\/petisero-fue-denunciado-propios-padres-lo-condenaron-8-anos-violacion\/","title":{"rendered":"Un petisero fue denunciado por sus propios padres y lo condenaron a 8 a\u00f1os por violaci\u00f3n"},"content":{"rendered":"<p>El<strong> Tribunal de Impugnaci\u00f3n Penal<\/strong> (TIP) confirm\u00f3 hoy <strong>la condena contra un petisero a ocho a\u00f1os de prisi\u00f3n<\/strong> por la <strong>violaci\u00f3n reiterada<\/strong> a una pareja suya. Uno de los datos llamativos: <strong>la denuncia la hicieron sus propios padres del condenado. \u00abTenemos miedo por lo que pueda pasarle a nuestra nuera<\/strong>\u00ab, dijeron.<\/p>\n<p>El TIP estableci\u00f3 que es autor de los delitos de amenazas agravadas por el uso de arma de fuego -dos hechos-, amenazas simples, lesiones leves agravadas por haber sido cometidas contra la persona con la cual mantiene una relaci\u00f3n de pareja, y abuso sexual con acceso carnal como delito continuado, en concurso real con lesiones leves agravadas por haber sido cometidas contra la persona con la cual mantiene una relaci\u00f3n de pareja.<\/p>\n<p>Los jueces de la Sala A, Mauricio Piombi y Pablo Balaguer, as\u00ed lo hicieron saber al no hacer lugar al recurso de impugnaci\u00f3n interpuesto por el defensor particular del imputado, Carlos Pedro Febre. <strong>De este modo confirmaron la sentencia que dict\u00f3, el pasado 28 de abril, el juez de audiencia de General Pico, Marcelo Pagano. Actualmente el acusado permanece detenido en una comisar\u00eda del norte provincial.<\/strong><\/p>\n<p>Los hechos fueron juzgados en dos causas diferentes. Pagano hab\u00eda dado por probado \u2013en la denuncia m\u00e1s grave\u2013 que el imputado, durante el curso de una relaci\u00f3n que mantuvo, forz\u00f3 a su pareja \u201cen reiteradas ocasiones\u00bb a mantener relaciones sexuales. \u00abNo pudiendo la v\u00edctima negarse por temor a ser agredida f\u00edsicamente, llegando incluso a forzarla a realizar posiciones no consentidas y agredi\u00e9ndola ante su negativa (\u2026) Los m\u00faltiples e indeterminados hechos de abuso sufridos por la mujer, durante el lapso de tiempo que dur\u00f3 su relaci\u00f3n con el acusado, conlleva a tenerlos como delito continuado\u201d, hab\u00eda dicho el juez.<\/p>\n<p>El juez piquense tambi\u00e9n hab\u00eda acreditado que en agosto del a\u00f1o pasado amenaz\u00f3 a su padre. Le exhibi\u00f3 un arma de fuego, y a los tres d\u00edas reiter\u00f3 esa conducta ante \u00e9l, su madre y otros familiares. Les dijo que los matar\u00eda. \u201cTe voy a volar la gorra\u201d, lleg\u00f3 a decirle a su padre.<\/p>\n<p>Febre objet\u00f3 el fallo de Pagano \u2013solamente en lo atinente al abuso\u2013 aduciendo que la v\u00edctima no dijo que las relaciones no fueron consentidas, que recurri\u00f3 a la pericia psicol\u00f3gica practicada a ella para condenar al imputado y que con las pruebas colectadas no se acredit\u00f3 el delito de abuso sexual.<strong> Remarc\u00f3 que no se acredit\u00f3 que las relaciones hayan sido forzadas y que no puede condenarse a su defendido solamente con el relato de la damnificada<\/strong>, sin otras pruebas independientes. Por lo tanto, <strong>hab\u00eda pido la absoluci\u00f3n por el beneficio de la duda<\/strong>.<\/p>\n<p>\u201c<strong>La defensa realiz\u00f3 un inteligente y denodado esfuerzo en su planteo \u2013respondi\u00f3 el TIP\u2013-. Pero fue parcial<\/strong> al momento de no contextualizar la totalidad de los hechos debatidos, reduciendo la acreditaci\u00f3n de la agresi\u00f3n sexual a la comprobaci\u00f3n del hecho en un d\u00eda determinado y en el relato de un presunto consentimiento de la v\u00edctima en las pr\u00e1cticas sexuales (\u2026) y por parte del imputado un desconocimiento de un actuar doloso\u201d.<\/p>\n<p>\u201c<strong>Fue parcial y no contextualizado, puesto que se desprendi\u00f3 de los hechos debatidos (\u2026), la presencia de un accionar violento por parte del acusado en todos ellos<\/strong>. Si bien el recurso tuvo por objeto el an\u00e1lisis del abuso sexual, no se puede dejar de tener en cuenta las distintas circunstancias relatadas y probadas en el debate, que conformaron una idea no general, sino m\u00e1s bien espec\u00edfica, de lo que acontec\u00eda y en especial de la conducta del imputado\u201d, agreg\u00f3 el Tribunal.<\/p>\n<p>En ese sentido, subray\u00f3,<strong> no pudo dejar de tener en cuenta que las actuaciones judiciales se iniciaron por una denuncia de los padres del petisero, quienes expresaron temor por lo que le podr\u00eda ocurrir a su nuera<\/strong>. Tambi\u00e9n que se debi\u00f3 solicitar la presencia del Grupo Especial de Operaciones, de la polic\u00eda provincial, para ingresar a la vivienda.<\/p>\n<p>\u201cB\u00e1sicamente, la sentencia reflej\u00f3 todas esas circunstancias de impulsividad y de personalidad agresiva del acusado, como as\u00ed tambi\u00e9n la situaci\u00f3n emocional e incapacidad de decisi\u00f3n y resistencia de la v\u00edctima, que el juez (Pagano) consign\u00f3 en profundidad en extensos p\u00e1rrafos\u201d, a\u00f1adieron Piombi y Balaguer.<\/p>\n<p>Por \u00faltimo, la defensa se agravi\u00f3 de la imposibilidad de contrainterrogar a la v\u00edctima durante el juicio oral, medida denegada en oportunidad del ofrecimiento de prueba. \u201cNo se observ\u00f3 puntualmente la afectaci\u00f3n del derecho que invoc\u00f3 el defensor, teniendo en consideraci\u00f3n que existi\u00f3 una declaraci\u00f3n de la v\u00edctima en C\u00e1mara Gesell, la que fue solicitada como prueba en atenci\u00f3n no solo a las particularidades del caso, sino tambi\u00e9n a la situaci\u00f3n de la damnificada, extremos que fueron evaluados en detalle y consignados por el juez actuante al momento de autorizarla\u201d.<\/p>\n<p>&nbsp;<\/p>\n<p>&nbsp;<\/p>\n","protected":false},"excerpt":{"rendered":"<p>El Tribunal de Impugnaci\u00f3n Penal (TIP) confirm\u00f3 hoy la condena contra un petisero a ocho a\u00f1os de prisi\u00f3n por la violaci\u00f3n reiterada a una pareja suya. Uno de los datos&hellip;<\/p>\n","protected":false},"author":3,"featured_media":26851,"comment_status":"closed","ping_status":"open","sticky":false,"template":"","format":"standard","meta":{"_acf_changed":false,"footnotes":""},"categories":[319,12],"tags":[],"class_list":["post-62796","post","type-post","status-publish","format-standard","has-post-thumbnail","hentry","category-a-temporales","category-sociedad"],"acf":[],"yoast_head":"<!-- This site is optimized with the Yoast SEO plugin v27.5 - https:\/\/yoast.com\/product\/yoast-seo-wordpress\/ -->\n<title>Un petisero fue denunciado por sus propios padres y lo condenaron a 8 a\u00f1os por violaci\u00f3n - Diario Textual<\/title>\n<meta name=\"robots\" content=\"index, follow, max-snippet:-1, max-image-preview:large, max-video-preview:-1\" \/>\n<link rel=\"canonical\" href=\"https:\/\/diariotextual.com\/inicio\/index.php\/2019\/09\/16\/petisero-fue-denunciado-propios-padres-lo-condenaron-8-anos-violacion\/\" \/>\n<meta property=\"og:locale\" content=\"es_ES\" \/>\n<meta property=\"og:type\" content=\"article\" \/>\n<meta property=\"og:title\" content=\"Un petisero fue denunciado por sus propios padres y lo condenaron a 8 a\u00f1os por violaci\u00f3n - Diario Textual\" \/>\n<meta property=\"og:description\" content=\"El Tribunal de Impugnaci\u00f3n Penal (TIP) confirm\u00f3 hoy la condena contra un petisero a ocho a\u00f1os de prisi\u00f3n por la violaci\u00f3n reiterada a una pareja suya. Uno de los datos&hellip;\" \/>\n<meta property=\"og:url\" content=\"https:\/\/diariotextual.com\/inicio\/index.php\/2019\/09\/16\/petisero-fue-denunciado-propios-padres-lo-condenaron-8-anos-violacion\/\" \/>\n<meta property=\"og:site_name\" content=\"Diario Textual\" \/>\n<meta property=\"article:publisher\" content=\"https:\/\/www.facebook.com\/eltextual\" \/>\n<meta property=\"article:published_time\" content=\"2019-09-16T15:44:42+00:00\" \/>\n<meta property=\"article:modified_time\" content=\"2019-09-17T13:28:09+00:00\" \/>\n<meta property=\"og:image\" content=\"https:\/\/diariotextual.com\/inicio\/wp-content\/uploads\/2018\/11\/niunamenos9121111.jpg\" \/>\n\t<meta property=\"og:image:width\" content=\"580\" \/>\n\t<meta property=\"og:image:height\" content=\"350\" \/>\n\t<meta property=\"og:image:type\" content=\"image\/jpeg\" \/>\n<meta name=\"author\" content=\"Diario1 Diario1\" \/>\n<meta name=\"twitter:card\" content=\"summary_large_image\" \/>\n<meta name=\"twitter:creator\" content=\"@eltextual\" \/>\n<meta name=\"twitter:site\" content=\"@eltextual\" \/>\n<meta name=\"twitter:label1\" content=\"Escrito por\" \/>\n\t<meta name=\"twitter:data1\" content=\"Diario1 Diario1\" \/>\n\t<meta name=\"twitter:label2\" content=\"Tiempo de lectura\" \/>\n\t<meta name=\"twitter:data2\" content=\"4 minutos\" \/>\n<script type=\"application\/ld+json\" class=\"yoast-schema-graph\">{\"@context\":\"https:\\\/\\\/schema.org\",\"@graph\":[{\"@type\":\"Article\",\"@id\":\"https:\\\/\\\/diariotextual.com\\\/inicio\\\/index.php\\\/2019\\\/09\\\/16\\\/petisero-fue-denunciado-propios-padres-lo-condenaron-8-anos-violacion\\\/#article\",\"isPartOf\":{\"@id\":\"https:\\\/\\\/diariotextual.com\\\/inicio\\\/index.php\\\/2019\\\/09\\\/16\\\/petisero-fue-denunciado-propios-padres-lo-condenaron-8-anos-violacion\\\/\"},\"author\":{\"name\":\"Diario1 Diario1\",\"@id\":\"https:\\\/\\\/diariotextual.com\\\/inicio\\\/#\\\/schema\\\/person\\\/418fc4093c33e86ed41562db3508f958\"},\"headline\":\"Un petisero fue denunciado por sus propios padres y lo condenaron a 8 a\u00f1os por violaci\u00f3n\",\"datePublished\":\"2019-09-16T15:44:42+00:00\",\"dateModified\":\"2019-09-17T13:28:09+00:00\",\"mainEntityOfPage\":{\"@id\":\"https:\\\/\\\/diariotextual.com\\\/inicio\\\/index.php\\\/2019\\\/09\\\/16\\\/petisero-fue-denunciado-propios-padres-lo-condenaron-8-anos-violacion\\\/\"},\"wordCount\":851,\"publisher\":{\"@id\":\"https:\\\/\\\/diariotextual.com\\\/inicio\\\/#organization\"},\"image\":{\"@id\":\"https:\\\/\\\/diariotextual.com\\\/inicio\\\/index.php\\\/2019\\\/09\\\/16\\\/petisero-fue-denunciado-propios-padres-lo-condenaron-8-anos-violacion\\\/#primaryimage\"},\"thumbnailUrl\":\"https:\\\/\\\/diariotextual.com\\\/inicio\\\/wp-content\\\/uploads\\\/2018\\\/11\\\/niunamenos9121111.jpg\",\"articleSection\":[\"A - TEMPORALES\",\"SOCIEDAD\"],\"inLanguage\":\"es\"},{\"@type\":\"WebPage\",\"@id\":\"https:\\\/\\\/diariotextual.com\\\/inicio\\\/index.php\\\/2019\\\/09\\\/16\\\/petisero-fue-denunciado-propios-padres-lo-condenaron-8-anos-violacion\\\/\",\"url\":\"https:\\\/\\\/diariotextual.com\\\/inicio\\\/index.php\\\/2019\\\/09\\\/16\\\/petisero-fue-denunciado-propios-padres-lo-condenaron-8-anos-violacion\\\/\",\"name\":\"Un petisero fue denunciado por sus propios padres y lo condenaron a 8 a\u00f1os por violaci\u00f3n - Diario Textual\",\"isPartOf\":{\"@id\":\"https:\\\/\\\/diariotextual.com\\\/inicio\\\/#website\"},\"primaryImageOfPage\":{\"@id\":\"https:\\\/\\\/diariotextual.com\\\/inicio\\\/index.php\\\/2019\\\/09\\\/16\\\/petisero-fue-denunciado-propios-padres-lo-condenaron-8-anos-violacion\\\/#primaryimage\"},\"image\":{\"@id\":\"https:\\\/\\\/diariotextual.com\\\/inicio\\\/index.php\\\/2019\\\/09\\\/16\\\/petisero-fue-denunciado-propios-padres-lo-condenaron-8-anos-violacion\\\/#primaryimage\"},\"thumbnailUrl\":\"https:\\\/\\\/diariotextual.com\\\/inicio\\\/wp-content\\\/uploads\\\/2018\\\/11\\\/niunamenos9121111.jpg\",\"datePublished\":\"2019-09-16T15:44:42+00:00\",\"dateModified\":\"2019-09-17T13:28:09+00:00\",\"breadcrumb\":{\"@id\":\"https:\\\/\\\/diariotextual.com\\\/inicio\\\/index.php\\\/2019\\\/09\\\/16\\\/petisero-fue-denunciado-propios-padres-lo-condenaron-8-anos-violacion\\\/#breadcrumb\"},\"inLanguage\":\"es\",\"potentialAction\":[{\"@type\":\"ReadAction\",\"target\":[\"https:\\\/\\\/diariotextual.com\\\/inicio\\\/index.php\\\/2019\\\/09\\\/16\\\/petisero-fue-denunciado-propios-padres-lo-condenaron-8-anos-violacion\\\/\"]}]},{\"@type\":\"ImageObject\",\"inLanguage\":\"es\",\"@id\":\"https:\\\/\\\/diariotextual.com\\\/inicio\\\/index.php\\\/2019\\\/09\\\/16\\\/petisero-fue-denunciado-propios-padres-lo-condenaron-8-anos-violacion\\\/#primaryimage\",\"url\":\"https:\\\/\\\/diariotextual.com\\\/inicio\\\/wp-content\\\/uploads\\\/2018\\\/11\\\/niunamenos9121111.jpg\",\"contentUrl\":\"https:\\\/\\\/diariotextual.com\\\/inicio\\\/wp-content\\\/uploads\\\/2018\\\/11\\\/niunamenos9121111.jpg\",\"width\":580,\"height\":350},{\"@type\":\"BreadcrumbList\",\"@id\":\"https:\\\/\\\/diariotextual.com\\\/inicio\\\/index.php\\\/2019\\\/09\\\/16\\\/petisero-fue-denunciado-propios-padres-lo-condenaron-8-anos-violacion\\\/#breadcrumb\",\"itemListElement\":[{\"@type\":\"ListItem\",\"position\":1,\"name\":\"Portada\",\"item\":\"https:\\\/\\\/diariotextual.com\\\/inicio\\\/\"},{\"@type\":\"ListItem\",\"position\":2,\"name\":\"Un petisero fue denunciado por sus propios padres y lo condenaron a 8 a\u00f1os por violaci\u00f3n\"}]},{\"@type\":\"WebSite\",\"@id\":\"https:\\\/\\\/diariotextual.com\\\/inicio\\\/#website\",\"url\":\"https:\\\/\\\/diariotextual.com\\\/inicio\\\/\",\"name\":\"Diario Textual\",\"description\":\"\",\"publisher\":{\"@id\":\"https:\\\/\\\/diariotextual.com\\\/inicio\\\/#organization\"},\"potentialAction\":[{\"@type\":\"SearchAction\",\"target\":{\"@type\":\"EntryPoint\",\"urlTemplate\":\"https:\\\/\\\/diariotextual.com\\\/inicio\\\/?s={search_term_string}\"},\"query-input\":{\"@type\":\"PropertyValueSpecification\",\"valueRequired\":true,\"valueName\":\"search_term_string\"}}],\"inLanguage\":\"es\"},{\"@type\":\"Organization\",\"@id\":\"https:\\\/\\\/diariotextual.com\\\/inicio\\\/#organization\",\"name\":\"Diario Textual\",\"url\":\"https:\\\/\\\/diariotextual.com\\\/inicio\\\/\",\"logo\":{\"@type\":\"ImageObject\",\"inLanguage\":\"es\",\"@id\":\"https:\\\/\\\/diariotextual.com\\\/inicio\\\/#\\\/schema\\\/logo\\\/image\\\/\",\"url\":\"https:\\\/\\\/diariotextual.com\\\/inicio\\\/wp-content\\\/uploads\\\/2023\\\/05\\\/logotextual1.jpg\",\"contentUrl\":\"https:\\\/\\\/diariotextual.com\\\/inicio\\\/wp-content\\\/uploads\\\/2023\\\/05\\\/logotextual1.jpg\",\"width\":516,\"height\":76,\"caption\":\"Diario Textual\"},\"image\":{\"@id\":\"https:\\\/\\\/diariotextual.com\\\/inicio\\\/#\\\/schema\\\/logo\\\/image\\\/\"},\"sameAs\":[\"https:\\\/\\\/www.facebook.com\\\/eltextual\",\"https:\\\/\\\/x.com\\\/eltextual\",\"http:\\\/\\\/www.instagram.com\\\/eltextual\"]},{\"@type\":\"Person\",\"@id\":\"https:\\\/\\\/diariotextual.com\\\/inicio\\\/#\\\/schema\\\/person\\\/418fc4093c33e86ed41562db3508f958\",\"name\":\"Diario1 Diario1\",\"image\":{\"@type\":\"ImageObject\",\"inLanguage\":\"es\",\"@id\":\"https:\\\/\\\/secure.gravatar.com\\\/avatar\\\/9167d280179c85bc18be67aa7eda765854300033af4896dd779b608640f2ef7a?s=96&d=mm&r=g\",\"url\":\"https:\\\/\\\/secure.gravatar.com\\\/avatar\\\/9167d280179c85bc18be67aa7eda765854300033af4896dd779b608640f2ef7a?s=96&d=mm&r=g\",\"contentUrl\":\"https:\\\/\\\/secure.gravatar.com\\\/avatar\\\/9167d280179c85bc18be67aa7eda765854300033af4896dd779b608640f2ef7a?s=96&d=mm&r=g\",\"caption\":\"Diario1 Diario1\"},\"url\":\"https:\\\/\\\/diariotextual.com\\\/inicio\\\/index.php\\\/author\\\/diario1\\\/\"}]}<\/script>\n<!-- \/ Yoast SEO plugin. -->","yoast_head_json":{"title":"Un petisero fue denunciado por sus propios padres y lo condenaron a 8 a\u00f1os por violaci\u00f3n - Diario Textual","robots":{"index":"index","follow":"follow","max-snippet":"max-snippet:-1","max-image-preview":"max-image-preview:large","max-video-preview":"max-video-preview:-1"},"canonical":"https:\/\/diariotextual.com\/inicio\/index.php\/2019\/09\/16\/petisero-fue-denunciado-propios-padres-lo-condenaron-8-anos-violacion\/","og_locale":"es_ES","og_type":"article","og_title":"Un petisero fue denunciado por sus propios padres y lo condenaron a 8 a\u00f1os por violaci\u00f3n - Diario Textual","og_description":"El Tribunal de Impugnaci\u00f3n Penal (TIP) confirm\u00f3 hoy la condena contra un petisero a ocho a\u00f1os de prisi\u00f3n por la violaci\u00f3n reiterada a una pareja suya. Uno de los datos&hellip;","og_url":"https:\/\/diariotextual.com\/inicio\/index.php\/2019\/09\/16\/petisero-fue-denunciado-propios-padres-lo-condenaron-8-anos-violacion\/","og_site_name":"Diario Textual","article_publisher":"https:\/\/www.facebook.com\/eltextual","article_published_time":"2019-09-16T15:44:42+00:00","article_modified_time":"2019-09-17T13:28:09+00:00","og_image":[{"width":580,"height":350,"url":"https:\/\/diariotextual.com\/inicio\/wp-content\/uploads\/2018\/11\/niunamenos9121111.jpg","type":"image\/jpeg"}],"author":"Diario1 Diario1","twitter_card":"summary_large_image","twitter_creator":"@eltextual","twitter_site":"@eltextual","twitter_misc":{"Escrito por":"Diario1 Diario1","Tiempo de lectura":"4 minutos"},"schema":{"@context":"https:\/\/schema.org","@graph":[{"@type":"Article","@id":"https:\/\/diariotextual.com\/inicio\/index.php\/2019\/09\/16\/petisero-fue-denunciado-propios-padres-lo-condenaron-8-anos-violacion\/#article","isPartOf":{"@id":"https:\/\/diariotextual.com\/inicio\/index.php\/2019\/09\/16\/petisero-fue-denunciado-propios-padres-lo-condenaron-8-anos-violacion\/"},"author":{"name":"Diario1 Diario1","@id":"https:\/\/diariotextual.com\/inicio\/#\/schema\/person\/418fc4093c33e86ed41562db3508f958"},"headline":"Un petisero fue denunciado por sus propios padres y lo condenaron a 8 a\u00f1os por violaci\u00f3n","datePublished":"2019-09-16T15:44:42+00:00","dateModified":"2019-09-17T13:28:09+00:00","mainEntityOfPage":{"@id":"https:\/\/diariotextual.com\/inicio\/index.php\/2019\/09\/16\/petisero-fue-denunciado-propios-padres-lo-condenaron-8-anos-violacion\/"},"wordCount":851,"publisher":{"@id":"https:\/\/diariotextual.com\/inicio\/#organization"},"image":{"@id":"https:\/\/diariotextual.com\/inicio\/index.php\/2019\/09\/16\/petisero-fue-denunciado-propios-padres-lo-condenaron-8-anos-violacion\/#primaryimage"},"thumbnailUrl":"https:\/\/diariotextual.com\/inicio\/wp-content\/uploads\/2018\/11\/niunamenos9121111.jpg","articleSection":["A - TEMPORALES","SOCIEDAD"],"inLanguage":"es"},{"@type":"WebPage","@id":"https:\/\/diariotextual.com\/inicio\/index.php\/2019\/09\/16\/petisero-fue-denunciado-propios-padres-lo-condenaron-8-anos-violacion\/","url":"https:\/\/diariotextual.com\/inicio\/index.php\/2019\/09\/16\/petisero-fue-denunciado-propios-padres-lo-condenaron-8-anos-violacion\/","name":"Un petisero fue denunciado por sus propios padres y lo condenaron a 8 a\u00f1os por violaci\u00f3n - Diario Textual","isPartOf":{"@id":"https:\/\/diariotextual.com\/inicio\/#website"},"primaryImageOfPage":{"@id":"https:\/\/diariotextual.com\/inicio\/index.php\/2019\/09\/16\/petisero-fue-denunciado-propios-padres-lo-condenaron-8-anos-violacion\/#primaryimage"},"image":{"@id":"https:\/\/diariotextual.com\/inicio\/index.php\/2019\/09\/16\/petisero-fue-denunciado-propios-padres-lo-condenaron-8-anos-violacion\/#primaryimage"},"thumbnailUrl":"https:\/\/diariotextual.com\/inicio\/wp-content\/uploads\/2018\/11\/niunamenos9121111.jpg","datePublished":"2019-09-16T15:44:42+00:00","dateModified":"2019-09-17T13:28:09+00:00","breadcrumb":{"@id":"https:\/\/diariotextual.com\/inicio\/index.php\/2019\/09\/16\/petisero-fue-denunciado-propios-padres-lo-condenaron-8-anos-violacion\/#breadcrumb"},"inLanguage":"es","potentialAction":[{"@type":"ReadAction","target":["https:\/\/diariotextual.com\/inicio\/index.php\/2019\/09\/16\/petisero-fue-denunciado-propios-padres-lo-condenaron-8-anos-violacion\/"]}]},{"@type":"ImageObject","inLanguage":"es","@id":"https:\/\/diariotextual.com\/inicio\/index.php\/2019\/09\/16\/petisero-fue-denunciado-propios-padres-lo-condenaron-8-anos-violacion\/#primaryimage","url":"https:\/\/diariotextual.com\/inicio\/wp-content\/uploads\/2018\/11\/niunamenos9121111.jpg","contentUrl":"https:\/\/diariotextual.com\/inicio\/wp-content\/uploads\/2018\/11\/niunamenos9121111.jpg","width":580,"height":350},{"@type":"BreadcrumbList","@id":"https:\/\/diariotextual.com\/inicio\/index.php\/2019\/09\/16\/petisero-fue-denunciado-propios-padres-lo-condenaron-8-anos-violacion\/#breadcrumb","itemListElement":[{"@type":"ListItem","position":1,"name":"Portada","item":"https:\/\/diariotextual.com\/inicio\/"},{"@type":"ListItem","position":2,"name":"Un petisero fue denunciado por sus propios padres y lo condenaron a 8 a\u00f1os por violaci\u00f3n"}]},{"@type":"WebSite","@id":"https:\/\/diariotextual.com\/inicio\/#website","url":"https:\/\/diariotextual.com\/inicio\/","name":"Diario Textual","description":"","publisher":{"@id":"https:\/\/diariotextual.com\/inicio\/#organization"},"potentialAction":[{"@type":"SearchAction","target":{"@type":"EntryPoint","urlTemplate":"https:\/\/diariotextual.com\/inicio\/?s={search_term_string}"},"query-input":{"@type":"PropertyValueSpecification","valueRequired":true,"valueName":"search_term_string"}}],"inLanguage":"es"},{"@type":"Organization","@id":"https:\/\/diariotextual.com\/inicio\/#organization","name":"Diario Textual","url":"https:\/\/diariotextual.com\/inicio\/","logo":{"@type":"ImageObject","inLanguage":"es","@id":"https:\/\/diariotextual.com\/inicio\/#\/schema\/logo\/image\/","url":"https:\/\/diariotextual.com\/inicio\/wp-content\/uploads\/2023\/05\/logotextual1.jpg","contentUrl":"https:\/\/diariotextual.com\/inicio\/wp-content\/uploads\/2023\/05\/logotextual1.jpg","width":516,"height":76,"caption":"Diario Textual"},"image":{"@id":"https:\/\/diariotextual.com\/inicio\/#\/schema\/logo\/image\/"},"sameAs":["https:\/\/www.facebook.com\/eltextual","https:\/\/x.com\/eltextual","http:\/\/www.instagram.com\/eltextual"]},{"@type":"Person","@id":"https:\/\/diariotextual.com\/inicio\/#\/schema\/person\/418fc4093c33e86ed41562db3508f958","name":"Diario1 Diario1","image":{"@type":"ImageObject","inLanguage":"es","@id":"https:\/\/secure.gravatar.com\/avatar\/9167d280179c85bc18be67aa7eda765854300033af4896dd779b608640f2ef7a?s=96&d=mm&r=g","url":"https:\/\/secure.gravatar.com\/avatar\/9167d280179c85bc18be67aa7eda765854300033af4896dd779b608640f2ef7a?s=96&d=mm&r=g","contentUrl":"https:\/\/secure.gravatar.com\/avatar\/9167d280179c85bc18be67aa7eda765854300033af4896dd779b608640f2ef7a?s=96&d=mm&r=g","caption":"Diario1 Diario1"},"url":"https:\/\/diariotextual.com\/inicio\/index.php\/author\/diario1\/"}]}},"_links":{"self":[{"href":"https:\/\/diariotextual.com\/inicio\/index.php\/wp-json\/wp\/v2\/posts\/62796","targetHints":{"allow":["GET"]}}],"collection":[{"href":"https:\/\/diariotextual.com\/inicio\/index.php\/wp-json\/wp\/v2\/posts"}],"about":[{"href":"https:\/\/diariotextual.com\/inicio\/index.php\/wp-json\/wp\/v2\/types\/post"}],"author":[{"embeddable":true,"href":"https:\/\/diariotextual.com\/inicio\/index.php\/wp-json\/wp\/v2\/users\/3"}],"replies":[{"embeddable":true,"href":"https:\/\/diariotextual.com\/inicio\/index.php\/wp-json\/wp\/v2\/comments?post=62796"}],"version-history":[{"count":2,"href":"https:\/\/diariotextual.com\/inicio\/index.php\/wp-json\/wp\/v2\/posts\/62796\/revisions"}],"predecessor-version":[{"id":62798,"href":"https:\/\/diariotextual.com\/inicio\/index.php\/wp-json\/wp\/v2\/posts\/62796\/revisions\/62798"}],"wp:featuredmedia":[{"embeddable":true,"href":"https:\/\/diariotextual.com\/inicio\/index.php\/wp-json\/wp\/v2\/media\/26851"}],"wp:attachment":[{"href":"https:\/\/diariotextual.com\/inicio\/index.php\/wp-json\/wp\/v2\/media?parent=62796"}],"wp:term":[{"taxonomy":"category","embeddable":true,"href":"https:\/\/diariotextual.com\/inicio\/index.php\/wp-json\/wp\/v2\/categories?post=62796"},{"taxonomy":"post_tag","embeddable":true,"href":"https:\/\/diariotextual.com\/inicio\/index.php\/wp-json\/wp\/v2\/tags?post=62796"}],"curies":[{"name":"wp","href":"https:\/\/api.w.org\/{rel}","templated":true}]}}