{"id":62816,"date":"2019-09-16T15:49:54","date_gmt":"2019-09-16T18:49:54","guid":{"rendered":"http:\/\/diariotextual.com\/inicio\/?p=62816"},"modified":"2019-09-16T20:35:51","modified_gmt":"2019-09-16T23:35:51","slug":"los-resultados-estos-anos-inferiores-los-pensabamos","status":"publish","type":"post","link":"https:\/\/diariotextual.com\/inicio\/index.php\/2019\/09\/16\/los-resultados-estos-anos-inferiores-los-pensabamos\/","title":{"rendered":"\u201cLos resultados de estos a\u00f1os han sido inferiores a los que pens\u00e1bamos\u201d"},"content":{"rendered":"<p>El ministro de Hacienda, Hern\u00e1n Lacunza, presenta el proyecto de ley de Presupuesto 2020 en la C\u00e1mara de Diputados, aunque la iniciativa no se tratar\u00e1 hasta despu\u00e9s de las elecciones del 27 de octubre.<\/p>\n<p><!--more--><\/p>\n<p>\u201cLos <strong>resultados de estos a\u00f1os han sido inferiores a los que pens\u00e1bamos<\/strong>\u201d, arranc\u00f3 Lacunza con una confesi\u00f3n sobre los cuatro a\u00f1os de Gobierno de Mauricio Macri.<\/p>\n<p>Y atribuy\u00f3 esto a <strong>\u00abuna combinaci\u00f3n de herencia, descoordinaciones y factores externos (sequ\u00eda y corte del financiamiento a los mercados emergentes)<\/strong>\u00ab.<\/p>\n<p>Lacunza expone los puntos principales del presupuesto nacional ante los diputados en el Sal\u00f3n Delia Parodi, aunque algunos de los \u00edtems ya fueron dados a conocer por el Ministerio de Hacienda.<\/p>\n<p>&nbsp;<\/p>\n<p><strong>N\u00fameros<\/strong><\/p>\n<p>El proyecto prev\u00e9 para <strong>el 2020 un d\u00f3lar a $67 en promedio que llegar\u00eda a $75 para fines de 2020, un crecimiento de la econom\u00eda del 1% y un nivel de inflaci\u00f3n del 34%, mientras que no contempla la refinanciaci\u00f3n de la deuda<\/strong> ya que la deber\u00e1 decidir el Parlamento.<\/p>\n<p>Seg\u00fan fuentes del Palacio de Hacienda, el Presupuesto 2020 mantendr\u00eda la meta de super\u00e1vit fiscal primario del 1% del PBI, un resultado financiero del 2,5% y un crecimiento econ\u00f3mico del 1% tras una ca\u00edda estimada para este a\u00f1o del 2,6%.<\/p>\n<p>El Gobierno redujo as\u00ed las estimaciones de crecimiento del 3,5% proyectada al enviar, a mediados de a\u00f1o, el adelanto presupuestario. Se estima que los recursos totales crecer\u00edan un 47% y las erogaciones un 36%.<\/p>\n<p>Lacunza presentar\u00e1 oficialmente el Presupuesto en la C\u00e1mara de Diputados para cumplir con la Ley de Administraci\u00f3n Financiera, que establece obliga al Ejecutivo a ingresar el proyecto el 15 de septiembre o el primer d\u00eda h\u00e1bil posterior en esa c\u00e1mara, pero el debate tendr\u00e1 que esperar.<\/p>\n<p>&nbsp;<\/p>\n<p><strong>Post elecciones<\/strong><\/p>\n<p>Tanto el oficialismo como la oposici\u00f3n afirmaron que el tratamiento en la Comisi\u00f3n de Presupuesto y Hacienda y el <strong>posterior debate en el recinto no se llevar\u00e1 a cabo hasta que concluya el proceso electoral.<\/strong><\/p>\n<p>En la \u00faltima sesi\u00f3n de la C\u00e1mara baja el jefe del interbloque de Cambiemos, Mario Negri, confirm\u00f3 que la iniciativa se tratar\u00e1 \u00abdespu\u00e9s de las elecciones, como se hizo en 2017\u00bb, cuando el Congreso esper\u00f3 a que finalizaran los comicios legislativos.<\/p>\n<p>En la bancada del Frente para la Victoria indicaron por su parte que el tratamiento comenzar\u00e1, m\u00e1s precisamente, despu\u00e9s del 10 de diciembre, fecha en la que asumir\u00e1n los nuevos legisladores nacionales y, seg\u00fan conf\u00edan en ese espacio, un nuevo gobierno encabezado por Alberto Fern\u00e1ndez.<\/p>\n","protected":false},"excerpt":{"rendered":"<p>El ministro de Hacienda, Hern\u00e1n Lacunza, presenta el proyecto de ley de Presupuesto 2020 en la C\u00e1mara de Diputados, aunque la iniciativa no se tratar\u00e1 hasta despu\u00e9s de las elecciones&hellip;<\/p>\n","protected":false},"author":5,"featured_media":62817,"comment_status":"closed","ping_status":"open","sticky":false,"template":"","format":"standard","meta":{"_acf_changed":false,"footnotes":""},"categories":[11,5],"tags":[],"class_list":["post-62816","post","type-post","status-publish","format-standard","has-post-thumbnail","hentry","category-que-pasa","category-economia"],"acf":[],"yoast_head":"<!-- This site is optimized with the Yoast SEO plugin v27.5 - https:\/\/yoast.com\/product\/yoast-seo-wordpress\/ -->\n<title>\u201cLos resultados de estos a\u00f1os han sido inferiores a los que pens\u00e1bamos\u201d - Diario Textual<\/title>\n<meta name=\"robots\" content=\"index, follow, max-snippet:-1, max-image-preview:large, max-video-preview:-1\" \/>\n<link rel=\"canonical\" href=\"https:\/\/diariotextual.com\/inicio\/index.php\/2019\/09\/16\/los-resultados-estos-anos-inferiores-los-pensabamos\/\" \/>\n<meta property=\"og:locale\" content=\"es_ES\" \/>\n<meta property=\"og:type\" content=\"article\" \/>\n<meta property=\"og:title\" content=\"\u201cLos resultados de estos a\u00f1os han sido inferiores a los que pens\u00e1bamos\u201d - Diario Textual\" \/>\n<meta property=\"og:description\" content=\"El ministro de Hacienda, Hern\u00e1n Lacunza, presenta el proyecto de ley de Presupuesto 2020 en la C\u00e1mara de Diputados, aunque la iniciativa no se tratar\u00e1 hasta despu\u00e9s de las elecciones&hellip;\" \/>\n<meta property=\"og:url\" content=\"https:\/\/diariotextual.com\/inicio\/index.php\/2019\/09\/16\/los-resultados-estos-anos-inferiores-los-pensabamos\/\" \/>\n<meta property=\"og:site_name\" content=\"Diario Textual\" \/>\n<meta property=\"article:publisher\" content=\"https:\/\/www.facebook.com\/eltextual\" \/>\n<meta property=\"article:published_time\" content=\"2019-09-16T18:49:54+00:00\" \/>\n<meta property=\"article:modified_time\" content=\"2019-09-16T23:35:51+00:00\" \/>\n<meta property=\"og:image\" content=\"https:\/\/diariotextual.com\/inicio\/wp-content\/uploads\/2019\/09\/lacunzadefrente.jpg\" \/>\n\t<meta property=\"og:image:width\" content=\"700\" \/>\n\t<meta property=\"og:image:height\" content=\"415\" \/>\n\t<meta property=\"og:image:type\" content=\"image\/jpeg\" \/>\n<meta name=\"author\" content=\"diario3\" \/>\n<meta name=\"twitter:card\" content=\"summary_large_image\" \/>\n<meta name=\"twitter:creator\" content=\"@eltextual\" \/>\n<meta name=\"twitter:site\" content=\"@eltextual\" \/>\n<meta name=\"twitter:label1\" content=\"Escrito por\" \/>\n\t<meta name=\"twitter:data1\" content=\"diario3\" \/>\n\t<meta name=\"twitter:label2\" content=\"Tiempo de lectura\" \/>\n\t<meta name=\"twitter:data2\" content=\"2 minutos\" \/>\n<script type=\"application\/ld+json\" class=\"yoast-schema-graph\">{\"@context\":\"https:\\\/\\\/schema.org\",\"@graph\":[{\"@type\":\"Article\",\"@id\":\"https:\\\/\\\/diariotextual.com\\\/inicio\\\/index.php\\\/2019\\\/09\\\/16\\\/los-resultados-estos-anos-inferiores-los-pensabamos\\\/#article\",\"isPartOf\":{\"@id\":\"https:\\\/\\\/diariotextual.com\\\/inicio\\\/index.php\\\/2019\\\/09\\\/16\\\/los-resultados-estos-anos-inferiores-los-pensabamos\\\/\"},\"author\":{\"name\":\"diario3\",\"@id\":\"https:\\\/\\\/diariotextual.com\\\/inicio\\\/#\\\/schema\\\/person\\\/a1b6f563e0ee944c60f98119389a4d9f\"},\"headline\":\"\u201cLos resultados de estos a\u00f1os han sido inferiores a los que pens\u00e1bamos\u201d\",\"datePublished\":\"2019-09-16T18:49:54+00:00\",\"dateModified\":\"2019-09-16T23:35:51+00:00\",\"mainEntityOfPage\":{\"@id\":\"https:\\\/\\\/diariotextual.com\\\/inicio\\\/index.php\\\/2019\\\/09\\\/16\\\/los-resultados-estos-anos-inferiores-los-pensabamos\\\/\"},\"wordCount\":443,\"publisher\":{\"@id\":\"https:\\\/\\\/diariotextual.com\\\/inicio\\\/#organization\"},\"image\":{\"@id\":\"https:\\\/\\\/diariotextual.com\\\/inicio\\\/index.php\\\/2019\\\/09\\\/16\\\/los-resultados-estos-anos-inferiores-los-pensabamos\\\/#primaryimage\"},\"thumbnailUrl\":\"https:\\\/\\\/diariotextual.com\\\/inicio\\\/wp-content\\\/uploads\\\/2019\\\/09\\\/lacunzadefrente.jpg\",\"articleSection\":[\"A - QUE PASA (al costado)\",\"ECONOMIA\"],\"inLanguage\":\"es\"},{\"@type\":\"WebPage\",\"@id\":\"https:\\\/\\\/diariotextual.com\\\/inicio\\\/index.php\\\/2019\\\/09\\\/16\\\/los-resultados-estos-anos-inferiores-los-pensabamos\\\/\",\"url\":\"https:\\\/\\\/diariotextual.com\\\/inicio\\\/index.php\\\/2019\\\/09\\\/16\\\/los-resultados-estos-anos-inferiores-los-pensabamos\\\/\",\"name\":\"\u201cLos resultados de estos a\u00f1os han sido inferiores a los que pens\u00e1bamos\u201d - Diario Textual\",\"isPartOf\":{\"@id\":\"https:\\\/\\\/diariotextual.com\\\/inicio\\\/#website\"},\"primaryImageOfPage\":{\"@id\":\"https:\\\/\\\/diariotextual.com\\\/inicio\\\/index.php\\\/2019\\\/09\\\/16\\\/los-resultados-estos-anos-inferiores-los-pensabamos\\\/#primaryimage\"},\"image\":{\"@id\":\"https:\\\/\\\/diariotextual.com\\\/inicio\\\/index.php\\\/2019\\\/09\\\/16\\\/los-resultados-estos-anos-inferiores-los-pensabamos\\\/#primaryimage\"},\"thumbnailUrl\":\"https:\\\/\\\/diariotextual.com\\\/inicio\\\/wp-content\\\/uploads\\\/2019\\\/09\\\/lacunzadefrente.jpg\",\"datePublished\":\"2019-09-16T18:49:54+00:00\",\"dateModified\":\"2019-09-16T23:35:51+00:00\",\"breadcrumb\":{\"@id\":\"https:\\\/\\\/diariotextual.com\\\/inicio\\\/index.php\\\/2019\\\/09\\\/16\\\/los-resultados-estos-anos-inferiores-los-pensabamos\\\/#breadcrumb\"},\"inLanguage\":\"es\",\"potentialAction\":[{\"@type\":\"ReadAction\",\"target\":[\"https:\\\/\\\/diariotextual.com\\\/inicio\\\/index.php\\\/2019\\\/09\\\/16\\\/los-resultados-estos-anos-inferiores-los-pensabamos\\\/\"]}]},{\"@type\":\"ImageObject\",\"inLanguage\":\"es\",\"@id\":\"https:\\\/\\\/diariotextual.com\\\/inicio\\\/index.php\\\/2019\\\/09\\\/16\\\/los-resultados-estos-anos-inferiores-los-pensabamos\\\/#primaryimage\",\"url\":\"https:\\\/\\\/diariotextual.com\\\/inicio\\\/wp-content\\\/uploads\\\/2019\\\/09\\\/lacunzadefrente.jpg\",\"contentUrl\":\"https:\\\/\\\/diariotextual.com\\\/inicio\\\/wp-content\\\/uploads\\\/2019\\\/09\\\/lacunzadefrente.jpg\",\"width\":700,\"height\":415},{\"@type\":\"BreadcrumbList\",\"@id\":\"https:\\\/\\\/diariotextual.com\\\/inicio\\\/index.php\\\/2019\\\/09\\\/16\\\/los-resultados-estos-anos-inferiores-los-pensabamos\\\/#breadcrumb\",\"itemListElement\":[{\"@type\":\"ListItem\",\"position\":1,\"name\":\"Portada\",\"item\":\"https:\\\/\\\/diariotextual.com\\\/inicio\\\/\"},{\"@type\":\"ListItem\",\"position\":2,\"name\":\"\u201cLos resultados de estos a\u00f1os han sido inferiores a los que pens\u00e1bamos\u201d\"}]},{\"@type\":\"WebSite\",\"@id\":\"https:\\\/\\\/diariotextual.com\\\/inicio\\\/#website\",\"url\":\"https:\\\/\\\/diariotextual.com\\\/inicio\\\/\",\"name\":\"Diario Textual\",\"description\":\"\",\"publisher\":{\"@id\":\"https:\\\/\\\/diariotextual.com\\\/inicio\\\/#organization\"},\"potentialAction\":[{\"@type\":\"SearchAction\",\"target\":{\"@type\":\"EntryPoint\",\"urlTemplate\":\"https:\\\/\\\/diariotextual.com\\\/inicio\\\/?s={search_term_string}\"},\"query-input\":{\"@type\":\"PropertyValueSpecification\",\"valueRequired\":true,\"valueName\":\"search_term_string\"}}],\"inLanguage\":\"es\"},{\"@type\":\"Organization\",\"@id\":\"https:\\\/\\\/diariotextual.com\\\/inicio\\\/#organization\",\"name\":\"Diario Textual\",\"url\":\"https:\\\/\\\/diariotextual.com\\\/inicio\\\/\",\"logo\":{\"@type\":\"ImageObject\",\"inLanguage\":\"es\",\"@id\":\"https:\\\/\\\/diariotextual.com\\\/inicio\\\/#\\\/schema\\\/logo\\\/image\\\/\",\"url\":\"https:\\\/\\\/diariotextual.com\\\/inicio\\\/wp-content\\\/uploads\\\/2023\\\/05\\\/logotextual1.jpg\",\"contentUrl\":\"https:\\\/\\\/diariotextual.com\\\/inicio\\\/wp-content\\\/uploads\\\/2023\\\/05\\\/logotextual1.jpg\",\"width\":516,\"height\":76,\"caption\":\"Diario Textual\"},\"image\":{\"@id\":\"https:\\\/\\\/diariotextual.com\\\/inicio\\\/#\\\/schema\\\/logo\\\/image\\\/\"},\"sameAs\":[\"https:\\\/\\\/www.facebook.com\\\/eltextual\",\"https:\\\/\\\/x.com\\\/eltextual\",\"http:\\\/\\\/www.instagram.com\\\/eltextual\"]},{\"@type\":\"Person\",\"@id\":\"https:\\\/\\\/diariotextual.com\\\/inicio\\\/#\\\/schema\\\/person\\\/a1b6f563e0ee944c60f98119389a4d9f\",\"name\":\"diario3\",\"image\":{\"@type\":\"ImageObject\",\"inLanguage\":\"es\",\"@id\":\"https:\\\/\\\/secure.gravatar.com\\\/avatar\\\/5e7ee62c82fc04d9dd79d746a390d93c69c43223e5faeeb3ea9461ef752bfc5d?s=96&d=mm&r=g\",\"url\":\"https:\\\/\\\/secure.gravatar.com\\\/avatar\\\/5e7ee62c82fc04d9dd79d746a390d93c69c43223e5faeeb3ea9461ef752bfc5d?s=96&d=mm&r=g\",\"contentUrl\":\"https:\\\/\\\/secure.gravatar.com\\\/avatar\\\/5e7ee62c82fc04d9dd79d746a390d93c69c43223e5faeeb3ea9461ef752bfc5d?s=96&d=mm&r=g\",\"caption\":\"diario3\"},\"url\":\"https:\\\/\\\/diariotextual.com\\\/inicio\\\/index.php\\\/author\\\/diario3\\\/\"}]}<\/script>\n<!-- \/ Yoast SEO plugin. -->","yoast_head_json":{"title":"\u201cLos resultados de estos a\u00f1os han sido inferiores a los que pens\u00e1bamos\u201d - Diario Textual","robots":{"index":"index","follow":"follow","max-snippet":"max-snippet:-1","max-image-preview":"max-image-preview:large","max-video-preview":"max-video-preview:-1"},"canonical":"https:\/\/diariotextual.com\/inicio\/index.php\/2019\/09\/16\/los-resultados-estos-anos-inferiores-los-pensabamos\/","og_locale":"es_ES","og_type":"article","og_title":"\u201cLos resultados de estos a\u00f1os han sido inferiores a los que pens\u00e1bamos\u201d - Diario Textual","og_description":"El ministro de Hacienda, Hern\u00e1n Lacunza, presenta el proyecto de ley de Presupuesto 2020 en la C\u00e1mara de Diputados, aunque la iniciativa no se tratar\u00e1 hasta despu\u00e9s de las elecciones&hellip;","og_url":"https:\/\/diariotextual.com\/inicio\/index.php\/2019\/09\/16\/los-resultados-estos-anos-inferiores-los-pensabamos\/","og_site_name":"Diario Textual","article_publisher":"https:\/\/www.facebook.com\/eltextual","article_published_time":"2019-09-16T18:49:54+00:00","article_modified_time":"2019-09-16T23:35:51+00:00","og_image":[{"width":700,"height":415,"url":"https:\/\/diariotextual.com\/inicio\/wp-content\/uploads\/2019\/09\/lacunzadefrente.jpg","type":"image\/jpeg"}],"author":"diario3","twitter_card":"summary_large_image","twitter_creator":"@eltextual","twitter_site":"@eltextual","twitter_misc":{"Escrito por":"diario3","Tiempo de lectura":"2 minutos"},"schema":{"@context":"https:\/\/schema.org","@graph":[{"@type":"Article","@id":"https:\/\/diariotextual.com\/inicio\/index.php\/2019\/09\/16\/los-resultados-estos-anos-inferiores-los-pensabamos\/#article","isPartOf":{"@id":"https:\/\/diariotextual.com\/inicio\/index.php\/2019\/09\/16\/los-resultados-estos-anos-inferiores-los-pensabamos\/"},"author":{"name":"diario3","@id":"https:\/\/diariotextual.com\/inicio\/#\/schema\/person\/a1b6f563e0ee944c60f98119389a4d9f"},"headline":"\u201cLos resultados de estos a\u00f1os han sido inferiores a los que pens\u00e1bamos\u201d","datePublished":"2019-09-16T18:49:54+00:00","dateModified":"2019-09-16T23:35:51+00:00","mainEntityOfPage":{"@id":"https:\/\/diariotextual.com\/inicio\/index.php\/2019\/09\/16\/los-resultados-estos-anos-inferiores-los-pensabamos\/"},"wordCount":443,"publisher":{"@id":"https:\/\/diariotextual.com\/inicio\/#organization"},"image":{"@id":"https:\/\/diariotextual.com\/inicio\/index.php\/2019\/09\/16\/los-resultados-estos-anos-inferiores-los-pensabamos\/#primaryimage"},"thumbnailUrl":"https:\/\/diariotextual.com\/inicio\/wp-content\/uploads\/2019\/09\/lacunzadefrente.jpg","articleSection":["A - QUE PASA (al costado)","ECONOMIA"],"inLanguage":"es"},{"@type":"WebPage","@id":"https:\/\/diariotextual.com\/inicio\/index.php\/2019\/09\/16\/los-resultados-estos-anos-inferiores-los-pensabamos\/","url":"https:\/\/diariotextual.com\/inicio\/index.php\/2019\/09\/16\/los-resultados-estos-anos-inferiores-los-pensabamos\/","name":"\u201cLos resultados de estos a\u00f1os han sido inferiores a los que pens\u00e1bamos\u201d - Diario Textual","isPartOf":{"@id":"https:\/\/diariotextual.com\/inicio\/#website"},"primaryImageOfPage":{"@id":"https:\/\/diariotextual.com\/inicio\/index.php\/2019\/09\/16\/los-resultados-estos-anos-inferiores-los-pensabamos\/#primaryimage"},"image":{"@id":"https:\/\/diariotextual.com\/inicio\/index.php\/2019\/09\/16\/los-resultados-estos-anos-inferiores-los-pensabamos\/#primaryimage"},"thumbnailUrl":"https:\/\/diariotextual.com\/inicio\/wp-content\/uploads\/2019\/09\/lacunzadefrente.jpg","datePublished":"2019-09-16T18:49:54+00:00","dateModified":"2019-09-16T23:35:51+00:00","breadcrumb":{"@id":"https:\/\/diariotextual.com\/inicio\/index.php\/2019\/09\/16\/los-resultados-estos-anos-inferiores-los-pensabamos\/#breadcrumb"},"inLanguage":"es","potentialAction":[{"@type":"ReadAction","target":["https:\/\/diariotextual.com\/inicio\/index.php\/2019\/09\/16\/los-resultados-estos-anos-inferiores-los-pensabamos\/"]}]},{"@type":"ImageObject","inLanguage":"es","@id":"https:\/\/diariotextual.com\/inicio\/index.php\/2019\/09\/16\/los-resultados-estos-anos-inferiores-los-pensabamos\/#primaryimage","url":"https:\/\/diariotextual.com\/inicio\/wp-content\/uploads\/2019\/09\/lacunzadefrente.jpg","contentUrl":"https:\/\/diariotextual.com\/inicio\/wp-content\/uploads\/2019\/09\/lacunzadefrente.jpg","width":700,"height":415},{"@type":"BreadcrumbList","@id":"https:\/\/diariotextual.com\/inicio\/index.php\/2019\/09\/16\/los-resultados-estos-anos-inferiores-los-pensabamos\/#breadcrumb","itemListElement":[{"@type":"ListItem","position":1,"name":"Portada","item":"https:\/\/diariotextual.com\/inicio\/"},{"@type":"ListItem","position":2,"name":"\u201cLos resultados de estos a\u00f1os han sido inferiores a los que pens\u00e1bamos\u201d"}]},{"@type":"WebSite","@id":"https:\/\/diariotextual.com\/inicio\/#website","url":"https:\/\/diariotextual.com\/inicio\/","name":"Diario Textual","description":"","publisher":{"@id":"https:\/\/diariotextual.com\/inicio\/#organization"},"potentialAction":[{"@type":"SearchAction","target":{"@type":"EntryPoint","urlTemplate":"https:\/\/diariotextual.com\/inicio\/?s={search_term_string}"},"query-input":{"@type":"PropertyValueSpecification","valueRequired":true,"valueName":"search_term_string"}}],"inLanguage":"es"},{"@type":"Organization","@id":"https:\/\/diariotextual.com\/inicio\/#organization","name":"Diario Textual","url":"https:\/\/diariotextual.com\/inicio\/","logo":{"@type":"ImageObject","inLanguage":"es","@id":"https:\/\/diariotextual.com\/inicio\/#\/schema\/logo\/image\/","url":"https:\/\/diariotextual.com\/inicio\/wp-content\/uploads\/2023\/05\/logotextual1.jpg","contentUrl":"https:\/\/diariotextual.com\/inicio\/wp-content\/uploads\/2023\/05\/logotextual1.jpg","width":516,"height":76,"caption":"Diario Textual"},"image":{"@id":"https:\/\/diariotextual.com\/inicio\/#\/schema\/logo\/image\/"},"sameAs":["https:\/\/www.facebook.com\/eltextual","https:\/\/x.com\/eltextual","http:\/\/www.instagram.com\/eltextual"]},{"@type":"Person","@id":"https:\/\/diariotextual.com\/inicio\/#\/schema\/person\/a1b6f563e0ee944c60f98119389a4d9f","name":"diario3","image":{"@type":"ImageObject","inLanguage":"es","@id":"https:\/\/secure.gravatar.com\/avatar\/5e7ee62c82fc04d9dd79d746a390d93c69c43223e5faeeb3ea9461ef752bfc5d?s=96&d=mm&r=g","url":"https:\/\/secure.gravatar.com\/avatar\/5e7ee62c82fc04d9dd79d746a390d93c69c43223e5faeeb3ea9461ef752bfc5d?s=96&d=mm&r=g","contentUrl":"https:\/\/secure.gravatar.com\/avatar\/5e7ee62c82fc04d9dd79d746a390d93c69c43223e5faeeb3ea9461ef752bfc5d?s=96&d=mm&r=g","caption":"diario3"},"url":"https:\/\/diariotextual.com\/inicio\/index.php\/author\/diario3\/"}]}},"_links":{"self":[{"href":"https:\/\/diariotextual.com\/inicio\/index.php\/wp-json\/wp\/v2\/posts\/62816","targetHints":{"allow":["GET"]}}],"collection":[{"href":"https:\/\/diariotextual.com\/inicio\/index.php\/wp-json\/wp\/v2\/posts"}],"about":[{"href":"https:\/\/diariotextual.com\/inicio\/index.php\/wp-json\/wp\/v2\/types\/post"}],"author":[{"embeddable":true,"href":"https:\/\/diariotextual.com\/inicio\/index.php\/wp-json\/wp\/v2\/users\/5"}],"replies":[{"embeddable":true,"href":"https:\/\/diariotextual.com\/inicio\/index.php\/wp-json\/wp\/v2\/comments?post=62816"}],"version-history":[{"count":1,"href":"https:\/\/diariotextual.com\/inicio\/index.php\/wp-json\/wp\/v2\/posts\/62816\/revisions"}],"predecessor-version":[{"id":62818,"href":"https:\/\/diariotextual.com\/inicio\/index.php\/wp-json\/wp\/v2\/posts\/62816\/revisions\/62818"}],"wp:featuredmedia":[{"embeddable":true,"href":"https:\/\/diariotextual.com\/inicio\/index.php\/wp-json\/wp\/v2\/media\/62817"}],"wp:attachment":[{"href":"https:\/\/diariotextual.com\/inicio\/index.php\/wp-json\/wp\/v2\/media?parent=62816"}],"wp:term":[{"taxonomy":"category","embeddable":true,"href":"https:\/\/diariotextual.com\/inicio\/index.php\/wp-json\/wp\/v2\/categories?post=62816"},{"taxonomy":"post_tag","embeddable":true,"href":"https:\/\/diariotextual.com\/inicio\/index.php\/wp-json\/wp\/v2\/tags?post=62816"}],"curies":[{"name":"wp","href":"https:\/\/api.w.org\/{rel}","templated":true}]}}