{"id":62834,"date":"2019-09-16T20:40:07","date_gmt":"2019-09-16T23:40:07","guid":{"rendered":"http:\/\/diariotextual.com\/inicio\/?p=62834"},"modified":"2019-09-17T09:32:26","modified_gmt":"2019-09-17T12:32:26","slug":"alberto-cfk-cierran-la-campana-nacional-parque-don-tomas","status":"publish","type":"post","link":"https:\/\/diariotextual.com\/inicio\/index.php\/2019\/09\/16\/alberto-cfk-cierran-la-campana-nacional-parque-don-tomas\/","title":{"rendered":"Alberto y CFK cierran la campa\u00f1a nacional en el Parque Don Tom\u00e1s"},"content":{"rendered":"<p>El cierre de la <strong>campa\u00f1a nacional<\/strong> del <strong>Frente de Todos<\/strong>, con la f\u00f3rmula presidencial <strong>Alberto Fern\u00e1ndez<\/strong> y<strong> Cristina Fern\u00e1ndez<\/strong>, ser\u00e1 en<strong> Santa Rosa<\/strong> el 17 de octubre, en el <strong>D\u00eda de la Lealtad Peronista<\/strong>. Se espera un acto masivo, que se desarrollar\u00e1 en el<strong> Parque Don Tom\u00e1s<\/strong>, con militantes y simpatizantes de toda la provincia, de la ciudad de Buenos Aires y provincias vecinas. Incluso <strong>se aguarda la presencia de unos 10 gobernadores del peronismo y unos 200 intendentes<\/strong>.<\/p>\n<p><strong>Jos\u00e9 P\u00e9rez<\/strong>, subsecretario de Medios de La Pampa, confirm\u00f3 a<strong> Diario Textual<\/strong> que<strong> el acto \u00abcasi con seguridad\u00bb se har\u00e1 en el predio de la laguna<\/strong>. \u00abSe hab\u00eda hablado del Aut\u00f3dromo Provincia, en Toay, pero est\u00e1 totalmente descartado. Se va a hacer, con un 95% de probabilidad, en la laguna. La otra opci\u00f3n, lejana, es el Club Belgrano\u00bb, dijo.<\/p>\n<p>Hace unos d\u00edas se hab\u00eda anunciado que Alberto Fern\u00e1ndez iba a hacer un acto en Pico, a fines de septiembre, y posteriormente se hab\u00eda comunicado que Cristina iba a estar el 17 de octubre en Santa Rosa.<\/p>\n<p>En las \u00faltimas horas, el comando de campa\u00f1a de Todos decidi\u00f3 que los integrantes de la f\u00f3rmula est\u00e9n juntos en La Pampa.<\/p>\n<p>El acto, <strong>en una fecha cargada de simbolismo para el pueblo peronista, es le\u00eddo en Casa de Gobierno como un reconocimiento del PJ nacional a Carlos Verna<\/strong>, el primero de los gobernadores que breg\u00f3 por<strong> la unidad del \u00abcampo popular\u00bb para enfrentar las pol\u00edticas neoliberales de Mauricio Macri<\/strong>\u00a0y que, con el acuerdo y el triunfo en la provincia, <strong>abri\u00f3 las puertas a la conformaci\u00f3n del Frente de Todos<\/strong>.<\/p>\n<p><img fetchpriority=\"high\" decoding=\"async\" class=\"alignnone wp-image-62843 size-full\" src=\"http:\/\/diariotextual.com\/inicio\/wp-content\/uploads\/2019\/09\/albertofernandezcristinafernandez2019-1.jpg\" alt=\"\" width=\"830\" height=\"542\" srcset=\"https:\/\/diariotextual.com\/inicio\/wp-content\/uploads\/2019\/09\/albertofernandezcristinafernandez2019-1.jpg 830w, https:\/\/diariotextual.com\/inicio\/wp-content\/uploads\/2019\/09\/albertofernandezcristinafernandez2019-1-300x196.jpg 300w, https:\/\/diariotextual.com\/inicio\/wp-content\/uploads\/2019\/09\/albertofernandezcristinafernandez2019-1-768x502.jpg 768w, https:\/\/diariotextual.com\/inicio\/wp-content\/uploads\/2019\/09\/albertofernandezcristinafernandez2019-1-585x382.jpg 585w\" sizes=\"(max-width: 830px) 100vw, 830px\" \/><\/p>\n<p>&nbsp;<\/p>\n<p>&nbsp;<\/p>\n<p>&nbsp;<\/p>\n<p>&nbsp;<\/p>\n<p>&nbsp;<\/p>\n","protected":false},"excerpt":{"rendered":"<p>El cierre de la campa\u00f1a nacional del Frente de Todos, con la f\u00f3rmula presidencial Alberto Fern\u00e1ndez y Cristina Fern\u00e1ndez, ser\u00e1 en Santa Rosa el 17 de octubre, en el D\u00eda&hellip;<\/p>\n","protected":false},"author":3,"featured_media":62844,"comment_status":"closed","ping_status":"open","sticky":false,"template":"","format":"standard","meta":{"_acf_changed":false,"footnotes":""},"categories":[319,8],"tags":[],"class_list":["post-62834","post","type-post","status-publish","format-standard","has-post-thumbnail","hentry","category-a-temporales","category-politica"],"acf":[],"yoast_head":"<!-- This site is optimized with the Yoast SEO plugin v27.5 - https:\/\/yoast.com\/product\/yoast-seo-wordpress\/ -->\n<title>Alberto y CFK cierran la campa\u00f1a nacional en el Parque Don Tom\u00e1s - Diario Textual<\/title>\n<meta name=\"robots\" content=\"index, follow, max-snippet:-1, max-image-preview:large, max-video-preview:-1\" \/>\n<link rel=\"canonical\" href=\"https:\/\/diariotextual.com\/inicio\/index.php\/2019\/09\/16\/alberto-cfk-cierran-la-campana-nacional-parque-don-tomas\/\" \/>\n<meta property=\"og:locale\" content=\"es_ES\" \/>\n<meta property=\"og:type\" content=\"article\" \/>\n<meta property=\"og:title\" content=\"Alberto y CFK cierran la campa\u00f1a nacional en el Parque Don Tom\u00e1s - Diario Textual\" \/>\n<meta property=\"og:description\" content=\"El cierre de la campa\u00f1a nacional del Frente de Todos, con la f\u00f3rmula presidencial Alberto Fern\u00e1ndez y Cristina Fern\u00e1ndez, ser\u00e1 en Santa Rosa el 17 de octubre, en el D\u00eda&hellip;\" \/>\n<meta property=\"og:url\" content=\"https:\/\/diariotextual.com\/inicio\/index.php\/2019\/09\/16\/alberto-cfk-cierran-la-campana-nacional-parque-don-tomas\/\" \/>\n<meta property=\"og:site_name\" content=\"Diario Textual\" \/>\n<meta property=\"article:publisher\" content=\"https:\/\/www.facebook.com\/eltextual\" \/>\n<meta property=\"article:published_time\" content=\"2019-09-16T23:40:07+00:00\" \/>\n<meta property=\"article:modified_time\" content=\"2019-09-17T12:32:26+00:00\" \/>\n<meta property=\"og:image\" content=\"https:\/\/diariotextual.com\/inicio\/wp-content\/uploads\/2019\/09\/albertofernandezcristinafernandez2019-2.jpg\" \/>\n\t<meta property=\"og:image:width\" content=\"960\" \/>\n\t<meta property=\"og:image:height\" content=\"640\" \/>\n\t<meta property=\"og:image:type\" content=\"image\/jpeg\" \/>\n<meta name=\"author\" content=\"Diario1 Diario1\" \/>\n<meta name=\"twitter:card\" content=\"summary_large_image\" \/>\n<meta name=\"twitter:creator\" content=\"@eltextual\" \/>\n<meta name=\"twitter:site\" content=\"@eltextual\" \/>\n<meta name=\"twitter:label1\" content=\"Escrito por\" \/>\n\t<meta name=\"twitter:data1\" content=\"Diario1 Diario1\" \/>\n\t<meta name=\"twitter:label2\" content=\"Tiempo de lectura\" \/>\n\t<meta name=\"twitter:data2\" content=\"1 minuto\" \/>\n<script type=\"application\/ld+json\" class=\"yoast-schema-graph\">{\"@context\":\"https:\\\/\\\/schema.org\",\"@graph\":[{\"@type\":\"Article\",\"@id\":\"https:\\\/\\\/diariotextual.com\\\/inicio\\\/index.php\\\/2019\\\/09\\\/16\\\/alberto-cfk-cierran-la-campana-nacional-parque-don-tomas\\\/#article\",\"isPartOf\":{\"@id\":\"https:\\\/\\\/diariotextual.com\\\/inicio\\\/index.php\\\/2019\\\/09\\\/16\\\/alberto-cfk-cierran-la-campana-nacional-parque-don-tomas\\\/\"},\"author\":{\"name\":\"Diario1 Diario1\",\"@id\":\"https:\\\/\\\/diariotextual.com\\\/inicio\\\/#\\\/schema\\\/person\\\/418fc4093c33e86ed41562db3508f958\"},\"headline\":\"Alberto y CFK cierran la campa\u00f1a nacional en el Parque Don Tom\u00e1s\",\"datePublished\":\"2019-09-16T23:40:07+00:00\",\"dateModified\":\"2019-09-17T12:32:26+00:00\",\"mainEntityOfPage\":{\"@id\":\"https:\\\/\\\/diariotextual.com\\\/inicio\\\/index.php\\\/2019\\\/09\\\/16\\\/alberto-cfk-cierran-la-campana-nacional-parque-don-tomas\\\/\"},\"wordCount\":300,\"publisher\":{\"@id\":\"https:\\\/\\\/diariotextual.com\\\/inicio\\\/#organization\"},\"image\":{\"@id\":\"https:\\\/\\\/diariotextual.com\\\/inicio\\\/index.php\\\/2019\\\/09\\\/16\\\/alberto-cfk-cierran-la-campana-nacional-parque-don-tomas\\\/#primaryimage\"},\"thumbnailUrl\":\"https:\\\/\\\/diariotextual.com\\\/inicio\\\/wp-content\\\/uploads\\\/2019\\\/09\\\/albertofernandezcristinafernandez2019-2.jpg\",\"articleSection\":[\"A - TEMPORALES\",\"POLITICA\"],\"inLanguage\":\"es\"},{\"@type\":\"WebPage\",\"@id\":\"https:\\\/\\\/diariotextual.com\\\/inicio\\\/index.php\\\/2019\\\/09\\\/16\\\/alberto-cfk-cierran-la-campana-nacional-parque-don-tomas\\\/\",\"url\":\"https:\\\/\\\/diariotextual.com\\\/inicio\\\/index.php\\\/2019\\\/09\\\/16\\\/alberto-cfk-cierran-la-campana-nacional-parque-don-tomas\\\/\",\"name\":\"Alberto y CFK cierran la campa\u00f1a nacional en el Parque Don Tom\u00e1s - Diario Textual\",\"isPartOf\":{\"@id\":\"https:\\\/\\\/diariotextual.com\\\/inicio\\\/#website\"},\"primaryImageOfPage\":{\"@id\":\"https:\\\/\\\/diariotextual.com\\\/inicio\\\/index.php\\\/2019\\\/09\\\/16\\\/alberto-cfk-cierran-la-campana-nacional-parque-don-tomas\\\/#primaryimage\"},\"image\":{\"@id\":\"https:\\\/\\\/diariotextual.com\\\/inicio\\\/index.php\\\/2019\\\/09\\\/16\\\/alberto-cfk-cierran-la-campana-nacional-parque-don-tomas\\\/#primaryimage\"},\"thumbnailUrl\":\"https:\\\/\\\/diariotextual.com\\\/inicio\\\/wp-content\\\/uploads\\\/2019\\\/09\\\/albertofernandezcristinafernandez2019-2.jpg\",\"datePublished\":\"2019-09-16T23:40:07+00:00\",\"dateModified\":\"2019-09-17T12:32:26+00:00\",\"breadcrumb\":{\"@id\":\"https:\\\/\\\/diariotextual.com\\\/inicio\\\/index.php\\\/2019\\\/09\\\/16\\\/alberto-cfk-cierran-la-campana-nacional-parque-don-tomas\\\/#breadcrumb\"},\"inLanguage\":\"es\",\"potentialAction\":[{\"@type\":\"ReadAction\",\"target\":[\"https:\\\/\\\/diariotextual.com\\\/inicio\\\/index.php\\\/2019\\\/09\\\/16\\\/alberto-cfk-cierran-la-campana-nacional-parque-don-tomas\\\/\"]}]},{\"@type\":\"ImageObject\",\"inLanguage\":\"es\",\"@id\":\"https:\\\/\\\/diariotextual.com\\\/inicio\\\/index.php\\\/2019\\\/09\\\/16\\\/alberto-cfk-cierran-la-campana-nacional-parque-don-tomas\\\/#primaryimage\",\"url\":\"https:\\\/\\\/diariotextual.com\\\/inicio\\\/wp-content\\\/uploads\\\/2019\\\/09\\\/albertofernandezcristinafernandez2019-2.jpg\",\"contentUrl\":\"https:\\\/\\\/diariotextual.com\\\/inicio\\\/wp-content\\\/uploads\\\/2019\\\/09\\\/albertofernandezcristinafernandez2019-2.jpg\",\"width\":960,\"height\":640},{\"@type\":\"BreadcrumbList\",\"@id\":\"https:\\\/\\\/diariotextual.com\\\/inicio\\\/index.php\\\/2019\\\/09\\\/16\\\/alberto-cfk-cierran-la-campana-nacional-parque-don-tomas\\\/#breadcrumb\",\"itemListElement\":[{\"@type\":\"ListItem\",\"position\":1,\"name\":\"Portada\",\"item\":\"https:\\\/\\\/diariotextual.com\\\/inicio\\\/\"},{\"@type\":\"ListItem\",\"position\":2,\"name\":\"Alberto y CFK cierran la campa\u00f1a nacional en el Parque Don Tom\u00e1s\"}]},{\"@type\":\"WebSite\",\"@id\":\"https:\\\/\\\/diariotextual.com\\\/inicio\\\/#website\",\"url\":\"https:\\\/\\\/diariotextual.com\\\/inicio\\\/\",\"name\":\"Diario Textual\",\"description\":\"\",\"publisher\":{\"@id\":\"https:\\\/\\\/diariotextual.com\\\/inicio\\\/#organization\"},\"potentialAction\":[{\"@type\":\"SearchAction\",\"target\":{\"@type\":\"EntryPoint\",\"urlTemplate\":\"https:\\\/\\\/diariotextual.com\\\/inicio\\\/?s={search_term_string}\"},\"query-input\":{\"@type\":\"PropertyValueSpecification\",\"valueRequired\":true,\"valueName\":\"search_term_string\"}}],\"inLanguage\":\"es\"},{\"@type\":\"Organization\",\"@id\":\"https:\\\/\\\/diariotextual.com\\\/inicio\\\/#organization\",\"name\":\"Diario Textual\",\"url\":\"https:\\\/\\\/diariotextual.com\\\/inicio\\\/\",\"logo\":{\"@type\":\"ImageObject\",\"inLanguage\":\"es\",\"@id\":\"https:\\\/\\\/diariotextual.com\\\/inicio\\\/#\\\/schema\\\/logo\\\/image\\\/\",\"url\":\"https:\\\/\\\/diariotextual.com\\\/inicio\\\/wp-content\\\/uploads\\\/2023\\\/05\\\/logotextual1.jpg\",\"contentUrl\":\"https:\\\/\\\/diariotextual.com\\\/inicio\\\/wp-content\\\/uploads\\\/2023\\\/05\\\/logotextual1.jpg\",\"width\":516,\"height\":76,\"caption\":\"Diario Textual\"},\"image\":{\"@id\":\"https:\\\/\\\/diariotextual.com\\\/inicio\\\/#\\\/schema\\\/logo\\\/image\\\/\"},\"sameAs\":[\"https:\\\/\\\/www.facebook.com\\\/eltextual\",\"https:\\\/\\\/x.com\\\/eltextual\",\"http:\\\/\\\/www.instagram.com\\\/eltextual\"]},{\"@type\":\"Person\",\"@id\":\"https:\\\/\\\/diariotextual.com\\\/inicio\\\/#\\\/schema\\\/person\\\/418fc4093c33e86ed41562db3508f958\",\"name\":\"Diario1 Diario1\",\"image\":{\"@type\":\"ImageObject\",\"inLanguage\":\"es\",\"@id\":\"https:\\\/\\\/secure.gravatar.com\\\/avatar\\\/9167d280179c85bc18be67aa7eda765854300033af4896dd779b608640f2ef7a?s=96&d=mm&r=g\",\"url\":\"https:\\\/\\\/secure.gravatar.com\\\/avatar\\\/9167d280179c85bc18be67aa7eda765854300033af4896dd779b608640f2ef7a?s=96&d=mm&r=g\",\"contentUrl\":\"https:\\\/\\\/secure.gravatar.com\\\/avatar\\\/9167d280179c85bc18be67aa7eda765854300033af4896dd779b608640f2ef7a?s=96&d=mm&r=g\",\"caption\":\"Diario1 Diario1\"},\"url\":\"https:\\\/\\\/diariotextual.com\\\/inicio\\\/index.php\\\/author\\\/diario1\\\/\"}]}<\/script>\n<!-- \/ Yoast SEO plugin. -->","yoast_head_json":{"title":"Alberto y CFK cierran la campa\u00f1a nacional en el Parque Don Tom\u00e1s - Diario Textual","robots":{"index":"index","follow":"follow","max-snippet":"max-snippet:-1","max-image-preview":"max-image-preview:large","max-video-preview":"max-video-preview:-1"},"canonical":"https:\/\/diariotextual.com\/inicio\/index.php\/2019\/09\/16\/alberto-cfk-cierran-la-campana-nacional-parque-don-tomas\/","og_locale":"es_ES","og_type":"article","og_title":"Alberto y CFK cierran la campa\u00f1a nacional en el Parque Don Tom\u00e1s - Diario Textual","og_description":"El cierre de la campa\u00f1a nacional del Frente de Todos, con la f\u00f3rmula presidencial Alberto Fern\u00e1ndez y Cristina Fern\u00e1ndez, ser\u00e1 en Santa Rosa el 17 de octubre, en el D\u00eda&hellip;","og_url":"https:\/\/diariotextual.com\/inicio\/index.php\/2019\/09\/16\/alberto-cfk-cierran-la-campana-nacional-parque-don-tomas\/","og_site_name":"Diario Textual","article_publisher":"https:\/\/www.facebook.com\/eltextual","article_published_time":"2019-09-16T23:40:07+00:00","article_modified_time":"2019-09-17T12:32:26+00:00","og_image":[{"width":960,"height":640,"url":"https:\/\/diariotextual.com\/inicio\/wp-content\/uploads\/2019\/09\/albertofernandezcristinafernandez2019-2.jpg","type":"image\/jpeg"}],"author":"Diario1 Diario1","twitter_card":"summary_large_image","twitter_creator":"@eltextual","twitter_site":"@eltextual","twitter_misc":{"Escrito por":"Diario1 Diario1","Tiempo de lectura":"1 minuto"},"schema":{"@context":"https:\/\/schema.org","@graph":[{"@type":"Article","@id":"https:\/\/diariotextual.com\/inicio\/index.php\/2019\/09\/16\/alberto-cfk-cierran-la-campana-nacional-parque-don-tomas\/#article","isPartOf":{"@id":"https:\/\/diariotextual.com\/inicio\/index.php\/2019\/09\/16\/alberto-cfk-cierran-la-campana-nacional-parque-don-tomas\/"},"author":{"name":"Diario1 Diario1","@id":"https:\/\/diariotextual.com\/inicio\/#\/schema\/person\/418fc4093c33e86ed41562db3508f958"},"headline":"Alberto y CFK cierran la campa\u00f1a nacional en el Parque Don Tom\u00e1s","datePublished":"2019-09-16T23:40:07+00:00","dateModified":"2019-09-17T12:32:26+00:00","mainEntityOfPage":{"@id":"https:\/\/diariotextual.com\/inicio\/index.php\/2019\/09\/16\/alberto-cfk-cierran-la-campana-nacional-parque-don-tomas\/"},"wordCount":300,"publisher":{"@id":"https:\/\/diariotextual.com\/inicio\/#organization"},"image":{"@id":"https:\/\/diariotextual.com\/inicio\/index.php\/2019\/09\/16\/alberto-cfk-cierran-la-campana-nacional-parque-don-tomas\/#primaryimage"},"thumbnailUrl":"https:\/\/diariotextual.com\/inicio\/wp-content\/uploads\/2019\/09\/albertofernandezcristinafernandez2019-2.jpg","articleSection":["A - TEMPORALES","POLITICA"],"inLanguage":"es"},{"@type":"WebPage","@id":"https:\/\/diariotextual.com\/inicio\/index.php\/2019\/09\/16\/alberto-cfk-cierran-la-campana-nacional-parque-don-tomas\/","url":"https:\/\/diariotextual.com\/inicio\/index.php\/2019\/09\/16\/alberto-cfk-cierran-la-campana-nacional-parque-don-tomas\/","name":"Alberto y CFK cierran la campa\u00f1a nacional en el Parque Don Tom\u00e1s - Diario Textual","isPartOf":{"@id":"https:\/\/diariotextual.com\/inicio\/#website"},"primaryImageOfPage":{"@id":"https:\/\/diariotextual.com\/inicio\/index.php\/2019\/09\/16\/alberto-cfk-cierran-la-campana-nacional-parque-don-tomas\/#primaryimage"},"image":{"@id":"https:\/\/diariotextual.com\/inicio\/index.php\/2019\/09\/16\/alberto-cfk-cierran-la-campana-nacional-parque-don-tomas\/#primaryimage"},"thumbnailUrl":"https:\/\/diariotextual.com\/inicio\/wp-content\/uploads\/2019\/09\/albertofernandezcristinafernandez2019-2.jpg","datePublished":"2019-09-16T23:40:07+00:00","dateModified":"2019-09-17T12:32:26+00:00","breadcrumb":{"@id":"https:\/\/diariotextual.com\/inicio\/index.php\/2019\/09\/16\/alberto-cfk-cierran-la-campana-nacional-parque-don-tomas\/#breadcrumb"},"inLanguage":"es","potentialAction":[{"@type":"ReadAction","target":["https:\/\/diariotextual.com\/inicio\/index.php\/2019\/09\/16\/alberto-cfk-cierran-la-campana-nacional-parque-don-tomas\/"]}]},{"@type":"ImageObject","inLanguage":"es","@id":"https:\/\/diariotextual.com\/inicio\/index.php\/2019\/09\/16\/alberto-cfk-cierran-la-campana-nacional-parque-don-tomas\/#primaryimage","url":"https:\/\/diariotextual.com\/inicio\/wp-content\/uploads\/2019\/09\/albertofernandezcristinafernandez2019-2.jpg","contentUrl":"https:\/\/diariotextual.com\/inicio\/wp-content\/uploads\/2019\/09\/albertofernandezcristinafernandez2019-2.jpg","width":960,"height":640},{"@type":"BreadcrumbList","@id":"https:\/\/diariotextual.com\/inicio\/index.php\/2019\/09\/16\/alberto-cfk-cierran-la-campana-nacional-parque-don-tomas\/#breadcrumb","itemListElement":[{"@type":"ListItem","position":1,"name":"Portada","item":"https:\/\/diariotextual.com\/inicio\/"},{"@type":"ListItem","position":2,"name":"Alberto y CFK cierran la campa\u00f1a nacional en el Parque Don Tom\u00e1s"}]},{"@type":"WebSite","@id":"https:\/\/diariotextual.com\/inicio\/#website","url":"https:\/\/diariotextual.com\/inicio\/","name":"Diario Textual","description":"","publisher":{"@id":"https:\/\/diariotextual.com\/inicio\/#organization"},"potentialAction":[{"@type":"SearchAction","target":{"@type":"EntryPoint","urlTemplate":"https:\/\/diariotextual.com\/inicio\/?s={search_term_string}"},"query-input":{"@type":"PropertyValueSpecification","valueRequired":true,"valueName":"search_term_string"}}],"inLanguage":"es"},{"@type":"Organization","@id":"https:\/\/diariotextual.com\/inicio\/#organization","name":"Diario Textual","url":"https:\/\/diariotextual.com\/inicio\/","logo":{"@type":"ImageObject","inLanguage":"es","@id":"https:\/\/diariotextual.com\/inicio\/#\/schema\/logo\/image\/","url":"https:\/\/diariotextual.com\/inicio\/wp-content\/uploads\/2023\/05\/logotextual1.jpg","contentUrl":"https:\/\/diariotextual.com\/inicio\/wp-content\/uploads\/2023\/05\/logotextual1.jpg","width":516,"height":76,"caption":"Diario Textual"},"image":{"@id":"https:\/\/diariotextual.com\/inicio\/#\/schema\/logo\/image\/"},"sameAs":["https:\/\/www.facebook.com\/eltextual","https:\/\/x.com\/eltextual","http:\/\/www.instagram.com\/eltextual"]},{"@type":"Person","@id":"https:\/\/diariotextual.com\/inicio\/#\/schema\/person\/418fc4093c33e86ed41562db3508f958","name":"Diario1 Diario1","image":{"@type":"ImageObject","inLanguage":"es","@id":"https:\/\/secure.gravatar.com\/avatar\/9167d280179c85bc18be67aa7eda765854300033af4896dd779b608640f2ef7a?s=96&d=mm&r=g","url":"https:\/\/secure.gravatar.com\/avatar\/9167d280179c85bc18be67aa7eda765854300033af4896dd779b608640f2ef7a?s=96&d=mm&r=g","contentUrl":"https:\/\/secure.gravatar.com\/avatar\/9167d280179c85bc18be67aa7eda765854300033af4896dd779b608640f2ef7a?s=96&d=mm&r=g","caption":"Diario1 Diario1"},"url":"https:\/\/diariotextual.com\/inicio\/index.php\/author\/diario1\/"}]}},"_links":{"self":[{"href":"https:\/\/diariotextual.com\/inicio\/index.php\/wp-json\/wp\/v2\/posts\/62834","targetHints":{"allow":["GET"]}}],"collection":[{"href":"https:\/\/diariotextual.com\/inicio\/index.php\/wp-json\/wp\/v2\/posts"}],"about":[{"href":"https:\/\/diariotextual.com\/inicio\/index.php\/wp-json\/wp\/v2\/types\/post"}],"author":[{"embeddable":true,"href":"https:\/\/diariotextual.com\/inicio\/index.php\/wp-json\/wp\/v2\/users\/3"}],"replies":[{"embeddable":true,"href":"https:\/\/diariotextual.com\/inicio\/index.php\/wp-json\/wp\/v2\/comments?post=62834"}],"version-history":[{"count":8,"href":"https:\/\/diariotextual.com\/inicio\/index.php\/wp-json\/wp\/v2\/posts\/62834\/revisions"}],"predecessor-version":[{"id":62848,"href":"https:\/\/diariotextual.com\/inicio\/index.php\/wp-json\/wp\/v2\/posts\/62834\/revisions\/62848"}],"wp:featuredmedia":[{"embeddable":true,"href":"https:\/\/diariotextual.com\/inicio\/index.php\/wp-json\/wp\/v2\/media\/62844"}],"wp:attachment":[{"href":"https:\/\/diariotextual.com\/inicio\/index.php\/wp-json\/wp\/v2\/media?parent=62834"}],"wp:term":[{"taxonomy":"category","embeddable":true,"href":"https:\/\/diariotextual.com\/inicio\/index.php\/wp-json\/wp\/v2\/categories?post=62834"},{"taxonomy":"post_tag","embeddable":true,"href":"https:\/\/diariotextual.com\/inicio\/index.php\/wp-json\/wp\/v2\/tags?post=62834"}],"curies":[{"name":"wp","href":"https:\/\/api.w.org\/{rel}","templated":true}]}}