{"id":62897,"date":"2019-09-17T10:16:17","date_gmt":"2019-09-17T13:16:17","guid":{"rendered":"http:\/\/diariotextual.com\/inicio\/?p=62897"},"modified":"2019-09-18T09:00:59","modified_gmt":"2019-09-18T12:00:59","slug":"garello-la-copa-leche-ya-no-una-sola-sandwich-tampoco","status":"publish","type":"post","link":"https:\/\/diariotextual.com\/inicio\/index.php\/2019\/09\/17\/garello-la-copa-leche-ya-no-una-sola-sandwich-tampoco\/","title":{"rendered":"Garello: \u00abLa copa de leche ya no es una sola; el sandwich tampoco\u00bb"},"content":{"rendered":"<p>La ministra de Educaci\u00f3n, <strong>Mar\u00eda Cristina Garello<\/strong>, revel\u00f3 que se solicit\u00f3 un <strong>refuerzo presupuestario<\/strong>\u00a0mayor al de otros a\u00f1os para atender la creciente <strong>demanda alimentaria en las escuelas<\/strong> pampeanas. <strong>\u00abLa copa de leche ya no es una sola y el sandwich tampoco es uno solo\u00bb<\/strong>, dijo ante una consulta de Diario Textual.<\/p>\n<p>Garello hizo declaraciones luego de la apertura de la Feria Provincial de Ciencias, en la Epet N\u00ba 1 de Santa Rosa.<\/p>\n<p><strong>\u00abSiempre se hace un refuerzo presupuestario. Las escuelas que necesitan lo van pidiendo. Este a\u00f1o es mayor porque la copa de leche ya no es una sola y el sandwich tampoco es uno solo. Pero la vamos paliando\u00bb<\/strong>, dijo ante una consulta de este diario digital.<\/p>\n<p>Revel\u00f3 que junto a otros 14 ministros de Educaci\u00f3n del pa\u00eds se elabor\u00f3 un documento que ser\u00e1 entregado al candidato a presidente de Frente de Todos, Alberto Fern\u00e1ndez.<\/p>\n<p><strong>\u00abEn el documento aconsejamos, porque \u00e9l a\u00fan no es autoridad sino candidato, que si el pa\u00eds pone en la agenda pol\u00edtica la calidad educativa se tienen que atender todas las variables, que no solo tienen que ver con el aprendizaje. Tiene que ver con edificios dignos y calefaccionados, ni\u00f1os bien alimentados, docentes con sueldos justos y capacitaci\u00f3n y un piso de punto de partida de los chicos con equidad para que todos tengan las mismas condiciones\u00bb<\/strong>, dijo.<\/p>\n<p>&nbsp;<\/p>\n<p>&nbsp;<\/p>\n<p>&nbsp;<\/p>\n","protected":false},"excerpt":{"rendered":"<p>La ministra de Educaci\u00f3n, Mar\u00eda Cristina Garello, revel\u00f3 que se solicit\u00f3 un refuerzo presupuestario\u00a0mayor al de otros a\u00f1os para atender la creciente demanda alimentaria en las escuelas pampeanas. \u00abLa copa&hellip;<\/p>\n","protected":false},"author":7,"featured_media":21580,"comment_status":"closed","ping_status":"open","sticky":false,"template":"","format":"standard","meta":{"_acf_changed":false,"footnotes":""},"categories":[319,8],"tags":[2243,2038,2244],"class_list":["post-62897","post","type-post","status-publish","format-standard","has-post-thumbnail","hentry","category-a-temporales","category-politica","tag-copa-de-leche","tag-garello","tag-refuerzo"],"acf":[],"yoast_head":"<!-- This site is optimized with the Yoast SEO plugin v27.5 - https:\/\/yoast.com\/product\/yoast-seo-wordpress\/ -->\n<title>Garello: &quot;La copa de leche ya no es una sola; el sandwich tampoco&quot; - Diario Textual<\/title>\n<meta name=\"robots\" content=\"index, follow, max-snippet:-1, max-image-preview:large, max-video-preview:-1\" \/>\n<link rel=\"canonical\" href=\"https:\/\/diariotextual.com\/inicio\/index.php\/2019\/09\/17\/garello-la-copa-leche-ya-no-una-sola-sandwich-tampoco\/\" \/>\n<meta property=\"og:locale\" content=\"es_ES\" \/>\n<meta property=\"og:type\" content=\"article\" \/>\n<meta property=\"og:title\" content=\"Garello: &quot;La copa de leche ya no es una sola; el sandwich tampoco&quot; - Diario Textual\" \/>\n<meta property=\"og:description\" content=\"La ministra de Educaci\u00f3n, Mar\u00eda Cristina Garello, revel\u00f3 que se solicit\u00f3 un refuerzo presupuestario\u00a0mayor al de otros a\u00f1os para atender la creciente demanda alimentaria en las escuelas pampeanas. \u00abLa copa&hellip;\" \/>\n<meta property=\"og:url\" content=\"https:\/\/diariotextual.com\/inicio\/index.php\/2019\/09\/17\/garello-la-copa-leche-ya-no-una-sola-sandwich-tampoco\/\" \/>\n<meta property=\"og:site_name\" content=\"Diario Textual\" \/>\n<meta property=\"article:publisher\" content=\"https:\/\/www.facebook.com\/eltextual\" \/>\n<meta property=\"article:published_time\" content=\"2019-09-17T13:16:17+00:00\" \/>\n<meta property=\"article:modified_time\" content=\"2019-09-18T12:00:59+00:00\" \/>\n<meta property=\"og:image\" content=\"https:\/\/diariotextual.com\/inicio\/wp-content\/uploads\/2018\/09\/garellomariacristina2018-0000011.jpg\" \/>\n\t<meta property=\"og:image:width\" content=\"800\" \/>\n\t<meta property=\"og:image:height\" content=\"533\" \/>\n\t<meta property=\"og:image:type\" content=\"image\/jpeg\" \/>\n<meta name=\"author\" content=\"diario5\" \/>\n<meta name=\"twitter:card\" content=\"summary_large_image\" \/>\n<meta name=\"twitter:creator\" content=\"@eltextual\" \/>\n<meta name=\"twitter:site\" content=\"@eltextual\" \/>\n<meta name=\"twitter:label1\" content=\"Escrito por\" \/>\n\t<meta name=\"twitter:data1\" content=\"diario5\" \/>\n\t<meta name=\"twitter:label2\" content=\"Tiempo de lectura\" \/>\n\t<meta name=\"twitter:data2\" content=\"1 minuto\" \/>\n<script type=\"application\/ld+json\" class=\"yoast-schema-graph\">{\"@context\":\"https:\\\/\\\/schema.org\",\"@graph\":[{\"@type\":\"Article\",\"@id\":\"https:\\\/\\\/diariotextual.com\\\/inicio\\\/index.php\\\/2019\\\/09\\\/17\\\/garello-la-copa-leche-ya-no-una-sola-sandwich-tampoco\\\/#article\",\"isPartOf\":{\"@id\":\"https:\\\/\\\/diariotextual.com\\\/inicio\\\/index.php\\\/2019\\\/09\\\/17\\\/garello-la-copa-leche-ya-no-una-sola-sandwich-tampoco\\\/\"},\"author\":{\"name\":\"diario5\",\"@id\":\"https:\\\/\\\/diariotextual.com\\\/inicio\\\/#\\\/schema\\\/person\\\/c7834961ad8b29b1d9cdbf4571299067\"},\"headline\":\"Garello: \u00abLa copa de leche ya no es una sola; el sandwich tampoco\u00bb\",\"datePublished\":\"2019-09-17T13:16:17+00:00\",\"dateModified\":\"2019-09-18T12:00:59+00:00\",\"mainEntityOfPage\":{\"@id\":\"https:\\\/\\\/diariotextual.com\\\/inicio\\\/index.php\\\/2019\\\/09\\\/17\\\/garello-la-copa-leche-ya-no-una-sola-sandwich-tampoco\\\/\"},\"wordCount\":250,\"publisher\":{\"@id\":\"https:\\\/\\\/diariotextual.com\\\/inicio\\\/#organization\"},\"image\":{\"@id\":\"https:\\\/\\\/diariotextual.com\\\/inicio\\\/index.php\\\/2019\\\/09\\\/17\\\/garello-la-copa-leche-ya-no-una-sola-sandwich-tampoco\\\/#primaryimage\"},\"thumbnailUrl\":\"https:\\\/\\\/diariotextual.com\\\/inicio\\\/wp-content\\\/uploads\\\/2018\\\/09\\\/garellomariacristina2018-0000011.jpg\",\"keywords\":[\"copa de leche\",\"garello\",\"refuerzo\"],\"articleSection\":[\"A - TEMPORALES\",\"POLITICA\"],\"inLanguage\":\"es\"},{\"@type\":\"WebPage\",\"@id\":\"https:\\\/\\\/diariotextual.com\\\/inicio\\\/index.php\\\/2019\\\/09\\\/17\\\/garello-la-copa-leche-ya-no-una-sola-sandwich-tampoco\\\/\",\"url\":\"https:\\\/\\\/diariotextual.com\\\/inicio\\\/index.php\\\/2019\\\/09\\\/17\\\/garello-la-copa-leche-ya-no-una-sola-sandwich-tampoco\\\/\",\"name\":\"Garello: \\\"La copa de leche ya no es una sola; el sandwich tampoco\\\" - Diario Textual\",\"isPartOf\":{\"@id\":\"https:\\\/\\\/diariotextual.com\\\/inicio\\\/#website\"},\"primaryImageOfPage\":{\"@id\":\"https:\\\/\\\/diariotextual.com\\\/inicio\\\/index.php\\\/2019\\\/09\\\/17\\\/garello-la-copa-leche-ya-no-una-sola-sandwich-tampoco\\\/#primaryimage\"},\"image\":{\"@id\":\"https:\\\/\\\/diariotextual.com\\\/inicio\\\/index.php\\\/2019\\\/09\\\/17\\\/garello-la-copa-leche-ya-no-una-sola-sandwich-tampoco\\\/#primaryimage\"},\"thumbnailUrl\":\"https:\\\/\\\/diariotextual.com\\\/inicio\\\/wp-content\\\/uploads\\\/2018\\\/09\\\/garellomariacristina2018-0000011.jpg\",\"datePublished\":\"2019-09-17T13:16:17+00:00\",\"dateModified\":\"2019-09-18T12:00:59+00:00\",\"breadcrumb\":{\"@id\":\"https:\\\/\\\/diariotextual.com\\\/inicio\\\/index.php\\\/2019\\\/09\\\/17\\\/garello-la-copa-leche-ya-no-una-sola-sandwich-tampoco\\\/#breadcrumb\"},\"inLanguage\":\"es\",\"potentialAction\":[{\"@type\":\"ReadAction\",\"target\":[\"https:\\\/\\\/diariotextual.com\\\/inicio\\\/index.php\\\/2019\\\/09\\\/17\\\/garello-la-copa-leche-ya-no-una-sola-sandwich-tampoco\\\/\"]}]},{\"@type\":\"ImageObject\",\"inLanguage\":\"es\",\"@id\":\"https:\\\/\\\/diariotextual.com\\\/inicio\\\/index.php\\\/2019\\\/09\\\/17\\\/garello-la-copa-leche-ya-no-una-sola-sandwich-tampoco\\\/#primaryimage\",\"url\":\"https:\\\/\\\/diariotextual.com\\\/inicio\\\/wp-content\\\/uploads\\\/2018\\\/09\\\/garellomariacristina2018-0000011.jpg\",\"contentUrl\":\"https:\\\/\\\/diariotextual.com\\\/inicio\\\/wp-content\\\/uploads\\\/2018\\\/09\\\/garellomariacristina2018-0000011.jpg\",\"width\":800,\"height\":533},{\"@type\":\"BreadcrumbList\",\"@id\":\"https:\\\/\\\/diariotextual.com\\\/inicio\\\/index.php\\\/2019\\\/09\\\/17\\\/garello-la-copa-leche-ya-no-una-sola-sandwich-tampoco\\\/#breadcrumb\",\"itemListElement\":[{\"@type\":\"ListItem\",\"position\":1,\"name\":\"Portada\",\"item\":\"https:\\\/\\\/diariotextual.com\\\/inicio\\\/\"},{\"@type\":\"ListItem\",\"position\":2,\"name\":\"Garello: \u00abLa copa de leche ya no es una sola; el sandwich tampoco\u00bb\"}]},{\"@type\":\"WebSite\",\"@id\":\"https:\\\/\\\/diariotextual.com\\\/inicio\\\/#website\",\"url\":\"https:\\\/\\\/diariotextual.com\\\/inicio\\\/\",\"name\":\"Diario Textual\",\"description\":\"\",\"publisher\":{\"@id\":\"https:\\\/\\\/diariotextual.com\\\/inicio\\\/#organization\"},\"potentialAction\":[{\"@type\":\"SearchAction\",\"target\":{\"@type\":\"EntryPoint\",\"urlTemplate\":\"https:\\\/\\\/diariotextual.com\\\/inicio\\\/?s={search_term_string}\"},\"query-input\":{\"@type\":\"PropertyValueSpecification\",\"valueRequired\":true,\"valueName\":\"search_term_string\"}}],\"inLanguage\":\"es\"},{\"@type\":\"Organization\",\"@id\":\"https:\\\/\\\/diariotextual.com\\\/inicio\\\/#organization\",\"name\":\"Diario Textual\",\"url\":\"https:\\\/\\\/diariotextual.com\\\/inicio\\\/\",\"logo\":{\"@type\":\"ImageObject\",\"inLanguage\":\"es\",\"@id\":\"https:\\\/\\\/diariotextual.com\\\/inicio\\\/#\\\/schema\\\/logo\\\/image\\\/\",\"url\":\"https:\\\/\\\/diariotextual.com\\\/inicio\\\/wp-content\\\/uploads\\\/2023\\\/05\\\/logotextual1.jpg\",\"contentUrl\":\"https:\\\/\\\/diariotextual.com\\\/inicio\\\/wp-content\\\/uploads\\\/2023\\\/05\\\/logotextual1.jpg\",\"width\":516,\"height\":76,\"caption\":\"Diario Textual\"},\"image\":{\"@id\":\"https:\\\/\\\/diariotextual.com\\\/inicio\\\/#\\\/schema\\\/logo\\\/image\\\/\"},\"sameAs\":[\"https:\\\/\\\/www.facebook.com\\\/eltextual\",\"https:\\\/\\\/x.com\\\/eltextual\",\"http:\\\/\\\/www.instagram.com\\\/eltextual\"]},{\"@type\":\"Person\",\"@id\":\"https:\\\/\\\/diariotextual.com\\\/inicio\\\/#\\\/schema\\\/person\\\/c7834961ad8b29b1d9cdbf4571299067\",\"name\":\"diario5\",\"image\":{\"@type\":\"ImageObject\",\"inLanguage\":\"es\",\"@id\":\"https:\\\/\\\/secure.gravatar.com\\\/avatar\\\/948c893b847ca6df68216ead81b63f363408ec9b0f600fefc0641ce78613b111?s=96&d=mm&r=g\",\"url\":\"https:\\\/\\\/secure.gravatar.com\\\/avatar\\\/948c893b847ca6df68216ead81b63f363408ec9b0f600fefc0641ce78613b111?s=96&d=mm&r=g\",\"contentUrl\":\"https:\\\/\\\/secure.gravatar.com\\\/avatar\\\/948c893b847ca6df68216ead81b63f363408ec9b0f600fefc0641ce78613b111?s=96&d=mm&r=g\",\"caption\":\"diario5\"},\"url\":\"https:\\\/\\\/diariotextual.com\\\/inicio\\\/index.php\\\/author\\\/diario5\\\/\"}]}<\/script>\n<!-- \/ Yoast SEO plugin. -->","yoast_head_json":{"title":"Garello: \"La copa de leche ya no es una sola; el sandwich tampoco\" - Diario Textual","robots":{"index":"index","follow":"follow","max-snippet":"max-snippet:-1","max-image-preview":"max-image-preview:large","max-video-preview":"max-video-preview:-1"},"canonical":"https:\/\/diariotextual.com\/inicio\/index.php\/2019\/09\/17\/garello-la-copa-leche-ya-no-una-sola-sandwich-tampoco\/","og_locale":"es_ES","og_type":"article","og_title":"Garello: \"La copa de leche ya no es una sola; el sandwich tampoco\" - Diario Textual","og_description":"La ministra de Educaci\u00f3n, Mar\u00eda Cristina Garello, revel\u00f3 que se solicit\u00f3 un refuerzo presupuestario\u00a0mayor al de otros a\u00f1os para atender la creciente demanda alimentaria en las escuelas pampeanas. \u00abLa copa&hellip;","og_url":"https:\/\/diariotextual.com\/inicio\/index.php\/2019\/09\/17\/garello-la-copa-leche-ya-no-una-sola-sandwich-tampoco\/","og_site_name":"Diario Textual","article_publisher":"https:\/\/www.facebook.com\/eltextual","article_published_time":"2019-09-17T13:16:17+00:00","article_modified_time":"2019-09-18T12:00:59+00:00","og_image":[{"width":800,"height":533,"url":"https:\/\/diariotextual.com\/inicio\/wp-content\/uploads\/2018\/09\/garellomariacristina2018-0000011.jpg","type":"image\/jpeg"}],"author":"diario5","twitter_card":"summary_large_image","twitter_creator":"@eltextual","twitter_site":"@eltextual","twitter_misc":{"Escrito por":"diario5","Tiempo de lectura":"1 minuto"},"schema":{"@context":"https:\/\/schema.org","@graph":[{"@type":"Article","@id":"https:\/\/diariotextual.com\/inicio\/index.php\/2019\/09\/17\/garello-la-copa-leche-ya-no-una-sola-sandwich-tampoco\/#article","isPartOf":{"@id":"https:\/\/diariotextual.com\/inicio\/index.php\/2019\/09\/17\/garello-la-copa-leche-ya-no-una-sola-sandwich-tampoco\/"},"author":{"name":"diario5","@id":"https:\/\/diariotextual.com\/inicio\/#\/schema\/person\/c7834961ad8b29b1d9cdbf4571299067"},"headline":"Garello: \u00abLa copa de leche ya no es una sola; el sandwich tampoco\u00bb","datePublished":"2019-09-17T13:16:17+00:00","dateModified":"2019-09-18T12:00:59+00:00","mainEntityOfPage":{"@id":"https:\/\/diariotextual.com\/inicio\/index.php\/2019\/09\/17\/garello-la-copa-leche-ya-no-una-sola-sandwich-tampoco\/"},"wordCount":250,"publisher":{"@id":"https:\/\/diariotextual.com\/inicio\/#organization"},"image":{"@id":"https:\/\/diariotextual.com\/inicio\/index.php\/2019\/09\/17\/garello-la-copa-leche-ya-no-una-sola-sandwich-tampoco\/#primaryimage"},"thumbnailUrl":"https:\/\/diariotextual.com\/inicio\/wp-content\/uploads\/2018\/09\/garellomariacristina2018-0000011.jpg","keywords":["copa de leche","garello","refuerzo"],"articleSection":["A - TEMPORALES","POLITICA"],"inLanguage":"es"},{"@type":"WebPage","@id":"https:\/\/diariotextual.com\/inicio\/index.php\/2019\/09\/17\/garello-la-copa-leche-ya-no-una-sola-sandwich-tampoco\/","url":"https:\/\/diariotextual.com\/inicio\/index.php\/2019\/09\/17\/garello-la-copa-leche-ya-no-una-sola-sandwich-tampoco\/","name":"Garello: \"La copa de leche ya no es una sola; el sandwich tampoco\" - Diario Textual","isPartOf":{"@id":"https:\/\/diariotextual.com\/inicio\/#website"},"primaryImageOfPage":{"@id":"https:\/\/diariotextual.com\/inicio\/index.php\/2019\/09\/17\/garello-la-copa-leche-ya-no-una-sola-sandwich-tampoco\/#primaryimage"},"image":{"@id":"https:\/\/diariotextual.com\/inicio\/index.php\/2019\/09\/17\/garello-la-copa-leche-ya-no-una-sola-sandwich-tampoco\/#primaryimage"},"thumbnailUrl":"https:\/\/diariotextual.com\/inicio\/wp-content\/uploads\/2018\/09\/garellomariacristina2018-0000011.jpg","datePublished":"2019-09-17T13:16:17+00:00","dateModified":"2019-09-18T12:00:59+00:00","breadcrumb":{"@id":"https:\/\/diariotextual.com\/inicio\/index.php\/2019\/09\/17\/garello-la-copa-leche-ya-no-una-sola-sandwich-tampoco\/#breadcrumb"},"inLanguage":"es","potentialAction":[{"@type":"ReadAction","target":["https:\/\/diariotextual.com\/inicio\/index.php\/2019\/09\/17\/garello-la-copa-leche-ya-no-una-sola-sandwich-tampoco\/"]}]},{"@type":"ImageObject","inLanguage":"es","@id":"https:\/\/diariotextual.com\/inicio\/index.php\/2019\/09\/17\/garello-la-copa-leche-ya-no-una-sola-sandwich-tampoco\/#primaryimage","url":"https:\/\/diariotextual.com\/inicio\/wp-content\/uploads\/2018\/09\/garellomariacristina2018-0000011.jpg","contentUrl":"https:\/\/diariotextual.com\/inicio\/wp-content\/uploads\/2018\/09\/garellomariacristina2018-0000011.jpg","width":800,"height":533},{"@type":"BreadcrumbList","@id":"https:\/\/diariotextual.com\/inicio\/index.php\/2019\/09\/17\/garello-la-copa-leche-ya-no-una-sola-sandwich-tampoco\/#breadcrumb","itemListElement":[{"@type":"ListItem","position":1,"name":"Portada","item":"https:\/\/diariotextual.com\/inicio\/"},{"@type":"ListItem","position":2,"name":"Garello: \u00abLa copa de leche ya no es una sola; el sandwich tampoco\u00bb"}]},{"@type":"WebSite","@id":"https:\/\/diariotextual.com\/inicio\/#website","url":"https:\/\/diariotextual.com\/inicio\/","name":"Diario Textual","description":"","publisher":{"@id":"https:\/\/diariotextual.com\/inicio\/#organization"},"potentialAction":[{"@type":"SearchAction","target":{"@type":"EntryPoint","urlTemplate":"https:\/\/diariotextual.com\/inicio\/?s={search_term_string}"},"query-input":{"@type":"PropertyValueSpecification","valueRequired":true,"valueName":"search_term_string"}}],"inLanguage":"es"},{"@type":"Organization","@id":"https:\/\/diariotextual.com\/inicio\/#organization","name":"Diario Textual","url":"https:\/\/diariotextual.com\/inicio\/","logo":{"@type":"ImageObject","inLanguage":"es","@id":"https:\/\/diariotextual.com\/inicio\/#\/schema\/logo\/image\/","url":"https:\/\/diariotextual.com\/inicio\/wp-content\/uploads\/2023\/05\/logotextual1.jpg","contentUrl":"https:\/\/diariotextual.com\/inicio\/wp-content\/uploads\/2023\/05\/logotextual1.jpg","width":516,"height":76,"caption":"Diario Textual"},"image":{"@id":"https:\/\/diariotextual.com\/inicio\/#\/schema\/logo\/image\/"},"sameAs":["https:\/\/www.facebook.com\/eltextual","https:\/\/x.com\/eltextual","http:\/\/www.instagram.com\/eltextual"]},{"@type":"Person","@id":"https:\/\/diariotextual.com\/inicio\/#\/schema\/person\/c7834961ad8b29b1d9cdbf4571299067","name":"diario5","image":{"@type":"ImageObject","inLanguage":"es","@id":"https:\/\/secure.gravatar.com\/avatar\/948c893b847ca6df68216ead81b63f363408ec9b0f600fefc0641ce78613b111?s=96&d=mm&r=g","url":"https:\/\/secure.gravatar.com\/avatar\/948c893b847ca6df68216ead81b63f363408ec9b0f600fefc0641ce78613b111?s=96&d=mm&r=g","contentUrl":"https:\/\/secure.gravatar.com\/avatar\/948c893b847ca6df68216ead81b63f363408ec9b0f600fefc0641ce78613b111?s=96&d=mm&r=g","caption":"diario5"},"url":"https:\/\/diariotextual.com\/inicio\/index.php\/author\/diario5\/"}]}},"_links":{"self":[{"href":"https:\/\/diariotextual.com\/inicio\/index.php\/wp-json\/wp\/v2\/posts\/62897","targetHints":{"allow":["GET"]}}],"collection":[{"href":"https:\/\/diariotextual.com\/inicio\/index.php\/wp-json\/wp\/v2\/posts"}],"about":[{"href":"https:\/\/diariotextual.com\/inicio\/index.php\/wp-json\/wp\/v2\/types\/post"}],"author":[{"embeddable":true,"href":"https:\/\/diariotextual.com\/inicio\/index.php\/wp-json\/wp\/v2\/users\/7"}],"replies":[{"embeddable":true,"href":"https:\/\/diariotextual.com\/inicio\/index.php\/wp-json\/wp\/v2\/comments?post=62897"}],"version-history":[{"count":1,"href":"https:\/\/diariotextual.com\/inicio\/index.php\/wp-json\/wp\/v2\/posts\/62897\/revisions"}],"predecessor-version":[{"id":62898,"href":"https:\/\/diariotextual.com\/inicio\/index.php\/wp-json\/wp\/v2\/posts\/62897\/revisions\/62898"}],"wp:featuredmedia":[{"embeddable":true,"href":"https:\/\/diariotextual.com\/inicio\/index.php\/wp-json\/wp\/v2\/media\/21580"}],"wp:attachment":[{"href":"https:\/\/diariotextual.com\/inicio\/index.php\/wp-json\/wp\/v2\/media?parent=62897"}],"wp:term":[{"taxonomy":"category","embeddable":true,"href":"https:\/\/diariotextual.com\/inicio\/index.php\/wp-json\/wp\/v2\/categories?post=62897"},{"taxonomy":"post_tag","embeddable":true,"href":"https:\/\/diariotextual.com\/inicio\/index.php\/wp-json\/wp\/v2\/tags?post=62897"}],"curies":[{"name":"wp","href":"https:\/\/api.w.org\/{rel}","templated":true}]}}