{"id":62916,"date":"2019-09-17T14:29:39","date_gmt":"2019-09-17T17:29:39","guid":{"rendered":"http:\/\/diariotextual.com\/inicio\/?p=62916"},"modified":"2019-09-17T19:53:58","modified_gmt":"2019-09-17T22:53:58","slug":"rauschenberger-dice-presupuesto-2020-preve-recorte-la-pampa","status":"publish","type":"post","link":"https:\/\/diariotextual.com\/inicio\/index.php\/2019\/09\/17\/rauschenberger-dice-presupuesto-2020-preve-recorte-la-pampa\/","title":{"rendered":"Rauschenberger dice que el Presupuesto 2020 prev\u00e9 otro recorte a La Pampa"},"content":{"rendered":"<p>El diputado nacional por el justicialismo pampeano, <strong>Ariel Rauschenberger<\/strong>, advirti\u00f3 que el proyecto de presupuesto que elabor\u00f3 el Gobierno de Mauricio prev\u00e9 nuevos recortes en las transferencias provinciales que afectar\u00edan a La Pampa.<\/p>\n<p>El mnistro de Hacienda, Hern\u00e1 Lacunza, present\u00f3 el lunes el proyecto de Ley de Presupuesto 2020 ante Diputados. Rauschenberger aclar\u00f3 antes de un an\u00e1lisis a fondo que \u201cse advierten en forma inmediata tres detalles\u201d y los refiri\u00f3. \u201cEn primer lugar, las proyecciones que realiza el Gobierno Nacional en t\u00e9rminos de inflaci\u00f3n (34%), crecimiento (1%) y valor del d\u00f3lar ($75) son absolutamente imaginarias y no poseen ning\u00fan tipo de sustento\u201d, dijo. \u201cFundamentalmente -agreg\u00f3- teniendo en cuenta la actual crisis econ\u00f3mica cuya profundidad todav\u00eda resulta dif\u00edcil de medir\u201d.<\/p>\n<p>\u201cEn segundo lugar, se vislumbra un fuerte recorte en las transferencias provinciales\u201d, agreg\u00f3 el exministro. Puso\u00a0como ejemplo concreto el caso de La Pampa: el env\u00edo de recursos vinculados a la Tarjeta Alimentaria se reduce un 30%. \u00abEso constituye una fuerte contradicci\u00f3n respecto a la actual situaci\u00f3n social\u201d, dijo.<\/p>\n<p>En tercer lugar, dijo, \u201cresulta preocupante el \u00edtem de deuda externa\u201d argentina.\u00a0\u201cEl ministro Lacunza evit\u00f3 explicar c\u00f3mo se pagar\u00e1n los enormes servicios de deuda\u201d, dijo.<\/p>\n<p>\u201cSeg\u00fan el proyecto el costo de los mismos representar\u00e1 el doble que los servicios econ\u00f3micos (subsidios a los servicios p\u00fablicos y fomento a la producci\u00f3n) y solo es superado por el gasto social, de casi 4 billones, m\u00e1s del 70% del total\u201d, indic\u00f3.<\/p>\n<p>\u201cEn conclusi\u00f3n, el gobierno nacional contin\u00faa sin reconocer la dura realidad que viven el conjunto de los argentinos y argentinas. Hace falta recuperar la estabilidad de la econom\u00eda argentina, algo en lo que el actual Proyecto de Presupuesto no colabora\u201d, finaliz\u00f3.<\/p>\n<p>&nbsp;<\/p>\n","protected":false},"excerpt":{"rendered":"<p>El diputado nacional por el justicialismo pampeano, Ariel Rauschenberger, advirti\u00f3 que el proyecto de presupuesto que elabor\u00f3 el Gobierno de Mauricio prev\u00e9 nuevos recortes en las transferencias provinciales que afectar\u00edan&hellip;<\/p>\n","protected":false},"author":3,"featured_media":9386,"comment_status":"closed","ping_status":"open","sticky":false,"template":"","format":"standard","meta":{"_acf_changed":false,"footnotes":""},"categories":[319,5],"tags":[],"class_list":["post-62916","post","type-post","status-publish","format-standard","has-post-thumbnail","hentry","category-a-temporales","category-economia"],"acf":[],"yoast_head":"<!-- This site is optimized with the Yoast SEO plugin v27.5 - https:\/\/yoast.com\/product\/yoast-seo-wordpress\/ -->\n<title>Rauschenberger dice que el Presupuesto 2020 prev\u00e9 otro recorte a La Pampa - Diario Textual<\/title>\n<meta name=\"robots\" content=\"index, follow, max-snippet:-1, max-image-preview:large, max-video-preview:-1\" \/>\n<link rel=\"canonical\" href=\"https:\/\/diariotextual.com\/inicio\/index.php\/2019\/09\/17\/rauschenberger-dice-presupuesto-2020-preve-recorte-la-pampa\/\" \/>\n<meta property=\"og:locale\" content=\"es_ES\" \/>\n<meta property=\"og:type\" content=\"article\" \/>\n<meta property=\"og:title\" content=\"Rauschenberger dice que el Presupuesto 2020 prev\u00e9 otro recorte a La Pampa - Diario Textual\" \/>\n<meta property=\"og:description\" content=\"El diputado nacional por el justicialismo pampeano, Ariel Rauschenberger, advirti\u00f3 que el proyecto de presupuesto que elabor\u00f3 el Gobierno de Mauricio prev\u00e9 nuevos recortes en las transferencias provinciales que afectar\u00edan&hellip;\" \/>\n<meta property=\"og:url\" content=\"https:\/\/diariotextual.com\/inicio\/index.php\/2019\/09\/17\/rauschenberger-dice-presupuesto-2020-preve-recorte-la-pampa\/\" \/>\n<meta property=\"og:site_name\" content=\"Diario Textual\" \/>\n<meta property=\"article:publisher\" content=\"https:\/\/www.facebook.com\/eltextual\" \/>\n<meta property=\"article:published_time\" content=\"2019-09-17T17:29:39+00:00\" \/>\n<meta property=\"article:modified_time\" content=\"2019-09-17T22:53:58+00:00\" \/>\n<meta property=\"og:image\" content=\"https:\/\/diariotextual.com\/inicio\/wp-content\/uploads\/2018\/06\/rauschenbergerariel.jpg\" \/>\n\t<meta property=\"og:image:width\" content=\"804\" \/>\n\t<meta property=\"og:image:height\" content=\"610\" \/>\n\t<meta property=\"og:image:type\" content=\"image\/jpeg\" \/>\n<meta name=\"author\" content=\"Diario1 Diario1\" \/>\n<meta name=\"twitter:card\" content=\"summary_large_image\" \/>\n<meta name=\"twitter:creator\" content=\"@eltextual\" \/>\n<meta name=\"twitter:site\" content=\"@eltextual\" \/>\n<meta name=\"twitter:label1\" content=\"Escrito por\" \/>\n\t<meta name=\"twitter:data1\" content=\"Diario1 Diario1\" \/>\n\t<meta name=\"twitter:label2\" content=\"Tiempo de lectura\" \/>\n\t<meta name=\"twitter:data2\" content=\"1 minuto\" \/>\n<script type=\"application\/ld+json\" class=\"yoast-schema-graph\">{\"@context\":\"https:\\\/\\\/schema.org\",\"@graph\":[{\"@type\":\"Article\",\"@id\":\"https:\\\/\\\/diariotextual.com\\\/inicio\\\/index.php\\\/2019\\\/09\\\/17\\\/rauschenberger-dice-presupuesto-2020-preve-recorte-la-pampa\\\/#article\",\"isPartOf\":{\"@id\":\"https:\\\/\\\/diariotextual.com\\\/inicio\\\/index.php\\\/2019\\\/09\\\/17\\\/rauschenberger-dice-presupuesto-2020-preve-recorte-la-pampa\\\/\"},\"author\":{\"name\":\"Diario1 Diario1\",\"@id\":\"https:\\\/\\\/diariotextual.com\\\/inicio\\\/#\\\/schema\\\/person\\\/418fc4093c33e86ed41562db3508f958\"},\"headline\":\"Rauschenberger dice que el Presupuesto 2020 prev\u00e9 otro recorte a La Pampa\",\"datePublished\":\"2019-09-17T17:29:39+00:00\",\"dateModified\":\"2019-09-17T22:53:58+00:00\",\"mainEntityOfPage\":{\"@id\":\"https:\\\/\\\/diariotextual.com\\\/inicio\\\/index.php\\\/2019\\\/09\\\/17\\\/rauschenberger-dice-presupuesto-2020-preve-recorte-la-pampa\\\/\"},\"wordCount\":306,\"publisher\":{\"@id\":\"https:\\\/\\\/diariotextual.com\\\/inicio\\\/#organization\"},\"image\":{\"@id\":\"https:\\\/\\\/diariotextual.com\\\/inicio\\\/index.php\\\/2019\\\/09\\\/17\\\/rauschenberger-dice-presupuesto-2020-preve-recorte-la-pampa\\\/#primaryimage\"},\"thumbnailUrl\":\"https:\\\/\\\/diariotextual.com\\\/inicio\\\/wp-content\\\/uploads\\\/2018\\\/06\\\/rauschenbergerariel.jpg\",\"articleSection\":[\"A - TEMPORALES\",\"ECONOMIA\"],\"inLanguage\":\"es\"},{\"@type\":\"WebPage\",\"@id\":\"https:\\\/\\\/diariotextual.com\\\/inicio\\\/index.php\\\/2019\\\/09\\\/17\\\/rauschenberger-dice-presupuesto-2020-preve-recorte-la-pampa\\\/\",\"url\":\"https:\\\/\\\/diariotextual.com\\\/inicio\\\/index.php\\\/2019\\\/09\\\/17\\\/rauschenberger-dice-presupuesto-2020-preve-recorte-la-pampa\\\/\",\"name\":\"Rauschenberger dice que el Presupuesto 2020 prev\u00e9 otro recorte a La Pampa - Diario Textual\",\"isPartOf\":{\"@id\":\"https:\\\/\\\/diariotextual.com\\\/inicio\\\/#website\"},\"primaryImageOfPage\":{\"@id\":\"https:\\\/\\\/diariotextual.com\\\/inicio\\\/index.php\\\/2019\\\/09\\\/17\\\/rauschenberger-dice-presupuesto-2020-preve-recorte-la-pampa\\\/#primaryimage\"},\"image\":{\"@id\":\"https:\\\/\\\/diariotextual.com\\\/inicio\\\/index.php\\\/2019\\\/09\\\/17\\\/rauschenberger-dice-presupuesto-2020-preve-recorte-la-pampa\\\/#primaryimage\"},\"thumbnailUrl\":\"https:\\\/\\\/diariotextual.com\\\/inicio\\\/wp-content\\\/uploads\\\/2018\\\/06\\\/rauschenbergerariel.jpg\",\"datePublished\":\"2019-09-17T17:29:39+00:00\",\"dateModified\":\"2019-09-17T22:53:58+00:00\",\"breadcrumb\":{\"@id\":\"https:\\\/\\\/diariotextual.com\\\/inicio\\\/index.php\\\/2019\\\/09\\\/17\\\/rauschenberger-dice-presupuesto-2020-preve-recorte-la-pampa\\\/#breadcrumb\"},\"inLanguage\":\"es\",\"potentialAction\":[{\"@type\":\"ReadAction\",\"target\":[\"https:\\\/\\\/diariotextual.com\\\/inicio\\\/index.php\\\/2019\\\/09\\\/17\\\/rauschenberger-dice-presupuesto-2020-preve-recorte-la-pampa\\\/\"]}]},{\"@type\":\"ImageObject\",\"inLanguage\":\"es\",\"@id\":\"https:\\\/\\\/diariotextual.com\\\/inicio\\\/index.php\\\/2019\\\/09\\\/17\\\/rauschenberger-dice-presupuesto-2020-preve-recorte-la-pampa\\\/#primaryimage\",\"url\":\"https:\\\/\\\/diariotextual.com\\\/inicio\\\/wp-content\\\/uploads\\\/2018\\\/06\\\/rauschenbergerariel.jpg\",\"contentUrl\":\"https:\\\/\\\/diariotextual.com\\\/inicio\\\/wp-content\\\/uploads\\\/2018\\\/06\\\/rauschenbergerariel.jpg\",\"width\":804,\"height\":610},{\"@type\":\"BreadcrumbList\",\"@id\":\"https:\\\/\\\/diariotextual.com\\\/inicio\\\/index.php\\\/2019\\\/09\\\/17\\\/rauschenberger-dice-presupuesto-2020-preve-recorte-la-pampa\\\/#breadcrumb\",\"itemListElement\":[{\"@type\":\"ListItem\",\"position\":1,\"name\":\"Portada\",\"item\":\"https:\\\/\\\/diariotextual.com\\\/inicio\\\/\"},{\"@type\":\"ListItem\",\"position\":2,\"name\":\"Rauschenberger dice que el Presupuesto 2020 prev\u00e9 otro recorte a La Pampa\"}]},{\"@type\":\"WebSite\",\"@id\":\"https:\\\/\\\/diariotextual.com\\\/inicio\\\/#website\",\"url\":\"https:\\\/\\\/diariotextual.com\\\/inicio\\\/\",\"name\":\"Diario Textual\",\"description\":\"\",\"publisher\":{\"@id\":\"https:\\\/\\\/diariotextual.com\\\/inicio\\\/#organization\"},\"potentialAction\":[{\"@type\":\"SearchAction\",\"target\":{\"@type\":\"EntryPoint\",\"urlTemplate\":\"https:\\\/\\\/diariotextual.com\\\/inicio\\\/?s={search_term_string}\"},\"query-input\":{\"@type\":\"PropertyValueSpecification\",\"valueRequired\":true,\"valueName\":\"search_term_string\"}}],\"inLanguage\":\"es\"},{\"@type\":\"Organization\",\"@id\":\"https:\\\/\\\/diariotextual.com\\\/inicio\\\/#organization\",\"name\":\"Diario Textual\",\"url\":\"https:\\\/\\\/diariotextual.com\\\/inicio\\\/\",\"logo\":{\"@type\":\"ImageObject\",\"inLanguage\":\"es\",\"@id\":\"https:\\\/\\\/diariotextual.com\\\/inicio\\\/#\\\/schema\\\/logo\\\/image\\\/\",\"url\":\"https:\\\/\\\/diariotextual.com\\\/inicio\\\/wp-content\\\/uploads\\\/2023\\\/05\\\/logotextual1.jpg\",\"contentUrl\":\"https:\\\/\\\/diariotextual.com\\\/inicio\\\/wp-content\\\/uploads\\\/2023\\\/05\\\/logotextual1.jpg\",\"width\":516,\"height\":76,\"caption\":\"Diario Textual\"},\"image\":{\"@id\":\"https:\\\/\\\/diariotextual.com\\\/inicio\\\/#\\\/schema\\\/logo\\\/image\\\/\"},\"sameAs\":[\"https:\\\/\\\/www.facebook.com\\\/eltextual\",\"https:\\\/\\\/x.com\\\/eltextual\",\"http:\\\/\\\/www.instagram.com\\\/eltextual\"]},{\"@type\":\"Person\",\"@id\":\"https:\\\/\\\/diariotextual.com\\\/inicio\\\/#\\\/schema\\\/person\\\/418fc4093c33e86ed41562db3508f958\",\"name\":\"Diario1 Diario1\",\"image\":{\"@type\":\"ImageObject\",\"inLanguage\":\"es\",\"@id\":\"https:\\\/\\\/secure.gravatar.com\\\/avatar\\\/9167d280179c85bc18be67aa7eda765854300033af4896dd779b608640f2ef7a?s=96&d=mm&r=g\",\"url\":\"https:\\\/\\\/secure.gravatar.com\\\/avatar\\\/9167d280179c85bc18be67aa7eda765854300033af4896dd779b608640f2ef7a?s=96&d=mm&r=g\",\"contentUrl\":\"https:\\\/\\\/secure.gravatar.com\\\/avatar\\\/9167d280179c85bc18be67aa7eda765854300033af4896dd779b608640f2ef7a?s=96&d=mm&r=g\",\"caption\":\"Diario1 Diario1\"},\"url\":\"https:\\\/\\\/diariotextual.com\\\/inicio\\\/index.php\\\/author\\\/diario1\\\/\"}]}<\/script>\n<!-- \/ Yoast SEO plugin. -->","yoast_head_json":{"title":"Rauschenberger dice que el Presupuesto 2020 prev\u00e9 otro recorte a La Pampa - Diario Textual","robots":{"index":"index","follow":"follow","max-snippet":"max-snippet:-1","max-image-preview":"max-image-preview:large","max-video-preview":"max-video-preview:-1"},"canonical":"https:\/\/diariotextual.com\/inicio\/index.php\/2019\/09\/17\/rauschenberger-dice-presupuesto-2020-preve-recorte-la-pampa\/","og_locale":"es_ES","og_type":"article","og_title":"Rauschenberger dice que el Presupuesto 2020 prev\u00e9 otro recorte a La Pampa - Diario Textual","og_description":"El diputado nacional por el justicialismo pampeano, Ariel Rauschenberger, advirti\u00f3 que el proyecto de presupuesto que elabor\u00f3 el Gobierno de Mauricio prev\u00e9 nuevos recortes en las transferencias provinciales que afectar\u00edan&hellip;","og_url":"https:\/\/diariotextual.com\/inicio\/index.php\/2019\/09\/17\/rauschenberger-dice-presupuesto-2020-preve-recorte-la-pampa\/","og_site_name":"Diario Textual","article_publisher":"https:\/\/www.facebook.com\/eltextual","article_published_time":"2019-09-17T17:29:39+00:00","article_modified_time":"2019-09-17T22:53:58+00:00","og_image":[{"width":804,"height":610,"url":"https:\/\/diariotextual.com\/inicio\/wp-content\/uploads\/2018\/06\/rauschenbergerariel.jpg","type":"image\/jpeg"}],"author":"Diario1 Diario1","twitter_card":"summary_large_image","twitter_creator":"@eltextual","twitter_site":"@eltextual","twitter_misc":{"Escrito por":"Diario1 Diario1","Tiempo de lectura":"1 minuto"},"schema":{"@context":"https:\/\/schema.org","@graph":[{"@type":"Article","@id":"https:\/\/diariotextual.com\/inicio\/index.php\/2019\/09\/17\/rauschenberger-dice-presupuesto-2020-preve-recorte-la-pampa\/#article","isPartOf":{"@id":"https:\/\/diariotextual.com\/inicio\/index.php\/2019\/09\/17\/rauschenberger-dice-presupuesto-2020-preve-recorte-la-pampa\/"},"author":{"name":"Diario1 Diario1","@id":"https:\/\/diariotextual.com\/inicio\/#\/schema\/person\/418fc4093c33e86ed41562db3508f958"},"headline":"Rauschenberger dice que el Presupuesto 2020 prev\u00e9 otro recorte a La Pampa","datePublished":"2019-09-17T17:29:39+00:00","dateModified":"2019-09-17T22:53:58+00:00","mainEntityOfPage":{"@id":"https:\/\/diariotextual.com\/inicio\/index.php\/2019\/09\/17\/rauschenberger-dice-presupuesto-2020-preve-recorte-la-pampa\/"},"wordCount":306,"publisher":{"@id":"https:\/\/diariotextual.com\/inicio\/#organization"},"image":{"@id":"https:\/\/diariotextual.com\/inicio\/index.php\/2019\/09\/17\/rauschenberger-dice-presupuesto-2020-preve-recorte-la-pampa\/#primaryimage"},"thumbnailUrl":"https:\/\/diariotextual.com\/inicio\/wp-content\/uploads\/2018\/06\/rauschenbergerariel.jpg","articleSection":["A - TEMPORALES","ECONOMIA"],"inLanguage":"es"},{"@type":"WebPage","@id":"https:\/\/diariotextual.com\/inicio\/index.php\/2019\/09\/17\/rauschenberger-dice-presupuesto-2020-preve-recorte-la-pampa\/","url":"https:\/\/diariotextual.com\/inicio\/index.php\/2019\/09\/17\/rauschenberger-dice-presupuesto-2020-preve-recorte-la-pampa\/","name":"Rauschenberger dice que el Presupuesto 2020 prev\u00e9 otro recorte a La Pampa - Diario Textual","isPartOf":{"@id":"https:\/\/diariotextual.com\/inicio\/#website"},"primaryImageOfPage":{"@id":"https:\/\/diariotextual.com\/inicio\/index.php\/2019\/09\/17\/rauschenberger-dice-presupuesto-2020-preve-recorte-la-pampa\/#primaryimage"},"image":{"@id":"https:\/\/diariotextual.com\/inicio\/index.php\/2019\/09\/17\/rauschenberger-dice-presupuesto-2020-preve-recorte-la-pampa\/#primaryimage"},"thumbnailUrl":"https:\/\/diariotextual.com\/inicio\/wp-content\/uploads\/2018\/06\/rauschenbergerariel.jpg","datePublished":"2019-09-17T17:29:39+00:00","dateModified":"2019-09-17T22:53:58+00:00","breadcrumb":{"@id":"https:\/\/diariotextual.com\/inicio\/index.php\/2019\/09\/17\/rauschenberger-dice-presupuesto-2020-preve-recorte-la-pampa\/#breadcrumb"},"inLanguage":"es","potentialAction":[{"@type":"ReadAction","target":["https:\/\/diariotextual.com\/inicio\/index.php\/2019\/09\/17\/rauschenberger-dice-presupuesto-2020-preve-recorte-la-pampa\/"]}]},{"@type":"ImageObject","inLanguage":"es","@id":"https:\/\/diariotextual.com\/inicio\/index.php\/2019\/09\/17\/rauschenberger-dice-presupuesto-2020-preve-recorte-la-pampa\/#primaryimage","url":"https:\/\/diariotextual.com\/inicio\/wp-content\/uploads\/2018\/06\/rauschenbergerariel.jpg","contentUrl":"https:\/\/diariotextual.com\/inicio\/wp-content\/uploads\/2018\/06\/rauschenbergerariel.jpg","width":804,"height":610},{"@type":"BreadcrumbList","@id":"https:\/\/diariotextual.com\/inicio\/index.php\/2019\/09\/17\/rauschenberger-dice-presupuesto-2020-preve-recorte-la-pampa\/#breadcrumb","itemListElement":[{"@type":"ListItem","position":1,"name":"Portada","item":"https:\/\/diariotextual.com\/inicio\/"},{"@type":"ListItem","position":2,"name":"Rauschenberger dice que el Presupuesto 2020 prev\u00e9 otro recorte a La Pampa"}]},{"@type":"WebSite","@id":"https:\/\/diariotextual.com\/inicio\/#website","url":"https:\/\/diariotextual.com\/inicio\/","name":"Diario Textual","description":"","publisher":{"@id":"https:\/\/diariotextual.com\/inicio\/#organization"},"potentialAction":[{"@type":"SearchAction","target":{"@type":"EntryPoint","urlTemplate":"https:\/\/diariotextual.com\/inicio\/?s={search_term_string}"},"query-input":{"@type":"PropertyValueSpecification","valueRequired":true,"valueName":"search_term_string"}}],"inLanguage":"es"},{"@type":"Organization","@id":"https:\/\/diariotextual.com\/inicio\/#organization","name":"Diario Textual","url":"https:\/\/diariotextual.com\/inicio\/","logo":{"@type":"ImageObject","inLanguage":"es","@id":"https:\/\/diariotextual.com\/inicio\/#\/schema\/logo\/image\/","url":"https:\/\/diariotextual.com\/inicio\/wp-content\/uploads\/2023\/05\/logotextual1.jpg","contentUrl":"https:\/\/diariotextual.com\/inicio\/wp-content\/uploads\/2023\/05\/logotextual1.jpg","width":516,"height":76,"caption":"Diario Textual"},"image":{"@id":"https:\/\/diariotextual.com\/inicio\/#\/schema\/logo\/image\/"},"sameAs":["https:\/\/www.facebook.com\/eltextual","https:\/\/x.com\/eltextual","http:\/\/www.instagram.com\/eltextual"]},{"@type":"Person","@id":"https:\/\/diariotextual.com\/inicio\/#\/schema\/person\/418fc4093c33e86ed41562db3508f958","name":"Diario1 Diario1","image":{"@type":"ImageObject","inLanguage":"es","@id":"https:\/\/secure.gravatar.com\/avatar\/9167d280179c85bc18be67aa7eda765854300033af4896dd779b608640f2ef7a?s=96&d=mm&r=g","url":"https:\/\/secure.gravatar.com\/avatar\/9167d280179c85bc18be67aa7eda765854300033af4896dd779b608640f2ef7a?s=96&d=mm&r=g","contentUrl":"https:\/\/secure.gravatar.com\/avatar\/9167d280179c85bc18be67aa7eda765854300033af4896dd779b608640f2ef7a?s=96&d=mm&r=g","caption":"Diario1 Diario1"},"url":"https:\/\/diariotextual.com\/inicio\/index.php\/author\/diario1\/"}]}},"_links":{"self":[{"href":"https:\/\/diariotextual.com\/inicio\/index.php\/wp-json\/wp\/v2\/posts\/62916","targetHints":{"allow":["GET"]}}],"collection":[{"href":"https:\/\/diariotextual.com\/inicio\/index.php\/wp-json\/wp\/v2\/posts"}],"about":[{"href":"https:\/\/diariotextual.com\/inicio\/index.php\/wp-json\/wp\/v2\/types\/post"}],"author":[{"embeddable":true,"href":"https:\/\/diariotextual.com\/inicio\/index.php\/wp-json\/wp\/v2\/users\/3"}],"replies":[{"embeddable":true,"href":"https:\/\/diariotextual.com\/inicio\/index.php\/wp-json\/wp\/v2\/comments?post=62916"}],"version-history":[{"count":1,"href":"https:\/\/diariotextual.com\/inicio\/index.php\/wp-json\/wp\/v2\/posts\/62916\/revisions"}],"predecessor-version":[{"id":62917,"href":"https:\/\/diariotextual.com\/inicio\/index.php\/wp-json\/wp\/v2\/posts\/62916\/revisions\/62917"}],"wp:featuredmedia":[{"embeddable":true,"href":"https:\/\/diariotextual.com\/inicio\/index.php\/wp-json\/wp\/v2\/media\/9386"}],"wp:attachment":[{"href":"https:\/\/diariotextual.com\/inicio\/index.php\/wp-json\/wp\/v2\/media?parent=62916"}],"wp:term":[{"taxonomy":"category","embeddable":true,"href":"https:\/\/diariotextual.com\/inicio\/index.php\/wp-json\/wp\/v2\/categories?post=62916"},{"taxonomy":"post_tag","embeddable":true,"href":"https:\/\/diariotextual.com\/inicio\/index.php\/wp-json\/wp\/v2\/tags?post=62916"}],"curies":[{"name":"wp","href":"https:\/\/api.w.org\/{rel}","templated":true}]}}