{"id":62926,"date":"2019-09-17T16:47:08","date_gmt":"2019-09-17T19:47:08","guid":{"rendered":"http:\/\/diariotextual.com\/inicio\/?p=62926"},"modified":"2019-09-18T07:54:17","modified_gmt":"2019-09-18T10:54:17","slug":"dolar-5902-valor-mas-alto-del-mes","status":"publish","type":"post","link":"https:\/\/diariotextual.com\/inicio\/index.php\/2019\/09\/17\/dolar-5902-valor-mas-alto-del-mes\/","title":{"rendered":"El d\u00f3lar a $ 59,02, el valor m\u00e1s alto del mes"},"content":{"rendered":"<p>Fortalecido a nivel global y con muy poco volumen operado a nivel local, <strong>el d\u00f3lar avanz\u00f3 28 centavos este martes a $59,06 y alcanz\u00f3 su valor m\u00e1s alto en lo que va de septiembre en bancos y agencias de la city porte\u00f1a<\/strong>, seg\u00fan el promedio de \u00c1mbito Financiero.<\/p>\n<p><!--more--><\/p>\n<p>El alza se dio pese a ventas de bancos oficiales y posturas del Banco Central en futuros, expresaron operadores.<\/p>\n<p>En el Banco Naci\u00f3n la divisa salt\u00f3 50 centavos a $58,50 para la venta, mientras que en el canal electr\u00f3nico se consigui\u00f3 a $58,45. En tanto, en el Mercado \u00danico y Libre de Cambios (MULC), la moneda estadounidense ascendi\u00f3 22 centavos a $56,50.<\/p>\n<p>\u201cLa divisa norteamericana volvi\u00f3 a operar con tono demandado y con escasa oferta genuina, reemplazada en esta oportunidad por la presencia de los bancos p\u00fablicos en el desarrollo de las operaciones\u201d, destaco Gustavo Quintana, operador de PR Corredores de Cambio.<\/p>\n<p>Y agreg\u00f3 que con la nueva suba del tipo de cambio mayorista, la segunda consecutiva desde el inicio de la semana y la tercera si se toma en cuenta el avance del viernes pasado: \u201cLos precios del d\u00f3lar escalan posiciones sin que se detecte un cambio significativo en el flujo de ingresos privados que puedan relevar a los bancos oficiales de oficiar de vendedores y con la finalidad de abastecer una demanda que se mantiene activa en el mercado\u201d.<\/p>\n<p>El precio m\u00ednimo de hoy se anot\u00f3 en los $56,30 con la primera operaci\u00f3n pactada, dos centavos arriba de los precios registrados en el cierre previo. Sin embargo, por empuje de una demanda por cobertura que no tuvo demasiada respuesta del lado de los ingresos genuinos, los valores escalaron posiciones r\u00e1pidamente hasta alcanzar m\u00e1ximos en los $ 56,52.<\/p>\n<p>El volumen operado en el segmento de contado fue de u$s306,050 millones, sin que se pudiera confirmar la presencia del Banco Central en el desarrollo de las operaciones.<\/p>\n<p>&nbsp;<\/p>\n<p><strong>\u201cContado con liqui\u201d<\/strong><\/p>\n<p>En el mercado financiero, el d\u00f3lar \u00abcontado con liqui\u00bb ca\u00eda $1,60 a $69,48 por lo que la brecha con la divisa mayorista era de 22,9%. Asimismo, el d\u00f3lar MEP perd\u00eda 67 centavos a $65,64, lo que implicaba una brecha del 15,97% frente a la cotizaci\u00f3n en el MULC.<\/p>\n<p>En el mercado negro, en tanto, el d\u00f3lar blue subi\u00f3 50 centavos a $62 en cuevas de la city porte\u00f1a, de acuerdo a fuentes consultadas por \u00c1mbito.<\/p>\n","protected":false},"excerpt":{"rendered":"<p>Fortalecido a nivel global y con muy poco volumen operado a nivel local, el d\u00f3lar avanz\u00f3 28 centavos este martes a $59,06 y alcanz\u00f3 su valor m\u00e1s alto en lo&hellip;<\/p>\n","protected":false},"author":5,"featured_media":18620,"comment_status":"closed","ping_status":"open","sticky":false,"template":"","format":"standard","meta":{"_acf_changed":false,"footnotes":""},"categories":[11,5],"tags":[],"class_list":["post-62926","post","type-post","status-publish","format-standard","has-post-thumbnail","hentry","category-que-pasa","category-economia"],"acf":[],"yoast_head":"<!-- This site is optimized with the Yoast SEO plugin v27.5 - https:\/\/yoast.com\/product\/yoast-seo-wordpress\/ -->\n<title>El d\u00f3lar a $ 59,02, el valor m\u00e1s alto del mes - Diario Textual<\/title>\n<meta name=\"robots\" content=\"index, follow, max-snippet:-1, max-image-preview:large, max-video-preview:-1\" \/>\n<link rel=\"canonical\" href=\"https:\/\/diariotextual.com\/inicio\/index.php\/2019\/09\/17\/dolar-5902-valor-mas-alto-del-mes\/\" \/>\n<meta property=\"og:locale\" content=\"es_ES\" \/>\n<meta property=\"og:type\" content=\"article\" \/>\n<meta property=\"og:title\" content=\"El d\u00f3lar a $ 59,02, el valor m\u00e1s alto del mes - Diario Textual\" \/>\n<meta property=\"og:description\" content=\"Fortalecido a nivel global y con muy poco volumen operado a nivel local, el d\u00f3lar avanz\u00f3 28 centavos este martes a $59,06 y alcanz\u00f3 su valor m\u00e1s alto en lo&hellip;\" \/>\n<meta property=\"og:url\" content=\"https:\/\/diariotextual.com\/inicio\/index.php\/2019\/09\/17\/dolar-5902-valor-mas-alto-del-mes\/\" \/>\n<meta property=\"og:site_name\" content=\"Diario Textual\" \/>\n<meta property=\"article:publisher\" content=\"https:\/\/www.facebook.com\/eltextual\" \/>\n<meta property=\"article:published_time\" content=\"2019-09-17T19:47:08+00:00\" \/>\n<meta property=\"article:modified_time\" content=\"2019-09-18T10:54:17+00:00\" \/>\n<meta property=\"og:image\" content=\"https:\/\/diariotextual.com\/inicio\/wp-content\/uploads\/2018\/08\/dolar000011.jpg\" \/>\n\t<meta property=\"og:image:width\" content=\"719\" \/>\n\t<meta property=\"og:image:height\" content=\"444\" \/>\n\t<meta property=\"og:image:type\" content=\"image\/jpeg\" \/>\n<meta name=\"author\" content=\"diario3\" \/>\n<meta name=\"twitter:card\" content=\"summary_large_image\" \/>\n<meta name=\"twitter:creator\" content=\"@eltextual\" \/>\n<meta name=\"twitter:site\" content=\"@eltextual\" \/>\n<meta name=\"twitter:label1\" content=\"Escrito por\" \/>\n\t<meta name=\"twitter:data1\" content=\"diario3\" \/>\n\t<meta name=\"twitter:label2\" content=\"Tiempo de lectura\" \/>\n\t<meta name=\"twitter:data2\" content=\"2 minutos\" \/>\n<script type=\"application\/ld+json\" class=\"yoast-schema-graph\">{\"@context\":\"https:\\\/\\\/schema.org\",\"@graph\":[{\"@type\":\"Article\",\"@id\":\"https:\\\/\\\/diariotextual.com\\\/inicio\\\/index.php\\\/2019\\\/09\\\/17\\\/dolar-5902-valor-mas-alto-del-mes\\\/#article\",\"isPartOf\":{\"@id\":\"https:\\\/\\\/diariotextual.com\\\/inicio\\\/index.php\\\/2019\\\/09\\\/17\\\/dolar-5902-valor-mas-alto-del-mes\\\/\"},\"author\":{\"name\":\"diario3\",\"@id\":\"https:\\\/\\\/diariotextual.com\\\/inicio\\\/#\\\/schema\\\/person\\\/a1b6f563e0ee944c60f98119389a4d9f\"},\"headline\":\"El d\u00f3lar a $ 59,02, el valor m\u00e1s alto del mes\",\"datePublished\":\"2019-09-17T19:47:08+00:00\",\"dateModified\":\"2019-09-18T10:54:17+00:00\",\"mainEntityOfPage\":{\"@id\":\"https:\\\/\\\/diariotextual.com\\\/inicio\\\/index.php\\\/2019\\\/09\\\/17\\\/dolar-5902-valor-mas-alto-del-mes\\\/\"},\"wordCount\":407,\"publisher\":{\"@id\":\"https:\\\/\\\/diariotextual.com\\\/inicio\\\/#organization\"},\"image\":{\"@id\":\"https:\\\/\\\/diariotextual.com\\\/inicio\\\/index.php\\\/2019\\\/09\\\/17\\\/dolar-5902-valor-mas-alto-del-mes\\\/#primaryimage\"},\"thumbnailUrl\":\"https:\\\/\\\/diariotextual.com\\\/inicio\\\/wp-content\\\/uploads\\\/2018\\\/08\\\/dolar000011.jpg\",\"articleSection\":[\"A - QUE PASA (al costado)\",\"ECONOMIA\"],\"inLanguage\":\"es\"},{\"@type\":\"WebPage\",\"@id\":\"https:\\\/\\\/diariotextual.com\\\/inicio\\\/index.php\\\/2019\\\/09\\\/17\\\/dolar-5902-valor-mas-alto-del-mes\\\/\",\"url\":\"https:\\\/\\\/diariotextual.com\\\/inicio\\\/index.php\\\/2019\\\/09\\\/17\\\/dolar-5902-valor-mas-alto-del-mes\\\/\",\"name\":\"El d\u00f3lar a $ 59,02, el valor m\u00e1s alto del mes - Diario Textual\",\"isPartOf\":{\"@id\":\"https:\\\/\\\/diariotextual.com\\\/inicio\\\/#website\"},\"primaryImageOfPage\":{\"@id\":\"https:\\\/\\\/diariotextual.com\\\/inicio\\\/index.php\\\/2019\\\/09\\\/17\\\/dolar-5902-valor-mas-alto-del-mes\\\/#primaryimage\"},\"image\":{\"@id\":\"https:\\\/\\\/diariotextual.com\\\/inicio\\\/index.php\\\/2019\\\/09\\\/17\\\/dolar-5902-valor-mas-alto-del-mes\\\/#primaryimage\"},\"thumbnailUrl\":\"https:\\\/\\\/diariotextual.com\\\/inicio\\\/wp-content\\\/uploads\\\/2018\\\/08\\\/dolar000011.jpg\",\"datePublished\":\"2019-09-17T19:47:08+00:00\",\"dateModified\":\"2019-09-18T10:54:17+00:00\",\"breadcrumb\":{\"@id\":\"https:\\\/\\\/diariotextual.com\\\/inicio\\\/index.php\\\/2019\\\/09\\\/17\\\/dolar-5902-valor-mas-alto-del-mes\\\/#breadcrumb\"},\"inLanguage\":\"es\",\"potentialAction\":[{\"@type\":\"ReadAction\",\"target\":[\"https:\\\/\\\/diariotextual.com\\\/inicio\\\/index.php\\\/2019\\\/09\\\/17\\\/dolar-5902-valor-mas-alto-del-mes\\\/\"]}]},{\"@type\":\"ImageObject\",\"inLanguage\":\"es\",\"@id\":\"https:\\\/\\\/diariotextual.com\\\/inicio\\\/index.php\\\/2019\\\/09\\\/17\\\/dolar-5902-valor-mas-alto-del-mes\\\/#primaryimage\",\"url\":\"https:\\\/\\\/diariotextual.com\\\/inicio\\\/wp-content\\\/uploads\\\/2018\\\/08\\\/dolar000011.jpg\",\"contentUrl\":\"https:\\\/\\\/diariotextual.com\\\/inicio\\\/wp-content\\\/uploads\\\/2018\\\/08\\\/dolar000011.jpg\",\"width\":719,\"height\":444},{\"@type\":\"BreadcrumbList\",\"@id\":\"https:\\\/\\\/diariotextual.com\\\/inicio\\\/index.php\\\/2019\\\/09\\\/17\\\/dolar-5902-valor-mas-alto-del-mes\\\/#breadcrumb\",\"itemListElement\":[{\"@type\":\"ListItem\",\"position\":1,\"name\":\"Portada\",\"item\":\"https:\\\/\\\/diariotextual.com\\\/inicio\\\/\"},{\"@type\":\"ListItem\",\"position\":2,\"name\":\"El d\u00f3lar a $ 59,02, el valor m\u00e1s alto del mes\"}]},{\"@type\":\"WebSite\",\"@id\":\"https:\\\/\\\/diariotextual.com\\\/inicio\\\/#website\",\"url\":\"https:\\\/\\\/diariotextual.com\\\/inicio\\\/\",\"name\":\"Diario Textual\",\"description\":\"\",\"publisher\":{\"@id\":\"https:\\\/\\\/diariotextual.com\\\/inicio\\\/#organization\"},\"potentialAction\":[{\"@type\":\"SearchAction\",\"target\":{\"@type\":\"EntryPoint\",\"urlTemplate\":\"https:\\\/\\\/diariotextual.com\\\/inicio\\\/?s={search_term_string}\"},\"query-input\":{\"@type\":\"PropertyValueSpecification\",\"valueRequired\":true,\"valueName\":\"search_term_string\"}}],\"inLanguage\":\"es\"},{\"@type\":\"Organization\",\"@id\":\"https:\\\/\\\/diariotextual.com\\\/inicio\\\/#organization\",\"name\":\"Diario Textual\",\"url\":\"https:\\\/\\\/diariotextual.com\\\/inicio\\\/\",\"logo\":{\"@type\":\"ImageObject\",\"inLanguage\":\"es\",\"@id\":\"https:\\\/\\\/diariotextual.com\\\/inicio\\\/#\\\/schema\\\/logo\\\/image\\\/\",\"url\":\"https:\\\/\\\/diariotextual.com\\\/inicio\\\/wp-content\\\/uploads\\\/2023\\\/05\\\/logotextual1.jpg\",\"contentUrl\":\"https:\\\/\\\/diariotextual.com\\\/inicio\\\/wp-content\\\/uploads\\\/2023\\\/05\\\/logotextual1.jpg\",\"width\":516,\"height\":76,\"caption\":\"Diario Textual\"},\"image\":{\"@id\":\"https:\\\/\\\/diariotextual.com\\\/inicio\\\/#\\\/schema\\\/logo\\\/image\\\/\"},\"sameAs\":[\"https:\\\/\\\/www.facebook.com\\\/eltextual\",\"https:\\\/\\\/x.com\\\/eltextual\",\"http:\\\/\\\/www.instagram.com\\\/eltextual\"]},{\"@type\":\"Person\",\"@id\":\"https:\\\/\\\/diariotextual.com\\\/inicio\\\/#\\\/schema\\\/person\\\/a1b6f563e0ee944c60f98119389a4d9f\",\"name\":\"diario3\",\"image\":{\"@type\":\"ImageObject\",\"inLanguage\":\"es\",\"@id\":\"https:\\\/\\\/secure.gravatar.com\\\/avatar\\\/5e7ee62c82fc04d9dd79d746a390d93c69c43223e5faeeb3ea9461ef752bfc5d?s=96&d=mm&r=g\",\"url\":\"https:\\\/\\\/secure.gravatar.com\\\/avatar\\\/5e7ee62c82fc04d9dd79d746a390d93c69c43223e5faeeb3ea9461ef752bfc5d?s=96&d=mm&r=g\",\"contentUrl\":\"https:\\\/\\\/secure.gravatar.com\\\/avatar\\\/5e7ee62c82fc04d9dd79d746a390d93c69c43223e5faeeb3ea9461ef752bfc5d?s=96&d=mm&r=g\",\"caption\":\"diario3\"},\"url\":\"https:\\\/\\\/diariotextual.com\\\/inicio\\\/index.php\\\/author\\\/diario3\\\/\"}]}<\/script>\n<!-- \/ Yoast SEO plugin. -->","yoast_head_json":{"title":"El d\u00f3lar a $ 59,02, el valor m\u00e1s alto del mes - Diario Textual","robots":{"index":"index","follow":"follow","max-snippet":"max-snippet:-1","max-image-preview":"max-image-preview:large","max-video-preview":"max-video-preview:-1"},"canonical":"https:\/\/diariotextual.com\/inicio\/index.php\/2019\/09\/17\/dolar-5902-valor-mas-alto-del-mes\/","og_locale":"es_ES","og_type":"article","og_title":"El d\u00f3lar a $ 59,02, el valor m\u00e1s alto del mes - Diario Textual","og_description":"Fortalecido a nivel global y con muy poco volumen operado a nivel local, el d\u00f3lar avanz\u00f3 28 centavos este martes a $59,06 y alcanz\u00f3 su valor m\u00e1s alto en lo&hellip;","og_url":"https:\/\/diariotextual.com\/inicio\/index.php\/2019\/09\/17\/dolar-5902-valor-mas-alto-del-mes\/","og_site_name":"Diario Textual","article_publisher":"https:\/\/www.facebook.com\/eltextual","article_published_time":"2019-09-17T19:47:08+00:00","article_modified_time":"2019-09-18T10:54:17+00:00","og_image":[{"width":719,"height":444,"url":"https:\/\/diariotextual.com\/inicio\/wp-content\/uploads\/2018\/08\/dolar000011.jpg","type":"image\/jpeg"}],"author":"diario3","twitter_card":"summary_large_image","twitter_creator":"@eltextual","twitter_site":"@eltextual","twitter_misc":{"Escrito por":"diario3","Tiempo de lectura":"2 minutos"},"schema":{"@context":"https:\/\/schema.org","@graph":[{"@type":"Article","@id":"https:\/\/diariotextual.com\/inicio\/index.php\/2019\/09\/17\/dolar-5902-valor-mas-alto-del-mes\/#article","isPartOf":{"@id":"https:\/\/diariotextual.com\/inicio\/index.php\/2019\/09\/17\/dolar-5902-valor-mas-alto-del-mes\/"},"author":{"name":"diario3","@id":"https:\/\/diariotextual.com\/inicio\/#\/schema\/person\/a1b6f563e0ee944c60f98119389a4d9f"},"headline":"El d\u00f3lar a $ 59,02, el valor m\u00e1s alto del mes","datePublished":"2019-09-17T19:47:08+00:00","dateModified":"2019-09-18T10:54:17+00:00","mainEntityOfPage":{"@id":"https:\/\/diariotextual.com\/inicio\/index.php\/2019\/09\/17\/dolar-5902-valor-mas-alto-del-mes\/"},"wordCount":407,"publisher":{"@id":"https:\/\/diariotextual.com\/inicio\/#organization"},"image":{"@id":"https:\/\/diariotextual.com\/inicio\/index.php\/2019\/09\/17\/dolar-5902-valor-mas-alto-del-mes\/#primaryimage"},"thumbnailUrl":"https:\/\/diariotextual.com\/inicio\/wp-content\/uploads\/2018\/08\/dolar000011.jpg","articleSection":["A - QUE PASA (al costado)","ECONOMIA"],"inLanguage":"es"},{"@type":"WebPage","@id":"https:\/\/diariotextual.com\/inicio\/index.php\/2019\/09\/17\/dolar-5902-valor-mas-alto-del-mes\/","url":"https:\/\/diariotextual.com\/inicio\/index.php\/2019\/09\/17\/dolar-5902-valor-mas-alto-del-mes\/","name":"El d\u00f3lar a $ 59,02, el valor m\u00e1s alto del mes - Diario Textual","isPartOf":{"@id":"https:\/\/diariotextual.com\/inicio\/#website"},"primaryImageOfPage":{"@id":"https:\/\/diariotextual.com\/inicio\/index.php\/2019\/09\/17\/dolar-5902-valor-mas-alto-del-mes\/#primaryimage"},"image":{"@id":"https:\/\/diariotextual.com\/inicio\/index.php\/2019\/09\/17\/dolar-5902-valor-mas-alto-del-mes\/#primaryimage"},"thumbnailUrl":"https:\/\/diariotextual.com\/inicio\/wp-content\/uploads\/2018\/08\/dolar000011.jpg","datePublished":"2019-09-17T19:47:08+00:00","dateModified":"2019-09-18T10:54:17+00:00","breadcrumb":{"@id":"https:\/\/diariotextual.com\/inicio\/index.php\/2019\/09\/17\/dolar-5902-valor-mas-alto-del-mes\/#breadcrumb"},"inLanguage":"es","potentialAction":[{"@type":"ReadAction","target":["https:\/\/diariotextual.com\/inicio\/index.php\/2019\/09\/17\/dolar-5902-valor-mas-alto-del-mes\/"]}]},{"@type":"ImageObject","inLanguage":"es","@id":"https:\/\/diariotextual.com\/inicio\/index.php\/2019\/09\/17\/dolar-5902-valor-mas-alto-del-mes\/#primaryimage","url":"https:\/\/diariotextual.com\/inicio\/wp-content\/uploads\/2018\/08\/dolar000011.jpg","contentUrl":"https:\/\/diariotextual.com\/inicio\/wp-content\/uploads\/2018\/08\/dolar000011.jpg","width":719,"height":444},{"@type":"BreadcrumbList","@id":"https:\/\/diariotextual.com\/inicio\/index.php\/2019\/09\/17\/dolar-5902-valor-mas-alto-del-mes\/#breadcrumb","itemListElement":[{"@type":"ListItem","position":1,"name":"Portada","item":"https:\/\/diariotextual.com\/inicio\/"},{"@type":"ListItem","position":2,"name":"El d\u00f3lar a $ 59,02, el valor m\u00e1s alto del mes"}]},{"@type":"WebSite","@id":"https:\/\/diariotextual.com\/inicio\/#website","url":"https:\/\/diariotextual.com\/inicio\/","name":"Diario Textual","description":"","publisher":{"@id":"https:\/\/diariotextual.com\/inicio\/#organization"},"potentialAction":[{"@type":"SearchAction","target":{"@type":"EntryPoint","urlTemplate":"https:\/\/diariotextual.com\/inicio\/?s={search_term_string}"},"query-input":{"@type":"PropertyValueSpecification","valueRequired":true,"valueName":"search_term_string"}}],"inLanguage":"es"},{"@type":"Organization","@id":"https:\/\/diariotextual.com\/inicio\/#organization","name":"Diario Textual","url":"https:\/\/diariotextual.com\/inicio\/","logo":{"@type":"ImageObject","inLanguage":"es","@id":"https:\/\/diariotextual.com\/inicio\/#\/schema\/logo\/image\/","url":"https:\/\/diariotextual.com\/inicio\/wp-content\/uploads\/2023\/05\/logotextual1.jpg","contentUrl":"https:\/\/diariotextual.com\/inicio\/wp-content\/uploads\/2023\/05\/logotextual1.jpg","width":516,"height":76,"caption":"Diario Textual"},"image":{"@id":"https:\/\/diariotextual.com\/inicio\/#\/schema\/logo\/image\/"},"sameAs":["https:\/\/www.facebook.com\/eltextual","https:\/\/x.com\/eltextual","http:\/\/www.instagram.com\/eltextual"]},{"@type":"Person","@id":"https:\/\/diariotextual.com\/inicio\/#\/schema\/person\/a1b6f563e0ee944c60f98119389a4d9f","name":"diario3","image":{"@type":"ImageObject","inLanguage":"es","@id":"https:\/\/secure.gravatar.com\/avatar\/5e7ee62c82fc04d9dd79d746a390d93c69c43223e5faeeb3ea9461ef752bfc5d?s=96&d=mm&r=g","url":"https:\/\/secure.gravatar.com\/avatar\/5e7ee62c82fc04d9dd79d746a390d93c69c43223e5faeeb3ea9461ef752bfc5d?s=96&d=mm&r=g","contentUrl":"https:\/\/secure.gravatar.com\/avatar\/5e7ee62c82fc04d9dd79d746a390d93c69c43223e5faeeb3ea9461ef752bfc5d?s=96&d=mm&r=g","caption":"diario3"},"url":"https:\/\/diariotextual.com\/inicio\/index.php\/author\/diario3\/"}]}},"_links":{"self":[{"href":"https:\/\/diariotextual.com\/inicio\/index.php\/wp-json\/wp\/v2\/posts\/62926","targetHints":{"allow":["GET"]}}],"collection":[{"href":"https:\/\/diariotextual.com\/inicio\/index.php\/wp-json\/wp\/v2\/posts"}],"about":[{"href":"https:\/\/diariotextual.com\/inicio\/index.php\/wp-json\/wp\/v2\/types\/post"}],"author":[{"embeddable":true,"href":"https:\/\/diariotextual.com\/inicio\/index.php\/wp-json\/wp\/v2\/users\/5"}],"replies":[{"embeddable":true,"href":"https:\/\/diariotextual.com\/inicio\/index.php\/wp-json\/wp\/v2\/comments?post=62926"}],"version-history":[{"count":1,"href":"https:\/\/diariotextual.com\/inicio\/index.php\/wp-json\/wp\/v2\/posts\/62926\/revisions"}],"predecessor-version":[{"id":62927,"href":"https:\/\/diariotextual.com\/inicio\/index.php\/wp-json\/wp\/v2\/posts\/62926\/revisions\/62927"}],"wp:featuredmedia":[{"embeddable":true,"href":"https:\/\/diariotextual.com\/inicio\/index.php\/wp-json\/wp\/v2\/media\/18620"}],"wp:attachment":[{"href":"https:\/\/diariotextual.com\/inicio\/index.php\/wp-json\/wp\/v2\/media?parent=62926"}],"wp:term":[{"taxonomy":"category","embeddable":true,"href":"https:\/\/diariotextual.com\/inicio\/index.php\/wp-json\/wp\/v2\/categories?post=62926"},{"taxonomy":"post_tag","embeddable":true,"href":"https:\/\/diariotextual.com\/inicio\/index.php\/wp-json\/wp\/v2\/tags?post=62926"}],"curies":[{"name":"wp","href":"https:\/\/api.w.org\/{rel}","templated":true}]}}