{"id":62933,"date":"2019-09-17T17:15:18","date_gmt":"2019-09-17T20:15:18","guid":{"rendered":"http:\/\/diariotextual.com\/inicio\/?p=62933"},"modified":"2019-09-18T11:41:29","modified_gmt":"2019-09-18T14:41:29","slug":"alonso-expuso-congreso-nacional-economia-social","status":"publish","type":"post","link":"https:\/\/diariotextual.com\/inicio\/index.php\/2019\/09\/17\/alonso-expuso-congreso-nacional-economia-social\/","title":{"rendered":"Alonso expuso en el Congreso Nacional de Econom\u00eda Social"},"content":{"rendered":"<p>La ministra de Desarrollo Social, Fernanda Alonso, expuso en el <strong>II Congreso Nacional de Econom\u00eda Social y Solidaria<\/strong> que se est\u00e1 llevando a cabo en la Universidad Nacional de Quilmes.<\/p>\n<p>Desde ayer y hasta ma\u00f1ana se lleva a cabo el\u00a0II Congreso Nacional de Econom\u00eda Social y Solidaria\u00a0en la Universidad Nacional de Quilmes (UNQ) co-organizado por las Universidades Nacionales del Centro de la Provincia de Buenos Aires, General Sarmiento, San Juan, Tres de Febrero, Santiago del Estero y La Plata en el marco de la Red Universitaria de Econom\u00eda Social y Solidaria (RUESS).<\/p>\n<p>La propuesta para el II Congreso Nacional \u00a0fue trabajar sobre La econom\u00eda popular ante la crisis. Por la defensa de derechos y hacia una econom\u00eda social y ambientalmente sostenible.<\/p>\n<p>El objetivo es reflexionar y debatir en torno a perspectivas y experiencias, trazando puentes entre la Econom\u00eda Social y Solidaria (ESS) y la Econom\u00eda Popular (EP) en el contexto actual de crisis y neoliberalismo, pero tambi\u00e9n, pensando c\u00f3mo estas pr\u00e1cticas y perspectivas aportan al sostenimiento y construcci\u00f3n de los Derechos Econ\u00f3micos, Culturales y Sociales (DESC) y contribuyen asimismo para el cumplimiento de los Objetivos de Desarrollo Sostenible propuestos por las Organizaci\u00f3n de Naciones Unidas.<\/p>\n<p>En este marco, la ministra Alonso junto al diputado nacional Daniel Arroyo, disert\u00f3 sobre las <strong>experiencias de Econom\u00eda Social en La Pampa desde el a\u00f1o 1992 c<\/strong>on la implementaci\u00f3n del programa Nehuent\u00fan, que consta de tres l\u00edneas de cr\u00e9ditos y tiene por objetivo potenciar y estimular el desarrollo de las personas, las familias y actores de la econom\u00eda social para ejecutar emprendimientos generadores de bienes y\/o servicios, acompa\u00f1ando financieramente y con asistencia t\u00e9cnica.<\/p>\n<p>Luego se refiri\u00f3 a la <strong>Ley\u00a02385 de\u00a0Descentralizaci\u00f3n<\/strong> implementada en el a\u00f1o 2007 que cre\u00f3 el programa Desarrollo de la Econom\u00eda Social a trav\u00e9s del cual <strong>se gestionan microcr\u00e9ditos\u00a0<\/strong>mediante el Municipio o Comisi\u00f3n de Fomento a personas mayores de edad que no tengan la posibilidad de acceder a cr\u00e9ditos bancarios, para realizar actividades productivas, comerciales o de servicios que se inician o est\u00e1n en marcha.<\/p>\n<p><strong>Hizo especial \u00e9nfasis en la creaci\u00f3n de la Direcci\u00f3n de Econom\u00eda Social en el a\u00f1o 2015<\/strong>, durante su mandato y expuso un monitoreo que realiz\u00f3 el Ministerio de Desarrollo Social de programas y asignaciones no solo de cr\u00e9ditos sino tambi\u00e9n de subsidios en especie.<\/p>\n<p>Para finalizar, <strong>se refiri\u00f3 a la implementaci\u00f3n del programa En Desarrollo<\/strong>, una propuesta que impuls\u00f3 en el a\u00f1o 2018 y que ha sido un hito para la Econom\u00eda Social en La Pampa. El programa En Desarrollo traza una l\u00ednea entre emprendedores consolidados y potenciales desde la perspectiva de la econom\u00eda social, es una estrategia integral para fortalecer e innovar los saberes del trabajo en personas, varones y mujeres, de bajos ingresos que trabajan o quieren trabajar por su propia cuenta. Promueve oportunidades de acceso y de permanencia en el emprendedorismo productivo local.<\/p>\n","protected":false},"excerpt":{"rendered":"<p>La ministra de Desarrollo Social, Fernanda Alonso, expuso en el II Congreso Nacional de Econom\u00eda Social y Solidaria que se est\u00e1 llevando a cabo en la Universidad Nacional de Quilmes.&hellip;<\/p>\n","protected":false},"author":4,"featured_media":62934,"comment_status":"closed","ping_status":"open","sticky":false,"template":"","format":"standard","meta":{"_acf_changed":false,"footnotes":""},"categories":[319,12],"tags":[],"class_list":["post-62933","post","type-post","status-publish","format-standard","has-post-thumbnail","hentry","category-a-temporales","category-sociedad"],"acf":[],"yoast_head":"<!-- This site is optimized with the Yoast SEO plugin v27.5 - https:\/\/yoast.com\/product\/yoast-seo-wordpress\/ -->\n<title>Alonso expuso en el Congreso Nacional de Econom\u00eda Social - Diario Textual<\/title>\n<meta name=\"robots\" content=\"index, follow, max-snippet:-1, max-image-preview:large, max-video-preview:-1\" \/>\n<link rel=\"canonical\" href=\"https:\/\/diariotextual.com\/inicio\/index.php\/2019\/09\/17\/alonso-expuso-congreso-nacional-economia-social\/\" \/>\n<meta property=\"og:locale\" content=\"es_ES\" \/>\n<meta property=\"og:type\" content=\"article\" \/>\n<meta property=\"og:title\" content=\"Alonso expuso en el Congreso Nacional de Econom\u00eda Social - Diario Textual\" \/>\n<meta property=\"og:description\" content=\"La ministra de Desarrollo Social, Fernanda Alonso, expuso en el II Congreso Nacional de Econom\u00eda Social y Solidaria que se est\u00e1 llevando a cabo en la Universidad Nacional de Quilmes.&hellip;\" \/>\n<meta property=\"og:url\" content=\"https:\/\/diariotextual.com\/inicio\/index.php\/2019\/09\/17\/alonso-expuso-congreso-nacional-economia-social\/\" \/>\n<meta property=\"og:site_name\" content=\"Diario Textual\" \/>\n<meta property=\"article:publisher\" content=\"https:\/\/www.facebook.com\/eltextual\" \/>\n<meta property=\"article:published_time\" content=\"2019-09-17T20:15:18+00:00\" \/>\n<meta property=\"article:modified_time\" content=\"2019-09-18T14:41:29+00:00\" \/>\n<meta property=\"og:image\" content=\"https:\/\/diariotextual.com\/inicio\/wp-content\/uploads\/2019\/09\/alonsoexponecongreso7483.jpg\" \/>\n\t<meta property=\"og:image:width\" content=\"800\" \/>\n\t<meta property=\"og:image:height\" content=\"457\" \/>\n\t<meta property=\"og:image:type\" content=\"image\/jpeg\" \/>\n<meta name=\"author\" content=\"diario2\" \/>\n<meta name=\"twitter:card\" content=\"summary_large_image\" \/>\n<meta name=\"twitter:creator\" content=\"@eltextual\" \/>\n<meta name=\"twitter:site\" content=\"@eltextual\" \/>\n<meta name=\"twitter:label1\" content=\"Escrito por\" \/>\n\t<meta name=\"twitter:data1\" content=\"diario2\" \/>\n\t<meta name=\"twitter:label2\" content=\"Tiempo de lectura\" \/>\n\t<meta name=\"twitter:data2\" content=\"3 minutos\" \/>\n<script type=\"application\/ld+json\" class=\"yoast-schema-graph\">{\"@context\":\"https:\\\/\\\/schema.org\",\"@graph\":[{\"@type\":\"Article\",\"@id\":\"https:\\\/\\\/diariotextual.com\\\/inicio\\\/index.php\\\/2019\\\/09\\\/17\\\/alonso-expuso-congreso-nacional-economia-social\\\/#article\",\"isPartOf\":{\"@id\":\"https:\\\/\\\/diariotextual.com\\\/inicio\\\/index.php\\\/2019\\\/09\\\/17\\\/alonso-expuso-congreso-nacional-economia-social\\\/\"},\"author\":{\"name\":\"diario2\",\"@id\":\"https:\\\/\\\/diariotextual.com\\\/inicio\\\/#\\\/schema\\\/person\\\/694f60677f23c4a530867a98f22b3768\"},\"headline\":\"Alonso expuso en el Congreso Nacional de Econom\u00eda Social\",\"datePublished\":\"2019-09-17T20:15:18+00:00\",\"dateModified\":\"2019-09-18T14:41:29+00:00\",\"mainEntityOfPage\":{\"@id\":\"https:\\\/\\\/diariotextual.com\\\/inicio\\\/index.php\\\/2019\\\/09\\\/17\\\/alonso-expuso-congreso-nacional-economia-social\\\/\"},\"wordCount\":521,\"publisher\":{\"@id\":\"https:\\\/\\\/diariotextual.com\\\/inicio\\\/#organization\"},\"image\":{\"@id\":\"https:\\\/\\\/diariotextual.com\\\/inicio\\\/index.php\\\/2019\\\/09\\\/17\\\/alonso-expuso-congreso-nacional-economia-social\\\/#primaryimage\"},\"thumbnailUrl\":\"https:\\\/\\\/diariotextual.com\\\/inicio\\\/wp-content\\\/uploads\\\/2019\\\/09\\\/alonsoexponecongreso7483.jpg\",\"articleSection\":[\"A - TEMPORALES\",\"SOCIEDAD\"],\"inLanguage\":\"es\"},{\"@type\":\"WebPage\",\"@id\":\"https:\\\/\\\/diariotextual.com\\\/inicio\\\/index.php\\\/2019\\\/09\\\/17\\\/alonso-expuso-congreso-nacional-economia-social\\\/\",\"url\":\"https:\\\/\\\/diariotextual.com\\\/inicio\\\/index.php\\\/2019\\\/09\\\/17\\\/alonso-expuso-congreso-nacional-economia-social\\\/\",\"name\":\"Alonso expuso en el Congreso Nacional de Econom\u00eda Social - Diario Textual\",\"isPartOf\":{\"@id\":\"https:\\\/\\\/diariotextual.com\\\/inicio\\\/#website\"},\"primaryImageOfPage\":{\"@id\":\"https:\\\/\\\/diariotextual.com\\\/inicio\\\/index.php\\\/2019\\\/09\\\/17\\\/alonso-expuso-congreso-nacional-economia-social\\\/#primaryimage\"},\"image\":{\"@id\":\"https:\\\/\\\/diariotextual.com\\\/inicio\\\/index.php\\\/2019\\\/09\\\/17\\\/alonso-expuso-congreso-nacional-economia-social\\\/#primaryimage\"},\"thumbnailUrl\":\"https:\\\/\\\/diariotextual.com\\\/inicio\\\/wp-content\\\/uploads\\\/2019\\\/09\\\/alonsoexponecongreso7483.jpg\",\"datePublished\":\"2019-09-17T20:15:18+00:00\",\"dateModified\":\"2019-09-18T14:41:29+00:00\",\"breadcrumb\":{\"@id\":\"https:\\\/\\\/diariotextual.com\\\/inicio\\\/index.php\\\/2019\\\/09\\\/17\\\/alonso-expuso-congreso-nacional-economia-social\\\/#breadcrumb\"},\"inLanguage\":\"es\",\"potentialAction\":[{\"@type\":\"ReadAction\",\"target\":[\"https:\\\/\\\/diariotextual.com\\\/inicio\\\/index.php\\\/2019\\\/09\\\/17\\\/alonso-expuso-congreso-nacional-economia-social\\\/\"]}]},{\"@type\":\"ImageObject\",\"inLanguage\":\"es\",\"@id\":\"https:\\\/\\\/diariotextual.com\\\/inicio\\\/index.php\\\/2019\\\/09\\\/17\\\/alonso-expuso-congreso-nacional-economia-social\\\/#primaryimage\",\"url\":\"https:\\\/\\\/diariotextual.com\\\/inicio\\\/wp-content\\\/uploads\\\/2019\\\/09\\\/alonsoexponecongreso7483.jpg\",\"contentUrl\":\"https:\\\/\\\/diariotextual.com\\\/inicio\\\/wp-content\\\/uploads\\\/2019\\\/09\\\/alonsoexponecongreso7483.jpg\",\"width\":800,\"height\":457},{\"@type\":\"BreadcrumbList\",\"@id\":\"https:\\\/\\\/diariotextual.com\\\/inicio\\\/index.php\\\/2019\\\/09\\\/17\\\/alonso-expuso-congreso-nacional-economia-social\\\/#breadcrumb\",\"itemListElement\":[{\"@type\":\"ListItem\",\"position\":1,\"name\":\"Portada\",\"item\":\"https:\\\/\\\/diariotextual.com\\\/inicio\\\/\"},{\"@type\":\"ListItem\",\"position\":2,\"name\":\"Alonso expuso en el Congreso Nacional de Econom\u00eda Social\"}]},{\"@type\":\"WebSite\",\"@id\":\"https:\\\/\\\/diariotextual.com\\\/inicio\\\/#website\",\"url\":\"https:\\\/\\\/diariotextual.com\\\/inicio\\\/\",\"name\":\"Diario Textual\",\"description\":\"\",\"publisher\":{\"@id\":\"https:\\\/\\\/diariotextual.com\\\/inicio\\\/#organization\"},\"potentialAction\":[{\"@type\":\"SearchAction\",\"target\":{\"@type\":\"EntryPoint\",\"urlTemplate\":\"https:\\\/\\\/diariotextual.com\\\/inicio\\\/?s={search_term_string}\"},\"query-input\":{\"@type\":\"PropertyValueSpecification\",\"valueRequired\":true,\"valueName\":\"search_term_string\"}}],\"inLanguage\":\"es\"},{\"@type\":\"Organization\",\"@id\":\"https:\\\/\\\/diariotextual.com\\\/inicio\\\/#organization\",\"name\":\"Diario Textual\",\"url\":\"https:\\\/\\\/diariotextual.com\\\/inicio\\\/\",\"logo\":{\"@type\":\"ImageObject\",\"inLanguage\":\"es\",\"@id\":\"https:\\\/\\\/diariotextual.com\\\/inicio\\\/#\\\/schema\\\/logo\\\/image\\\/\",\"url\":\"https:\\\/\\\/diariotextual.com\\\/inicio\\\/wp-content\\\/uploads\\\/2023\\\/05\\\/logotextual1.jpg\",\"contentUrl\":\"https:\\\/\\\/diariotextual.com\\\/inicio\\\/wp-content\\\/uploads\\\/2023\\\/05\\\/logotextual1.jpg\",\"width\":516,\"height\":76,\"caption\":\"Diario Textual\"},\"image\":{\"@id\":\"https:\\\/\\\/diariotextual.com\\\/inicio\\\/#\\\/schema\\\/logo\\\/image\\\/\"},\"sameAs\":[\"https:\\\/\\\/www.facebook.com\\\/eltextual\",\"https:\\\/\\\/x.com\\\/eltextual\",\"http:\\\/\\\/www.instagram.com\\\/eltextual\"]},{\"@type\":\"Person\",\"@id\":\"https:\\\/\\\/diariotextual.com\\\/inicio\\\/#\\\/schema\\\/person\\\/694f60677f23c4a530867a98f22b3768\",\"name\":\"diario2\",\"image\":{\"@type\":\"ImageObject\",\"inLanguage\":\"es\",\"@id\":\"https:\\\/\\\/secure.gravatar.com\\\/avatar\\\/5a2567495ba16b852fcd8f1ed006a2e24fcace936018ed8237e95f488ad6e0a7?s=96&d=mm&r=g\",\"url\":\"https:\\\/\\\/secure.gravatar.com\\\/avatar\\\/5a2567495ba16b852fcd8f1ed006a2e24fcace936018ed8237e95f488ad6e0a7?s=96&d=mm&r=g\",\"contentUrl\":\"https:\\\/\\\/secure.gravatar.com\\\/avatar\\\/5a2567495ba16b852fcd8f1ed006a2e24fcace936018ed8237e95f488ad6e0a7?s=96&d=mm&r=g\",\"caption\":\"diario2\"},\"url\":\"https:\\\/\\\/diariotextual.com\\\/inicio\\\/index.php\\\/author\\\/diario2\\\/\"}]}<\/script>\n<!-- \/ Yoast SEO plugin. -->","yoast_head_json":{"title":"Alonso expuso en el Congreso Nacional de Econom\u00eda Social - Diario Textual","robots":{"index":"index","follow":"follow","max-snippet":"max-snippet:-1","max-image-preview":"max-image-preview:large","max-video-preview":"max-video-preview:-1"},"canonical":"https:\/\/diariotextual.com\/inicio\/index.php\/2019\/09\/17\/alonso-expuso-congreso-nacional-economia-social\/","og_locale":"es_ES","og_type":"article","og_title":"Alonso expuso en el Congreso Nacional de Econom\u00eda Social - Diario Textual","og_description":"La ministra de Desarrollo Social, Fernanda Alonso, expuso en el II Congreso Nacional de Econom\u00eda Social y Solidaria que se est\u00e1 llevando a cabo en la Universidad Nacional de Quilmes.&hellip;","og_url":"https:\/\/diariotextual.com\/inicio\/index.php\/2019\/09\/17\/alonso-expuso-congreso-nacional-economia-social\/","og_site_name":"Diario Textual","article_publisher":"https:\/\/www.facebook.com\/eltextual","article_published_time":"2019-09-17T20:15:18+00:00","article_modified_time":"2019-09-18T14:41:29+00:00","og_image":[{"width":800,"height":457,"url":"https:\/\/diariotextual.com\/inicio\/wp-content\/uploads\/2019\/09\/alonsoexponecongreso7483.jpg","type":"image\/jpeg"}],"author":"diario2","twitter_card":"summary_large_image","twitter_creator":"@eltextual","twitter_site":"@eltextual","twitter_misc":{"Escrito por":"diario2","Tiempo de lectura":"3 minutos"},"schema":{"@context":"https:\/\/schema.org","@graph":[{"@type":"Article","@id":"https:\/\/diariotextual.com\/inicio\/index.php\/2019\/09\/17\/alonso-expuso-congreso-nacional-economia-social\/#article","isPartOf":{"@id":"https:\/\/diariotextual.com\/inicio\/index.php\/2019\/09\/17\/alonso-expuso-congreso-nacional-economia-social\/"},"author":{"name":"diario2","@id":"https:\/\/diariotextual.com\/inicio\/#\/schema\/person\/694f60677f23c4a530867a98f22b3768"},"headline":"Alonso expuso en el Congreso Nacional de Econom\u00eda Social","datePublished":"2019-09-17T20:15:18+00:00","dateModified":"2019-09-18T14:41:29+00:00","mainEntityOfPage":{"@id":"https:\/\/diariotextual.com\/inicio\/index.php\/2019\/09\/17\/alonso-expuso-congreso-nacional-economia-social\/"},"wordCount":521,"publisher":{"@id":"https:\/\/diariotextual.com\/inicio\/#organization"},"image":{"@id":"https:\/\/diariotextual.com\/inicio\/index.php\/2019\/09\/17\/alonso-expuso-congreso-nacional-economia-social\/#primaryimage"},"thumbnailUrl":"https:\/\/diariotextual.com\/inicio\/wp-content\/uploads\/2019\/09\/alonsoexponecongreso7483.jpg","articleSection":["A - TEMPORALES","SOCIEDAD"],"inLanguage":"es"},{"@type":"WebPage","@id":"https:\/\/diariotextual.com\/inicio\/index.php\/2019\/09\/17\/alonso-expuso-congreso-nacional-economia-social\/","url":"https:\/\/diariotextual.com\/inicio\/index.php\/2019\/09\/17\/alonso-expuso-congreso-nacional-economia-social\/","name":"Alonso expuso en el Congreso Nacional de Econom\u00eda Social - Diario Textual","isPartOf":{"@id":"https:\/\/diariotextual.com\/inicio\/#website"},"primaryImageOfPage":{"@id":"https:\/\/diariotextual.com\/inicio\/index.php\/2019\/09\/17\/alonso-expuso-congreso-nacional-economia-social\/#primaryimage"},"image":{"@id":"https:\/\/diariotextual.com\/inicio\/index.php\/2019\/09\/17\/alonso-expuso-congreso-nacional-economia-social\/#primaryimage"},"thumbnailUrl":"https:\/\/diariotextual.com\/inicio\/wp-content\/uploads\/2019\/09\/alonsoexponecongreso7483.jpg","datePublished":"2019-09-17T20:15:18+00:00","dateModified":"2019-09-18T14:41:29+00:00","breadcrumb":{"@id":"https:\/\/diariotextual.com\/inicio\/index.php\/2019\/09\/17\/alonso-expuso-congreso-nacional-economia-social\/#breadcrumb"},"inLanguage":"es","potentialAction":[{"@type":"ReadAction","target":["https:\/\/diariotextual.com\/inicio\/index.php\/2019\/09\/17\/alonso-expuso-congreso-nacional-economia-social\/"]}]},{"@type":"ImageObject","inLanguage":"es","@id":"https:\/\/diariotextual.com\/inicio\/index.php\/2019\/09\/17\/alonso-expuso-congreso-nacional-economia-social\/#primaryimage","url":"https:\/\/diariotextual.com\/inicio\/wp-content\/uploads\/2019\/09\/alonsoexponecongreso7483.jpg","contentUrl":"https:\/\/diariotextual.com\/inicio\/wp-content\/uploads\/2019\/09\/alonsoexponecongreso7483.jpg","width":800,"height":457},{"@type":"BreadcrumbList","@id":"https:\/\/diariotextual.com\/inicio\/index.php\/2019\/09\/17\/alonso-expuso-congreso-nacional-economia-social\/#breadcrumb","itemListElement":[{"@type":"ListItem","position":1,"name":"Portada","item":"https:\/\/diariotextual.com\/inicio\/"},{"@type":"ListItem","position":2,"name":"Alonso expuso en el Congreso Nacional de Econom\u00eda Social"}]},{"@type":"WebSite","@id":"https:\/\/diariotextual.com\/inicio\/#website","url":"https:\/\/diariotextual.com\/inicio\/","name":"Diario Textual","description":"","publisher":{"@id":"https:\/\/diariotextual.com\/inicio\/#organization"},"potentialAction":[{"@type":"SearchAction","target":{"@type":"EntryPoint","urlTemplate":"https:\/\/diariotextual.com\/inicio\/?s={search_term_string}"},"query-input":{"@type":"PropertyValueSpecification","valueRequired":true,"valueName":"search_term_string"}}],"inLanguage":"es"},{"@type":"Organization","@id":"https:\/\/diariotextual.com\/inicio\/#organization","name":"Diario Textual","url":"https:\/\/diariotextual.com\/inicio\/","logo":{"@type":"ImageObject","inLanguage":"es","@id":"https:\/\/diariotextual.com\/inicio\/#\/schema\/logo\/image\/","url":"https:\/\/diariotextual.com\/inicio\/wp-content\/uploads\/2023\/05\/logotextual1.jpg","contentUrl":"https:\/\/diariotextual.com\/inicio\/wp-content\/uploads\/2023\/05\/logotextual1.jpg","width":516,"height":76,"caption":"Diario Textual"},"image":{"@id":"https:\/\/diariotextual.com\/inicio\/#\/schema\/logo\/image\/"},"sameAs":["https:\/\/www.facebook.com\/eltextual","https:\/\/x.com\/eltextual","http:\/\/www.instagram.com\/eltextual"]},{"@type":"Person","@id":"https:\/\/diariotextual.com\/inicio\/#\/schema\/person\/694f60677f23c4a530867a98f22b3768","name":"diario2","image":{"@type":"ImageObject","inLanguage":"es","@id":"https:\/\/secure.gravatar.com\/avatar\/5a2567495ba16b852fcd8f1ed006a2e24fcace936018ed8237e95f488ad6e0a7?s=96&d=mm&r=g","url":"https:\/\/secure.gravatar.com\/avatar\/5a2567495ba16b852fcd8f1ed006a2e24fcace936018ed8237e95f488ad6e0a7?s=96&d=mm&r=g","contentUrl":"https:\/\/secure.gravatar.com\/avatar\/5a2567495ba16b852fcd8f1ed006a2e24fcace936018ed8237e95f488ad6e0a7?s=96&d=mm&r=g","caption":"diario2"},"url":"https:\/\/diariotextual.com\/inicio\/index.php\/author\/diario2\/"}]}},"_links":{"self":[{"href":"https:\/\/diariotextual.com\/inicio\/index.php\/wp-json\/wp\/v2\/posts\/62933","targetHints":{"allow":["GET"]}}],"collection":[{"href":"https:\/\/diariotextual.com\/inicio\/index.php\/wp-json\/wp\/v2\/posts"}],"about":[{"href":"https:\/\/diariotextual.com\/inicio\/index.php\/wp-json\/wp\/v2\/types\/post"}],"author":[{"embeddable":true,"href":"https:\/\/diariotextual.com\/inicio\/index.php\/wp-json\/wp\/v2\/users\/4"}],"replies":[{"embeddable":true,"href":"https:\/\/diariotextual.com\/inicio\/index.php\/wp-json\/wp\/v2\/comments?post=62933"}],"version-history":[{"count":1,"href":"https:\/\/diariotextual.com\/inicio\/index.php\/wp-json\/wp\/v2\/posts\/62933\/revisions"}],"predecessor-version":[{"id":62935,"href":"https:\/\/diariotextual.com\/inicio\/index.php\/wp-json\/wp\/v2\/posts\/62933\/revisions\/62935"}],"wp:featuredmedia":[{"embeddable":true,"href":"https:\/\/diariotextual.com\/inicio\/index.php\/wp-json\/wp\/v2\/media\/62934"}],"wp:attachment":[{"href":"https:\/\/diariotextual.com\/inicio\/index.php\/wp-json\/wp\/v2\/media?parent=62933"}],"wp:term":[{"taxonomy":"category","embeddable":true,"href":"https:\/\/diariotextual.com\/inicio\/index.php\/wp-json\/wp\/v2\/categories?post=62933"},{"taxonomy":"post_tag","embeddable":true,"href":"https:\/\/diariotextual.com\/inicio\/index.php\/wp-json\/wp\/v2\/tags?post=62933"}],"curies":[{"name":"wp","href":"https:\/\/api.w.org\/{rel}","templated":true}]}}