{"id":62936,"date":"2019-09-17T17:20:57","date_gmt":"2019-09-17T20:20:57","guid":{"rendered":"http:\/\/diariotextual.com\/inicio\/?p=62936"},"modified":"2019-09-18T11:41:34","modified_gmt":"2019-09-18T14:41:34","slug":"detuvieron-daniel-maguila-puccio-brasil","status":"publish","type":"post","link":"https:\/\/diariotextual.com\/inicio\/index.php\/2019\/09\/17\/detuvieron-daniel-maguila-puccio-brasil\/","title":{"rendered":"Detuvieron a Daniel Maguila Puccio en Brasil"},"content":{"rendered":"<p>La <strong>Polic\u00eda de Brasil detuvo en Foz do Iguaz\u00fa a Daniel Maguila Arqu\u00edmedes Puccio, el entregador del clan familiar que durante la d\u00e9cada de 1980 secuestr\u00f3 a cuatro empresarios<\/strong> y asesin\u00f3 a tres de ellos en su casa del partido bonaerense de San Isidro.<\/p>\n<p><!--more--><\/p>\n<p>Daniel Puccio, de 58 a\u00f1os, cay\u00f3 cuando viajaba a San Pablo en un micro con otras 14 pasajeros. Lo detuvieron agentes brasile\u00f1os cuando descubrieron que <strong>ten\u00eda un documento falso durante un operativo antidrogas en una ruta, a 100 kil\u00f3metros de San Pablo.<\/strong><\/p>\n<p>Seg\u00fan se constat\u00f3, Maguila hab\u00eda comprado una nueva identidad y su correspondiente documento. Sin embargo, no le alcanz\u00f3 para evitar que en el control vial se diesen cuenta que su documentaci\u00f3n era adulterada, inform\u00f3 P\u00e1gina \/ 12.<\/p>\n<p>Su <strong>padre, l\u00edder de la banda, Arqu\u00edmedes Puccio, vivi\u00f3 sus \u00faltimos a\u00f1os en la ciudad de General Pico, donde estuvo detenido desde 2008 en el Instituto Correccional Abierto de esa ciudad<\/strong>, tras que se le revocara una domiciliaria que cumpl\u00eda en Capital Federal. Falleci\u00f3 en mayo de 2013, a los 83 a\u00f1os, y fue enterrado en el cementerio de Pico en una fosa com\u00fan.<\/p>\n<p>&nbsp;<\/p>\n<p><strong>Nervioso<\/strong><\/p>\n<p>De acuerdo al portal O\u2019Globo, Puccio se puso nervioso al momento de entregar la identificaci\u00f3n a los polic\u00edas. \u201cEl dijo que ten\u00eda identidad falsa porque pensaba quedarse m\u00e1s tiempo en Brasil, pero no creemos en su versi\u00f3n. Subimos al micro en un operativo antidrogas\u201d, manifest\u00f3 un funcionario policial al diario brasile\u00f1o.<\/p>\n<p><strong>Puccio fue traladado a una comisar\u00eda con una multa y un plazo de 60 d\u00edas para regularizar su permanencia en el pa\u00eds. Las autoridades verificaron su identidad y comprobaron que no exist\u00eda un pedido de captura<\/strong>. Tambi\u00e9n se comprob\u00f3 que llevaba encima d\u00f3lares. Daniel Puccio dijo que eran para comprar una propiedad.<\/p>\n<p>A pesar de ser uno de los art\u00edfices del secuestro y asesinato de los empresarios Ricardo Manoukian, Emilio Naum y Eduardo Aulet, <strong>\u201cMaguila\u201d nunca cumpli\u00f3 la sentencia a 13 a\u00f1os de prisi\u00f3n por los delitos porque se fug\u00f3, luego regres\u00f3 al pa\u00eds s\u00f3lo para certificar la prescripci\u00f3n del caso y desde entonces no se supo nada m\u00e1s de \u00e9l.<\/strong><\/p>\n<p><strong>En 1995 los Puccio fueron condenados a prisi\u00f3n perpetua y Arqu\u00edmedes pas\u00f3 varios a\u00f1os en la c\u00e1rcel hasta que por su edad empez\u00f3 a gozar del beneficio de la prisi\u00f3n domiciliaria<\/strong>, en la misma casa donde se hab\u00edan cometido los cr\u00edmenes. Luego en 2008 se resolvi\u00f3 su excarcelaci\u00f3n bajo el beneficio del 2 x 1.<\/p>\n<p>El <strong>hermano de \u201cMaguila\u201d, Alejandro, tambi\u00e9n hab\u00eda conseguido la excarcelaci\u00f3n pero muri\u00f3 en 2008, a los 49 a\u00f1os<\/strong>, como consecuencia de una infecci\u00f3n generalizada.<\/p>\n","protected":false},"excerpt":{"rendered":"<p>La Polic\u00eda de Brasil detuvo en Foz do Iguaz\u00fa a Daniel Maguila Arqu\u00edmedes Puccio, el entregador del clan familiar que durante la d\u00e9cada de 1980 secuestr\u00f3 a cuatro empresarios y&hellip;<\/p>\n","protected":false},"author":5,"featured_media":62937,"comment_status":"closed","ping_status":"open","sticky":false,"template":"","format":"standard","meta":{"_acf_changed":false,"footnotes":""},"categories":[319,12],"tags":[],"class_list":["post-62936","post","type-post","status-publish","format-standard","has-post-thumbnail","hentry","category-a-temporales","category-sociedad"],"acf":[],"yoast_head":"<!-- This site is optimized with the Yoast SEO plugin v27.5 - https:\/\/yoast.com\/product\/yoast-seo-wordpress\/ -->\n<title>Detuvieron a Daniel Maguila Puccio en Brasil - Diario Textual<\/title>\n<meta name=\"robots\" content=\"index, follow, max-snippet:-1, max-image-preview:large, max-video-preview:-1\" \/>\n<link rel=\"canonical\" href=\"https:\/\/diariotextual.com\/inicio\/index.php\/2019\/09\/17\/detuvieron-daniel-maguila-puccio-brasil\/\" \/>\n<meta property=\"og:locale\" content=\"es_ES\" \/>\n<meta property=\"og:type\" content=\"article\" \/>\n<meta property=\"og:title\" content=\"Detuvieron a Daniel Maguila Puccio en Brasil - Diario Textual\" \/>\n<meta property=\"og:description\" content=\"La Polic\u00eda de Brasil detuvo en Foz do Iguaz\u00fa a Daniel Maguila Arqu\u00edmedes Puccio, el entregador del clan familiar que durante la d\u00e9cada de 1980 secuestr\u00f3 a cuatro empresarios y&hellip;\" \/>\n<meta property=\"og:url\" content=\"https:\/\/diariotextual.com\/inicio\/index.php\/2019\/09\/17\/detuvieron-daniel-maguila-puccio-brasil\/\" \/>\n<meta property=\"og:site_name\" content=\"Diario Textual\" \/>\n<meta property=\"article:publisher\" content=\"https:\/\/www.facebook.com\/eltextual\" \/>\n<meta property=\"article:published_time\" content=\"2019-09-17T20:20:57+00:00\" \/>\n<meta property=\"article:modified_time\" content=\"2019-09-18T14:41:34+00:00\" \/>\n<meta property=\"og:image\" content=\"https:\/\/diariotextual.com\/inicio\/wp-content\/uploads\/2019\/09\/pucciodanielmaguila.jpg\" \/>\n\t<meta property=\"og:image:width\" content=\"700\" \/>\n\t<meta property=\"og:image:height\" content=\"392\" \/>\n\t<meta property=\"og:image:type\" content=\"image\/jpeg\" \/>\n<meta name=\"author\" content=\"diario3\" \/>\n<meta name=\"twitter:card\" content=\"summary_large_image\" \/>\n<meta name=\"twitter:creator\" content=\"@eltextual\" \/>\n<meta name=\"twitter:site\" content=\"@eltextual\" \/>\n<meta name=\"twitter:label1\" content=\"Escrito por\" \/>\n\t<meta name=\"twitter:data1\" content=\"diario3\" \/>\n\t<meta name=\"twitter:label2\" content=\"Tiempo de lectura\" \/>\n\t<meta name=\"twitter:data2\" content=\"2 minutos\" \/>\n<script type=\"application\/ld+json\" class=\"yoast-schema-graph\">{\"@context\":\"https:\\\/\\\/schema.org\",\"@graph\":[{\"@type\":\"Article\",\"@id\":\"https:\\\/\\\/diariotextual.com\\\/inicio\\\/index.php\\\/2019\\\/09\\\/17\\\/detuvieron-daniel-maguila-puccio-brasil\\\/#article\",\"isPartOf\":{\"@id\":\"https:\\\/\\\/diariotextual.com\\\/inicio\\\/index.php\\\/2019\\\/09\\\/17\\\/detuvieron-daniel-maguila-puccio-brasil\\\/\"},\"author\":{\"name\":\"diario3\",\"@id\":\"https:\\\/\\\/diariotextual.com\\\/inicio\\\/#\\\/schema\\\/person\\\/a1b6f563e0ee944c60f98119389a4d9f\"},\"headline\":\"Detuvieron a Daniel Maguila Puccio en Brasil\",\"datePublished\":\"2019-09-17T20:20:57+00:00\",\"dateModified\":\"2019-09-18T14:41:34+00:00\",\"mainEntityOfPage\":{\"@id\":\"https:\\\/\\\/diariotextual.com\\\/inicio\\\/index.php\\\/2019\\\/09\\\/17\\\/detuvieron-daniel-maguila-puccio-brasil\\\/\"},\"wordCount\":470,\"publisher\":{\"@id\":\"https:\\\/\\\/diariotextual.com\\\/inicio\\\/#organization\"},\"image\":{\"@id\":\"https:\\\/\\\/diariotextual.com\\\/inicio\\\/index.php\\\/2019\\\/09\\\/17\\\/detuvieron-daniel-maguila-puccio-brasil\\\/#primaryimage\"},\"thumbnailUrl\":\"https:\\\/\\\/diariotextual.com\\\/inicio\\\/wp-content\\\/uploads\\\/2019\\\/09\\\/pucciodanielmaguila.jpg\",\"articleSection\":[\"A - TEMPORALES\",\"SOCIEDAD\"],\"inLanguage\":\"es\"},{\"@type\":\"WebPage\",\"@id\":\"https:\\\/\\\/diariotextual.com\\\/inicio\\\/index.php\\\/2019\\\/09\\\/17\\\/detuvieron-daniel-maguila-puccio-brasil\\\/\",\"url\":\"https:\\\/\\\/diariotextual.com\\\/inicio\\\/index.php\\\/2019\\\/09\\\/17\\\/detuvieron-daniel-maguila-puccio-brasil\\\/\",\"name\":\"Detuvieron a Daniel Maguila Puccio en Brasil - Diario Textual\",\"isPartOf\":{\"@id\":\"https:\\\/\\\/diariotextual.com\\\/inicio\\\/#website\"},\"primaryImageOfPage\":{\"@id\":\"https:\\\/\\\/diariotextual.com\\\/inicio\\\/index.php\\\/2019\\\/09\\\/17\\\/detuvieron-daniel-maguila-puccio-brasil\\\/#primaryimage\"},\"image\":{\"@id\":\"https:\\\/\\\/diariotextual.com\\\/inicio\\\/index.php\\\/2019\\\/09\\\/17\\\/detuvieron-daniel-maguila-puccio-brasil\\\/#primaryimage\"},\"thumbnailUrl\":\"https:\\\/\\\/diariotextual.com\\\/inicio\\\/wp-content\\\/uploads\\\/2019\\\/09\\\/pucciodanielmaguila.jpg\",\"datePublished\":\"2019-09-17T20:20:57+00:00\",\"dateModified\":\"2019-09-18T14:41:34+00:00\",\"breadcrumb\":{\"@id\":\"https:\\\/\\\/diariotextual.com\\\/inicio\\\/index.php\\\/2019\\\/09\\\/17\\\/detuvieron-daniel-maguila-puccio-brasil\\\/#breadcrumb\"},\"inLanguage\":\"es\",\"potentialAction\":[{\"@type\":\"ReadAction\",\"target\":[\"https:\\\/\\\/diariotextual.com\\\/inicio\\\/index.php\\\/2019\\\/09\\\/17\\\/detuvieron-daniel-maguila-puccio-brasil\\\/\"]}]},{\"@type\":\"ImageObject\",\"inLanguage\":\"es\",\"@id\":\"https:\\\/\\\/diariotextual.com\\\/inicio\\\/index.php\\\/2019\\\/09\\\/17\\\/detuvieron-daniel-maguila-puccio-brasil\\\/#primaryimage\",\"url\":\"https:\\\/\\\/diariotextual.com\\\/inicio\\\/wp-content\\\/uploads\\\/2019\\\/09\\\/pucciodanielmaguila.jpg\",\"contentUrl\":\"https:\\\/\\\/diariotextual.com\\\/inicio\\\/wp-content\\\/uploads\\\/2019\\\/09\\\/pucciodanielmaguila.jpg\",\"width\":700,\"height\":392},{\"@type\":\"BreadcrumbList\",\"@id\":\"https:\\\/\\\/diariotextual.com\\\/inicio\\\/index.php\\\/2019\\\/09\\\/17\\\/detuvieron-daniel-maguila-puccio-brasil\\\/#breadcrumb\",\"itemListElement\":[{\"@type\":\"ListItem\",\"position\":1,\"name\":\"Portada\",\"item\":\"https:\\\/\\\/diariotextual.com\\\/inicio\\\/\"},{\"@type\":\"ListItem\",\"position\":2,\"name\":\"Detuvieron a Daniel Maguila Puccio en Brasil\"}]},{\"@type\":\"WebSite\",\"@id\":\"https:\\\/\\\/diariotextual.com\\\/inicio\\\/#website\",\"url\":\"https:\\\/\\\/diariotextual.com\\\/inicio\\\/\",\"name\":\"Diario Textual\",\"description\":\"\",\"publisher\":{\"@id\":\"https:\\\/\\\/diariotextual.com\\\/inicio\\\/#organization\"},\"potentialAction\":[{\"@type\":\"SearchAction\",\"target\":{\"@type\":\"EntryPoint\",\"urlTemplate\":\"https:\\\/\\\/diariotextual.com\\\/inicio\\\/?s={search_term_string}\"},\"query-input\":{\"@type\":\"PropertyValueSpecification\",\"valueRequired\":true,\"valueName\":\"search_term_string\"}}],\"inLanguage\":\"es\"},{\"@type\":\"Organization\",\"@id\":\"https:\\\/\\\/diariotextual.com\\\/inicio\\\/#organization\",\"name\":\"Diario Textual\",\"url\":\"https:\\\/\\\/diariotextual.com\\\/inicio\\\/\",\"logo\":{\"@type\":\"ImageObject\",\"inLanguage\":\"es\",\"@id\":\"https:\\\/\\\/diariotextual.com\\\/inicio\\\/#\\\/schema\\\/logo\\\/image\\\/\",\"url\":\"https:\\\/\\\/diariotextual.com\\\/inicio\\\/wp-content\\\/uploads\\\/2023\\\/05\\\/logotextual1.jpg\",\"contentUrl\":\"https:\\\/\\\/diariotextual.com\\\/inicio\\\/wp-content\\\/uploads\\\/2023\\\/05\\\/logotextual1.jpg\",\"width\":516,\"height\":76,\"caption\":\"Diario Textual\"},\"image\":{\"@id\":\"https:\\\/\\\/diariotextual.com\\\/inicio\\\/#\\\/schema\\\/logo\\\/image\\\/\"},\"sameAs\":[\"https:\\\/\\\/www.facebook.com\\\/eltextual\",\"https:\\\/\\\/x.com\\\/eltextual\",\"http:\\\/\\\/www.instagram.com\\\/eltextual\"]},{\"@type\":\"Person\",\"@id\":\"https:\\\/\\\/diariotextual.com\\\/inicio\\\/#\\\/schema\\\/person\\\/a1b6f563e0ee944c60f98119389a4d9f\",\"name\":\"diario3\",\"image\":{\"@type\":\"ImageObject\",\"inLanguage\":\"es\",\"@id\":\"https:\\\/\\\/secure.gravatar.com\\\/avatar\\\/5e7ee62c82fc04d9dd79d746a390d93c69c43223e5faeeb3ea9461ef752bfc5d?s=96&d=mm&r=g\",\"url\":\"https:\\\/\\\/secure.gravatar.com\\\/avatar\\\/5e7ee62c82fc04d9dd79d746a390d93c69c43223e5faeeb3ea9461ef752bfc5d?s=96&d=mm&r=g\",\"contentUrl\":\"https:\\\/\\\/secure.gravatar.com\\\/avatar\\\/5e7ee62c82fc04d9dd79d746a390d93c69c43223e5faeeb3ea9461ef752bfc5d?s=96&d=mm&r=g\",\"caption\":\"diario3\"},\"url\":\"https:\\\/\\\/diariotextual.com\\\/inicio\\\/index.php\\\/author\\\/diario3\\\/\"}]}<\/script>\n<!-- \/ Yoast SEO plugin. -->","yoast_head_json":{"title":"Detuvieron a Daniel Maguila Puccio en Brasil - Diario Textual","robots":{"index":"index","follow":"follow","max-snippet":"max-snippet:-1","max-image-preview":"max-image-preview:large","max-video-preview":"max-video-preview:-1"},"canonical":"https:\/\/diariotextual.com\/inicio\/index.php\/2019\/09\/17\/detuvieron-daniel-maguila-puccio-brasil\/","og_locale":"es_ES","og_type":"article","og_title":"Detuvieron a Daniel Maguila Puccio en Brasil - Diario Textual","og_description":"La Polic\u00eda de Brasil detuvo en Foz do Iguaz\u00fa a Daniel Maguila Arqu\u00edmedes Puccio, el entregador del clan familiar que durante la d\u00e9cada de 1980 secuestr\u00f3 a cuatro empresarios y&hellip;","og_url":"https:\/\/diariotextual.com\/inicio\/index.php\/2019\/09\/17\/detuvieron-daniel-maguila-puccio-brasil\/","og_site_name":"Diario Textual","article_publisher":"https:\/\/www.facebook.com\/eltextual","article_published_time":"2019-09-17T20:20:57+00:00","article_modified_time":"2019-09-18T14:41:34+00:00","og_image":[{"width":700,"height":392,"url":"https:\/\/diariotextual.com\/inicio\/wp-content\/uploads\/2019\/09\/pucciodanielmaguila.jpg","type":"image\/jpeg"}],"author":"diario3","twitter_card":"summary_large_image","twitter_creator":"@eltextual","twitter_site":"@eltextual","twitter_misc":{"Escrito por":"diario3","Tiempo de lectura":"2 minutos"},"schema":{"@context":"https:\/\/schema.org","@graph":[{"@type":"Article","@id":"https:\/\/diariotextual.com\/inicio\/index.php\/2019\/09\/17\/detuvieron-daniel-maguila-puccio-brasil\/#article","isPartOf":{"@id":"https:\/\/diariotextual.com\/inicio\/index.php\/2019\/09\/17\/detuvieron-daniel-maguila-puccio-brasil\/"},"author":{"name":"diario3","@id":"https:\/\/diariotextual.com\/inicio\/#\/schema\/person\/a1b6f563e0ee944c60f98119389a4d9f"},"headline":"Detuvieron a Daniel Maguila Puccio en Brasil","datePublished":"2019-09-17T20:20:57+00:00","dateModified":"2019-09-18T14:41:34+00:00","mainEntityOfPage":{"@id":"https:\/\/diariotextual.com\/inicio\/index.php\/2019\/09\/17\/detuvieron-daniel-maguila-puccio-brasil\/"},"wordCount":470,"publisher":{"@id":"https:\/\/diariotextual.com\/inicio\/#organization"},"image":{"@id":"https:\/\/diariotextual.com\/inicio\/index.php\/2019\/09\/17\/detuvieron-daniel-maguila-puccio-brasil\/#primaryimage"},"thumbnailUrl":"https:\/\/diariotextual.com\/inicio\/wp-content\/uploads\/2019\/09\/pucciodanielmaguila.jpg","articleSection":["A - TEMPORALES","SOCIEDAD"],"inLanguage":"es"},{"@type":"WebPage","@id":"https:\/\/diariotextual.com\/inicio\/index.php\/2019\/09\/17\/detuvieron-daniel-maguila-puccio-brasil\/","url":"https:\/\/diariotextual.com\/inicio\/index.php\/2019\/09\/17\/detuvieron-daniel-maguila-puccio-brasil\/","name":"Detuvieron a Daniel Maguila Puccio en Brasil - Diario Textual","isPartOf":{"@id":"https:\/\/diariotextual.com\/inicio\/#website"},"primaryImageOfPage":{"@id":"https:\/\/diariotextual.com\/inicio\/index.php\/2019\/09\/17\/detuvieron-daniel-maguila-puccio-brasil\/#primaryimage"},"image":{"@id":"https:\/\/diariotextual.com\/inicio\/index.php\/2019\/09\/17\/detuvieron-daniel-maguila-puccio-brasil\/#primaryimage"},"thumbnailUrl":"https:\/\/diariotextual.com\/inicio\/wp-content\/uploads\/2019\/09\/pucciodanielmaguila.jpg","datePublished":"2019-09-17T20:20:57+00:00","dateModified":"2019-09-18T14:41:34+00:00","breadcrumb":{"@id":"https:\/\/diariotextual.com\/inicio\/index.php\/2019\/09\/17\/detuvieron-daniel-maguila-puccio-brasil\/#breadcrumb"},"inLanguage":"es","potentialAction":[{"@type":"ReadAction","target":["https:\/\/diariotextual.com\/inicio\/index.php\/2019\/09\/17\/detuvieron-daniel-maguila-puccio-brasil\/"]}]},{"@type":"ImageObject","inLanguage":"es","@id":"https:\/\/diariotextual.com\/inicio\/index.php\/2019\/09\/17\/detuvieron-daniel-maguila-puccio-brasil\/#primaryimage","url":"https:\/\/diariotextual.com\/inicio\/wp-content\/uploads\/2019\/09\/pucciodanielmaguila.jpg","contentUrl":"https:\/\/diariotextual.com\/inicio\/wp-content\/uploads\/2019\/09\/pucciodanielmaguila.jpg","width":700,"height":392},{"@type":"BreadcrumbList","@id":"https:\/\/diariotextual.com\/inicio\/index.php\/2019\/09\/17\/detuvieron-daniel-maguila-puccio-brasil\/#breadcrumb","itemListElement":[{"@type":"ListItem","position":1,"name":"Portada","item":"https:\/\/diariotextual.com\/inicio\/"},{"@type":"ListItem","position":2,"name":"Detuvieron a Daniel Maguila Puccio en Brasil"}]},{"@type":"WebSite","@id":"https:\/\/diariotextual.com\/inicio\/#website","url":"https:\/\/diariotextual.com\/inicio\/","name":"Diario Textual","description":"","publisher":{"@id":"https:\/\/diariotextual.com\/inicio\/#organization"},"potentialAction":[{"@type":"SearchAction","target":{"@type":"EntryPoint","urlTemplate":"https:\/\/diariotextual.com\/inicio\/?s={search_term_string}"},"query-input":{"@type":"PropertyValueSpecification","valueRequired":true,"valueName":"search_term_string"}}],"inLanguage":"es"},{"@type":"Organization","@id":"https:\/\/diariotextual.com\/inicio\/#organization","name":"Diario Textual","url":"https:\/\/diariotextual.com\/inicio\/","logo":{"@type":"ImageObject","inLanguage":"es","@id":"https:\/\/diariotextual.com\/inicio\/#\/schema\/logo\/image\/","url":"https:\/\/diariotextual.com\/inicio\/wp-content\/uploads\/2023\/05\/logotextual1.jpg","contentUrl":"https:\/\/diariotextual.com\/inicio\/wp-content\/uploads\/2023\/05\/logotextual1.jpg","width":516,"height":76,"caption":"Diario Textual"},"image":{"@id":"https:\/\/diariotextual.com\/inicio\/#\/schema\/logo\/image\/"},"sameAs":["https:\/\/www.facebook.com\/eltextual","https:\/\/x.com\/eltextual","http:\/\/www.instagram.com\/eltextual"]},{"@type":"Person","@id":"https:\/\/diariotextual.com\/inicio\/#\/schema\/person\/a1b6f563e0ee944c60f98119389a4d9f","name":"diario3","image":{"@type":"ImageObject","inLanguage":"es","@id":"https:\/\/secure.gravatar.com\/avatar\/5e7ee62c82fc04d9dd79d746a390d93c69c43223e5faeeb3ea9461ef752bfc5d?s=96&d=mm&r=g","url":"https:\/\/secure.gravatar.com\/avatar\/5e7ee62c82fc04d9dd79d746a390d93c69c43223e5faeeb3ea9461ef752bfc5d?s=96&d=mm&r=g","contentUrl":"https:\/\/secure.gravatar.com\/avatar\/5e7ee62c82fc04d9dd79d746a390d93c69c43223e5faeeb3ea9461ef752bfc5d?s=96&d=mm&r=g","caption":"diario3"},"url":"https:\/\/diariotextual.com\/inicio\/index.php\/author\/diario3\/"}]}},"_links":{"self":[{"href":"https:\/\/diariotextual.com\/inicio\/index.php\/wp-json\/wp\/v2\/posts\/62936","targetHints":{"allow":["GET"]}}],"collection":[{"href":"https:\/\/diariotextual.com\/inicio\/index.php\/wp-json\/wp\/v2\/posts"}],"about":[{"href":"https:\/\/diariotextual.com\/inicio\/index.php\/wp-json\/wp\/v2\/types\/post"}],"author":[{"embeddable":true,"href":"https:\/\/diariotextual.com\/inicio\/index.php\/wp-json\/wp\/v2\/users\/5"}],"replies":[{"embeddable":true,"href":"https:\/\/diariotextual.com\/inicio\/index.php\/wp-json\/wp\/v2\/comments?post=62936"}],"version-history":[{"count":1,"href":"https:\/\/diariotextual.com\/inicio\/index.php\/wp-json\/wp\/v2\/posts\/62936\/revisions"}],"predecessor-version":[{"id":62938,"href":"https:\/\/diariotextual.com\/inicio\/index.php\/wp-json\/wp\/v2\/posts\/62936\/revisions\/62938"}],"wp:featuredmedia":[{"embeddable":true,"href":"https:\/\/diariotextual.com\/inicio\/index.php\/wp-json\/wp\/v2\/media\/62937"}],"wp:attachment":[{"href":"https:\/\/diariotextual.com\/inicio\/index.php\/wp-json\/wp\/v2\/media?parent=62936"}],"wp:term":[{"taxonomy":"category","embeddable":true,"href":"https:\/\/diariotextual.com\/inicio\/index.php\/wp-json\/wp\/v2\/categories?post=62936"},{"taxonomy":"post_tag","embeddable":true,"href":"https:\/\/diariotextual.com\/inicio\/index.php\/wp-json\/wp\/v2\/tags?post=62936"}],"curies":[{"name":"wp","href":"https:\/\/api.w.org\/{rel}","templated":true}]}}