{"id":63024,"date":"2019-09-18T16:54:04","date_gmt":"2019-09-18T19:54:04","guid":{"rendered":"http:\/\/diariotextual.com\/inicio\/?p=63024"},"modified":"2019-09-19T09:01:20","modified_gmt":"2019-09-19T12:01:20","slug":"gobierno-dejo-sin-efecto-congelamiento-los-combustibles-autorizo-aumento-del-4","status":"publish","type":"post","link":"https:\/\/diariotextual.com\/inicio\/index.php\/2019\/09\/18\/gobierno-dejo-sin-efecto-congelamiento-los-combustibles-autorizo-aumento-del-4\/","title":{"rendered":"El Gobierno dej\u00f3 sin efecto el congelamiento de los combustibles y autoriz\u00f3 un aumento del 4%"},"content":{"rendered":"<div class=\"row pb-content-type-text\">\n<div class=\"col-xs-12 col-print-12\">\n<p class=\"element element-paragraph\">El Gobierno nacional inform\u00f3 que, por la \u00abvolatilidad internacional del precio\u00bb del petr\u00f3leo, <strong>dio marcha atr\u00e1s con el congelamiento de los precios de los combustibles<\/strong> que hab\u00eda anunciado hasta fin de a\u00f1o luego de la devaluaci\u00f3n. Por eso <strong>autoriz\u00f3 un aumento del 4% a partir del jueves<\/strong>, inform\u00f3 el Ministerio de Hacienda a trav\u00e9s de un comunicado.<\/p>\n<p>A su vez, sostuvo, \u00abse establece un aumento del 5,58% del precio del barril reconocido a los productores de petr\u00f3leo\u00bb del pa\u00eds.<\/p>\n<\/div>\n<\/div>\n<div class=\"row pb-content-type-text\">\n<div class=\"col-xs-12 col-print-12\">\n<p class=\"element element-paragraph\">\u00abEl Decreto de congelamiento de los combustibles del 2 de septiembre de 2019 habilita a la Secretar\u00eda de Gobierno de Energ\u00eda (SGE) a dictar, en la medida en que las circunstancias lo ameriten, los actos que resulten necesarios para ir normalizando los precios del sector con el fin de proteger al consumidor y sostener el nivel de actividad y el empleo\u00bb, sostuvo el parte de prensa. \u00abDichas circunstancias se vieron notablemente afectadas a partir del incremento del precio del petr\u00f3leo que deriv\u00f3 del ataque sufrido por las infraestructuras petroleras de Arabia Saudita. El precio del Brent aument\u00f3 14% en un d\u00eda, lo que represent\u00f3 la tercera variaci\u00f3n m\u00e1s importante tras las sufridas en 1986 (15,1%) y 2009 (16,8%)\u00bb.<\/p>\n<\/div>\n<\/div>\n<div class=\"row pb-content-type-text\">\n<div class=\"col-xs-12 col-print-12\">\n<p class=\"element element-paragraph\">Seg\u00fan el Gobierno, estos acontecimientos conllevan a una situaci\u00f3n imprevista y significativa de incremento de precios que inevitablemente impactan en la producci\u00f3n, la comercializaci\u00f3n y el normal abastecimiento de los combustibles en nuestro pa\u00eds. Por eso, con el fin de atenuar estos impactos, queda autorizada una suba del 4% en los combustibles desde el jueves 19 de septiembre.<\/p>\n<blockquote class=\"wp-embedded-content\" data-secret=\"dvajfvmMSy\"><p><a href=\"http:\/\/diariotextual.com\/inicio\/index.php\/2019\/09\/18\/estaciones-blancas-desabastecidas-sin-gasoil-poca-nafta\/\">Estaciones blancas desabastecidas: sin gasoil y con poca nafta<\/a><\/p><\/blockquote>\n<p><iframe class=\"wp-embedded-content\" sandbox=\"allow-scripts\" security=\"restricted\" style=\"position: absolute; clip: rect(1px, 1px, 1px, 1px);\" src=\"http:\/\/diariotextual.com\/inicio\/index.php\/2019\/09\/18\/estaciones-blancas-desabastecidas-sin-gasoil-poca-nafta\/embed\/#?secret=dvajfvmMSy\" data-secret=\"dvajfvmMSy\" width=\"600\" height=\"338\" title=\"&#171;Estaciones blancas desabastecidas: sin gasoil y con poca nafta&#187; &#8212; Diario Textual\" frameborder=\"0\" marginwidth=\"0\" marginheight=\"0\" scrolling=\"no\"><\/iframe><\/p>\n<\/div>\n<\/div>\n<p>El martes, el presidente de la Federaci\u00f3n de Expendedores de Combustibles y Afines, Gabriel Bornoroni, denunci\u00f3 que miles de estaciones se encontraban desabastecidas desde hace cuatro d\u00edas, especialmente en pueblos del interior, donde brindan servicios sociales para ambulancias, polic\u00eda y bomberos.<\/p>\n<p><strong>La intenci\u00f3n de Mauricio Macri era utilizar esta ancla para amortiguar los efectos de la \u00faltima devaluaci\u00f3n<\/strong> y <strong>tratar de mantenerse competitivo de cara a las elecciones<\/strong> de octubre, pero el grado de conflictividad en todos los actores del sector fue escalando d\u00eda tras d\u00eda.<\/p>\n<p>Las primeras en reaccionar fueron las productoras no integradas, que anunciaron inmediatamente un recorte en las inversiones y una baja de equipos de perforaci\u00f3n por el diferencial de precio con el Brent. Pero<strong> r\u00e1pidamente la crisis se propag\u00f3 al resto de las firmas, a las estaciones de servicio, a las provincias petroleras que iniciaron una serie de acciones judiciales contra la Naci\u00f3n y a las productoras de bioetanol<\/strong> que llegaron a denunciar penalmente al secretario de Energ\u00eda, Gustavo Lopetegui.<\/p>\n<p>A su vez, el poderoso sindicato de<strong> Guillermo Pereyra<\/strong> se hab\u00eda declarado en \u00abestado de alerta y movilizaci\u00f3n\u00bb por las mil suspensiones ocasionadas, mientras que el gremio que engloba a los trabajadores de las refiner\u00edas hab\u00eda anunciado un paro para este viernes.<\/p>\n<p>&nbsp;<\/p>\n<p>&nbsp;<\/p>\n","protected":false},"excerpt":{"rendered":"<p>El Gobierno nacional inform\u00f3 que, por la \u00abvolatilidad internacional del precio\u00bb del petr\u00f3leo, dio marcha atr\u00e1s con el congelamiento de los precios de los combustibles que hab\u00eda anunciado hasta fin&hellip;<\/p>\n","protected":false},"author":3,"featured_media":33503,"comment_status":"closed","ping_status":"open","sticky":false,"template":"","format":"standard","meta":{"_acf_changed":false,"footnotes":""},"categories":[5],"tags":[1409,541],"class_list":["post-63024","post","type-post","status-publish","format-standard","has-post-thumbnail","hentry","category-economia","tag-gasoil","tag-naftas"],"acf":[],"yoast_head":"<!-- This site is optimized with the Yoast SEO plugin v27.5 - https:\/\/yoast.com\/product\/yoast-seo-wordpress\/ -->\n<title>El Gobierno dej\u00f3 sin efecto el congelamiento de los combustibles y autoriz\u00f3 un aumento del 4% - Diario Textual<\/title>\n<meta name=\"robots\" content=\"index, follow, max-snippet:-1, max-image-preview:large, max-video-preview:-1\" \/>\n<link rel=\"canonical\" href=\"https:\/\/diariotextual.com\/inicio\/index.php\/2019\/09\/18\/gobierno-dejo-sin-efecto-congelamiento-los-combustibles-autorizo-aumento-del-4\/\" \/>\n<meta property=\"og:locale\" content=\"es_ES\" \/>\n<meta property=\"og:type\" content=\"article\" \/>\n<meta property=\"og:title\" content=\"El Gobierno dej\u00f3 sin efecto el congelamiento de los combustibles y autoriz\u00f3 un aumento del 4% - Diario Textual\" \/>\n<meta property=\"og:description\" content=\"El Gobierno nacional inform\u00f3 que, por la \u00abvolatilidad internacional del precio\u00bb del petr\u00f3leo, dio marcha atr\u00e1s con el congelamiento de los precios de los combustibles que hab\u00eda anunciado hasta fin&hellip;\" \/>\n<meta property=\"og:url\" content=\"https:\/\/diariotextual.com\/inicio\/index.php\/2019\/09\/18\/gobierno-dejo-sin-efecto-congelamiento-los-combustibles-autorizo-aumento-del-4\/\" \/>\n<meta property=\"og:site_name\" content=\"Diario Textual\" \/>\n<meta property=\"article:publisher\" content=\"https:\/\/www.facebook.com\/eltextual\" \/>\n<meta property=\"article:published_time\" content=\"2019-09-18T19:54:04+00:00\" \/>\n<meta property=\"article:modified_time\" content=\"2019-09-19T12:01:20+00:00\" \/>\n<meta property=\"og:image\" content=\"https:\/\/diariotextual.com\/inicio\/wp-content\/uploads\/2019\/01\/naftasypf777.jpg\" \/>\n\t<meta property=\"og:image:width\" content=\"1040\" \/>\n\t<meta property=\"og:image:height\" content=\"640\" \/>\n\t<meta property=\"og:image:type\" content=\"image\/jpeg\" \/>\n<meta name=\"author\" content=\"Diario1 Diario1\" \/>\n<meta name=\"twitter:card\" content=\"summary_large_image\" \/>\n<meta name=\"twitter:creator\" content=\"@eltextual\" \/>\n<meta name=\"twitter:site\" content=\"@eltextual\" \/>\n<meta name=\"twitter:label1\" content=\"Escrito por\" \/>\n\t<meta name=\"twitter:data1\" content=\"Diario1 Diario1\" \/>\n\t<meta name=\"twitter:label2\" content=\"Tiempo de lectura\" \/>\n\t<meta name=\"twitter:data2\" content=\"2 minutos\" \/>\n<script type=\"application\/ld+json\" class=\"yoast-schema-graph\">{\"@context\":\"https:\\\/\\\/schema.org\",\"@graph\":[{\"@type\":\"Article\",\"@id\":\"https:\\\/\\\/diariotextual.com\\\/inicio\\\/index.php\\\/2019\\\/09\\\/18\\\/gobierno-dejo-sin-efecto-congelamiento-los-combustibles-autorizo-aumento-del-4\\\/#article\",\"isPartOf\":{\"@id\":\"https:\\\/\\\/diariotextual.com\\\/inicio\\\/index.php\\\/2019\\\/09\\\/18\\\/gobierno-dejo-sin-efecto-congelamiento-los-combustibles-autorizo-aumento-del-4\\\/\"},\"author\":{\"name\":\"Diario1 Diario1\",\"@id\":\"https:\\\/\\\/diariotextual.com\\\/inicio\\\/#\\\/schema\\\/person\\\/418fc4093c33e86ed41562db3508f958\"},\"headline\":\"El Gobierno dej\u00f3 sin efecto el congelamiento de los combustibles y autoriz\u00f3 un aumento del 4%\",\"datePublished\":\"2019-09-18T19:54:04+00:00\",\"dateModified\":\"2019-09-19T12:01:20+00:00\",\"mainEntityOfPage\":{\"@id\":\"https:\\\/\\\/diariotextual.com\\\/inicio\\\/index.php\\\/2019\\\/09\\\/18\\\/gobierno-dejo-sin-efecto-congelamiento-los-combustibles-autorizo-aumento-del-4\\\/\"},\"wordCount\":509,\"publisher\":{\"@id\":\"https:\\\/\\\/diariotextual.com\\\/inicio\\\/#organization\"},\"image\":{\"@id\":\"https:\\\/\\\/diariotextual.com\\\/inicio\\\/index.php\\\/2019\\\/09\\\/18\\\/gobierno-dejo-sin-efecto-congelamiento-los-combustibles-autorizo-aumento-del-4\\\/#primaryimage\"},\"thumbnailUrl\":\"https:\\\/\\\/diariotextual.com\\\/inicio\\\/wp-content\\\/uploads\\\/2019\\\/01\\\/naftasypf777.jpg\",\"keywords\":[\"gasoil\",\"naftas\"],\"articleSection\":[\"ECONOMIA\"],\"inLanguage\":\"es\"},{\"@type\":\"WebPage\",\"@id\":\"https:\\\/\\\/diariotextual.com\\\/inicio\\\/index.php\\\/2019\\\/09\\\/18\\\/gobierno-dejo-sin-efecto-congelamiento-los-combustibles-autorizo-aumento-del-4\\\/\",\"url\":\"https:\\\/\\\/diariotextual.com\\\/inicio\\\/index.php\\\/2019\\\/09\\\/18\\\/gobierno-dejo-sin-efecto-congelamiento-los-combustibles-autorizo-aumento-del-4\\\/\",\"name\":\"El Gobierno dej\u00f3 sin efecto el congelamiento de los combustibles y autoriz\u00f3 un aumento del 4% - Diario Textual\",\"isPartOf\":{\"@id\":\"https:\\\/\\\/diariotextual.com\\\/inicio\\\/#website\"},\"primaryImageOfPage\":{\"@id\":\"https:\\\/\\\/diariotextual.com\\\/inicio\\\/index.php\\\/2019\\\/09\\\/18\\\/gobierno-dejo-sin-efecto-congelamiento-los-combustibles-autorizo-aumento-del-4\\\/#primaryimage\"},\"image\":{\"@id\":\"https:\\\/\\\/diariotextual.com\\\/inicio\\\/index.php\\\/2019\\\/09\\\/18\\\/gobierno-dejo-sin-efecto-congelamiento-los-combustibles-autorizo-aumento-del-4\\\/#primaryimage\"},\"thumbnailUrl\":\"https:\\\/\\\/diariotextual.com\\\/inicio\\\/wp-content\\\/uploads\\\/2019\\\/01\\\/naftasypf777.jpg\",\"datePublished\":\"2019-09-18T19:54:04+00:00\",\"dateModified\":\"2019-09-19T12:01:20+00:00\",\"breadcrumb\":{\"@id\":\"https:\\\/\\\/diariotextual.com\\\/inicio\\\/index.php\\\/2019\\\/09\\\/18\\\/gobierno-dejo-sin-efecto-congelamiento-los-combustibles-autorizo-aumento-del-4\\\/#breadcrumb\"},\"inLanguage\":\"es\",\"potentialAction\":[{\"@type\":\"ReadAction\",\"target\":[\"https:\\\/\\\/diariotextual.com\\\/inicio\\\/index.php\\\/2019\\\/09\\\/18\\\/gobierno-dejo-sin-efecto-congelamiento-los-combustibles-autorizo-aumento-del-4\\\/\"]}]},{\"@type\":\"ImageObject\",\"inLanguage\":\"es\",\"@id\":\"https:\\\/\\\/diariotextual.com\\\/inicio\\\/index.php\\\/2019\\\/09\\\/18\\\/gobierno-dejo-sin-efecto-congelamiento-los-combustibles-autorizo-aumento-del-4\\\/#primaryimage\",\"url\":\"https:\\\/\\\/diariotextual.com\\\/inicio\\\/wp-content\\\/uploads\\\/2019\\\/01\\\/naftasypf777.jpg\",\"contentUrl\":\"https:\\\/\\\/diariotextual.com\\\/inicio\\\/wp-content\\\/uploads\\\/2019\\\/01\\\/naftasypf777.jpg\",\"width\":1040,\"height\":640},{\"@type\":\"BreadcrumbList\",\"@id\":\"https:\\\/\\\/diariotextual.com\\\/inicio\\\/index.php\\\/2019\\\/09\\\/18\\\/gobierno-dejo-sin-efecto-congelamiento-los-combustibles-autorizo-aumento-del-4\\\/#breadcrumb\",\"itemListElement\":[{\"@type\":\"ListItem\",\"position\":1,\"name\":\"Portada\",\"item\":\"https:\\\/\\\/diariotextual.com\\\/inicio\\\/\"},{\"@type\":\"ListItem\",\"position\":2,\"name\":\"El Gobierno dej\u00f3 sin efecto el congelamiento de los combustibles y autoriz\u00f3 un aumento del 4%\"}]},{\"@type\":\"WebSite\",\"@id\":\"https:\\\/\\\/diariotextual.com\\\/inicio\\\/#website\",\"url\":\"https:\\\/\\\/diariotextual.com\\\/inicio\\\/\",\"name\":\"Diario Textual\",\"description\":\"\",\"publisher\":{\"@id\":\"https:\\\/\\\/diariotextual.com\\\/inicio\\\/#organization\"},\"potentialAction\":[{\"@type\":\"SearchAction\",\"target\":{\"@type\":\"EntryPoint\",\"urlTemplate\":\"https:\\\/\\\/diariotextual.com\\\/inicio\\\/?s={search_term_string}\"},\"query-input\":{\"@type\":\"PropertyValueSpecification\",\"valueRequired\":true,\"valueName\":\"search_term_string\"}}],\"inLanguage\":\"es\"},{\"@type\":\"Organization\",\"@id\":\"https:\\\/\\\/diariotextual.com\\\/inicio\\\/#organization\",\"name\":\"Diario Textual\",\"url\":\"https:\\\/\\\/diariotextual.com\\\/inicio\\\/\",\"logo\":{\"@type\":\"ImageObject\",\"inLanguage\":\"es\",\"@id\":\"https:\\\/\\\/diariotextual.com\\\/inicio\\\/#\\\/schema\\\/logo\\\/image\\\/\",\"url\":\"https:\\\/\\\/diariotextual.com\\\/inicio\\\/wp-content\\\/uploads\\\/2023\\\/05\\\/logotextual1.jpg\",\"contentUrl\":\"https:\\\/\\\/diariotextual.com\\\/inicio\\\/wp-content\\\/uploads\\\/2023\\\/05\\\/logotextual1.jpg\",\"width\":516,\"height\":76,\"caption\":\"Diario Textual\"},\"image\":{\"@id\":\"https:\\\/\\\/diariotextual.com\\\/inicio\\\/#\\\/schema\\\/logo\\\/image\\\/\"},\"sameAs\":[\"https:\\\/\\\/www.facebook.com\\\/eltextual\",\"https:\\\/\\\/x.com\\\/eltextual\",\"http:\\\/\\\/www.instagram.com\\\/eltextual\"]},{\"@type\":\"Person\",\"@id\":\"https:\\\/\\\/diariotextual.com\\\/inicio\\\/#\\\/schema\\\/person\\\/418fc4093c33e86ed41562db3508f958\",\"name\":\"Diario1 Diario1\",\"image\":{\"@type\":\"ImageObject\",\"inLanguage\":\"es\",\"@id\":\"https:\\\/\\\/secure.gravatar.com\\\/avatar\\\/9167d280179c85bc18be67aa7eda765854300033af4896dd779b608640f2ef7a?s=96&d=mm&r=g\",\"url\":\"https:\\\/\\\/secure.gravatar.com\\\/avatar\\\/9167d280179c85bc18be67aa7eda765854300033af4896dd779b608640f2ef7a?s=96&d=mm&r=g\",\"contentUrl\":\"https:\\\/\\\/secure.gravatar.com\\\/avatar\\\/9167d280179c85bc18be67aa7eda765854300033af4896dd779b608640f2ef7a?s=96&d=mm&r=g\",\"caption\":\"Diario1 Diario1\"},\"url\":\"https:\\\/\\\/diariotextual.com\\\/inicio\\\/index.php\\\/author\\\/diario1\\\/\"}]}<\/script>\n<!-- \/ Yoast SEO plugin. -->","yoast_head_json":{"title":"El Gobierno dej\u00f3 sin efecto el congelamiento de los combustibles y autoriz\u00f3 un aumento del 4% - Diario Textual","robots":{"index":"index","follow":"follow","max-snippet":"max-snippet:-1","max-image-preview":"max-image-preview:large","max-video-preview":"max-video-preview:-1"},"canonical":"https:\/\/diariotextual.com\/inicio\/index.php\/2019\/09\/18\/gobierno-dejo-sin-efecto-congelamiento-los-combustibles-autorizo-aumento-del-4\/","og_locale":"es_ES","og_type":"article","og_title":"El Gobierno dej\u00f3 sin efecto el congelamiento de los combustibles y autoriz\u00f3 un aumento del 4% - Diario Textual","og_description":"El Gobierno nacional inform\u00f3 que, por la \u00abvolatilidad internacional del precio\u00bb del petr\u00f3leo, dio marcha atr\u00e1s con el congelamiento de los precios de los combustibles que hab\u00eda anunciado hasta fin&hellip;","og_url":"https:\/\/diariotextual.com\/inicio\/index.php\/2019\/09\/18\/gobierno-dejo-sin-efecto-congelamiento-los-combustibles-autorizo-aumento-del-4\/","og_site_name":"Diario Textual","article_publisher":"https:\/\/www.facebook.com\/eltextual","article_published_time":"2019-09-18T19:54:04+00:00","article_modified_time":"2019-09-19T12:01:20+00:00","og_image":[{"width":1040,"height":640,"url":"https:\/\/diariotextual.com\/inicio\/wp-content\/uploads\/2019\/01\/naftasypf777.jpg","type":"image\/jpeg"}],"author":"Diario1 Diario1","twitter_card":"summary_large_image","twitter_creator":"@eltextual","twitter_site":"@eltextual","twitter_misc":{"Escrito por":"Diario1 Diario1","Tiempo de lectura":"2 minutos"},"schema":{"@context":"https:\/\/schema.org","@graph":[{"@type":"Article","@id":"https:\/\/diariotextual.com\/inicio\/index.php\/2019\/09\/18\/gobierno-dejo-sin-efecto-congelamiento-los-combustibles-autorizo-aumento-del-4\/#article","isPartOf":{"@id":"https:\/\/diariotextual.com\/inicio\/index.php\/2019\/09\/18\/gobierno-dejo-sin-efecto-congelamiento-los-combustibles-autorizo-aumento-del-4\/"},"author":{"name":"Diario1 Diario1","@id":"https:\/\/diariotextual.com\/inicio\/#\/schema\/person\/418fc4093c33e86ed41562db3508f958"},"headline":"El Gobierno dej\u00f3 sin efecto el congelamiento de los combustibles y autoriz\u00f3 un aumento del 4%","datePublished":"2019-09-18T19:54:04+00:00","dateModified":"2019-09-19T12:01:20+00:00","mainEntityOfPage":{"@id":"https:\/\/diariotextual.com\/inicio\/index.php\/2019\/09\/18\/gobierno-dejo-sin-efecto-congelamiento-los-combustibles-autorizo-aumento-del-4\/"},"wordCount":509,"publisher":{"@id":"https:\/\/diariotextual.com\/inicio\/#organization"},"image":{"@id":"https:\/\/diariotextual.com\/inicio\/index.php\/2019\/09\/18\/gobierno-dejo-sin-efecto-congelamiento-los-combustibles-autorizo-aumento-del-4\/#primaryimage"},"thumbnailUrl":"https:\/\/diariotextual.com\/inicio\/wp-content\/uploads\/2019\/01\/naftasypf777.jpg","keywords":["gasoil","naftas"],"articleSection":["ECONOMIA"],"inLanguage":"es"},{"@type":"WebPage","@id":"https:\/\/diariotextual.com\/inicio\/index.php\/2019\/09\/18\/gobierno-dejo-sin-efecto-congelamiento-los-combustibles-autorizo-aumento-del-4\/","url":"https:\/\/diariotextual.com\/inicio\/index.php\/2019\/09\/18\/gobierno-dejo-sin-efecto-congelamiento-los-combustibles-autorizo-aumento-del-4\/","name":"El Gobierno dej\u00f3 sin efecto el congelamiento de los combustibles y autoriz\u00f3 un aumento del 4% - Diario Textual","isPartOf":{"@id":"https:\/\/diariotextual.com\/inicio\/#website"},"primaryImageOfPage":{"@id":"https:\/\/diariotextual.com\/inicio\/index.php\/2019\/09\/18\/gobierno-dejo-sin-efecto-congelamiento-los-combustibles-autorizo-aumento-del-4\/#primaryimage"},"image":{"@id":"https:\/\/diariotextual.com\/inicio\/index.php\/2019\/09\/18\/gobierno-dejo-sin-efecto-congelamiento-los-combustibles-autorizo-aumento-del-4\/#primaryimage"},"thumbnailUrl":"https:\/\/diariotextual.com\/inicio\/wp-content\/uploads\/2019\/01\/naftasypf777.jpg","datePublished":"2019-09-18T19:54:04+00:00","dateModified":"2019-09-19T12:01:20+00:00","breadcrumb":{"@id":"https:\/\/diariotextual.com\/inicio\/index.php\/2019\/09\/18\/gobierno-dejo-sin-efecto-congelamiento-los-combustibles-autorizo-aumento-del-4\/#breadcrumb"},"inLanguage":"es","potentialAction":[{"@type":"ReadAction","target":["https:\/\/diariotextual.com\/inicio\/index.php\/2019\/09\/18\/gobierno-dejo-sin-efecto-congelamiento-los-combustibles-autorizo-aumento-del-4\/"]}]},{"@type":"ImageObject","inLanguage":"es","@id":"https:\/\/diariotextual.com\/inicio\/index.php\/2019\/09\/18\/gobierno-dejo-sin-efecto-congelamiento-los-combustibles-autorizo-aumento-del-4\/#primaryimage","url":"https:\/\/diariotextual.com\/inicio\/wp-content\/uploads\/2019\/01\/naftasypf777.jpg","contentUrl":"https:\/\/diariotextual.com\/inicio\/wp-content\/uploads\/2019\/01\/naftasypf777.jpg","width":1040,"height":640},{"@type":"BreadcrumbList","@id":"https:\/\/diariotextual.com\/inicio\/index.php\/2019\/09\/18\/gobierno-dejo-sin-efecto-congelamiento-los-combustibles-autorizo-aumento-del-4\/#breadcrumb","itemListElement":[{"@type":"ListItem","position":1,"name":"Portada","item":"https:\/\/diariotextual.com\/inicio\/"},{"@type":"ListItem","position":2,"name":"El Gobierno dej\u00f3 sin efecto el congelamiento de los combustibles y autoriz\u00f3 un aumento del 4%"}]},{"@type":"WebSite","@id":"https:\/\/diariotextual.com\/inicio\/#website","url":"https:\/\/diariotextual.com\/inicio\/","name":"Diario Textual","description":"","publisher":{"@id":"https:\/\/diariotextual.com\/inicio\/#organization"},"potentialAction":[{"@type":"SearchAction","target":{"@type":"EntryPoint","urlTemplate":"https:\/\/diariotextual.com\/inicio\/?s={search_term_string}"},"query-input":{"@type":"PropertyValueSpecification","valueRequired":true,"valueName":"search_term_string"}}],"inLanguage":"es"},{"@type":"Organization","@id":"https:\/\/diariotextual.com\/inicio\/#organization","name":"Diario Textual","url":"https:\/\/diariotextual.com\/inicio\/","logo":{"@type":"ImageObject","inLanguage":"es","@id":"https:\/\/diariotextual.com\/inicio\/#\/schema\/logo\/image\/","url":"https:\/\/diariotextual.com\/inicio\/wp-content\/uploads\/2023\/05\/logotextual1.jpg","contentUrl":"https:\/\/diariotextual.com\/inicio\/wp-content\/uploads\/2023\/05\/logotextual1.jpg","width":516,"height":76,"caption":"Diario Textual"},"image":{"@id":"https:\/\/diariotextual.com\/inicio\/#\/schema\/logo\/image\/"},"sameAs":["https:\/\/www.facebook.com\/eltextual","https:\/\/x.com\/eltextual","http:\/\/www.instagram.com\/eltextual"]},{"@type":"Person","@id":"https:\/\/diariotextual.com\/inicio\/#\/schema\/person\/418fc4093c33e86ed41562db3508f958","name":"Diario1 Diario1","image":{"@type":"ImageObject","inLanguage":"es","@id":"https:\/\/secure.gravatar.com\/avatar\/9167d280179c85bc18be67aa7eda765854300033af4896dd779b608640f2ef7a?s=96&d=mm&r=g","url":"https:\/\/secure.gravatar.com\/avatar\/9167d280179c85bc18be67aa7eda765854300033af4896dd779b608640f2ef7a?s=96&d=mm&r=g","contentUrl":"https:\/\/secure.gravatar.com\/avatar\/9167d280179c85bc18be67aa7eda765854300033af4896dd779b608640f2ef7a?s=96&d=mm&r=g","caption":"Diario1 Diario1"},"url":"https:\/\/diariotextual.com\/inicio\/index.php\/author\/diario1\/"}]}},"_links":{"self":[{"href":"https:\/\/diariotextual.com\/inicio\/index.php\/wp-json\/wp\/v2\/posts\/63024","targetHints":{"allow":["GET"]}}],"collection":[{"href":"https:\/\/diariotextual.com\/inicio\/index.php\/wp-json\/wp\/v2\/posts"}],"about":[{"href":"https:\/\/diariotextual.com\/inicio\/index.php\/wp-json\/wp\/v2\/types\/post"}],"author":[{"embeddable":true,"href":"https:\/\/diariotextual.com\/inicio\/index.php\/wp-json\/wp\/v2\/users\/3"}],"replies":[{"embeddable":true,"href":"https:\/\/diariotextual.com\/inicio\/index.php\/wp-json\/wp\/v2\/comments?post=63024"}],"version-history":[{"count":4,"href":"https:\/\/diariotextual.com\/inicio\/index.php\/wp-json\/wp\/v2\/posts\/63024\/revisions"}],"predecessor-version":[{"id":63028,"href":"https:\/\/diariotextual.com\/inicio\/index.php\/wp-json\/wp\/v2\/posts\/63024\/revisions\/63028"}],"wp:featuredmedia":[{"embeddable":true,"href":"https:\/\/diariotextual.com\/inicio\/index.php\/wp-json\/wp\/v2\/media\/33503"}],"wp:attachment":[{"href":"https:\/\/diariotextual.com\/inicio\/index.php\/wp-json\/wp\/v2\/media?parent=63024"}],"wp:term":[{"taxonomy":"category","embeddable":true,"href":"https:\/\/diariotextual.com\/inicio\/index.php\/wp-json\/wp\/v2\/categories?post=63024"},{"taxonomy":"post_tag","embeddable":true,"href":"https:\/\/diariotextual.com\/inicio\/index.php\/wp-json\/wp\/v2\/tags?post=63024"}],"curies":[{"name":"wp","href":"https:\/\/api.w.org\/{rel}","templated":true}]}}