{"id":63059,"date":"2019-09-19T06:20:19","date_gmt":"2019-09-19T09:20:19","guid":{"rendered":"http:\/\/diariotextual.com\/inicio\/?p=63059"},"modified":"2019-09-19T09:00:15","modified_gmt":"2019-09-19T12:00:15","slug":"daniel-vila-dijo-macri-lo-extorsiono-favorecer-clarin","status":"publish","type":"post","link":"https:\/\/diariotextual.com\/inicio\/index.php\/2019\/09\/19\/daniel-vila-dijo-macri-lo-extorsiono-favorecer-clarin\/","title":{"rendered":"Daniel Vila dijo que Macri lo \u00abextorsion\u00f3\u00bb para favorecer a Clar\u00edn"},"content":{"rendered":"<p><strong>Daniel Vila<\/strong>, empresario de los medios y uno de los principales accionistas de Am\u00e9rica TV, denunci\u00f3 p\u00fablicamente que fue <strong>\u00abextorsionado\u00bb<\/strong> por el presidente <strong>Mauricio Macri<\/strong> con el fin \u00faltimo de favorecer al Grupo Clar\u00edn.\u00a0<span class=\"css-901oao css-16my406 r-1qd0xha r-ad9z0x r-bcqeeo r-qvutc0\"><strong>\u00a0\u00abMe extorsion\u00f3 con el poder del Estado, me inici\u00f3 una causa penal por un acuerdo de negocios incumplido\u00bb<\/strong>, lanz\u00f3.<\/span><\/p>\n<p>La explosiva declaraci\u00f3n la devel\u00f3 en una\u00a0entrevista con Alejandro Fantino, para el programa Animales Sueltos. Durante los m\u00e1s de 40 minutos que se extendi\u00f3 la charla desgran\u00f3\u00a0<strong>cr\u00edticas al gobierno naciona<\/strong>l (\u00abme defraud\u00f3\u00bb) y<strong>\u00a0elogios a La C\u00e1mpora<\/strong>\u00a0(\u00abson chicos muy formados, inteligentes, que tienen mala prensa\u00bb). Sin embargo, la bomba deton\u00f3 en los \u00faltimos minutos, un rato despu\u00e9s de que el empresario dijera que el \u00abl\u00edmite\u00bb que se hab\u00eda cruzado en su relaci\u00f3n con Macri no ten\u00eda vuelta atr\u00e1s. \u00abUno en la vida tiene que tener l\u00edmites. Yo no me meto con la familia de nadie ni me meto con la libertad de nadie.\u00a0<strong>Cuando alguien se mete con mi vida, con mi libertad o con mi familia, para mi pas\u00f3 el l\u00edmite<\/strong>\u00ab, dispar\u00f3 al promediar la charla y la definici\u00f3n qued\u00f3 en el aire.<\/p>\n<p>Cerca del cierre, Fantino ahond\u00f3 el la premisa lanzada por su jefe. Y Vila se explay\u00f3: denunci\u00f3 que Macri le arm\u00f3 un denuncia penal, de car\u00e1cter presuntamente extorsivo, con la supuesta complicidad del entonces ministro Oscar Aguad, para favorecer en un negocio al multimedio dirigido por H\u00e9ctor Magnetto.<\/p>\n<blockquote class=\"twitter-tweet\">\n<p lang=\"es\" dir=\"ltr\">AHORA EN <a href=\"https:\/\/twitter.com\/hashtag\/AnimalesSueltos?src=hash&amp;ref_src=twsrc%5Etfw\">#AnimalesSueltos<\/a> <\/p>\n<p>Mano a mano con <a href=\"https:\/\/twitter.com\/danielevila?ref_src=twsrc%5Etfw\">@danielevila<\/a>, presidente de Grupo AMERICA<a href=\"https:\/\/twitter.com\/hashtag\/VilaConFantino?src=hash&amp;ref_src=twsrc%5Etfw\">#VilaConFantino<\/a> por <a href=\"https:\/\/twitter.com\/AmericaTV?ref_src=twsrc%5Etfw\">@AmericaTV<\/a> <a href=\"https:\/\/t.co\/zn5qdY9QzA\">pic.twitter.com\/zn5qdY9QzA<\/a><\/p>\n<p>&mdash; Animales Sueltos (@animalesoficial) <a href=\"https:\/\/twitter.com\/animalesoficial\/status\/1174535674780778497?ref_src=twsrc%5Etfw\">September 19, 2019<\/a><\/p><\/blockquote>\n<p> <script async src=\"https:\/\/platform.twitter.com\/widgets.js\" charset=\"utf-8\"><\/script><\/p>\n<p>Vila plante\u00f3 que puede probar sus acusaciones contra el presidente en la Justicia, a partir de mensajes de WhatsApp (certificados por escribano p\u00fablico) que sostuvo con el mandatario.<\/p>\n<p>Macri, dijo, lo apret\u00f3 para que Supercanal le devolviera el Estado el espectro de Arlink, lo mand\u00f3 a Aguad a hacerle una denuncia penal y despu\u00e9s le envi\u00f3 un WhatsApp diciendo que le iba a dar instrucciones al procurador para que no impulsara la acci\u00f3n.<\/p>\n<p>\u00abCuando \u00e9l asume me pide que la empresa que yo represento, Supercanal, le devuelva al Estado el espectro (en referencia al espectro radioel\u00e9ctrico en el que su firma se pod\u00eda mover dentro del pa\u00eds para desarrollarse). Nosotros est\u00e1bamos en una situaci\u00f3n de conflicto. Hab\u00edan unas medidas judiciales que paralizaban el espectro y<strong>\u00a0\u00e9l me pidi\u00f3 que se lo reintegrara, que se lo devolviera, porque lo ten\u00eda comprometido con Clar\u00edn<\/strong>\u00ab, dispar\u00f3.<\/p>\n<p>\u00abYo le dije que no pod\u00eda&#8230; finalmente le entregu\u00e9 un papel firmado que dec\u00eda que yo desist\u00eda de esas medidas judiciales y \u00e9l se comprometi\u00f3 conmigo a guardarlo y entregarlo reci\u00e9n el d\u00eda que yo vendiera mi empresa. Cosa que no hizo. Como no lo hizo y present\u00f3 ese documento judicial antes de tiempo, los abogados de la empresa ten\u00edan su reaseguros y evitaron que ese espectro volviera al Estado\u00bb, continu\u00f3.<\/p>\n<p>\u00ab\u00bfQu\u00e9 hizo el presidente? Lo mand\u00f3 al ministro (Oscar) Aguad a meterme una denuncia penal. Cuando le devolv\u00ed el espectro me mand\u00f3 un (mensaje por) Whatsapp dici\u00e9ndome que ya le hab\u00eda dado instrucciones al procurador para que dejara sin efecto la denuncia penal\u00bb, relat\u00f3.<\/p>\n<p>\u00abVos sab\u00e9s que es muy grave lo que est\u00e1s diciendo y ma\u00f1ana la Justicia te puede citar de oficio\u00bb, retruc\u00f3 Fantino. \u00abNo tengo problema, tengo los Whatsapp as\u00ed que con gusto los voy a llevar&#8230; es m\u00e1s,<strong>\u00a0no solamente tengo los Whatsapp sino que saqu\u00e9 copias de las capturas telef\u00f3nicas y las hice certificar por escribano<\/strong>\u00ab, redonde\u00f3 y, quiz\u00e1, dej\u00f3 picando una pelota que puede transformarse en un gran dolor de cabeza para un presidente en retirada que d\u00eda a d\u00eda ve como puede ser su futuro judicial una vez que deje el poder el 10 de diciembre pr\u00f3ximo.<\/p>\n<p>&nbsp;<\/p>\n<p>&nbsp;<\/p>\n<p>&nbsp;<\/p>\n<p>&nbsp;<\/p>\n<p>&nbsp;<\/p>\n","protected":false},"excerpt":{"rendered":"<p>Daniel Vila, empresario de los medios y uno de los principales accionistas de Am\u00e9rica TV, denunci\u00f3 p\u00fablicamente que fue \u00abextorsionado\u00bb por el presidente Mauricio Macri con el fin \u00faltimo de&hellip;<\/p>\n","protected":false},"author":3,"featured_media":63064,"comment_status":"closed","ping_status":"open","sticky":false,"template":"","format":"standard","meta":{"_acf_changed":false,"footnotes":""},"categories":[10,8],"tags":[2248],"class_list":["post-63059","post","type-post","status-publish","format-standard","has-post-thumbnail","hentry","category-portada-2","category-politica","tag-vila"],"acf":[],"yoast_head":"<!-- This site is optimized with the Yoast SEO plugin v27.5 - https:\/\/yoast.com\/product\/yoast-seo-wordpress\/ -->\n<title>Daniel Vila dijo que Macri lo &quot;extorsion\u00f3&quot; para favorecer a Clar\u00edn - Diario Textual<\/title>\n<meta name=\"robots\" content=\"index, follow, max-snippet:-1, max-image-preview:large, max-video-preview:-1\" \/>\n<link rel=\"canonical\" href=\"https:\/\/diariotextual.com\/inicio\/index.php\/2019\/09\/19\/daniel-vila-dijo-macri-lo-extorsiono-favorecer-clarin\/\" \/>\n<meta property=\"og:locale\" content=\"es_ES\" \/>\n<meta property=\"og:type\" content=\"article\" \/>\n<meta property=\"og:title\" content=\"Daniel Vila dijo que Macri lo &quot;extorsion\u00f3&quot; para favorecer a Clar\u00edn - Diario Textual\" \/>\n<meta property=\"og:description\" content=\"Daniel Vila, empresario de los medios y uno de los principales accionistas de Am\u00e9rica TV, denunci\u00f3 p\u00fablicamente que fue \u00abextorsionado\u00bb por el presidente Mauricio Macri con el fin \u00faltimo de&hellip;\" \/>\n<meta property=\"og:url\" content=\"https:\/\/diariotextual.com\/inicio\/index.php\/2019\/09\/19\/daniel-vila-dijo-macri-lo-extorsiono-favorecer-clarin\/\" \/>\n<meta property=\"og:site_name\" content=\"Diario Textual\" \/>\n<meta property=\"article:publisher\" content=\"https:\/\/www.facebook.com\/eltextual\" \/>\n<meta property=\"article:published_time\" content=\"2019-09-19T09:20:19+00:00\" \/>\n<meta property=\"article:modified_time\" content=\"2019-09-19T12:00:15+00:00\" \/>\n<meta property=\"og:image\" content=\"https:\/\/diariotextual.com\/inicio\/wp-content\/uploads\/2019\/09\/viladaniel1.png\" \/>\n\t<meta property=\"og:image:width\" content=\"833\" \/>\n\t<meta property=\"og:image:height\" content=\"500\" \/>\n\t<meta property=\"og:image:type\" content=\"image\/png\" \/>\n<meta name=\"author\" content=\"Diario1 Diario1\" \/>\n<meta name=\"twitter:card\" content=\"summary_large_image\" \/>\n<meta name=\"twitter:creator\" content=\"@eltextual\" \/>\n<meta name=\"twitter:site\" content=\"@eltextual\" \/>\n<meta name=\"twitter:label1\" content=\"Escrito por\" \/>\n\t<meta name=\"twitter:data1\" content=\"Diario1 Diario1\" \/>\n\t<meta name=\"twitter:label2\" content=\"Tiempo de lectura\" \/>\n\t<meta name=\"twitter:data2\" content=\"3 minutos\" \/>\n<script type=\"application\/ld+json\" class=\"yoast-schema-graph\">{\"@context\":\"https:\\\/\\\/schema.org\",\"@graph\":[{\"@type\":\"Article\",\"@id\":\"https:\\\/\\\/diariotextual.com\\\/inicio\\\/index.php\\\/2019\\\/09\\\/19\\\/daniel-vila-dijo-macri-lo-extorsiono-favorecer-clarin\\\/#article\",\"isPartOf\":{\"@id\":\"https:\\\/\\\/diariotextual.com\\\/inicio\\\/index.php\\\/2019\\\/09\\\/19\\\/daniel-vila-dijo-macri-lo-extorsiono-favorecer-clarin\\\/\"},\"author\":{\"name\":\"Diario1 Diario1\",\"@id\":\"https:\\\/\\\/diariotextual.com\\\/inicio\\\/#\\\/schema\\\/person\\\/418fc4093c33e86ed41562db3508f958\"},\"headline\":\"Daniel Vila dijo que Macri lo \u00abextorsion\u00f3\u00bb para favorecer a Clar\u00edn\",\"datePublished\":\"2019-09-19T09:20:19+00:00\",\"dateModified\":\"2019-09-19T12:00:15+00:00\",\"mainEntityOfPage\":{\"@id\":\"https:\\\/\\\/diariotextual.com\\\/inicio\\\/index.php\\\/2019\\\/09\\\/19\\\/daniel-vila-dijo-macri-lo-extorsiono-favorecer-clarin\\\/\"},\"wordCount\":681,\"publisher\":{\"@id\":\"https:\\\/\\\/diariotextual.com\\\/inicio\\\/#organization\"},\"image\":{\"@id\":\"https:\\\/\\\/diariotextual.com\\\/inicio\\\/index.php\\\/2019\\\/09\\\/19\\\/daniel-vila-dijo-macri-lo-extorsiono-favorecer-clarin\\\/#primaryimage\"},\"thumbnailUrl\":\"https:\\\/\\\/diariotextual.com\\\/inicio\\\/wp-content\\\/uploads\\\/2019\\\/09\\\/viladaniel1.png\",\"keywords\":[\"vila\"],\"articleSection\":[\"A - PORTADA2\",\"POLITICA\"],\"inLanguage\":\"es\"},{\"@type\":\"WebPage\",\"@id\":\"https:\\\/\\\/diariotextual.com\\\/inicio\\\/index.php\\\/2019\\\/09\\\/19\\\/daniel-vila-dijo-macri-lo-extorsiono-favorecer-clarin\\\/\",\"url\":\"https:\\\/\\\/diariotextual.com\\\/inicio\\\/index.php\\\/2019\\\/09\\\/19\\\/daniel-vila-dijo-macri-lo-extorsiono-favorecer-clarin\\\/\",\"name\":\"Daniel Vila dijo que Macri lo \\\"extorsion\u00f3\\\" para favorecer a Clar\u00edn - Diario Textual\",\"isPartOf\":{\"@id\":\"https:\\\/\\\/diariotextual.com\\\/inicio\\\/#website\"},\"primaryImageOfPage\":{\"@id\":\"https:\\\/\\\/diariotextual.com\\\/inicio\\\/index.php\\\/2019\\\/09\\\/19\\\/daniel-vila-dijo-macri-lo-extorsiono-favorecer-clarin\\\/#primaryimage\"},\"image\":{\"@id\":\"https:\\\/\\\/diariotextual.com\\\/inicio\\\/index.php\\\/2019\\\/09\\\/19\\\/daniel-vila-dijo-macri-lo-extorsiono-favorecer-clarin\\\/#primaryimage\"},\"thumbnailUrl\":\"https:\\\/\\\/diariotextual.com\\\/inicio\\\/wp-content\\\/uploads\\\/2019\\\/09\\\/viladaniel1.png\",\"datePublished\":\"2019-09-19T09:20:19+00:00\",\"dateModified\":\"2019-09-19T12:00:15+00:00\",\"breadcrumb\":{\"@id\":\"https:\\\/\\\/diariotextual.com\\\/inicio\\\/index.php\\\/2019\\\/09\\\/19\\\/daniel-vila-dijo-macri-lo-extorsiono-favorecer-clarin\\\/#breadcrumb\"},\"inLanguage\":\"es\",\"potentialAction\":[{\"@type\":\"ReadAction\",\"target\":[\"https:\\\/\\\/diariotextual.com\\\/inicio\\\/index.php\\\/2019\\\/09\\\/19\\\/daniel-vila-dijo-macri-lo-extorsiono-favorecer-clarin\\\/\"]}]},{\"@type\":\"ImageObject\",\"inLanguage\":\"es\",\"@id\":\"https:\\\/\\\/diariotextual.com\\\/inicio\\\/index.php\\\/2019\\\/09\\\/19\\\/daniel-vila-dijo-macri-lo-extorsiono-favorecer-clarin\\\/#primaryimage\",\"url\":\"https:\\\/\\\/diariotextual.com\\\/inicio\\\/wp-content\\\/uploads\\\/2019\\\/09\\\/viladaniel1.png\",\"contentUrl\":\"https:\\\/\\\/diariotextual.com\\\/inicio\\\/wp-content\\\/uploads\\\/2019\\\/09\\\/viladaniel1.png\",\"width\":833,\"height\":500},{\"@type\":\"BreadcrumbList\",\"@id\":\"https:\\\/\\\/diariotextual.com\\\/inicio\\\/index.php\\\/2019\\\/09\\\/19\\\/daniel-vila-dijo-macri-lo-extorsiono-favorecer-clarin\\\/#breadcrumb\",\"itemListElement\":[{\"@type\":\"ListItem\",\"position\":1,\"name\":\"Portada\",\"item\":\"https:\\\/\\\/diariotextual.com\\\/inicio\\\/\"},{\"@type\":\"ListItem\",\"position\":2,\"name\":\"Daniel Vila dijo que Macri lo \u00abextorsion\u00f3\u00bb para favorecer a Clar\u00edn\"}]},{\"@type\":\"WebSite\",\"@id\":\"https:\\\/\\\/diariotextual.com\\\/inicio\\\/#website\",\"url\":\"https:\\\/\\\/diariotextual.com\\\/inicio\\\/\",\"name\":\"Diario Textual\",\"description\":\"\",\"publisher\":{\"@id\":\"https:\\\/\\\/diariotextual.com\\\/inicio\\\/#organization\"},\"potentialAction\":[{\"@type\":\"SearchAction\",\"target\":{\"@type\":\"EntryPoint\",\"urlTemplate\":\"https:\\\/\\\/diariotextual.com\\\/inicio\\\/?s={search_term_string}\"},\"query-input\":{\"@type\":\"PropertyValueSpecification\",\"valueRequired\":true,\"valueName\":\"search_term_string\"}}],\"inLanguage\":\"es\"},{\"@type\":\"Organization\",\"@id\":\"https:\\\/\\\/diariotextual.com\\\/inicio\\\/#organization\",\"name\":\"Diario Textual\",\"url\":\"https:\\\/\\\/diariotextual.com\\\/inicio\\\/\",\"logo\":{\"@type\":\"ImageObject\",\"inLanguage\":\"es\",\"@id\":\"https:\\\/\\\/diariotextual.com\\\/inicio\\\/#\\\/schema\\\/logo\\\/image\\\/\",\"url\":\"https:\\\/\\\/diariotextual.com\\\/inicio\\\/wp-content\\\/uploads\\\/2023\\\/05\\\/logotextual1.jpg\",\"contentUrl\":\"https:\\\/\\\/diariotextual.com\\\/inicio\\\/wp-content\\\/uploads\\\/2023\\\/05\\\/logotextual1.jpg\",\"width\":516,\"height\":76,\"caption\":\"Diario Textual\"},\"image\":{\"@id\":\"https:\\\/\\\/diariotextual.com\\\/inicio\\\/#\\\/schema\\\/logo\\\/image\\\/\"},\"sameAs\":[\"https:\\\/\\\/www.facebook.com\\\/eltextual\",\"https:\\\/\\\/x.com\\\/eltextual\",\"http:\\\/\\\/www.instagram.com\\\/eltextual\"]},{\"@type\":\"Person\",\"@id\":\"https:\\\/\\\/diariotextual.com\\\/inicio\\\/#\\\/schema\\\/person\\\/418fc4093c33e86ed41562db3508f958\",\"name\":\"Diario1 Diario1\",\"image\":{\"@type\":\"ImageObject\",\"inLanguage\":\"es\",\"@id\":\"https:\\\/\\\/secure.gravatar.com\\\/avatar\\\/9167d280179c85bc18be67aa7eda765854300033af4896dd779b608640f2ef7a?s=96&d=mm&r=g\",\"url\":\"https:\\\/\\\/secure.gravatar.com\\\/avatar\\\/9167d280179c85bc18be67aa7eda765854300033af4896dd779b608640f2ef7a?s=96&d=mm&r=g\",\"contentUrl\":\"https:\\\/\\\/secure.gravatar.com\\\/avatar\\\/9167d280179c85bc18be67aa7eda765854300033af4896dd779b608640f2ef7a?s=96&d=mm&r=g\",\"caption\":\"Diario1 Diario1\"},\"url\":\"https:\\\/\\\/diariotextual.com\\\/inicio\\\/index.php\\\/author\\\/diario1\\\/\"}]}<\/script>\n<!-- \/ Yoast SEO plugin. -->","yoast_head_json":{"title":"Daniel Vila dijo que Macri lo \"extorsion\u00f3\" para favorecer a Clar\u00edn - Diario Textual","robots":{"index":"index","follow":"follow","max-snippet":"max-snippet:-1","max-image-preview":"max-image-preview:large","max-video-preview":"max-video-preview:-1"},"canonical":"https:\/\/diariotextual.com\/inicio\/index.php\/2019\/09\/19\/daniel-vila-dijo-macri-lo-extorsiono-favorecer-clarin\/","og_locale":"es_ES","og_type":"article","og_title":"Daniel Vila dijo que Macri lo \"extorsion\u00f3\" para favorecer a Clar\u00edn - Diario Textual","og_description":"Daniel Vila, empresario de los medios y uno de los principales accionistas de Am\u00e9rica TV, denunci\u00f3 p\u00fablicamente que fue \u00abextorsionado\u00bb por el presidente Mauricio Macri con el fin \u00faltimo de&hellip;","og_url":"https:\/\/diariotextual.com\/inicio\/index.php\/2019\/09\/19\/daniel-vila-dijo-macri-lo-extorsiono-favorecer-clarin\/","og_site_name":"Diario Textual","article_publisher":"https:\/\/www.facebook.com\/eltextual","article_published_time":"2019-09-19T09:20:19+00:00","article_modified_time":"2019-09-19T12:00:15+00:00","og_image":[{"width":833,"height":500,"url":"https:\/\/diariotextual.com\/inicio\/wp-content\/uploads\/2019\/09\/viladaniel1.png","type":"image\/png"}],"author":"Diario1 Diario1","twitter_card":"summary_large_image","twitter_creator":"@eltextual","twitter_site":"@eltextual","twitter_misc":{"Escrito por":"Diario1 Diario1","Tiempo de lectura":"3 minutos"},"schema":{"@context":"https:\/\/schema.org","@graph":[{"@type":"Article","@id":"https:\/\/diariotextual.com\/inicio\/index.php\/2019\/09\/19\/daniel-vila-dijo-macri-lo-extorsiono-favorecer-clarin\/#article","isPartOf":{"@id":"https:\/\/diariotextual.com\/inicio\/index.php\/2019\/09\/19\/daniel-vila-dijo-macri-lo-extorsiono-favorecer-clarin\/"},"author":{"name":"Diario1 Diario1","@id":"https:\/\/diariotextual.com\/inicio\/#\/schema\/person\/418fc4093c33e86ed41562db3508f958"},"headline":"Daniel Vila dijo que Macri lo \u00abextorsion\u00f3\u00bb para favorecer a Clar\u00edn","datePublished":"2019-09-19T09:20:19+00:00","dateModified":"2019-09-19T12:00:15+00:00","mainEntityOfPage":{"@id":"https:\/\/diariotextual.com\/inicio\/index.php\/2019\/09\/19\/daniel-vila-dijo-macri-lo-extorsiono-favorecer-clarin\/"},"wordCount":681,"publisher":{"@id":"https:\/\/diariotextual.com\/inicio\/#organization"},"image":{"@id":"https:\/\/diariotextual.com\/inicio\/index.php\/2019\/09\/19\/daniel-vila-dijo-macri-lo-extorsiono-favorecer-clarin\/#primaryimage"},"thumbnailUrl":"https:\/\/diariotextual.com\/inicio\/wp-content\/uploads\/2019\/09\/viladaniel1.png","keywords":["vila"],"articleSection":["A - PORTADA2","POLITICA"],"inLanguage":"es"},{"@type":"WebPage","@id":"https:\/\/diariotextual.com\/inicio\/index.php\/2019\/09\/19\/daniel-vila-dijo-macri-lo-extorsiono-favorecer-clarin\/","url":"https:\/\/diariotextual.com\/inicio\/index.php\/2019\/09\/19\/daniel-vila-dijo-macri-lo-extorsiono-favorecer-clarin\/","name":"Daniel Vila dijo que Macri lo \"extorsion\u00f3\" para favorecer a Clar\u00edn - Diario Textual","isPartOf":{"@id":"https:\/\/diariotextual.com\/inicio\/#website"},"primaryImageOfPage":{"@id":"https:\/\/diariotextual.com\/inicio\/index.php\/2019\/09\/19\/daniel-vila-dijo-macri-lo-extorsiono-favorecer-clarin\/#primaryimage"},"image":{"@id":"https:\/\/diariotextual.com\/inicio\/index.php\/2019\/09\/19\/daniel-vila-dijo-macri-lo-extorsiono-favorecer-clarin\/#primaryimage"},"thumbnailUrl":"https:\/\/diariotextual.com\/inicio\/wp-content\/uploads\/2019\/09\/viladaniel1.png","datePublished":"2019-09-19T09:20:19+00:00","dateModified":"2019-09-19T12:00:15+00:00","breadcrumb":{"@id":"https:\/\/diariotextual.com\/inicio\/index.php\/2019\/09\/19\/daniel-vila-dijo-macri-lo-extorsiono-favorecer-clarin\/#breadcrumb"},"inLanguage":"es","potentialAction":[{"@type":"ReadAction","target":["https:\/\/diariotextual.com\/inicio\/index.php\/2019\/09\/19\/daniel-vila-dijo-macri-lo-extorsiono-favorecer-clarin\/"]}]},{"@type":"ImageObject","inLanguage":"es","@id":"https:\/\/diariotextual.com\/inicio\/index.php\/2019\/09\/19\/daniel-vila-dijo-macri-lo-extorsiono-favorecer-clarin\/#primaryimage","url":"https:\/\/diariotextual.com\/inicio\/wp-content\/uploads\/2019\/09\/viladaniel1.png","contentUrl":"https:\/\/diariotextual.com\/inicio\/wp-content\/uploads\/2019\/09\/viladaniel1.png","width":833,"height":500},{"@type":"BreadcrumbList","@id":"https:\/\/diariotextual.com\/inicio\/index.php\/2019\/09\/19\/daniel-vila-dijo-macri-lo-extorsiono-favorecer-clarin\/#breadcrumb","itemListElement":[{"@type":"ListItem","position":1,"name":"Portada","item":"https:\/\/diariotextual.com\/inicio\/"},{"@type":"ListItem","position":2,"name":"Daniel Vila dijo que Macri lo \u00abextorsion\u00f3\u00bb para favorecer a Clar\u00edn"}]},{"@type":"WebSite","@id":"https:\/\/diariotextual.com\/inicio\/#website","url":"https:\/\/diariotextual.com\/inicio\/","name":"Diario Textual","description":"","publisher":{"@id":"https:\/\/diariotextual.com\/inicio\/#organization"},"potentialAction":[{"@type":"SearchAction","target":{"@type":"EntryPoint","urlTemplate":"https:\/\/diariotextual.com\/inicio\/?s={search_term_string}"},"query-input":{"@type":"PropertyValueSpecification","valueRequired":true,"valueName":"search_term_string"}}],"inLanguage":"es"},{"@type":"Organization","@id":"https:\/\/diariotextual.com\/inicio\/#organization","name":"Diario Textual","url":"https:\/\/diariotextual.com\/inicio\/","logo":{"@type":"ImageObject","inLanguage":"es","@id":"https:\/\/diariotextual.com\/inicio\/#\/schema\/logo\/image\/","url":"https:\/\/diariotextual.com\/inicio\/wp-content\/uploads\/2023\/05\/logotextual1.jpg","contentUrl":"https:\/\/diariotextual.com\/inicio\/wp-content\/uploads\/2023\/05\/logotextual1.jpg","width":516,"height":76,"caption":"Diario Textual"},"image":{"@id":"https:\/\/diariotextual.com\/inicio\/#\/schema\/logo\/image\/"},"sameAs":["https:\/\/www.facebook.com\/eltextual","https:\/\/x.com\/eltextual","http:\/\/www.instagram.com\/eltextual"]},{"@type":"Person","@id":"https:\/\/diariotextual.com\/inicio\/#\/schema\/person\/418fc4093c33e86ed41562db3508f958","name":"Diario1 Diario1","image":{"@type":"ImageObject","inLanguage":"es","@id":"https:\/\/secure.gravatar.com\/avatar\/9167d280179c85bc18be67aa7eda765854300033af4896dd779b608640f2ef7a?s=96&d=mm&r=g","url":"https:\/\/secure.gravatar.com\/avatar\/9167d280179c85bc18be67aa7eda765854300033af4896dd779b608640f2ef7a?s=96&d=mm&r=g","contentUrl":"https:\/\/secure.gravatar.com\/avatar\/9167d280179c85bc18be67aa7eda765854300033af4896dd779b608640f2ef7a?s=96&d=mm&r=g","caption":"Diario1 Diario1"},"url":"https:\/\/diariotextual.com\/inicio\/index.php\/author\/diario1\/"}]}},"_links":{"self":[{"href":"https:\/\/diariotextual.com\/inicio\/index.php\/wp-json\/wp\/v2\/posts\/63059","targetHints":{"allow":["GET"]}}],"collection":[{"href":"https:\/\/diariotextual.com\/inicio\/index.php\/wp-json\/wp\/v2\/posts"}],"about":[{"href":"https:\/\/diariotextual.com\/inicio\/index.php\/wp-json\/wp\/v2\/types\/post"}],"author":[{"embeddable":true,"href":"https:\/\/diariotextual.com\/inicio\/index.php\/wp-json\/wp\/v2\/users\/3"}],"replies":[{"embeddable":true,"href":"https:\/\/diariotextual.com\/inicio\/index.php\/wp-json\/wp\/v2\/comments?post=63059"}],"version-history":[{"count":11,"href":"https:\/\/diariotextual.com\/inicio\/index.php\/wp-json\/wp\/v2\/posts\/63059\/revisions"}],"predecessor-version":[{"id":63095,"href":"https:\/\/diariotextual.com\/inicio\/index.php\/wp-json\/wp\/v2\/posts\/63059\/revisions\/63095"}],"wp:featuredmedia":[{"embeddable":true,"href":"https:\/\/diariotextual.com\/inicio\/index.php\/wp-json\/wp\/v2\/media\/63064"}],"wp:attachment":[{"href":"https:\/\/diariotextual.com\/inicio\/index.php\/wp-json\/wp\/v2\/media?parent=63059"}],"wp:term":[{"taxonomy":"category","embeddable":true,"href":"https:\/\/diariotextual.com\/inicio\/index.php\/wp-json\/wp\/v2\/categories?post=63059"},{"taxonomy":"post_tag","embeddable":true,"href":"https:\/\/diariotextual.com\/inicio\/index.php\/wp-json\/wp\/v2\/tags?post=63059"}],"curies":[{"name":"wp","href":"https:\/\/api.w.org\/{rel}","templated":true}]}}