{"id":63088,"date":"2019-09-19T08:53:51","date_gmt":"2019-09-19T11:53:51","guid":{"rendered":"http:\/\/diariotextual.com\/inicio\/?p=63088"},"modified":"2019-09-19T17:47:43","modified_gmt":"2019-09-19T20:47:43","slug":"la-unlpam-blp-firmaron-convenio-colaboracion","status":"publish","type":"post","link":"https:\/\/diariotextual.com\/inicio\/index.php\/2019\/09\/19\/la-unlpam-blp-firmaron-convenio-colaboracion\/","title":{"rendered":"La UNLPam y el BLP firmaron un convenio de colaboraci\u00f3n"},"content":{"rendered":"<p>La <strong>Universidad Nacional de La Pampa\u00a0(UNLPam)<\/strong> y el<strong> Banco de La Pampa (BLP)\u00a0<\/strong>firmaron un convenio de apoyo institucional para establecer <strong>\u201cun amplio marco de colaboraci\u00f3n\u201d<\/strong> entre ambas instituciones.<\/p>\n<p>La firma se realiz\u00f3 el mi\u00e9rcoles 17 de septiembre en la Universidad, entre el rector Oscar Alpa y el presidente del Directorio del BLP, Alexis Iviglia. Estuvieron presentes en la reuni\u00f3n las decanas y los decanos de las seis facultades de la Universidad y los integrantes del directorio del banco.<\/p>\n<p>\u00abLo importante -dijo el rector Alpa- es el acompa\u00f1amiento que hace la Universidad con el Banco, y el Banco con la Universidad, que ya se estaba dando en distintos eventos, y que ahora formalizamos con este convenio. Lo hacemos en un a\u00f1o en que el banco cumple 60 a\u00f1os y nosotros 61, decimos que somos instituciones casi hermanas. Y esto lo plasma\u00bb.<\/p>\n<p>\u00abEn todos estos a\u00f1os no ten\u00edamos un acuerdo con el banco. Hemos tenido varias reuniones con el directorio y hemos planteado pol\u00edticamente trabajar en conjunto, codo a codo, en beneficio de docentes, nodocentes y estudiantes\u00bb, destac\u00f3 el rector.<\/p>\n<p>Iviglia, a su vez, destac\u00f3 el trabajo en conjunto entre ambas instituciones. \u00abNos llev\u00f3 un tiempo de trabajo, pero es un momento muy importante. Desde hace a\u00f1os que el banco no trabaja con la Universidad, por los motivos que fueran. Queremos no solo formalizar esto, sino trabajar en toda la oferta que podemos hacerle a la Universidad en todos los sentidos, no solamente en la parte del manejo del dinero que est\u00e1 comprometido con otra instituci\u00f3n\u00bb, dijo.<\/p>\n<p>\u00abTenemos herramientas y productos crediticios que podemos ofrecerle a todos los que trabajan en la Universidad, docentes y nodocentes, y tambi\u00e9n a los estudiantes que para nosotros es importante que en este momento que est\u00e1n estudiando se puedan empezar a vincular financieramente con el banco, ya que luego empezar\u00e1n su vida laboral\u00bb, sostuvo.<\/p>\n<p>El acuerdo establece que las acciones de cooperaci\u00f3n ser\u00e1n instrumentadas con convenios espec\u00edficos por las autoridades de la UNLPam o las unidades acad\u00e9micas con la entidad financiera.<\/p>\n<p>El convenio va en l\u00ednea con la pol\u00edtica de la Universidad de estrechar v\u00ednculos de cooperaci\u00f3n con diferentes instituciones y desarrollar tareas de complementaci\u00f3n para el desarrollo de la comunidad universitaria. Entre las acciones conjuntas que se podr\u00e1n poner en marcha est\u00e1 el acompa\u00f1amiento del BLP como auspiciante o sponsor en eventos de la Universidad, la profundizaci\u00f3n de acciones comerciales en la comunidad universitaria o la elaboraci\u00f3n de planes y beneficios especiales, entre otras.<\/p>\n<p>&nbsp;<\/p>\n<p>&nbsp;<\/p>\n","protected":false},"excerpt":{"rendered":"<p>La Universidad Nacional de La Pampa\u00a0(UNLPam) y el Banco de La Pampa (BLP)\u00a0firmaron un convenio de apoyo institucional para establecer \u201cun amplio marco de colaboraci\u00f3n\u201d entre ambas instituciones. La firma&hellip;<\/p>\n","protected":false},"author":3,"featured_media":63089,"comment_status":"closed","ping_status":"open","sticky":false,"template":"","format":"standard","meta":{"_acf_changed":false,"footnotes":""},"categories":[11,319,5],"tags":[],"class_list":["post-63088","post","type-post","status-publish","format-standard","has-post-thumbnail","hentry","category-que-pasa","category-a-temporales","category-economia"],"acf":[],"yoast_head":"<!-- This site is optimized with the Yoast SEO plugin v27.5 - https:\/\/yoast.com\/product\/yoast-seo-wordpress\/ -->\n<title>La UNLPam y el BLP firmaron un convenio de colaboraci\u00f3n - Diario Textual<\/title>\n<meta name=\"robots\" content=\"index, follow, max-snippet:-1, max-image-preview:large, max-video-preview:-1\" \/>\n<link rel=\"canonical\" href=\"https:\/\/diariotextual.com\/inicio\/index.php\/2019\/09\/19\/la-unlpam-blp-firmaron-convenio-colaboracion\/\" \/>\n<meta property=\"og:locale\" content=\"es_ES\" \/>\n<meta property=\"og:type\" content=\"article\" \/>\n<meta property=\"og:title\" content=\"La UNLPam y el BLP firmaron un convenio de colaboraci\u00f3n - Diario Textual\" \/>\n<meta property=\"og:description\" content=\"La Universidad Nacional de La Pampa\u00a0(UNLPam) y el Banco de La Pampa (BLP)\u00a0firmaron un convenio de apoyo institucional para establecer \u201cun amplio marco de colaboraci\u00f3n\u201d entre ambas instituciones. La firma&hellip;\" \/>\n<meta property=\"og:url\" content=\"https:\/\/diariotextual.com\/inicio\/index.php\/2019\/09\/19\/la-unlpam-blp-firmaron-convenio-colaboracion\/\" \/>\n<meta property=\"og:site_name\" content=\"Diario Textual\" \/>\n<meta property=\"article:publisher\" content=\"https:\/\/www.facebook.com\/eltextual\" \/>\n<meta property=\"article:published_time\" content=\"2019-09-19T11:53:51+00:00\" \/>\n<meta property=\"article:modified_time\" content=\"2019-09-19T20:47:43+00:00\" \/>\n<meta property=\"og:image\" content=\"https:\/\/diariotextual.com\/inicio\/wp-content\/uploads\/2019\/09\/unlpamblpconvenio2019-100.jpg\" \/>\n\t<meta property=\"og:image:width\" content=\"969\" \/>\n\t<meta property=\"og:image:height\" content=\"593\" \/>\n\t<meta property=\"og:image:type\" content=\"image\/jpeg\" \/>\n<meta name=\"author\" content=\"Diario1 Diario1\" \/>\n<meta name=\"twitter:card\" content=\"summary_large_image\" \/>\n<meta name=\"twitter:creator\" content=\"@eltextual\" \/>\n<meta name=\"twitter:site\" content=\"@eltextual\" \/>\n<meta name=\"twitter:label1\" content=\"Escrito por\" \/>\n\t<meta name=\"twitter:data1\" content=\"Diario1 Diario1\" \/>\n\t<meta name=\"twitter:label2\" content=\"Tiempo de lectura\" \/>\n\t<meta name=\"twitter:data2\" content=\"2 minutos\" \/>\n<script type=\"application\/ld+json\" class=\"yoast-schema-graph\">{\"@context\":\"https:\\\/\\\/schema.org\",\"@graph\":[{\"@type\":\"Article\",\"@id\":\"https:\\\/\\\/diariotextual.com\\\/inicio\\\/index.php\\\/2019\\\/09\\\/19\\\/la-unlpam-blp-firmaron-convenio-colaboracion\\\/#article\",\"isPartOf\":{\"@id\":\"https:\\\/\\\/diariotextual.com\\\/inicio\\\/index.php\\\/2019\\\/09\\\/19\\\/la-unlpam-blp-firmaron-convenio-colaboracion\\\/\"},\"author\":{\"name\":\"Diario1 Diario1\",\"@id\":\"https:\\\/\\\/diariotextual.com\\\/inicio\\\/#\\\/schema\\\/person\\\/418fc4093c33e86ed41562db3508f958\"},\"headline\":\"La UNLPam y el BLP firmaron un convenio de colaboraci\u00f3n\",\"datePublished\":\"2019-09-19T11:53:51+00:00\",\"dateModified\":\"2019-09-19T20:47:43+00:00\",\"mainEntityOfPage\":{\"@id\":\"https:\\\/\\\/diariotextual.com\\\/inicio\\\/index.php\\\/2019\\\/09\\\/19\\\/la-unlpam-blp-firmaron-convenio-colaboracion\\\/\"},\"wordCount\":448,\"publisher\":{\"@id\":\"https:\\\/\\\/diariotextual.com\\\/inicio\\\/#organization\"},\"image\":{\"@id\":\"https:\\\/\\\/diariotextual.com\\\/inicio\\\/index.php\\\/2019\\\/09\\\/19\\\/la-unlpam-blp-firmaron-convenio-colaboracion\\\/#primaryimage\"},\"thumbnailUrl\":\"https:\\\/\\\/diariotextual.com\\\/inicio\\\/wp-content\\\/uploads\\\/2019\\\/09\\\/unlpamblpconvenio2019-100.jpg\",\"articleSection\":[\"A - QUE PASA (al costado)\",\"A - TEMPORALES\",\"ECONOMIA\"],\"inLanguage\":\"es\"},{\"@type\":\"WebPage\",\"@id\":\"https:\\\/\\\/diariotextual.com\\\/inicio\\\/index.php\\\/2019\\\/09\\\/19\\\/la-unlpam-blp-firmaron-convenio-colaboracion\\\/\",\"url\":\"https:\\\/\\\/diariotextual.com\\\/inicio\\\/index.php\\\/2019\\\/09\\\/19\\\/la-unlpam-blp-firmaron-convenio-colaboracion\\\/\",\"name\":\"La UNLPam y el BLP firmaron un convenio de colaboraci\u00f3n - Diario Textual\",\"isPartOf\":{\"@id\":\"https:\\\/\\\/diariotextual.com\\\/inicio\\\/#website\"},\"primaryImageOfPage\":{\"@id\":\"https:\\\/\\\/diariotextual.com\\\/inicio\\\/index.php\\\/2019\\\/09\\\/19\\\/la-unlpam-blp-firmaron-convenio-colaboracion\\\/#primaryimage\"},\"image\":{\"@id\":\"https:\\\/\\\/diariotextual.com\\\/inicio\\\/index.php\\\/2019\\\/09\\\/19\\\/la-unlpam-blp-firmaron-convenio-colaboracion\\\/#primaryimage\"},\"thumbnailUrl\":\"https:\\\/\\\/diariotextual.com\\\/inicio\\\/wp-content\\\/uploads\\\/2019\\\/09\\\/unlpamblpconvenio2019-100.jpg\",\"datePublished\":\"2019-09-19T11:53:51+00:00\",\"dateModified\":\"2019-09-19T20:47:43+00:00\",\"breadcrumb\":{\"@id\":\"https:\\\/\\\/diariotextual.com\\\/inicio\\\/index.php\\\/2019\\\/09\\\/19\\\/la-unlpam-blp-firmaron-convenio-colaboracion\\\/#breadcrumb\"},\"inLanguage\":\"es\",\"potentialAction\":[{\"@type\":\"ReadAction\",\"target\":[\"https:\\\/\\\/diariotextual.com\\\/inicio\\\/index.php\\\/2019\\\/09\\\/19\\\/la-unlpam-blp-firmaron-convenio-colaboracion\\\/\"]}]},{\"@type\":\"ImageObject\",\"inLanguage\":\"es\",\"@id\":\"https:\\\/\\\/diariotextual.com\\\/inicio\\\/index.php\\\/2019\\\/09\\\/19\\\/la-unlpam-blp-firmaron-convenio-colaboracion\\\/#primaryimage\",\"url\":\"https:\\\/\\\/diariotextual.com\\\/inicio\\\/wp-content\\\/uploads\\\/2019\\\/09\\\/unlpamblpconvenio2019-100.jpg\",\"contentUrl\":\"https:\\\/\\\/diariotextual.com\\\/inicio\\\/wp-content\\\/uploads\\\/2019\\\/09\\\/unlpamblpconvenio2019-100.jpg\",\"width\":969,\"height\":593},{\"@type\":\"BreadcrumbList\",\"@id\":\"https:\\\/\\\/diariotextual.com\\\/inicio\\\/index.php\\\/2019\\\/09\\\/19\\\/la-unlpam-blp-firmaron-convenio-colaboracion\\\/#breadcrumb\",\"itemListElement\":[{\"@type\":\"ListItem\",\"position\":1,\"name\":\"Portada\",\"item\":\"https:\\\/\\\/diariotextual.com\\\/inicio\\\/\"},{\"@type\":\"ListItem\",\"position\":2,\"name\":\"La UNLPam y el BLP firmaron un convenio de colaboraci\u00f3n\"}]},{\"@type\":\"WebSite\",\"@id\":\"https:\\\/\\\/diariotextual.com\\\/inicio\\\/#website\",\"url\":\"https:\\\/\\\/diariotextual.com\\\/inicio\\\/\",\"name\":\"Diario Textual\",\"description\":\"\",\"publisher\":{\"@id\":\"https:\\\/\\\/diariotextual.com\\\/inicio\\\/#organization\"},\"potentialAction\":[{\"@type\":\"SearchAction\",\"target\":{\"@type\":\"EntryPoint\",\"urlTemplate\":\"https:\\\/\\\/diariotextual.com\\\/inicio\\\/?s={search_term_string}\"},\"query-input\":{\"@type\":\"PropertyValueSpecification\",\"valueRequired\":true,\"valueName\":\"search_term_string\"}}],\"inLanguage\":\"es\"},{\"@type\":\"Organization\",\"@id\":\"https:\\\/\\\/diariotextual.com\\\/inicio\\\/#organization\",\"name\":\"Diario Textual\",\"url\":\"https:\\\/\\\/diariotextual.com\\\/inicio\\\/\",\"logo\":{\"@type\":\"ImageObject\",\"inLanguage\":\"es\",\"@id\":\"https:\\\/\\\/diariotextual.com\\\/inicio\\\/#\\\/schema\\\/logo\\\/image\\\/\",\"url\":\"https:\\\/\\\/diariotextual.com\\\/inicio\\\/wp-content\\\/uploads\\\/2023\\\/05\\\/logotextual1.jpg\",\"contentUrl\":\"https:\\\/\\\/diariotextual.com\\\/inicio\\\/wp-content\\\/uploads\\\/2023\\\/05\\\/logotextual1.jpg\",\"width\":516,\"height\":76,\"caption\":\"Diario Textual\"},\"image\":{\"@id\":\"https:\\\/\\\/diariotextual.com\\\/inicio\\\/#\\\/schema\\\/logo\\\/image\\\/\"},\"sameAs\":[\"https:\\\/\\\/www.facebook.com\\\/eltextual\",\"https:\\\/\\\/x.com\\\/eltextual\",\"http:\\\/\\\/www.instagram.com\\\/eltextual\"]},{\"@type\":\"Person\",\"@id\":\"https:\\\/\\\/diariotextual.com\\\/inicio\\\/#\\\/schema\\\/person\\\/418fc4093c33e86ed41562db3508f958\",\"name\":\"Diario1 Diario1\",\"image\":{\"@type\":\"ImageObject\",\"inLanguage\":\"es\",\"@id\":\"https:\\\/\\\/secure.gravatar.com\\\/avatar\\\/9167d280179c85bc18be67aa7eda765854300033af4896dd779b608640f2ef7a?s=96&d=mm&r=g\",\"url\":\"https:\\\/\\\/secure.gravatar.com\\\/avatar\\\/9167d280179c85bc18be67aa7eda765854300033af4896dd779b608640f2ef7a?s=96&d=mm&r=g\",\"contentUrl\":\"https:\\\/\\\/secure.gravatar.com\\\/avatar\\\/9167d280179c85bc18be67aa7eda765854300033af4896dd779b608640f2ef7a?s=96&d=mm&r=g\",\"caption\":\"Diario1 Diario1\"},\"url\":\"https:\\\/\\\/diariotextual.com\\\/inicio\\\/index.php\\\/author\\\/diario1\\\/\"}]}<\/script>\n<!-- \/ Yoast SEO plugin. -->","yoast_head_json":{"title":"La UNLPam y el BLP firmaron un convenio de colaboraci\u00f3n - Diario Textual","robots":{"index":"index","follow":"follow","max-snippet":"max-snippet:-1","max-image-preview":"max-image-preview:large","max-video-preview":"max-video-preview:-1"},"canonical":"https:\/\/diariotextual.com\/inicio\/index.php\/2019\/09\/19\/la-unlpam-blp-firmaron-convenio-colaboracion\/","og_locale":"es_ES","og_type":"article","og_title":"La UNLPam y el BLP firmaron un convenio de colaboraci\u00f3n - Diario Textual","og_description":"La Universidad Nacional de La Pampa\u00a0(UNLPam) y el Banco de La Pampa (BLP)\u00a0firmaron un convenio de apoyo institucional para establecer \u201cun amplio marco de colaboraci\u00f3n\u201d entre ambas instituciones. La firma&hellip;","og_url":"https:\/\/diariotextual.com\/inicio\/index.php\/2019\/09\/19\/la-unlpam-blp-firmaron-convenio-colaboracion\/","og_site_name":"Diario Textual","article_publisher":"https:\/\/www.facebook.com\/eltextual","article_published_time":"2019-09-19T11:53:51+00:00","article_modified_time":"2019-09-19T20:47:43+00:00","og_image":[{"width":969,"height":593,"url":"https:\/\/diariotextual.com\/inicio\/wp-content\/uploads\/2019\/09\/unlpamblpconvenio2019-100.jpg","type":"image\/jpeg"}],"author":"Diario1 Diario1","twitter_card":"summary_large_image","twitter_creator":"@eltextual","twitter_site":"@eltextual","twitter_misc":{"Escrito por":"Diario1 Diario1","Tiempo de lectura":"2 minutos"},"schema":{"@context":"https:\/\/schema.org","@graph":[{"@type":"Article","@id":"https:\/\/diariotextual.com\/inicio\/index.php\/2019\/09\/19\/la-unlpam-blp-firmaron-convenio-colaboracion\/#article","isPartOf":{"@id":"https:\/\/diariotextual.com\/inicio\/index.php\/2019\/09\/19\/la-unlpam-blp-firmaron-convenio-colaboracion\/"},"author":{"name":"Diario1 Diario1","@id":"https:\/\/diariotextual.com\/inicio\/#\/schema\/person\/418fc4093c33e86ed41562db3508f958"},"headline":"La UNLPam y el BLP firmaron un convenio de colaboraci\u00f3n","datePublished":"2019-09-19T11:53:51+00:00","dateModified":"2019-09-19T20:47:43+00:00","mainEntityOfPage":{"@id":"https:\/\/diariotextual.com\/inicio\/index.php\/2019\/09\/19\/la-unlpam-blp-firmaron-convenio-colaboracion\/"},"wordCount":448,"publisher":{"@id":"https:\/\/diariotextual.com\/inicio\/#organization"},"image":{"@id":"https:\/\/diariotextual.com\/inicio\/index.php\/2019\/09\/19\/la-unlpam-blp-firmaron-convenio-colaboracion\/#primaryimage"},"thumbnailUrl":"https:\/\/diariotextual.com\/inicio\/wp-content\/uploads\/2019\/09\/unlpamblpconvenio2019-100.jpg","articleSection":["A - QUE PASA (al costado)","A - TEMPORALES","ECONOMIA"],"inLanguage":"es"},{"@type":"WebPage","@id":"https:\/\/diariotextual.com\/inicio\/index.php\/2019\/09\/19\/la-unlpam-blp-firmaron-convenio-colaboracion\/","url":"https:\/\/diariotextual.com\/inicio\/index.php\/2019\/09\/19\/la-unlpam-blp-firmaron-convenio-colaboracion\/","name":"La UNLPam y el BLP firmaron un convenio de colaboraci\u00f3n - Diario Textual","isPartOf":{"@id":"https:\/\/diariotextual.com\/inicio\/#website"},"primaryImageOfPage":{"@id":"https:\/\/diariotextual.com\/inicio\/index.php\/2019\/09\/19\/la-unlpam-blp-firmaron-convenio-colaboracion\/#primaryimage"},"image":{"@id":"https:\/\/diariotextual.com\/inicio\/index.php\/2019\/09\/19\/la-unlpam-blp-firmaron-convenio-colaboracion\/#primaryimage"},"thumbnailUrl":"https:\/\/diariotextual.com\/inicio\/wp-content\/uploads\/2019\/09\/unlpamblpconvenio2019-100.jpg","datePublished":"2019-09-19T11:53:51+00:00","dateModified":"2019-09-19T20:47:43+00:00","breadcrumb":{"@id":"https:\/\/diariotextual.com\/inicio\/index.php\/2019\/09\/19\/la-unlpam-blp-firmaron-convenio-colaboracion\/#breadcrumb"},"inLanguage":"es","potentialAction":[{"@type":"ReadAction","target":["https:\/\/diariotextual.com\/inicio\/index.php\/2019\/09\/19\/la-unlpam-blp-firmaron-convenio-colaboracion\/"]}]},{"@type":"ImageObject","inLanguage":"es","@id":"https:\/\/diariotextual.com\/inicio\/index.php\/2019\/09\/19\/la-unlpam-blp-firmaron-convenio-colaboracion\/#primaryimage","url":"https:\/\/diariotextual.com\/inicio\/wp-content\/uploads\/2019\/09\/unlpamblpconvenio2019-100.jpg","contentUrl":"https:\/\/diariotextual.com\/inicio\/wp-content\/uploads\/2019\/09\/unlpamblpconvenio2019-100.jpg","width":969,"height":593},{"@type":"BreadcrumbList","@id":"https:\/\/diariotextual.com\/inicio\/index.php\/2019\/09\/19\/la-unlpam-blp-firmaron-convenio-colaboracion\/#breadcrumb","itemListElement":[{"@type":"ListItem","position":1,"name":"Portada","item":"https:\/\/diariotextual.com\/inicio\/"},{"@type":"ListItem","position":2,"name":"La UNLPam y el BLP firmaron un convenio de colaboraci\u00f3n"}]},{"@type":"WebSite","@id":"https:\/\/diariotextual.com\/inicio\/#website","url":"https:\/\/diariotextual.com\/inicio\/","name":"Diario Textual","description":"","publisher":{"@id":"https:\/\/diariotextual.com\/inicio\/#organization"},"potentialAction":[{"@type":"SearchAction","target":{"@type":"EntryPoint","urlTemplate":"https:\/\/diariotextual.com\/inicio\/?s={search_term_string}"},"query-input":{"@type":"PropertyValueSpecification","valueRequired":true,"valueName":"search_term_string"}}],"inLanguage":"es"},{"@type":"Organization","@id":"https:\/\/diariotextual.com\/inicio\/#organization","name":"Diario Textual","url":"https:\/\/diariotextual.com\/inicio\/","logo":{"@type":"ImageObject","inLanguage":"es","@id":"https:\/\/diariotextual.com\/inicio\/#\/schema\/logo\/image\/","url":"https:\/\/diariotextual.com\/inicio\/wp-content\/uploads\/2023\/05\/logotextual1.jpg","contentUrl":"https:\/\/diariotextual.com\/inicio\/wp-content\/uploads\/2023\/05\/logotextual1.jpg","width":516,"height":76,"caption":"Diario Textual"},"image":{"@id":"https:\/\/diariotextual.com\/inicio\/#\/schema\/logo\/image\/"},"sameAs":["https:\/\/www.facebook.com\/eltextual","https:\/\/x.com\/eltextual","http:\/\/www.instagram.com\/eltextual"]},{"@type":"Person","@id":"https:\/\/diariotextual.com\/inicio\/#\/schema\/person\/418fc4093c33e86ed41562db3508f958","name":"Diario1 Diario1","image":{"@type":"ImageObject","inLanguage":"es","@id":"https:\/\/secure.gravatar.com\/avatar\/9167d280179c85bc18be67aa7eda765854300033af4896dd779b608640f2ef7a?s=96&d=mm&r=g","url":"https:\/\/secure.gravatar.com\/avatar\/9167d280179c85bc18be67aa7eda765854300033af4896dd779b608640f2ef7a?s=96&d=mm&r=g","contentUrl":"https:\/\/secure.gravatar.com\/avatar\/9167d280179c85bc18be67aa7eda765854300033af4896dd779b608640f2ef7a?s=96&d=mm&r=g","caption":"Diario1 Diario1"},"url":"https:\/\/diariotextual.com\/inicio\/index.php\/author\/diario1\/"}]}},"_links":{"self":[{"href":"https:\/\/diariotextual.com\/inicio\/index.php\/wp-json\/wp\/v2\/posts\/63088","targetHints":{"allow":["GET"]}}],"collection":[{"href":"https:\/\/diariotextual.com\/inicio\/index.php\/wp-json\/wp\/v2\/posts"}],"about":[{"href":"https:\/\/diariotextual.com\/inicio\/index.php\/wp-json\/wp\/v2\/types\/post"}],"author":[{"embeddable":true,"href":"https:\/\/diariotextual.com\/inicio\/index.php\/wp-json\/wp\/v2\/users\/3"}],"replies":[{"embeddable":true,"href":"https:\/\/diariotextual.com\/inicio\/index.php\/wp-json\/wp\/v2\/comments?post=63088"}],"version-history":[{"count":2,"href":"https:\/\/diariotextual.com\/inicio\/index.php\/wp-json\/wp\/v2\/posts\/63088\/revisions"}],"predecessor-version":[{"id":63092,"href":"https:\/\/diariotextual.com\/inicio\/index.php\/wp-json\/wp\/v2\/posts\/63088\/revisions\/63092"}],"wp:featuredmedia":[{"embeddable":true,"href":"https:\/\/diariotextual.com\/inicio\/index.php\/wp-json\/wp\/v2\/media\/63089"}],"wp:attachment":[{"href":"https:\/\/diariotextual.com\/inicio\/index.php\/wp-json\/wp\/v2\/media?parent=63088"}],"wp:term":[{"taxonomy":"category","embeddable":true,"href":"https:\/\/diariotextual.com\/inicio\/index.php\/wp-json\/wp\/v2\/categories?post=63088"},{"taxonomy":"post_tag","embeddable":true,"href":"https:\/\/diariotextual.com\/inicio\/index.php\/wp-json\/wp\/v2\/tags?post=63088"}],"curies":[{"name":"wp","href":"https:\/\/api.w.org\/{rel}","templated":true}]}}