{"id":63122,"date":"2019-09-19T10:28:30","date_gmt":"2019-09-19T13:28:30","guid":{"rendered":"http:\/\/diariotextual.com\/inicio\/?p=63122"},"modified":"2019-09-19T11:22:12","modified_gmt":"2019-09-19T14:22:12","slug":"reclamo-empleados-grido-les-deben-una-parte-del-aguinaldo","status":"publish","type":"post","link":"https:\/\/diariotextual.com\/inicio\/index.php\/2019\/09\/19\/reclamo-empleados-grido-les-deben-una-parte-del-aguinaldo\/","title":{"rendered":"Reclamo de empleados de Grido: les deben una parte del aguinaldo"},"content":{"rendered":"<p>Dos franquiciados de la cadena de\u00a0<strong>helader\u00edas Grido<\/strong>\u00a0todav\u00eda\u00a0<strong>no terminaron de pagarles el aguinaldo a sus trabajadores y trabajadoras de Santa Rosa<\/strong>, revel\u00f3 a Diario Textual el subsecretario del Centro Empleados de Comercio, Rodrigo Genoni.<\/p>\n<blockquote class=\"wp-embedded-content\" data-secret=\"bXAJnH4wcg\"><p><a href=\"http:\/\/diariotextual.com\/inicio\/index.php\/2019\/09\/19\/ribeiro-le-paga-minicuotas-trabajadores-santa-rosa\/\">Ribeiro les paga en minicuotas a sus trabajadores en Santa Rosa<\/a><\/p><\/blockquote>\n<p><iframe class=\"wp-embedded-content\" sandbox=\"allow-scripts\" security=\"restricted\" style=\"position: absolute; clip: rect(1px, 1px, 1px, 1px);\" src=\"http:\/\/diariotextual.com\/inicio\/index.php\/2019\/09\/19\/ribeiro-le-paga-minicuotas-trabajadores-santa-rosa\/embed\/#?secret=bXAJnH4wcg\" data-secret=\"bXAJnH4wcg\" width=\"600\" height=\"338\" title=\"&#171;Ribeiro les paga en minicuotas a sus trabajadores en Santa Rosa&#187; &#8212; Diario Textual\" frameborder=\"0\" marginwidth=\"0\" marginheight=\"0\" scrolling=\"no\"><\/iframe><\/p>\n<p><strong>\u00abEstamos tratando de que paguen lo que adeudan y otorguen alg\u00fan monto resarcitorio por la demora porque de lo contrario vamos a un conflicto gremial\u00bb<\/strong>, advirti\u00f3 el dirigente mercantil.<\/p>\n<p>Grido es una cadena de helader\u00edas con sucursales en todo el pa\u00eds, fundada por la familia Santiago, en C\u00f3rdoba. En Santa Rosa posee franquicias, que es una forma de negocio en el que una empresa (franquiciador o franquiciante) cede a otra (franquiciado o franquiciatario) el derecho de explotaci\u00f3n de su sistema de negocio a cambio de una contraprestaci\u00f3n econ\u00f3mica.<\/p>\n<p>En La Pampa hay una docena de helader\u00edas Grido, repartidas en Santa Rosa, General Pico, Toay, Eduardo Castex, Realic\u00f3 y General Acha.<\/p>\n","protected":false},"excerpt":{"rendered":"<p>Dos franquiciados de la cadena de\u00a0helader\u00edas Grido\u00a0todav\u00eda\u00a0no terminaron de pagarles el aguinaldo a sus trabajadores y trabajadoras de Santa Rosa, revel\u00f3 a Diario Textual el subsecretario del Centro Empleados de&hellip;<\/p>\n","protected":false},"author":7,"featured_media":63099,"comment_status":"closed","ping_status":"open","sticky":false,"template":"","format":"standard","meta":{"_acf_changed":false,"footnotes":""},"categories":[11,319,12],"tags":[],"class_list":["post-63122","post","type-post","status-publish","format-standard","has-post-thumbnail","hentry","category-que-pasa","category-a-temporales","category-sociedad"],"acf":[],"yoast_head":"<!-- This site is optimized with the Yoast SEO plugin v27.5 - https:\/\/yoast.com\/product\/yoast-seo-wordpress\/ -->\n<title>Reclamo de empleados de Grido: les deben una parte del aguinaldo - Diario Textual<\/title>\n<meta name=\"robots\" content=\"index, follow, max-snippet:-1, max-image-preview:large, max-video-preview:-1\" \/>\n<link rel=\"canonical\" href=\"https:\/\/diariotextual.com\/inicio\/index.php\/2019\/09\/19\/reclamo-empleados-grido-les-deben-una-parte-del-aguinaldo\/\" \/>\n<meta property=\"og:locale\" content=\"es_ES\" \/>\n<meta property=\"og:type\" content=\"article\" \/>\n<meta property=\"og:title\" content=\"Reclamo de empleados de Grido: les deben una parte del aguinaldo - Diario Textual\" \/>\n<meta property=\"og:description\" content=\"Dos franquiciados de la cadena de\u00a0helader\u00edas Grido\u00a0todav\u00eda\u00a0no terminaron de pagarles el aguinaldo a sus trabajadores y trabajadoras de Santa Rosa, revel\u00f3 a Diario Textual el subsecretario del Centro Empleados de&hellip;\" \/>\n<meta property=\"og:url\" content=\"https:\/\/diariotextual.com\/inicio\/index.php\/2019\/09\/19\/reclamo-empleados-grido-les-deben-una-parte-del-aguinaldo\/\" \/>\n<meta property=\"og:site_name\" content=\"Diario Textual\" \/>\n<meta property=\"article:publisher\" content=\"https:\/\/www.facebook.com\/eltextual\" \/>\n<meta property=\"article:published_time\" content=\"2019-09-19T13:28:30+00:00\" \/>\n<meta property=\"article:modified_time\" content=\"2019-09-19T14:22:12+00:00\" \/>\n<meta property=\"og:image\" content=\"https:\/\/diariotextual.com\/inicio\/wp-content\/uploads\/2019\/09\/gridoheladossantarosa.png\" \/>\n\t<meta property=\"og:image:width\" content=\"807\" \/>\n\t<meta property=\"og:image:height\" content=\"513\" \/>\n\t<meta property=\"og:image:type\" content=\"image\/png\" \/>\n<meta name=\"author\" content=\"diario5\" \/>\n<meta name=\"twitter:card\" content=\"summary_large_image\" \/>\n<meta name=\"twitter:creator\" content=\"@eltextual\" \/>\n<meta name=\"twitter:site\" content=\"@eltextual\" \/>\n<meta name=\"twitter:label1\" content=\"Escrito por\" \/>\n\t<meta name=\"twitter:data1\" content=\"diario5\" \/>\n\t<meta name=\"twitter:label2\" content=\"Tiempo de lectura\" \/>\n\t<meta name=\"twitter:data2\" content=\"1 minuto\" \/>\n<script type=\"application\/ld+json\" class=\"yoast-schema-graph\">{\"@context\":\"https:\\\/\\\/schema.org\",\"@graph\":[{\"@type\":\"Article\",\"@id\":\"https:\\\/\\\/diariotextual.com\\\/inicio\\\/index.php\\\/2019\\\/09\\\/19\\\/reclamo-empleados-grido-les-deben-una-parte-del-aguinaldo\\\/#article\",\"isPartOf\":{\"@id\":\"https:\\\/\\\/diariotextual.com\\\/inicio\\\/index.php\\\/2019\\\/09\\\/19\\\/reclamo-empleados-grido-les-deben-una-parte-del-aguinaldo\\\/\"},\"author\":{\"name\":\"diario5\",\"@id\":\"https:\\\/\\\/diariotextual.com\\\/inicio\\\/#\\\/schema\\\/person\\\/c7834961ad8b29b1d9cdbf4571299067\"},\"headline\":\"Reclamo de empleados de Grido: les deben una parte del aguinaldo\",\"datePublished\":\"2019-09-19T13:28:30+00:00\",\"dateModified\":\"2019-09-19T14:22:12+00:00\",\"mainEntityOfPage\":{\"@id\":\"https:\\\/\\\/diariotextual.com\\\/inicio\\\/index.php\\\/2019\\\/09\\\/19\\\/reclamo-empleados-grido-les-deben-una-parte-del-aguinaldo\\\/\"},\"wordCount\":174,\"publisher\":{\"@id\":\"https:\\\/\\\/diariotextual.com\\\/inicio\\\/#organization\"},\"image\":{\"@id\":\"https:\\\/\\\/diariotextual.com\\\/inicio\\\/index.php\\\/2019\\\/09\\\/19\\\/reclamo-empleados-grido-les-deben-una-parte-del-aguinaldo\\\/#primaryimage\"},\"thumbnailUrl\":\"https:\\\/\\\/diariotextual.com\\\/inicio\\\/wp-content\\\/uploads\\\/2019\\\/09\\\/gridoheladossantarosa.png\",\"articleSection\":[\"A - QUE PASA (al costado)\",\"A - TEMPORALES\",\"SOCIEDAD\"],\"inLanguage\":\"es\"},{\"@type\":\"WebPage\",\"@id\":\"https:\\\/\\\/diariotextual.com\\\/inicio\\\/index.php\\\/2019\\\/09\\\/19\\\/reclamo-empleados-grido-les-deben-una-parte-del-aguinaldo\\\/\",\"url\":\"https:\\\/\\\/diariotextual.com\\\/inicio\\\/index.php\\\/2019\\\/09\\\/19\\\/reclamo-empleados-grido-les-deben-una-parte-del-aguinaldo\\\/\",\"name\":\"Reclamo de empleados de Grido: les deben una parte del aguinaldo - Diario Textual\",\"isPartOf\":{\"@id\":\"https:\\\/\\\/diariotextual.com\\\/inicio\\\/#website\"},\"primaryImageOfPage\":{\"@id\":\"https:\\\/\\\/diariotextual.com\\\/inicio\\\/index.php\\\/2019\\\/09\\\/19\\\/reclamo-empleados-grido-les-deben-una-parte-del-aguinaldo\\\/#primaryimage\"},\"image\":{\"@id\":\"https:\\\/\\\/diariotextual.com\\\/inicio\\\/index.php\\\/2019\\\/09\\\/19\\\/reclamo-empleados-grido-les-deben-una-parte-del-aguinaldo\\\/#primaryimage\"},\"thumbnailUrl\":\"https:\\\/\\\/diariotextual.com\\\/inicio\\\/wp-content\\\/uploads\\\/2019\\\/09\\\/gridoheladossantarosa.png\",\"datePublished\":\"2019-09-19T13:28:30+00:00\",\"dateModified\":\"2019-09-19T14:22:12+00:00\",\"breadcrumb\":{\"@id\":\"https:\\\/\\\/diariotextual.com\\\/inicio\\\/index.php\\\/2019\\\/09\\\/19\\\/reclamo-empleados-grido-les-deben-una-parte-del-aguinaldo\\\/#breadcrumb\"},\"inLanguage\":\"es\",\"potentialAction\":[{\"@type\":\"ReadAction\",\"target\":[\"https:\\\/\\\/diariotextual.com\\\/inicio\\\/index.php\\\/2019\\\/09\\\/19\\\/reclamo-empleados-grido-les-deben-una-parte-del-aguinaldo\\\/\"]}]},{\"@type\":\"ImageObject\",\"inLanguage\":\"es\",\"@id\":\"https:\\\/\\\/diariotextual.com\\\/inicio\\\/index.php\\\/2019\\\/09\\\/19\\\/reclamo-empleados-grido-les-deben-una-parte-del-aguinaldo\\\/#primaryimage\",\"url\":\"https:\\\/\\\/diariotextual.com\\\/inicio\\\/wp-content\\\/uploads\\\/2019\\\/09\\\/gridoheladossantarosa.png\",\"contentUrl\":\"https:\\\/\\\/diariotextual.com\\\/inicio\\\/wp-content\\\/uploads\\\/2019\\\/09\\\/gridoheladossantarosa.png\",\"width\":807,\"height\":513},{\"@type\":\"BreadcrumbList\",\"@id\":\"https:\\\/\\\/diariotextual.com\\\/inicio\\\/index.php\\\/2019\\\/09\\\/19\\\/reclamo-empleados-grido-les-deben-una-parte-del-aguinaldo\\\/#breadcrumb\",\"itemListElement\":[{\"@type\":\"ListItem\",\"position\":1,\"name\":\"Portada\",\"item\":\"https:\\\/\\\/diariotextual.com\\\/inicio\\\/\"},{\"@type\":\"ListItem\",\"position\":2,\"name\":\"Reclamo de empleados de Grido: les deben una parte del aguinaldo\"}]},{\"@type\":\"WebSite\",\"@id\":\"https:\\\/\\\/diariotextual.com\\\/inicio\\\/#website\",\"url\":\"https:\\\/\\\/diariotextual.com\\\/inicio\\\/\",\"name\":\"Diario Textual\",\"description\":\"\",\"publisher\":{\"@id\":\"https:\\\/\\\/diariotextual.com\\\/inicio\\\/#organization\"},\"potentialAction\":[{\"@type\":\"SearchAction\",\"target\":{\"@type\":\"EntryPoint\",\"urlTemplate\":\"https:\\\/\\\/diariotextual.com\\\/inicio\\\/?s={search_term_string}\"},\"query-input\":{\"@type\":\"PropertyValueSpecification\",\"valueRequired\":true,\"valueName\":\"search_term_string\"}}],\"inLanguage\":\"es\"},{\"@type\":\"Organization\",\"@id\":\"https:\\\/\\\/diariotextual.com\\\/inicio\\\/#organization\",\"name\":\"Diario Textual\",\"url\":\"https:\\\/\\\/diariotextual.com\\\/inicio\\\/\",\"logo\":{\"@type\":\"ImageObject\",\"inLanguage\":\"es\",\"@id\":\"https:\\\/\\\/diariotextual.com\\\/inicio\\\/#\\\/schema\\\/logo\\\/image\\\/\",\"url\":\"https:\\\/\\\/diariotextual.com\\\/inicio\\\/wp-content\\\/uploads\\\/2023\\\/05\\\/logotextual1.jpg\",\"contentUrl\":\"https:\\\/\\\/diariotextual.com\\\/inicio\\\/wp-content\\\/uploads\\\/2023\\\/05\\\/logotextual1.jpg\",\"width\":516,\"height\":76,\"caption\":\"Diario Textual\"},\"image\":{\"@id\":\"https:\\\/\\\/diariotextual.com\\\/inicio\\\/#\\\/schema\\\/logo\\\/image\\\/\"},\"sameAs\":[\"https:\\\/\\\/www.facebook.com\\\/eltextual\",\"https:\\\/\\\/x.com\\\/eltextual\",\"http:\\\/\\\/www.instagram.com\\\/eltextual\"]},{\"@type\":\"Person\",\"@id\":\"https:\\\/\\\/diariotextual.com\\\/inicio\\\/#\\\/schema\\\/person\\\/c7834961ad8b29b1d9cdbf4571299067\",\"name\":\"diario5\",\"image\":{\"@type\":\"ImageObject\",\"inLanguage\":\"es\",\"@id\":\"https:\\\/\\\/secure.gravatar.com\\\/avatar\\\/948c893b847ca6df68216ead81b63f363408ec9b0f600fefc0641ce78613b111?s=96&d=mm&r=g\",\"url\":\"https:\\\/\\\/secure.gravatar.com\\\/avatar\\\/948c893b847ca6df68216ead81b63f363408ec9b0f600fefc0641ce78613b111?s=96&d=mm&r=g\",\"contentUrl\":\"https:\\\/\\\/secure.gravatar.com\\\/avatar\\\/948c893b847ca6df68216ead81b63f363408ec9b0f600fefc0641ce78613b111?s=96&d=mm&r=g\",\"caption\":\"diario5\"},\"url\":\"https:\\\/\\\/diariotextual.com\\\/inicio\\\/index.php\\\/author\\\/diario5\\\/\"}]}<\/script>\n<!-- \/ Yoast SEO plugin. -->","yoast_head_json":{"title":"Reclamo de empleados de Grido: les deben una parte del aguinaldo - Diario Textual","robots":{"index":"index","follow":"follow","max-snippet":"max-snippet:-1","max-image-preview":"max-image-preview:large","max-video-preview":"max-video-preview:-1"},"canonical":"https:\/\/diariotextual.com\/inicio\/index.php\/2019\/09\/19\/reclamo-empleados-grido-les-deben-una-parte-del-aguinaldo\/","og_locale":"es_ES","og_type":"article","og_title":"Reclamo de empleados de Grido: les deben una parte del aguinaldo - Diario Textual","og_description":"Dos franquiciados de la cadena de\u00a0helader\u00edas Grido\u00a0todav\u00eda\u00a0no terminaron de pagarles el aguinaldo a sus trabajadores y trabajadoras de Santa Rosa, revel\u00f3 a Diario Textual el subsecretario del Centro Empleados de&hellip;","og_url":"https:\/\/diariotextual.com\/inicio\/index.php\/2019\/09\/19\/reclamo-empleados-grido-les-deben-una-parte-del-aguinaldo\/","og_site_name":"Diario Textual","article_publisher":"https:\/\/www.facebook.com\/eltextual","article_published_time":"2019-09-19T13:28:30+00:00","article_modified_time":"2019-09-19T14:22:12+00:00","og_image":[{"width":807,"height":513,"url":"https:\/\/diariotextual.com\/inicio\/wp-content\/uploads\/2019\/09\/gridoheladossantarosa.png","type":"image\/png"}],"author":"diario5","twitter_card":"summary_large_image","twitter_creator":"@eltextual","twitter_site":"@eltextual","twitter_misc":{"Escrito por":"diario5","Tiempo de lectura":"1 minuto"},"schema":{"@context":"https:\/\/schema.org","@graph":[{"@type":"Article","@id":"https:\/\/diariotextual.com\/inicio\/index.php\/2019\/09\/19\/reclamo-empleados-grido-les-deben-una-parte-del-aguinaldo\/#article","isPartOf":{"@id":"https:\/\/diariotextual.com\/inicio\/index.php\/2019\/09\/19\/reclamo-empleados-grido-les-deben-una-parte-del-aguinaldo\/"},"author":{"name":"diario5","@id":"https:\/\/diariotextual.com\/inicio\/#\/schema\/person\/c7834961ad8b29b1d9cdbf4571299067"},"headline":"Reclamo de empleados de Grido: les deben una parte del aguinaldo","datePublished":"2019-09-19T13:28:30+00:00","dateModified":"2019-09-19T14:22:12+00:00","mainEntityOfPage":{"@id":"https:\/\/diariotextual.com\/inicio\/index.php\/2019\/09\/19\/reclamo-empleados-grido-les-deben-una-parte-del-aguinaldo\/"},"wordCount":174,"publisher":{"@id":"https:\/\/diariotextual.com\/inicio\/#organization"},"image":{"@id":"https:\/\/diariotextual.com\/inicio\/index.php\/2019\/09\/19\/reclamo-empleados-grido-les-deben-una-parte-del-aguinaldo\/#primaryimage"},"thumbnailUrl":"https:\/\/diariotextual.com\/inicio\/wp-content\/uploads\/2019\/09\/gridoheladossantarosa.png","articleSection":["A - QUE PASA (al costado)","A - TEMPORALES","SOCIEDAD"],"inLanguage":"es"},{"@type":"WebPage","@id":"https:\/\/diariotextual.com\/inicio\/index.php\/2019\/09\/19\/reclamo-empleados-grido-les-deben-una-parte-del-aguinaldo\/","url":"https:\/\/diariotextual.com\/inicio\/index.php\/2019\/09\/19\/reclamo-empleados-grido-les-deben-una-parte-del-aguinaldo\/","name":"Reclamo de empleados de Grido: les deben una parte del aguinaldo - Diario Textual","isPartOf":{"@id":"https:\/\/diariotextual.com\/inicio\/#website"},"primaryImageOfPage":{"@id":"https:\/\/diariotextual.com\/inicio\/index.php\/2019\/09\/19\/reclamo-empleados-grido-les-deben-una-parte-del-aguinaldo\/#primaryimage"},"image":{"@id":"https:\/\/diariotextual.com\/inicio\/index.php\/2019\/09\/19\/reclamo-empleados-grido-les-deben-una-parte-del-aguinaldo\/#primaryimage"},"thumbnailUrl":"https:\/\/diariotextual.com\/inicio\/wp-content\/uploads\/2019\/09\/gridoheladossantarosa.png","datePublished":"2019-09-19T13:28:30+00:00","dateModified":"2019-09-19T14:22:12+00:00","breadcrumb":{"@id":"https:\/\/diariotextual.com\/inicio\/index.php\/2019\/09\/19\/reclamo-empleados-grido-les-deben-una-parte-del-aguinaldo\/#breadcrumb"},"inLanguage":"es","potentialAction":[{"@type":"ReadAction","target":["https:\/\/diariotextual.com\/inicio\/index.php\/2019\/09\/19\/reclamo-empleados-grido-les-deben-una-parte-del-aguinaldo\/"]}]},{"@type":"ImageObject","inLanguage":"es","@id":"https:\/\/diariotextual.com\/inicio\/index.php\/2019\/09\/19\/reclamo-empleados-grido-les-deben-una-parte-del-aguinaldo\/#primaryimage","url":"https:\/\/diariotextual.com\/inicio\/wp-content\/uploads\/2019\/09\/gridoheladossantarosa.png","contentUrl":"https:\/\/diariotextual.com\/inicio\/wp-content\/uploads\/2019\/09\/gridoheladossantarosa.png","width":807,"height":513},{"@type":"BreadcrumbList","@id":"https:\/\/diariotextual.com\/inicio\/index.php\/2019\/09\/19\/reclamo-empleados-grido-les-deben-una-parte-del-aguinaldo\/#breadcrumb","itemListElement":[{"@type":"ListItem","position":1,"name":"Portada","item":"https:\/\/diariotextual.com\/inicio\/"},{"@type":"ListItem","position":2,"name":"Reclamo de empleados de Grido: les deben una parte del aguinaldo"}]},{"@type":"WebSite","@id":"https:\/\/diariotextual.com\/inicio\/#website","url":"https:\/\/diariotextual.com\/inicio\/","name":"Diario Textual","description":"","publisher":{"@id":"https:\/\/diariotextual.com\/inicio\/#organization"},"potentialAction":[{"@type":"SearchAction","target":{"@type":"EntryPoint","urlTemplate":"https:\/\/diariotextual.com\/inicio\/?s={search_term_string}"},"query-input":{"@type":"PropertyValueSpecification","valueRequired":true,"valueName":"search_term_string"}}],"inLanguage":"es"},{"@type":"Organization","@id":"https:\/\/diariotextual.com\/inicio\/#organization","name":"Diario Textual","url":"https:\/\/diariotextual.com\/inicio\/","logo":{"@type":"ImageObject","inLanguage":"es","@id":"https:\/\/diariotextual.com\/inicio\/#\/schema\/logo\/image\/","url":"https:\/\/diariotextual.com\/inicio\/wp-content\/uploads\/2023\/05\/logotextual1.jpg","contentUrl":"https:\/\/diariotextual.com\/inicio\/wp-content\/uploads\/2023\/05\/logotextual1.jpg","width":516,"height":76,"caption":"Diario Textual"},"image":{"@id":"https:\/\/diariotextual.com\/inicio\/#\/schema\/logo\/image\/"},"sameAs":["https:\/\/www.facebook.com\/eltextual","https:\/\/x.com\/eltextual","http:\/\/www.instagram.com\/eltextual"]},{"@type":"Person","@id":"https:\/\/diariotextual.com\/inicio\/#\/schema\/person\/c7834961ad8b29b1d9cdbf4571299067","name":"diario5","image":{"@type":"ImageObject","inLanguage":"es","@id":"https:\/\/secure.gravatar.com\/avatar\/948c893b847ca6df68216ead81b63f363408ec9b0f600fefc0641ce78613b111?s=96&d=mm&r=g","url":"https:\/\/secure.gravatar.com\/avatar\/948c893b847ca6df68216ead81b63f363408ec9b0f600fefc0641ce78613b111?s=96&d=mm&r=g","contentUrl":"https:\/\/secure.gravatar.com\/avatar\/948c893b847ca6df68216ead81b63f363408ec9b0f600fefc0641ce78613b111?s=96&d=mm&r=g","caption":"diario5"},"url":"https:\/\/diariotextual.com\/inicio\/index.php\/author\/diario5\/"}]}},"_links":{"self":[{"href":"https:\/\/diariotextual.com\/inicio\/index.php\/wp-json\/wp\/v2\/posts\/63122","targetHints":{"allow":["GET"]}}],"collection":[{"href":"https:\/\/diariotextual.com\/inicio\/index.php\/wp-json\/wp\/v2\/posts"}],"about":[{"href":"https:\/\/diariotextual.com\/inicio\/index.php\/wp-json\/wp\/v2\/types\/post"}],"author":[{"embeddable":true,"href":"https:\/\/diariotextual.com\/inicio\/index.php\/wp-json\/wp\/v2\/users\/7"}],"replies":[{"embeddable":true,"href":"https:\/\/diariotextual.com\/inicio\/index.php\/wp-json\/wp\/v2\/comments?post=63122"}],"version-history":[{"count":1,"href":"https:\/\/diariotextual.com\/inicio\/index.php\/wp-json\/wp\/v2\/posts\/63122\/revisions"}],"predecessor-version":[{"id":63123,"href":"https:\/\/diariotextual.com\/inicio\/index.php\/wp-json\/wp\/v2\/posts\/63122\/revisions\/63123"}],"wp:featuredmedia":[{"embeddable":true,"href":"https:\/\/diariotextual.com\/inicio\/index.php\/wp-json\/wp\/v2\/media\/63099"}],"wp:attachment":[{"href":"https:\/\/diariotextual.com\/inicio\/index.php\/wp-json\/wp\/v2\/media?parent=63122"}],"wp:term":[{"taxonomy":"category","embeddable":true,"href":"https:\/\/diariotextual.com\/inicio\/index.php\/wp-json\/wp\/v2\/categories?post=63122"},{"taxonomy":"post_tag","embeddable":true,"href":"https:\/\/diariotextual.com\/inicio\/index.php\/wp-json\/wp\/v2\/tags?post=63122"}],"curies":[{"name":"wp","href":"https:\/\/api.w.org\/{rel}","templated":true}]}}