{"id":63160,"date":"2019-09-19T12:10:19","date_gmt":"2019-09-19T15:10:19","guid":{"rendered":"http:\/\/diariotextual.com\/inicio\/?p=63160"},"modified":"2019-09-19T17:16:15","modified_gmt":"2019-09-19T20:16:15","slug":"paren-matarnos-concejala-pidio-declarar-la-emergencia-violencia-genero","status":"publish","type":"post","link":"https:\/\/diariotextual.com\/inicio\/index.php\/2019\/09\/19\/paren-matarnos-concejala-pidio-declarar-la-emergencia-violencia-genero\/","title":{"rendered":"\u00abParen de matarnos\u00bb: concejala pidi\u00f3 declarar la emergencia por violencia de g\u00e9nero"},"content":{"rendered":"<p>La concejala santarrose\u00f1a del Humanismo, <strong>Alba Fern\u00e1ndez<\/strong>, pidi\u00f3 en la sesi\u00f3n de este jueves que se declare la <strong>emergencia para frenar la violencia hacia las mujeres.<\/strong> Despleg\u00f3 sobre su banca un cartel con la leyenda <strong>\u00abParen de matarnos\u00bb.<\/strong><\/p>\n<p>\u201cEl recuerdo de Silo nos llev\u00f3 al postulado m\u00e1s elemental del nuevo humanismo: la del ser humano como valor central, y de all\u00ed a las principales ideas para la implementaci\u00f3n de ese paradigma: la no violencia como metodolog\u00eda de construcci\u00f3n personal y social, el cambio interno y personal simult\u00e1neo al cambio social, en lo que ser\u00eda un proceso de salto cualitativo de conciencia. En definitiva, un proceso hacia un mundo m\u00e1s humano y no violento\u201d, fundament\u00f3.<\/p>\n<p>\u00abSin embargo, mientras record\u00e1bamos los postulados de la No Violencia pasaron cosas en nuestro pa\u00eds que van en direcci\u00f3n opuesta, en la direcci\u00f3n de una violencia cruel, irracional y oscura: cuatro nuevos femicidios en el fin de semana pasado, cuatro mujeres que fueron cruelmente muertas en otros tantos lugares del pa\u00eds y una estad\u00edstica gravemente alarmante: m\u00e1s de 220 femicidios en lo que va de este a\u00f1o\u201d, detall\u00f3.<\/p>\n<p>Fern\u00e1ndez reclam\u00f3 que as\u00ed como se declar\u00f3 la emergencia alimentaria se declare \u00aburgentemente\u00bb la emergencia contra la violencia hacia las mujeres.\u00a0 \u00abUna emergencia que llevar\u00eda a aumentar notoriamente el presupuesto y a mejorar las medidas\u00a0 para que este flagelo se detenga y pare el asesinato constante de tantas mujeres\u201d, remarc\u00f3.<\/p>\n<p>Consider\u00f3 que la falta de medidas obedece a que \u201cno se toma cabal conciencia de la gravedad del crecimiento de la violencia de g\u00e9nero y de otra \u00edndole, violencias que se va naturalizando como si fuera parte inseparable del cotidiano vivir,\u00a0 llev\u00e1ndonos poco a poco a la degradaci\u00f3n personal y social casi como si no nos di\u00e9ramos cuenta\u201d.<\/p>\n<p>Por \u00faltimo invit\u00f3 a participar activamente de la Semana de la No Violencia en la primera semana de octubre en cumplimiento de la Ordenanza n\u00b0 5422 del 2016,\u00a0 como un modo de concientizar sobre la problem\u00e1tica de la violencia y las posibilidades de superarla.<\/p>\n","protected":false},"excerpt":{"rendered":"<p>La concejala santarrose\u00f1a del Humanismo, Alba Fern\u00e1ndez, pidi\u00f3 en la sesi\u00f3n de este jueves que se declare la emergencia para frenar la violencia hacia las mujeres. Despleg\u00f3 sobre su banca&hellip;<\/p>\n","protected":false},"author":7,"featured_media":63164,"comment_status":"closed","ping_status":"open","sticky":false,"template":"","format":"standard","meta":{"_acf_changed":false,"footnotes":""},"categories":[11,8],"tags":[],"class_list":["post-63160","post","type-post","status-publish","format-standard","has-post-thumbnail","hentry","category-que-pasa","category-politica"],"acf":[],"yoast_head":"<!-- This site is optimized with the Yoast SEO plugin v27.5 - https:\/\/yoast.com\/product\/yoast-seo-wordpress\/ -->\n<title>&quot;Paren de matarnos&quot;: concejala pidi\u00f3 declarar la emergencia por violencia de g\u00e9nero - Diario Textual<\/title>\n<meta name=\"robots\" content=\"index, follow, max-snippet:-1, max-image-preview:large, max-video-preview:-1\" \/>\n<link rel=\"canonical\" href=\"https:\/\/diariotextual.com\/inicio\/index.php\/2019\/09\/19\/paren-matarnos-concejala-pidio-declarar-la-emergencia-violencia-genero\/\" \/>\n<meta property=\"og:locale\" content=\"es_ES\" \/>\n<meta property=\"og:type\" content=\"article\" \/>\n<meta property=\"og:title\" content=\"&quot;Paren de matarnos&quot;: concejala pidi\u00f3 declarar la emergencia por violencia de g\u00e9nero - Diario Textual\" \/>\n<meta property=\"og:description\" content=\"La concejala santarrose\u00f1a del Humanismo, Alba Fern\u00e1ndez, pidi\u00f3 en la sesi\u00f3n de este jueves que se declare la emergencia para frenar la violencia hacia las mujeres. Despleg\u00f3 sobre su banca&hellip;\" \/>\n<meta property=\"og:url\" content=\"https:\/\/diariotextual.com\/inicio\/index.php\/2019\/09\/19\/paren-matarnos-concejala-pidio-declarar-la-emergencia-violencia-genero\/\" \/>\n<meta property=\"og:site_name\" content=\"Diario Textual\" \/>\n<meta property=\"article:publisher\" content=\"https:\/\/www.facebook.com\/eltextual\" \/>\n<meta property=\"article:published_time\" content=\"2019-09-19T15:10:19+00:00\" \/>\n<meta property=\"article:modified_time\" content=\"2019-09-19T20:16:15+00:00\" \/>\n<meta property=\"og:image\" content=\"https:\/\/diariotextual.com\/inicio\/wp-content\/uploads\/2019\/09\/parendematarnosalbafernandez.jpg\" \/>\n\t<meta property=\"og:image:width\" content=\"3018\" \/>\n\t<meta property=\"og:image:height\" content=\"2064\" \/>\n\t<meta property=\"og:image:type\" content=\"image\/jpeg\" \/>\n<meta name=\"author\" content=\"diario5\" \/>\n<meta name=\"twitter:card\" content=\"summary_large_image\" \/>\n<meta name=\"twitter:creator\" content=\"@eltextual\" \/>\n<meta name=\"twitter:site\" content=\"@eltextual\" \/>\n<meta name=\"twitter:label1\" content=\"Escrito por\" \/>\n\t<meta name=\"twitter:data1\" content=\"diario5\" \/>\n\t<meta name=\"twitter:label2\" content=\"Tiempo de lectura\" \/>\n\t<meta name=\"twitter:data2\" content=\"2 minutos\" \/>\n<script type=\"application\/ld+json\" class=\"yoast-schema-graph\">{\"@context\":\"https:\\\/\\\/schema.org\",\"@graph\":[{\"@type\":\"Article\",\"@id\":\"https:\\\/\\\/diariotextual.com\\\/inicio\\\/index.php\\\/2019\\\/09\\\/19\\\/paren-matarnos-concejala-pidio-declarar-la-emergencia-violencia-genero\\\/#article\",\"isPartOf\":{\"@id\":\"https:\\\/\\\/diariotextual.com\\\/inicio\\\/index.php\\\/2019\\\/09\\\/19\\\/paren-matarnos-concejala-pidio-declarar-la-emergencia-violencia-genero\\\/\"},\"author\":{\"name\":\"diario5\",\"@id\":\"https:\\\/\\\/diariotextual.com\\\/inicio\\\/#\\\/schema\\\/person\\\/c7834961ad8b29b1d9cdbf4571299067\"},\"headline\":\"\u00abParen de matarnos\u00bb: concejala pidi\u00f3 declarar la emergencia por violencia de g\u00e9nero\",\"datePublished\":\"2019-09-19T15:10:19+00:00\",\"dateModified\":\"2019-09-19T20:16:15+00:00\",\"mainEntityOfPage\":{\"@id\":\"https:\\\/\\\/diariotextual.com\\\/inicio\\\/index.php\\\/2019\\\/09\\\/19\\\/paren-matarnos-concejala-pidio-declarar-la-emergencia-violencia-genero\\\/\"},\"wordCount\":369,\"publisher\":{\"@id\":\"https:\\\/\\\/diariotextual.com\\\/inicio\\\/#organization\"},\"image\":{\"@id\":\"https:\\\/\\\/diariotextual.com\\\/inicio\\\/index.php\\\/2019\\\/09\\\/19\\\/paren-matarnos-concejala-pidio-declarar-la-emergencia-violencia-genero\\\/#primaryimage\"},\"thumbnailUrl\":\"https:\\\/\\\/diariotextual.com\\\/inicio\\\/wp-content\\\/uploads\\\/2019\\\/09\\\/parendematarnosalbafernandez.jpg\",\"articleSection\":[\"A - QUE PASA (al costado)\",\"POLITICA\"],\"inLanguage\":\"es\"},{\"@type\":\"WebPage\",\"@id\":\"https:\\\/\\\/diariotextual.com\\\/inicio\\\/index.php\\\/2019\\\/09\\\/19\\\/paren-matarnos-concejala-pidio-declarar-la-emergencia-violencia-genero\\\/\",\"url\":\"https:\\\/\\\/diariotextual.com\\\/inicio\\\/index.php\\\/2019\\\/09\\\/19\\\/paren-matarnos-concejala-pidio-declarar-la-emergencia-violencia-genero\\\/\",\"name\":\"\\\"Paren de matarnos\\\": concejala pidi\u00f3 declarar la emergencia por violencia de g\u00e9nero - Diario Textual\",\"isPartOf\":{\"@id\":\"https:\\\/\\\/diariotextual.com\\\/inicio\\\/#website\"},\"primaryImageOfPage\":{\"@id\":\"https:\\\/\\\/diariotextual.com\\\/inicio\\\/index.php\\\/2019\\\/09\\\/19\\\/paren-matarnos-concejala-pidio-declarar-la-emergencia-violencia-genero\\\/#primaryimage\"},\"image\":{\"@id\":\"https:\\\/\\\/diariotextual.com\\\/inicio\\\/index.php\\\/2019\\\/09\\\/19\\\/paren-matarnos-concejala-pidio-declarar-la-emergencia-violencia-genero\\\/#primaryimage\"},\"thumbnailUrl\":\"https:\\\/\\\/diariotextual.com\\\/inicio\\\/wp-content\\\/uploads\\\/2019\\\/09\\\/parendematarnosalbafernandez.jpg\",\"datePublished\":\"2019-09-19T15:10:19+00:00\",\"dateModified\":\"2019-09-19T20:16:15+00:00\",\"breadcrumb\":{\"@id\":\"https:\\\/\\\/diariotextual.com\\\/inicio\\\/index.php\\\/2019\\\/09\\\/19\\\/paren-matarnos-concejala-pidio-declarar-la-emergencia-violencia-genero\\\/#breadcrumb\"},\"inLanguage\":\"es\",\"potentialAction\":[{\"@type\":\"ReadAction\",\"target\":[\"https:\\\/\\\/diariotextual.com\\\/inicio\\\/index.php\\\/2019\\\/09\\\/19\\\/paren-matarnos-concejala-pidio-declarar-la-emergencia-violencia-genero\\\/\"]}]},{\"@type\":\"ImageObject\",\"inLanguage\":\"es\",\"@id\":\"https:\\\/\\\/diariotextual.com\\\/inicio\\\/index.php\\\/2019\\\/09\\\/19\\\/paren-matarnos-concejala-pidio-declarar-la-emergencia-violencia-genero\\\/#primaryimage\",\"url\":\"https:\\\/\\\/diariotextual.com\\\/inicio\\\/wp-content\\\/uploads\\\/2019\\\/09\\\/parendematarnosalbafernandez.jpg\",\"contentUrl\":\"https:\\\/\\\/diariotextual.com\\\/inicio\\\/wp-content\\\/uploads\\\/2019\\\/09\\\/parendematarnosalbafernandez.jpg\",\"width\":3018,\"height\":2064},{\"@type\":\"BreadcrumbList\",\"@id\":\"https:\\\/\\\/diariotextual.com\\\/inicio\\\/index.php\\\/2019\\\/09\\\/19\\\/paren-matarnos-concejala-pidio-declarar-la-emergencia-violencia-genero\\\/#breadcrumb\",\"itemListElement\":[{\"@type\":\"ListItem\",\"position\":1,\"name\":\"Portada\",\"item\":\"https:\\\/\\\/diariotextual.com\\\/inicio\\\/\"},{\"@type\":\"ListItem\",\"position\":2,\"name\":\"\u00abParen de matarnos\u00bb: concejala pidi\u00f3 declarar la emergencia por violencia de g\u00e9nero\"}]},{\"@type\":\"WebSite\",\"@id\":\"https:\\\/\\\/diariotextual.com\\\/inicio\\\/#website\",\"url\":\"https:\\\/\\\/diariotextual.com\\\/inicio\\\/\",\"name\":\"Diario Textual\",\"description\":\"\",\"publisher\":{\"@id\":\"https:\\\/\\\/diariotextual.com\\\/inicio\\\/#organization\"},\"potentialAction\":[{\"@type\":\"SearchAction\",\"target\":{\"@type\":\"EntryPoint\",\"urlTemplate\":\"https:\\\/\\\/diariotextual.com\\\/inicio\\\/?s={search_term_string}\"},\"query-input\":{\"@type\":\"PropertyValueSpecification\",\"valueRequired\":true,\"valueName\":\"search_term_string\"}}],\"inLanguage\":\"es\"},{\"@type\":\"Organization\",\"@id\":\"https:\\\/\\\/diariotextual.com\\\/inicio\\\/#organization\",\"name\":\"Diario Textual\",\"url\":\"https:\\\/\\\/diariotextual.com\\\/inicio\\\/\",\"logo\":{\"@type\":\"ImageObject\",\"inLanguage\":\"es\",\"@id\":\"https:\\\/\\\/diariotextual.com\\\/inicio\\\/#\\\/schema\\\/logo\\\/image\\\/\",\"url\":\"https:\\\/\\\/diariotextual.com\\\/inicio\\\/wp-content\\\/uploads\\\/2023\\\/05\\\/logotextual1.jpg\",\"contentUrl\":\"https:\\\/\\\/diariotextual.com\\\/inicio\\\/wp-content\\\/uploads\\\/2023\\\/05\\\/logotextual1.jpg\",\"width\":516,\"height\":76,\"caption\":\"Diario Textual\"},\"image\":{\"@id\":\"https:\\\/\\\/diariotextual.com\\\/inicio\\\/#\\\/schema\\\/logo\\\/image\\\/\"},\"sameAs\":[\"https:\\\/\\\/www.facebook.com\\\/eltextual\",\"https:\\\/\\\/x.com\\\/eltextual\",\"http:\\\/\\\/www.instagram.com\\\/eltextual\"]},{\"@type\":\"Person\",\"@id\":\"https:\\\/\\\/diariotextual.com\\\/inicio\\\/#\\\/schema\\\/person\\\/c7834961ad8b29b1d9cdbf4571299067\",\"name\":\"diario5\",\"image\":{\"@type\":\"ImageObject\",\"inLanguage\":\"es\",\"@id\":\"https:\\\/\\\/secure.gravatar.com\\\/avatar\\\/948c893b847ca6df68216ead81b63f363408ec9b0f600fefc0641ce78613b111?s=96&d=mm&r=g\",\"url\":\"https:\\\/\\\/secure.gravatar.com\\\/avatar\\\/948c893b847ca6df68216ead81b63f363408ec9b0f600fefc0641ce78613b111?s=96&d=mm&r=g\",\"contentUrl\":\"https:\\\/\\\/secure.gravatar.com\\\/avatar\\\/948c893b847ca6df68216ead81b63f363408ec9b0f600fefc0641ce78613b111?s=96&d=mm&r=g\",\"caption\":\"diario5\"},\"url\":\"https:\\\/\\\/diariotextual.com\\\/inicio\\\/index.php\\\/author\\\/diario5\\\/\"}]}<\/script>\n<!-- \/ Yoast SEO plugin. -->","yoast_head_json":{"title":"\"Paren de matarnos\": concejala pidi\u00f3 declarar la emergencia por violencia de g\u00e9nero - Diario Textual","robots":{"index":"index","follow":"follow","max-snippet":"max-snippet:-1","max-image-preview":"max-image-preview:large","max-video-preview":"max-video-preview:-1"},"canonical":"https:\/\/diariotextual.com\/inicio\/index.php\/2019\/09\/19\/paren-matarnos-concejala-pidio-declarar-la-emergencia-violencia-genero\/","og_locale":"es_ES","og_type":"article","og_title":"\"Paren de matarnos\": concejala pidi\u00f3 declarar la emergencia por violencia de g\u00e9nero - Diario Textual","og_description":"La concejala santarrose\u00f1a del Humanismo, Alba Fern\u00e1ndez, pidi\u00f3 en la sesi\u00f3n de este jueves que se declare la emergencia para frenar la violencia hacia las mujeres. Despleg\u00f3 sobre su banca&hellip;","og_url":"https:\/\/diariotextual.com\/inicio\/index.php\/2019\/09\/19\/paren-matarnos-concejala-pidio-declarar-la-emergencia-violencia-genero\/","og_site_name":"Diario Textual","article_publisher":"https:\/\/www.facebook.com\/eltextual","article_published_time":"2019-09-19T15:10:19+00:00","article_modified_time":"2019-09-19T20:16:15+00:00","og_image":[{"width":3018,"height":2064,"url":"https:\/\/diariotextual.com\/inicio\/wp-content\/uploads\/2019\/09\/parendematarnosalbafernandez.jpg","type":"image\/jpeg"}],"author":"diario5","twitter_card":"summary_large_image","twitter_creator":"@eltextual","twitter_site":"@eltextual","twitter_misc":{"Escrito por":"diario5","Tiempo de lectura":"2 minutos"},"schema":{"@context":"https:\/\/schema.org","@graph":[{"@type":"Article","@id":"https:\/\/diariotextual.com\/inicio\/index.php\/2019\/09\/19\/paren-matarnos-concejala-pidio-declarar-la-emergencia-violencia-genero\/#article","isPartOf":{"@id":"https:\/\/diariotextual.com\/inicio\/index.php\/2019\/09\/19\/paren-matarnos-concejala-pidio-declarar-la-emergencia-violencia-genero\/"},"author":{"name":"diario5","@id":"https:\/\/diariotextual.com\/inicio\/#\/schema\/person\/c7834961ad8b29b1d9cdbf4571299067"},"headline":"\u00abParen de matarnos\u00bb: concejala pidi\u00f3 declarar la emergencia por violencia de g\u00e9nero","datePublished":"2019-09-19T15:10:19+00:00","dateModified":"2019-09-19T20:16:15+00:00","mainEntityOfPage":{"@id":"https:\/\/diariotextual.com\/inicio\/index.php\/2019\/09\/19\/paren-matarnos-concejala-pidio-declarar-la-emergencia-violencia-genero\/"},"wordCount":369,"publisher":{"@id":"https:\/\/diariotextual.com\/inicio\/#organization"},"image":{"@id":"https:\/\/diariotextual.com\/inicio\/index.php\/2019\/09\/19\/paren-matarnos-concejala-pidio-declarar-la-emergencia-violencia-genero\/#primaryimage"},"thumbnailUrl":"https:\/\/diariotextual.com\/inicio\/wp-content\/uploads\/2019\/09\/parendematarnosalbafernandez.jpg","articleSection":["A - QUE PASA (al costado)","POLITICA"],"inLanguage":"es"},{"@type":"WebPage","@id":"https:\/\/diariotextual.com\/inicio\/index.php\/2019\/09\/19\/paren-matarnos-concejala-pidio-declarar-la-emergencia-violencia-genero\/","url":"https:\/\/diariotextual.com\/inicio\/index.php\/2019\/09\/19\/paren-matarnos-concejala-pidio-declarar-la-emergencia-violencia-genero\/","name":"\"Paren de matarnos\": concejala pidi\u00f3 declarar la emergencia por violencia de g\u00e9nero - Diario Textual","isPartOf":{"@id":"https:\/\/diariotextual.com\/inicio\/#website"},"primaryImageOfPage":{"@id":"https:\/\/diariotextual.com\/inicio\/index.php\/2019\/09\/19\/paren-matarnos-concejala-pidio-declarar-la-emergencia-violencia-genero\/#primaryimage"},"image":{"@id":"https:\/\/diariotextual.com\/inicio\/index.php\/2019\/09\/19\/paren-matarnos-concejala-pidio-declarar-la-emergencia-violencia-genero\/#primaryimage"},"thumbnailUrl":"https:\/\/diariotextual.com\/inicio\/wp-content\/uploads\/2019\/09\/parendematarnosalbafernandez.jpg","datePublished":"2019-09-19T15:10:19+00:00","dateModified":"2019-09-19T20:16:15+00:00","breadcrumb":{"@id":"https:\/\/diariotextual.com\/inicio\/index.php\/2019\/09\/19\/paren-matarnos-concejala-pidio-declarar-la-emergencia-violencia-genero\/#breadcrumb"},"inLanguage":"es","potentialAction":[{"@type":"ReadAction","target":["https:\/\/diariotextual.com\/inicio\/index.php\/2019\/09\/19\/paren-matarnos-concejala-pidio-declarar-la-emergencia-violencia-genero\/"]}]},{"@type":"ImageObject","inLanguage":"es","@id":"https:\/\/diariotextual.com\/inicio\/index.php\/2019\/09\/19\/paren-matarnos-concejala-pidio-declarar-la-emergencia-violencia-genero\/#primaryimage","url":"https:\/\/diariotextual.com\/inicio\/wp-content\/uploads\/2019\/09\/parendematarnosalbafernandez.jpg","contentUrl":"https:\/\/diariotextual.com\/inicio\/wp-content\/uploads\/2019\/09\/parendematarnosalbafernandez.jpg","width":3018,"height":2064},{"@type":"BreadcrumbList","@id":"https:\/\/diariotextual.com\/inicio\/index.php\/2019\/09\/19\/paren-matarnos-concejala-pidio-declarar-la-emergencia-violencia-genero\/#breadcrumb","itemListElement":[{"@type":"ListItem","position":1,"name":"Portada","item":"https:\/\/diariotextual.com\/inicio\/"},{"@type":"ListItem","position":2,"name":"\u00abParen de matarnos\u00bb: concejala pidi\u00f3 declarar la emergencia por violencia de g\u00e9nero"}]},{"@type":"WebSite","@id":"https:\/\/diariotextual.com\/inicio\/#website","url":"https:\/\/diariotextual.com\/inicio\/","name":"Diario Textual","description":"","publisher":{"@id":"https:\/\/diariotextual.com\/inicio\/#organization"},"potentialAction":[{"@type":"SearchAction","target":{"@type":"EntryPoint","urlTemplate":"https:\/\/diariotextual.com\/inicio\/?s={search_term_string}"},"query-input":{"@type":"PropertyValueSpecification","valueRequired":true,"valueName":"search_term_string"}}],"inLanguage":"es"},{"@type":"Organization","@id":"https:\/\/diariotextual.com\/inicio\/#organization","name":"Diario Textual","url":"https:\/\/diariotextual.com\/inicio\/","logo":{"@type":"ImageObject","inLanguage":"es","@id":"https:\/\/diariotextual.com\/inicio\/#\/schema\/logo\/image\/","url":"https:\/\/diariotextual.com\/inicio\/wp-content\/uploads\/2023\/05\/logotextual1.jpg","contentUrl":"https:\/\/diariotextual.com\/inicio\/wp-content\/uploads\/2023\/05\/logotextual1.jpg","width":516,"height":76,"caption":"Diario Textual"},"image":{"@id":"https:\/\/diariotextual.com\/inicio\/#\/schema\/logo\/image\/"},"sameAs":["https:\/\/www.facebook.com\/eltextual","https:\/\/x.com\/eltextual","http:\/\/www.instagram.com\/eltextual"]},{"@type":"Person","@id":"https:\/\/diariotextual.com\/inicio\/#\/schema\/person\/c7834961ad8b29b1d9cdbf4571299067","name":"diario5","image":{"@type":"ImageObject","inLanguage":"es","@id":"https:\/\/secure.gravatar.com\/avatar\/948c893b847ca6df68216ead81b63f363408ec9b0f600fefc0641ce78613b111?s=96&d=mm&r=g","url":"https:\/\/secure.gravatar.com\/avatar\/948c893b847ca6df68216ead81b63f363408ec9b0f600fefc0641ce78613b111?s=96&d=mm&r=g","contentUrl":"https:\/\/secure.gravatar.com\/avatar\/948c893b847ca6df68216ead81b63f363408ec9b0f600fefc0641ce78613b111?s=96&d=mm&r=g","caption":"diario5"},"url":"https:\/\/diariotextual.com\/inicio\/index.php\/author\/diario5\/"}]}},"_links":{"self":[{"href":"https:\/\/diariotextual.com\/inicio\/index.php\/wp-json\/wp\/v2\/posts\/63160","targetHints":{"allow":["GET"]}}],"collection":[{"href":"https:\/\/diariotextual.com\/inicio\/index.php\/wp-json\/wp\/v2\/posts"}],"about":[{"href":"https:\/\/diariotextual.com\/inicio\/index.php\/wp-json\/wp\/v2\/types\/post"}],"author":[{"embeddable":true,"href":"https:\/\/diariotextual.com\/inicio\/index.php\/wp-json\/wp\/v2\/users\/7"}],"replies":[{"embeddable":true,"href":"https:\/\/diariotextual.com\/inicio\/index.php\/wp-json\/wp\/v2\/comments?post=63160"}],"version-history":[{"count":1,"href":"https:\/\/diariotextual.com\/inicio\/index.php\/wp-json\/wp\/v2\/posts\/63160\/revisions"}],"predecessor-version":[{"id":63165,"href":"https:\/\/diariotextual.com\/inicio\/index.php\/wp-json\/wp\/v2\/posts\/63160\/revisions\/63165"}],"wp:featuredmedia":[{"embeddable":true,"href":"https:\/\/diariotextual.com\/inicio\/index.php\/wp-json\/wp\/v2\/media\/63164"}],"wp:attachment":[{"href":"https:\/\/diariotextual.com\/inicio\/index.php\/wp-json\/wp\/v2\/media?parent=63160"}],"wp:term":[{"taxonomy":"category","embeddable":true,"href":"https:\/\/diariotextual.com\/inicio\/index.php\/wp-json\/wp\/v2\/categories?post=63160"},{"taxonomy":"post_tag","embeddable":true,"href":"https:\/\/diariotextual.com\/inicio\/index.php\/wp-json\/wp\/v2\/tags?post=63160"}],"curies":[{"name":"wp","href":"https:\/\/api.w.org\/{rel}","templated":true}]}}