{"id":63193,"date":"2019-09-19T17:45:52","date_gmt":"2019-09-19T20:45:52","guid":{"rendered":"http:\/\/diariotextual.com\/inicio\/?p=63193"},"modified":"2019-09-20T21:44:47","modified_gmt":"2019-09-21T00:44:47","slug":"desempleo-santa-rosa-toay-no-afloja-112-segun-indec","status":"publish","type":"post","link":"https:\/\/diariotextual.com\/inicio\/index.php\/2019\/09\/19\/desempleo-santa-rosa-toay-no-afloja-112-segun-indec\/","title":{"rendered":"El desempleo en Santa Rosa y Toay no afloja: 11,2%, seg\u00fan el Indec"},"content":{"rendered":"<p>El desempleo continu\u00f3 su camino ascendente y alcanz\u00f3 el <strong>10,6%<\/strong>, el nivel m\u00e1s alto en 14 a\u00f1os para este per\u00edodo del a\u00f1o. <strong>En Santa Rosa y Toay salta al 11,2%<\/strong>.<\/p>\n<p>El desempe\u00f1o opuesto al nivel de actividad econ\u00f3mica genera mucha preocupaci\u00f3n y proyecta un salto mucho mayor para los pr\u00f3ximos trimestres, cuando decididamente el PBI vuelva a reflejar una severa recesi\u00f3n, profundizada por la devaluaci\u00f3n tras las PASO.<\/p>\n<p>En el conglomerado de la capital y Toay,<strong> son unas 6.000 personas desocupadas. Hay otras 9.000 subocupadas. Subi\u00f3 0,6 d\u00e9cimas en relaci\u00f3n al trimestre anterior cuando fue de 10,6%.<\/strong><\/p>\n<p>En esta oportunidad, <strong>a nivel pa\u00eds, se registr\u00f3 un incremento de medio punto porcentual respecto al 10,1% que marc\u00f3 el trimestre anterior y de un punto en relaci\u00f3n al 9,6% del mismo per\u00edodo del 2018<\/strong>. Proyectando la muestra de los 31 aglomerados al total de la poblaci\u00f3n, el incremento representa un universo de 316.000 personas que se quedaron sin trabajo de un a\u00f1o a otro.<\/p>\n<p>Los peores indicadores se observaron en Mar del Plata (13,4%), el Gran C\u00f3rdoba (13,1%), Salta (12,7%) y el conurbano bonaerense (12,7%), distritos predominantemente industriales que reflejan la crisis manufacturera.<\/p>\n<p>En el polo opuesto, los conglomerados con menor tasa de desocupaci\u00f3n fueron el Gran Resistencia (2%), el Gran San Juan (2,3%), Posadas (2,9%) y el Gran San Luis (3,3%).<\/p>\n<p><strong>En cuanto al rango etario, el sector m\u00e1s castigado sin lugar a dudas fue la poblaci\u00f3n joven.<\/strong> El principal aumento de la tasa de desempleo se evidencia en las mujeres de 14 a 29 a\u00f1os -al saltar del 21,5% al 23,4%- seguido de los varones de entre 30 y 64 a\u00f1os que pasan de un 5,4% a un 7,1%.<\/p>\n<p>Por otro lado, los problemas de empleo tambi\u00e9n se observaron en los \u00edndices de subocupaci\u00f3n y de ocupados que buscan otro trabajo. En cuanto a los primeros, pasaron de un 11,2% al 13,1%, mientras que los segundos tuvieron un salto mayor al dispararse al 18,3% desde al 16% que hab\u00edan marcado en el segundo trimestre del 2018.<\/p>\n<p>Esto significa que hay un total de 8.300.000 personas demandando empleo, al sumar los 2.300.000 desocupados, con los 4.000.000 de ocupados demandantes y los 2.000.00 de subocupados demandantes, siempre proyectando la muestra del Indec a los 45 millones de personas que estiman las consultoras como poblaci\u00f3n total.<\/p>\n<p>&nbsp;<\/p>\n<p>&nbsp;<\/p>\n","protected":false},"excerpt":{"rendered":"<p>El desempleo continu\u00f3 su camino ascendente y alcanz\u00f3 el 10,6%, el nivel m\u00e1s alto en 14 a\u00f1os para este per\u00edodo del a\u00f1o. En Santa Rosa y Toay salta al 11,2%.&hellip;<\/p>\n","protected":false},"author":3,"featured_media":62304,"comment_status":"closed","ping_status":"open","sticky":false,"template":"","format":"standard","meta":{"_acf_changed":false,"footnotes":""},"categories":[319,5],"tags":[],"class_list":["post-63193","post","type-post","status-publish","format-standard","has-post-thumbnail","hentry","category-a-temporales","category-economia"],"acf":[],"yoast_head":"<!-- This site is optimized with the Yoast SEO plugin v27.5 - https:\/\/yoast.com\/product\/yoast-seo-wordpress\/ -->\n<title>El desempleo en Santa Rosa y Toay no afloja: 11,2%, seg\u00fan el Indec - Diario Textual<\/title>\n<meta name=\"robots\" content=\"index, follow, max-snippet:-1, max-image-preview:large, max-video-preview:-1\" \/>\n<link rel=\"canonical\" href=\"https:\/\/diariotextual.com\/inicio\/index.php\/2019\/09\/19\/desempleo-santa-rosa-toay-no-afloja-112-segun-indec\/\" \/>\n<meta property=\"og:locale\" content=\"es_ES\" \/>\n<meta property=\"og:type\" content=\"article\" \/>\n<meta property=\"og:title\" content=\"El desempleo en Santa Rosa y Toay no afloja: 11,2%, seg\u00fan el Indec - Diario Textual\" \/>\n<meta property=\"og:description\" content=\"El desempleo continu\u00f3 su camino ascendente y alcanz\u00f3 el 10,6%, el nivel m\u00e1s alto en 14 a\u00f1os para este per\u00edodo del a\u00f1o. En Santa Rosa y Toay salta al 11,2%.&hellip;\" \/>\n<meta property=\"og:url\" content=\"https:\/\/diariotextual.com\/inicio\/index.php\/2019\/09\/19\/desempleo-santa-rosa-toay-no-afloja-112-segun-indec\/\" \/>\n<meta property=\"og:site_name\" content=\"Diario Textual\" \/>\n<meta property=\"article:publisher\" content=\"https:\/\/www.facebook.com\/eltextual\" \/>\n<meta property=\"article:published_time\" content=\"2019-09-19T20:45:52+00:00\" \/>\n<meta property=\"article:modified_time\" content=\"2019-09-21T00:44:47+00:00\" \/>\n<meta property=\"og:image\" content=\"https:\/\/diariotextual.com\/inicio\/wp-content\/uploads\/2019\/09\/industriaobrerotrabajando.jpg\" \/>\n\t<meta property=\"og:image:width\" content=\"1004\" \/>\n\t<meta property=\"og:image:height\" content=\"565\" \/>\n\t<meta property=\"og:image:type\" content=\"image\/jpeg\" \/>\n<meta name=\"author\" content=\"Diario1 Diario1\" \/>\n<meta name=\"twitter:card\" content=\"summary_large_image\" \/>\n<meta name=\"twitter:creator\" content=\"@eltextual\" \/>\n<meta name=\"twitter:site\" content=\"@eltextual\" \/>\n<meta name=\"twitter:label1\" content=\"Escrito por\" \/>\n\t<meta name=\"twitter:data1\" content=\"Diario1 Diario1\" \/>\n\t<meta name=\"twitter:label2\" content=\"Tiempo de lectura\" \/>\n\t<meta name=\"twitter:data2\" content=\"2 minutos\" \/>\n<script type=\"application\/ld+json\" class=\"yoast-schema-graph\">{\"@context\":\"https:\\\/\\\/schema.org\",\"@graph\":[{\"@type\":\"Article\",\"@id\":\"https:\\\/\\\/diariotextual.com\\\/inicio\\\/index.php\\\/2019\\\/09\\\/19\\\/desempleo-santa-rosa-toay-no-afloja-112-segun-indec\\\/#article\",\"isPartOf\":{\"@id\":\"https:\\\/\\\/diariotextual.com\\\/inicio\\\/index.php\\\/2019\\\/09\\\/19\\\/desempleo-santa-rosa-toay-no-afloja-112-segun-indec\\\/\"},\"author\":{\"name\":\"Diario1 Diario1\",\"@id\":\"https:\\\/\\\/diariotextual.com\\\/inicio\\\/#\\\/schema\\\/person\\\/418fc4093c33e86ed41562db3508f958\"},\"headline\":\"El desempleo en Santa Rosa y Toay no afloja: 11,2%, seg\u00fan el Indec\",\"datePublished\":\"2019-09-19T20:45:52+00:00\",\"dateModified\":\"2019-09-21T00:44:47+00:00\",\"mainEntityOfPage\":{\"@id\":\"https:\\\/\\\/diariotextual.com\\\/inicio\\\/index.php\\\/2019\\\/09\\\/19\\\/desempleo-santa-rosa-toay-no-afloja-112-segun-indec\\\/\"},\"wordCount\":388,\"publisher\":{\"@id\":\"https:\\\/\\\/diariotextual.com\\\/inicio\\\/#organization\"},\"image\":{\"@id\":\"https:\\\/\\\/diariotextual.com\\\/inicio\\\/index.php\\\/2019\\\/09\\\/19\\\/desempleo-santa-rosa-toay-no-afloja-112-segun-indec\\\/#primaryimage\"},\"thumbnailUrl\":\"https:\\\/\\\/diariotextual.com\\\/inicio\\\/wp-content\\\/uploads\\\/2019\\\/09\\\/industriaobrerotrabajando.jpg\",\"articleSection\":[\"A - TEMPORALES\",\"ECONOMIA\"],\"inLanguage\":\"es\"},{\"@type\":\"WebPage\",\"@id\":\"https:\\\/\\\/diariotextual.com\\\/inicio\\\/index.php\\\/2019\\\/09\\\/19\\\/desempleo-santa-rosa-toay-no-afloja-112-segun-indec\\\/\",\"url\":\"https:\\\/\\\/diariotextual.com\\\/inicio\\\/index.php\\\/2019\\\/09\\\/19\\\/desempleo-santa-rosa-toay-no-afloja-112-segun-indec\\\/\",\"name\":\"El desempleo en Santa Rosa y Toay no afloja: 11,2%, seg\u00fan el Indec - Diario Textual\",\"isPartOf\":{\"@id\":\"https:\\\/\\\/diariotextual.com\\\/inicio\\\/#website\"},\"primaryImageOfPage\":{\"@id\":\"https:\\\/\\\/diariotextual.com\\\/inicio\\\/index.php\\\/2019\\\/09\\\/19\\\/desempleo-santa-rosa-toay-no-afloja-112-segun-indec\\\/#primaryimage\"},\"image\":{\"@id\":\"https:\\\/\\\/diariotextual.com\\\/inicio\\\/index.php\\\/2019\\\/09\\\/19\\\/desempleo-santa-rosa-toay-no-afloja-112-segun-indec\\\/#primaryimage\"},\"thumbnailUrl\":\"https:\\\/\\\/diariotextual.com\\\/inicio\\\/wp-content\\\/uploads\\\/2019\\\/09\\\/industriaobrerotrabajando.jpg\",\"datePublished\":\"2019-09-19T20:45:52+00:00\",\"dateModified\":\"2019-09-21T00:44:47+00:00\",\"breadcrumb\":{\"@id\":\"https:\\\/\\\/diariotextual.com\\\/inicio\\\/index.php\\\/2019\\\/09\\\/19\\\/desempleo-santa-rosa-toay-no-afloja-112-segun-indec\\\/#breadcrumb\"},\"inLanguage\":\"es\",\"potentialAction\":[{\"@type\":\"ReadAction\",\"target\":[\"https:\\\/\\\/diariotextual.com\\\/inicio\\\/index.php\\\/2019\\\/09\\\/19\\\/desempleo-santa-rosa-toay-no-afloja-112-segun-indec\\\/\"]}]},{\"@type\":\"ImageObject\",\"inLanguage\":\"es\",\"@id\":\"https:\\\/\\\/diariotextual.com\\\/inicio\\\/index.php\\\/2019\\\/09\\\/19\\\/desempleo-santa-rosa-toay-no-afloja-112-segun-indec\\\/#primaryimage\",\"url\":\"https:\\\/\\\/diariotextual.com\\\/inicio\\\/wp-content\\\/uploads\\\/2019\\\/09\\\/industriaobrerotrabajando.jpg\",\"contentUrl\":\"https:\\\/\\\/diariotextual.com\\\/inicio\\\/wp-content\\\/uploads\\\/2019\\\/09\\\/industriaobrerotrabajando.jpg\",\"width\":1004,\"height\":565},{\"@type\":\"BreadcrumbList\",\"@id\":\"https:\\\/\\\/diariotextual.com\\\/inicio\\\/index.php\\\/2019\\\/09\\\/19\\\/desempleo-santa-rosa-toay-no-afloja-112-segun-indec\\\/#breadcrumb\",\"itemListElement\":[{\"@type\":\"ListItem\",\"position\":1,\"name\":\"Portada\",\"item\":\"https:\\\/\\\/diariotextual.com\\\/inicio\\\/\"},{\"@type\":\"ListItem\",\"position\":2,\"name\":\"El desempleo en Santa Rosa y Toay no afloja: 11,2%, seg\u00fan el Indec\"}]},{\"@type\":\"WebSite\",\"@id\":\"https:\\\/\\\/diariotextual.com\\\/inicio\\\/#website\",\"url\":\"https:\\\/\\\/diariotextual.com\\\/inicio\\\/\",\"name\":\"Diario Textual\",\"description\":\"\",\"publisher\":{\"@id\":\"https:\\\/\\\/diariotextual.com\\\/inicio\\\/#organization\"},\"potentialAction\":[{\"@type\":\"SearchAction\",\"target\":{\"@type\":\"EntryPoint\",\"urlTemplate\":\"https:\\\/\\\/diariotextual.com\\\/inicio\\\/?s={search_term_string}\"},\"query-input\":{\"@type\":\"PropertyValueSpecification\",\"valueRequired\":true,\"valueName\":\"search_term_string\"}}],\"inLanguage\":\"es\"},{\"@type\":\"Organization\",\"@id\":\"https:\\\/\\\/diariotextual.com\\\/inicio\\\/#organization\",\"name\":\"Diario Textual\",\"url\":\"https:\\\/\\\/diariotextual.com\\\/inicio\\\/\",\"logo\":{\"@type\":\"ImageObject\",\"inLanguage\":\"es\",\"@id\":\"https:\\\/\\\/diariotextual.com\\\/inicio\\\/#\\\/schema\\\/logo\\\/image\\\/\",\"url\":\"https:\\\/\\\/diariotextual.com\\\/inicio\\\/wp-content\\\/uploads\\\/2023\\\/05\\\/logotextual1.jpg\",\"contentUrl\":\"https:\\\/\\\/diariotextual.com\\\/inicio\\\/wp-content\\\/uploads\\\/2023\\\/05\\\/logotextual1.jpg\",\"width\":516,\"height\":76,\"caption\":\"Diario Textual\"},\"image\":{\"@id\":\"https:\\\/\\\/diariotextual.com\\\/inicio\\\/#\\\/schema\\\/logo\\\/image\\\/\"},\"sameAs\":[\"https:\\\/\\\/www.facebook.com\\\/eltextual\",\"https:\\\/\\\/x.com\\\/eltextual\",\"http:\\\/\\\/www.instagram.com\\\/eltextual\"]},{\"@type\":\"Person\",\"@id\":\"https:\\\/\\\/diariotextual.com\\\/inicio\\\/#\\\/schema\\\/person\\\/418fc4093c33e86ed41562db3508f958\",\"name\":\"Diario1 Diario1\",\"image\":{\"@type\":\"ImageObject\",\"inLanguage\":\"es\",\"@id\":\"https:\\\/\\\/secure.gravatar.com\\\/avatar\\\/9167d280179c85bc18be67aa7eda765854300033af4896dd779b608640f2ef7a?s=96&d=mm&r=g\",\"url\":\"https:\\\/\\\/secure.gravatar.com\\\/avatar\\\/9167d280179c85bc18be67aa7eda765854300033af4896dd779b608640f2ef7a?s=96&d=mm&r=g\",\"contentUrl\":\"https:\\\/\\\/secure.gravatar.com\\\/avatar\\\/9167d280179c85bc18be67aa7eda765854300033af4896dd779b608640f2ef7a?s=96&d=mm&r=g\",\"caption\":\"Diario1 Diario1\"},\"url\":\"https:\\\/\\\/diariotextual.com\\\/inicio\\\/index.php\\\/author\\\/diario1\\\/\"}]}<\/script>\n<!-- \/ Yoast SEO plugin. -->","yoast_head_json":{"title":"El desempleo en Santa Rosa y Toay no afloja: 11,2%, seg\u00fan el Indec - Diario Textual","robots":{"index":"index","follow":"follow","max-snippet":"max-snippet:-1","max-image-preview":"max-image-preview:large","max-video-preview":"max-video-preview:-1"},"canonical":"https:\/\/diariotextual.com\/inicio\/index.php\/2019\/09\/19\/desempleo-santa-rosa-toay-no-afloja-112-segun-indec\/","og_locale":"es_ES","og_type":"article","og_title":"El desempleo en Santa Rosa y Toay no afloja: 11,2%, seg\u00fan el Indec - Diario Textual","og_description":"El desempleo continu\u00f3 su camino ascendente y alcanz\u00f3 el 10,6%, el nivel m\u00e1s alto en 14 a\u00f1os para este per\u00edodo del a\u00f1o. En Santa Rosa y Toay salta al 11,2%.&hellip;","og_url":"https:\/\/diariotextual.com\/inicio\/index.php\/2019\/09\/19\/desempleo-santa-rosa-toay-no-afloja-112-segun-indec\/","og_site_name":"Diario Textual","article_publisher":"https:\/\/www.facebook.com\/eltextual","article_published_time":"2019-09-19T20:45:52+00:00","article_modified_time":"2019-09-21T00:44:47+00:00","og_image":[{"width":1004,"height":565,"url":"https:\/\/diariotextual.com\/inicio\/wp-content\/uploads\/2019\/09\/industriaobrerotrabajando.jpg","type":"image\/jpeg"}],"author":"Diario1 Diario1","twitter_card":"summary_large_image","twitter_creator":"@eltextual","twitter_site":"@eltextual","twitter_misc":{"Escrito por":"Diario1 Diario1","Tiempo de lectura":"2 minutos"},"schema":{"@context":"https:\/\/schema.org","@graph":[{"@type":"Article","@id":"https:\/\/diariotextual.com\/inicio\/index.php\/2019\/09\/19\/desempleo-santa-rosa-toay-no-afloja-112-segun-indec\/#article","isPartOf":{"@id":"https:\/\/diariotextual.com\/inicio\/index.php\/2019\/09\/19\/desempleo-santa-rosa-toay-no-afloja-112-segun-indec\/"},"author":{"name":"Diario1 Diario1","@id":"https:\/\/diariotextual.com\/inicio\/#\/schema\/person\/418fc4093c33e86ed41562db3508f958"},"headline":"El desempleo en Santa Rosa y Toay no afloja: 11,2%, seg\u00fan el Indec","datePublished":"2019-09-19T20:45:52+00:00","dateModified":"2019-09-21T00:44:47+00:00","mainEntityOfPage":{"@id":"https:\/\/diariotextual.com\/inicio\/index.php\/2019\/09\/19\/desempleo-santa-rosa-toay-no-afloja-112-segun-indec\/"},"wordCount":388,"publisher":{"@id":"https:\/\/diariotextual.com\/inicio\/#organization"},"image":{"@id":"https:\/\/diariotextual.com\/inicio\/index.php\/2019\/09\/19\/desempleo-santa-rosa-toay-no-afloja-112-segun-indec\/#primaryimage"},"thumbnailUrl":"https:\/\/diariotextual.com\/inicio\/wp-content\/uploads\/2019\/09\/industriaobrerotrabajando.jpg","articleSection":["A - TEMPORALES","ECONOMIA"],"inLanguage":"es"},{"@type":"WebPage","@id":"https:\/\/diariotextual.com\/inicio\/index.php\/2019\/09\/19\/desempleo-santa-rosa-toay-no-afloja-112-segun-indec\/","url":"https:\/\/diariotextual.com\/inicio\/index.php\/2019\/09\/19\/desempleo-santa-rosa-toay-no-afloja-112-segun-indec\/","name":"El desempleo en Santa Rosa y Toay no afloja: 11,2%, seg\u00fan el Indec - Diario Textual","isPartOf":{"@id":"https:\/\/diariotextual.com\/inicio\/#website"},"primaryImageOfPage":{"@id":"https:\/\/diariotextual.com\/inicio\/index.php\/2019\/09\/19\/desempleo-santa-rosa-toay-no-afloja-112-segun-indec\/#primaryimage"},"image":{"@id":"https:\/\/diariotextual.com\/inicio\/index.php\/2019\/09\/19\/desempleo-santa-rosa-toay-no-afloja-112-segun-indec\/#primaryimage"},"thumbnailUrl":"https:\/\/diariotextual.com\/inicio\/wp-content\/uploads\/2019\/09\/industriaobrerotrabajando.jpg","datePublished":"2019-09-19T20:45:52+00:00","dateModified":"2019-09-21T00:44:47+00:00","breadcrumb":{"@id":"https:\/\/diariotextual.com\/inicio\/index.php\/2019\/09\/19\/desempleo-santa-rosa-toay-no-afloja-112-segun-indec\/#breadcrumb"},"inLanguage":"es","potentialAction":[{"@type":"ReadAction","target":["https:\/\/diariotextual.com\/inicio\/index.php\/2019\/09\/19\/desempleo-santa-rosa-toay-no-afloja-112-segun-indec\/"]}]},{"@type":"ImageObject","inLanguage":"es","@id":"https:\/\/diariotextual.com\/inicio\/index.php\/2019\/09\/19\/desempleo-santa-rosa-toay-no-afloja-112-segun-indec\/#primaryimage","url":"https:\/\/diariotextual.com\/inicio\/wp-content\/uploads\/2019\/09\/industriaobrerotrabajando.jpg","contentUrl":"https:\/\/diariotextual.com\/inicio\/wp-content\/uploads\/2019\/09\/industriaobrerotrabajando.jpg","width":1004,"height":565},{"@type":"BreadcrumbList","@id":"https:\/\/diariotextual.com\/inicio\/index.php\/2019\/09\/19\/desempleo-santa-rosa-toay-no-afloja-112-segun-indec\/#breadcrumb","itemListElement":[{"@type":"ListItem","position":1,"name":"Portada","item":"https:\/\/diariotextual.com\/inicio\/"},{"@type":"ListItem","position":2,"name":"El desempleo en Santa Rosa y Toay no afloja: 11,2%, seg\u00fan el Indec"}]},{"@type":"WebSite","@id":"https:\/\/diariotextual.com\/inicio\/#website","url":"https:\/\/diariotextual.com\/inicio\/","name":"Diario Textual","description":"","publisher":{"@id":"https:\/\/diariotextual.com\/inicio\/#organization"},"potentialAction":[{"@type":"SearchAction","target":{"@type":"EntryPoint","urlTemplate":"https:\/\/diariotextual.com\/inicio\/?s={search_term_string}"},"query-input":{"@type":"PropertyValueSpecification","valueRequired":true,"valueName":"search_term_string"}}],"inLanguage":"es"},{"@type":"Organization","@id":"https:\/\/diariotextual.com\/inicio\/#organization","name":"Diario Textual","url":"https:\/\/diariotextual.com\/inicio\/","logo":{"@type":"ImageObject","inLanguage":"es","@id":"https:\/\/diariotextual.com\/inicio\/#\/schema\/logo\/image\/","url":"https:\/\/diariotextual.com\/inicio\/wp-content\/uploads\/2023\/05\/logotextual1.jpg","contentUrl":"https:\/\/diariotextual.com\/inicio\/wp-content\/uploads\/2023\/05\/logotextual1.jpg","width":516,"height":76,"caption":"Diario Textual"},"image":{"@id":"https:\/\/diariotextual.com\/inicio\/#\/schema\/logo\/image\/"},"sameAs":["https:\/\/www.facebook.com\/eltextual","https:\/\/x.com\/eltextual","http:\/\/www.instagram.com\/eltextual"]},{"@type":"Person","@id":"https:\/\/diariotextual.com\/inicio\/#\/schema\/person\/418fc4093c33e86ed41562db3508f958","name":"Diario1 Diario1","image":{"@type":"ImageObject","inLanguage":"es","@id":"https:\/\/secure.gravatar.com\/avatar\/9167d280179c85bc18be67aa7eda765854300033af4896dd779b608640f2ef7a?s=96&d=mm&r=g","url":"https:\/\/secure.gravatar.com\/avatar\/9167d280179c85bc18be67aa7eda765854300033af4896dd779b608640f2ef7a?s=96&d=mm&r=g","contentUrl":"https:\/\/secure.gravatar.com\/avatar\/9167d280179c85bc18be67aa7eda765854300033af4896dd779b608640f2ef7a?s=96&d=mm&r=g","caption":"Diario1 Diario1"},"url":"https:\/\/diariotextual.com\/inicio\/index.php\/author\/diario1\/"}]}},"_links":{"self":[{"href":"https:\/\/diariotextual.com\/inicio\/index.php\/wp-json\/wp\/v2\/posts\/63193","targetHints":{"allow":["GET"]}}],"collection":[{"href":"https:\/\/diariotextual.com\/inicio\/index.php\/wp-json\/wp\/v2\/posts"}],"about":[{"href":"https:\/\/diariotextual.com\/inicio\/index.php\/wp-json\/wp\/v2\/types\/post"}],"author":[{"embeddable":true,"href":"https:\/\/diariotextual.com\/inicio\/index.php\/wp-json\/wp\/v2\/users\/3"}],"replies":[{"embeddable":true,"href":"https:\/\/diariotextual.com\/inicio\/index.php\/wp-json\/wp\/v2\/comments?post=63193"}],"version-history":[{"count":3,"href":"https:\/\/diariotextual.com\/inicio\/index.php\/wp-json\/wp\/v2\/posts\/63193\/revisions"}],"predecessor-version":[{"id":63196,"href":"https:\/\/diariotextual.com\/inicio\/index.php\/wp-json\/wp\/v2\/posts\/63193\/revisions\/63196"}],"wp:featuredmedia":[{"embeddable":true,"href":"https:\/\/diariotextual.com\/inicio\/index.php\/wp-json\/wp\/v2\/media\/62304"}],"wp:attachment":[{"href":"https:\/\/diariotextual.com\/inicio\/index.php\/wp-json\/wp\/v2\/media?parent=63193"}],"wp:term":[{"taxonomy":"category","embeddable":true,"href":"https:\/\/diariotextual.com\/inicio\/index.php\/wp-json\/wp\/v2\/categories?post=63193"},{"taxonomy":"post_tag","embeddable":true,"href":"https:\/\/diariotextual.com\/inicio\/index.php\/wp-json\/wp\/v2\/tags?post=63193"}],"curies":[{"name":"wp","href":"https:\/\/api.w.org\/{rel}","templated":true}]}}