{"id":63197,"date":"2019-09-19T20:43:27","date_gmt":"2019-09-19T23:43:27","guid":{"rendered":"http:\/\/diariotextual.com\/inicio\/?p=63197"},"modified":"2019-09-20T08:27:16","modified_gmt":"2019-09-20T11:27:16","slug":"violencia-genero-durango-insistio-se-declare-la-emergencia","status":"publish","type":"post","link":"https:\/\/diariotextual.com\/inicio\/index.php\/2019\/09\/19\/violencia-genero-durango-insistio-se-declare-la-emergencia\/","title":{"rendered":"Violencia de G\u00e9nero: Durango insisti\u00f3 en que se declare la emergencia"},"content":{"rendered":"<p>La senadora pampeana Norma Durango, presidenta de la Banca de la Mujer del Senado Nacional, pidi\u00f3 declarar la emergencia de g\u00e9nero, para m\u00e1s presupuesto y asistencia en esta tem\u00e1tica, y avanzar con la designaci\u00f3n de la Defensora de ni\u00f1as, ni\u00f1os y adolescentes.<\/p>\n<p><!--more--><\/p>\n<p>\u201cSe<strong> necesita m\u00e1s presupuesto y m\u00e1s asistencia para erradicar la violencia de g\u00e9nero, y en\u00a0 ese sentido, consider\u00f3 que hay que declarar \u2018la emergencia\u2019 en la materia y dar \u2018pronto tratamiento\u2019 a la designaci\u00f3n de la Defensora de ni\u00f1as, ni\u00f1os y adolescentes \u2018por las adolescentes muertas, y por los ni\u00f1os y las ni\u00f1as hu\u00e9rfanos\u2019,<\/strong> tambi\u00e9n v\u00edctimas\u201d, expres\u00f3 la legisladora pampeana.<\/p>\n<p>Durante una cuesti\u00f3n de privilegio, en el comienzo de la sesi\u00f3n especial, Durango dijo: \u201cQuiero visibilizar en este recinto la violencia que atravesamos las mujeres a lo largo y ancho de este pa\u00eds. <strong>El \u00faltimo fin de semana fueron asesinadas cuatro mujeres, cuatro violentos femicidios que ocurrieron en distintas localidades: Navila Garay, Cecilia Burgadt, Vanesa Caro y Cielo L\u00f3pez.<\/strong> Las nombro porque <strong>no son un n\u00famero, tampoco son una estad\u00edstica, son cuatro historias truncas de mujeres v\u00edctimas de femicidio<\/strong>, por su sola condici\u00f3n de ser mujeres\u201d.<\/p>\n<p>La <strong>senadora pampeana resalt\u00f3 que en promedio, una mujer por d\u00eda, es asesinada en Argentina. \u201cEs una problem\u00e1tica que no es nueva, y que como hemos dicho y reiterado hasta el cansancio, atraviesa todos los niveles sociales y todas las edades<\/strong>. La prevenci\u00f3n y las herramientas institucionales que hoy existen para hacerle frente, son claramente insuficientes\u201d, a\u00f1adi\u00f3.<\/p>\n<p>\u201cNecesitamos <strong>m\u00e1s presupuesto y m\u00e1s asistencia para erradicar la violencia. Por eso estamos pidiendo la emergencia por violencia y necesitamos el pronto tratamiento en este recinto de la designaci\u00f3n de la Defensora de ni\u00f1as, ni\u00f1os y adolescentes<\/strong> y sus adjuntos, entre otras cosas por esta problem\u00e1tica\u201d, finaliz\u00f3.<\/p>\n","protected":false},"excerpt":{"rendered":"<p>La senadora pampeana Norma Durango, presidenta de la Banca de la Mujer del Senado Nacional, pidi\u00f3 declarar la emergencia de g\u00e9nero, para m\u00e1s presupuesto y asistencia en esta tem\u00e1tica, y&hellip;<\/p>\n","protected":false},"author":5,"featured_media":63198,"comment_status":"closed","ping_status":"open","sticky":false,"template":"","format":"standard","meta":{"_acf_changed":false,"footnotes":""},"categories":[11,12],"tags":[],"class_list":["post-63197","post","type-post","status-publish","format-standard","has-post-thumbnail","hentry","category-que-pasa","category-sociedad"],"acf":[],"yoast_head":"<!-- This site is optimized with the Yoast SEO plugin v27.5 - https:\/\/yoast.com\/product\/yoast-seo-wordpress\/ -->\n<title>Violencia de G\u00e9nero: Durango insisti\u00f3 en que se declare la emergencia - Diario Textual<\/title>\n<meta name=\"robots\" content=\"index, follow, max-snippet:-1, max-image-preview:large, max-video-preview:-1\" \/>\n<link rel=\"canonical\" href=\"https:\/\/diariotextual.com\/inicio\/index.php\/2019\/09\/19\/violencia-genero-durango-insistio-se-declare-la-emergencia\/\" \/>\n<meta property=\"og:locale\" content=\"es_ES\" \/>\n<meta property=\"og:type\" content=\"article\" \/>\n<meta property=\"og:title\" content=\"Violencia de G\u00e9nero: Durango insisti\u00f3 en que se declare la emergencia - Diario Textual\" \/>\n<meta property=\"og:description\" content=\"La senadora pampeana Norma Durango, presidenta de la Banca de la Mujer del Senado Nacional, pidi\u00f3 declarar la emergencia de g\u00e9nero, para m\u00e1s presupuesto y asistencia en esta tem\u00e1tica, y&hellip;\" \/>\n<meta property=\"og:url\" content=\"https:\/\/diariotextual.com\/inicio\/index.php\/2019\/09\/19\/violencia-genero-durango-insistio-se-declare-la-emergencia\/\" \/>\n<meta property=\"og:site_name\" content=\"Diario Textual\" \/>\n<meta property=\"article:publisher\" content=\"https:\/\/www.facebook.com\/eltextual\" \/>\n<meta property=\"article:published_time\" content=\"2019-09-19T23:43:27+00:00\" \/>\n<meta property=\"article:modified_time\" content=\"2019-09-20T11:27:16+00:00\" \/>\n<meta property=\"og:image\" content=\"https:\/\/diariotextual.com\/inicio\/wp-content\/uploads\/2019\/09\/durangonorma2019.jpg\" \/>\n\t<meta property=\"og:image:width\" content=\"700\" \/>\n\t<meta property=\"og:image:height\" content=\"360\" \/>\n\t<meta property=\"og:image:type\" content=\"image\/jpeg\" \/>\n<meta name=\"author\" content=\"diario3\" \/>\n<meta name=\"twitter:card\" content=\"summary_large_image\" \/>\n<meta name=\"twitter:creator\" content=\"@eltextual\" \/>\n<meta name=\"twitter:site\" content=\"@eltextual\" \/>\n<meta name=\"twitter:label1\" content=\"Escrito por\" \/>\n\t<meta name=\"twitter:data1\" content=\"diario3\" \/>\n\t<meta name=\"twitter:label2\" content=\"Tiempo de lectura\" \/>\n\t<meta name=\"twitter:data2\" content=\"2 minutos\" \/>\n<script type=\"application\/ld+json\" class=\"yoast-schema-graph\">{\"@context\":\"https:\\\/\\\/schema.org\",\"@graph\":[{\"@type\":\"Article\",\"@id\":\"https:\\\/\\\/diariotextual.com\\\/inicio\\\/index.php\\\/2019\\\/09\\\/19\\\/violencia-genero-durango-insistio-se-declare-la-emergencia\\\/#article\",\"isPartOf\":{\"@id\":\"https:\\\/\\\/diariotextual.com\\\/inicio\\\/index.php\\\/2019\\\/09\\\/19\\\/violencia-genero-durango-insistio-se-declare-la-emergencia\\\/\"},\"author\":{\"name\":\"diario3\",\"@id\":\"https:\\\/\\\/diariotextual.com\\\/inicio\\\/#\\\/schema\\\/person\\\/a1b6f563e0ee944c60f98119389a4d9f\"},\"headline\":\"Violencia de G\u00e9nero: Durango insisti\u00f3 en que se declare la emergencia\",\"datePublished\":\"2019-09-19T23:43:27+00:00\",\"dateModified\":\"2019-09-20T11:27:16+00:00\",\"mainEntityOfPage\":{\"@id\":\"https:\\\/\\\/diariotextual.com\\\/inicio\\\/index.php\\\/2019\\\/09\\\/19\\\/violencia-genero-durango-insistio-se-declare-la-emergencia\\\/\"},\"wordCount\":339,\"publisher\":{\"@id\":\"https:\\\/\\\/diariotextual.com\\\/inicio\\\/#organization\"},\"image\":{\"@id\":\"https:\\\/\\\/diariotextual.com\\\/inicio\\\/index.php\\\/2019\\\/09\\\/19\\\/violencia-genero-durango-insistio-se-declare-la-emergencia\\\/#primaryimage\"},\"thumbnailUrl\":\"https:\\\/\\\/diariotextual.com\\\/inicio\\\/wp-content\\\/uploads\\\/2019\\\/09\\\/durangonorma2019.jpg\",\"articleSection\":[\"A - QUE PASA (al costado)\",\"SOCIEDAD\"],\"inLanguage\":\"es\"},{\"@type\":\"WebPage\",\"@id\":\"https:\\\/\\\/diariotextual.com\\\/inicio\\\/index.php\\\/2019\\\/09\\\/19\\\/violencia-genero-durango-insistio-se-declare-la-emergencia\\\/\",\"url\":\"https:\\\/\\\/diariotextual.com\\\/inicio\\\/index.php\\\/2019\\\/09\\\/19\\\/violencia-genero-durango-insistio-se-declare-la-emergencia\\\/\",\"name\":\"Violencia de G\u00e9nero: Durango insisti\u00f3 en que se declare la emergencia - Diario Textual\",\"isPartOf\":{\"@id\":\"https:\\\/\\\/diariotextual.com\\\/inicio\\\/#website\"},\"primaryImageOfPage\":{\"@id\":\"https:\\\/\\\/diariotextual.com\\\/inicio\\\/index.php\\\/2019\\\/09\\\/19\\\/violencia-genero-durango-insistio-se-declare-la-emergencia\\\/#primaryimage\"},\"image\":{\"@id\":\"https:\\\/\\\/diariotextual.com\\\/inicio\\\/index.php\\\/2019\\\/09\\\/19\\\/violencia-genero-durango-insistio-se-declare-la-emergencia\\\/#primaryimage\"},\"thumbnailUrl\":\"https:\\\/\\\/diariotextual.com\\\/inicio\\\/wp-content\\\/uploads\\\/2019\\\/09\\\/durangonorma2019.jpg\",\"datePublished\":\"2019-09-19T23:43:27+00:00\",\"dateModified\":\"2019-09-20T11:27:16+00:00\",\"breadcrumb\":{\"@id\":\"https:\\\/\\\/diariotextual.com\\\/inicio\\\/index.php\\\/2019\\\/09\\\/19\\\/violencia-genero-durango-insistio-se-declare-la-emergencia\\\/#breadcrumb\"},\"inLanguage\":\"es\",\"potentialAction\":[{\"@type\":\"ReadAction\",\"target\":[\"https:\\\/\\\/diariotextual.com\\\/inicio\\\/index.php\\\/2019\\\/09\\\/19\\\/violencia-genero-durango-insistio-se-declare-la-emergencia\\\/\"]}]},{\"@type\":\"ImageObject\",\"inLanguage\":\"es\",\"@id\":\"https:\\\/\\\/diariotextual.com\\\/inicio\\\/index.php\\\/2019\\\/09\\\/19\\\/violencia-genero-durango-insistio-se-declare-la-emergencia\\\/#primaryimage\",\"url\":\"https:\\\/\\\/diariotextual.com\\\/inicio\\\/wp-content\\\/uploads\\\/2019\\\/09\\\/durangonorma2019.jpg\",\"contentUrl\":\"https:\\\/\\\/diariotextual.com\\\/inicio\\\/wp-content\\\/uploads\\\/2019\\\/09\\\/durangonorma2019.jpg\",\"width\":700,\"height\":360},{\"@type\":\"BreadcrumbList\",\"@id\":\"https:\\\/\\\/diariotextual.com\\\/inicio\\\/index.php\\\/2019\\\/09\\\/19\\\/violencia-genero-durango-insistio-se-declare-la-emergencia\\\/#breadcrumb\",\"itemListElement\":[{\"@type\":\"ListItem\",\"position\":1,\"name\":\"Portada\",\"item\":\"https:\\\/\\\/diariotextual.com\\\/inicio\\\/\"},{\"@type\":\"ListItem\",\"position\":2,\"name\":\"Violencia de G\u00e9nero: Durango insisti\u00f3 en que se declare la emergencia\"}]},{\"@type\":\"WebSite\",\"@id\":\"https:\\\/\\\/diariotextual.com\\\/inicio\\\/#website\",\"url\":\"https:\\\/\\\/diariotextual.com\\\/inicio\\\/\",\"name\":\"Diario Textual\",\"description\":\"\",\"publisher\":{\"@id\":\"https:\\\/\\\/diariotextual.com\\\/inicio\\\/#organization\"},\"potentialAction\":[{\"@type\":\"SearchAction\",\"target\":{\"@type\":\"EntryPoint\",\"urlTemplate\":\"https:\\\/\\\/diariotextual.com\\\/inicio\\\/?s={search_term_string}\"},\"query-input\":{\"@type\":\"PropertyValueSpecification\",\"valueRequired\":true,\"valueName\":\"search_term_string\"}}],\"inLanguage\":\"es\"},{\"@type\":\"Organization\",\"@id\":\"https:\\\/\\\/diariotextual.com\\\/inicio\\\/#organization\",\"name\":\"Diario Textual\",\"url\":\"https:\\\/\\\/diariotextual.com\\\/inicio\\\/\",\"logo\":{\"@type\":\"ImageObject\",\"inLanguage\":\"es\",\"@id\":\"https:\\\/\\\/diariotextual.com\\\/inicio\\\/#\\\/schema\\\/logo\\\/image\\\/\",\"url\":\"https:\\\/\\\/diariotextual.com\\\/inicio\\\/wp-content\\\/uploads\\\/2023\\\/05\\\/logotextual1.jpg\",\"contentUrl\":\"https:\\\/\\\/diariotextual.com\\\/inicio\\\/wp-content\\\/uploads\\\/2023\\\/05\\\/logotextual1.jpg\",\"width\":516,\"height\":76,\"caption\":\"Diario Textual\"},\"image\":{\"@id\":\"https:\\\/\\\/diariotextual.com\\\/inicio\\\/#\\\/schema\\\/logo\\\/image\\\/\"},\"sameAs\":[\"https:\\\/\\\/www.facebook.com\\\/eltextual\",\"https:\\\/\\\/x.com\\\/eltextual\",\"http:\\\/\\\/www.instagram.com\\\/eltextual\"]},{\"@type\":\"Person\",\"@id\":\"https:\\\/\\\/diariotextual.com\\\/inicio\\\/#\\\/schema\\\/person\\\/a1b6f563e0ee944c60f98119389a4d9f\",\"name\":\"diario3\",\"image\":{\"@type\":\"ImageObject\",\"inLanguage\":\"es\",\"@id\":\"https:\\\/\\\/secure.gravatar.com\\\/avatar\\\/5e7ee62c82fc04d9dd79d746a390d93c69c43223e5faeeb3ea9461ef752bfc5d?s=96&d=mm&r=g\",\"url\":\"https:\\\/\\\/secure.gravatar.com\\\/avatar\\\/5e7ee62c82fc04d9dd79d746a390d93c69c43223e5faeeb3ea9461ef752bfc5d?s=96&d=mm&r=g\",\"contentUrl\":\"https:\\\/\\\/secure.gravatar.com\\\/avatar\\\/5e7ee62c82fc04d9dd79d746a390d93c69c43223e5faeeb3ea9461ef752bfc5d?s=96&d=mm&r=g\",\"caption\":\"diario3\"},\"url\":\"https:\\\/\\\/diariotextual.com\\\/inicio\\\/index.php\\\/author\\\/diario3\\\/\"}]}<\/script>\n<!-- \/ Yoast SEO plugin. -->","yoast_head_json":{"title":"Violencia de G\u00e9nero: Durango insisti\u00f3 en que se declare la emergencia - Diario Textual","robots":{"index":"index","follow":"follow","max-snippet":"max-snippet:-1","max-image-preview":"max-image-preview:large","max-video-preview":"max-video-preview:-1"},"canonical":"https:\/\/diariotextual.com\/inicio\/index.php\/2019\/09\/19\/violencia-genero-durango-insistio-se-declare-la-emergencia\/","og_locale":"es_ES","og_type":"article","og_title":"Violencia de G\u00e9nero: Durango insisti\u00f3 en que se declare la emergencia - Diario Textual","og_description":"La senadora pampeana Norma Durango, presidenta de la Banca de la Mujer del Senado Nacional, pidi\u00f3 declarar la emergencia de g\u00e9nero, para m\u00e1s presupuesto y asistencia en esta tem\u00e1tica, y&hellip;","og_url":"https:\/\/diariotextual.com\/inicio\/index.php\/2019\/09\/19\/violencia-genero-durango-insistio-se-declare-la-emergencia\/","og_site_name":"Diario Textual","article_publisher":"https:\/\/www.facebook.com\/eltextual","article_published_time":"2019-09-19T23:43:27+00:00","article_modified_time":"2019-09-20T11:27:16+00:00","og_image":[{"width":700,"height":360,"url":"https:\/\/diariotextual.com\/inicio\/wp-content\/uploads\/2019\/09\/durangonorma2019.jpg","type":"image\/jpeg"}],"author":"diario3","twitter_card":"summary_large_image","twitter_creator":"@eltextual","twitter_site":"@eltextual","twitter_misc":{"Escrito por":"diario3","Tiempo de lectura":"2 minutos"},"schema":{"@context":"https:\/\/schema.org","@graph":[{"@type":"Article","@id":"https:\/\/diariotextual.com\/inicio\/index.php\/2019\/09\/19\/violencia-genero-durango-insistio-se-declare-la-emergencia\/#article","isPartOf":{"@id":"https:\/\/diariotextual.com\/inicio\/index.php\/2019\/09\/19\/violencia-genero-durango-insistio-se-declare-la-emergencia\/"},"author":{"name":"diario3","@id":"https:\/\/diariotextual.com\/inicio\/#\/schema\/person\/a1b6f563e0ee944c60f98119389a4d9f"},"headline":"Violencia de G\u00e9nero: Durango insisti\u00f3 en que se declare la emergencia","datePublished":"2019-09-19T23:43:27+00:00","dateModified":"2019-09-20T11:27:16+00:00","mainEntityOfPage":{"@id":"https:\/\/diariotextual.com\/inicio\/index.php\/2019\/09\/19\/violencia-genero-durango-insistio-se-declare-la-emergencia\/"},"wordCount":339,"publisher":{"@id":"https:\/\/diariotextual.com\/inicio\/#organization"},"image":{"@id":"https:\/\/diariotextual.com\/inicio\/index.php\/2019\/09\/19\/violencia-genero-durango-insistio-se-declare-la-emergencia\/#primaryimage"},"thumbnailUrl":"https:\/\/diariotextual.com\/inicio\/wp-content\/uploads\/2019\/09\/durangonorma2019.jpg","articleSection":["A - QUE PASA (al costado)","SOCIEDAD"],"inLanguage":"es"},{"@type":"WebPage","@id":"https:\/\/diariotextual.com\/inicio\/index.php\/2019\/09\/19\/violencia-genero-durango-insistio-se-declare-la-emergencia\/","url":"https:\/\/diariotextual.com\/inicio\/index.php\/2019\/09\/19\/violencia-genero-durango-insistio-se-declare-la-emergencia\/","name":"Violencia de G\u00e9nero: Durango insisti\u00f3 en que se declare la emergencia - Diario Textual","isPartOf":{"@id":"https:\/\/diariotextual.com\/inicio\/#website"},"primaryImageOfPage":{"@id":"https:\/\/diariotextual.com\/inicio\/index.php\/2019\/09\/19\/violencia-genero-durango-insistio-se-declare-la-emergencia\/#primaryimage"},"image":{"@id":"https:\/\/diariotextual.com\/inicio\/index.php\/2019\/09\/19\/violencia-genero-durango-insistio-se-declare-la-emergencia\/#primaryimage"},"thumbnailUrl":"https:\/\/diariotextual.com\/inicio\/wp-content\/uploads\/2019\/09\/durangonorma2019.jpg","datePublished":"2019-09-19T23:43:27+00:00","dateModified":"2019-09-20T11:27:16+00:00","breadcrumb":{"@id":"https:\/\/diariotextual.com\/inicio\/index.php\/2019\/09\/19\/violencia-genero-durango-insistio-se-declare-la-emergencia\/#breadcrumb"},"inLanguage":"es","potentialAction":[{"@type":"ReadAction","target":["https:\/\/diariotextual.com\/inicio\/index.php\/2019\/09\/19\/violencia-genero-durango-insistio-se-declare-la-emergencia\/"]}]},{"@type":"ImageObject","inLanguage":"es","@id":"https:\/\/diariotextual.com\/inicio\/index.php\/2019\/09\/19\/violencia-genero-durango-insistio-se-declare-la-emergencia\/#primaryimage","url":"https:\/\/diariotextual.com\/inicio\/wp-content\/uploads\/2019\/09\/durangonorma2019.jpg","contentUrl":"https:\/\/diariotextual.com\/inicio\/wp-content\/uploads\/2019\/09\/durangonorma2019.jpg","width":700,"height":360},{"@type":"BreadcrumbList","@id":"https:\/\/diariotextual.com\/inicio\/index.php\/2019\/09\/19\/violencia-genero-durango-insistio-se-declare-la-emergencia\/#breadcrumb","itemListElement":[{"@type":"ListItem","position":1,"name":"Portada","item":"https:\/\/diariotextual.com\/inicio\/"},{"@type":"ListItem","position":2,"name":"Violencia de G\u00e9nero: Durango insisti\u00f3 en que se declare la emergencia"}]},{"@type":"WebSite","@id":"https:\/\/diariotextual.com\/inicio\/#website","url":"https:\/\/diariotextual.com\/inicio\/","name":"Diario Textual","description":"","publisher":{"@id":"https:\/\/diariotextual.com\/inicio\/#organization"},"potentialAction":[{"@type":"SearchAction","target":{"@type":"EntryPoint","urlTemplate":"https:\/\/diariotextual.com\/inicio\/?s={search_term_string}"},"query-input":{"@type":"PropertyValueSpecification","valueRequired":true,"valueName":"search_term_string"}}],"inLanguage":"es"},{"@type":"Organization","@id":"https:\/\/diariotextual.com\/inicio\/#organization","name":"Diario Textual","url":"https:\/\/diariotextual.com\/inicio\/","logo":{"@type":"ImageObject","inLanguage":"es","@id":"https:\/\/diariotextual.com\/inicio\/#\/schema\/logo\/image\/","url":"https:\/\/diariotextual.com\/inicio\/wp-content\/uploads\/2023\/05\/logotextual1.jpg","contentUrl":"https:\/\/diariotextual.com\/inicio\/wp-content\/uploads\/2023\/05\/logotextual1.jpg","width":516,"height":76,"caption":"Diario Textual"},"image":{"@id":"https:\/\/diariotextual.com\/inicio\/#\/schema\/logo\/image\/"},"sameAs":["https:\/\/www.facebook.com\/eltextual","https:\/\/x.com\/eltextual","http:\/\/www.instagram.com\/eltextual"]},{"@type":"Person","@id":"https:\/\/diariotextual.com\/inicio\/#\/schema\/person\/a1b6f563e0ee944c60f98119389a4d9f","name":"diario3","image":{"@type":"ImageObject","inLanguage":"es","@id":"https:\/\/secure.gravatar.com\/avatar\/5e7ee62c82fc04d9dd79d746a390d93c69c43223e5faeeb3ea9461ef752bfc5d?s=96&d=mm&r=g","url":"https:\/\/secure.gravatar.com\/avatar\/5e7ee62c82fc04d9dd79d746a390d93c69c43223e5faeeb3ea9461ef752bfc5d?s=96&d=mm&r=g","contentUrl":"https:\/\/secure.gravatar.com\/avatar\/5e7ee62c82fc04d9dd79d746a390d93c69c43223e5faeeb3ea9461ef752bfc5d?s=96&d=mm&r=g","caption":"diario3"},"url":"https:\/\/diariotextual.com\/inicio\/index.php\/author\/diario3\/"}]}},"_links":{"self":[{"href":"https:\/\/diariotextual.com\/inicio\/index.php\/wp-json\/wp\/v2\/posts\/63197","targetHints":{"allow":["GET"]}}],"collection":[{"href":"https:\/\/diariotextual.com\/inicio\/index.php\/wp-json\/wp\/v2\/posts"}],"about":[{"href":"https:\/\/diariotextual.com\/inicio\/index.php\/wp-json\/wp\/v2\/types\/post"}],"author":[{"embeddable":true,"href":"https:\/\/diariotextual.com\/inicio\/index.php\/wp-json\/wp\/v2\/users\/5"}],"replies":[{"embeddable":true,"href":"https:\/\/diariotextual.com\/inicio\/index.php\/wp-json\/wp\/v2\/comments?post=63197"}],"version-history":[{"count":1,"href":"https:\/\/diariotextual.com\/inicio\/index.php\/wp-json\/wp\/v2\/posts\/63197\/revisions"}],"predecessor-version":[{"id":63199,"href":"https:\/\/diariotextual.com\/inicio\/index.php\/wp-json\/wp\/v2\/posts\/63197\/revisions\/63199"}],"wp:featuredmedia":[{"embeddable":true,"href":"https:\/\/diariotextual.com\/inicio\/index.php\/wp-json\/wp\/v2\/media\/63198"}],"wp:attachment":[{"href":"https:\/\/diariotextual.com\/inicio\/index.php\/wp-json\/wp\/v2\/media?parent=63197"}],"wp:term":[{"taxonomy":"category","embeddable":true,"href":"https:\/\/diariotextual.com\/inicio\/index.php\/wp-json\/wp\/v2\/categories?post=63197"},{"taxonomy":"post_tag","embeddable":true,"href":"https:\/\/diariotextual.com\/inicio\/index.php\/wp-json\/wp\/v2\/tags?post=63197"}],"curies":[{"name":"wp","href":"https:\/\/api.w.org\/{rel}","templated":true}]}}