{"id":63211,"date":"2019-09-20T08:12:23","date_gmt":"2019-09-20T11:12:23","guid":{"rendered":"http:\/\/diariotextual.com\/inicio\/?p=63211"},"modified":"2019-09-20T10:43:37","modified_gmt":"2019-09-20T13:43:37","slug":"impulsan-protocolo-actuacion-casos-violencia-genero","status":"publish","type":"post","link":"https:\/\/diariotextual.com\/inicio\/index.php\/2019\/09\/20\/impulsan-protocolo-actuacion-casos-violencia-genero\/","title":{"rendered":"Impulsan protocolo de actuaci\u00f3n para casos de violencia de g\u00e9nero"},"content":{"rendered":"<p>El intendente <strong>Leandro Altolaguirre<\/strong> se reuni\u00f3 con la secretaria general electa de ATE, <strong>Roxana Rechimont<\/strong> y con la secretaria de G\u00e9nero e Igualdad de Oportunidades de la CTA Aut\u00f3noma Vanesa Borgstrand para analizar en conjunto la conformaci\u00f3n de un <strong>protocolo de actuaci\u00f3n para casos de violencia de g\u00e9nero.<\/strong><\/p>\n<blockquote class=\"wp-embedded-content\" data-secret=\"5r1IkXma5W\"><p><a href=\"http:\/\/diariotextual.com\/inicio\/index.php\/2019\/09\/19\/paren-matarnos-concejala-pidio-declarar-la-emergencia-violencia-genero\/\">&#171;Paren de matarnos&#187;: concejala pidi\u00f3 declarar la emergencia por violencia de g\u00e9nero<\/a><\/p><\/blockquote>\n<p><iframe class=\"wp-embedded-content\" sandbox=\"allow-scripts\" security=\"restricted\" style=\"position: absolute; clip: rect(1px, 1px, 1px, 1px);\" src=\"http:\/\/diariotextual.com\/inicio\/index.php\/2019\/09\/19\/paren-matarnos-concejala-pidio-declarar-la-emergencia-violencia-genero\/embed\/#?secret=5r1IkXma5W\" data-secret=\"5r1IkXma5W\" width=\"600\" height=\"338\" title=\"&#171;&#171;Paren de matarnos&#187;: concejala pidi\u00f3 declarar la emergencia por violencia de g\u00e9nero&#187; &#8212; Diario Textual\" frameborder=\"0\" marginwidth=\"0\" marginheight=\"0\" scrolling=\"no\"><\/iframe><\/p>\n<p>Retchimont explic\u00f3 que desde el \u00e1rea de G\u00e9nero de su gremio ya se viene trabajando hace tiempo en dicho reglamento y que se han presentado propuestas a los distintos estamentos gubernamentales de la Provincia.<\/p>\n<p>Resalt\u00f3 que de concretarse la creaci\u00f3n del protocolo a nivel de la municipalidad de Santa Rosa ser\u00eda la primera comuna en hacerse eco de dicha propuesta y en asistir de una manera m\u00e1s efectiva a una familia que sufre una situaci\u00f3n de violencia y desamparo.<\/p>\n<p>La directora de Pol\u00edticas de G\u00e9nero de Santa Rosa, Carina Verdasco, coment\u00f3 que desde hace m\u00e1s de un a\u00f1o y medio junto a su equipo t\u00e9cnico viene trabajando en el abordaje de dicha tem\u00e1tica y tras un an\u00e1lisis exhaustivo se tom\u00f3 la determinaci\u00f3n de crear un protocolo para dar respuesta ante estas situaciones.<\/p>\n<p>En tanto, Altolaguirre se mostr\u00f3 abierto a colaborar para que dicho protocolo pueda concretarse lo antes possible dentro del \u00e1mbito comunal, tomando como principal enfoque y prioridad la defensa y protecci\u00f3n integral de los derechos de ni\u00f1as, ni\u00f1os y adolescentes y entendiendo que el mismo permitir\u00e1 brindar una respuesta m\u00e1s adecuada a familias que est\u00e9n atravesando una situaci\u00f3n de violencia.<\/p>\n","protected":false},"excerpt":{"rendered":"<p>El intendente Leandro Altolaguirre se reuni\u00f3 con la secretaria general electa de ATE, Roxana Rechimont y con la secretaria de G\u00e9nero e Igualdad de Oportunidades de la CTA Aut\u00f3noma Vanesa&hellip;<\/p>\n","protected":false},"author":7,"featured_media":63213,"comment_status":"closed","ping_status":"open","sticky":false,"template":"","format":"standard","meta":{"_acf_changed":false,"footnotes":""},"categories":[10,12],"tags":[],"class_list":["post-63211","post","type-post","status-publish","format-standard","has-post-thumbnail","hentry","category-portada-2","category-sociedad"],"acf":[],"yoast_head":"<!-- This site is optimized with the Yoast SEO plugin v27.5 - https:\/\/yoast.com\/product\/yoast-seo-wordpress\/ -->\n<title>Impulsan protocolo de actuaci\u00f3n para casos de violencia de g\u00e9nero - Diario Textual<\/title>\n<meta name=\"robots\" content=\"index, follow, max-snippet:-1, max-image-preview:large, max-video-preview:-1\" \/>\n<link rel=\"canonical\" href=\"https:\/\/diariotextual.com\/inicio\/index.php\/2019\/09\/20\/impulsan-protocolo-actuacion-casos-violencia-genero\/\" \/>\n<meta property=\"og:locale\" content=\"es_ES\" \/>\n<meta property=\"og:type\" content=\"article\" \/>\n<meta property=\"og:title\" content=\"Impulsan protocolo de actuaci\u00f3n para casos de violencia de g\u00e9nero - Diario Textual\" \/>\n<meta property=\"og:description\" content=\"El intendente Leandro Altolaguirre se reuni\u00f3 con la secretaria general electa de ATE, Roxana Rechimont y con la secretaria de G\u00e9nero e Igualdad de Oportunidades de la CTA Aut\u00f3noma Vanesa&hellip;\" \/>\n<meta property=\"og:url\" content=\"https:\/\/diariotextual.com\/inicio\/index.php\/2019\/09\/20\/impulsan-protocolo-actuacion-casos-violencia-genero\/\" \/>\n<meta property=\"og:site_name\" content=\"Diario Textual\" \/>\n<meta property=\"article:publisher\" content=\"https:\/\/www.facebook.com\/eltextual\" \/>\n<meta property=\"article:published_time\" content=\"2019-09-20T11:12:23+00:00\" \/>\n<meta property=\"article:modified_time\" content=\"2019-09-20T13:43:37+00:00\" \/>\n<meta property=\"og:image\" content=\"https:\/\/diariotextual.com\/inicio\/wp-content\/uploads\/2019\/09\/altolaguirreyrechimont.jpeg\" \/>\n\t<meta property=\"og:image:width\" content=\"1050\" \/>\n\t<meta property=\"og:image:height\" content=\"750\" \/>\n\t<meta property=\"og:image:type\" content=\"image\/jpeg\" \/>\n<meta name=\"author\" content=\"diario5\" \/>\n<meta name=\"twitter:card\" content=\"summary_large_image\" \/>\n<meta name=\"twitter:creator\" content=\"@eltextual\" \/>\n<meta name=\"twitter:site\" content=\"@eltextual\" \/>\n<meta name=\"twitter:label1\" content=\"Escrito por\" \/>\n\t<meta name=\"twitter:data1\" content=\"diario5\" \/>\n\t<meta name=\"twitter:label2\" content=\"Tiempo de lectura\" \/>\n\t<meta name=\"twitter:data2\" content=\"1 minuto\" \/>\n<script type=\"application\/ld+json\" class=\"yoast-schema-graph\">{\"@context\":\"https:\\\/\\\/schema.org\",\"@graph\":[{\"@type\":\"Article\",\"@id\":\"https:\\\/\\\/diariotextual.com\\\/inicio\\\/index.php\\\/2019\\\/09\\\/20\\\/impulsan-protocolo-actuacion-casos-violencia-genero\\\/#article\",\"isPartOf\":{\"@id\":\"https:\\\/\\\/diariotextual.com\\\/inicio\\\/index.php\\\/2019\\\/09\\\/20\\\/impulsan-protocolo-actuacion-casos-violencia-genero\\\/\"},\"author\":{\"name\":\"diario5\",\"@id\":\"https:\\\/\\\/diariotextual.com\\\/inicio\\\/#\\\/schema\\\/person\\\/c7834961ad8b29b1d9cdbf4571299067\"},\"headline\":\"Impulsan protocolo de actuaci\u00f3n para casos de violencia de g\u00e9nero\",\"datePublished\":\"2019-09-20T11:12:23+00:00\",\"dateModified\":\"2019-09-20T13:43:37+00:00\",\"mainEntityOfPage\":{\"@id\":\"https:\\\/\\\/diariotextual.com\\\/inicio\\\/index.php\\\/2019\\\/09\\\/20\\\/impulsan-protocolo-actuacion-casos-violencia-genero\\\/\"},\"wordCount\":283,\"publisher\":{\"@id\":\"https:\\\/\\\/diariotextual.com\\\/inicio\\\/#organization\"},\"image\":{\"@id\":\"https:\\\/\\\/diariotextual.com\\\/inicio\\\/index.php\\\/2019\\\/09\\\/20\\\/impulsan-protocolo-actuacion-casos-violencia-genero\\\/#primaryimage\"},\"thumbnailUrl\":\"https:\\\/\\\/diariotextual.com\\\/inicio\\\/wp-content\\\/uploads\\\/2019\\\/09\\\/altolaguirreyrechimont.jpeg\",\"articleSection\":[\"A - PORTADA2\",\"SOCIEDAD\"],\"inLanguage\":\"es\"},{\"@type\":\"WebPage\",\"@id\":\"https:\\\/\\\/diariotextual.com\\\/inicio\\\/index.php\\\/2019\\\/09\\\/20\\\/impulsan-protocolo-actuacion-casos-violencia-genero\\\/\",\"url\":\"https:\\\/\\\/diariotextual.com\\\/inicio\\\/index.php\\\/2019\\\/09\\\/20\\\/impulsan-protocolo-actuacion-casos-violencia-genero\\\/\",\"name\":\"Impulsan protocolo de actuaci\u00f3n para casos de violencia de g\u00e9nero - Diario Textual\",\"isPartOf\":{\"@id\":\"https:\\\/\\\/diariotextual.com\\\/inicio\\\/#website\"},\"primaryImageOfPage\":{\"@id\":\"https:\\\/\\\/diariotextual.com\\\/inicio\\\/index.php\\\/2019\\\/09\\\/20\\\/impulsan-protocolo-actuacion-casos-violencia-genero\\\/#primaryimage\"},\"image\":{\"@id\":\"https:\\\/\\\/diariotextual.com\\\/inicio\\\/index.php\\\/2019\\\/09\\\/20\\\/impulsan-protocolo-actuacion-casos-violencia-genero\\\/#primaryimage\"},\"thumbnailUrl\":\"https:\\\/\\\/diariotextual.com\\\/inicio\\\/wp-content\\\/uploads\\\/2019\\\/09\\\/altolaguirreyrechimont.jpeg\",\"datePublished\":\"2019-09-20T11:12:23+00:00\",\"dateModified\":\"2019-09-20T13:43:37+00:00\",\"breadcrumb\":{\"@id\":\"https:\\\/\\\/diariotextual.com\\\/inicio\\\/index.php\\\/2019\\\/09\\\/20\\\/impulsan-protocolo-actuacion-casos-violencia-genero\\\/#breadcrumb\"},\"inLanguage\":\"es\",\"potentialAction\":[{\"@type\":\"ReadAction\",\"target\":[\"https:\\\/\\\/diariotextual.com\\\/inicio\\\/index.php\\\/2019\\\/09\\\/20\\\/impulsan-protocolo-actuacion-casos-violencia-genero\\\/\"]}]},{\"@type\":\"ImageObject\",\"inLanguage\":\"es\",\"@id\":\"https:\\\/\\\/diariotextual.com\\\/inicio\\\/index.php\\\/2019\\\/09\\\/20\\\/impulsan-protocolo-actuacion-casos-violencia-genero\\\/#primaryimage\",\"url\":\"https:\\\/\\\/diariotextual.com\\\/inicio\\\/wp-content\\\/uploads\\\/2019\\\/09\\\/altolaguirreyrechimont.jpeg\",\"contentUrl\":\"https:\\\/\\\/diariotextual.com\\\/inicio\\\/wp-content\\\/uploads\\\/2019\\\/09\\\/altolaguirreyrechimont.jpeg\",\"width\":1050,\"height\":750},{\"@type\":\"BreadcrumbList\",\"@id\":\"https:\\\/\\\/diariotextual.com\\\/inicio\\\/index.php\\\/2019\\\/09\\\/20\\\/impulsan-protocolo-actuacion-casos-violencia-genero\\\/#breadcrumb\",\"itemListElement\":[{\"@type\":\"ListItem\",\"position\":1,\"name\":\"Portada\",\"item\":\"https:\\\/\\\/diariotextual.com\\\/inicio\\\/\"},{\"@type\":\"ListItem\",\"position\":2,\"name\":\"Impulsan protocolo de actuaci\u00f3n para casos de violencia de g\u00e9nero\"}]},{\"@type\":\"WebSite\",\"@id\":\"https:\\\/\\\/diariotextual.com\\\/inicio\\\/#website\",\"url\":\"https:\\\/\\\/diariotextual.com\\\/inicio\\\/\",\"name\":\"Diario Textual\",\"description\":\"\",\"publisher\":{\"@id\":\"https:\\\/\\\/diariotextual.com\\\/inicio\\\/#organization\"},\"potentialAction\":[{\"@type\":\"SearchAction\",\"target\":{\"@type\":\"EntryPoint\",\"urlTemplate\":\"https:\\\/\\\/diariotextual.com\\\/inicio\\\/?s={search_term_string}\"},\"query-input\":{\"@type\":\"PropertyValueSpecification\",\"valueRequired\":true,\"valueName\":\"search_term_string\"}}],\"inLanguage\":\"es\"},{\"@type\":\"Organization\",\"@id\":\"https:\\\/\\\/diariotextual.com\\\/inicio\\\/#organization\",\"name\":\"Diario Textual\",\"url\":\"https:\\\/\\\/diariotextual.com\\\/inicio\\\/\",\"logo\":{\"@type\":\"ImageObject\",\"inLanguage\":\"es\",\"@id\":\"https:\\\/\\\/diariotextual.com\\\/inicio\\\/#\\\/schema\\\/logo\\\/image\\\/\",\"url\":\"https:\\\/\\\/diariotextual.com\\\/inicio\\\/wp-content\\\/uploads\\\/2023\\\/05\\\/logotextual1.jpg\",\"contentUrl\":\"https:\\\/\\\/diariotextual.com\\\/inicio\\\/wp-content\\\/uploads\\\/2023\\\/05\\\/logotextual1.jpg\",\"width\":516,\"height\":76,\"caption\":\"Diario Textual\"},\"image\":{\"@id\":\"https:\\\/\\\/diariotextual.com\\\/inicio\\\/#\\\/schema\\\/logo\\\/image\\\/\"},\"sameAs\":[\"https:\\\/\\\/www.facebook.com\\\/eltextual\",\"https:\\\/\\\/x.com\\\/eltextual\",\"http:\\\/\\\/www.instagram.com\\\/eltextual\"]},{\"@type\":\"Person\",\"@id\":\"https:\\\/\\\/diariotextual.com\\\/inicio\\\/#\\\/schema\\\/person\\\/c7834961ad8b29b1d9cdbf4571299067\",\"name\":\"diario5\",\"image\":{\"@type\":\"ImageObject\",\"inLanguage\":\"es\",\"@id\":\"https:\\\/\\\/secure.gravatar.com\\\/avatar\\\/948c893b847ca6df68216ead81b63f363408ec9b0f600fefc0641ce78613b111?s=96&d=mm&r=g\",\"url\":\"https:\\\/\\\/secure.gravatar.com\\\/avatar\\\/948c893b847ca6df68216ead81b63f363408ec9b0f600fefc0641ce78613b111?s=96&d=mm&r=g\",\"contentUrl\":\"https:\\\/\\\/secure.gravatar.com\\\/avatar\\\/948c893b847ca6df68216ead81b63f363408ec9b0f600fefc0641ce78613b111?s=96&d=mm&r=g\",\"caption\":\"diario5\"},\"url\":\"https:\\\/\\\/diariotextual.com\\\/inicio\\\/index.php\\\/author\\\/diario5\\\/\"}]}<\/script>\n<!-- \/ Yoast SEO plugin. -->","yoast_head_json":{"title":"Impulsan protocolo de actuaci\u00f3n para casos de violencia de g\u00e9nero - Diario Textual","robots":{"index":"index","follow":"follow","max-snippet":"max-snippet:-1","max-image-preview":"max-image-preview:large","max-video-preview":"max-video-preview:-1"},"canonical":"https:\/\/diariotextual.com\/inicio\/index.php\/2019\/09\/20\/impulsan-protocolo-actuacion-casos-violencia-genero\/","og_locale":"es_ES","og_type":"article","og_title":"Impulsan protocolo de actuaci\u00f3n para casos de violencia de g\u00e9nero - Diario Textual","og_description":"El intendente Leandro Altolaguirre se reuni\u00f3 con la secretaria general electa de ATE, Roxana Rechimont y con la secretaria de G\u00e9nero e Igualdad de Oportunidades de la CTA Aut\u00f3noma Vanesa&hellip;","og_url":"https:\/\/diariotextual.com\/inicio\/index.php\/2019\/09\/20\/impulsan-protocolo-actuacion-casos-violencia-genero\/","og_site_name":"Diario Textual","article_publisher":"https:\/\/www.facebook.com\/eltextual","article_published_time":"2019-09-20T11:12:23+00:00","article_modified_time":"2019-09-20T13:43:37+00:00","og_image":[{"width":1050,"height":750,"url":"https:\/\/diariotextual.com\/inicio\/wp-content\/uploads\/2019\/09\/altolaguirreyrechimont.jpeg","type":"image\/jpeg"}],"author":"diario5","twitter_card":"summary_large_image","twitter_creator":"@eltextual","twitter_site":"@eltextual","twitter_misc":{"Escrito por":"diario5","Tiempo de lectura":"1 minuto"},"schema":{"@context":"https:\/\/schema.org","@graph":[{"@type":"Article","@id":"https:\/\/diariotextual.com\/inicio\/index.php\/2019\/09\/20\/impulsan-protocolo-actuacion-casos-violencia-genero\/#article","isPartOf":{"@id":"https:\/\/diariotextual.com\/inicio\/index.php\/2019\/09\/20\/impulsan-protocolo-actuacion-casos-violencia-genero\/"},"author":{"name":"diario5","@id":"https:\/\/diariotextual.com\/inicio\/#\/schema\/person\/c7834961ad8b29b1d9cdbf4571299067"},"headline":"Impulsan protocolo de actuaci\u00f3n para casos de violencia de g\u00e9nero","datePublished":"2019-09-20T11:12:23+00:00","dateModified":"2019-09-20T13:43:37+00:00","mainEntityOfPage":{"@id":"https:\/\/diariotextual.com\/inicio\/index.php\/2019\/09\/20\/impulsan-protocolo-actuacion-casos-violencia-genero\/"},"wordCount":283,"publisher":{"@id":"https:\/\/diariotextual.com\/inicio\/#organization"},"image":{"@id":"https:\/\/diariotextual.com\/inicio\/index.php\/2019\/09\/20\/impulsan-protocolo-actuacion-casos-violencia-genero\/#primaryimage"},"thumbnailUrl":"https:\/\/diariotextual.com\/inicio\/wp-content\/uploads\/2019\/09\/altolaguirreyrechimont.jpeg","articleSection":["A - PORTADA2","SOCIEDAD"],"inLanguage":"es"},{"@type":"WebPage","@id":"https:\/\/diariotextual.com\/inicio\/index.php\/2019\/09\/20\/impulsan-protocolo-actuacion-casos-violencia-genero\/","url":"https:\/\/diariotextual.com\/inicio\/index.php\/2019\/09\/20\/impulsan-protocolo-actuacion-casos-violencia-genero\/","name":"Impulsan protocolo de actuaci\u00f3n para casos de violencia de g\u00e9nero - Diario Textual","isPartOf":{"@id":"https:\/\/diariotextual.com\/inicio\/#website"},"primaryImageOfPage":{"@id":"https:\/\/diariotextual.com\/inicio\/index.php\/2019\/09\/20\/impulsan-protocolo-actuacion-casos-violencia-genero\/#primaryimage"},"image":{"@id":"https:\/\/diariotextual.com\/inicio\/index.php\/2019\/09\/20\/impulsan-protocolo-actuacion-casos-violencia-genero\/#primaryimage"},"thumbnailUrl":"https:\/\/diariotextual.com\/inicio\/wp-content\/uploads\/2019\/09\/altolaguirreyrechimont.jpeg","datePublished":"2019-09-20T11:12:23+00:00","dateModified":"2019-09-20T13:43:37+00:00","breadcrumb":{"@id":"https:\/\/diariotextual.com\/inicio\/index.php\/2019\/09\/20\/impulsan-protocolo-actuacion-casos-violencia-genero\/#breadcrumb"},"inLanguage":"es","potentialAction":[{"@type":"ReadAction","target":["https:\/\/diariotextual.com\/inicio\/index.php\/2019\/09\/20\/impulsan-protocolo-actuacion-casos-violencia-genero\/"]}]},{"@type":"ImageObject","inLanguage":"es","@id":"https:\/\/diariotextual.com\/inicio\/index.php\/2019\/09\/20\/impulsan-protocolo-actuacion-casos-violencia-genero\/#primaryimage","url":"https:\/\/diariotextual.com\/inicio\/wp-content\/uploads\/2019\/09\/altolaguirreyrechimont.jpeg","contentUrl":"https:\/\/diariotextual.com\/inicio\/wp-content\/uploads\/2019\/09\/altolaguirreyrechimont.jpeg","width":1050,"height":750},{"@type":"BreadcrumbList","@id":"https:\/\/diariotextual.com\/inicio\/index.php\/2019\/09\/20\/impulsan-protocolo-actuacion-casos-violencia-genero\/#breadcrumb","itemListElement":[{"@type":"ListItem","position":1,"name":"Portada","item":"https:\/\/diariotextual.com\/inicio\/"},{"@type":"ListItem","position":2,"name":"Impulsan protocolo de actuaci\u00f3n para casos de violencia de g\u00e9nero"}]},{"@type":"WebSite","@id":"https:\/\/diariotextual.com\/inicio\/#website","url":"https:\/\/diariotextual.com\/inicio\/","name":"Diario Textual","description":"","publisher":{"@id":"https:\/\/diariotextual.com\/inicio\/#organization"},"potentialAction":[{"@type":"SearchAction","target":{"@type":"EntryPoint","urlTemplate":"https:\/\/diariotextual.com\/inicio\/?s={search_term_string}"},"query-input":{"@type":"PropertyValueSpecification","valueRequired":true,"valueName":"search_term_string"}}],"inLanguage":"es"},{"@type":"Organization","@id":"https:\/\/diariotextual.com\/inicio\/#organization","name":"Diario Textual","url":"https:\/\/diariotextual.com\/inicio\/","logo":{"@type":"ImageObject","inLanguage":"es","@id":"https:\/\/diariotextual.com\/inicio\/#\/schema\/logo\/image\/","url":"https:\/\/diariotextual.com\/inicio\/wp-content\/uploads\/2023\/05\/logotextual1.jpg","contentUrl":"https:\/\/diariotextual.com\/inicio\/wp-content\/uploads\/2023\/05\/logotextual1.jpg","width":516,"height":76,"caption":"Diario Textual"},"image":{"@id":"https:\/\/diariotextual.com\/inicio\/#\/schema\/logo\/image\/"},"sameAs":["https:\/\/www.facebook.com\/eltextual","https:\/\/x.com\/eltextual","http:\/\/www.instagram.com\/eltextual"]},{"@type":"Person","@id":"https:\/\/diariotextual.com\/inicio\/#\/schema\/person\/c7834961ad8b29b1d9cdbf4571299067","name":"diario5","image":{"@type":"ImageObject","inLanguage":"es","@id":"https:\/\/secure.gravatar.com\/avatar\/948c893b847ca6df68216ead81b63f363408ec9b0f600fefc0641ce78613b111?s=96&d=mm&r=g","url":"https:\/\/secure.gravatar.com\/avatar\/948c893b847ca6df68216ead81b63f363408ec9b0f600fefc0641ce78613b111?s=96&d=mm&r=g","contentUrl":"https:\/\/secure.gravatar.com\/avatar\/948c893b847ca6df68216ead81b63f363408ec9b0f600fefc0641ce78613b111?s=96&d=mm&r=g","caption":"diario5"},"url":"https:\/\/diariotextual.com\/inicio\/index.php\/author\/diario5\/"}]}},"_links":{"self":[{"href":"https:\/\/diariotextual.com\/inicio\/index.php\/wp-json\/wp\/v2\/posts\/63211","targetHints":{"allow":["GET"]}}],"collection":[{"href":"https:\/\/diariotextual.com\/inicio\/index.php\/wp-json\/wp\/v2\/posts"}],"about":[{"href":"https:\/\/diariotextual.com\/inicio\/index.php\/wp-json\/wp\/v2\/types\/post"}],"author":[{"embeddable":true,"href":"https:\/\/diariotextual.com\/inicio\/index.php\/wp-json\/wp\/v2\/users\/7"}],"replies":[{"embeddable":true,"href":"https:\/\/diariotextual.com\/inicio\/index.php\/wp-json\/wp\/v2\/comments?post=63211"}],"version-history":[{"count":1,"href":"https:\/\/diariotextual.com\/inicio\/index.php\/wp-json\/wp\/v2\/posts\/63211\/revisions"}],"predecessor-version":[{"id":63214,"href":"https:\/\/diariotextual.com\/inicio\/index.php\/wp-json\/wp\/v2\/posts\/63211\/revisions\/63214"}],"wp:featuredmedia":[{"embeddable":true,"href":"https:\/\/diariotextual.com\/inicio\/index.php\/wp-json\/wp\/v2\/media\/63213"}],"wp:attachment":[{"href":"https:\/\/diariotextual.com\/inicio\/index.php\/wp-json\/wp\/v2\/media?parent=63211"}],"wp:term":[{"taxonomy":"category","embeddable":true,"href":"https:\/\/diariotextual.com\/inicio\/index.php\/wp-json\/wp\/v2\/categories?post=63211"},{"taxonomy":"post_tag","embeddable":true,"href":"https:\/\/diariotextual.com\/inicio\/index.php\/wp-json\/wp\/v2\/tags?post=63211"}],"curies":[{"name":"wp","href":"https:\/\/api.w.org\/{rel}","templated":true}]}}