{"id":63217,"date":"2019-09-20T08:44:45","date_gmt":"2019-09-20T11:44:45","guid":{"rendered":"http:\/\/diariotextual.com\/inicio\/?p=63217"},"modified":"2019-09-20T21:44:36","modified_gmt":"2019-09-21T00:44:36","slug":"violencia-genero-santa-rosa-se-suma-al-panuelazo-federal","status":"publish","type":"post","link":"https:\/\/diariotextual.com\/inicio\/index.php\/2019\/09\/20\/violencia-genero-santa-rosa-se-suma-al-panuelazo-federal\/","title":{"rendered":"Violencia de g\u00e9nero: Santa Rosa se suma al \u201cpa\u00f1uelazo federal\u201d"},"content":{"rendered":"<p>Este s\u00e1bado a las 17.30 en la plaza San Mart\u00edn, de Santa Rosa, y en simult\u00e1neo con el resto del pa\u00eds se llevar\u00e1 a cabo un \u201cpa\u00f1uelazo\u201d para exigir la emergencia nacional y provincial por violencia de g\u00e9nero.<\/p>\n<blockquote class=\"wp-embedded-content\" data-secret=\"9we5DQRPQv\"><p><a href=\"http:\/\/diariotextual.com\/inicio\/index.php\/2019\/09\/19\/violencia-genero-durango-insistio-se-declare-la-emergencia\/\">Violencia de G\u00e9nero: Durango insisti\u00f3 en que se declare la emergencia<\/a><\/p><\/blockquote>\n<p><iframe class=\"wp-embedded-content\" sandbox=\"allow-scripts\" security=\"restricted\" style=\"position: absolute; clip: rect(1px, 1px, 1px, 1px);\" src=\"http:\/\/diariotextual.com\/inicio\/index.php\/2019\/09\/19\/violencia-genero-durango-insistio-se-declare-la-emergencia\/embed\/#?secret=9we5DQRPQv\" data-secret=\"9we5DQRPQv\" width=\"600\" height=\"338\" title=\"&#171;Violencia de G\u00e9nero: Durango insisti\u00f3 en que se declare la emergencia&#187; &#8212; Diario Textual\" frameborder=\"0\" marginwidth=\"0\" marginheight=\"0\" scrolling=\"no\"><\/iframe><\/p>\n<p>Uno de los sectores convocantes es la Corriente Clasista y Combativa. \u201cEste s\u00e1bado 21 de septiembre llenamos las plazas de todo el pa\u00eds, las pintamos de rosa y lanzamos una primavera rosa, junto a un feriazo rosa por nuestros derechos! Ganaremos la declaraci\u00f3n de la emergencia en las calles\u201d, dijo la CCC en un comunicado de prensa.<\/p>\n<p>La organizaci\u00f3n social cuestion\u00f3 que el Gobierno Nacional no genera pol\u00edticas p\u00fablicas para prevenir y erradicar la violencia y \u201csolo destina menos que el precio de un alfajor\u201d a pol\u00edticas para asistir a\u00a0 las mujeres.<\/p>\n<p>La CCC record\u00f3 que se present\u00f3 un proyecto nacional por la declaraci\u00f3n de la emergencia nacional\u00a0 y ahora se necesita que sea tratado y aprobado porque las mujeres no pueden ni quieren esperar m\u00e1s.<\/p>\n<p>\u201cLos cuatro femicidios dados a conocer el fin de semana conmueven a la Argentina. Navila Garay, Vanesa Caro, Cecilia Burgadt y Cielo L\u00f3pez son solo 4 de los 235 femicidios relevados en lo que va del a\u00f1o por el Observatorio de las Violencias de G\u00e9nero Ahora Que S\u00ed Nos Ven, a partir del an\u00e1lisis de medios gr\u00e1ficos y digitales de todo el pa\u00eds\u201d, advirti\u00f3 la CCC.<\/p>\n<blockquote class=\"wp-embedded-content\" data-secret=\"99JTANIduI\"><p><a href=\"http:\/\/diariotextual.com\/inicio\/index.php\/2019\/09\/20\/impulsan-protocolo-actuacion-casos-violencia-genero\/\">Impulsan protocolo de actuaci\u00f3n para casos de violencia de g\u00e9nero<\/a><\/p><\/blockquote>\n<p><iframe class=\"wp-embedded-content\" sandbox=\"allow-scripts\" security=\"restricted\" style=\"position: absolute; clip: rect(1px, 1px, 1px, 1px);\" src=\"http:\/\/diariotextual.com\/inicio\/index.php\/2019\/09\/20\/impulsan-protocolo-actuacion-casos-violencia-genero\/embed\/#?secret=99JTANIduI\" data-secret=\"99JTANIduI\" width=\"600\" height=\"338\" title=\"&#171;Impulsan protocolo de actuaci\u00f3n para casos de violencia de g\u00e9nero&#187; &#8212; Diario Textual\" frameborder=\"0\" marginwidth=\"0\" marginheight=\"0\" scrolling=\"no\"><\/iframe><\/p>\n","protected":false},"excerpt":{"rendered":"<p>Este s\u00e1bado a las 17.30 en la plaza San Mart\u00edn, de Santa Rosa, y en simult\u00e1neo con el resto del pa\u00eds se llevar\u00e1 a cabo un \u201cpa\u00f1uelazo\u201d para exigir la&hellip;<\/p>\n","protected":false},"author":7,"featured_media":63218,"comment_status":"closed","ping_status":"open","sticky":false,"template":"","format":"standard","meta":{"_acf_changed":false,"footnotes":""},"categories":[319,12],"tags":[],"class_list":["post-63217","post","type-post","status-publish","format-standard","has-post-thumbnail","hentry","category-a-temporales","category-sociedad"],"acf":[],"yoast_head":"<!-- This site is optimized with the Yoast SEO plugin v27.5 - https:\/\/yoast.com\/product\/yoast-seo-wordpress\/ -->\n<title>Violencia de g\u00e9nero: Santa Rosa se suma al \u201cpa\u00f1uelazo federal\u201d - Diario Textual<\/title>\n<meta name=\"robots\" content=\"index, follow, max-snippet:-1, max-image-preview:large, max-video-preview:-1\" \/>\n<link rel=\"canonical\" href=\"https:\/\/diariotextual.com\/inicio\/index.php\/2019\/09\/20\/violencia-genero-santa-rosa-se-suma-al-panuelazo-federal\/\" \/>\n<meta property=\"og:locale\" content=\"es_ES\" \/>\n<meta property=\"og:type\" content=\"article\" \/>\n<meta property=\"og:title\" content=\"Violencia de g\u00e9nero: Santa Rosa se suma al \u201cpa\u00f1uelazo federal\u201d - Diario Textual\" \/>\n<meta property=\"og:description\" content=\"Este s\u00e1bado a las 17.30 en la plaza San Mart\u00edn, de Santa Rosa, y en simult\u00e1neo con el resto del pa\u00eds se llevar\u00e1 a cabo un \u201cpa\u00f1uelazo\u201d para exigir la&hellip;\" \/>\n<meta property=\"og:url\" content=\"https:\/\/diariotextual.com\/inicio\/index.php\/2019\/09\/20\/violencia-genero-santa-rosa-se-suma-al-panuelazo-federal\/\" \/>\n<meta property=\"og:site_name\" content=\"Diario Textual\" \/>\n<meta property=\"article:publisher\" content=\"https:\/\/www.facebook.com\/eltextual\" \/>\n<meta property=\"article:published_time\" content=\"2019-09-20T11:44:45+00:00\" \/>\n<meta property=\"article:modified_time\" content=\"2019-09-21T00:44:36+00:00\" \/>\n<meta property=\"og:image\" content=\"https:\/\/diariotextual.com\/inicio\/wp-content\/uploads\/2019\/09\/pa\u00f1uelazorosa.jpeg\" \/>\n\t<meta property=\"og:image:width\" content=\"1080\" \/>\n\t<meta property=\"og:image:height\" content=\"1080\" \/>\n\t<meta property=\"og:image:type\" content=\"image\/jpeg\" \/>\n<meta name=\"author\" content=\"diario5\" \/>\n<meta name=\"twitter:card\" content=\"summary_large_image\" \/>\n<meta name=\"twitter:creator\" content=\"@eltextual\" \/>\n<meta name=\"twitter:site\" content=\"@eltextual\" \/>\n<meta name=\"twitter:label1\" content=\"Escrito por\" \/>\n\t<meta name=\"twitter:data1\" content=\"diario5\" \/>\n\t<meta name=\"twitter:label2\" content=\"Tiempo de lectura\" \/>\n\t<meta name=\"twitter:data2\" content=\"1 minuto\" \/>\n<script type=\"application\/ld+json\" class=\"yoast-schema-graph\">{\"@context\":\"https:\\\/\\\/schema.org\",\"@graph\":[{\"@type\":\"Article\",\"@id\":\"https:\\\/\\\/diariotextual.com\\\/inicio\\\/index.php\\\/2019\\\/09\\\/20\\\/violencia-genero-santa-rosa-se-suma-al-panuelazo-federal\\\/#article\",\"isPartOf\":{\"@id\":\"https:\\\/\\\/diariotextual.com\\\/inicio\\\/index.php\\\/2019\\\/09\\\/20\\\/violencia-genero-santa-rosa-se-suma-al-panuelazo-federal\\\/\"},\"author\":{\"name\":\"diario5\",\"@id\":\"https:\\\/\\\/diariotextual.com\\\/inicio\\\/#\\\/schema\\\/person\\\/c7834961ad8b29b1d9cdbf4571299067\"},\"headline\":\"Violencia de g\u00e9nero: Santa Rosa se suma al \u201cpa\u00f1uelazo federal\u201d\",\"datePublished\":\"2019-09-20T11:44:45+00:00\",\"dateModified\":\"2019-09-21T00:44:36+00:00\",\"mainEntityOfPage\":{\"@id\":\"https:\\\/\\\/diariotextual.com\\\/inicio\\\/index.php\\\/2019\\\/09\\\/20\\\/violencia-genero-santa-rosa-se-suma-al-panuelazo-federal\\\/\"},\"wordCount\":273,\"publisher\":{\"@id\":\"https:\\\/\\\/diariotextual.com\\\/inicio\\\/#organization\"},\"image\":{\"@id\":\"https:\\\/\\\/diariotextual.com\\\/inicio\\\/index.php\\\/2019\\\/09\\\/20\\\/violencia-genero-santa-rosa-se-suma-al-panuelazo-federal\\\/#primaryimage\"},\"thumbnailUrl\":\"https:\\\/\\\/diariotextual.com\\\/inicio\\\/wp-content\\\/uploads\\\/2019\\\/09\\\/pa\u00f1uelazorosa.jpeg\",\"articleSection\":[\"A - TEMPORALES\",\"SOCIEDAD\"],\"inLanguage\":\"es\"},{\"@type\":\"WebPage\",\"@id\":\"https:\\\/\\\/diariotextual.com\\\/inicio\\\/index.php\\\/2019\\\/09\\\/20\\\/violencia-genero-santa-rosa-se-suma-al-panuelazo-federal\\\/\",\"url\":\"https:\\\/\\\/diariotextual.com\\\/inicio\\\/index.php\\\/2019\\\/09\\\/20\\\/violencia-genero-santa-rosa-se-suma-al-panuelazo-federal\\\/\",\"name\":\"Violencia de g\u00e9nero: Santa Rosa se suma al \u201cpa\u00f1uelazo federal\u201d - Diario Textual\",\"isPartOf\":{\"@id\":\"https:\\\/\\\/diariotextual.com\\\/inicio\\\/#website\"},\"primaryImageOfPage\":{\"@id\":\"https:\\\/\\\/diariotextual.com\\\/inicio\\\/index.php\\\/2019\\\/09\\\/20\\\/violencia-genero-santa-rosa-se-suma-al-panuelazo-federal\\\/#primaryimage\"},\"image\":{\"@id\":\"https:\\\/\\\/diariotextual.com\\\/inicio\\\/index.php\\\/2019\\\/09\\\/20\\\/violencia-genero-santa-rosa-se-suma-al-panuelazo-federal\\\/#primaryimage\"},\"thumbnailUrl\":\"https:\\\/\\\/diariotextual.com\\\/inicio\\\/wp-content\\\/uploads\\\/2019\\\/09\\\/pa\u00f1uelazorosa.jpeg\",\"datePublished\":\"2019-09-20T11:44:45+00:00\",\"dateModified\":\"2019-09-21T00:44:36+00:00\",\"breadcrumb\":{\"@id\":\"https:\\\/\\\/diariotextual.com\\\/inicio\\\/index.php\\\/2019\\\/09\\\/20\\\/violencia-genero-santa-rosa-se-suma-al-panuelazo-federal\\\/#breadcrumb\"},\"inLanguage\":\"es\",\"potentialAction\":[{\"@type\":\"ReadAction\",\"target\":[\"https:\\\/\\\/diariotextual.com\\\/inicio\\\/index.php\\\/2019\\\/09\\\/20\\\/violencia-genero-santa-rosa-se-suma-al-panuelazo-federal\\\/\"]}]},{\"@type\":\"ImageObject\",\"inLanguage\":\"es\",\"@id\":\"https:\\\/\\\/diariotextual.com\\\/inicio\\\/index.php\\\/2019\\\/09\\\/20\\\/violencia-genero-santa-rosa-se-suma-al-panuelazo-federal\\\/#primaryimage\",\"url\":\"https:\\\/\\\/diariotextual.com\\\/inicio\\\/wp-content\\\/uploads\\\/2019\\\/09\\\/pa\u00f1uelazorosa.jpeg\",\"contentUrl\":\"https:\\\/\\\/diariotextual.com\\\/inicio\\\/wp-content\\\/uploads\\\/2019\\\/09\\\/pa\u00f1uelazorosa.jpeg\",\"width\":1080,\"height\":1080},{\"@type\":\"BreadcrumbList\",\"@id\":\"https:\\\/\\\/diariotextual.com\\\/inicio\\\/index.php\\\/2019\\\/09\\\/20\\\/violencia-genero-santa-rosa-se-suma-al-panuelazo-federal\\\/#breadcrumb\",\"itemListElement\":[{\"@type\":\"ListItem\",\"position\":1,\"name\":\"Portada\",\"item\":\"https:\\\/\\\/diariotextual.com\\\/inicio\\\/\"},{\"@type\":\"ListItem\",\"position\":2,\"name\":\"Violencia de g\u00e9nero: Santa Rosa se suma al \u201cpa\u00f1uelazo federal\u201d\"}]},{\"@type\":\"WebSite\",\"@id\":\"https:\\\/\\\/diariotextual.com\\\/inicio\\\/#website\",\"url\":\"https:\\\/\\\/diariotextual.com\\\/inicio\\\/\",\"name\":\"Diario Textual\",\"description\":\"\",\"publisher\":{\"@id\":\"https:\\\/\\\/diariotextual.com\\\/inicio\\\/#organization\"},\"potentialAction\":[{\"@type\":\"SearchAction\",\"target\":{\"@type\":\"EntryPoint\",\"urlTemplate\":\"https:\\\/\\\/diariotextual.com\\\/inicio\\\/?s={search_term_string}\"},\"query-input\":{\"@type\":\"PropertyValueSpecification\",\"valueRequired\":true,\"valueName\":\"search_term_string\"}}],\"inLanguage\":\"es\"},{\"@type\":\"Organization\",\"@id\":\"https:\\\/\\\/diariotextual.com\\\/inicio\\\/#organization\",\"name\":\"Diario Textual\",\"url\":\"https:\\\/\\\/diariotextual.com\\\/inicio\\\/\",\"logo\":{\"@type\":\"ImageObject\",\"inLanguage\":\"es\",\"@id\":\"https:\\\/\\\/diariotextual.com\\\/inicio\\\/#\\\/schema\\\/logo\\\/image\\\/\",\"url\":\"https:\\\/\\\/diariotextual.com\\\/inicio\\\/wp-content\\\/uploads\\\/2023\\\/05\\\/logotextual1.jpg\",\"contentUrl\":\"https:\\\/\\\/diariotextual.com\\\/inicio\\\/wp-content\\\/uploads\\\/2023\\\/05\\\/logotextual1.jpg\",\"width\":516,\"height\":76,\"caption\":\"Diario Textual\"},\"image\":{\"@id\":\"https:\\\/\\\/diariotextual.com\\\/inicio\\\/#\\\/schema\\\/logo\\\/image\\\/\"},\"sameAs\":[\"https:\\\/\\\/www.facebook.com\\\/eltextual\",\"https:\\\/\\\/x.com\\\/eltextual\",\"http:\\\/\\\/www.instagram.com\\\/eltextual\"]},{\"@type\":\"Person\",\"@id\":\"https:\\\/\\\/diariotextual.com\\\/inicio\\\/#\\\/schema\\\/person\\\/c7834961ad8b29b1d9cdbf4571299067\",\"name\":\"diario5\",\"image\":{\"@type\":\"ImageObject\",\"inLanguage\":\"es\",\"@id\":\"https:\\\/\\\/secure.gravatar.com\\\/avatar\\\/948c893b847ca6df68216ead81b63f363408ec9b0f600fefc0641ce78613b111?s=96&d=mm&r=g\",\"url\":\"https:\\\/\\\/secure.gravatar.com\\\/avatar\\\/948c893b847ca6df68216ead81b63f363408ec9b0f600fefc0641ce78613b111?s=96&d=mm&r=g\",\"contentUrl\":\"https:\\\/\\\/secure.gravatar.com\\\/avatar\\\/948c893b847ca6df68216ead81b63f363408ec9b0f600fefc0641ce78613b111?s=96&d=mm&r=g\",\"caption\":\"diario5\"},\"url\":\"https:\\\/\\\/diariotextual.com\\\/inicio\\\/index.php\\\/author\\\/diario5\\\/\"}]}<\/script>\n<!-- \/ Yoast SEO plugin. -->","yoast_head_json":{"title":"Violencia de g\u00e9nero: Santa Rosa se suma al \u201cpa\u00f1uelazo federal\u201d - Diario Textual","robots":{"index":"index","follow":"follow","max-snippet":"max-snippet:-1","max-image-preview":"max-image-preview:large","max-video-preview":"max-video-preview:-1"},"canonical":"https:\/\/diariotextual.com\/inicio\/index.php\/2019\/09\/20\/violencia-genero-santa-rosa-se-suma-al-panuelazo-federal\/","og_locale":"es_ES","og_type":"article","og_title":"Violencia de g\u00e9nero: Santa Rosa se suma al \u201cpa\u00f1uelazo federal\u201d - Diario Textual","og_description":"Este s\u00e1bado a las 17.30 en la plaza San Mart\u00edn, de Santa Rosa, y en simult\u00e1neo con el resto del pa\u00eds se llevar\u00e1 a cabo un \u201cpa\u00f1uelazo\u201d para exigir la&hellip;","og_url":"https:\/\/diariotextual.com\/inicio\/index.php\/2019\/09\/20\/violencia-genero-santa-rosa-se-suma-al-panuelazo-federal\/","og_site_name":"Diario Textual","article_publisher":"https:\/\/www.facebook.com\/eltextual","article_published_time":"2019-09-20T11:44:45+00:00","article_modified_time":"2019-09-21T00:44:36+00:00","og_image":[{"width":1080,"height":1080,"url":"https:\/\/diariotextual.com\/inicio\/wp-content\/uploads\/2019\/09\/pa\u00f1uelazorosa.jpeg","type":"image\/jpeg"}],"author":"diario5","twitter_card":"summary_large_image","twitter_creator":"@eltextual","twitter_site":"@eltextual","twitter_misc":{"Escrito por":"diario5","Tiempo de lectura":"1 minuto"},"schema":{"@context":"https:\/\/schema.org","@graph":[{"@type":"Article","@id":"https:\/\/diariotextual.com\/inicio\/index.php\/2019\/09\/20\/violencia-genero-santa-rosa-se-suma-al-panuelazo-federal\/#article","isPartOf":{"@id":"https:\/\/diariotextual.com\/inicio\/index.php\/2019\/09\/20\/violencia-genero-santa-rosa-se-suma-al-panuelazo-federal\/"},"author":{"name":"diario5","@id":"https:\/\/diariotextual.com\/inicio\/#\/schema\/person\/c7834961ad8b29b1d9cdbf4571299067"},"headline":"Violencia de g\u00e9nero: Santa Rosa se suma al \u201cpa\u00f1uelazo federal\u201d","datePublished":"2019-09-20T11:44:45+00:00","dateModified":"2019-09-21T00:44:36+00:00","mainEntityOfPage":{"@id":"https:\/\/diariotextual.com\/inicio\/index.php\/2019\/09\/20\/violencia-genero-santa-rosa-se-suma-al-panuelazo-federal\/"},"wordCount":273,"publisher":{"@id":"https:\/\/diariotextual.com\/inicio\/#organization"},"image":{"@id":"https:\/\/diariotextual.com\/inicio\/index.php\/2019\/09\/20\/violencia-genero-santa-rosa-se-suma-al-panuelazo-federal\/#primaryimage"},"thumbnailUrl":"https:\/\/diariotextual.com\/inicio\/wp-content\/uploads\/2019\/09\/pa\u00f1uelazorosa.jpeg","articleSection":["A - TEMPORALES","SOCIEDAD"],"inLanguage":"es"},{"@type":"WebPage","@id":"https:\/\/diariotextual.com\/inicio\/index.php\/2019\/09\/20\/violencia-genero-santa-rosa-se-suma-al-panuelazo-federal\/","url":"https:\/\/diariotextual.com\/inicio\/index.php\/2019\/09\/20\/violencia-genero-santa-rosa-se-suma-al-panuelazo-federal\/","name":"Violencia de g\u00e9nero: Santa Rosa se suma al \u201cpa\u00f1uelazo federal\u201d - Diario Textual","isPartOf":{"@id":"https:\/\/diariotextual.com\/inicio\/#website"},"primaryImageOfPage":{"@id":"https:\/\/diariotextual.com\/inicio\/index.php\/2019\/09\/20\/violencia-genero-santa-rosa-se-suma-al-panuelazo-federal\/#primaryimage"},"image":{"@id":"https:\/\/diariotextual.com\/inicio\/index.php\/2019\/09\/20\/violencia-genero-santa-rosa-se-suma-al-panuelazo-federal\/#primaryimage"},"thumbnailUrl":"https:\/\/diariotextual.com\/inicio\/wp-content\/uploads\/2019\/09\/pa\u00f1uelazorosa.jpeg","datePublished":"2019-09-20T11:44:45+00:00","dateModified":"2019-09-21T00:44:36+00:00","breadcrumb":{"@id":"https:\/\/diariotextual.com\/inicio\/index.php\/2019\/09\/20\/violencia-genero-santa-rosa-se-suma-al-panuelazo-federal\/#breadcrumb"},"inLanguage":"es","potentialAction":[{"@type":"ReadAction","target":["https:\/\/diariotextual.com\/inicio\/index.php\/2019\/09\/20\/violencia-genero-santa-rosa-se-suma-al-panuelazo-federal\/"]}]},{"@type":"ImageObject","inLanguage":"es","@id":"https:\/\/diariotextual.com\/inicio\/index.php\/2019\/09\/20\/violencia-genero-santa-rosa-se-suma-al-panuelazo-federal\/#primaryimage","url":"https:\/\/diariotextual.com\/inicio\/wp-content\/uploads\/2019\/09\/pa\u00f1uelazorosa.jpeg","contentUrl":"https:\/\/diariotextual.com\/inicio\/wp-content\/uploads\/2019\/09\/pa\u00f1uelazorosa.jpeg","width":1080,"height":1080},{"@type":"BreadcrumbList","@id":"https:\/\/diariotextual.com\/inicio\/index.php\/2019\/09\/20\/violencia-genero-santa-rosa-se-suma-al-panuelazo-federal\/#breadcrumb","itemListElement":[{"@type":"ListItem","position":1,"name":"Portada","item":"https:\/\/diariotextual.com\/inicio\/"},{"@type":"ListItem","position":2,"name":"Violencia de g\u00e9nero: Santa Rosa se suma al \u201cpa\u00f1uelazo federal\u201d"}]},{"@type":"WebSite","@id":"https:\/\/diariotextual.com\/inicio\/#website","url":"https:\/\/diariotextual.com\/inicio\/","name":"Diario Textual","description":"","publisher":{"@id":"https:\/\/diariotextual.com\/inicio\/#organization"},"potentialAction":[{"@type":"SearchAction","target":{"@type":"EntryPoint","urlTemplate":"https:\/\/diariotextual.com\/inicio\/?s={search_term_string}"},"query-input":{"@type":"PropertyValueSpecification","valueRequired":true,"valueName":"search_term_string"}}],"inLanguage":"es"},{"@type":"Organization","@id":"https:\/\/diariotextual.com\/inicio\/#organization","name":"Diario Textual","url":"https:\/\/diariotextual.com\/inicio\/","logo":{"@type":"ImageObject","inLanguage":"es","@id":"https:\/\/diariotextual.com\/inicio\/#\/schema\/logo\/image\/","url":"https:\/\/diariotextual.com\/inicio\/wp-content\/uploads\/2023\/05\/logotextual1.jpg","contentUrl":"https:\/\/diariotextual.com\/inicio\/wp-content\/uploads\/2023\/05\/logotextual1.jpg","width":516,"height":76,"caption":"Diario Textual"},"image":{"@id":"https:\/\/diariotextual.com\/inicio\/#\/schema\/logo\/image\/"},"sameAs":["https:\/\/www.facebook.com\/eltextual","https:\/\/x.com\/eltextual","http:\/\/www.instagram.com\/eltextual"]},{"@type":"Person","@id":"https:\/\/diariotextual.com\/inicio\/#\/schema\/person\/c7834961ad8b29b1d9cdbf4571299067","name":"diario5","image":{"@type":"ImageObject","inLanguage":"es","@id":"https:\/\/secure.gravatar.com\/avatar\/948c893b847ca6df68216ead81b63f363408ec9b0f600fefc0641ce78613b111?s=96&d=mm&r=g","url":"https:\/\/secure.gravatar.com\/avatar\/948c893b847ca6df68216ead81b63f363408ec9b0f600fefc0641ce78613b111?s=96&d=mm&r=g","contentUrl":"https:\/\/secure.gravatar.com\/avatar\/948c893b847ca6df68216ead81b63f363408ec9b0f600fefc0641ce78613b111?s=96&d=mm&r=g","caption":"diario5"},"url":"https:\/\/diariotextual.com\/inicio\/index.php\/author\/diario5\/"}]}},"_links":{"self":[{"href":"https:\/\/diariotextual.com\/inicio\/index.php\/wp-json\/wp\/v2\/posts\/63217","targetHints":{"allow":["GET"]}}],"collection":[{"href":"https:\/\/diariotextual.com\/inicio\/index.php\/wp-json\/wp\/v2\/posts"}],"about":[{"href":"https:\/\/diariotextual.com\/inicio\/index.php\/wp-json\/wp\/v2\/types\/post"}],"author":[{"embeddable":true,"href":"https:\/\/diariotextual.com\/inicio\/index.php\/wp-json\/wp\/v2\/users\/7"}],"replies":[{"embeddable":true,"href":"https:\/\/diariotextual.com\/inicio\/index.php\/wp-json\/wp\/v2\/comments?post=63217"}],"version-history":[{"count":1,"href":"https:\/\/diariotextual.com\/inicio\/index.php\/wp-json\/wp\/v2\/posts\/63217\/revisions"}],"predecessor-version":[{"id":63219,"href":"https:\/\/diariotextual.com\/inicio\/index.php\/wp-json\/wp\/v2\/posts\/63217\/revisions\/63219"}],"wp:featuredmedia":[{"embeddable":true,"href":"https:\/\/diariotextual.com\/inicio\/index.php\/wp-json\/wp\/v2\/media\/63218"}],"wp:attachment":[{"href":"https:\/\/diariotextual.com\/inicio\/index.php\/wp-json\/wp\/v2\/media?parent=63217"}],"wp:term":[{"taxonomy":"category","embeddable":true,"href":"https:\/\/diariotextual.com\/inicio\/index.php\/wp-json\/wp\/v2\/categories?post=63217"},{"taxonomy":"post_tag","embeddable":true,"href":"https:\/\/diariotextual.com\/inicio\/index.php\/wp-json\/wp\/v2\/tags?post=63217"}],"curies":[{"name":"wp","href":"https:\/\/api.w.org\/{rel}","templated":true}]}}