{"id":63225,"date":"2019-09-20T09:04:01","date_gmt":"2019-09-20T12:04:01","guid":{"rendered":"http:\/\/diariotextual.com\/inicio\/?p=63225"},"modified":"2019-09-20T21:44:28","modified_gmt":"2019-09-21T00:44:28","slug":"bensusan-las-asociaciones-civiles-cumplen-rol-fundamental-salir-la-crisis","status":"publish","type":"post","link":"https:\/\/diariotextual.com\/inicio\/index.php\/2019\/09\/20\/bensusan-las-asociaciones-civiles-cumplen-rol-fundamental-salir-la-crisis\/","title":{"rendered":"Bensus\u00e1n: \u00abLas asociaciones civiles cumplen un rol fundamental para salir de la crisis\u00bb"},"content":{"rendered":"<p>El ministro de Gobierno y Justicia, Daniel Pablo Bensus\u00e1n, destac\u00f3 el trabajo del Gobierno Provincial con las entidades intermedias de la provincia, y el aporte para el sostenimiento del sector, frente a los ataques y postergaci\u00f3n que sufrieran de parte del Gobierno nacional.<\/p>\n<p>\u201cEn La Pampa hay un sector importante y tradicional en los distintos tipos de asociaciones civiles. Las cooperativas, los centros de jubilados, clubes o bibliotecas populares, son ejemplo de este compromiso. Lamentablemente han sufrido distintos tipos de desplantes en estos casi cuatro a\u00f1os, por parte del Gobierno Nacional\u201d, dijo el ministro. \u00abLas postergaciones que sufrieron las cooperativas, o las bibliotecas populares. Las asociaciones civiles cumplen un rol fundamental para salir de la crisis social en la que nos sumergieron\u201d.<\/p>\n<p>Bensus\u00e1n se dirigi\u00f3 a un grupo de entidades del sur provincial, en el marco de una nueva jornada \u201cM\u00e1s Cerca\u201d en Jacinto Arauz, donde resalt\u00f3 el protagonismo de las cooperativas en la vida institucional pampeana.<\/p>\n<p>Tambi\u00e9n record\u00f3 que La Pampa es una de las tres provincias que garantizan fondos para el funcionamiento de bibliotecas populares. \u201cY a partir del incremento en el subsidio para las bibliotecas, dispuesto por el gobernador Carlos Verna, es la que m\u00e1s aporta en toda la Argentina. Alrededor de 20 millones de pesos adicionales ser\u00e1n destinados para acompa\u00f1ar esta noble tarea\u201d, dijo.<\/p>\n<p>Jacinto Arauz es una localidad ubicada al sur de la provincia de La Pampa y cuenta actualmente con alrededor de 3.000 habitantes.<\/p>\n<p>\u201cSomos una localidad lim\u00edtrofe, en contacto con localidades de la provincia de buenos Aires. Tenemos una relaci\u00f3n comercial importante con todas las localidades de la zona\u201d, describi\u00f3 el intendente Oscar Beilman.<\/p>\n<p>El jefe comunal tambi\u00e9n se refiri\u00f3 a la relaci\u00f3n del municipio con las entidades intermedias. \u00abDesde el principio de la gesti\u00f3n hemos tratado de apoyar en un todo a las instituciones de Jacinto Arauz. Son muy importantes en los pueblos, en nuestro caso tenemos varias. Intentamos estar siempre cerca. Podemos destacar algunas como las cooperadoras del hospital y de las escuelas. Est\u00e1n integradas por gente que trabaja desde hace muchos a\u00f1os, por mejorar la vida de nuestros vecinos\u201d.<\/p>\n<p>&nbsp;<\/p>\n<p>&nbsp;<\/p>\n","protected":false},"excerpt":{"rendered":"<p>El ministro de Gobierno y Justicia, Daniel Pablo Bensus\u00e1n, destac\u00f3 el trabajo del Gobierno Provincial con las entidades intermedias de la provincia, y el aporte para el sostenimiento del sector,&hellip;<\/p>\n","protected":false},"author":3,"featured_media":63227,"comment_status":"closed","ping_status":"open","sticky":false,"template":"","format":"standard","meta":{"_acf_changed":false,"footnotes":""},"categories":[319,12],"tags":[],"class_list":["post-63225","post","type-post","status-publish","format-standard","has-post-thumbnail","hentry","category-a-temporales","category-sociedad"],"acf":[],"yoast_head":"<!-- This site is optimized with the Yoast SEO plugin v27.5 - https:\/\/yoast.com\/product\/yoast-seo-wordpress\/ -->\n<title>Bensus\u00e1n: &quot;Las asociaciones civiles cumplen un rol fundamental para salir de la crisis&quot; - Diario Textual<\/title>\n<meta name=\"robots\" content=\"index, follow, max-snippet:-1, max-image-preview:large, max-video-preview:-1\" \/>\n<link rel=\"canonical\" href=\"https:\/\/diariotextual.com\/inicio\/index.php\/2019\/09\/20\/bensusan-las-asociaciones-civiles-cumplen-rol-fundamental-salir-la-crisis\/\" \/>\n<meta property=\"og:locale\" content=\"es_ES\" \/>\n<meta property=\"og:type\" content=\"article\" \/>\n<meta property=\"og:title\" content=\"Bensus\u00e1n: &quot;Las asociaciones civiles cumplen un rol fundamental para salir de la crisis&quot; - Diario Textual\" \/>\n<meta property=\"og:description\" content=\"El ministro de Gobierno y Justicia, Daniel Pablo Bensus\u00e1n, destac\u00f3 el trabajo del Gobierno Provincial con las entidades intermedias de la provincia, y el aporte para el sostenimiento del sector,&hellip;\" \/>\n<meta property=\"og:url\" content=\"https:\/\/diariotextual.com\/inicio\/index.php\/2019\/09\/20\/bensusan-las-asociaciones-civiles-cumplen-rol-fundamental-salir-la-crisis\/\" \/>\n<meta property=\"og:site_name\" content=\"Diario Textual\" \/>\n<meta property=\"article:publisher\" content=\"https:\/\/www.facebook.com\/eltextual\" \/>\n<meta property=\"article:published_time\" content=\"2019-09-20T12:04:01+00:00\" \/>\n<meta property=\"article:modified_time\" content=\"2019-09-21T00:44:28+00:00\" \/>\n<meta property=\"og:image\" content=\"https:\/\/diariotextual.com\/inicio\/wp-content\/uploads\/2019\/09\/bensusanenarauz2019-1.jpeg\" \/>\n\t<meta property=\"og:image:width\" content=\"1280\" \/>\n\t<meta property=\"og:image:height\" content=\"854\" \/>\n\t<meta property=\"og:image:type\" content=\"image\/jpeg\" \/>\n<meta name=\"author\" content=\"Diario1 Diario1\" \/>\n<meta name=\"twitter:card\" content=\"summary_large_image\" \/>\n<meta name=\"twitter:creator\" content=\"@eltextual\" \/>\n<meta name=\"twitter:site\" content=\"@eltextual\" \/>\n<meta name=\"twitter:label1\" content=\"Escrito por\" \/>\n\t<meta name=\"twitter:data1\" content=\"Diario1 Diario1\" \/>\n\t<meta name=\"twitter:label2\" content=\"Tiempo de lectura\" \/>\n\t<meta name=\"twitter:data2\" content=\"2 minutos\" \/>\n<script type=\"application\/ld+json\" class=\"yoast-schema-graph\">{\"@context\":\"https:\\\/\\\/schema.org\",\"@graph\":[{\"@type\":\"Article\",\"@id\":\"https:\\\/\\\/diariotextual.com\\\/inicio\\\/index.php\\\/2019\\\/09\\\/20\\\/bensusan-las-asociaciones-civiles-cumplen-rol-fundamental-salir-la-crisis\\\/#article\",\"isPartOf\":{\"@id\":\"https:\\\/\\\/diariotextual.com\\\/inicio\\\/index.php\\\/2019\\\/09\\\/20\\\/bensusan-las-asociaciones-civiles-cumplen-rol-fundamental-salir-la-crisis\\\/\"},\"author\":{\"name\":\"Diario1 Diario1\",\"@id\":\"https:\\\/\\\/diariotextual.com\\\/inicio\\\/#\\\/schema\\\/person\\\/418fc4093c33e86ed41562db3508f958\"},\"headline\":\"Bensus\u00e1n: \u00abLas asociaciones civiles cumplen un rol fundamental para salir de la crisis\u00bb\",\"datePublished\":\"2019-09-20T12:04:01+00:00\",\"dateModified\":\"2019-09-21T00:44:28+00:00\",\"mainEntityOfPage\":{\"@id\":\"https:\\\/\\\/diariotextual.com\\\/inicio\\\/index.php\\\/2019\\\/09\\\/20\\\/bensusan-las-asociaciones-civiles-cumplen-rol-fundamental-salir-la-crisis\\\/\"},\"wordCount\":379,\"publisher\":{\"@id\":\"https:\\\/\\\/diariotextual.com\\\/inicio\\\/#organization\"},\"image\":{\"@id\":\"https:\\\/\\\/diariotextual.com\\\/inicio\\\/index.php\\\/2019\\\/09\\\/20\\\/bensusan-las-asociaciones-civiles-cumplen-rol-fundamental-salir-la-crisis\\\/#primaryimage\"},\"thumbnailUrl\":\"https:\\\/\\\/diariotextual.com\\\/inicio\\\/wp-content\\\/uploads\\\/2019\\\/09\\\/bensusanenarauz2019-1.jpeg\",\"articleSection\":[\"A - TEMPORALES\",\"SOCIEDAD\"],\"inLanguage\":\"es\"},{\"@type\":\"WebPage\",\"@id\":\"https:\\\/\\\/diariotextual.com\\\/inicio\\\/index.php\\\/2019\\\/09\\\/20\\\/bensusan-las-asociaciones-civiles-cumplen-rol-fundamental-salir-la-crisis\\\/\",\"url\":\"https:\\\/\\\/diariotextual.com\\\/inicio\\\/index.php\\\/2019\\\/09\\\/20\\\/bensusan-las-asociaciones-civiles-cumplen-rol-fundamental-salir-la-crisis\\\/\",\"name\":\"Bensus\u00e1n: \\\"Las asociaciones civiles cumplen un rol fundamental para salir de la crisis\\\" - Diario Textual\",\"isPartOf\":{\"@id\":\"https:\\\/\\\/diariotextual.com\\\/inicio\\\/#website\"},\"primaryImageOfPage\":{\"@id\":\"https:\\\/\\\/diariotextual.com\\\/inicio\\\/index.php\\\/2019\\\/09\\\/20\\\/bensusan-las-asociaciones-civiles-cumplen-rol-fundamental-salir-la-crisis\\\/#primaryimage\"},\"image\":{\"@id\":\"https:\\\/\\\/diariotextual.com\\\/inicio\\\/index.php\\\/2019\\\/09\\\/20\\\/bensusan-las-asociaciones-civiles-cumplen-rol-fundamental-salir-la-crisis\\\/#primaryimage\"},\"thumbnailUrl\":\"https:\\\/\\\/diariotextual.com\\\/inicio\\\/wp-content\\\/uploads\\\/2019\\\/09\\\/bensusanenarauz2019-1.jpeg\",\"datePublished\":\"2019-09-20T12:04:01+00:00\",\"dateModified\":\"2019-09-21T00:44:28+00:00\",\"breadcrumb\":{\"@id\":\"https:\\\/\\\/diariotextual.com\\\/inicio\\\/index.php\\\/2019\\\/09\\\/20\\\/bensusan-las-asociaciones-civiles-cumplen-rol-fundamental-salir-la-crisis\\\/#breadcrumb\"},\"inLanguage\":\"es\",\"potentialAction\":[{\"@type\":\"ReadAction\",\"target\":[\"https:\\\/\\\/diariotextual.com\\\/inicio\\\/index.php\\\/2019\\\/09\\\/20\\\/bensusan-las-asociaciones-civiles-cumplen-rol-fundamental-salir-la-crisis\\\/\"]}]},{\"@type\":\"ImageObject\",\"inLanguage\":\"es\",\"@id\":\"https:\\\/\\\/diariotextual.com\\\/inicio\\\/index.php\\\/2019\\\/09\\\/20\\\/bensusan-las-asociaciones-civiles-cumplen-rol-fundamental-salir-la-crisis\\\/#primaryimage\",\"url\":\"https:\\\/\\\/diariotextual.com\\\/inicio\\\/wp-content\\\/uploads\\\/2019\\\/09\\\/bensusanenarauz2019-1.jpeg\",\"contentUrl\":\"https:\\\/\\\/diariotextual.com\\\/inicio\\\/wp-content\\\/uploads\\\/2019\\\/09\\\/bensusanenarauz2019-1.jpeg\",\"width\":1280,\"height\":854},{\"@type\":\"BreadcrumbList\",\"@id\":\"https:\\\/\\\/diariotextual.com\\\/inicio\\\/index.php\\\/2019\\\/09\\\/20\\\/bensusan-las-asociaciones-civiles-cumplen-rol-fundamental-salir-la-crisis\\\/#breadcrumb\",\"itemListElement\":[{\"@type\":\"ListItem\",\"position\":1,\"name\":\"Portada\",\"item\":\"https:\\\/\\\/diariotextual.com\\\/inicio\\\/\"},{\"@type\":\"ListItem\",\"position\":2,\"name\":\"Bensus\u00e1n: \u00abLas asociaciones civiles cumplen un rol fundamental para salir de la crisis\u00bb\"}]},{\"@type\":\"WebSite\",\"@id\":\"https:\\\/\\\/diariotextual.com\\\/inicio\\\/#website\",\"url\":\"https:\\\/\\\/diariotextual.com\\\/inicio\\\/\",\"name\":\"Diario Textual\",\"description\":\"\",\"publisher\":{\"@id\":\"https:\\\/\\\/diariotextual.com\\\/inicio\\\/#organization\"},\"potentialAction\":[{\"@type\":\"SearchAction\",\"target\":{\"@type\":\"EntryPoint\",\"urlTemplate\":\"https:\\\/\\\/diariotextual.com\\\/inicio\\\/?s={search_term_string}\"},\"query-input\":{\"@type\":\"PropertyValueSpecification\",\"valueRequired\":true,\"valueName\":\"search_term_string\"}}],\"inLanguage\":\"es\"},{\"@type\":\"Organization\",\"@id\":\"https:\\\/\\\/diariotextual.com\\\/inicio\\\/#organization\",\"name\":\"Diario Textual\",\"url\":\"https:\\\/\\\/diariotextual.com\\\/inicio\\\/\",\"logo\":{\"@type\":\"ImageObject\",\"inLanguage\":\"es\",\"@id\":\"https:\\\/\\\/diariotextual.com\\\/inicio\\\/#\\\/schema\\\/logo\\\/image\\\/\",\"url\":\"https:\\\/\\\/diariotextual.com\\\/inicio\\\/wp-content\\\/uploads\\\/2023\\\/05\\\/logotextual1.jpg\",\"contentUrl\":\"https:\\\/\\\/diariotextual.com\\\/inicio\\\/wp-content\\\/uploads\\\/2023\\\/05\\\/logotextual1.jpg\",\"width\":516,\"height\":76,\"caption\":\"Diario Textual\"},\"image\":{\"@id\":\"https:\\\/\\\/diariotextual.com\\\/inicio\\\/#\\\/schema\\\/logo\\\/image\\\/\"},\"sameAs\":[\"https:\\\/\\\/www.facebook.com\\\/eltextual\",\"https:\\\/\\\/x.com\\\/eltextual\",\"http:\\\/\\\/www.instagram.com\\\/eltextual\"]},{\"@type\":\"Person\",\"@id\":\"https:\\\/\\\/diariotextual.com\\\/inicio\\\/#\\\/schema\\\/person\\\/418fc4093c33e86ed41562db3508f958\",\"name\":\"Diario1 Diario1\",\"image\":{\"@type\":\"ImageObject\",\"inLanguage\":\"es\",\"@id\":\"https:\\\/\\\/secure.gravatar.com\\\/avatar\\\/9167d280179c85bc18be67aa7eda765854300033af4896dd779b608640f2ef7a?s=96&d=mm&r=g\",\"url\":\"https:\\\/\\\/secure.gravatar.com\\\/avatar\\\/9167d280179c85bc18be67aa7eda765854300033af4896dd779b608640f2ef7a?s=96&d=mm&r=g\",\"contentUrl\":\"https:\\\/\\\/secure.gravatar.com\\\/avatar\\\/9167d280179c85bc18be67aa7eda765854300033af4896dd779b608640f2ef7a?s=96&d=mm&r=g\",\"caption\":\"Diario1 Diario1\"},\"url\":\"https:\\\/\\\/diariotextual.com\\\/inicio\\\/index.php\\\/author\\\/diario1\\\/\"}]}<\/script>\n<!-- \/ Yoast SEO plugin. -->","yoast_head_json":{"title":"Bensus\u00e1n: \"Las asociaciones civiles cumplen un rol fundamental para salir de la crisis\" - Diario Textual","robots":{"index":"index","follow":"follow","max-snippet":"max-snippet:-1","max-image-preview":"max-image-preview:large","max-video-preview":"max-video-preview:-1"},"canonical":"https:\/\/diariotextual.com\/inicio\/index.php\/2019\/09\/20\/bensusan-las-asociaciones-civiles-cumplen-rol-fundamental-salir-la-crisis\/","og_locale":"es_ES","og_type":"article","og_title":"Bensus\u00e1n: \"Las asociaciones civiles cumplen un rol fundamental para salir de la crisis\" - Diario Textual","og_description":"El ministro de Gobierno y Justicia, Daniel Pablo Bensus\u00e1n, destac\u00f3 el trabajo del Gobierno Provincial con las entidades intermedias de la provincia, y el aporte para el sostenimiento del sector,&hellip;","og_url":"https:\/\/diariotextual.com\/inicio\/index.php\/2019\/09\/20\/bensusan-las-asociaciones-civiles-cumplen-rol-fundamental-salir-la-crisis\/","og_site_name":"Diario Textual","article_publisher":"https:\/\/www.facebook.com\/eltextual","article_published_time":"2019-09-20T12:04:01+00:00","article_modified_time":"2019-09-21T00:44:28+00:00","og_image":[{"width":1280,"height":854,"url":"https:\/\/diariotextual.com\/inicio\/wp-content\/uploads\/2019\/09\/bensusanenarauz2019-1.jpeg","type":"image\/jpeg"}],"author":"Diario1 Diario1","twitter_card":"summary_large_image","twitter_creator":"@eltextual","twitter_site":"@eltextual","twitter_misc":{"Escrito por":"Diario1 Diario1","Tiempo de lectura":"2 minutos"},"schema":{"@context":"https:\/\/schema.org","@graph":[{"@type":"Article","@id":"https:\/\/diariotextual.com\/inicio\/index.php\/2019\/09\/20\/bensusan-las-asociaciones-civiles-cumplen-rol-fundamental-salir-la-crisis\/#article","isPartOf":{"@id":"https:\/\/diariotextual.com\/inicio\/index.php\/2019\/09\/20\/bensusan-las-asociaciones-civiles-cumplen-rol-fundamental-salir-la-crisis\/"},"author":{"name":"Diario1 Diario1","@id":"https:\/\/diariotextual.com\/inicio\/#\/schema\/person\/418fc4093c33e86ed41562db3508f958"},"headline":"Bensus\u00e1n: \u00abLas asociaciones civiles cumplen un rol fundamental para salir de la crisis\u00bb","datePublished":"2019-09-20T12:04:01+00:00","dateModified":"2019-09-21T00:44:28+00:00","mainEntityOfPage":{"@id":"https:\/\/diariotextual.com\/inicio\/index.php\/2019\/09\/20\/bensusan-las-asociaciones-civiles-cumplen-rol-fundamental-salir-la-crisis\/"},"wordCount":379,"publisher":{"@id":"https:\/\/diariotextual.com\/inicio\/#organization"},"image":{"@id":"https:\/\/diariotextual.com\/inicio\/index.php\/2019\/09\/20\/bensusan-las-asociaciones-civiles-cumplen-rol-fundamental-salir-la-crisis\/#primaryimage"},"thumbnailUrl":"https:\/\/diariotextual.com\/inicio\/wp-content\/uploads\/2019\/09\/bensusanenarauz2019-1.jpeg","articleSection":["A - TEMPORALES","SOCIEDAD"],"inLanguage":"es"},{"@type":"WebPage","@id":"https:\/\/diariotextual.com\/inicio\/index.php\/2019\/09\/20\/bensusan-las-asociaciones-civiles-cumplen-rol-fundamental-salir-la-crisis\/","url":"https:\/\/diariotextual.com\/inicio\/index.php\/2019\/09\/20\/bensusan-las-asociaciones-civiles-cumplen-rol-fundamental-salir-la-crisis\/","name":"Bensus\u00e1n: \"Las asociaciones civiles cumplen un rol fundamental para salir de la crisis\" - Diario Textual","isPartOf":{"@id":"https:\/\/diariotextual.com\/inicio\/#website"},"primaryImageOfPage":{"@id":"https:\/\/diariotextual.com\/inicio\/index.php\/2019\/09\/20\/bensusan-las-asociaciones-civiles-cumplen-rol-fundamental-salir-la-crisis\/#primaryimage"},"image":{"@id":"https:\/\/diariotextual.com\/inicio\/index.php\/2019\/09\/20\/bensusan-las-asociaciones-civiles-cumplen-rol-fundamental-salir-la-crisis\/#primaryimage"},"thumbnailUrl":"https:\/\/diariotextual.com\/inicio\/wp-content\/uploads\/2019\/09\/bensusanenarauz2019-1.jpeg","datePublished":"2019-09-20T12:04:01+00:00","dateModified":"2019-09-21T00:44:28+00:00","breadcrumb":{"@id":"https:\/\/diariotextual.com\/inicio\/index.php\/2019\/09\/20\/bensusan-las-asociaciones-civiles-cumplen-rol-fundamental-salir-la-crisis\/#breadcrumb"},"inLanguage":"es","potentialAction":[{"@type":"ReadAction","target":["https:\/\/diariotextual.com\/inicio\/index.php\/2019\/09\/20\/bensusan-las-asociaciones-civiles-cumplen-rol-fundamental-salir-la-crisis\/"]}]},{"@type":"ImageObject","inLanguage":"es","@id":"https:\/\/diariotextual.com\/inicio\/index.php\/2019\/09\/20\/bensusan-las-asociaciones-civiles-cumplen-rol-fundamental-salir-la-crisis\/#primaryimage","url":"https:\/\/diariotextual.com\/inicio\/wp-content\/uploads\/2019\/09\/bensusanenarauz2019-1.jpeg","contentUrl":"https:\/\/diariotextual.com\/inicio\/wp-content\/uploads\/2019\/09\/bensusanenarauz2019-1.jpeg","width":1280,"height":854},{"@type":"BreadcrumbList","@id":"https:\/\/diariotextual.com\/inicio\/index.php\/2019\/09\/20\/bensusan-las-asociaciones-civiles-cumplen-rol-fundamental-salir-la-crisis\/#breadcrumb","itemListElement":[{"@type":"ListItem","position":1,"name":"Portada","item":"https:\/\/diariotextual.com\/inicio\/"},{"@type":"ListItem","position":2,"name":"Bensus\u00e1n: \u00abLas asociaciones civiles cumplen un rol fundamental para salir de la crisis\u00bb"}]},{"@type":"WebSite","@id":"https:\/\/diariotextual.com\/inicio\/#website","url":"https:\/\/diariotextual.com\/inicio\/","name":"Diario Textual","description":"","publisher":{"@id":"https:\/\/diariotextual.com\/inicio\/#organization"},"potentialAction":[{"@type":"SearchAction","target":{"@type":"EntryPoint","urlTemplate":"https:\/\/diariotextual.com\/inicio\/?s={search_term_string}"},"query-input":{"@type":"PropertyValueSpecification","valueRequired":true,"valueName":"search_term_string"}}],"inLanguage":"es"},{"@type":"Organization","@id":"https:\/\/diariotextual.com\/inicio\/#organization","name":"Diario Textual","url":"https:\/\/diariotextual.com\/inicio\/","logo":{"@type":"ImageObject","inLanguage":"es","@id":"https:\/\/diariotextual.com\/inicio\/#\/schema\/logo\/image\/","url":"https:\/\/diariotextual.com\/inicio\/wp-content\/uploads\/2023\/05\/logotextual1.jpg","contentUrl":"https:\/\/diariotextual.com\/inicio\/wp-content\/uploads\/2023\/05\/logotextual1.jpg","width":516,"height":76,"caption":"Diario Textual"},"image":{"@id":"https:\/\/diariotextual.com\/inicio\/#\/schema\/logo\/image\/"},"sameAs":["https:\/\/www.facebook.com\/eltextual","https:\/\/x.com\/eltextual","http:\/\/www.instagram.com\/eltextual"]},{"@type":"Person","@id":"https:\/\/diariotextual.com\/inicio\/#\/schema\/person\/418fc4093c33e86ed41562db3508f958","name":"Diario1 Diario1","image":{"@type":"ImageObject","inLanguage":"es","@id":"https:\/\/secure.gravatar.com\/avatar\/9167d280179c85bc18be67aa7eda765854300033af4896dd779b608640f2ef7a?s=96&d=mm&r=g","url":"https:\/\/secure.gravatar.com\/avatar\/9167d280179c85bc18be67aa7eda765854300033af4896dd779b608640f2ef7a?s=96&d=mm&r=g","contentUrl":"https:\/\/secure.gravatar.com\/avatar\/9167d280179c85bc18be67aa7eda765854300033af4896dd779b608640f2ef7a?s=96&d=mm&r=g","caption":"Diario1 Diario1"},"url":"https:\/\/diariotextual.com\/inicio\/index.php\/author\/diario1\/"}]}},"_links":{"self":[{"href":"https:\/\/diariotextual.com\/inicio\/index.php\/wp-json\/wp\/v2\/posts\/63225","targetHints":{"allow":["GET"]}}],"collection":[{"href":"https:\/\/diariotextual.com\/inicio\/index.php\/wp-json\/wp\/v2\/posts"}],"about":[{"href":"https:\/\/diariotextual.com\/inicio\/index.php\/wp-json\/wp\/v2\/types\/post"}],"author":[{"embeddable":true,"href":"https:\/\/diariotextual.com\/inicio\/index.php\/wp-json\/wp\/v2\/users\/3"}],"replies":[{"embeddable":true,"href":"https:\/\/diariotextual.com\/inicio\/index.php\/wp-json\/wp\/v2\/comments?post=63225"}],"version-history":[{"count":3,"href":"https:\/\/diariotextual.com\/inicio\/index.php\/wp-json\/wp\/v2\/posts\/63225\/revisions"}],"predecessor-version":[{"id":63229,"href":"https:\/\/diariotextual.com\/inicio\/index.php\/wp-json\/wp\/v2\/posts\/63225\/revisions\/63229"}],"wp:featuredmedia":[{"embeddable":true,"href":"https:\/\/diariotextual.com\/inicio\/index.php\/wp-json\/wp\/v2\/media\/63227"}],"wp:attachment":[{"href":"https:\/\/diariotextual.com\/inicio\/index.php\/wp-json\/wp\/v2\/media?parent=63225"}],"wp:term":[{"taxonomy":"category","embeddable":true,"href":"https:\/\/diariotextual.com\/inicio\/index.php\/wp-json\/wp\/v2\/categories?post=63225"},{"taxonomy":"post_tag","embeddable":true,"href":"https:\/\/diariotextual.com\/inicio\/index.php\/wp-json\/wp\/v2\/tags?post=63225"}],"curies":[{"name":"wp","href":"https:\/\/api.w.org\/{rel}","templated":true}]}}