{"id":63249,"date":"2019-09-20T10:59:58","date_gmt":"2019-09-20T13:59:58","guid":{"rendered":"http:\/\/diariotextual.com\/inicio\/?p=63249"},"modified":"2019-09-20T21:00:37","modified_gmt":"2019-09-21T00:00:37","slug":"ziliotto-la-denuncia-vila-no-nos-equivocamos-al-frenar-la-ley-corta","status":"publish","type":"post","link":"https:\/\/diariotextual.com\/inicio\/index.php\/2019\/09\/20\/ziliotto-la-denuncia-vila-no-nos-equivocamos-al-frenar-la-ley-corta\/","title":{"rendered":"Ziliotto y la denuncia de Vila: \u00abNo nos equivocamos al frenar la Ley Corta\u00bb"},"content":{"rendered":"<p>El diputado nacional y gobernador electo, <strong>Sergio Ziliotto<\/strong>, asegur\u00f3 que <strong>los \u00abmanejos arbitrarios\u00bb en la asignaci\u00f3n de frecuencias 4 G<\/strong>, que hizo p\u00fablicos el empresario<a href=\"http:\/\/diariotextual.com\/inicio\/index.php\/2019\/09\/19\/daniel-vila-dijo-macri-lo-extorsiono-favorecer-clarin\/\" target=\"_blank\" rel=\"noopener\"> <strong>Daniel Vila<\/strong><\/a>, confirman que fueron por el buen camino al frenar en el Congreso una iniciativa de Casa Rosada. \u201cNo nos equivocamos al frenar en Diputados la llamada Ley Corta\u201d, dijo. \u201c(El presidente Mauricio) <strong>Macri quer\u00eda para sus amigos las frecuencias 4 G<\/strong> que por Ley 27.208 deben destinarse a achicar la brecha digital en el pa\u00eds\u201d.<\/p>\n<p>\u201cDe por s\u00ed, estas bandas de frecuencia 4 G son una de las herramientas indispensables para la creaci\u00f3n de la Empresa Provincial de Telecomunicaciones. Tras ese objetivo es que estamos creando Empatel, nuestra empresa provincial de telecomunicaciones\u201d, precis\u00f3 Ziliotto.<\/p>\n<p>Ziliotto fue uno de los principales actores en el freno que le puso el Congreso al intento del gobierno nacional de avanzar en el traspaso a manos privadas y monop\u00f3licas del espectro de las telecomunicaciones. <strong>\u201cSe pretend\u00eda eliminar la funci\u00f3n social del Estado y dejando todo librado a que sea el mercado el que resuelva las posibilidades de acceso a las comunicaciones de todos los argentinos\u201d, dijo.<\/strong><\/p>\n<p>En 2014, la entonces presidenta Cristina Fern\u00e1ndez de Kirchner licit\u00f3 el espectro radioel\u00e9ctrico con el objetivo de mejorar las comunicaciones en el pa\u00eds reservando una porci\u00f3n para un nuevo operador. Luego de un largo proceso administrativo en el que quedaron en el camino dos oferentes, se adjudic\u00f3 ese segmento de las comunicaciones a la empresa Arlink que nunca pag\u00f3 el canon de 506 millones de d\u00f3lares al que se hab\u00eda comprometido, y la adjudicaci\u00f3n qued\u00f3 sin efecto.<\/p>\n<p>Esta situaci\u00f3n impuls\u00f3 la ley de Desarrollo de la Industria Satelital, que en su art\u00edculo 11 previ\u00f3 reservar para Arsat las bandas de frecuencias que hab\u00edan sido asignadas originariamente a Arlink, quien accion\u00f3 judicialmente para bloquear esta posibilidad.<\/p>\n<p>Luego de una serie de recursos judiciales Arlink devolvi\u00f3 las frecuencias y el espectro volvi\u00f3 a Arsat a trav\u00e9s de la ley 27.208 de 2015; a\u00f1os m\u00e1s tarde -en enero de 2019-, el gobierno de Mauricio Macri se lo sac\u00f3 a la empresa estatal a trav\u00e9s del DNU 58\/19, para licitarlo. Ese DNU fue votado en contra por la comisi\u00f3n bicameral en el Congreso Nacional.<\/p>\n<blockquote class=\"wp-embedded-content\" data-secret=\"LcMXSD4hkw\"><p><a href=\"http:\/\/diariotextual.com\/inicio\/index.php\/2019\/09\/19\/daniel-vila-dijo-macri-lo-extorsiono-favorecer-clarin\/\">Daniel Vila dijo que Macri lo &#171;extorsion\u00f3&#187; para favorecer a Clar\u00edn<\/a><\/p><\/blockquote>\n<p><iframe class=\"wp-embedded-content\" sandbox=\"allow-scripts\" security=\"restricted\" style=\"position: absolute; clip: rect(1px, 1px, 1px, 1px);\" src=\"http:\/\/diariotextual.com\/inicio\/index.php\/2019\/09\/19\/daniel-vila-dijo-macri-lo-extorsiono-favorecer-clarin\/embed\/#?secret=LcMXSD4hkw\" data-secret=\"LcMXSD4hkw\" width=\"600\" height=\"338\" title=\"&#171;Daniel Vila dijo que Macri lo &#171;extorsion\u00f3&#187; para favorecer a Clar\u00edn&#187; &#8212; Diario Textual\" frameborder=\"0\" marginwidth=\"0\" marginheight=\"0\" scrolling=\"no\"><\/iframe><\/p>\n<p>En aquel momento Ziliotto, expres\u00f3 su rechazo al Decreto de Necesidad y Urgencia con el que el Gobierno nacional modific\u00f3 el art\u00edculo 11 de la Ley 27.208, que proteg\u00eda no solo la industria satelital nacional, sino que adem\u00e1s otorgaba derechos sobre el servicio de comunicaciones a los estados provinciales y las cooperativas.<\/p>\n<p>\u00abEs imperioso resguardar los objetivos previstos en la Ley 27.208, no permitir que se anulen v\u00eda decreto, porque se estar\u00edan cercenando derechos de los argentinos como es el acceso a la salud v\u00eda la telemedicina, o a la educaci\u00f3n a distancia, entre otras posibilidades que facilitan las redes de comunicaci\u00f3n\u201d, dijo.\u00a0\u201c<strong>Hoy queda manifiestamente demostrado el inter\u00e9s del gobierno de Mauricio Macri por ayudar a sus amigos econ\u00f3micos, especialmente Clar\u00edn, avanzando tanto sobre los bienes de otros privados, como los del Estado, incluso rayando lo ilegal<\/strong>. Es aqu\u00ed donde <strong>el Gobierno de La Pampa debe seguir defendiendo los intereses del Estado provincial y de las cooperativas, para obtener el espectro radioel\u00e9ctrico que necesita y le corresponde, para poder cimentar Empatel y llevar conectividad a toda la provincia<\/strong>\u201d, concluy\u00f3.<\/p>\n<p>&nbsp;<\/p>\n<p>&nbsp;<\/p>\n<p>&nbsp;<\/p>\n<p>&nbsp;<\/p>\n","protected":false},"excerpt":{"rendered":"<p>El diputado nacional y gobernador electo, Sergio Ziliotto, asegur\u00f3 que los \u00abmanejos arbitrarios\u00bb en la asignaci\u00f3n de frecuencias 4 G, que hizo p\u00fablicos el empresario Daniel Vila, confirman que fueron&hellip;<\/p>\n","protected":false},"author":3,"featured_media":58687,"comment_status":"closed","ping_status":"open","sticky":false,"template":"","format":"standard","meta":{"_acf_changed":false,"footnotes":""},"categories":[11,319,8],"tags":[424],"class_list":["post-63249","post","type-post","status-publish","format-standard","has-post-thumbnail","hentry","category-que-pasa","category-a-temporales","category-politica","tag-ziliotto"],"acf":[],"yoast_head":"<!-- This site is optimized with the Yoast SEO plugin v27.5 - https:\/\/yoast.com\/product\/yoast-seo-wordpress\/ -->\n<title>Ziliotto y la denuncia de Vila: &quot;No nos equivocamos al frenar la Ley Corta&quot; - Diario Textual<\/title>\n<meta name=\"robots\" content=\"index, follow, max-snippet:-1, max-image-preview:large, max-video-preview:-1\" \/>\n<link rel=\"canonical\" href=\"https:\/\/diariotextual.com\/inicio\/index.php\/2019\/09\/20\/ziliotto-la-denuncia-vila-no-nos-equivocamos-al-frenar-la-ley-corta\/\" \/>\n<meta property=\"og:locale\" content=\"es_ES\" \/>\n<meta property=\"og:type\" content=\"article\" \/>\n<meta property=\"og:title\" content=\"Ziliotto y la denuncia de Vila: &quot;No nos equivocamos al frenar la Ley Corta&quot; - Diario Textual\" \/>\n<meta property=\"og:description\" content=\"El diputado nacional y gobernador electo, Sergio Ziliotto, asegur\u00f3 que los \u00abmanejos arbitrarios\u00bb en la asignaci\u00f3n de frecuencias 4 G, que hizo p\u00fablicos el empresario Daniel Vila, confirman que fueron&hellip;\" \/>\n<meta property=\"og:url\" content=\"https:\/\/diariotextual.com\/inicio\/index.php\/2019\/09\/20\/ziliotto-la-denuncia-vila-no-nos-equivocamos-al-frenar-la-ley-corta\/\" \/>\n<meta property=\"og:site_name\" content=\"Diario Textual\" \/>\n<meta property=\"article:publisher\" content=\"https:\/\/www.facebook.com\/eltextual\" \/>\n<meta property=\"article:published_time\" content=\"2019-09-20T13:59:58+00:00\" \/>\n<meta property=\"article:modified_time\" content=\"2019-09-21T00:00:37+00:00\" \/>\n<meta property=\"og:image\" content=\"https:\/\/diariotextual.com\/inicio\/wp-content\/uploads\/2019\/08\/ziliottosergio2019-000055.jpeg\" \/>\n\t<meta property=\"og:image:width\" content=\"1280\" \/>\n\t<meta property=\"og:image:height\" content=\"853\" \/>\n\t<meta property=\"og:image:type\" content=\"image\/jpeg\" \/>\n<meta name=\"author\" content=\"Diario1 Diario1\" \/>\n<meta name=\"twitter:card\" content=\"summary_large_image\" \/>\n<meta name=\"twitter:creator\" content=\"@eltextual\" \/>\n<meta name=\"twitter:site\" content=\"@eltextual\" \/>\n<meta name=\"twitter:label1\" content=\"Escrito por\" \/>\n\t<meta name=\"twitter:data1\" content=\"Diario1 Diario1\" \/>\n\t<meta name=\"twitter:label2\" content=\"Tiempo de lectura\" \/>\n\t<meta name=\"twitter:data2\" content=\"3 minutos\" \/>\n<script type=\"application\/ld+json\" class=\"yoast-schema-graph\">{\"@context\":\"https:\\\/\\\/schema.org\",\"@graph\":[{\"@type\":\"Article\",\"@id\":\"https:\\\/\\\/diariotextual.com\\\/inicio\\\/index.php\\\/2019\\\/09\\\/20\\\/ziliotto-la-denuncia-vila-no-nos-equivocamos-al-frenar-la-ley-corta\\\/#article\",\"isPartOf\":{\"@id\":\"https:\\\/\\\/diariotextual.com\\\/inicio\\\/index.php\\\/2019\\\/09\\\/20\\\/ziliotto-la-denuncia-vila-no-nos-equivocamos-al-frenar-la-ley-corta\\\/\"},\"author\":{\"name\":\"Diario1 Diario1\",\"@id\":\"https:\\\/\\\/diariotextual.com\\\/inicio\\\/#\\\/schema\\\/person\\\/418fc4093c33e86ed41562db3508f958\"},\"headline\":\"Ziliotto y la denuncia de Vila: \u00abNo nos equivocamos al frenar la Ley Corta\u00bb\",\"datePublished\":\"2019-09-20T13:59:58+00:00\",\"dateModified\":\"2019-09-21T00:00:37+00:00\",\"mainEntityOfPage\":{\"@id\":\"https:\\\/\\\/diariotextual.com\\\/inicio\\\/index.php\\\/2019\\\/09\\\/20\\\/ziliotto-la-denuncia-vila-no-nos-equivocamos-al-frenar-la-ley-corta\\\/\"},\"wordCount\":595,\"publisher\":{\"@id\":\"https:\\\/\\\/diariotextual.com\\\/inicio\\\/#organization\"},\"image\":{\"@id\":\"https:\\\/\\\/diariotextual.com\\\/inicio\\\/index.php\\\/2019\\\/09\\\/20\\\/ziliotto-la-denuncia-vila-no-nos-equivocamos-al-frenar-la-ley-corta\\\/#primaryimage\"},\"thumbnailUrl\":\"https:\\\/\\\/diariotextual.com\\\/inicio\\\/wp-content\\\/uploads\\\/2019\\\/08\\\/ziliottosergio2019-000055.jpeg\",\"keywords\":[\"ziliotto\"],\"articleSection\":[\"A - QUE PASA (al costado)\",\"A - TEMPORALES\",\"POLITICA\"],\"inLanguage\":\"es\"},{\"@type\":\"WebPage\",\"@id\":\"https:\\\/\\\/diariotextual.com\\\/inicio\\\/index.php\\\/2019\\\/09\\\/20\\\/ziliotto-la-denuncia-vila-no-nos-equivocamos-al-frenar-la-ley-corta\\\/\",\"url\":\"https:\\\/\\\/diariotextual.com\\\/inicio\\\/index.php\\\/2019\\\/09\\\/20\\\/ziliotto-la-denuncia-vila-no-nos-equivocamos-al-frenar-la-ley-corta\\\/\",\"name\":\"Ziliotto y la denuncia de Vila: \\\"No nos equivocamos al frenar la Ley Corta\\\" - Diario Textual\",\"isPartOf\":{\"@id\":\"https:\\\/\\\/diariotextual.com\\\/inicio\\\/#website\"},\"primaryImageOfPage\":{\"@id\":\"https:\\\/\\\/diariotextual.com\\\/inicio\\\/index.php\\\/2019\\\/09\\\/20\\\/ziliotto-la-denuncia-vila-no-nos-equivocamos-al-frenar-la-ley-corta\\\/#primaryimage\"},\"image\":{\"@id\":\"https:\\\/\\\/diariotextual.com\\\/inicio\\\/index.php\\\/2019\\\/09\\\/20\\\/ziliotto-la-denuncia-vila-no-nos-equivocamos-al-frenar-la-ley-corta\\\/#primaryimage\"},\"thumbnailUrl\":\"https:\\\/\\\/diariotextual.com\\\/inicio\\\/wp-content\\\/uploads\\\/2019\\\/08\\\/ziliottosergio2019-000055.jpeg\",\"datePublished\":\"2019-09-20T13:59:58+00:00\",\"dateModified\":\"2019-09-21T00:00:37+00:00\",\"breadcrumb\":{\"@id\":\"https:\\\/\\\/diariotextual.com\\\/inicio\\\/index.php\\\/2019\\\/09\\\/20\\\/ziliotto-la-denuncia-vila-no-nos-equivocamos-al-frenar-la-ley-corta\\\/#breadcrumb\"},\"inLanguage\":\"es\",\"potentialAction\":[{\"@type\":\"ReadAction\",\"target\":[\"https:\\\/\\\/diariotextual.com\\\/inicio\\\/index.php\\\/2019\\\/09\\\/20\\\/ziliotto-la-denuncia-vila-no-nos-equivocamos-al-frenar-la-ley-corta\\\/\"]}]},{\"@type\":\"ImageObject\",\"inLanguage\":\"es\",\"@id\":\"https:\\\/\\\/diariotextual.com\\\/inicio\\\/index.php\\\/2019\\\/09\\\/20\\\/ziliotto-la-denuncia-vila-no-nos-equivocamos-al-frenar-la-ley-corta\\\/#primaryimage\",\"url\":\"https:\\\/\\\/diariotextual.com\\\/inicio\\\/wp-content\\\/uploads\\\/2019\\\/08\\\/ziliottosergio2019-000055.jpeg\",\"contentUrl\":\"https:\\\/\\\/diariotextual.com\\\/inicio\\\/wp-content\\\/uploads\\\/2019\\\/08\\\/ziliottosergio2019-000055.jpeg\",\"width\":1280,\"height\":853},{\"@type\":\"BreadcrumbList\",\"@id\":\"https:\\\/\\\/diariotextual.com\\\/inicio\\\/index.php\\\/2019\\\/09\\\/20\\\/ziliotto-la-denuncia-vila-no-nos-equivocamos-al-frenar-la-ley-corta\\\/#breadcrumb\",\"itemListElement\":[{\"@type\":\"ListItem\",\"position\":1,\"name\":\"Portada\",\"item\":\"https:\\\/\\\/diariotextual.com\\\/inicio\\\/\"},{\"@type\":\"ListItem\",\"position\":2,\"name\":\"Ziliotto y la denuncia de Vila: \u00abNo nos equivocamos al frenar la Ley Corta\u00bb\"}]},{\"@type\":\"WebSite\",\"@id\":\"https:\\\/\\\/diariotextual.com\\\/inicio\\\/#website\",\"url\":\"https:\\\/\\\/diariotextual.com\\\/inicio\\\/\",\"name\":\"Diario Textual\",\"description\":\"\",\"publisher\":{\"@id\":\"https:\\\/\\\/diariotextual.com\\\/inicio\\\/#organization\"},\"potentialAction\":[{\"@type\":\"SearchAction\",\"target\":{\"@type\":\"EntryPoint\",\"urlTemplate\":\"https:\\\/\\\/diariotextual.com\\\/inicio\\\/?s={search_term_string}\"},\"query-input\":{\"@type\":\"PropertyValueSpecification\",\"valueRequired\":true,\"valueName\":\"search_term_string\"}}],\"inLanguage\":\"es\"},{\"@type\":\"Organization\",\"@id\":\"https:\\\/\\\/diariotextual.com\\\/inicio\\\/#organization\",\"name\":\"Diario Textual\",\"url\":\"https:\\\/\\\/diariotextual.com\\\/inicio\\\/\",\"logo\":{\"@type\":\"ImageObject\",\"inLanguage\":\"es\",\"@id\":\"https:\\\/\\\/diariotextual.com\\\/inicio\\\/#\\\/schema\\\/logo\\\/image\\\/\",\"url\":\"https:\\\/\\\/diariotextual.com\\\/inicio\\\/wp-content\\\/uploads\\\/2023\\\/05\\\/logotextual1.jpg\",\"contentUrl\":\"https:\\\/\\\/diariotextual.com\\\/inicio\\\/wp-content\\\/uploads\\\/2023\\\/05\\\/logotextual1.jpg\",\"width\":516,\"height\":76,\"caption\":\"Diario Textual\"},\"image\":{\"@id\":\"https:\\\/\\\/diariotextual.com\\\/inicio\\\/#\\\/schema\\\/logo\\\/image\\\/\"},\"sameAs\":[\"https:\\\/\\\/www.facebook.com\\\/eltextual\",\"https:\\\/\\\/x.com\\\/eltextual\",\"http:\\\/\\\/www.instagram.com\\\/eltextual\"]},{\"@type\":\"Person\",\"@id\":\"https:\\\/\\\/diariotextual.com\\\/inicio\\\/#\\\/schema\\\/person\\\/418fc4093c33e86ed41562db3508f958\",\"name\":\"Diario1 Diario1\",\"image\":{\"@type\":\"ImageObject\",\"inLanguage\":\"es\",\"@id\":\"https:\\\/\\\/secure.gravatar.com\\\/avatar\\\/9167d280179c85bc18be67aa7eda765854300033af4896dd779b608640f2ef7a?s=96&d=mm&r=g\",\"url\":\"https:\\\/\\\/secure.gravatar.com\\\/avatar\\\/9167d280179c85bc18be67aa7eda765854300033af4896dd779b608640f2ef7a?s=96&d=mm&r=g\",\"contentUrl\":\"https:\\\/\\\/secure.gravatar.com\\\/avatar\\\/9167d280179c85bc18be67aa7eda765854300033af4896dd779b608640f2ef7a?s=96&d=mm&r=g\",\"caption\":\"Diario1 Diario1\"},\"url\":\"https:\\\/\\\/diariotextual.com\\\/inicio\\\/index.php\\\/author\\\/diario1\\\/\"}]}<\/script>\n<!-- \/ Yoast SEO plugin. -->","yoast_head_json":{"title":"Ziliotto y la denuncia de Vila: \"No nos equivocamos al frenar la Ley Corta\" - Diario Textual","robots":{"index":"index","follow":"follow","max-snippet":"max-snippet:-1","max-image-preview":"max-image-preview:large","max-video-preview":"max-video-preview:-1"},"canonical":"https:\/\/diariotextual.com\/inicio\/index.php\/2019\/09\/20\/ziliotto-la-denuncia-vila-no-nos-equivocamos-al-frenar-la-ley-corta\/","og_locale":"es_ES","og_type":"article","og_title":"Ziliotto y la denuncia de Vila: \"No nos equivocamos al frenar la Ley Corta\" - Diario Textual","og_description":"El diputado nacional y gobernador electo, Sergio Ziliotto, asegur\u00f3 que los \u00abmanejos arbitrarios\u00bb en la asignaci\u00f3n de frecuencias 4 G, que hizo p\u00fablicos el empresario Daniel Vila, confirman que fueron&hellip;","og_url":"https:\/\/diariotextual.com\/inicio\/index.php\/2019\/09\/20\/ziliotto-la-denuncia-vila-no-nos-equivocamos-al-frenar-la-ley-corta\/","og_site_name":"Diario Textual","article_publisher":"https:\/\/www.facebook.com\/eltextual","article_published_time":"2019-09-20T13:59:58+00:00","article_modified_time":"2019-09-21T00:00:37+00:00","og_image":[{"width":1280,"height":853,"url":"https:\/\/diariotextual.com\/inicio\/wp-content\/uploads\/2019\/08\/ziliottosergio2019-000055.jpeg","type":"image\/jpeg"}],"author":"Diario1 Diario1","twitter_card":"summary_large_image","twitter_creator":"@eltextual","twitter_site":"@eltextual","twitter_misc":{"Escrito por":"Diario1 Diario1","Tiempo de lectura":"3 minutos"},"schema":{"@context":"https:\/\/schema.org","@graph":[{"@type":"Article","@id":"https:\/\/diariotextual.com\/inicio\/index.php\/2019\/09\/20\/ziliotto-la-denuncia-vila-no-nos-equivocamos-al-frenar-la-ley-corta\/#article","isPartOf":{"@id":"https:\/\/diariotextual.com\/inicio\/index.php\/2019\/09\/20\/ziliotto-la-denuncia-vila-no-nos-equivocamos-al-frenar-la-ley-corta\/"},"author":{"name":"Diario1 Diario1","@id":"https:\/\/diariotextual.com\/inicio\/#\/schema\/person\/418fc4093c33e86ed41562db3508f958"},"headline":"Ziliotto y la denuncia de Vila: \u00abNo nos equivocamos al frenar la Ley Corta\u00bb","datePublished":"2019-09-20T13:59:58+00:00","dateModified":"2019-09-21T00:00:37+00:00","mainEntityOfPage":{"@id":"https:\/\/diariotextual.com\/inicio\/index.php\/2019\/09\/20\/ziliotto-la-denuncia-vila-no-nos-equivocamos-al-frenar-la-ley-corta\/"},"wordCount":595,"publisher":{"@id":"https:\/\/diariotextual.com\/inicio\/#organization"},"image":{"@id":"https:\/\/diariotextual.com\/inicio\/index.php\/2019\/09\/20\/ziliotto-la-denuncia-vila-no-nos-equivocamos-al-frenar-la-ley-corta\/#primaryimage"},"thumbnailUrl":"https:\/\/diariotextual.com\/inicio\/wp-content\/uploads\/2019\/08\/ziliottosergio2019-000055.jpeg","keywords":["ziliotto"],"articleSection":["A - QUE PASA (al costado)","A - TEMPORALES","POLITICA"],"inLanguage":"es"},{"@type":"WebPage","@id":"https:\/\/diariotextual.com\/inicio\/index.php\/2019\/09\/20\/ziliotto-la-denuncia-vila-no-nos-equivocamos-al-frenar-la-ley-corta\/","url":"https:\/\/diariotextual.com\/inicio\/index.php\/2019\/09\/20\/ziliotto-la-denuncia-vila-no-nos-equivocamos-al-frenar-la-ley-corta\/","name":"Ziliotto y la denuncia de Vila: \"No nos equivocamos al frenar la Ley Corta\" - Diario Textual","isPartOf":{"@id":"https:\/\/diariotextual.com\/inicio\/#website"},"primaryImageOfPage":{"@id":"https:\/\/diariotextual.com\/inicio\/index.php\/2019\/09\/20\/ziliotto-la-denuncia-vila-no-nos-equivocamos-al-frenar-la-ley-corta\/#primaryimage"},"image":{"@id":"https:\/\/diariotextual.com\/inicio\/index.php\/2019\/09\/20\/ziliotto-la-denuncia-vila-no-nos-equivocamos-al-frenar-la-ley-corta\/#primaryimage"},"thumbnailUrl":"https:\/\/diariotextual.com\/inicio\/wp-content\/uploads\/2019\/08\/ziliottosergio2019-000055.jpeg","datePublished":"2019-09-20T13:59:58+00:00","dateModified":"2019-09-21T00:00:37+00:00","breadcrumb":{"@id":"https:\/\/diariotextual.com\/inicio\/index.php\/2019\/09\/20\/ziliotto-la-denuncia-vila-no-nos-equivocamos-al-frenar-la-ley-corta\/#breadcrumb"},"inLanguage":"es","potentialAction":[{"@type":"ReadAction","target":["https:\/\/diariotextual.com\/inicio\/index.php\/2019\/09\/20\/ziliotto-la-denuncia-vila-no-nos-equivocamos-al-frenar-la-ley-corta\/"]}]},{"@type":"ImageObject","inLanguage":"es","@id":"https:\/\/diariotextual.com\/inicio\/index.php\/2019\/09\/20\/ziliotto-la-denuncia-vila-no-nos-equivocamos-al-frenar-la-ley-corta\/#primaryimage","url":"https:\/\/diariotextual.com\/inicio\/wp-content\/uploads\/2019\/08\/ziliottosergio2019-000055.jpeg","contentUrl":"https:\/\/diariotextual.com\/inicio\/wp-content\/uploads\/2019\/08\/ziliottosergio2019-000055.jpeg","width":1280,"height":853},{"@type":"BreadcrumbList","@id":"https:\/\/diariotextual.com\/inicio\/index.php\/2019\/09\/20\/ziliotto-la-denuncia-vila-no-nos-equivocamos-al-frenar-la-ley-corta\/#breadcrumb","itemListElement":[{"@type":"ListItem","position":1,"name":"Portada","item":"https:\/\/diariotextual.com\/inicio\/"},{"@type":"ListItem","position":2,"name":"Ziliotto y la denuncia de Vila: \u00abNo nos equivocamos al frenar la Ley Corta\u00bb"}]},{"@type":"WebSite","@id":"https:\/\/diariotextual.com\/inicio\/#website","url":"https:\/\/diariotextual.com\/inicio\/","name":"Diario Textual","description":"","publisher":{"@id":"https:\/\/diariotextual.com\/inicio\/#organization"},"potentialAction":[{"@type":"SearchAction","target":{"@type":"EntryPoint","urlTemplate":"https:\/\/diariotextual.com\/inicio\/?s={search_term_string}"},"query-input":{"@type":"PropertyValueSpecification","valueRequired":true,"valueName":"search_term_string"}}],"inLanguage":"es"},{"@type":"Organization","@id":"https:\/\/diariotextual.com\/inicio\/#organization","name":"Diario Textual","url":"https:\/\/diariotextual.com\/inicio\/","logo":{"@type":"ImageObject","inLanguage":"es","@id":"https:\/\/diariotextual.com\/inicio\/#\/schema\/logo\/image\/","url":"https:\/\/diariotextual.com\/inicio\/wp-content\/uploads\/2023\/05\/logotextual1.jpg","contentUrl":"https:\/\/diariotextual.com\/inicio\/wp-content\/uploads\/2023\/05\/logotextual1.jpg","width":516,"height":76,"caption":"Diario Textual"},"image":{"@id":"https:\/\/diariotextual.com\/inicio\/#\/schema\/logo\/image\/"},"sameAs":["https:\/\/www.facebook.com\/eltextual","https:\/\/x.com\/eltextual","http:\/\/www.instagram.com\/eltextual"]},{"@type":"Person","@id":"https:\/\/diariotextual.com\/inicio\/#\/schema\/person\/418fc4093c33e86ed41562db3508f958","name":"Diario1 Diario1","image":{"@type":"ImageObject","inLanguage":"es","@id":"https:\/\/secure.gravatar.com\/avatar\/9167d280179c85bc18be67aa7eda765854300033af4896dd779b608640f2ef7a?s=96&d=mm&r=g","url":"https:\/\/secure.gravatar.com\/avatar\/9167d280179c85bc18be67aa7eda765854300033af4896dd779b608640f2ef7a?s=96&d=mm&r=g","contentUrl":"https:\/\/secure.gravatar.com\/avatar\/9167d280179c85bc18be67aa7eda765854300033af4896dd779b608640f2ef7a?s=96&d=mm&r=g","caption":"Diario1 Diario1"},"url":"https:\/\/diariotextual.com\/inicio\/index.php\/author\/diario1\/"}]}},"_links":{"self":[{"href":"https:\/\/diariotextual.com\/inicio\/index.php\/wp-json\/wp\/v2\/posts\/63249","targetHints":{"allow":["GET"]}}],"collection":[{"href":"https:\/\/diariotextual.com\/inicio\/index.php\/wp-json\/wp\/v2\/posts"}],"about":[{"href":"https:\/\/diariotextual.com\/inicio\/index.php\/wp-json\/wp\/v2\/types\/post"}],"author":[{"embeddable":true,"href":"https:\/\/diariotextual.com\/inicio\/index.php\/wp-json\/wp\/v2\/users\/3"}],"replies":[{"embeddable":true,"href":"https:\/\/diariotextual.com\/inicio\/index.php\/wp-json\/wp\/v2\/comments?post=63249"}],"version-history":[{"count":5,"href":"https:\/\/diariotextual.com\/inicio\/index.php\/wp-json\/wp\/v2\/posts\/63249\/revisions"}],"predecessor-version":[{"id":63254,"href":"https:\/\/diariotextual.com\/inicio\/index.php\/wp-json\/wp\/v2\/posts\/63249\/revisions\/63254"}],"wp:featuredmedia":[{"embeddable":true,"href":"https:\/\/diariotextual.com\/inicio\/index.php\/wp-json\/wp\/v2\/media\/58687"}],"wp:attachment":[{"href":"https:\/\/diariotextual.com\/inicio\/index.php\/wp-json\/wp\/v2\/media?parent=63249"}],"wp:term":[{"taxonomy":"category","embeddable":true,"href":"https:\/\/diariotextual.com\/inicio\/index.php\/wp-json\/wp\/v2\/categories?post=63249"},{"taxonomy":"post_tag","embeddable":true,"href":"https:\/\/diariotextual.com\/inicio\/index.php\/wp-json\/wp\/v2\/tags?post=63249"}],"curies":[{"name":"wp","href":"https:\/\/api.w.org\/{rel}","templated":true}]}}