{"id":63286,"date":"2019-09-20T17:17:17","date_gmt":"2019-09-20T20:17:17","guid":{"rendered":"http:\/\/diariotextual.com\/inicio\/?p=63286"},"modified":"2019-09-20T17:17:17","modified_gmt":"2019-09-20T20:17:17","slug":"gobierno-nacional-envio-al-congreso-proyecto-reperfilamiento-deuda","status":"publish","type":"post","link":"https:\/\/diariotextual.com\/inicio\/index.php\/2019\/09\/20\/gobierno-nacional-envio-al-congreso-proyecto-reperfilamiento-deuda\/","title":{"rendered":"El Gobierno Nacional envi\u00f3 al Congreso el proyecto de reperfilamiento de deuda"},"content":{"rendered":"<p>Tras la aprobaci\u00f3n de la emergencia alimentaria, el Gobierno envi\u00f3 al Congreso el proyecto de reperfilamiento de deuda que hab\u00eda sido anunciado por el ministro de Hacienda, Hern\u00e1n Lacunza, semanas atr\u00e1s, cuando anunci\u00f3 el paquete de medidas econ\u00f3micas para llevar tranquilidad a los mercados.<\/p>\n<p><!--more--><\/p>\n<p>La iniciativa, que ingres\u00f3 a la C\u00e1mara de Diputados, habilita al Ejecutivo a entablar una negociaci\u00f3n con los acreedores y no incluye una reestructuraci\u00f3n.<\/p>\n<p>\u201cPara despejar las exigencias financieras del per\u00edodo 2020-23, y que el mandatario que gane en las pr\u00f3ximas elecciones pueda desplegar sus pol\u00edticas econ\u00f3micas y sociales sin excesivos condicionantes financieros, este proyecto de ley busca proveer las herramientas necesarias para promover una extensi\u00f3n voluntaria de plazos de deuda bajo jurisdicci\u00f3n local\u201d, indicaron desde Hacienda en un comunicado.<\/p>\n<p>El principal art\u00edculo del proyecto incorpora a estos bonos Cl\u00e1usulas de Acci\u00f3n Colectiva, como tienen los de legislaci\u00f3n extranjera, \u201cque establecen que si el 66% de los bonistas acepta la propuesta de reperfilamiento, el resto debe acatar, con un m\u00ednimo de 50% por especie\u201d.<\/p>\n<p>Voceros del Palacio de Hacienda se\u00f1alaron que el proyecto est\u00e1 consensuado con la oposici\u00f3n y los funcionarios pidieron que la aprobaci\u00f3n sea pronto para poder encarar la negociaci\u00f3n con los tenedores de t\u00edtulos.<\/p>\n<p>En Hacienda suponen que como no habr\u00e1 cambios en la condici\u00f3n de los bonos, los fondos due\u00f1os de los t\u00edtulos podr\u00edan aceptar el reperfilamiento, ya que hoy los precios de los t\u00edtulos est\u00e1n descontando una reestructuraci\u00f3n.<\/p>\n<p>En el Ministerio de Hacienda se avanza tambi\u00e9n en la negociaci\u00f3n por los t\u00edtulos que se emitieron bajo legislaci\u00f3n extranjera y los bancos ya le presentaron la propuesta de reperfilamiento de estos t\u00edtulos que la secretar\u00eda de Finanzas ya est\u00e1 analizando.<\/p>\n<p>El a\u00f1o pr\u00f3ximo vencen t\u00edtulos por 12.000 millones de d\u00f3lares bajo ley local y solo 400 millones bajo ley extranjera, mientras que en el siguiente se revierte esa situaci\u00f3n ya que vencen 4.500 millones bajo ley extranjera y 3.800 millones de d\u00f3lares bajo ley argentina.<\/p>\n","protected":false},"excerpt":{"rendered":"<p>Tras la aprobaci\u00f3n de la emergencia alimentaria, el Gobierno envi\u00f3 al Congreso el proyecto de reperfilamiento de deuda que hab\u00eda sido anunciado por el ministro de Hacienda, Hern\u00e1n Lacunza, semanas&hellip;<\/p>\n","protected":false},"author":5,"featured_media":60097,"comment_status":"closed","ping_status":"open","sticky":false,"template":"","format":"standard","meta":{"_acf_changed":false,"footnotes":""},"categories":[11,5],"tags":[],"class_list":["post-63286","post","type-post","status-publish","format-standard","has-post-thumbnail","hentry","category-que-pasa","category-economia"],"acf":[],"yoast_head":"<!-- This site is optimized with the Yoast SEO plugin v27.5 - https:\/\/yoast.com\/product\/yoast-seo-wordpress\/ -->\n<title>El Gobierno Nacional envi\u00f3 al Congreso el proyecto de reperfilamiento de deuda - Diario Textual<\/title>\n<meta name=\"robots\" content=\"index, follow, max-snippet:-1, max-image-preview:large, max-video-preview:-1\" \/>\n<link rel=\"canonical\" href=\"https:\/\/diariotextual.com\/inicio\/index.php\/2019\/09\/20\/gobierno-nacional-envio-al-congreso-proyecto-reperfilamiento-deuda\/\" \/>\n<meta property=\"og:locale\" content=\"es_ES\" \/>\n<meta property=\"og:type\" content=\"article\" \/>\n<meta property=\"og:title\" content=\"El Gobierno Nacional envi\u00f3 al Congreso el proyecto de reperfilamiento de deuda - Diario Textual\" \/>\n<meta property=\"og:description\" content=\"Tras la aprobaci\u00f3n de la emergencia alimentaria, el Gobierno envi\u00f3 al Congreso el proyecto de reperfilamiento de deuda que hab\u00eda sido anunciado por el ministro de Hacienda, Hern\u00e1n Lacunza, semanas&hellip;\" \/>\n<meta property=\"og:url\" content=\"https:\/\/diariotextual.com\/inicio\/index.php\/2019\/09\/20\/gobierno-nacional-envio-al-congreso-proyecto-reperfilamiento-deuda\/\" \/>\n<meta property=\"og:site_name\" content=\"Diario Textual\" \/>\n<meta property=\"article:publisher\" content=\"https:\/\/www.facebook.com\/eltextual\" \/>\n<meta property=\"article:published_time\" content=\"2019-09-20T20:17:17+00:00\" \/>\n<meta property=\"og:image\" content=\"https:\/\/diariotextual.com\/inicio\/wp-content\/uploads\/2019\/08\/lacunzahernanconferenciasolo0.jpg\" \/>\n\t<meta property=\"og:image:width\" content=\"840\" \/>\n\t<meta property=\"og:image:height\" content=\"489\" \/>\n\t<meta property=\"og:image:type\" content=\"image\/jpeg\" \/>\n<meta name=\"author\" content=\"diario3\" \/>\n<meta name=\"twitter:card\" content=\"summary_large_image\" \/>\n<meta name=\"twitter:creator\" content=\"@eltextual\" \/>\n<meta name=\"twitter:site\" content=\"@eltextual\" \/>\n<meta name=\"twitter:label1\" content=\"Escrito por\" \/>\n\t<meta name=\"twitter:data1\" content=\"diario3\" \/>\n\t<meta name=\"twitter:label2\" content=\"Tiempo de lectura\" \/>\n\t<meta name=\"twitter:data2\" content=\"2 minutos\" \/>\n<script type=\"application\/ld+json\" class=\"yoast-schema-graph\">{\"@context\":\"https:\\\/\\\/schema.org\",\"@graph\":[{\"@type\":\"Article\",\"@id\":\"https:\\\/\\\/diariotextual.com\\\/inicio\\\/index.php\\\/2019\\\/09\\\/20\\\/gobierno-nacional-envio-al-congreso-proyecto-reperfilamiento-deuda\\\/#article\",\"isPartOf\":{\"@id\":\"https:\\\/\\\/diariotextual.com\\\/inicio\\\/index.php\\\/2019\\\/09\\\/20\\\/gobierno-nacional-envio-al-congreso-proyecto-reperfilamiento-deuda\\\/\"},\"author\":{\"name\":\"diario3\",\"@id\":\"https:\\\/\\\/diariotextual.com\\\/inicio\\\/#\\\/schema\\\/person\\\/a1b6f563e0ee944c60f98119389a4d9f\"},\"headline\":\"El Gobierno Nacional envi\u00f3 al Congreso el proyecto de reperfilamiento de deuda\",\"datePublished\":\"2019-09-20T20:17:17+00:00\",\"mainEntityOfPage\":{\"@id\":\"https:\\\/\\\/diariotextual.com\\\/inicio\\\/index.php\\\/2019\\\/09\\\/20\\\/gobierno-nacional-envio-al-congreso-proyecto-reperfilamiento-deuda\\\/\"},\"wordCount\":372,\"publisher\":{\"@id\":\"https:\\\/\\\/diariotextual.com\\\/inicio\\\/#organization\"},\"image\":{\"@id\":\"https:\\\/\\\/diariotextual.com\\\/inicio\\\/index.php\\\/2019\\\/09\\\/20\\\/gobierno-nacional-envio-al-congreso-proyecto-reperfilamiento-deuda\\\/#primaryimage\"},\"thumbnailUrl\":\"https:\\\/\\\/diariotextual.com\\\/inicio\\\/wp-content\\\/uploads\\\/2019\\\/08\\\/lacunzahernanconferenciasolo0.jpg\",\"articleSection\":[\"A - QUE PASA (al costado)\",\"ECONOMIA\"],\"inLanguage\":\"es\"},{\"@type\":\"WebPage\",\"@id\":\"https:\\\/\\\/diariotextual.com\\\/inicio\\\/index.php\\\/2019\\\/09\\\/20\\\/gobierno-nacional-envio-al-congreso-proyecto-reperfilamiento-deuda\\\/\",\"url\":\"https:\\\/\\\/diariotextual.com\\\/inicio\\\/index.php\\\/2019\\\/09\\\/20\\\/gobierno-nacional-envio-al-congreso-proyecto-reperfilamiento-deuda\\\/\",\"name\":\"El Gobierno Nacional envi\u00f3 al Congreso el proyecto de reperfilamiento de deuda - Diario Textual\",\"isPartOf\":{\"@id\":\"https:\\\/\\\/diariotextual.com\\\/inicio\\\/#website\"},\"primaryImageOfPage\":{\"@id\":\"https:\\\/\\\/diariotextual.com\\\/inicio\\\/index.php\\\/2019\\\/09\\\/20\\\/gobierno-nacional-envio-al-congreso-proyecto-reperfilamiento-deuda\\\/#primaryimage\"},\"image\":{\"@id\":\"https:\\\/\\\/diariotextual.com\\\/inicio\\\/index.php\\\/2019\\\/09\\\/20\\\/gobierno-nacional-envio-al-congreso-proyecto-reperfilamiento-deuda\\\/#primaryimage\"},\"thumbnailUrl\":\"https:\\\/\\\/diariotextual.com\\\/inicio\\\/wp-content\\\/uploads\\\/2019\\\/08\\\/lacunzahernanconferenciasolo0.jpg\",\"datePublished\":\"2019-09-20T20:17:17+00:00\",\"breadcrumb\":{\"@id\":\"https:\\\/\\\/diariotextual.com\\\/inicio\\\/index.php\\\/2019\\\/09\\\/20\\\/gobierno-nacional-envio-al-congreso-proyecto-reperfilamiento-deuda\\\/#breadcrumb\"},\"inLanguage\":\"es\",\"potentialAction\":[{\"@type\":\"ReadAction\",\"target\":[\"https:\\\/\\\/diariotextual.com\\\/inicio\\\/index.php\\\/2019\\\/09\\\/20\\\/gobierno-nacional-envio-al-congreso-proyecto-reperfilamiento-deuda\\\/\"]}]},{\"@type\":\"ImageObject\",\"inLanguage\":\"es\",\"@id\":\"https:\\\/\\\/diariotextual.com\\\/inicio\\\/index.php\\\/2019\\\/09\\\/20\\\/gobierno-nacional-envio-al-congreso-proyecto-reperfilamiento-deuda\\\/#primaryimage\",\"url\":\"https:\\\/\\\/diariotextual.com\\\/inicio\\\/wp-content\\\/uploads\\\/2019\\\/08\\\/lacunzahernanconferenciasolo0.jpg\",\"contentUrl\":\"https:\\\/\\\/diariotextual.com\\\/inicio\\\/wp-content\\\/uploads\\\/2019\\\/08\\\/lacunzahernanconferenciasolo0.jpg\",\"width\":840,\"height\":489},{\"@type\":\"BreadcrumbList\",\"@id\":\"https:\\\/\\\/diariotextual.com\\\/inicio\\\/index.php\\\/2019\\\/09\\\/20\\\/gobierno-nacional-envio-al-congreso-proyecto-reperfilamiento-deuda\\\/#breadcrumb\",\"itemListElement\":[{\"@type\":\"ListItem\",\"position\":1,\"name\":\"Portada\",\"item\":\"https:\\\/\\\/diariotextual.com\\\/inicio\\\/\"},{\"@type\":\"ListItem\",\"position\":2,\"name\":\"El Gobierno Nacional envi\u00f3 al Congreso el proyecto de reperfilamiento de deuda\"}]},{\"@type\":\"WebSite\",\"@id\":\"https:\\\/\\\/diariotextual.com\\\/inicio\\\/#website\",\"url\":\"https:\\\/\\\/diariotextual.com\\\/inicio\\\/\",\"name\":\"Diario Textual\",\"description\":\"\",\"publisher\":{\"@id\":\"https:\\\/\\\/diariotextual.com\\\/inicio\\\/#organization\"},\"potentialAction\":[{\"@type\":\"SearchAction\",\"target\":{\"@type\":\"EntryPoint\",\"urlTemplate\":\"https:\\\/\\\/diariotextual.com\\\/inicio\\\/?s={search_term_string}\"},\"query-input\":{\"@type\":\"PropertyValueSpecification\",\"valueRequired\":true,\"valueName\":\"search_term_string\"}}],\"inLanguage\":\"es\"},{\"@type\":\"Organization\",\"@id\":\"https:\\\/\\\/diariotextual.com\\\/inicio\\\/#organization\",\"name\":\"Diario Textual\",\"url\":\"https:\\\/\\\/diariotextual.com\\\/inicio\\\/\",\"logo\":{\"@type\":\"ImageObject\",\"inLanguage\":\"es\",\"@id\":\"https:\\\/\\\/diariotextual.com\\\/inicio\\\/#\\\/schema\\\/logo\\\/image\\\/\",\"url\":\"https:\\\/\\\/diariotextual.com\\\/inicio\\\/wp-content\\\/uploads\\\/2023\\\/05\\\/logotextual1.jpg\",\"contentUrl\":\"https:\\\/\\\/diariotextual.com\\\/inicio\\\/wp-content\\\/uploads\\\/2023\\\/05\\\/logotextual1.jpg\",\"width\":516,\"height\":76,\"caption\":\"Diario Textual\"},\"image\":{\"@id\":\"https:\\\/\\\/diariotextual.com\\\/inicio\\\/#\\\/schema\\\/logo\\\/image\\\/\"},\"sameAs\":[\"https:\\\/\\\/www.facebook.com\\\/eltextual\",\"https:\\\/\\\/x.com\\\/eltextual\",\"http:\\\/\\\/www.instagram.com\\\/eltextual\"]},{\"@type\":\"Person\",\"@id\":\"https:\\\/\\\/diariotextual.com\\\/inicio\\\/#\\\/schema\\\/person\\\/a1b6f563e0ee944c60f98119389a4d9f\",\"name\":\"diario3\",\"image\":{\"@type\":\"ImageObject\",\"inLanguage\":\"es\",\"@id\":\"https:\\\/\\\/secure.gravatar.com\\\/avatar\\\/5e7ee62c82fc04d9dd79d746a390d93c69c43223e5faeeb3ea9461ef752bfc5d?s=96&d=mm&r=g\",\"url\":\"https:\\\/\\\/secure.gravatar.com\\\/avatar\\\/5e7ee62c82fc04d9dd79d746a390d93c69c43223e5faeeb3ea9461ef752bfc5d?s=96&d=mm&r=g\",\"contentUrl\":\"https:\\\/\\\/secure.gravatar.com\\\/avatar\\\/5e7ee62c82fc04d9dd79d746a390d93c69c43223e5faeeb3ea9461ef752bfc5d?s=96&d=mm&r=g\",\"caption\":\"diario3\"},\"url\":\"https:\\\/\\\/diariotextual.com\\\/inicio\\\/index.php\\\/author\\\/diario3\\\/\"}]}<\/script>\n<!-- \/ Yoast SEO plugin. -->","yoast_head_json":{"title":"El Gobierno Nacional envi\u00f3 al Congreso el proyecto de reperfilamiento de deuda - Diario Textual","robots":{"index":"index","follow":"follow","max-snippet":"max-snippet:-1","max-image-preview":"max-image-preview:large","max-video-preview":"max-video-preview:-1"},"canonical":"https:\/\/diariotextual.com\/inicio\/index.php\/2019\/09\/20\/gobierno-nacional-envio-al-congreso-proyecto-reperfilamiento-deuda\/","og_locale":"es_ES","og_type":"article","og_title":"El Gobierno Nacional envi\u00f3 al Congreso el proyecto de reperfilamiento de deuda - Diario Textual","og_description":"Tras la aprobaci\u00f3n de la emergencia alimentaria, el Gobierno envi\u00f3 al Congreso el proyecto de reperfilamiento de deuda que hab\u00eda sido anunciado por el ministro de Hacienda, Hern\u00e1n Lacunza, semanas&hellip;","og_url":"https:\/\/diariotextual.com\/inicio\/index.php\/2019\/09\/20\/gobierno-nacional-envio-al-congreso-proyecto-reperfilamiento-deuda\/","og_site_name":"Diario Textual","article_publisher":"https:\/\/www.facebook.com\/eltextual","article_published_time":"2019-09-20T20:17:17+00:00","og_image":[{"width":840,"height":489,"url":"https:\/\/diariotextual.com\/inicio\/wp-content\/uploads\/2019\/08\/lacunzahernanconferenciasolo0.jpg","type":"image\/jpeg"}],"author":"diario3","twitter_card":"summary_large_image","twitter_creator":"@eltextual","twitter_site":"@eltextual","twitter_misc":{"Escrito por":"diario3","Tiempo de lectura":"2 minutos"},"schema":{"@context":"https:\/\/schema.org","@graph":[{"@type":"Article","@id":"https:\/\/diariotextual.com\/inicio\/index.php\/2019\/09\/20\/gobierno-nacional-envio-al-congreso-proyecto-reperfilamiento-deuda\/#article","isPartOf":{"@id":"https:\/\/diariotextual.com\/inicio\/index.php\/2019\/09\/20\/gobierno-nacional-envio-al-congreso-proyecto-reperfilamiento-deuda\/"},"author":{"name":"diario3","@id":"https:\/\/diariotextual.com\/inicio\/#\/schema\/person\/a1b6f563e0ee944c60f98119389a4d9f"},"headline":"El Gobierno Nacional envi\u00f3 al Congreso el proyecto de reperfilamiento de deuda","datePublished":"2019-09-20T20:17:17+00:00","mainEntityOfPage":{"@id":"https:\/\/diariotextual.com\/inicio\/index.php\/2019\/09\/20\/gobierno-nacional-envio-al-congreso-proyecto-reperfilamiento-deuda\/"},"wordCount":372,"publisher":{"@id":"https:\/\/diariotextual.com\/inicio\/#organization"},"image":{"@id":"https:\/\/diariotextual.com\/inicio\/index.php\/2019\/09\/20\/gobierno-nacional-envio-al-congreso-proyecto-reperfilamiento-deuda\/#primaryimage"},"thumbnailUrl":"https:\/\/diariotextual.com\/inicio\/wp-content\/uploads\/2019\/08\/lacunzahernanconferenciasolo0.jpg","articleSection":["A - QUE PASA (al costado)","ECONOMIA"],"inLanguage":"es"},{"@type":"WebPage","@id":"https:\/\/diariotextual.com\/inicio\/index.php\/2019\/09\/20\/gobierno-nacional-envio-al-congreso-proyecto-reperfilamiento-deuda\/","url":"https:\/\/diariotextual.com\/inicio\/index.php\/2019\/09\/20\/gobierno-nacional-envio-al-congreso-proyecto-reperfilamiento-deuda\/","name":"El Gobierno Nacional envi\u00f3 al Congreso el proyecto de reperfilamiento de deuda - Diario Textual","isPartOf":{"@id":"https:\/\/diariotextual.com\/inicio\/#website"},"primaryImageOfPage":{"@id":"https:\/\/diariotextual.com\/inicio\/index.php\/2019\/09\/20\/gobierno-nacional-envio-al-congreso-proyecto-reperfilamiento-deuda\/#primaryimage"},"image":{"@id":"https:\/\/diariotextual.com\/inicio\/index.php\/2019\/09\/20\/gobierno-nacional-envio-al-congreso-proyecto-reperfilamiento-deuda\/#primaryimage"},"thumbnailUrl":"https:\/\/diariotextual.com\/inicio\/wp-content\/uploads\/2019\/08\/lacunzahernanconferenciasolo0.jpg","datePublished":"2019-09-20T20:17:17+00:00","breadcrumb":{"@id":"https:\/\/diariotextual.com\/inicio\/index.php\/2019\/09\/20\/gobierno-nacional-envio-al-congreso-proyecto-reperfilamiento-deuda\/#breadcrumb"},"inLanguage":"es","potentialAction":[{"@type":"ReadAction","target":["https:\/\/diariotextual.com\/inicio\/index.php\/2019\/09\/20\/gobierno-nacional-envio-al-congreso-proyecto-reperfilamiento-deuda\/"]}]},{"@type":"ImageObject","inLanguage":"es","@id":"https:\/\/diariotextual.com\/inicio\/index.php\/2019\/09\/20\/gobierno-nacional-envio-al-congreso-proyecto-reperfilamiento-deuda\/#primaryimage","url":"https:\/\/diariotextual.com\/inicio\/wp-content\/uploads\/2019\/08\/lacunzahernanconferenciasolo0.jpg","contentUrl":"https:\/\/diariotextual.com\/inicio\/wp-content\/uploads\/2019\/08\/lacunzahernanconferenciasolo0.jpg","width":840,"height":489},{"@type":"BreadcrumbList","@id":"https:\/\/diariotextual.com\/inicio\/index.php\/2019\/09\/20\/gobierno-nacional-envio-al-congreso-proyecto-reperfilamiento-deuda\/#breadcrumb","itemListElement":[{"@type":"ListItem","position":1,"name":"Portada","item":"https:\/\/diariotextual.com\/inicio\/"},{"@type":"ListItem","position":2,"name":"El Gobierno Nacional envi\u00f3 al Congreso el proyecto de reperfilamiento de deuda"}]},{"@type":"WebSite","@id":"https:\/\/diariotextual.com\/inicio\/#website","url":"https:\/\/diariotextual.com\/inicio\/","name":"Diario Textual","description":"","publisher":{"@id":"https:\/\/diariotextual.com\/inicio\/#organization"},"potentialAction":[{"@type":"SearchAction","target":{"@type":"EntryPoint","urlTemplate":"https:\/\/diariotextual.com\/inicio\/?s={search_term_string}"},"query-input":{"@type":"PropertyValueSpecification","valueRequired":true,"valueName":"search_term_string"}}],"inLanguage":"es"},{"@type":"Organization","@id":"https:\/\/diariotextual.com\/inicio\/#organization","name":"Diario Textual","url":"https:\/\/diariotextual.com\/inicio\/","logo":{"@type":"ImageObject","inLanguage":"es","@id":"https:\/\/diariotextual.com\/inicio\/#\/schema\/logo\/image\/","url":"https:\/\/diariotextual.com\/inicio\/wp-content\/uploads\/2023\/05\/logotextual1.jpg","contentUrl":"https:\/\/diariotextual.com\/inicio\/wp-content\/uploads\/2023\/05\/logotextual1.jpg","width":516,"height":76,"caption":"Diario Textual"},"image":{"@id":"https:\/\/diariotextual.com\/inicio\/#\/schema\/logo\/image\/"},"sameAs":["https:\/\/www.facebook.com\/eltextual","https:\/\/x.com\/eltextual","http:\/\/www.instagram.com\/eltextual"]},{"@type":"Person","@id":"https:\/\/diariotextual.com\/inicio\/#\/schema\/person\/a1b6f563e0ee944c60f98119389a4d9f","name":"diario3","image":{"@type":"ImageObject","inLanguage":"es","@id":"https:\/\/secure.gravatar.com\/avatar\/5e7ee62c82fc04d9dd79d746a390d93c69c43223e5faeeb3ea9461ef752bfc5d?s=96&d=mm&r=g","url":"https:\/\/secure.gravatar.com\/avatar\/5e7ee62c82fc04d9dd79d746a390d93c69c43223e5faeeb3ea9461ef752bfc5d?s=96&d=mm&r=g","contentUrl":"https:\/\/secure.gravatar.com\/avatar\/5e7ee62c82fc04d9dd79d746a390d93c69c43223e5faeeb3ea9461ef752bfc5d?s=96&d=mm&r=g","caption":"diario3"},"url":"https:\/\/diariotextual.com\/inicio\/index.php\/author\/diario3\/"}]}},"_links":{"self":[{"href":"https:\/\/diariotextual.com\/inicio\/index.php\/wp-json\/wp\/v2\/posts\/63286","targetHints":{"allow":["GET"]}}],"collection":[{"href":"https:\/\/diariotextual.com\/inicio\/index.php\/wp-json\/wp\/v2\/posts"}],"about":[{"href":"https:\/\/diariotextual.com\/inicio\/index.php\/wp-json\/wp\/v2\/types\/post"}],"author":[{"embeddable":true,"href":"https:\/\/diariotextual.com\/inicio\/index.php\/wp-json\/wp\/v2\/users\/5"}],"replies":[{"embeddable":true,"href":"https:\/\/diariotextual.com\/inicio\/index.php\/wp-json\/wp\/v2\/comments?post=63286"}],"version-history":[{"count":1,"href":"https:\/\/diariotextual.com\/inicio\/index.php\/wp-json\/wp\/v2\/posts\/63286\/revisions"}],"predecessor-version":[{"id":63287,"href":"https:\/\/diariotextual.com\/inicio\/index.php\/wp-json\/wp\/v2\/posts\/63286\/revisions\/63287"}],"wp:featuredmedia":[{"embeddable":true,"href":"https:\/\/diariotextual.com\/inicio\/index.php\/wp-json\/wp\/v2\/media\/60097"}],"wp:attachment":[{"href":"https:\/\/diariotextual.com\/inicio\/index.php\/wp-json\/wp\/v2\/media?parent=63286"}],"wp:term":[{"taxonomy":"category","embeddable":true,"href":"https:\/\/diariotextual.com\/inicio\/index.php\/wp-json\/wp\/v2\/categories?post=63286"},{"taxonomy":"post_tag","embeddable":true,"href":"https:\/\/diariotextual.com\/inicio\/index.php\/wp-json\/wp\/v2\/tags?post=63286"}],"curies":[{"name":"wp","href":"https:\/\/api.w.org\/{rel}","templated":true}]}}