{"id":63299,"date":"2019-09-20T20:44:55","date_gmt":"2019-09-20T23:44:55","guid":{"rendered":"http:\/\/diariotextual.com\/inicio\/?p=63299"},"modified":"2019-09-21T11:18:02","modified_gmt":"2019-09-21T14:18:02","slug":"empresarios-vietnamitas-quieren-comprar-carne-la-pampa","status":"publish","type":"post","link":"https:\/\/diariotextual.com\/inicio\/index.php\/2019\/09\/20\/empresarios-vietnamitas-quieren-comprar-carne-la-pampa\/","title":{"rendered":"Empresarios vietnamitas quieren comprar carne de La Pampa"},"content":{"rendered":"<p>El ministro de la Producci\u00f3n, <strong>Ricardo Moralejo<\/strong>; el presidente de UNILPA, <strong>Rub\u00e9n Gorordo<\/strong>; y\u00a0 el administrador del Frigor\u00edfico Pico, <strong>Patricio Casiraghi<\/strong>, se reunieron con empresarios de Vietnam, quienes llegaron a La Pampa interesados en exportar la carne vacuna y de otras especies pampeanas.<\/p>\n<p>Hace un tiempo estuvo gente de la Embajada de Vietnam en la Provincia, donde se analiz\u00f3 la posibilidad de apertura de ese mercado, sumado a que ya hab\u00eda algunas empresas pampeanas que ven\u00edan trabajando.<\/p>\n<p>El ministro de la Producci\u00f3n agradeci\u00f3 la colaboraci\u00f3n de UNILPa a trav\u00e9s de la C\u00e1mara de Exportadores. \u00abEsto es muy importante y se encuadra dentro de la pol\u00edtica de expansi\u00f3n de mercados de La Pampa, y vemos que el sector de la cadena de carne bovina es uno de los m\u00e1s fuertes que hemos desarrollado en los \u00faltimos a\u00f1os, siendo hoy la tercera provincia con mayor capacidad exportadora y nos es muy grato estas visitas y las inversiones que realizan las empresas buscando adecuarse a las exigencias de los diferentes mercados\u201d, dijo.<\/p>\n<p>En la recorrida realizada se visitaron las instalaciones del Frigor\u00edfico General Pico, Frigor\u00edfico Trenel y ma\u00f1ana se recorrer\u00e1 el Frigor\u00edfico Carnes Naturales de Santa Isabel, ya que el inter\u00e9s de los empresarios no es solo en carne vacuna, sino de todo tipo de prote\u00edna animal.<\/p>\n<p>La reuni\u00f3n de hoy fue con los titulares de la empresa Viet International Development Group, encabezada por su director y m\u00e1nager <strong>Alex Thai.<\/strong><\/p>\n<p>Es la empresa importadora m\u00e1s grande de Vietnam, que logra llevar a su pa\u00eds unos 250 contenedores de carnes congeladas por mes, de los cuales aproximadamente 65 son de carne de b\u00fafalo provenientes de la India, y se trata de carnes pseudo-buvalinas, de color m\u00e1s oscuro, desgrasada y va destinada a la poblaci\u00f3n de menores ingresos. Tambi\u00e9n lo hacen con carne de buena calidad de Australia, algunos pa\u00edses de Europa, e introduci\u00e9ndose al mercado c\u00e1rnico argentino, del cual adquirir\u00edan entre 5 y 10 contenedores por mes.<\/p>\n<blockquote class=\"wp-embedded-content\" data-secret=\"ynI6iuQiWN\"><p><a href=\"http:\/\/diariotextual.com\/inicio\/index.php\/2019\/09\/20\/china-autorizo-exportar-tres-frigorificos-pampeanos\/\">Los frigor\u00edficos de Speluzzi, Pico y Bernasconi fueron autorizados a exportar a China<\/a><\/p><\/blockquote>\n<p><iframe class=\"wp-embedded-content\" sandbox=\"allow-scripts\" security=\"restricted\" style=\"position: absolute; clip: rect(1px, 1px, 1px, 1px);\" src=\"http:\/\/diariotextual.com\/inicio\/index.php\/2019\/09\/20\/china-autorizo-exportar-tres-frigorificos-pampeanos\/embed\/#?secret=ynI6iuQiWN\" data-secret=\"ynI6iuQiWN\" width=\"600\" height=\"338\" title=\"&#171;Los frigor\u00edficos de Speluzzi, Pico y Bernasconi fueron autorizados a exportar a China&#187; &#8212; Diario Textual\" frameborder=\"0\" marginwidth=\"0\" marginheight=\"0\" scrolling=\"no\"><\/iframe><\/p>\n<p>En el caso de la carne desde la provincia de La Pampa, que cuenta con dos frigor\u00edficos aprobados para exportar, se analiza cerrar un volumen de un contenedor por semana. Es decir, aproximadamente unas 100 toneladas por mes, lo que equivale a unos dos mil animales en pie por mes, siendo, en valores monetarios, unos 400 mil d\u00f3lares adicionales.<\/p>\n<blockquote class=\"wp-embedded-content\" data-secret=\"XVTPltpE3R\"><p><a href=\"http:\/\/diariotextual.com\/inicio\/index.php\/2019\/07\/02\/la-pampa-inicia-relaciones-comerciales-vietnam\/\">La Pampa inicia relaciones comerciales con Vietnam<\/a><\/p><\/blockquote>\n<p><iframe class=\"wp-embedded-content\" sandbox=\"allow-scripts\" security=\"restricted\" style=\"position: absolute; clip: rect(1px, 1px, 1px, 1px);\" src=\"http:\/\/diariotextual.com\/inicio\/index.php\/2019\/07\/02\/la-pampa-inicia-relaciones-comerciales-vietnam\/embed\/#?secret=XVTPltpE3R\" data-secret=\"XVTPltpE3R\" width=\"600\" height=\"338\" title=\"&#171;La Pampa inicia relaciones comerciales con Vietnam&#187; &#8212; Diario Textual\" frameborder=\"0\" marginwidth=\"0\" marginheight=\"0\" scrolling=\"no\"><\/iframe><\/p>\n<p>&nbsp;<\/p>\n","protected":false},"excerpt":{"rendered":"<p>El ministro de la Producci\u00f3n, Ricardo Moralejo; el presidente de UNILPA, Rub\u00e9n Gorordo; y\u00a0 el administrador del Frigor\u00edfico Pico, Patricio Casiraghi, se reunieron con empresarios de Vietnam, quienes llegaron a&hellip;<\/p>\n","protected":false},"author":3,"featured_media":63301,"comment_status":"closed","ping_status":"open","sticky":false,"template":"","format":"standard","meta":{"_acf_changed":false,"footnotes":""},"categories":[1,11,319,20],"tags":[2253],"class_list":["post-63299","post","type-post","status-publish","format-standard","has-post-thumbnail","hentry","category-es-noticia","category-que-pasa","category-a-temporales","category-campo","tag-vietnam"],"acf":[],"yoast_head":"<!-- This site is optimized with the Yoast SEO plugin v27.5 - https:\/\/yoast.com\/product\/yoast-seo-wordpress\/ -->\n<title>Empresarios vietnamitas quieren comprar carne de La Pampa - Diario Textual<\/title>\n<meta name=\"robots\" content=\"index, follow, max-snippet:-1, max-image-preview:large, max-video-preview:-1\" \/>\n<link rel=\"canonical\" href=\"https:\/\/diariotextual.com\/inicio\/index.php\/2019\/09\/20\/empresarios-vietnamitas-quieren-comprar-carne-la-pampa\/\" \/>\n<meta property=\"og:locale\" content=\"es_ES\" \/>\n<meta property=\"og:type\" content=\"article\" \/>\n<meta property=\"og:title\" content=\"Empresarios vietnamitas quieren comprar carne de La Pampa - Diario Textual\" \/>\n<meta property=\"og:description\" content=\"El ministro de la Producci\u00f3n, Ricardo Moralejo; el presidente de UNILPA, Rub\u00e9n Gorordo; y\u00a0 el administrador del Frigor\u00edfico Pico, Patricio Casiraghi, se reunieron con empresarios de Vietnam, quienes llegaron a&hellip;\" \/>\n<meta property=\"og:url\" content=\"https:\/\/diariotextual.com\/inicio\/index.php\/2019\/09\/20\/empresarios-vietnamitas-quieren-comprar-carne-la-pampa\/\" \/>\n<meta property=\"og:site_name\" content=\"Diario Textual\" \/>\n<meta property=\"article:publisher\" content=\"https:\/\/www.facebook.com\/eltextual\" \/>\n<meta property=\"article:published_time\" content=\"2019-09-20T23:44:55+00:00\" \/>\n<meta property=\"article:modified_time\" content=\"2019-09-21T14:18:02+00:00\" \/>\n<meta property=\"og:image\" content=\"https:\/\/diariotextual.com\/inicio\/wp-content\/uploads\/2019\/09\/vietnamlapampamoralejo2019-4.jpeg\" \/>\n\t<meta property=\"og:image:width\" content=\"881\" \/>\n\t<meta property=\"og:image:height\" content=\"543\" \/>\n\t<meta property=\"og:image:type\" content=\"image\/jpeg\" \/>\n<meta name=\"author\" content=\"Diario1 Diario1\" \/>\n<meta name=\"twitter:card\" content=\"summary_large_image\" \/>\n<meta name=\"twitter:creator\" content=\"@eltextual\" \/>\n<meta name=\"twitter:site\" content=\"@eltextual\" \/>\n<meta name=\"twitter:label1\" content=\"Escrito por\" \/>\n\t<meta name=\"twitter:data1\" content=\"Diario1 Diario1\" \/>\n\t<meta name=\"twitter:label2\" content=\"Tiempo de lectura\" \/>\n\t<meta name=\"twitter:data2\" content=\"2 minutos\" \/>\n<script type=\"application\/ld+json\" class=\"yoast-schema-graph\">{\"@context\":\"https:\\\/\\\/schema.org\",\"@graph\":[{\"@type\":\"Article\",\"@id\":\"https:\\\/\\\/diariotextual.com\\\/inicio\\\/index.php\\\/2019\\\/09\\\/20\\\/empresarios-vietnamitas-quieren-comprar-carne-la-pampa\\\/#article\",\"isPartOf\":{\"@id\":\"https:\\\/\\\/diariotextual.com\\\/inicio\\\/index.php\\\/2019\\\/09\\\/20\\\/empresarios-vietnamitas-quieren-comprar-carne-la-pampa\\\/\"},\"author\":{\"name\":\"Diario1 Diario1\",\"@id\":\"https:\\\/\\\/diariotextual.com\\\/inicio\\\/#\\\/schema\\\/person\\\/418fc4093c33e86ed41562db3508f958\"},\"headline\":\"Empresarios vietnamitas quieren comprar carne de La Pampa\",\"datePublished\":\"2019-09-20T23:44:55+00:00\",\"dateModified\":\"2019-09-21T14:18:02+00:00\",\"mainEntityOfPage\":{\"@id\":\"https:\\\/\\\/diariotextual.com\\\/inicio\\\/index.php\\\/2019\\\/09\\\/20\\\/empresarios-vietnamitas-quieren-comprar-carne-la-pampa\\\/\"},\"wordCount\":432,\"publisher\":{\"@id\":\"https:\\\/\\\/diariotextual.com\\\/inicio\\\/#organization\"},\"image\":{\"@id\":\"https:\\\/\\\/diariotextual.com\\\/inicio\\\/index.php\\\/2019\\\/09\\\/20\\\/empresarios-vietnamitas-quieren-comprar-carne-la-pampa\\\/#primaryimage\"},\"thumbnailUrl\":\"https:\\\/\\\/diariotextual.com\\\/inicio\\\/wp-content\\\/uploads\\\/2019\\\/09\\\/vietnamlapampamoralejo2019-4.jpeg\",\"keywords\":[\"vietnam\"],\"articleSection\":[\"A - ES NOTICIA (van abajo)\",\"A - QUE PASA (al costado)\",\"A - TEMPORALES\",\"CAMPO\"],\"inLanguage\":\"es\"},{\"@type\":\"WebPage\",\"@id\":\"https:\\\/\\\/diariotextual.com\\\/inicio\\\/index.php\\\/2019\\\/09\\\/20\\\/empresarios-vietnamitas-quieren-comprar-carne-la-pampa\\\/\",\"url\":\"https:\\\/\\\/diariotextual.com\\\/inicio\\\/index.php\\\/2019\\\/09\\\/20\\\/empresarios-vietnamitas-quieren-comprar-carne-la-pampa\\\/\",\"name\":\"Empresarios vietnamitas quieren comprar carne de La Pampa - Diario Textual\",\"isPartOf\":{\"@id\":\"https:\\\/\\\/diariotextual.com\\\/inicio\\\/#website\"},\"primaryImageOfPage\":{\"@id\":\"https:\\\/\\\/diariotextual.com\\\/inicio\\\/index.php\\\/2019\\\/09\\\/20\\\/empresarios-vietnamitas-quieren-comprar-carne-la-pampa\\\/#primaryimage\"},\"image\":{\"@id\":\"https:\\\/\\\/diariotextual.com\\\/inicio\\\/index.php\\\/2019\\\/09\\\/20\\\/empresarios-vietnamitas-quieren-comprar-carne-la-pampa\\\/#primaryimage\"},\"thumbnailUrl\":\"https:\\\/\\\/diariotextual.com\\\/inicio\\\/wp-content\\\/uploads\\\/2019\\\/09\\\/vietnamlapampamoralejo2019-4.jpeg\",\"datePublished\":\"2019-09-20T23:44:55+00:00\",\"dateModified\":\"2019-09-21T14:18:02+00:00\",\"breadcrumb\":{\"@id\":\"https:\\\/\\\/diariotextual.com\\\/inicio\\\/index.php\\\/2019\\\/09\\\/20\\\/empresarios-vietnamitas-quieren-comprar-carne-la-pampa\\\/#breadcrumb\"},\"inLanguage\":\"es\",\"potentialAction\":[{\"@type\":\"ReadAction\",\"target\":[\"https:\\\/\\\/diariotextual.com\\\/inicio\\\/index.php\\\/2019\\\/09\\\/20\\\/empresarios-vietnamitas-quieren-comprar-carne-la-pampa\\\/\"]}]},{\"@type\":\"ImageObject\",\"inLanguage\":\"es\",\"@id\":\"https:\\\/\\\/diariotextual.com\\\/inicio\\\/index.php\\\/2019\\\/09\\\/20\\\/empresarios-vietnamitas-quieren-comprar-carne-la-pampa\\\/#primaryimage\",\"url\":\"https:\\\/\\\/diariotextual.com\\\/inicio\\\/wp-content\\\/uploads\\\/2019\\\/09\\\/vietnamlapampamoralejo2019-4.jpeg\",\"contentUrl\":\"https:\\\/\\\/diariotextual.com\\\/inicio\\\/wp-content\\\/uploads\\\/2019\\\/09\\\/vietnamlapampamoralejo2019-4.jpeg\",\"width\":881,\"height\":543},{\"@type\":\"BreadcrumbList\",\"@id\":\"https:\\\/\\\/diariotextual.com\\\/inicio\\\/index.php\\\/2019\\\/09\\\/20\\\/empresarios-vietnamitas-quieren-comprar-carne-la-pampa\\\/#breadcrumb\",\"itemListElement\":[{\"@type\":\"ListItem\",\"position\":1,\"name\":\"Portada\",\"item\":\"https:\\\/\\\/diariotextual.com\\\/inicio\\\/\"},{\"@type\":\"ListItem\",\"position\":2,\"name\":\"Empresarios vietnamitas quieren comprar carne de La Pampa\"}]},{\"@type\":\"WebSite\",\"@id\":\"https:\\\/\\\/diariotextual.com\\\/inicio\\\/#website\",\"url\":\"https:\\\/\\\/diariotextual.com\\\/inicio\\\/\",\"name\":\"Diario Textual\",\"description\":\"\",\"publisher\":{\"@id\":\"https:\\\/\\\/diariotextual.com\\\/inicio\\\/#organization\"},\"potentialAction\":[{\"@type\":\"SearchAction\",\"target\":{\"@type\":\"EntryPoint\",\"urlTemplate\":\"https:\\\/\\\/diariotextual.com\\\/inicio\\\/?s={search_term_string}\"},\"query-input\":{\"@type\":\"PropertyValueSpecification\",\"valueRequired\":true,\"valueName\":\"search_term_string\"}}],\"inLanguage\":\"es\"},{\"@type\":\"Organization\",\"@id\":\"https:\\\/\\\/diariotextual.com\\\/inicio\\\/#organization\",\"name\":\"Diario Textual\",\"url\":\"https:\\\/\\\/diariotextual.com\\\/inicio\\\/\",\"logo\":{\"@type\":\"ImageObject\",\"inLanguage\":\"es\",\"@id\":\"https:\\\/\\\/diariotextual.com\\\/inicio\\\/#\\\/schema\\\/logo\\\/image\\\/\",\"url\":\"https:\\\/\\\/diariotextual.com\\\/inicio\\\/wp-content\\\/uploads\\\/2023\\\/05\\\/logotextual1.jpg\",\"contentUrl\":\"https:\\\/\\\/diariotextual.com\\\/inicio\\\/wp-content\\\/uploads\\\/2023\\\/05\\\/logotextual1.jpg\",\"width\":516,\"height\":76,\"caption\":\"Diario Textual\"},\"image\":{\"@id\":\"https:\\\/\\\/diariotextual.com\\\/inicio\\\/#\\\/schema\\\/logo\\\/image\\\/\"},\"sameAs\":[\"https:\\\/\\\/www.facebook.com\\\/eltextual\",\"https:\\\/\\\/x.com\\\/eltextual\",\"http:\\\/\\\/www.instagram.com\\\/eltextual\"]},{\"@type\":\"Person\",\"@id\":\"https:\\\/\\\/diariotextual.com\\\/inicio\\\/#\\\/schema\\\/person\\\/418fc4093c33e86ed41562db3508f958\",\"name\":\"Diario1 Diario1\",\"image\":{\"@type\":\"ImageObject\",\"inLanguage\":\"es\",\"@id\":\"https:\\\/\\\/secure.gravatar.com\\\/avatar\\\/9167d280179c85bc18be67aa7eda765854300033af4896dd779b608640f2ef7a?s=96&d=mm&r=g\",\"url\":\"https:\\\/\\\/secure.gravatar.com\\\/avatar\\\/9167d280179c85bc18be67aa7eda765854300033af4896dd779b608640f2ef7a?s=96&d=mm&r=g\",\"contentUrl\":\"https:\\\/\\\/secure.gravatar.com\\\/avatar\\\/9167d280179c85bc18be67aa7eda765854300033af4896dd779b608640f2ef7a?s=96&d=mm&r=g\",\"caption\":\"Diario1 Diario1\"},\"url\":\"https:\\\/\\\/diariotextual.com\\\/inicio\\\/index.php\\\/author\\\/diario1\\\/\"}]}<\/script>\n<!-- \/ Yoast SEO plugin. -->","yoast_head_json":{"title":"Empresarios vietnamitas quieren comprar carne de La Pampa - Diario Textual","robots":{"index":"index","follow":"follow","max-snippet":"max-snippet:-1","max-image-preview":"max-image-preview:large","max-video-preview":"max-video-preview:-1"},"canonical":"https:\/\/diariotextual.com\/inicio\/index.php\/2019\/09\/20\/empresarios-vietnamitas-quieren-comprar-carne-la-pampa\/","og_locale":"es_ES","og_type":"article","og_title":"Empresarios vietnamitas quieren comprar carne de La Pampa - Diario Textual","og_description":"El ministro de la Producci\u00f3n, Ricardo Moralejo; el presidente de UNILPA, Rub\u00e9n Gorordo; y\u00a0 el administrador del Frigor\u00edfico Pico, Patricio Casiraghi, se reunieron con empresarios de Vietnam, quienes llegaron a&hellip;","og_url":"https:\/\/diariotextual.com\/inicio\/index.php\/2019\/09\/20\/empresarios-vietnamitas-quieren-comprar-carne-la-pampa\/","og_site_name":"Diario Textual","article_publisher":"https:\/\/www.facebook.com\/eltextual","article_published_time":"2019-09-20T23:44:55+00:00","article_modified_time":"2019-09-21T14:18:02+00:00","og_image":[{"width":881,"height":543,"url":"https:\/\/diariotextual.com\/inicio\/wp-content\/uploads\/2019\/09\/vietnamlapampamoralejo2019-4.jpeg","type":"image\/jpeg"}],"author":"Diario1 Diario1","twitter_card":"summary_large_image","twitter_creator":"@eltextual","twitter_site":"@eltextual","twitter_misc":{"Escrito por":"Diario1 Diario1","Tiempo de lectura":"2 minutos"},"schema":{"@context":"https:\/\/schema.org","@graph":[{"@type":"Article","@id":"https:\/\/diariotextual.com\/inicio\/index.php\/2019\/09\/20\/empresarios-vietnamitas-quieren-comprar-carne-la-pampa\/#article","isPartOf":{"@id":"https:\/\/diariotextual.com\/inicio\/index.php\/2019\/09\/20\/empresarios-vietnamitas-quieren-comprar-carne-la-pampa\/"},"author":{"name":"Diario1 Diario1","@id":"https:\/\/diariotextual.com\/inicio\/#\/schema\/person\/418fc4093c33e86ed41562db3508f958"},"headline":"Empresarios vietnamitas quieren comprar carne de La Pampa","datePublished":"2019-09-20T23:44:55+00:00","dateModified":"2019-09-21T14:18:02+00:00","mainEntityOfPage":{"@id":"https:\/\/diariotextual.com\/inicio\/index.php\/2019\/09\/20\/empresarios-vietnamitas-quieren-comprar-carne-la-pampa\/"},"wordCount":432,"publisher":{"@id":"https:\/\/diariotextual.com\/inicio\/#organization"},"image":{"@id":"https:\/\/diariotextual.com\/inicio\/index.php\/2019\/09\/20\/empresarios-vietnamitas-quieren-comprar-carne-la-pampa\/#primaryimage"},"thumbnailUrl":"https:\/\/diariotextual.com\/inicio\/wp-content\/uploads\/2019\/09\/vietnamlapampamoralejo2019-4.jpeg","keywords":["vietnam"],"articleSection":["A - ES NOTICIA (van abajo)","A - QUE PASA (al costado)","A - TEMPORALES","CAMPO"],"inLanguage":"es"},{"@type":"WebPage","@id":"https:\/\/diariotextual.com\/inicio\/index.php\/2019\/09\/20\/empresarios-vietnamitas-quieren-comprar-carne-la-pampa\/","url":"https:\/\/diariotextual.com\/inicio\/index.php\/2019\/09\/20\/empresarios-vietnamitas-quieren-comprar-carne-la-pampa\/","name":"Empresarios vietnamitas quieren comprar carne de La Pampa - Diario Textual","isPartOf":{"@id":"https:\/\/diariotextual.com\/inicio\/#website"},"primaryImageOfPage":{"@id":"https:\/\/diariotextual.com\/inicio\/index.php\/2019\/09\/20\/empresarios-vietnamitas-quieren-comprar-carne-la-pampa\/#primaryimage"},"image":{"@id":"https:\/\/diariotextual.com\/inicio\/index.php\/2019\/09\/20\/empresarios-vietnamitas-quieren-comprar-carne-la-pampa\/#primaryimage"},"thumbnailUrl":"https:\/\/diariotextual.com\/inicio\/wp-content\/uploads\/2019\/09\/vietnamlapampamoralejo2019-4.jpeg","datePublished":"2019-09-20T23:44:55+00:00","dateModified":"2019-09-21T14:18:02+00:00","breadcrumb":{"@id":"https:\/\/diariotextual.com\/inicio\/index.php\/2019\/09\/20\/empresarios-vietnamitas-quieren-comprar-carne-la-pampa\/#breadcrumb"},"inLanguage":"es","potentialAction":[{"@type":"ReadAction","target":["https:\/\/diariotextual.com\/inicio\/index.php\/2019\/09\/20\/empresarios-vietnamitas-quieren-comprar-carne-la-pampa\/"]}]},{"@type":"ImageObject","inLanguage":"es","@id":"https:\/\/diariotextual.com\/inicio\/index.php\/2019\/09\/20\/empresarios-vietnamitas-quieren-comprar-carne-la-pampa\/#primaryimage","url":"https:\/\/diariotextual.com\/inicio\/wp-content\/uploads\/2019\/09\/vietnamlapampamoralejo2019-4.jpeg","contentUrl":"https:\/\/diariotextual.com\/inicio\/wp-content\/uploads\/2019\/09\/vietnamlapampamoralejo2019-4.jpeg","width":881,"height":543},{"@type":"BreadcrumbList","@id":"https:\/\/diariotextual.com\/inicio\/index.php\/2019\/09\/20\/empresarios-vietnamitas-quieren-comprar-carne-la-pampa\/#breadcrumb","itemListElement":[{"@type":"ListItem","position":1,"name":"Portada","item":"https:\/\/diariotextual.com\/inicio\/"},{"@type":"ListItem","position":2,"name":"Empresarios vietnamitas quieren comprar carne de La Pampa"}]},{"@type":"WebSite","@id":"https:\/\/diariotextual.com\/inicio\/#website","url":"https:\/\/diariotextual.com\/inicio\/","name":"Diario Textual","description":"","publisher":{"@id":"https:\/\/diariotextual.com\/inicio\/#organization"},"potentialAction":[{"@type":"SearchAction","target":{"@type":"EntryPoint","urlTemplate":"https:\/\/diariotextual.com\/inicio\/?s={search_term_string}"},"query-input":{"@type":"PropertyValueSpecification","valueRequired":true,"valueName":"search_term_string"}}],"inLanguage":"es"},{"@type":"Organization","@id":"https:\/\/diariotextual.com\/inicio\/#organization","name":"Diario Textual","url":"https:\/\/diariotextual.com\/inicio\/","logo":{"@type":"ImageObject","inLanguage":"es","@id":"https:\/\/diariotextual.com\/inicio\/#\/schema\/logo\/image\/","url":"https:\/\/diariotextual.com\/inicio\/wp-content\/uploads\/2023\/05\/logotextual1.jpg","contentUrl":"https:\/\/diariotextual.com\/inicio\/wp-content\/uploads\/2023\/05\/logotextual1.jpg","width":516,"height":76,"caption":"Diario Textual"},"image":{"@id":"https:\/\/diariotextual.com\/inicio\/#\/schema\/logo\/image\/"},"sameAs":["https:\/\/www.facebook.com\/eltextual","https:\/\/x.com\/eltextual","http:\/\/www.instagram.com\/eltextual"]},{"@type":"Person","@id":"https:\/\/diariotextual.com\/inicio\/#\/schema\/person\/418fc4093c33e86ed41562db3508f958","name":"Diario1 Diario1","image":{"@type":"ImageObject","inLanguage":"es","@id":"https:\/\/secure.gravatar.com\/avatar\/9167d280179c85bc18be67aa7eda765854300033af4896dd779b608640f2ef7a?s=96&d=mm&r=g","url":"https:\/\/secure.gravatar.com\/avatar\/9167d280179c85bc18be67aa7eda765854300033af4896dd779b608640f2ef7a?s=96&d=mm&r=g","contentUrl":"https:\/\/secure.gravatar.com\/avatar\/9167d280179c85bc18be67aa7eda765854300033af4896dd779b608640f2ef7a?s=96&d=mm&r=g","caption":"Diario1 Diario1"},"url":"https:\/\/diariotextual.com\/inicio\/index.php\/author\/diario1\/"}]}},"_links":{"self":[{"href":"https:\/\/diariotextual.com\/inicio\/index.php\/wp-json\/wp\/v2\/posts\/63299","targetHints":{"allow":["GET"]}}],"collection":[{"href":"https:\/\/diariotextual.com\/inicio\/index.php\/wp-json\/wp\/v2\/posts"}],"about":[{"href":"https:\/\/diariotextual.com\/inicio\/index.php\/wp-json\/wp\/v2\/types\/post"}],"author":[{"embeddable":true,"href":"https:\/\/diariotextual.com\/inicio\/index.php\/wp-json\/wp\/v2\/users\/3"}],"replies":[{"embeddable":true,"href":"https:\/\/diariotextual.com\/inicio\/index.php\/wp-json\/wp\/v2\/comments?post=63299"}],"version-history":[{"count":2,"href":"https:\/\/diariotextual.com\/inicio\/index.php\/wp-json\/wp\/v2\/posts\/63299\/revisions"}],"predecessor-version":[{"id":63304,"href":"https:\/\/diariotextual.com\/inicio\/index.php\/wp-json\/wp\/v2\/posts\/63299\/revisions\/63304"}],"wp:featuredmedia":[{"embeddable":true,"href":"https:\/\/diariotextual.com\/inicio\/index.php\/wp-json\/wp\/v2\/media\/63301"}],"wp:attachment":[{"href":"https:\/\/diariotextual.com\/inicio\/index.php\/wp-json\/wp\/v2\/media?parent=63299"}],"wp:term":[{"taxonomy":"category","embeddable":true,"href":"https:\/\/diariotextual.com\/inicio\/index.php\/wp-json\/wp\/v2\/categories?post=63299"},{"taxonomy":"post_tag","embeddable":true,"href":"https:\/\/diariotextual.com\/inicio\/index.php\/wp-json\/wp\/v2\/tags?post=63299"}],"curies":[{"name":"wp","href":"https:\/\/api.w.org\/{rel}","templated":true}]}}