{"id":63337,"date":"2019-09-21T09:21:05","date_gmt":"2019-09-21T12:21:05","guid":{"rendered":"http:\/\/diariotextual.com\/inicio\/?p=63337"},"modified":"2019-09-21T20:42:41","modified_gmt":"2019-09-21T23:42:41","slug":"vuelven-marchar-choque-termino-seis-vidas-cruce-anguil","status":"publish","type":"post","link":"https:\/\/diariotextual.com\/inicio\/index.php\/2019\/09\/21\/vuelven-marchar-choque-termino-seis-vidas-cruce-anguil\/","title":{"rendered":"Vuelven a marchar por el choque que termin\u00f3 con seis vidas en el Cruce de Anguil"},"content":{"rendered":"<p>Las familias Palacio y Abascal volver\u00e1n a marchar este<strong> domingo\u00a022<\/strong> por las calles de la ciudad de Santa Rosa, en reclamo de justicia y para que le pongan fecha al juicio que deber\u00e1 afrontar el acusado del siniestro vial que termin\u00f3 con la vida de <strong>seis personas<\/strong> -entre ellas tres nenes y una embarazada- en el cruce de las rutas 5 y 7, en proximidades de Anguil, el 25 de diciembre de 2018.<\/p>\n<p>El Tribunal de Audiencia est\u00e1 integrado por los jueces Gast\u00f3n Boulenaz, Andr\u00e9s Oli\u00e9 y Alejandra Ongaro. El 1\u00b0 de octubre se har\u00e1 la presentaci\u00f3n de pruebas y, posteriormente, el tribunal le pondr\u00e1 fecha al juicio oral.<\/p>\n<p>El imputado es Esteban Hotz. Se trasladaba en una Mercedes Benz SUV, que choc\u00f3 el autom\u00f3vil Peugeot 206 en el que se trasladaba la familia Palacio. En abril, un perito de la Agencia de Investigaciones Cient\u00edficas entreg\u00f3 el informe donde estim\u00f3 la velocidad del Mercedes: 174 km\/h, en un cruce donde se debe transitar a 60 km\/h.<\/p>\n<p>En este siniestro vial murieron Franco Palacio, su\u00a0pareja\u00a0Guadalupe Abascal\u00a0-quien estaba embarazada- y su hermana\u00a0Daiana Palacio.\u00a0Los nenes fallecidos fueron\u00a0Milagros\u00a0de 6 a\u00f1os y\u00a0Gonzalo\u00a0de 3 a\u00f1os, hijos de Franco, e\u00a0Isabella\u00a0de 6 a\u00f1os, hija de Daiana.<\/p>\n<p><strong>M\u00f3nica Siderac<\/strong>, madre de Franco y abuela de las v\u00edctimas fatales, dijo a Diario Textual que marchar\u00e1n este domingo, a las 16.30 horas, en la plaza San Mart\u00edn. \u201cQueremos que le pongan ya fecha al juicio y queremos que el conductor de la Mercedes vaya preso\u201d, dijo.<\/p>\n<p>El siniestro se registr\u00f3 a las 12.10 horas del 25 de diciembre pasado, a unos 35 kil\u00f3metros al este de Santa Rosa. Chocaron una Mercedes Benz SUV y un Peugeot 206.<\/p>\n<p>Los fallecidos fueron todos de Santa Rosa. El Peugeot, que se trasladaba desde Santa Rosa por la ruta nacional 5, se pas\u00f3 unos 20 metros del cruce y pretendi\u00f3 girar en \u00abL\u00bb hacia la izquierda para tomar la arteria que lo llevara a la ruta provincial 7. En ese momento, fue impactado en el lateral izquierdo por el Mercedes. Seg\u00fan un perito oficial, si hubiese ido a menor velocidad el Peugeot hubiera tenido tiempo de girar sin que se provocara el choque.<\/p>\n<p>&nbsp;<\/p>\n<p>&nbsp;<\/p>\n<p>&nbsp;<\/p>\n","protected":false},"excerpt":{"rendered":"<p>Las familias Palacio y Abascal volver\u00e1n a marchar este domingo\u00a022 por las calles de la ciudad de Santa Rosa, en reclamo de justicia y para que le pongan fecha al&hellip;<\/p>\n","protected":false},"author":3,"featured_media":56629,"comment_status":"closed","ping_status":"open","sticky":false,"template":"","format":"standard","meta":{"_acf_changed":false,"footnotes":""},"categories":[11,319,12],"tags":[],"class_list":["post-63337","post","type-post","status-publish","format-standard","has-post-thumbnail","hentry","category-que-pasa","category-a-temporales","category-sociedad"],"acf":[],"yoast_head":"<!-- This site is optimized with the Yoast SEO plugin v27.5 - https:\/\/yoast.com\/product\/yoast-seo-wordpress\/ -->\n<title>Vuelven a marchar por el choque que termin\u00f3 con seis vidas en el Cruce de Anguil - Diario Textual<\/title>\n<meta name=\"robots\" content=\"index, follow, max-snippet:-1, max-image-preview:large, max-video-preview:-1\" \/>\n<link rel=\"canonical\" href=\"https:\/\/diariotextual.com\/inicio\/index.php\/2019\/09\/21\/vuelven-marchar-choque-termino-seis-vidas-cruce-anguil\/\" \/>\n<meta property=\"og:locale\" content=\"es_ES\" \/>\n<meta property=\"og:type\" content=\"article\" \/>\n<meta property=\"og:title\" content=\"Vuelven a marchar por el choque que termin\u00f3 con seis vidas en el Cruce de Anguil - Diario Textual\" \/>\n<meta property=\"og:description\" content=\"Las familias Palacio y Abascal volver\u00e1n a marchar este domingo\u00a022 por las calles de la ciudad de Santa Rosa, en reclamo de justicia y para que le pongan fecha al&hellip;\" \/>\n<meta property=\"og:url\" content=\"https:\/\/diariotextual.com\/inicio\/index.php\/2019\/09\/21\/vuelven-marchar-choque-termino-seis-vidas-cruce-anguil\/\" \/>\n<meta property=\"og:site_name\" content=\"Diario Textual\" \/>\n<meta property=\"article:publisher\" content=\"https:\/\/www.facebook.com\/eltextual\" \/>\n<meta property=\"article:published_time\" content=\"2019-09-21T12:21:05+00:00\" \/>\n<meta property=\"article:modified_time\" content=\"2019-09-21T23:42:41+00:00\" \/>\n<meta property=\"og:image\" content=\"https:\/\/diariotextual.com\/inicio\/wp-content\/uploads\/2019\/07\/palaciofamiliamarchasiniestroanguilmonicasiderac2019-2.jpg\" \/>\n\t<meta property=\"og:image:width\" content=\"1200\" \/>\n\t<meta property=\"og:image:height\" content=\"743\" \/>\n\t<meta property=\"og:image:type\" content=\"image\/jpeg\" \/>\n<meta name=\"author\" content=\"Diario1 Diario1\" \/>\n<meta name=\"twitter:card\" content=\"summary_large_image\" \/>\n<meta name=\"twitter:creator\" content=\"@eltextual\" \/>\n<meta name=\"twitter:site\" content=\"@eltextual\" \/>\n<meta name=\"twitter:label1\" content=\"Escrito por\" \/>\n\t<meta name=\"twitter:data1\" content=\"Diario1 Diario1\" \/>\n\t<meta name=\"twitter:label2\" content=\"Tiempo de lectura\" \/>\n\t<meta name=\"twitter:data2\" content=\"2 minutos\" \/>\n<script type=\"application\/ld+json\" class=\"yoast-schema-graph\">{\"@context\":\"https:\\\/\\\/schema.org\",\"@graph\":[{\"@type\":\"Article\",\"@id\":\"https:\\\/\\\/diariotextual.com\\\/inicio\\\/index.php\\\/2019\\\/09\\\/21\\\/vuelven-marchar-choque-termino-seis-vidas-cruce-anguil\\\/#article\",\"isPartOf\":{\"@id\":\"https:\\\/\\\/diariotextual.com\\\/inicio\\\/index.php\\\/2019\\\/09\\\/21\\\/vuelven-marchar-choque-termino-seis-vidas-cruce-anguil\\\/\"},\"author\":{\"name\":\"Diario1 Diario1\",\"@id\":\"https:\\\/\\\/diariotextual.com\\\/inicio\\\/#\\\/schema\\\/person\\\/418fc4093c33e86ed41562db3508f958\"},\"headline\":\"Vuelven a marchar por el choque que termin\u00f3 con seis vidas en el Cruce de Anguil\",\"datePublished\":\"2019-09-21T12:21:05+00:00\",\"dateModified\":\"2019-09-21T23:42:41+00:00\",\"mainEntityOfPage\":{\"@id\":\"https:\\\/\\\/diariotextual.com\\\/inicio\\\/index.php\\\/2019\\\/09\\\/21\\\/vuelven-marchar-choque-termino-seis-vidas-cruce-anguil\\\/\"},\"wordCount\":386,\"publisher\":{\"@id\":\"https:\\\/\\\/diariotextual.com\\\/inicio\\\/#organization\"},\"image\":{\"@id\":\"https:\\\/\\\/diariotextual.com\\\/inicio\\\/index.php\\\/2019\\\/09\\\/21\\\/vuelven-marchar-choque-termino-seis-vidas-cruce-anguil\\\/#primaryimage\"},\"thumbnailUrl\":\"https:\\\/\\\/diariotextual.com\\\/inicio\\\/wp-content\\\/uploads\\\/2019\\\/07\\\/palaciofamiliamarchasiniestroanguilmonicasiderac2019-2.jpg\",\"articleSection\":[\"A - QUE PASA (al costado)\",\"A - TEMPORALES\",\"SOCIEDAD\"],\"inLanguage\":\"es\"},{\"@type\":\"WebPage\",\"@id\":\"https:\\\/\\\/diariotextual.com\\\/inicio\\\/index.php\\\/2019\\\/09\\\/21\\\/vuelven-marchar-choque-termino-seis-vidas-cruce-anguil\\\/\",\"url\":\"https:\\\/\\\/diariotextual.com\\\/inicio\\\/index.php\\\/2019\\\/09\\\/21\\\/vuelven-marchar-choque-termino-seis-vidas-cruce-anguil\\\/\",\"name\":\"Vuelven a marchar por el choque que termin\u00f3 con seis vidas en el Cruce de Anguil - Diario Textual\",\"isPartOf\":{\"@id\":\"https:\\\/\\\/diariotextual.com\\\/inicio\\\/#website\"},\"primaryImageOfPage\":{\"@id\":\"https:\\\/\\\/diariotextual.com\\\/inicio\\\/index.php\\\/2019\\\/09\\\/21\\\/vuelven-marchar-choque-termino-seis-vidas-cruce-anguil\\\/#primaryimage\"},\"image\":{\"@id\":\"https:\\\/\\\/diariotextual.com\\\/inicio\\\/index.php\\\/2019\\\/09\\\/21\\\/vuelven-marchar-choque-termino-seis-vidas-cruce-anguil\\\/#primaryimage\"},\"thumbnailUrl\":\"https:\\\/\\\/diariotextual.com\\\/inicio\\\/wp-content\\\/uploads\\\/2019\\\/07\\\/palaciofamiliamarchasiniestroanguilmonicasiderac2019-2.jpg\",\"datePublished\":\"2019-09-21T12:21:05+00:00\",\"dateModified\":\"2019-09-21T23:42:41+00:00\",\"breadcrumb\":{\"@id\":\"https:\\\/\\\/diariotextual.com\\\/inicio\\\/index.php\\\/2019\\\/09\\\/21\\\/vuelven-marchar-choque-termino-seis-vidas-cruce-anguil\\\/#breadcrumb\"},\"inLanguage\":\"es\",\"potentialAction\":[{\"@type\":\"ReadAction\",\"target\":[\"https:\\\/\\\/diariotextual.com\\\/inicio\\\/index.php\\\/2019\\\/09\\\/21\\\/vuelven-marchar-choque-termino-seis-vidas-cruce-anguil\\\/\"]}]},{\"@type\":\"ImageObject\",\"inLanguage\":\"es\",\"@id\":\"https:\\\/\\\/diariotextual.com\\\/inicio\\\/index.php\\\/2019\\\/09\\\/21\\\/vuelven-marchar-choque-termino-seis-vidas-cruce-anguil\\\/#primaryimage\",\"url\":\"https:\\\/\\\/diariotextual.com\\\/inicio\\\/wp-content\\\/uploads\\\/2019\\\/07\\\/palaciofamiliamarchasiniestroanguilmonicasiderac2019-2.jpg\",\"contentUrl\":\"https:\\\/\\\/diariotextual.com\\\/inicio\\\/wp-content\\\/uploads\\\/2019\\\/07\\\/palaciofamiliamarchasiniestroanguilmonicasiderac2019-2.jpg\",\"width\":1200,\"height\":743},{\"@type\":\"BreadcrumbList\",\"@id\":\"https:\\\/\\\/diariotextual.com\\\/inicio\\\/index.php\\\/2019\\\/09\\\/21\\\/vuelven-marchar-choque-termino-seis-vidas-cruce-anguil\\\/#breadcrumb\",\"itemListElement\":[{\"@type\":\"ListItem\",\"position\":1,\"name\":\"Portada\",\"item\":\"https:\\\/\\\/diariotextual.com\\\/inicio\\\/\"},{\"@type\":\"ListItem\",\"position\":2,\"name\":\"Vuelven a marchar por el choque que termin\u00f3 con seis vidas en el Cruce de Anguil\"}]},{\"@type\":\"WebSite\",\"@id\":\"https:\\\/\\\/diariotextual.com\\\/inicio\\\/#website\",\"url\":\"https:\\\/\\\/diariotextual.com\\\/inicio\\\/\",\"name\":\"Diario Textual\",\"description\":\"\",\"publisher\":{\"@id\":\"https:\\\/\\\/diariotextual.com\\\/inicio\\\/#organization\"},\"potentialAction\":[{\"@type\":\"SearchAction\",\"target\":{\"@type\":\"EntryPoint\",\"urlTemplate\":\"https:\\\/\\\/diariotextual.com\\\/inicio\\\/?s={search_term_string}\"},\"query-input\":{\"@type\":\"PropertyValueSpecification\",\"valueRequired\":true,\"valueName\":\"search_term_string\"}}],\"inLanguage\":\"es\"},{\"@type\":\"Organization\",\"@id\":\"https:\\\/\\\/diariotextual.com\\\/inicio\\\/#organization\",\"name\":\"Diario Textual\",\"url\":\"https:\\\/\\\/diariotextual.com\\\/inicio\\\/\",\"logo\":{\"@type\":\"ImageObject\",\"inLanguage\":\"es\",\"@id\":\"https:\\\/\\\/diariotextual.com\\\/inicio\\\/#\\\/schema\\\/logo\\\/image\\\/\",\"url\":\"https:\\\/\\\/diariotextual.com\\\/inicio\\\/wp-content\\\/uploads\\\/2023\\\/05\\\/logotextual1.jpg\",\"contentUrl\":\"https:\\\/\\\/diariotextual.com\\\/inicio\\\/wp-content\\\/uploads\\\/2023\\\/05\\\/logotextual1.jpg\",\"width\":516,\"height\":76,\"caption\":\"Diario Textual\"},\"image\":{\"@id\":\"https:\\\/\\\/diariotextual.com\\\/inicio\\\/#\\\/schema\\\/logo\\\/image\\\/\"},\"sameAs\":[\"https:\\\/\\\/www.facebook.com\\\/eltextual\",\"https:\\\/\\\/x.com\\\/eltextual\",\"http:\\\/\\\/www.instagram.com\\\/eltextual\"]},{\"@type\":\"Person\",\"@id\":\"https:\\\/\\\/diariotextual.com\\\/inicio\\\/#\\\/schema\\\/person\\\/418fc4093c33e86ed41562db3508f958\",\"name\":\"Diario1 Diario1\",\"image\":{\"@type\":\"ImageObject\",\"inLanguage\":\"es\",\"@id\":\"https:\\\/\\\/secure.gravatar.com\\\/avatar\\\/9167d280179c85bc18be67aa7eda765854300033af4896dd779b608640f2ef7a?s=96&d=mm&r=g\",\"url\":\"https:\\\/\\\/secure.gravatar.com\\\/avatar\\\/9167d280179c85bc18be67aa7eda765854300033af4896dd779b608640f2ef7a?s=96&d=mm&r=g\",\"contentUrl\":\"https:\\\/\\\/secure.gravatar.com\\\/avatar\\\/9167d280179c85bc18be67aa7eda765854300033af4896dd779b608640f2ef7a?s=96&d=mm&r=g\",\"caption\":\"Diario1 Diario1\"},\"url\":\"https:\\\/\\\/diariotextual.com\\\/inicio\\\/index.php\\\/author\\\/diario1\\\/\"}]}<\/script>\n<!-- \/ Yoast SEO plugin. -->","yoast_head_json":{"title":"Vuelven a marchar por el choque que termin\u00f3 con seis vidas en el Cruce de Anguil - Diario Textual","robots":{"index":"index","follow":"follow","max-snippet":"max-snippet:-1","max-image-preview":"max-image-preview:large","max-video-preview":"max-video-preview:-1"},"canonical":"https:\/\/diariotextual.com\/inicio\/index.php\/2019\/09\/21\/vuelven-marchar-choque-termino-seis-vidas-cruce-anguil\/","og_locale":"es_ES","og_type":"article","og_title":"Vuelven a marchar por el choque que termin\u00f3 con seis vidas en el Cruce de Anguil - Diario Textual","og_description":"Las familias Palacio y Abascal volver\u00e1n a marchar este domingo\u00a022 por las calles de la ciudad de Santa Rosa, en reclamo de justicia y para que le pongan fecha al&hellip;","og_url":"https:\/\/diariotextual.com\/inicio\/index.php\/2019\/09\/21\/vuelven-marchar-choque-termino-seis-vidas-cruce-anguil\/","og_site_name":"Diario Textual","article_publisher":"https:\/\/www.facebook.com\/eltextual","article_published_time":"2019-09-21T12:21:05+00:00","article_modified_time":"2019-09-21T23:42:41+00:00","og_image":[{"width":1200,"height":743,"url":"https:\/\/diariotextual.com\/inicio\/wp-content\/uploads\/2019\/07\/palaciofamiliamarchasiniestroanguilmonicasiderac2019-2.jpg","type":"image\/jpeg"}],"author":"Diario1 Diario1","twitter_card":"summary_large_image","twitter_creator":"@eltextual","twitter_site":"@eltextual","twitter_misc":{"Escrito por":"Diario1 Diario1","Tiempo de lectura":"2 minutos"},"schema":{"@context":"https:\/\/schema.org","@graph":[{"@type":"Article","@id":"https:\/\/diariotextual.com\/inicio\/index.php\/2019\/09\/21\/vuelven-marchar-choque-termino-seis-vidas-cruce-anguil\/#article","isPartOf":{"@id":"https:\/\/diariotextual.com\/inicio\/index.php\/2019\/09\/21\/vuelven-marchar-choque-termino-seis-vidas-cruce-anguil\/"},"author":{"name":"Diario1 Diario1","@id":"https:\/\/diariotextual.com\/inicio\/#\/schema\/person\/418fc4093c33e86ed41562db3508f958"},"headline":"Vuelven a marchar por el choque que termin\u00f3 con seis vidas en el Cruce de Anguil","datePublished":"2019-09-21T12:21:05+00:00","dateModified":"2019-09-21T23:42:41+00:00","mainEntityOfPage":{"@id":"https:\/\/diariotextual.com\/inicio\/index.php\/2019\/09\/21\/vuelven-marchar-choque-termino-seis-vidas-cruce-anguil\/"},"wordCount":386,"publisher":{"@id":"https:\/\/diariotextual.com\/inicio\/#organization"},"image":{"@id":"https:\/\/diariotextual.com\/inicio\/index.php\/2019\/09\/21\/vuelven-marchar-choque-termino-seis-vidas-cruce-anguil\/#primaryimage"},"thumbnailUrl":"https:\/\/diariotextual.com\/inicio\/wp-content\/uploads\/2019\/07\/palaciofamiliamarchasiniestroanguilmonicasiderac2019-2.jpg","articleSection":["A - QUE PASA (al costado)","A - TEMPORALES","SOCIEDAD"],"inLanguage":"es"},{"@type":"WebPage","@id":"https:\/\/diariotextual.com\/inicio\/index.php\/2019\/09\/21\/vuelven-marchar-choque-termino-seis-vidas-cruce-anguil\/","url":"https:\/\/diariotextual.com\/inicio\/index.php\/2019\/09\/21\/vuelven-marchar-choque-termino-seis-vidas-cruce-anguil\/","name":"Vuelven a marchar por el choque que termin\u00f3 con seis vidas en el Cruce de Anguil - Diario Textual","isPartOf":{"@id":"https:\/\/diariotextual.com\/inicio\/#website"},"primaryImageOfPage":{"@id":"https:\/\/diariotextual.com\/inicio\/index.php\/2019\/09\/21\/vuelven-marchar-choque-termino-seis-vidas-cruce-anguil\/#primaryimage"},"image":{"@id":"https:\/\/diariotextual.com\/inicio\/index.php\/2019\/09\/21\/vuelven-marchar-choque-termino-seis-vidas-cruce-anguil\/#primaryimage"},"thumbnailUrl":"https:\/\/diariotextual.com\/inicio\/wp-content\/uploads\/2019\/07\/palaciofamiliamarchasiniestroanguilmonicasiderac2019-2.jpg","datePublished":"2019-09-21T12:21:05+00:00","dateModified":"2019-09-21T23:42:41+00:00","breadcrumb":{"@id":"https:\/\/diariotextual.com\/inicio\/index.php\/2019\/09\/21\/vuelven-marchar-choque-termino-seis-vidas-cruce-anguil\/#breadcrumb"},"inLanguage":"es","potentialAction":[{"@type":"ReadAction","target":["https:\/\/diariotextual.com\/inicio\/index.php\/2019\/09\/21\/vuelven-marchar-choque-termino-seis-vidas-cruce-anguil\/"]}]},{"@type":"ImageObject","inLanguage":"es","@id":"https:\/\/diariotextual.com\/inicio\/index.php\/2019\/09\/21\/vuelven-marchar-choque-termino-seis-vidas-cruce-anguil\/#primaryimage","url":"https:\/\/diariotextual.com\/inicio\/wp-content\/uploads\/2019\/07\/palaciofamiliamarchasiniestroanguilmonicasiderac2019-2.jpg","contentUrl":"https:\/\/diariotextual.com\/inicio\/wp-content\/uploads\/2019\/07\/palaciofamiliamarchasiniestroanguilmonicasiderac2019-2.jpg","width":1200,"height":743},{"@type":"BreadcrumbList","@id":"https:\/\/diariotextual.com\/inicio\/index.php\/2019\/09\/21\/vuelven-marchar-choque-termino-seis-vidas-cruce-anguil\/#breadcrumb","itemListElement":[{"@type":"ListItem","position":1,"name":"Portada","item":"https:\/\/diariotextual.com\/inicio\/"},{"@type":"ListItem","position":2,"name":"Vuelven a marchar por el choque que termin\u00f3 con seis vidas en el Cruce de Anguil"}]},{"@type":"WebSite","@id":"https:\/\/diariotextual.com\/inicio\/#website","url":"https:\/\/diariotextual.com\/inicio\/","name":"Diario Textual","description":"","publisher":{"@id":"https:\/\/diariotextual.com\/inicio\/#organization"},"potentialAction":[{"@type":"SearchAction","target":{"@type":"EntryPoint","urlTemplate":"https:\/\/diariotextual.com\/inicio\/?s={search_term_string}"},"query-input":{"@type":"PropertyValueSpecification","valueRequired":true,"valueName":"search_term_string"}}],"inLanguage":"es"},{"@type":"Organization","@id":"https:\/\/diariotextual.com\/inicio\/#organization","name":"Diario Textual","url":"https:\/\/diariotextual.com\/inicio\/","logo":{"@type":"ImageObject","inLanguage":"es","@id":"https:\/\/diariotextual.com\/inicio\/#\/schema\/logo\/image\/","url":"https:\/\/diariotextual.com\/inicio\/wp-content\/uploads\/2023\/05\/logotextual1.jpg","contentUrl":"https:\/\/diariotextual.com\/inicio\/wp-content\/uploads\/2023\/05\/logotextual1.jpg","width":516,"height":76,"caption":"Diario Textual"},"image":{"@id":"https:\/\/diariotextual.com\/inicio\/#\/schema\/logo\/image\/"},"sameAs":["https:\/\/www.facebook.com\/eltextual","https:\/\/x.com\/eltextual","http:\/\/www.instagram.com\/eltextual"]},{"@type":"Person","@id":"https:\/\/diariotextual.com\/inicio\/#\/schema\/person\/418fc4093c33e86ed41562db3508f958","name":"Diario1 Diario1","image":{"@type":"ImageObject","inLanguage":"es","@id":"https:\/\/secure.gravatar.com\/avatar\/9167d280179c85bc18be67aa7eda765854300033af4896dd779b608640f2ef7a?s=96&d=mm&r=g","url":"https:\/\/secure.gravatar.com\/avatar\/9167d280179c85bc18be67aa7eda765854300033af4896dd779b608640f2ef7a?s=96&d=mm&r=g","contentUrl":"https:\/\/secure.gravatar.com\/avatar\/9167d280179c85bc18be67aa7eda765854300033af4896dd779b608640f2ef7a?s=96&d=mm&r=g","caption":"Diario1 Diario1"},"url":"https:\/\/diariotextual.com\/inicio\/index.php\/author\/diario1\/"}]}},"_links":{"self":[{"href":"https:\/\/diariotextual.com\/inicio\/index.php\/wp-json\/wp\/v2\/posts\/63337","targetHints":{"allow":["GET"]}}],"collection":[{"href":"https:\/\/diariotextual.com\/inicio\/index.php\/wp-json\/wp\/v2\/posts"}],"about":[{"href":"https:\/\/diariotextual.com\/inicio\/index.php\/wp-json\/wp\/v2\/types\/post"}],"author":[{"embeddable":true,"href":"https:\/\/diariotextual.com\/inicio\/index.php\/wp-json\/wp\/v2\/users\/3"}],"replies":[{"embeddable":true,"href":"https:\/\/diariotextual.com\/inicio\/index.php\/wp-json\/wp\/v2\/comments?post=63337"}],"version-history":[{"count":1,"href":"https:\/\/diariotextual.com\/inicio\/index.php\/wp-json\/wp\/v2\/posts\/63337\/revisions"}],"predecessor-version":[{"id":63338,"href":"https:\/\/diariotextual.com\/inicio\/index.php\/wp-json\/wp\/v2\/posts\/63337\/revisions\/63338"}],"wp:featuredmedia":[{"embeddable":true,"href":"https:\/\/diariotextual.com\/inicio\/index.php\/wp-json\/wp\/v2\/media\/56629"}],"wp:attachment":[{"href":"https:\/\/diariotextual.com\/inicio\/index.php\/wp-json\/wp\/v2\/media?parent=63337"}],"wp:term":[{"taxonomy":"category","embeddable":true,"href":"https:\/\/diariotextual.com\/inicio\/index.php\/wp-json\/wp\/v2\/categories?post=63337"},{"taxonomy":"post_tag","embeddable":true,"href":"https:\/\/diariotextual.com\/inicio\/index.php\/wp-json\/wp\/v2\/tags?post=63337"}],"curies":[{"name":"wp","href":"https:\/\/api.w.org\/{rel}","templated":true}]}}