{"id":6336,"date":"2018-05-02T10:32:38","date_gmt":"2018-05-02T10:32:38","guid":{"rendered":"http:\/\/diariotextual.com\/inicio\/?p=6336"},"modified":"2018-05-02T15:53:43","modified_gmt":"2018-05-02T15:53:43","slug":"fabricante-guitarras-gibson-se-declaro-quiebra","status":"publish","type":"post","link":"https:\/\/diariotextual.com\/inicio\/index.php\/2018\/05\/02\/fabricante-guitarras-gibson-se-declaro-quiebra\/","title":{"rendered":"El fabricante de guitarras Gibson se declar\u00f3 en quiebra"},"content":{"rendered":"<p>El fabricante de las legendarias guitarras el\u00e9ctricas <strong>Gibson se declar\u00f3 en quiebra<\/strong> este martes pero present\u00f3 un plan de continuidad comercial que cuenta con el acuerdo de la mayor\u00eda de sus acreedores.<\/p>\n<p>La compa\u00f1\u00eda <strong>estaba en dificultades financieras desde hace meses<\/strong> y enfrentaba un vencimiento de deuda crucial, que lo obligaba a reembolsar antes del 1 de agosto, o refinanciar, 375 millones de d\u00f3lares en bonos.<\/p>\n<p>El intento de diversificaci\u00f3n de Gibson hacia sistemas de audio para el gran p\u00fablico a trav\u00e9s de su filial Gibson Innovations habr\u00eda desembocado en esta situaci\u00f3n l\u00edmite.<\/p>\n<p>Esta estrategia comenz\u00f3 en 2014 con la compra de la empresa de entretenimiento holandesa Philips por 135 millones de d\u00f3lares.<\/p>\n<p>El grupo finalmente decidi\u00f3 dar marcha atr\u00e1s y enfocarse en los instrumentos musicales y los sistemas profesionales de sonorizaci\u00f3n, seg\u00fan un comunicado divulgado este martes.<\/p>\n<p>Adem\u00e1s, Gibson Brands, compa\u00f1\u00eda matriz de las guitarras Gibson, <strong>alcanz\u00f3 un acuerdo de reestructuraci\u00f3n con los tenedores del 69% del total de bonos con vencimiento el 1 de agosto<\/strong> y recibir\u00e1 un cr\u00e9dito de 135 millones de d\u00f3lares.<\/p>\n<p>\u00abEste proceso ser\u00e1 pr\u00e1cticamente invisible para los clientes, que continuar\u00e1n benefici\u00e1ndose de productos y de un servicio al cliente incomparables\u00bb, dijo Henry Juszkiewicz, CEO de Gibson Brands, citado en el comunicado.<\/p>\n<p>El grupo que produce, entre otras, el famoso modelo de guitarra Les Paul, fue fundado en 1902 y ahora tiene su sede en Nashville, uno de los lugares emblem\u00e1ticos de la m\u00fasica en Estados Unidos (rock, blues, country&#8230;).<\/p>\n<p>Entre las estrellas que dejaron huella haciendo m\u00fasica con guitarras Gibson est\u00e1n <strong>B.B. King, Keith Richards (The Rolling Stones), Jimmy Page (Led Zeppelin)<\/strong> y muchos otros.<\/p>\n<p>Gibson Brands tambi\u00e9n es propietaria de los pianos Baldwin, creados en 1862 y adoptados por varios grandes nombres del teclado como Igor Stravinsky, Leonard Bernstein, Ray Charles y Dave Brubeck.<\/p>\n<p>Juszkiewicz y el presidente de la firma, David Berryman, controlan juntos alrededor del 85% del capital de Gibson Brands, seg\u00fan los documentos presentados el martes en un tribunal especializado de Delaware.<\/p>\n","protected":false},"excerpt":{"rendered":"<p>El fabricante de las legendarias guitarras el\u00e9ctricas Gibson se declar\u00f3 en quiebra este martes pero present\u00f3 un plan de continuidad comercial que cuenta con el acuerdo de la mayor\u00eda de&hellip;<\/p>\n","protected":false},"author":3,"featured_media":6338,"comment_status":"open","ping_status":"open","sticky":false,"template":"","format":"standard","meta":{"_acf_changed":false,"footnotes":""},"categories":[11,6],"tags":[],"class_list":["post-6336","post","type-post","status-publish","format-standard","has-post-thumbnail","hentry","category-que-pasa","category-tecno"],"acf":[],"yoast_head":"<!-- This site is optimized with the Yoast SEO plugin v27.4 - https:\/\/yoast.com\/product\/yoast-seo-wordpress\/ -->\n<title>El fabricante de guitarras Gibson se declar\u00f3 en quiebra - Diario Textual<\/title>\n<meta name=\"robots\" content=\"index, follow, max-snippet:-1, max-image-preview:large, max-video-preview:-1\" \/>\n<link rel=\"canonical\" href=\"https:\/\/diariotextual.com\/inicio\/index.php\/2018\/05\/02\/fabricante-guitarras-gibson-se-declaro-quiebra\/\" \/>\n<meta property=\"og:locale\" content=\"es_ES\" \/>\n<meta property=\"og:type\" content=\"article\" \/>\n<meta property=\"og:title\" content=\"El fabricante de guitarras Gibson se declar\u00f3 en quiebra - Diario Textual\" \/>\n<meta property=\"og:description\" content=\"El fabricante de las legendarias guitarras el\u00e9ctricas Gibson se declar\u00f3 en quiebra este martes pero present\u00f3 un plan de continuidad comercial que cuenta con el acuerdo de la mayor\u00eda de&hellip;\" \/>\n<meta property=\"og:url\" content=\"https:\/\/diariotextual.com\/inicio\/index.php\/2018\/05\/02\/fabricante-guitarras-gibson-se-declaro-quiebra\/\" \/>\n<meta property=\"og:site_name\" content=\"Diario Textual\" \/>\n<meta property=\"article:publisher\" content=\"https:\/\/www.facebook.com\/eltextual\" \/>\n<meta property=\"article:published_time\" content=\"2018-05-02T10:32:38+00:00\" \/>\n<meta property=\"article:modified_time\" content=\"2018-05-02T15:53:43+00:00\" \/>\n<meta property=\"og:image\" content=\"https:\/\/diariotextual.com\/inicio\/wp-content\/uploads\/2018\/05\/gibson83434343.jpg\" \/>\n\t<meta property=\"og:image:width\" content=\"726\" \/>\n\t<meta property=\"og:image:height\" content=\"415\" \/>\n\t<meta property=\"og:image:type\" content=\"image\/jpeg\" \/>\n<meta name=\"author\" content=\"Diario1 Diario1\" \/>\n<meta name=\"twitter:card\" content=\"summary_large_image\" \/>\n<meta name=\"twitter:creator\" content=\"@eltextual\" \/>\n<meta name=\"twitter:site\" content=\"@eltextual\" \/>\n<meta name=\"twitter:label1\" content=\"Escrito por\" \/>\n\t<meta name=\"twitter:data1\" content=\"Diario1 Diario1\" \/>\n\t<meta name=\"twitter:label2\" content=\"Tiempo de lectura\" \/>\n\t<meta name=\"twitter:data2\" content=\"2 minutos\" \/>\n<script type=\"application\/ld+json\" class=\"yoast-schema-graph\">{\"@context\":\"https:\\\/\\\/schema.org\",\"@graph\":[{\"@type\":\"Article\",\"@id\":\"https:\\\/\\\/diariotextual.com\\\/inicio\\\/index.php\\\/2018\\\/05\\\/02\\\/fabricante-guitarras-gibson-se-declaro-quiebra\\\/#article\",\"isPartOf\":{\"@id\":\"https:\\\/\\\/diariotextual.com\\\/inicio\\\/index.php\\\/2018\\\/05\\\/02\\\/fabricante-guitarras-gibson-se-declaro-quiebra\\\/\"},\"author\":{\"name\":\"Diario1 Diario1\",\"@id\":\"https:\\\/\\\/diariotextual.com\\\/inicio\\\/#\\\/schema\\\/person\\\/418fc4093c33e86ed41562db3508f958\"},\"headline\":\"El fabricante de guitarras Gibson se declar\u00f3 en quiebra\",\"datePublished\":\"2018-05-02T10:32:38+00:00\",\"dateModified\":\"2018-05-02T15:53:43+00:00\",\"mainEntityOfPage\":{\"@id\":\"https:\\\/\\\/diariotextual.com\\\/inicio\\\/index.php\\\/2018\\\/05\\\/02\\\/fabricante-guitarras-gibson-se-declaro-quiebra\\\/\"},\"wordCount\":360,\"commentCount\":0,\"publisher\":{\"@id\":\"https:\\\/\\\/diariotextual.com\\\/inicio\\\/#organization\"},\"image\":{\"@id\":\"https:\\\/\\\/diariotextual.com\\\/inicio\\\/index.php\\\/2018\\\/05\\\/02\\\/fabricante-guitarras-gibson-se-declaro-quiebra\\\/#primaryimage\"},\"thumbnailUrl\":\"https:\\\/\\\/diariotextual.com\\\/inicio\\\/wp-content\\\/uploads\\\/2018\\\/05\\\/gibson83434343.jpg\",\"articleSection\":[\"A - QUE PASA (al costado)\",\"TECNO\"],\"inLanguage\":\"es\",\"potentialAction\":[{\"@type\":\"CommentAction\",\"name\":\"Comment\",\"target\":[\"https:\\\/\\\/diariotextual.com\\\/inicio\\\/index.php\\\/2018\\\/05\\\/02\\\/fabricante-guitarras-gibson-se-declaro-quiebra\\\/#respond\"]}]},{\"@type\":\"WebPage\",\"@id\":\"https:\\\/\\\/diariotextual.com\\\/inicio\\\/index.php\\\/2018\\\/05\\\/02\\\/fabricante-guitarras-gibson-se-declaro-quiebra\\\/\",\"url\":\"https:\\\/\\\/diariotextual.com\\\/inicio\\\/index.php\\\/2018\\\/05\\\/02\\\/fabricante-guitarras-gibson-se-declaro-quiebra\\\/\",\"name\":\"El fabricante de guitarras Gibson se declar\u00f3 en quiebra - Diario Textual\",\"isPartOf\":{\"@id\":\"https:\\\/\\\/diariotextual.com\\\/inicio\\\/#website\"},\"primaryImageOfPage\":{\"@id\":\"https:\\\/\\\/diariotextual.com\\\/inicio\\\/index.php\\\/2018\\\/05\\\/02\\\/fabricante-guitarras-gibson-se-declaro-quiebra\\\/#primaryimage\"},\"image\":{\"@id\":\"https:\\\/\\\/diariotextual.com\\\/inicio\\\/index.php\\\/2018\\\/05\\\/02\\\/fabricante-guitarras-gibson-se-declaro-quiebra\\\/#primaryimage\"},\"thumbnailUrl\":\"https:\\\/\\\/diariotextual.com\\\/inicio\\\/wp-content\\\/uploads\\\/2018\\\/05\\\/gibson83434343.jpg\",\"datePublished\":\"2018-05-02T10:32:38+00:00\",\"dateModified\":\"2018-05-02T15:53:43+00:00\",\"breadcrumb\":{\"@id\":\"https:\\\/\\\/diariotextual.com\\\/inicio\\\/index.php\\\/2018\\\/05\\\/02\\\/fabricante-guitarras-gibson-se-declaro-quiebra\\\/#breadcrumb\"},\"inLanguage\":\"es\",\"potentialAction\":[{\"@type\":\"ReadAction\",\"target\":[\"https:\\\/\\\/diariotextual.com\\\/inicio\\\/index.php\\\/2018\\\/05\\\/02\\\/fabricante-guitarras-gibson-se-declaro-quiebra\\\/\"]}]},{\"@type\":\"ImageObject\",\"inLanguage\":\"es\",\"@id\":\"https:\\\/\\\/diariotextual.com\\\/inicio\\\/index.php\\\/2018\\\/05\\\/02\\\/fabricante-guitarras-gibson-se-declaro-quiebra\\\/#primaryimage\",\"url\":\"https:\\\/\\\/diariotextual.com\\\/inicio\\\/wp-content\\\/uploads\\\/2018\\\/05\\\/gibson83434343.jpg\",\"contentUrl\":\"https:\\\/\\\/diariotextual.com\\\/inicio\\\/wp-content\\\/uploads\\\/2018\\\/05\\\/gibson83434343.jpg\",\"width\":726,\"height\":415},{\"@type\":\"BreadcrumbList\",\"@id\":\"https:\\\/\\\/diariotextual.com\\\/inicio\\\/index.php\\\/2018\\\/05\\\/02\\\/fabricante-guitarras-gibson-se-declaro-quiebra\\\/#breadcrumb\",\"itemListElement\":[{\"@type\":\"ListItem\",\"position\":1,\"name\":\"Portada\",\"item\":\"https:\\\/\\\/diariotextual.com\\\/inicio\\\/\"},{\"@type\":\"ListItem\",\"position\":2,\"name\":\"El fabricante de guitarras Gibson se declar\u00f3 en quiebra\"}]},{\"@type\":\"WebSite\",\"@id\":\"https:\\\/\\\/diariotextual.com\\\/inicio\\\/#website\",\"url\":\"https:\\\/\\\/diariotextual.com\\\/inicio\\\/\",\"name\":\"Diario Textual\",\"description\":\"\",\"publisher\":{\"@id\":\"https:\\\/\\\/diariotextual.com\\\/inicio\\\/#organization\"},\"potentialAction\":[{\"@type\":\"SearchAction\",\"target\":{\"@type\":\"EntryPoint\",\"urlTemplate\":\"https:\\\/\\\/diariotextual.com\\\/inicio\\\/?s={search_term_string}\"},\"query-input\":{\"@type\":\"PropertyValueSpecification\",\"valueRequired\":true,\"valueName\":\"search_term_string\"}}],\"inLanguage\":\"es\"},{\"@type\":\"Organization\",\"@id\":\"https:\\\/\\\/diariotextual.com\\\/inicio\\\/#organization\",\"name\":\"Diario Textual\",\"url\":\"https:\\\/\\\/diariotextual.com\\\/inicio\\\/\",\"logo\":{\"@type\":\"ImageObject\",\"inLanguage\":\"es\",\"@id\":\"https:\\\/\\\/diariotextual.com\\\/inicio\\\/#\\\/schema\\\/logo\\\/image\\\/\",\"url\":\"https:\\\/\\\/diariotextual.com\\\/inicio\\\/wp-content\\\/uploads\\\/2023\\\/05\\\/logotextual1.jpg\",\"contentUrl\":\"https:\\\/\\\/diariotextual.com\\\/inicio\\\/wp-content\\\/uploads\\\/2023\\\/05\\\/logotextual1.jpg\",\"width\":516,\"height\":76,\"caption\":\"Diario Textual\"},\"image\":{\"@id\":\"https:\\\/\\\/diariotextual.com\\\/inicio\\\/#\\\/schema\\\/logo\\\/image\\\/\"},\"sameAs\":[\"https:\\\/\\\/www.facebook.com\\\/eltextual\",\"https:\\\/\\\/x.com\\\/eltextual\",\"http:\\\/\\\/www.instagram.com\\\/eltextual\"]},{\"@type\":\"Person\",\"@id\":\"https:\\\/\\\/diariotextual.com\\\/inicio\\\/#\\\/schema\\\/person\\\/418fc4093c33e86ed41562db3508f958\",\"name\":\"Diario1 Diario1\",\"image\":{\"@type\":\"ImageObject\",\"inLanguage\":\"es\",\"@id\":\"https:\\\/\\\/secure.gravatar.com\\\/avatar\\\/9167d280179c85bc18be67aa7eda765854300033af4896dd779b608640f2ef7a?s=96&d=mm&r=g\",\"url\":\"https:\\\/\\\/secure.gravatar.com\\\/avatar\\\/9167d280179c85bc18be67aa7eda765854300033af4896dd779b608640f2ef7a?s=96&d=mm&r=g\",\"contentUrl\":\"https:\\\/\\\/secure.gravatar.com\\\/avatar\\\/9167d280179c85bc18be67aa7eda765854300033af4896dd779b608640f2ef7a?s=96&d=mm&r=g\",\"caption\":\"Diario1 Diario1\"},\"url\":\"https:\\\/\\\/diariotextual.com\\\/inicio\\\/index.php\\\/author\\\/diario1\\\/\"}]}<\/script>\n<!-- \/ Yoast SEO plugin. -->","yoast_head_json":{"title":"El fabricante de guitarras Gibson se declar\u00f3 en quiebra - Diario Textual","robots":{"index":"index","follow":"follow","max-snippet":"max-snippet:-1","max-image-preview":"max-image-preview:large","max-video-preview":"max-video-preview:-1"},"canonical":"https:\/\/diariotextual.com\/inicio\/index.php\/2018\/05\/02\/fabricante-guitarras-gibson-se-declaro-quiebra\/","og_locale":"es_ES","og_type":"article","og_title":"El fabricante de guitarras Gibson se declar\u00f3 en quiebra - Diario Textual","og_description":"El fabricante de las legendarias guitarras el\u00e9ctricas Gibson se declar\u00f3 en quiebra este martes pero present\u00f3 un plan de continuidad comercial que cuenta con el acuerdo de la mayor\u00eda de&hellip;","og_url":"https:\/\/diariotextual.com\/inicio\/index.php\/2018\/05\/02\/fabricante-guitarras-gibson-se-declaro-quiebra\/","og_site_name":"Diario Textual","article_publisher":"https:\/\/www.facebook.com\/eltextual","article_published_time":"2018-05-02T10:32:38+00:00","article_modified_time":"2018-05-02T15:53:43+00:00","og_image":[{"width":726,"height":415,"url":"https:\/\/diariotextual.com\/inicio\/wp-content\/uploads\/2018\/05\/gibson83434343.jpg","type":"image\/jpeg"}],"author":"Diario1 Diario1","twitter_card":"summary_large_image","twitter_creator":"@eltextual","twitter_site":"@eltextual","twitter_misc":{"Escrito por":"Diario1 Diario1","Tiempo de lectura":"2 minutos"},"schema":{"@context":"https:\/\/schema.org","@graph":[{"@type":"Article","@id":"https:\/\/diariotextual.com\/inicio\/index.php\/2018\/05\/02\/fabricante-guitarras-gibson-se-declaro-quiebra\/#article","isPartOf":{"@id":"https:\/\/diariotextual.com\/inicio\/index.php\/2018\/05\/02\/fabricante-guitarras-gibson-se-declaro-quiebra\/"},"author":{"name":"Diario1 Diario1","@id":"https:\/\/diariotextual.com\/inicio\/#\/schema\/person\/418fc4093c33e86ed41562db3508f958"},"headline":"El fabricante de guitarras Gibson se declar\u00f3 en quiebra","datePublished":"2018-05-02T10:32:38+00:00","dateModified":"2018-05-02T15:53:43+00:00","mainEntityOfPage":{"@id":"https:\/\/diariotextual.com\/inicio\/index.php\/2018\/05\/02\/fabricante-guitarras-gibson-se-declaro-quiebra\/"},"wordCount":360,"commentCount":0,"publisher":{"@id":"https:\/\/diariotextual.com\/inicio\/#organization"},"image":{"@id":"https:\/\/diariotextual.com\/inicio\/index.php\/2018\/05\/02\/fabricante-guitarras-gibson-se-declaro-quiebra\/#primaryimage"},"thumbnailUrl":"https:\/\/diariotextual.com\/inicio\/wp-content\/uploads\/2018\/05\/gibson83434343.jpg","articleSection":["A - QUE PASA (al costado)","TECNO"],"inLanguage":"es","potentialAction":[{"@type":"CommentAction","name":"Comment","target":["https:\/\/diariotextual.com\/inicio\/index.php\/2018\/05\/02\/fabricante-guitarras-gibson-se-declaro-quiebra\/#respond"]}]},{"@type":"WebPage","@id":"https:\/\/diariotextual.com\/inicio\/index.php\/2018\/05\/02\/fabricante-guitarras-gibson-se-declaro-quiebra\/","url":"https:\/\/diariotextual.com\/inicio\/index.php\/2018\/05\/02\/fabricante-guitarras-gibson-se-declaro-quiebra\/","name":"El fabricante de guitarras Gibson se declar\u00f3 en quiebra - Diario Textual","isPartOf":{"@id":"https:\/\/diariotextual.com\/inicio\/#website"},"primaryImageOfPage":{"@id":"https:\/\/diariotextual.com\/inicio\/index.php\/2018\/05\/02\/fabricante-guitarras-gibson-se-declaro-quiebra\/#primaryimage"},"image":{"@id":"https:\/\/diariotextual.com\/inicio\/index.php\/2018\/05\/02\/fabricante-guitarras-gibson-se-declaro-quiebra\/#primaryimage"},"thumbnailUrl":"https:\/\/diariotextual.com\/inicio\/wp-content\/uploads\/2018\/05\/gibson83434343.jpg","datePublished":"2018-05-02T10:32:38+00:00","dateModified":"2018-05-02T15:53:43+00:00","breadcrumb":{"@id":"https:\/\/diariotextual.com\/inicio\/index.php\/2018\/05\/02\/fabricante-guitarras-gibson-se-declaro-quiebra\/#breadcrumb"},"inLanguage":"es","potentialAction":[{"@type":"ReadAction","target":["https:\/\/diariotextual.com\/inicio\/index.php\/2018\/05\/02\/fabricante-guitarras-gibson-se-declaro-quiebra\/"]}]},{"@type":"ImageObject","inLanguage":"es","@id":"https:\/\/diariotextual.com\/inicio\/index.php\/2018\/05\/02\/fabricante-guitarras-gibson-se-declaro-quiebra\/#primaryimage","url":"https:\/\/diariotextual.com\/inicio\/wp-content\/uploads\/2018\/05\/gibson83434343.jpg","contentUrl":"https:\/\/diariotextual.com\/inicio\/wp-content\/uploads\/2018\/05\/gibson83434343.jpg","width":726,"height":415},{"@type":"BreadcrumbList","@id":"https:\/\/diariotextual.com\/inicio\/index.php\/2018\/05\/02\/fabricante-guitarras-gibson-se-declaro-quiebra\/#breadcrumb","itemListElement":[{"@type":"ListItem","position":1,"name":"Portada","item":"https:\/\/diariotextual.com\/inicio\/"},{"@type":"ListItem","position":2,"name":"El fabricante de guitarras Gibson se declar\u00f3 en quiebra"}]},{"@type":"WebSite","@id":"https:\/\/diariotextual.com\/inicio\/#website","url":"https:\/\/diariotextual.com\/inicio\/","name":"Diario Textual","description":"","publisher":{"@id":"https:\/\/diariotextual.com\/inicio\/#organization"},"potentialAction":[{"@type":"SearchAction","target":{"@type":"EntryPoint","urlTemplate":"https:\/\/diariotextual.com\/inicio\/?s={search_term_string}"},"query-input":{"@type":"PropertyValueSpecification","valueRequired":true,"valueName":"search_term_string"}}],"inLanguage":"es"},{"@type":"Organization","@id":"https:\/\/diariotextual.com\/inicio\/#organization","name":"Diario Textual","url":"https:\/\/diariotextual.com\/inicio\/","logo":{"@type":"ImageObject","inLanguage":"es","@id":"https:\/\/diariotextual.com\/inicio\/#\/schema\/logo\/image\/","url":"https:\/\/diariotextual.com\/inicio\/wp-content\/uploads\/2023\/05\/logotextual1.jpg","contentUrl":"https:\/\/diariotextual.com\/inicio\/wp-content\/uploads\/2023\/05\/logotextual1.jpg","width":516,"height":76,"caption":"Diario Textual"},"image":{"@id":"https:\/\/diariotextual.com\/inicio\/#\/schema\/logo\/image\/"},"sameAs":["https:\/\/www.facebook.com\/eltextual","https:\/\/x.com\/eltextual","http:\/\/www.instagram.com\/eltextual"]},{"@type":"Person","@id":"https:\/\/diariotextual.com\/inicio\/#\/schema\/person\/418fc4093c33e86ed41562db3508f958","name":"Diario1 Diario1","image":{"@type":"ImageObject","inLanguage":"es","@id":"https:\/\/secure.gravatar.com\/avatar\/9167d280179c85bc18be67aa7eda765854300033af4896dd779b608640f2ef7a?s=96&d=mm&r=g","url":"https:\/\/secure.gravatar.com\/avatar\/9167d280179c85bc18be67aa7eda765854300033af4896dd779b608640f2ef7a?s=96&d=mm&r=g","contentUrl":"https:\/\/secure.gravatar.com\/avatar\/9167d280179c85bc18be67aa7eda765854300033af4896dd779b608640f2ef7a?s=96&d=mm&r=g","caption":"Diario1 Diario1"},"url":"https:\/\/diariotextual.com\/inicio\/index.php\/author\/diario1\/"}]}},"_links":{"self":[{"href":"https:\/\/diariotextual.com\/inicio\/index.php\/wp-json\/wp\/v2\/posts\/6336","targetHints":{"allow":["GET"]}}],"collection":[{"href":"https:\/\/diariotextual.com\/inicio\/index.php\/wp-json\/wp\/v2\/posts"}],"about":[{"href":"https:\/\/diariotextual.com\/inicio\/index.php\/wp-json\/wp\/v2\/types\/post"}],"author":[{"embeddable":true,"href":"https:\/\/diariotextual.com\/inicio\/index.php\/wp-json\/wp\/v2\/users\/3"}],"replies":[{"embeddable":true,"href":"https:\/\/diariotextual.com\/inicio\/index.php\/wp-json\/wp\/v2\/comments?post=6336"}],"version-history":[{"count":1,"href":"https:\/\/diariotextual.com\/inicio\/index.php\/wp-json\/wp\/v2\/posts\/6336\/revisions"}],"predecessor-version":[{"id":6337,"href":"https:\/\/diariotextual.com\/inicio\/index.php\/wp-json\/wp\/v2\/posts\/6336\/revisions\/6337"}],"wp:featuredmedia":[{"embeddable":true,"href":"https:\/\/diariotextual.com\/inicio\/index.php\/wp-json\/wp\/v2\/media\/6338"}],"wp:attachment":[{"href":"https:\/\/diariotextual.com\/inicio\/index.php\/wp-json\/wp\/v2\/media?parent=6336"}],"wp:term":[{"taxonomy":"category","embeddable":true,"href":"https:\/\/diariotextual.com\/inicio\/index.php\/wp-json\/wp\/v2\/categories?post=6336"},{"taxonomy":"post_tag","embeddable":true,"href":"https:\/\/diariotextual.com\/inicio\/index.php\/wp-json\/wp\/v2\/tags?post=6336"}],"curies":[{"name":"wp","href":"https:\/\/api.w.org\/{rel}","templated":true}]}}