{"id":63383,"date":"2019-09-21T18:27:18","date_gmt":"2019-09-21T21:27:18","guid":{"rendered":"http:\/\/diariotextual.com\/inicio\/?p=63383"},"modified":"2019-09-22T17:50:25","modified_gmt":"2019-09-22T20:50:25","slug":"paren-matarnos-grito-panuelazo-santa-rosa","status":"publish","type":"post","link":"https:\/\/diariotextual.com\/inicio\/index.php\/2019\/09\/21\/paren-matarnos-grito-panuelazo-santa-rosa\/","title":{"rendered":"\u00abParen de matarnos\u00bb, el grito en el pa\u00f1uelazo en Santa Rosa"},"content":{"rendered":"<p>Este s\u00e1bado 21 de septiembre, en todo el pa\u00eds se movilizaron en lo que denominaron<strong> \u00abLa Primavera Rosa\u00bb<\/strong>\u00a0para exigir la declaraci\u00f3n de la <strong>Emergencia Nacional en Violencia Contra las Mujeres<\/strong>. En Santa Rosa la actividad se desarroll\u00f3 a partir de las 17.30 horas, en la plaza San Mart\u00edn. <strong>\u00abParen de matarnos\u00bb<\/strong>, fue uno de los reclamos, con carteles y c\u00e1nticos.<\/p>\n<p>En los \u00faltimos d\u00edas se conocieron<strong> cuatro nuevos femicidios<\/strong>\u00a0en diferentes provincias de Argentina: Laura \u00abCielo\u00bb L\u00f3pez, 18 a\u00f1os, Neuquen; Navila Serena Garay, 15 a\u00f1os, Chascomus; Vanesa Caro, 38 a\u00f1os, Lomas de Zamora; Cecilia Burgadt, 42 a\u00f1os, Santa Fe. En este contexto, a tres meses de haber presentado en el Congreso de la Naci\u00f3n el proyecto para declarar la emergencia, organizaron estos pa\u00f1uelazos en todo el pa\u00eds.<\/p>\n<p>\u00abEl Gobierno Nacional con Mauricio Macri no genera pol\u00edticas p\u00fablicas para prevenir y erradicar la violencia y solo destina menos que el precio de un alfajor para pol\u00edticas para asistir a las mujeres\u00bb, dijeron las organizadoras.<\/p>\n<p><img fetchpriority=\"high\" decoding=\"async\" class=\"alignnone wp-image-63376 size-large\" src=\"http:\/\/diariotextual.com\/inicio\/wp-content\/uploads\/2019\/09\/pa\u00f1uelazosantarosa21septiembre2019-1-1024x596.jpg\" alt=\"\" width=\"1024\" height=\"596\" srcset=\"https:\/\/diariotextual.com\/inicio\/wp-content\/uploads\/2019\/09\/pa\u00f1uelazosantarosa21septiembre2019-1-1024x596.jpg 1024w, https:\/\/diariotextual.com\/inicio\/wp-content\/uploads\/2019\/09\/pa\u00f1uelazosantarosa21septiembre2019-1-300x175.jpg 300w, https:\/\/diariotextual.com\/inicio\/wp-content\/uploads\/2019\/09\/pa\u00f1uelazosantarosa21septiembre2019-1-768x447.jpg 768w, https:\/\/diariotextual.com\/inicio\/wp-content\/uploads\/2019\/09\/pa\u00f1uelazosantarosa21septiembre2019-1-1170x682.jpg 1170w, https:\/\/diariotextual.com\/inicio\/wp-content\/uploads\/2019\/09\/pa\u00f1uelazosantarosa21septiembre2019-1-585x341.jpg 585w, https:\/\/diariotextual.com\/inicio\/wp-content\/uploads\/2019\/09\/pa\u00f1uelazosantarosa21septiembre2019-1.jpg 1200w\" sizes=\"(max-width: 1024px) 100vw, 1024px\" \/> <img decoding=\"async\" class=\"alignnone wp-image-63377 size-large\" src=\"http:\/\/diariotextual.com\/inicio\/wp-content\/uploads\/2019\/09\/pa\u00f1uelazosantarosa21septiembre2019-2-1024x657.jpg\" alt=\"\" width=\"1024\" height=\"657\" srcset=\"https:\/\/diariotextual.com\/inicio\/wp-content\/uploads\/2019\/09\/pa\u00f1uelazosantarosa21septiembre2019-2-1024x657.jpg 1024w, https:\/\/diariotextual.com\/inicio\/wp-content\/uploads\/2019\/09\/pa\u00f1uelazosantarosa21septiembre2019-2-300x193.jpg 300w, https:\/\/diariotextual.com\/inicio\/wp-content\/uploads\/2019\/09\/pa\u00f1uelazosantarosa21septiembre2019-2-768x493.jpg 768w, https:\/\/diariotextual.com\/inicio\/wp-content\/uploads\/2019\/09\/pa\u00f1uelazosantarosa21septiembre2019-2-1170x751.jpg 1170w, https:\/\/diariotextual.com\/inicio\/wp-content\/uploads\/2019\/09\/pa\u00f1uelazosantarosa21septiembre2019-2-585x375.jpg 585w, https:\/\/diariotextual.com\/inicio\/wp-content\/uploads\/2019\/09\/pa\u00f1uelazosantarosa21septiembre2019-2.jpg 1200w\" sizes=\"(max-width: 1024px) 100vw, 1024px\" \/>\u00a0<img decoding=\"async\" class=\"alignnone wp-image-63379 size-large\" src=\"http:\/\/diariotextual.com\/inicio\/wp-content\/uploads\/2019\/09\/pa\u00f1uelazosantarosa21septiembre2019-4-1024x608.jpg\" alt=\"\" width=\"1024\" height=\"608\" srcset=\"https:\/\/diariotextual.com\/inicio\/wp-content\/uploads\/2019\/09\/pa\u00f1uelazosantarosa21septiembre2019-4-1024x608.jpg 1024w, https:\/\/diariotextual.com\/inicio\/wp-content\/uploads\/2019\/09\/pa\u00f1uelazosantarosa21septiembre2019-4-300x178.jpg 300w, https:\/\/diariotextual.com\/inicio\/wp-content\/uploads\/2019\/09\/pa\u00f1uelazosantarosa21septiembre2019-4-768x456.jpg 768w, https:\/\/diariotextual.com\/inicio\/wp-content\/uploads\/2019\/09\/pa\u00f1uelazosantarosa21septiembre2019-4-1170x694.jpg 1170w, https:\/\/diariotextual.com\/inicio\/wp-content\/uploads\/2019\/09\/pa\u00f1uelazosantarosa21septiembre2019-4-585x347.jpg 585w, https:\/\/diariotextual.com\/inicio\/wp-content\/uploads\/2019\/09\/pa\u00f1uelazosantarosa21septiembre2019-4.jpg 1200w\" sizes=\"(max-width: 1024px) 100vw, 1024px\" \/> <img loading=\"lazy\" decoding=\"async\" class=\"alignnone wp-image-63380 size-large\" src=\"http:\/\/diariotextual.com\/inicio\/wp-content\/uploads\/2019\/09\/pa\u00f1uelazosantarosa21septiembre2019-5-1024x620.jpg\" alt=\"\" width=\"1024\" height=\"620\" srcset=\"https:\/\/diariotextual.com\/inicio\/wp-content\/uploads\/2019\/09\/pa\u00f1uelazosantarosa21septiembre2019-5-1024x620.jpg 1024w, https:\/\/diariotextual.com\/inicio\/wp-content\/uploads\/2019\/09\/pa\u00f1uelazosantarosa21septiembre2019-5-300x182.jpg 300w, https:\/\/diariotextual.com\/inicio\/wp-content\/uploads\/2019\/09\/pa\u00f1uelazosantarosa21septiembre2019-5-768x465.jpg 768w, https:\/\/diariotextual.com\/inicio\/wp-content\/uploads\/2019\/09\/pa\u00f1uelazosantarosa21septiembre2019-5-1170x708.jpg 1170w, https:\/\/diariotextual.com\/inicio\/wp-content\/uploads\/2019\/09\/pa\u00f1uelazosantarosa21septiembre2019-5-585x354.jpg 585w, https:\/\/diariotextual.com\/inicio\/wp-content\/uploads\/2019\/09\/pa\u00f1uelazosantarosa21septiembre2019-5.jpg 1200w\" sizes=\"(max-width: 1024px) 100vw, 1024px\" \/><\/p>\n<p>&nbsp;<\/p>\n","protected":false},"excerpt":{"rendered":"<p>Este s\u00e1bado 21 de septiembre, en todo el pa\u00eds se movilizaron en lo que denominaron \u00abLa Primavera Rosa\u00bb\u00a0para exigir la declaraci\u00f3n de la Emergencia Nacional en Violencia Contra las Mujeres.&hellip;<\/p>\n","protected":false},"author":3,"featured_media":63378,"comment_status":"closed","ping_status":"open","sticky":false,"template":"","format":"standard","meta":{"_acf_changed":false,"footnotes":""},"categories":[319,12],"tags":[755,548],"class_list":["post-63383","post","type-post","status-publish","format-standard","has-post-thumbnail","hentry","category-a-temporales","category-sociedad","tag-femicidio","tag-panuelazo"],"acf":[],"yoast_head":"<!-- This site is optimized with the Yoast SEO plugin v27.5 - https:\/\/yoast.com\/product\/yoast-seo-wordpress\/ -->\n<title>&quot;Paren de matarnos&quot;, el grito en el pa\u00f1uelazo en Santa Rosa - Diario Textual<\/title>\n<meta name=\"robots\" content=\"index, follow, max-snippet:-1, max-image-preview:large, max-video-preview:-1\" \/>\n<link rel=\"canonical\" href=\"https:\/\/diariotextual.com\/inicio\/index.php\/2019\/09\/21\/paren-matarnos-grito-panuelazo-santa-rosa\/\" \/>\n<meta property=\"og:locale\" content=\"es_ES\" \/>\n<meta property=\"og:type\" content=\"article\" \/>\n<meta property=\"og:title\" content=\"&quot;Paren de matarnos&quot;, el grito en el pa\u00f1uelazo en Santa Rosa - Diario Textual\" \/>\n<meta property=\"og:description\" content=\"Este s\u00e1bado 21 de septiembre, en todo el pa\u00eds se movilizaron en lo que denominaron \u00abLa Primavera Rosa\u00bb\u00a0para exigir la declaraci\u00f3n de la Emergencia Nacional en Violencia Contra las Mujeres.&hellip;\" \/>\n<meta property=\"og:url\" content=\"https:\/\/diariotextual.com\/inicio\/index.php\/2019\/09\/21\/paren-matarnos-grito-panuelazo-santa-rosa\/\" \/>\n<meta property=\"og:site_name\" content=\"Diario Textual\" \/>\n<meta property=\"article:publisher\" content=\"https:\/\/www.facebook.com\/eltextual\" \/>\n<meta property=\"article:published_time\" content=\"2019-09-21T21:27:18+00:00\" \/>\n<meta property=\"article:modified_time\" content=\"2019-09-22T20:50:25+00:00\" \/>\n<meta property=\"og:image\" content=\"https:\/\/diariotextual.com\/inicio\/wp-content\/uploads\/2019\/09\/pa\u00f1uelazosantarosa21septiembre2019-3.jpg\" \/>\n\t<meta property=\"og:image:width\" content=\"1200\" \/>\n\t<meta property=\"og:image:height\" content=\"693\" \/>\n\t<meta property=\"og:image:type\" content=\"image\/jpeg\" \/>\n<meta name=\"author\" content=\"Diario1 Diario1\" \/>\n<meta name=\"twitter:card\" content=\"summary_large_image\" \/>\n<meta name=\"twitter:creator\" content=\"@eltextual\" \/>\n<meta name=\"twitter:site\" content=\"@eltextual\" \/>\n<meta name=\"twitter:label1\" content=\"Escrito por\" \/>\n\t<meta name=\"twitter:data1\" content=\"Diario1 Diario1\" \/>\n\t<meta name=\"twitter:label2\" content=\"Tiempo de lectura\" \/>\n\t<meta name=\"twitter:data2\" content=\"1 minuto\" \/>\n<script type=\"application\/ld+json\" class=\"yoast-schema-graph\">{\"@context\":\"https:\\\/\\\/schema.org\",\"@graph\":[{\"@type\":\"Article\",\"@id\":\"https:\\\/\\\/diariotextual.com\\\/inicio\\\/index.php\\\/2019\\\/09\\\/21\\\/paren-matarnos-grito-panuelazo-santa-rosa\\\/#article\",\"isPartOf\":{\"@id\":\"https:\\\/\\\/diariotextual.com\\\/inicio\\\/index.php\\\/2019\\\/09\\\/21\\\/paren-matarnos-grito-panuelazo-santa-rosa\\\/\"},\"author\":{\"name\":\"Diario1 Diario1\",\"@id\":\"https:\\\/\\\/diariotextual.com\\\/inicio\\\/#\\\/schema\\\/person\\\/418fc4093c33e86ed41562db3508f958\"},\"headline\":\"\u00abParen de matarnos\u00bb, el grito en el pa\u00f1uelazo en Santa Rosa\",\"datePublished\":\"2019-09-21T21:27:18+00:00\",\"dateModified\":\"2019-09-22T20:50:25+00:00\",\"mainEntityOfPage\":{\"@id\":\"https:\\\/\\\/diariotextual.com\\\/inicio\\\/index.php\\\/2019\\\/09\\\/21\\\/paren-matarnos-grito-panuelazo-santa-rosa\\\/\"},\"wordCount\":188,\"publisher\":{\"@id\":\"https:\\\/\\\/diariotextual.com\\\/inicio\\\/#organization\"},\"image\":{\"@id\":\"https:\\\/\\\/diariotextual.com\\\/inicio\\\/index.php\\\/2019\\\/09\\\/21\\\/paren-matarnos-grito-panuelazo-santa-rosa\\\/#primaryimage\"},\"thumbnailUrl\":\"https:\\\/\\\/diariotextual.com\\\/inicio\\\/wp-content\\\/uploads\\\/2019\\\/09\\\/pa\u00f1uelazosantarosa21septiembre2019-3.jpg\",\"keywords\":[\"femicidio\",\"pa\u00f1uelazo\"],\"articleSection\":[\"A - TEMPORALES\",\"SOCIEDAD\"],\"inLanguage\":\"es\"},{\"@type\":\"WebPage\",\"@id\":\"https:\\\/\\\/diariotextual.com\\\/inicio\\\/index.php\\\/2019\\\/09\\\/21\\\/paren-matarnos-grito-panuelazo-santa-rosa\\\/\",\"url\":\"https:\\\/\\\/diariotextual.com\\\/inicio\\\/index.php\\\/2019\\\/09\\\/21\\\/paren-matarnos-grito-panuelazo-santa-rosa\\\/\",\"name\":\"\\\"Paren de matarnos\\\", el grito en el pa\u00f1uelazo en Santa Rosa - Diario Textual\",\"isPartOf\":{\"@id\":\"https:\\\/\\\/diariotextual.com\\\/inicio\\\/#website\"},\"primaryImageOfPage\":{\"@id\":\"https:\\\/\\\/diariotextual.com\\\/inicio\\\/index.php\\\/2019\\\/09\\\/21\\\/paren-matarnos-grito-panuelazo-santa-rosa\\\/#primaryimage\"},\"image\":{\"@id\":\"https:\\\/\\\/diariotextual.com\\\/inicio\\\/index.php\\\/2019\\\/09\\\/21\\\/paren-matarnos-grito-panuelazo-santa-rosa\\\/#primaryimage\"},\"thumbnailUrl\":\"https:\\\/\\\/diariotextual.com\\\/inicio\\\/wp-content\\\/uploads\\\/2019\\\/09\\\/pa\u00f1uelazosantarosa21septiembre2019-3.jpg\",\"datePublished\":\"2019-09-21T21:27:18+00:00\",\"dateModified\":\"2019-09-22T20:50:25+00:00\",\"breadcrumb\":{\"@id\":\"https:\\\/\\\/diariotextual.com\\\/inicio\\\/index.php\\\/2019\\\/09\\\/21\\\/paren-matarnos-grito-panuelazo-santa-rosa\\\/#breadcrumb\"},\"inLanguage\":\"es\",\"potentialAction\":[{\"@type\":\"ReadAction\",\"target\":[\"https:\\\/\\\/diariotextual.com\\\/inicio\\\/index.php\\\/2019\\\/09\\\/21\\\/paren-matarnos-grito-panuelazo-santa-rosa\\\/\"]}]},{\"@type\":\"ImageObject\",\"inLanguage\":\"es\",\"@id\":\"https:\\\/\\\/diariotextual.com\\\/inicio\\\/index.php\\\/2019\\\/09\\\/21\\\/paren-matarnos-grito-panuelazo-santa-rosa\\\/#primaryimage\",\"url\":\"https:\\\/\\\/diariotextual.com\\\/inicio\\\/wp-content\\\/uploads\\\/2019\\\/09\\\/pa\u00f1uelazosantarosa21septiembre2019-3.jpg\",\"contentUrl\":\"https:\\\/\\\/diariotextual.com\\\/inicio\\\/wp-content\\\/uploads\\\/2019\\\/09\\\/pa\u00f1uelazosantarosa21septiembre2019-3.jpg\",\"width\":1200,\"height\":693},{\"@type\":\"BreadcrumbList\",\"@id\":\"https:\\\/\\\/diariotextual.com\\\/inicio\\\/index.php\\\/2019\\\/09\\\/21\\\/paren-matarnos-grito-panuelazo-santa-rosa\\\/#breadcrumb\",\"itemListElement\":[{\"@type\":\"ListItem\",\"position\":1,\"name\":\"Portada\",\"item\":\"https:\\\/\\\/diariotextual.com\\\/inicio\\\/\"},{\"@type\":\"ListItem\",\"position\":2,\"name\":\"\u00abParen de matarnos\u00bb, el grito en el pa\u00f1uelazo en Santa Rosa\"}]},{\"@type\":\"WebSite\",\"@id\":\"https:\\\/\\\/diariotextual.com\\\/inicio\\\/#website\",\"url\":\"https:\\\/\\\/diariotextual.com\\\/inicio\\\/\",\"name\":\"Diario Textual\",\"description\":\"\",\"publisher\":{\"@id\":\"https:\\\/\\\/diariotextual.com\\\/inicio\\\/#organization\"},\"potentialAction\":[{\"@type\":\"SearchAction\",\"target\":{\"@type\":\"EntryPoint\",\"urlTemplate\":\"https:\\\/\\\/diariotextual.com\\\/inicio\\\/?s={search_term_string}\"},\"query-input\":{\"@type\":\"PropertyValueSpecification\",\"valueRequired\":true,\"valueName\":\"search_term_string\"}}],\"inLanguage\":\"es\"},{\"@type\":\"Organization\",\"@id\":\"https:\\\/\\\/diariotextual.com\\\/inicio\\\/#organization\",\"name\":\"Diario Textual\",\"url\":\"https:\\\/\\\/diariotextual.com\\\/inicio\\\/\",\"logo\":{\"@type\":\"ImageObject\",\"inLanguage\":\"es\",\"@id\":\"https:\\\/\\\/diariotextual.com\\\/inicio\\\/#\\\/schema\\\/logo\\\/image\\\/\",\"url\":\"https:\\\/\\\/diariotextual.com\\\/inicio\\\/wp-content\\\/uploads\\\/2023\\\/05\\\/logotextual1.jpg\",\"contentUrl\":\"https:\\\/\\\/diariotextual.com\\\/inicio\\\/wp-content\\\/uploads\\\/2023\\\/05\\\/logotextual1.jpg\",\"width\":516,\"height\":76,\"caption\":\"Diario Textual\"},\"image\":{\"@id\":\"https:\\\/\\\/diariotextual.com\\\/inicio\\\/#\\\/schema\\\/logo\\\/image\\\/\"},\"sameAs\":[\"https:\\\/\\\/www.facebook.com\\\/eltextual\",\"https:\\\/\\\/x.com\\\/eltextual\",\"http:\\\/\\\/www.instagram.com\\\/eltextual\"]},{\"@type\":\"Person\",\"@id\":\"https:\\\/\\\/diariotextual.com\\\/inicio\\\/#\\\/schema\\\/person\\\/418fc4093c33e86ed41562db3508f958\",\"name\":\"Diario1 Diario1\",\"image\":{\"@type\":\"ImageObject\",\"inLanguage\":\"es\",\"@id\":\"https:\\\/\\\/secure.gravatar.com\\\/avatar\\\/9167d280179c85bc18be67aa7eda765854300033af4896dd779b608640f2ef7a?s=96&d=mm&r=g\",\"url\":\"https:\\\/\\\/secure.gravatar.com\\\/avatar\\\/9167d280179c85bc18be67aa7eda765854300033af4896dd779b608640f2ef7a?s=96&d=mm&r=g\",\"contentUrl\":\"https:\\\/\\\/secure.gravatar.com\\\/avatar\\\/9167d280179c85bc18be67aa7eda765854300033af4896dd779b608640f2ef7a?s=96&d=mm&r=g\",\"caption\":\"Diario1 Diario1\"},\"url\":\"https:\\\/\\\/diariotextual.com\\\/inicio\\\/index.php\\\/author\\\/diario1\\\/\"}]}<\/script>\n<!-- \/ Yoast SEO plugin. -->","yoast_head_json":{"title":"\"Paren de matarnos\", el grito en el pa\u00f1uelazo en Santa Rosa - Diario Textual","robots":{"index":"index","follow":"follow","max-snippet":"max-snippet:-1","max-image-preview":"max-image-preview:large","max-video-preview":"max-video-preview:-1"},"canonical":"https:\/\/diariotextual.com\/inicio\/index.php\/2019\/09\/21\/paren-matarnos-grito-panuelazo-santa-rosa\/","og_locale":"es_ES","og_type":"article","og_title":"\"Paren de matarnos\", el grito en el pa\u00f1uelazo en Santa Rosa - Diario Textual","og_description":"Este s\u00e1bado 21 de septiembre, en todo el pa\u00eds se movilizaron en lo que denominaron \u00abLa Primavera Rosa\u00bb\u00a0para exigir la declaraci\u00f3n de la Emergencia Nacional en Violencia Contra las Mujeres.&hellip;","og_url":"https:\/\/diariotextual.com\/inicio\/index.php\/2019\/09\/21\/paren-matarnos-grito-panuelazo-santa-rosa\/","og_site_name":"Diario Textual","article_publisher":"https:\/\/www.facebook.com\/eltextual","article_published_time":"2019-09-21T21:27:18+00:00","article_modified_time":"2019-09-22T20:50:25+00:00","og_image":[{"width":1200,"height":693,"url":"https:\/\/diariotextual.com\/inicio\/wp-content\/uploads\/2019\/09\/pa\u00f1uelazosantarosa21septiembre2019-3.jpg","type":"image\/jpeg"}],"author":"Diario1 Diario1","twitter_card":"summary_large_image","twitter_creator":"@eltextual","twitter_site":"@eltextual","twitter_misc":{"Escrito por":"Diario1 Diario1","Tiempo de lectura":"1 minuto"},"schema":{"@context":"https:\/\/schema.org","@graph":[{"@type":"Article","@id":"https:\/\/diariotextual.com\/inicio\/index.php\/2019\/09\/21\/paren-matarnos-grito-panuelazo-santa-rosa\/#article","isPartOf":{"@id":"https:\/\/diariotextual.com\/inicio\/index.php\/2019\/09\/21\/paren-matarnos-grito-panuelazo-santa-rosa\/"},"author":{"name":"Diario1 Diario1","@id":"https:\/\/diariotextual.com\/inicio\/#\/schema\/person\/418fc4093c33e86ed41562db3508f958"},"headline":"\u00abParen de matarnos\u00bb, el grito en el pa\u00f1uelazo en Santa Rosa","datePublished":"2019-09-21T21:27:18+00:00","dateModified":"2019-09-22T20:50:25+00:00","mainEntityOfPage":{"@id":"https:\/\/diariotextual.com\/inicio\/index.php\/2019\/09\/21\/paren-matarnos-grito-panuelazo-santa-rosa\/"},"wordCount":188,"publisher":{"@id":"https:\/\/diariotextual.com\/inicio\/#organization"},"image":{"@id":"https:\/\/diariotextual.com\/inicio\/index.php\/2019\/09\/21\/paren-matarnos-grito-panuelazo-santa-rosa\/#primaryimage"},"thumbnailUrl":"https:\/\/diariotextual.com\/inicio\/wp-content\/uploads\/2019\/09\/pa\u00f1uelazosantarosa21septiembre2019-3.jpg","keywords":["femicidio","pa\u00f1uelazo"],"articleSection":["A - TEMPORALES","SOCIEDAD"],"inLanguage":"es"},{"@type":"WebPage","@id":"https:\/\/diariotextual.com\/inicio\/index.php\/2019\/09\/21\/paren-matarnos-grito-panuelazo-santa-rosa\/","url":"https:\/\/diariotextual.com\/inicio\/index.php\/2019\/09\/21\/paren-matarnos-grito-panuelazo-santa-rosa\/","name":"\"Paren de matarnos\", el grito en el pa\u00f1uelazo en Santa Rosa - Diario Textual","isPartOf":{"@id":"https:\/\/diariotextual.com\/inicio\/#website"},"primaryImageOfPage":{"@id":"https:\/\/diariotextual.com\/inicio\/index.php\/2019\/09\/21\/paren-matarnos-grito-panuelazo-santa-rosa\/#primaryimage"},"image":{"@id":"https:\/\/diariotextual.com\/inicio\/index.php\/2019\/09\/21\/paren-matarnos-grito-panuelazo-santa-rosa\/#primaryimage"},"thumbnailUrl":"https:\/\/diariotextual.com\/inicio\/wp-content\/uploads\/2019\/09\/pa\u00f1uelazosantarosa21septiembre2019-3.jpg","datePublished":"2019-09-21T21:27:18+00:00","dateModified":"2019-09-22T20:50:25+00:00","breadcrumb":{"@id":"https:\/\/diariotextual.com\/inicio\/index.php\/2019\/09\/21\/paren-matarnos-grito-panuelazo-santa-rosa\/#breadcrumb"},"inLanguage":"es","potentialAction":[{"@type":"ReadAction","target":["https:\/\/diariotextual.com\/inicio\/index.php\/2019\/09\/21\/paren-matarnos-grito-panuelazo-santa-rosa\/"]}]},{"@type":"ImageObject","inLanguage":"es","@id":"https:\/\/diariotextual.com\/inicio\/index.php\/2019\/09\/21\/paren-matarnos-grito-panuelazo-santa-rosa\/#primaryimage","url":"https:\/\/diariotextual.com\/inicio\/wp-content\/uploads\/2019\/09\/pa\u00f1uelazosantarosa21septiembre2019-3.jpg","contentUrl":"https:\/\/diariotextual.com\/inicio\/wp-content\/uploads\/2019\/09\/pa\u00f1uelazosantarosa21septiembre2019-3.jpg","width":1200,"height":693},{"@type":"BreadcrumbList","@id":"https:\/\/diariotextual.com\/inicio\/index.php\/2019\/09\/21\/paren-matarnos-grito-panuelazo-santa-rosa\/#breadcrumb","itemListElement":[{"@type":"ListItem","position":1,"name":"Portada","item":"https:\/\/diariotextual.com\/inicio\/"},{"@type":"ListItem","position":2,"name":"\u00abParen de matarnos\u00bb, el grito en el pa\u00f1uelazo en Santa Rosa"}]},{"@type":"WebSite","@id":"https:\/\/diariotextual.com\/inicio\/#website","url":"https:\/\/diariotextual.com\/inicio\/","name":"Diario Textual","description":"","publisher":{"@id":"https:\/\/diariotextual.com\/inicio\/#organization"},"potentialAction":[{"@type":"SearchAction","target":{"@type":"EntryPoint","urlTemplate":"https:\/\/diariotextual.com\/inicio\/?s={search_term_string}"},"query-input":{"@type":"PropertyValueSpecification","valueRequired":true,"valueName":"search_term_string"}}],"inLanguage":"es"},{"@type":"Organization","@id":"https:\/\/diariotextual.com\/inicio\/#organization","name":"Diario Textual","url":"https:\/\/diariotextual.com\/inicio\/","logo":{"@type":"ImageObject","inLanguage":"es","@id":"https:\/\/diariotextual.com\/inicio\/#\/schema\/logo\/image\/","url":"https:\/\/diariotextual.com\/inicio\/wp-content\/uploads\/2023\/05\/logotextual1.jpg","contentUrl":"https:\/\/diariotextual.com\/inicio\/wp-content\/uploads\/2023\/05\/logotextual1.jpg","width":516,"height":76,"caption":"Diario Textual"},"image":{"@id":"https:\/\/diariotextual.com\/inicio\/#\/schema\/logo\/image\/"},"sameAs":["https:\/\/www.facebook.com\/eltextual","https:\/\/x.com\/eltextual","http:\/\/www.instagram.com\/eltextual"]},{"@type":"Person","@id":"https:\/\/diariotextual.com\/inicio\/#\/schema\/person\/418fc4093c33e86ed41562db3508f958","name":"Diario1 Diario1","image":{"@type":"ImageObject","inLanguage":"es","@id":"https:\/\/secure.gravatar.com\/avatar\/9167d280179c85bc18be67aa7eda765854300033af4896dd779b608640f2ef7a?s=96&d=mm&r=g","url":"https:\/\/secure.gravatar.com\/avatar\/9167d280179c85bc18be67aa7eda765854300033af4896dd779b608640f2ef7a?s=96&d=mm&r=g","contentUrl":"https:\/\/secure.gravatar.com\/avatar\/9167d280179c85bc18be67aa7eda765854300033af4896dd779b608640f2ef7a?s=96&d=mm&r=g","caption":"Diario1 Diario1"},"url":"https:\/\/diariotextual.com\/inicio\/index.php\/author\/diario1\/"}]}},"_links":{"self":[{"href":"https:\/\/diariotextual.com\/inicio\/index.php\/wp-json\/wp\/v2\/posts\/63383","targetHints":{"allow":["GET"]}}],"collection":[{"href":"https:\/\/diariotextual.com\/inicio\/index.php\/wp-json\/wp\/v2\/posts"}],"about":[{"href":"https:\/\/diariotextual.com\/inicio\/index.php\/wp-json\/wp\/v2\/types\/post"}],"author":[{"embeddable":true,"href":"https:\/\/diariotextual.com\/inicio\/index.php\/wp-json\/wp\/v2\/users\/3"}],"replies":[{"embeddable":true,"href":"https:\/\/diariotextual.com\/inicio\/index.php\/wp-json\/wp\/v2\/comments?post=63383"}],"version-history":[{"count":1,"href":"https:\/\/diariotextual.com\/inicio\/index.php\/wp-json\/wp\/v2\/posts\/63383\/revisions"}],"predecessor-version":[{"id":63384,"href":"https:\/\/diariotextual.com\/inicio\/index.php\/wp-json\/wp\/v2\/posts\/63383\/revisions\/63384"}],"wp:featuredmedia":[{"embeddable":true,"href":"https:\/\/diariotextual.com\/inicio\/index.php\/wp-json\/wp\/v2\/media\/63378"}],"wp:attachment":[{"href":"https:\/\/diariotextual.com\/inicio\/index.php\/wp-json\/wp\/v2\/media?parent=63383"}],"wp:term":[{"taxonomy":"category","embeddable":true,"href":"https:\/\/diariotextual.com\/inicio\/index.php\/wp-json\/wp\/v2\/categories?post=63383"},{"taxonomy":"post_tag","embeddable":true,"href":"https:\/\/diariotextual.com\/inicio\/index.php\/wp-json\/wp\/v2\/tags?post=63383"}],"curies":[{"name":"wp","href":"https:\/\/api.w.org\/{rel}","templated":true}]}}