{"id":63408,"date":"2019-09-22T10:11:46","date_gmt":"2019-09-22T13:11:46","guid":{"rendered":"http:\/\/diariotextual.com\/inicio\/?p=63408"},"modified":"2019-09-22T20:17:37","modified_gmt":"2019-09-22T23:17:37","slug":"economista-k-anticipo-rt-las-medidas-economicas-tomaria-alberto-fernandez","status":"publish","type":"post","link":"https:\/\/diariotextual.com\/inicio\/index.php\/2019\/09\/22\/economista-k-anticipo-rt-las-medidas-economicas-tomaria-alberto-fernandez\/","title":{"rendered":"Economista K anticip\u00f3 en RT las medidas econ\u00f3micas que tomar\u00eda Alberto Fern\u00e1ndez"},"content":{"rendered":"<p><strong>Roberto Feletti<\/strong>, actual secretario de Hacienda del municipio de La Matanza y uno de los economistas m\u00e1s destacados del kirchnerismo, anticip\u00f3 en Radio Textual (FM Sonar 97.9) las <strong>principales medidas econ\u00f3micas que tomar\u00e1 Alberto Fern\u00e1ndez<\/strong> si es electo presidente el 27 de octubre. Asegur\u00f3 que <strong>habr\u00e1 reestructuraci\u00f3n de deuda y aliento al consumo.\u00a0<\/strong><\/p>\n<p>Feletti es uno de los economistas de cabecera del kirchnerismo. Fue secretario de Pol\u00edtica Econ\u00f3mica (2009-2011), presidente del Banco Ciudad y vicepresidente del Banco Naci\u00f3n, entre otros cargos.\u00a0Actualmente trabaja en el municipio de La Matanza como secretario de Hacienda en la gesti\u00f3n de Ver\u00f3nica Magario, candidata a vicegobernadora de Axel Kicillof en provincia de Buenos Aires.<\/p>\n<p>El nombre de Feletti suena para integrar los equipos econ\u00f3micos tanto de Kicillof, en caso de ser electo gobernador, como de Alberto Fern\u00e1ndez si la gente lo elige presidente el 27 de octubre.<\/p>\n<p><strong>\u00abSeguramente mi destino va a estar en la provincia (de Buenos Aires)\u00bb<\/strong>, respondi\u00f3 ante una consulta de Radio Textual.<\/p>\n<p>\u00bfC\u00f3mo eval\u00faa el actual gobierno nacional? <strong>\u00abEl proyecto de Mauricio Macri\u00a0es un gran fracaso hist\u00f3rico. Deja una situaci\u00f3n grave, que combina inflaci\u00f3n espiralizada con suba de desempleo\u00bb<\/strong>, reflexion\u00f3.<\/p>\n<p><strong>\u00abEs\u00a0un gobierno da\u00f1ino, donde nadie toma decisiones de producci\u00f3n, ni de consumo, s\u00f3lo piensan en cu\u00e1nto da la tasa de inter\u00e9s del banco\u00bb<\/strong>, afirm\u00f3.<\/p>\n<p>\u00bfSi la situaci\u00f3n econ\u00f3mica que dejar\u00e1 Macri compromete al pr\u00f3ximo gobierno?\u00a0<strong>\u00abVamos a asistir al quinto ciclo peronista. Lo primero que hay que hacer es sacar al pueblo de la subsistencia. Hay que recomponer el acceso a los alimentos y a la energ\u00eda. Sin eso no hay proyecto de vida\u00bb<\/strong>, dijo.<\/p>\n<p>Adem\u00e1s de las medidas internas, Feletti anticip\u00f3 lo que har\u00e1 Alberto Fern\u00e1ndez con la deuda.\u00a0\u00abEl peronismo va a ensayar un proceso de reestructuraci\u00f3n (con el FMI), sin ninguna duda\u00bb, asever\u00f3.<\/p>\n<p>&nbsp;<\/p>\n<p>&nbsp;<\/p>\n<p>&nbsp;<\/p>\n","protected":false},"excerpt":{"rendered":"<p>Roberto Feletti, actual secretario de Hacienda del municipio de La Matanza y uno de los economistas m\u00e1s destacados del kirchnerismo, anticip\u00f3 en Radio Textual (FM Sonar 97.9) las principales medidas&hellip;<\/p>\n","protected":false},"author":7,"featured_media":63409,"comment_status":"closed","ping_status":"open","sticky":false,"template":"","format":"standard","meta":{"_acf_changed":false,"footnotes":""},"categories":[319,5],"tags":[],"class_list":["post-63408","post","type-post","status-publish","format-standard","has-post-thumbnail","hentry","category-a-temporales","category-economia"],"acf":[],"yoast_head":"<!-- This site is optimized with the Yoast SEO plugin v27.5 - https:\/\/yoast.com\/product\/yoast-seo-wordpress\/ -->\n<title>Economista K anticip\u00f3 en RT las medidas econ\u00f3micas que tomar\u00eda Alberto Fern\u00e1ndez - Diario Textual<\/title>\n<meta name=\"robots\" content=\"index, follow, max-snippet:-1, max-image-preview:large, max-video-preview:-1\" \/>\n<link rel=\"canonical\" href=\"https:\/\/diariotextual.com\/inicio\/index.php\/2019\/09\/22\/economista-k-anticipo-rt-las-medidas-economicas-tomaria-alberto-fernandez\/\" \/>\n<meta property=\"og:locale\" content=\"es_ES\" \/>\n<meta property=\"og:type\" content=\"article\" \/>\n<meta property=\"og:title\" content=\"Economista K anticip\u00f3 en RT las medidas econ\u00f3micas que tomar\u00eda Alberto Fern\u00e1ndez - Diario Textual\" \/>\n<meta property=\"og:description\" content=\"Roberto Feletti, actual secretario de Hacienda del municipio de La Matanza y uno de los economistas m\u00e1s destacados del kirchnerismo, anticip\u00f3 en Radio Textual (FM Sonar 97.9) las principales medidas&hellip;\" \/>\n<meta property=\"og:url\" content=\"https:\/\/diariotextual.com\/inicio\/index.php\/2019\/09\/22\/economista-k-anticipo-rt-las-medidas-economicas-tomaria-alberto-fernandez\/\" \/>\n<meta property=\"og:site_name\" content=\"Diario Textual\" \/>\n<meta property=\"article:publisher\" content=\"https:\/\/www.facebook.com\/eltextual\" \/>\n<meta property=\"article:published_time\" content=\"2019-09-22T13:11:46+00:00\" \/>\n<meta property=\"article:modified_time\" content=\"2019-09-22T23:17:37+00:00\" \/>\n<meta property=\"og:image\" content=\"https:\/\/diariotextual.com\/inicio\/wp-content\/uploads\/2019\/09\/felettiroberto.jpg\" \/>\n\t<meta property=\"og:image:width\" content=\"680\" \/>\n\t<meta property=\"og:image:height\" content=\"399\" \/>\n\t<meta property=\"og:image:type\" content=\"image\/jpeg\" \/>\n<meta name=\"author\" content=\"diario5\" \/>\n<meta name=\"twitter:card\" content=\"summary_large_image\" \/>\n<meta name=\"twitter:creator\" content=\"@eltextual\" \/>\n<meta name=\"twitter:site\" content=\"@eltextual\" \/>\n<meta name=\"twitter:label1\" content=\"Escrito por\" \/>\n\t<meta name=\"twitter:data1\" content=\"diario5\" \/>\n\t<meta name=\"twitter:label2\" content=\"Tiempo de lectura\" \/>\n\t<meta name=\"twitter:data2\" content=\"2 minutos\" \/>\n<script type=\"application\/ld+json\" class=\"yoast-schema-graph\">{\"@context\":\"https:\\\/\\\/schema.org\",\"@graph\":[{\"@type\":\"Article\",\"@id\":\"https:\\\/\\\/diariotextual.com\\\/inicio\\\/index.php\\\/2019\\\/09\\\/22\\\/economista-k-anticipo-rt-las-medidas-economicas-tomaria-alberto-fernandez\\\/#article\",\"isPartOf\":{\"@id\":\"https:\\\/\\\/diariotextual.com\\\/inicio\\\/index.php\\\/2019\\\/09\\\/22\\\/economista-k-anticipo-rt-las-medidas-economicas-tomaria-alberto-fernandez\\\/\"},\"author\":{\"name\":\"diario5\",\"@id\":\"https:\\\/\\\/diariotextual.com\\\/inicio\\\/#\\\/schema\\\/person\\\/c7834961ad8b29b1d9cdbf4571299067\"},\"headline\":\"Economista K anticip\u00f3 en RT las medidas econ\u00f3micas que tomar\u00eda Alberto Fern\u00e1ndez\",\"datePublished\":\"2019-09-22T13:11:46+00:00\",\"dateModified\":\"2019-09-22T23:17:37+00:00\",\"mainEntityOfPage\":{\"@id\":\"https:\\\/\\\/diariotextual.com\\\/inicio\\\/index.php\\\/2019\\\/09\\\/22\\\/economista-k-anticipo-rt-las-medidas-economicas-tomaria-alberto-fernandez\\\/\"},\"wordCount\":341,\"publisher\":{\"@id\":\"https:\\\/\\\/diariotextual.com\\\/inicio\\\/#organization\"},\"image\":{\"@id\":\"https:\\\/\\\/diariotextual.com\\\/inicio\\\/index.php\\\/2019\\\/09\\\/22\\\/economista-k-anticipo-rt-las-medidas-economicas-tomaria-alberto-fernandez\\\/#primaryimage\"},\"thumbnailUrl\":\"https:\\\/\\\/diariotextual.com\\\/inicio\\\/wp-content\\\/uploads\\\/2019\\\/09\\\/felettiroberto.jpg\",\"articleSection\":[\"A - TEMPORALES\",\"ECONOMIA\"],\"inLanguage\":\"es\"},{\"@type\":\"WebPage\",\"@id\":\"https:\\\/\\\/diariotextual.com\\\/inicio\\\/index.php\\\/2019\\\/09\\\/22\\\/economista-k-anticipo-rt-las-medidas-economicas-tomaria-alberto-fernandez\\\/\",\"url\":\"https:\\\/\\\/diariotextual.com\\\/inicio\\\/index.php\\\/2019\\\/09\\\/22\\\/economista-k-anticipo-rt-las-medidas-economicas-tomaria-alberto-fernandez\\\/\",\"name\":\"Economista K anticip\u00f3 en RT las medidas econ\u00f3micas que tomar\u00eda Alberto Fern\u00e1ndez - Diario Textual\",\"isPartOf\":{\"@id\":\"https:\\\/\\\/diariotextual.com\\\/inicio\\\/#website\"},\"primaryImageOfPage\":{\"@id\":\"https:\\\/\\\/diariotextual.com\\\/inicio\\\/index.php\\\/2019\\\/09\\\/22\\\/economista-k-anticipo-rt-las-medidas-economicas-tomaria-alberto-fernandez\\\/#primaryimage\"},\"image\":{\"@id\":\"https:\\\/\\\/diariotextual.com\\\/inicio\\\/index.php\\\/2019\\\/09\\\/22\\\/economista-k-anticipo-rt-las-medidas-economicas-tomaria-alberto-fernandez\\\/#primaryimage\"},\"thumbnailUrl\":\"https:\\\/\\\/diariotextual.com\\\/inicio\\\/wp-content\\\/uploads\\\/2019\\\/09\\\/felettiroberto.jpg\",\"datePublished\":\"2019-09-22T13:11:46+00:00\",\"dateModified\":\"2019-09-22T23:17:37+00:00\",\"breadcrumb\":{\"@id\":\"https:\\\/\\\/diariotextual.com\\\/inicio\\\/index.php\\\/2019\\\/09\\\/22\\\/economista-k-anticipo-rt-las-medidas-economicas-tomaria-alberto-fernandez\\\/#breadcrumb\"},\"inLanguage\":\"es\",\"potentialAction\":[{\"@type\":\"ReadAction\",\"target\":[\"https:\\\/\\\/diariotextual.com\\\/inicio\\\/index.php\\\/2019\\\/09\\\/22\\\/economista-k-anticipo-rt-las-medidas-economicas-tomaria-alberto-fernandez\\\/\"]}]},{\"@type\":\"ImageObject\",\"inLanguage\":\"es\",\"@id\":\"https:\\\/\\\/diariotextual.com\\\/inicio\\\/index.php\\\/2019\\\/09\\\/22\\\/economista-k-anticipo-rt-las-medidas-economicas-tomaria-alberto-fernandez\\\/#primaryimage\",\"url\":\"https:\\\/\\\/diariotextual.com\\\/inicio\\\/wp-content\\\/uploads\\\/2019\\\/09\\\/felettiroberto.jpg\",\"contentUrl\":\"https:\\\/\\\/diariotextual.com\\\/inicio\\\/wp-content\\\/uploads\\\/2019\\\/09\\\/felettiroberto.jpg\",\"width\":680,\"height\":399},{\"@type\":\"BreadcrumbList\",\"@id\":\"https:\\\/\\\/diariotextual.com\\\/inicio\\\/index.php\\\/2019\\\/09\\\/22\\\/economista-k-anticipo-rt-las-medidas-economicas-tomaria-alberto-fernandez\\\/#breadcrumb\",\"itemListElement\":[{\"@type\":\"ListItem\",\"position\":1,\"name\":\"Portada\",\"item\":\"https:\\\/\\\/diariotextual.com\\\/inicio\\\/\"},{\"@type\":\"ListItem\",\"position\":2,\"name\":\"Economista K anticip\u00f3 en RT las medidas econ\u00f3micas que tomar\u00eda Alberto Fern\u00e1ndez\"}]},{\"@type\":\"WebSite\",\"@id\":\"https:\\\/\\\/diariotextual.com\\\/inicio\\\/#website\",\"url\":\"https:\\\/\\\/diariotextual.com\\\/inicio\\\/\",\"name\":\"Diario Textual\",\"description\":\"\",\"publisher\":{\"@id\":\"https:\\\/\\\/diariotextual.com\\\/inicio\\\/#organization\"},\"potentialAction\":[{\"@type\":\"SearchAction\",\"target\":{\"@type\":\"EntryPoint\",\"urlTemplate\":\"https:\\\/\\\/diariotextual.com\\\/inicio\\\/?s={search_term_string}\"},\"query-input\":{\"@type\":\"PropertyValueSpecification\",\"valueRequired\":true,\"valueName\":\"search_term_string\"}}],\"inLanguage\":\"es\"},{\"@type\":\"Organization\",\"@id\":\"https:\\\/\\\/diariotextual.com\\\/inicio\\\/#organization\",\"name\":\"Diario Textual\",\"url\":\"https:\\\/\\\/diariotextual.com\\\/inicio\\\/\",\"logo\":{\"@type\":\"ImageObject\",\"inLanguage\":\"es\",\"@id\":\"https:\\\/\\\/diariotextual.com\\\/inicio\\\/#\\\/schema\\\/logo\\\/image\\\/\",\"url\":\"https:\\\/\\\/diariotextual.com\\\/inicio\\\/wp-content\\\/uploads\\\/2023\\\/05\\\/logotextual1.jpg\",\"contentUrl\":\"https:\\\/\\\/diariotextual.com\\\/inicio\\\/wp-content\\\/uploads\\\/2023\\\/05\\\/logotextual1.jpg\",\"width\":516,\"height\":76,\"caption\":\"Diario Textual\"},\"image\":{\"@id\":\"https:\\\/\\\/diariotextual.com\\\/inicio\\\/#\\\/schema\\\/logo\\\/image\\\/\"},\"sameAs\":[\"https:\\\/\\\/www.facebook.com\\\/eltextual\",\"https:\\\/\\\/x.com\\\/eltextual\",\"http:\\\/\\\/www.instagram.com\\\/eltextual\"]},{\"@type\":\"Person\",\"@id\":\"https:\\\/\\\/diariotextual.com\\\/inicio\\\/#\\\/schema\\\/person\\\/c7834961ad8b29b1d9cdbf4571299067\",\"name\":\"diario5\",\"image\":{\"@type\":\"ImageObject\",\"inLanguage\":\"es\",\"@id\":\"https:\\\/\\\/secure.gravatar.com\\\/avatar\\\/948c893b847ca6df68216ead81b63f363408ec9b0f600fefc0641ce78613b111?s=96&d=mm&r=g\",\"url\":\"https:\\\/\\\/secure.gravatar.com\\\/avatar\\\/948c893b847ca6df68216ead81b63f363408ec9b0f600fefc0641ce78613b111?s=96&d=mm&r=g\",\"contentUrl\":\"https:\\\/\\\/secure.gravatar.com\\\/avatar\\\/948c893b847ca6df68216ead81b63f363408ec9b0f600fefc0641ce78613b111?s=96&d=mm&r=g\",\"caption\":\"diario5\"},\"url\":\"https:\\\/\\\/diariotextual.com\\\/inicio\\\/index.php\\\/author\\\/diario5\\\/\"}]}<\/script>\n<!-- \/ Yoast SEO plugin. -->","yoast_head_json":{"title":"Economista K anticip\u00f3 en RT las medidas econ\u00f3micas que tomar\u00eda Alberto Fern\u00e1ndez - Diario Textual","robots":{"index":"index","follow":"follow","max-snippet":"max-snippet:-1","max-image-preview":"max-image-preview:large","max-video-preview":"max-video-preview:-1"},"canonical":"https:\/\/diariotextual.com\/inicio\/index.php\/2019\/09\/22\/economista-k-anticipo-rt-las-medidas-economicas-tomaria-alberto-fernandez\/","og_locale":"es_ES","og_type":"article","og_title":"Economista K anticip\u00f3 en RT las medidas econ\u00f3micas que tomar\u00eda Alberto Fern\u00e1ndez - Diario Textual","og_description":"Roberto Feletti, actual secretario de Hacienda del municipio de La Matanza y uno de los economistas m\u00e1s destacados del kirchnerismo, anticip\u00f3 en Radio Textual (FM Sonar 97.9) las principales medidas&hellip;","og_url":"https:\/\/diariotextual.com\/inicio\/index.php\/2019\/09\/22\/economista-k-anticipo-rt-las-medidas-economicas-tomaria-alberto-fernandez\/","og_site_name":"Diario Textual","article_publisher":"https:\/\/www.facebook.com\/eltextual","article_published_time":"2019-09-22T13:11:46+00:00","article_modified_time":"2019-09-22T23:17:37+00:00","og_image":[{"width":680,"height":399,"url":"https:\/\/diariotextual.com\/inicio\/wp-content\/uploads\/2019\/09\/felettiroberto.jpg","type":"image\/jpeg"}],"author":"diario5","twitter_card":"summary_large_image","twitter_creator":"@eltextual","twitter_site":"@eltextual","twitter_misc":{"Escrito por":"diario5","Tiempo de lectura":"2 minutos"},"schema":{"@context":"https:\/\/schema.org","@graph":[{"@type":"Article","@id":"https:\/\/diariotextual.com\/inicio\/index.php\/2019\/09\/22\/economista-k-anticipo-rt-las-medidas-economicas-tomaria-alberto-fernandez\/#article","isPartOf":{"@id":"https:\/\/diariotextual.com\/inicio\/index.php\/2019\/09\/22\/economista-k-anticipo-rt-las-medidas-economicas-tomaria-alberto-fernandez\/"},"author":{"name":"diario5","@id":"https:\/\/diariotextual.com\/inicio\/#\/schema\/person\/c7834961ad8b29b1d9cdbf4571299067"},"headline":"Economista K anticip\u00f3 en RT las medidas econ\u00f3micas que tomar\u00eda Alberto Fern\u00e1ndez","datePublished":"2019-09-22T13:11:46+00:00","dateModified":"2019-09-22T23:17:37+00:00","mainEntityOfPage":{"@id":"https:\/\/diariotextual.com\/inicio\/index.php\/2019\/09\/22\/economista-k-anticipo-rt-las-medidas-economicas-tomaria-alberto-fernandez\/"},"wordCount":341,"publisher":{"@id":"https:\/\/diariotextual.com\/inicio\/#organization"},"image":{"@id":"https:\/\/diariotextual.com\/inicio\/index.php\/2019\/09\/22\/economista-k-anticipo-rt-las-medidas-economicas-tomaria-alberto-fernandez\/#primaryimage"},"thumbnailUrl":"https:\/\/diariotextual.com\/inicio\/wp-content\/uploads\/2019\/09\/felettiroberto.jpg","articleSection":["A - TEMPORALES","ECONOMIA"],"inLanguage":"es"},{"@type":"WebPage","@id":"https:\/\/diariotextual.com\/inicio\/index.php\/2019\/09\/22\/economista-k-anticipo-rt-las-medidas-economicas-tomaria-alberto-fernandez\/","url":"https:\/\/diariotextual.com\/inicio\/index.php\/2019\/09\/22\/economista-k-anticipo-rt-las-medidas-economicas-tomaria-alberto-fernandez\/","name":"Economista K anticip\u00f3 en RT las medidas econ\u00f3micas que tomar\u00eda Alberto Fern\u00e1ndez - Diario Textual","isPartOf":{"@id":"https:\/\/diariotextual.com\/inicio\/#website"},"primaryImageOfPage":{"@id":"https:\/\/diariotextual.com\/inicio\/index.php\/2019\/09\/22\/economista-k-anticipo-rt-las-medidas-economicas-tomaria-alberto-fernandez\/#primaryimage"},"image":{"@id":"https:\/\/diariotextual.com\/inicio\/index.php\/2019\/09\/22\/economista-k-anticipo-rt-las-medidas-economicas-tomaria-alberto-fernandez\/#primaryimage"},"thumbnailUrl":"https:\/\/diariotextual.com\/inicio\/wp-content\/uploads\/2019\/09\/felettiroberto.jpg","datePublished":"2019-09-22T13:11:46+00:00","dateModified":"2019-09-22T23:17:37+00:00","breadcrumb":{"@id":"https:\/\/diariotextual.com\/inicio\/index.php\/2019\/09\/22\/economista-k-anticipo-rt-las-medidas-economicas-tomaria-alberto-fernandez\/#breadcrumb"},"inLanguage":"es","potentialAction":[{"@type":"ReadAction","target":["https:\/\/diariotextual.com\/inicio\/index.php\/2019\/09\/22\/economista-k-anticipo-rt-las-medidas-economicas-tomaria-alberto-fernandez\/"]}]},{"@type":"ImageObject","inLanguage":"es","@id":"https:\/\/diariotextual.com\/inicio\/index.php\/2019\/09\/22\/economista-k-anticipo-rt-las-medidas-economicas-tomaria-alberto-fernandez\/#primaryimage","url":"https:\/\/diariotextual.com\/inicio\/wp-content\/uploads\/2019\/09\/felettiroberto.jpg","contentUrl":"https:\/\/diariotextual.com\/inicio\/wp-content\/uploads\/2019\/09\/felettiroberto.jpg","width":680,"height":399},{"@type":"BreadcrumbList","@id":"https:\/\/diariotextual.com\/inicio\/index.php\/2019\/09\/22\/economista-k-anticipo-rt-las-medidas-economicas-tomaria-alberto-fernandez\/#breadcrumb","itemListElement":[{"@type":"ListItem","position":1,"name":"Portada","item":"https:\/\/diariotextual.com\/inicio\/"},{"@type":"ListItem","position":2,"name":"Economista K anticip\u00f3 en RT las medidas econ\u00f3micas que tomar\u00eda Alberto Fern\u00e1ndez"}]},{"@type":"WebSite","@id":"https:\/\/diariotextual.com\/inicio\/#website","url":"https:\/\/diariotextual.com\/inicio\/","name":"Diario Textual","description":"","publisher":{"@id":"https:\/\/diariotextual.com\/inicio\/#organization"},"potentialAction":[{"@type":"SearchAction","target":{"@type":"EntryPoint","urlTemplate":"https:\/\/diariotextual.com\/inicio\/?s={search_term_string}"},"query-input":{"@type":"PropertyValueSpecification","valueRequired":true,"valueName":"search_term_string"}}],"inLanguage":"es"},{"@type":"Organization","@id":"https:\/\/diariotextual.com\/inicio\/#organization","name":"Diario Textual","url":"https:\/\/diariotextual.com\/inicio\/","logo":{"@type":"ImageObject","inLanguage":"es","@id":"https:\/\/diariotextual.com\/inicio\/#\/schema\/logo\/image\/","url":"https:\/\/diariotextual.com\/inicio\/wp-content\/uploads\/2023\/05\/logotextual1.jpg","contentUrl":"https:\/\/diariotextual.com\/inicio\/wp-content\/uploads\/2023\/05\/logotextual1.jpg","width":516,"height":76,"caption":"Diario Textual"},"image":{"@id":"https:\/\/diariotextual.com\/inicio\/#\/schema\/logo\/image\/"},"sameAs":["https:\/\/www.facebook.com\/eltextual","https:\/\/x.com\/eltextual","http:\/\/www.instagram.com\/eltextual"]},{"@type":"Person","@id":"https:\/\/diariotextual.com\/inicio\/#\/schema\/person\/c7834961ad8b29b1d9cdbf4571299067","name":"diario5","image":{"@type":"ImageObject","inLanguage":"es","@id":"https:\/\/secure.gravatar.com\/avatar\/948c893b847ca6df68216ead81b63f363408ec9b0f600fefc0641ce78613b111?s=96&d=mm&r=g","url":"https:\/\/secure.gravatar.com\/avatar\/948c893b847ca6df68216ead81b63f363408ec9b0f600fefc0641ce78613b111?s=96&d=mm&r=g","contentUrl":"https:\/\/secure.gravatar.com\/avatar\/948c893b847ca6df68216ead81b63f363408ec9b0f600fefc0641ce78613b111?s=96&d=mm&r=g","caption":"diario5"},"url":"https:\/\/diariotextual.com\/inicio\/index.php\/author\/diario5\/"}]}},"_links":{"self":[{"href":"https:\/\/diariotextual.com\/inicio\/index.php\/wp-json\/wp\/v2\/posts\/63408","targetHints":{"allow":["GET"]}}],"collection":[{"href":"https:\/\/diariotextual.com\/inicio\/index.php\/wp-json\/wp\/v2\/posts"}],"about":[{"href":"https:\/\/diariotextual.com\/inicio\/index.php\/wp-json\/wp\/v2\/types\/post"}],"author":[{"embeddable":true,"href":"https:\/\/diariotextual.com\/inicio\/index.php\/wp-json\/wp\/v2\/users\/7"}],"replies":[{"embeddable":true,"href":"https:\/\/diariotextual.com\/inicio\/index.php\/wp-json\/wp\/v2\/comments?post=63408"}],"version-history":[{"count":1,"href":"https:\/\/diariotextual.com\/inicio\/index.php\/wp-json\/wp\/v2\/posts\/63408\/revisions"}],"predecessor-version":[{"id":63410,"href":"https:\/\/diariotextual.com\/inicio\/index.php\/wp-json\/wp\/v2\/posts\/63408\/revisions\/63410"}],"wp:featuredmedia":[{"embeddable":true,"href":"https:\/\/diariotextual.com\/inicio\/index.php\/wp-json\/wp\/v2\/media\/63409"}],"wp:attachment":[{"href":"https:\/\/diariotextual.com\/inicio\/index.php\/wp-json\/wp\/v2\/media?parent=63408"}],"wp:term":[{"taxonomy":"category","embeddable":true,"href":"https:\/\/diariotextual.com\/inicio\/index.php\/wp-json\/wp\/v2\/categories?post=63408"},{"taxonomy":"post_tag","embeddable":true,"href":"https:\/\/diariotextual.com\/inicio\/index.php\/wp-json\/wp\/v2\/tags?post=63408"}],"curies":[{"name":"wp","href":"https:\/\/api.w.org\/{rel}","templated":true}]}}