{"id":63411,"date":"2019-09-22T10:31:47","date_gmt":"2019-09-22T13:31:47","guid":{"rendered":"http:\/\/diariotextual.com\/inicio\/?p=63411"},"modified":"2019-09-23T08:33:02","modified_gmt":"2019-09-23T11:33:02","slug":"segun-cec-30-del-comercio-dejo-pagar-la-seguridad-social-la-art","status":"publish","type":"post","link":"https:\/\/diariotextual.com\/inicio\/index.php\/2019\/09\/22\/segun-cec-30-del-comercio-dejo-pagar-la-seguridad-social-la-art\/","title":{"rendered":"Seg\u00fan el CEC, el 30% del comercio dej\u00f3 de pagar la seguridad social y la ART"},"content":{"rendered":"<p>El subsecretario del <strong>Centro Empleados de Comercio<\/strong>, Rodrigo Genoni, revel\u00f3 en<strong> Radio Textual (FM Sonar 97.9)<\/strong> una preocupante situaci\u00f3n que est\u00e1 ocurriendo en Santa Rosa: <strong>\u00abel 30% de los comercio dej\u00f3 de pagar la seguridad social y la ART\u00bb<\/strong>, afirm\u00f3. El presidente de la <strong>C\u00e1mara de Comercio<\/strong>, Roberto Nevares, asever\u00f3 que <strong>el comerciante \u00abse est\u00e1 manteniendo como puede\u00bb y asegur\u00f3 que \u00abno se est\u00e1 vendiendo nada\u00bb.<\/strong><\/p>\n<p>Genoni y Nevares hablaron en simult\u00e1neo en Radio Textual. El representante de los trabajadores de comercio coment\u00f3 la delicada situaci\u00f3n que atraviesan los trabajadores, en particular los de algunas empresas que han achicado sus planteles y otras directamente han cerrado.<\/p>\n<p>Habl\u00f3 puntualmente de <strong>Minicuotas Ribeiro<\/strong>, que le adeuda una parte del salario de agosto a sus cinco trabajadores de Santa Rosa. <strong>\u00abSi bien esta es una situaci\u00f3n excepcional porque la empresa tuvo un embargo en Formosa y eso afect\u00f3 el pago, vemos que esta empresa va por el mismo camino de Lucaioli (ya cerr\u00f3 sus puertas) y hay peligro de cierre\u00bb<\/strong>, alert\u00f3.<\/p>\n<p>Luego revel\u00f3 un dato preocupante: \u00abEl 30% del comercio dej\u00f3 de pagar la seguridad social (los aportes) y la ART\u00bb, asegur\u00f3.<\/p>\n<div>\n<div class=\"css-1dbjc4n r-my5ep6 r-qklmqi r-1adg3ll\">\n<article class=\"css-1dbjc4n r-1u4rsef r-1loqt21 r-1udh08x r-o7ynqc r-1j63xyz\" tabindex=\"0\" role=\"article\" aria-haspopup=\"false\" data-focusable=\"true\" aria-labelledby=\"tweet-promoted-label tweet-social-context tweet-user tweet-timestamp tweet-reply-context tweet-text tweet-rich-content-label tweet-action-buttons\">\n<div class=\"css-1dbjc4n r-1j3t67a\">\n<div class=\"css-1dbjc4n r-18u37iz r-thb0q2\" data-testid=\"tweet\">\n<div class=\"css-1dbjc4n r-1iusvr4 r-46vdb2 r-1777fci r-5f2r5o r-bcqeeo r-1mi0q7o\">\n<div dir=\"auto\" lang=\"es\"><\/div>\n<div dir=\"auto\" lang=\"es\">En tanto, el presidente de la C\u00e1mara de Comercio, <strong>Roberto Nevares<\/strong> dijo que los comerciantes <strong>\u00abest\u00e1n manteni\u00e9ndose como pueden\u00bb<\/strong> y asegur\u00f3 que <strong>no hay ventas.<\/strong><\/div>\n<\/div>\n<\/div>\n<\/div>\n<\/article>\n<\/div>\n<\/div>\n<p><strong>\u00abHay muchos impuestos distorsivos. Encima no vendemos y no podemos crecer ni generar trabajo\u00bb, dijo.\u00a0\u00abLa situaci\u00f3n del peque\u00f1o comerciante es igual al del grande. Se est\u00e1 manteniendo como puede. Se perdi\u00f3 la capacidad de visualizar el futuro y nadie crece\u00bb<\/strong>, afirm\u00f3.<\/p>\n<p>\u00bfQu\u00e9 pasar\u00e1 con el bono de $5000? \u00abNing\u00fan comerciante hoy lo puede pagar\u00bb, cerr\u00f3.<\/p>\n<p>&nbsp;<\/p>\n<p>&nbsp;<\/p>\n","protected":false},"excerpt":{"rendered":"<p>El subsecretario del Centro Empleados de Comercio, Rodrigo Genoni, revel\u00f3 en Radio Textual (FM Sonar 97.9) una preocupante situaci\u00f3n que est\u00e1 ocurriendo en Santa Rosa: \u00abel 30% de los comercio&hellip;<\/p>\n","protected":false},"author":7,"featured_media":5341,"comment_status":"closed","ping_status":"open","sticky":false,"template":"","format":"standard","meta":{"_acf_changed":false,"footnotes":""},"categories":[319,12],"tags":[],"class_list":["post-63411","post","type-post","status-publish","format-standard","has-post-thumbnail","hentry","category-a-temporales","category-sociedad"],"acf":[],"yoast_head":"<!-- This site is optimized with the Yoast SEO plugin v27.5 - https:\/\/yoast.com\/product\/yoast-seo-wordpress\/ -->\n<title>Seg\u00fan el CEC, el 30% del comercio dej\u00f3 de pagar la seguridad social y la ART - Diario Textual<\/title>\n<meta name=\"robots\" content=\"index, follow, max-snippet:-1, max-image-preview:large, max-video-preview:-1\" \/>\n<link rel=\"canonical\" href=\"https:\/\/diariotextual.com\/inicio\/index.php\/2019\/09\/22\/segun-cec-30-del-comercio-dejo-pagar-la-seguridad-social-la-art\/\" \/>\n<meta property=\"og:locale\" content=\"es_ES\" \/>\n<meta property=\"og:type\" content=\"article\" \/>\n<meta property=\"og:title\" content=\"Seg\u00fan el CEC, el 30% del comercio dej\u00f3 de pagar la seguridad social y la ART - Diario Textual\" \/>\n<meta property=\"og:description\" content=\"El subsecretario del Centro Empleados de Comercio, Rodrigo Genoni, revel\u00f3 en Radio Textual (FM Sonar 97.9) una preocupante situaci\u00f3n que est\u00e1 ocurriendo en Santa Rosa: \u00abel 30% de los comercio&hellip;\" \/>\n<meta property=\"og:url\" content=\"https:\/\/diariotextual.com\/inicio\/index.php\/2019\/09\/22\/segun-cec-30-del-comercio-dejo-pagar-la-seguridad-social-la-art\/\" \/>\n<meta property=\"og:site_name\" content=\"Diario Textual\" \/>\n<meta property=\"article:publisher\" content=\"https:\/\/www.facebook.com\/eltextual\" \/>\n<meta property=\"article:published_time\" content=\"2019-09-22T13:31:47+00:00\" \/>\n<meta property=\"article:modified_time\" content=\"2019-09-23T11:33:02+00:00\" \/>\n<meta property=\"og:image\" content=\"https:\/\/diariotextual.com\/inicio\/wp-content\/uploads\/2018\/04\/comerciossantarosa.jpg\" \/>\n\t<meta property=\"og:image:width\" content=\"653\" \/>\n\t<meta property=\"og:image:height\" content=\"450\" \/>\n\t<meta property=\"og:image:type\" content=\"image\/jpeg\" \/>\n<meta name=\"author\" content=\"diario5\" \/>\n<meta name=\"twitter:card\" content=\"summary_large_image\" \/>\n<meta name=\"twitter:creator\" content=\"@eltextual\" \/>\n<meta name=\"twitter:site\" content=\"@eltextual\" \/>\n<meta name=\"twitter:label1\" content=\"Escrito por\" \/>\n\t<meta name=\"twitter:data1\" content=\"diario5\" \/>\n\t<meta name=\"twitter:label2\" content=\"Tiempo de lectura\" \/>\n\t<meta name=\"twitter:data2\" content=\"1 minuto\" \/>\n<script type=\"application\/ld+json\" class=\"yoast-schema-graph\">{\"@context\":\"https:\\\/\\\/schema.org\",\"@graph\":[{\"@type\":\"Article\",\"@id\":\"https:\\\/\\\/diariotextual.com\\\/inicio\\\/index.php\\\/2019\\\/09\\\/22\\\/segun-cec-30-del-comercio-dejo-pagar-la-seguridad-social-la-art\\\/#article\",\"isPartOf\":{\"@id\":\"https:\\\/\\\/diariotextual.com\\\/inicio\\\/index.php\\\/2019\\\/09\\\/22\\\/segun-cec-30-del-comercio-dejo-pagar-la-seguridad-social-la-art\\\/\"},\"author\":{\"name\":\"diario5\",\"@id\":\"https:\\\/\\\/diariotextual.com\\\/inicio\\\/#\\\/schema\\\/person\\\/c7834961ad8b29b1d9cdbf4571299067\"},\"headline\":\"Seg\u00fan el CEC, el 30% del comercio dej\u00f3 de pagar la seguridad social y la ART\",\"datePublished\":\"2019-09-22T13:31:47+00:00\",\"dateModified\":\"2019-09-23T11:33:02+00:00\",\"mainEntityOfPage\":{\"@id\":\"https:\\\/\\\/diariotextual.com\\\/inicio\\\/index.php\\\/2019\\\/09\\\/22\\\/segun-cec-30-del-comercio-dejo-pagar-la-seguridad-social-la-art\\\/\"},\"wordCount\":295,\"publisher\":{\"@id\":\"https:\\\/\\\/diariotextual.com\\\/inicio\\\/#organization\"},\"image\":{\"@id\":\"https:\\\/\\\/diariotextual.com\\\/inicio\\\/index.php\\\/2019\\\/09\\\/22\\\/segun-cec-30-del-comercio-dejo-pagar-la-seguridad-social-la-art\\\/#primaryimage\"},\"thumbnailUrl\":\"https:\\\/\\\/diariotextual.com\\\/inicio\\\/wp-content\\\/uploads\\\/2018\\\/04\\\/comerciossantarosa.jpg\",\"articleSection\":[\"A - TEMPORALES\",\"SOCIEDAD\"],\"inLanguage\":\"es\"},{\"@type\":\"WebPage\",\"@id\":\"https:\\\/\\\/diariotextual.com\\\/inicio\\\/index.php\\\/2019\\\/09\\\/22\\\/segun-cec-30-del-comercio-dejo-pagar-la-seguridad-social-la-art\\\/\",\"url\":\"https:\\\/\\\/diariotextual.com\\\/inicio\\\/index.php\\\/2019\\\/09\\\/22\\\/segun-cec-30-del-comercio-dejo-pagar-la-seguridad-social-la-art\\\/\",\"name\":\"Seg\u00fan el CEC, el 30% del comercio dej\u00f3 de pagar la seguridad social y la ART - Diario Textual\",\"isPartOf\":{\"@id\":\"https:\\\/\\\/diariotextual.com\\\/inicio\\\/#website\"},\"primaryImageOfPage\":{\"@id\":\"https:\\\/\\\/diariotextual.com\\\/inicio\\\/index.php\\\/2019\\\/09\\\/22\\\/segun-cec-30-del-comercio-dejo-pagar-la-seguridad-social-la-art\\\/#primaryimage\"},\"image\":{\"@id\":\"https:\\\/\\\/diariotextual.com\\\/inicio\\\/index.php\\\/2019\\\/09\\\/22\\\/segun-cec-30-del-comercio-dejo-pagar-la-seguridad-social-la-art\\\/#primaryimage\"},\"thumbnailUrl\":\"https:\\\/\\\/diariotextual.com\\\/inicio\\\/wp-content\\\/uploads\\\/2018\\\/04\\\/comerciossantarosa.jpg\",\"datePublished\":\"2019-09-22T13:31:47+00:00\",\"dateModified\":\"2019-09-23T11:33:02+00:00\",\"breadcrumb\":{\"@id\":\"https:\\\/\\\/diariotextual.com\\\/inicio\\\/index.php\\\/2019\\\/09\\\/22\\\/segun-cec-30-del-comercio-dejo-pagar-la-seguridad-social-la-art\\\/#breadcrumb\"},\"inLanguage\":\"es\",\"potentialAction\":[{\"@type\":\"ReadAction\",\"target\":[\"https:\\\/\\\/diariotextual.com\\\/inicio\\\/index.php\\\/2019\\\/09\\\/22\\\/segun-cec-30-del-comercio-dejo-pagar-la-seguridad-social-la-art\\\/\"]}]},{\"@type\":\"ImageObject\",\"inLanguage\":\"es\",\"@id\":\"https:\\\/\\\/diariotextual.com\\\/inicio\\\/index.php\\\/2019\\\/09\\\/22\\\/segun-cec-30-del-comercio-dejo-pagar-la-seguridad-social-la-art\\\/#primaryimage\",\"url\":\"https:\\\/\\\/diariotextual.com\\\/inicio\\\/wp-content\\\/uploads\\\/2018\\\/04\\\/comerciossantarosa.jpg\",\"contentUrl\":\"https:\\\/\\\/diariotextual.com\\\/inicio\\\/wp-content\\\/uploads\\\/2018\\\/04\\\/comerciossantarosa.jpg\",\"width\":653,\"height\":450,\"caption\":\"?\"},{\"@type\":\"BreadcrumbList\",\"@id\":\"https:\\\/\\\/diariotextual.com\\\/inicio\\\/index.php\\\/2019\\\/09\\\/22\\\/segun-cec-30-del-comercio-dejo-pagar-la-seguridad-social-la-art\\\/#breadcrumb\",\"itemListElement\":[{\"@type\":\"ListItem\",\"position\":1,\"name\":\"Portada\",\"item\":\"https:\\\/\\\/diariotextual.com\\\/inicio\\\/\"},{\"@type\":\"ListItem\",\"position\":2,\"name\":\"Seg\u00fan el CEC, el 30% del comercio dej\u00f3 de pagar la seguridad social y la ART\"}]},{\"@type\":\"WebSite\",\"@id\":\"https:\\\/\\\/diariotextual.com\\\/inicio\\\/#website\",\"url\":\"https:\\\/\\\/diariotextual.com\\\/inicio\\\/\",\"name\":\"Diario Textual\",\"description\":\"\",\"publisher\":{\"@id\":\"https:\\\/\\\/diariotextual.com\\\/inicio\\\/#organization\"},\"potentialAction\":[{\"@type\":\"SearchAction\",\"target\":{\"@type\":\"EntryPoint\",\"urlTemplate\":\"https:\\\/\\\/diariotextual.com\\\/inicio\\\/?s={search_term_string}\"},\"query-input\":{\"@type\":\"PropertyValueSpecification\",\"valueRequired\":true,\"valueName\":\"search_term_string\"}}],\"inLanguage\":\"es\"},{\"@type\":\"Organization\",\"@id\":\"https:\\\/\\\/diariotextual.com\\\/inicio\\\/#organization\",\"name\":\"Diario Textual\",\"url\":\"https:\\\/\\\/diariotextual.com\\\/inicio\\\/\",\"logo\":{\"@type\":\"ImageObject\",\"inLanguage\":\"es\",\"@id\":\"https:\\\/\\\/diariotextual.com\\\/inicio\\\/#\\\/schema\\\/logo\\\/image\\\/\",\"url\":\"https:\\\/\\\/diariotextual.com\\\/inicio\\\/wp-content\\\/uploads\\\/2023\\\/05\\\/logotextual1.jpg\",\"contentUrl\":\"https:\\\/\\\/diariotextual.com\\\/inicio\\\/wp-content\\\/uploads\\\/2023\\\/05\\\/logotextual1.jpg\",\"width\":516,\"height\":76,\"caption\":\"Diario Textual\"},\"image\":{\"@id\":\"https:\\\/\\\/diariotextual.com\\\/inicio\\\/#\\\/schema\\\/logo\\\/image\\\/\"},\"sameAs\":[\"https:\\\/\\\/www.facebook.com\\\/eltextual\",\"https:\\\/\\\/x.com\\\/eltextual\",\"http:\\\/\\\/www.instagram.com\\\/eltextual\"]},{\"@type\":\"Person\",\"@id\":\"https:\\\/\\\/diariotextual.com\\\/inicio\\\/#\\\/schema\\\/person\\\/c7834961ad8b29b1d9cdbf4571299067\",\"name\":\"diario5\",\"image\":{\"@type\":\"ImageObject\",\"inLanguage\":\"es\",\"@id\":\"https:\\\/\\\/secure.gravatar.com\\\/avatar\\\/948c893b847ca6df68216ead81b63f363408ec9b0f600fefc0641ce78613b111?s=96&d=mm&r=g\",\"url\":\"https:\\\/\\\/secure.gravatar.com\\\/avatar\\\/948c893b847ca6df68216ead81b63f363408ec9b0f600fefc0641ce78613b111?s=96&d=mm&r=g\",\"contentUrl\":\"https:\\\/\\\/secure.gravatar.com\\\/avatar\\\/948c893b847ca6df68216ead81b63f363408ec9b0f600fefc0641ce78613b111?s=96&d=mm&r=g\",\"caption\":\"diario5\"},\"url\":\"https:\\\/\\\/diariotextual.com\\\/inicio\\\/index.php\\\/author\\\/diario5\\\/\"}]}<\/script>\n<!-- \/ Yoast SEO plugin. -->","yoast_head_json":{"title":"Seg\u00fan el CEC, el 30% del comercio dej\u00f3 de pagar la seguridad social y la ART - Diario Textual","robots":{"index":"index","follow":"follow","max-snippet":"max-snippet:-1","max-image-preview":"max-image-preview:large","max-video-preview":"max-video-preview:-1"},"canonical":"https:\/\/diariotextual.com\/inicio\/index.php\/2019\/09\/22\/segun-cec-30-del-comercio-dejo-pagar-la-seguridad-social-la-art\/","og_locale":"es_ES","og_type":"article","og_title":"Seg\u00fan el CEC, el 30% del comercio dej\u00f3 de pagar la seguridad social y la ART - Diario Textual","og_description":"El subsecretario del Centro Empleados de Comercio, Rodrigo Genoni, revel\u00f3 en Radio Textual (FM Sonar 97.9) una preocupante situaci\u00f3n que est\u00e1 ocurriendo en Santa Rosa: \u00abel 30% de los comercio&hellip;","og_url":"https:\/\/diariotextual.com\/inicio\/index.php\/2019\/09\/22\/segun-cec-30-del-comercio-dejo-pagar-la-seguridad-social-la-art\/","og_site_name":"Diario Textual","article_publisher":"https:\/\/www.facebook.com\/eltextual","article_published_time":"2019-09-22T13:31:47+00:00","article_modified_time":"2019-09-23T11:33:02+00:00","og_image":[{"width":653,"height":450,"url":"https:\/\/diariotextual.com\/inicio\/wp-content\/uploads\/2018\/04\/comerciossantarosa.jpg","type":"image\/jpeg"}],"author":"diario5","twitter_card":"summary_large_image","twitter_creator":"@eltextual","twitter_site":"@eltextual","twitter_misc":{"Escrito por":"diario5","Tiempo de lectura":"1 minuto"},"schema":{"@context":"https:\/\/schema.org","@graph":[{"@type":"Article","@id":"https:\/\/diariotextual.com\/inicio\/index.php\/2019\/09\/22\/segun-cec-30-del-comercio-dejo-pagar-la-seguridad-social-la-art\/#article","isPartOf":{"@id":"https:\/\/diariotextual.com\/inicio\/index.php\/2019\/09\/22\/segun-cec-30-del-comercio-dejo-pagar-la-seguridad-social-la-art\/"},"author":{"name":"diario5","@id":"https:\/\/diariotextual.com\/inicio\/#\/schema\/person\/c7834961ad8b29b1d9cdbf4571299067"},"headline":"Seg\u00fan el CEC, el 30% del comercio dej\u00f3 de pagar la seguridad social y la ART","datePublished":"2019-09-22T13:31:47+00:00","dateModified":"2019-09-23T11:33:02+00:00","mainEntityOfPage":{"@id":"https:\/\/diariotextual.com\/inicio\/index.php\/2019\/09\/22\/segun-cec-30-del-comercio-dejo-pagar-la-seguridad-social-la-art\/"},"wordCount":295,"publisher":{"@id":"https:\/\/diariotextual.com\/inicio\/#organization"},"image":{"@id":"https:\/\/diariotextual.com\/inicio\/index.php\/2019\/09\/22\/segun-cec-30-del-comercio-dejo-pagar-la-seguridad-social-la-art\/#primaryimage"},"thumbnailUrl":"https:\/\/diariotextual.com\/inicio\/wp-content\/uploads\/2018\/04\/comerciossantarosa.jpg","articleSection":["A - TEMPORALES","SOCIEDAD"],"inLanguage":"es"},{"@type":"WebPage","@id":"https:\/\/diariotextual.com\/inicio\/index.php\/2019\/09\/22\/segun-cec-30-del-comercio-dejo-pagar-la-seguridad-social-la-art\/","url":"https:\/\/diariotextual.com\/inicio\/index.php\/2019\/09\/22\/segun-cec-30-del-comercio-dejo-pagar-la-seguridad-social-la-art\/","name":"Seg\u00fan el CEC, el 30% del comercio dej\u00f3 de pagar la seguridad social y la ART - Diario Textual","isPartOf":{"@id":"https:\/\/diariotextual.com\/inicio\/#website"},"primaryImageOfPage":{"@id":"https:\/\/diariotextual.com\/inicio\/index.php\/2019\/09\/22\/segun-cec-30-del-comercio-dejo-pagar-la-seguridad-social-la-art\/#primaryimage"},"image":{"@id":"https:\/\/diariotextual.com\/inicio\/index.php\/2019\/09\/22\/segun-cec-30-del-comercio-dejo-pagar-la-seguridad-social-la-art\/#primaryimage"},"thumbnailUrl":"https:\/\/diariotextual.com\/inicio\/wp-content\/uploads\/2018\/04\/comerciossantarosa.jpg","datePublished":"2019-09-22T13:31:47+00:00","dateModified":"2019-09-23T11:33:02+00:00","breadcrumb":{"@id":"https:\/\/diariotextual.com\/inicio\/index.php\/2019\/09\/22\/segun-cec-30-del-comercio-dejo-pagar-la-seguridad-social-la-art\/#breadcrumb"},"inLanguage":"es","potentialAction":[{"@type":"ReadAction","target":["https:\/\/diariotextual.com\/inicio\/index.php\/2019\/09\/22\/segun-cec-30-del-comercio-dejo-pagar-la-seguridad-social-la-art\/"]}]},{"@type":"ImageObject","inLanguage":"es","@id":"https:\/\/diariotextual.com\/inicio\/index.php\/2019\/09\/22\/segun-cec-30-del-comercio-dejo-pagar-la-seguridad-social-la-art\/#primaryimage","url":"https:\/\/diariotextual.com\/inicio\/wp-content\/uploads\/2018\/04\/comerciossantarosa.jpg","contentUrl":"https:\/\/diariotextual.com\/inicio\/wp-content\/uploads\/2018\/04\/comerciossantarosa.jpg","width":653,"height":450,"caption":"?"},{"@type":"BreadcrumbList","@id":"https:\/\/diariotextual.com\/inicio\/index.php\/2019\/09\/22\/segun-cec-30-del-comercio-dejo-pagar-la-seguridad-social-la-art\/#breadcrumb","itemListElement":[{"@type":"ListItem","position":1,"name":"Portada","item":"https:\/\/diariotextual.com\/inicio\/"},{"@type":"ListItem","position":2,"name":"Seg\u00fan el CEC, el 30% del comercio dej\u00f3 de pagar la seguridad social y la ART"}]},{"@type":"WebSite","@id":"https:\/\/diariotextual.com\/inicio\/#website","url":"https:\/\/diariotextual.com\/inicio\/","name":"Diario Textual","description":"","publisher":{"@id":"https:\/\/diariotextual.com\/inicio\/#organization"},"potentialAction":[{"@type":"SearchAction","target":{"@type":"EntryPoint","urlTemplate":"https:\/\/diariotextual.com\/inicio\/?s={search_term_string}"},"query-input":{"@type":"PropertyValueSpecification","valueRequired":true,"valueName":"search_term_string"}}],"inLanguage":"es"},{"@type":"Organization","@id":"https:\/\/diariotextual.com\/inicio\/#organization","name":"Diario Textual","url":"https:\/\/diariotextual.com\/inicio\/","logo":{"@type":"ImageObject","inLanguage":"es","@id":"https:\/\/diariotextual.com\/inicio\/#\/schema\/logo\/image\/","url":"https:\/\/diariotextual.com\/inicio\/wp-content\/uploads\/2023\/05\/logotextual1.jpg","contentUrl":"https:\/\/diariotextual.com\/inicio\/wp-content\/uploads\/2023\/05\/logotextual1.jpg","width":516,"height":76,"caption":"Diario Textual"},"image":{"@id":"https:\/\/diariotextual.com\/inicio\/#\/schema\/logo\/image\/"},"sameAs":["https:\/\/www.facebook.com\/eltextual","https:\/\/x.com\/eltextual","http:\/\/www.instagram.com\/eltextual"]},{"@type":"Person","@id":"https:\/\/diariotextual.com\/inicio\/#\/schema\/person\/c7834961ad8b29b1d9cdbf4571299067","name":"diario5","image":{"@type":"ImageObject","inLanguage":"es","@id":"https:\/\/secure.gravatar.com\/avatar\/948c893b847ca6df68216ead81b63f363408ec9b0f600fefc0641ce78613b111?s=96&d=mm&r=g","url":"https:\/\/secure.gravatar.com\/avatar\/948c893b847ca6df68216ead81b63f363408ec9b0f600fefc0641ce78613b111?s=96&d=mm&r=g","contentUrl":"https:\/\/secure.gravatar.com\/avatar\/948c893b847ca6df68216ead81b63f363408ec9b0f600fefc0641ce78613b111?s=96&d=mm&r=g","caption":"diario5"},"url":"https:\/\/diariotextual.com\/inicio\/index.php\/author\/diario5\/"}]}},"_links":{"self":[{"href":"https:\/\/diariotextual.com\/inicio\/index.php\/wp-json\/wp\/v2\/posts\/63411","targetHints":{"allow":["GET"]}}],"collection":[{"href":"https:\/\/diariotextual.com\/inicio\/index.php\/wp-json\/wp\/v2\/posts"}],"about":[{"href":"https:\/\/diariotextual.com\/inicio\/index.php\/wp-json\/wp\/v2\/types\/post"}],"author":[{"embeddable":true,"href":"https:\/\/diariotextual.com\/inicio\/index.php\/wp-json\/wp\/v2\/users\/7"}],"replies":[{"embeddable":true,"href":"https:\/\/diariotextual.com\/inicio\/index.php\/wp-json\/wp\/v2\/comments?post=63411"}],"version-history":[{"count":2,"href":"https:\/\/diariotextual.com\/inicio\/index.php\/wp-json\/wp\/v2\/posts\/63411\/revisions"}],"predecessor-version":[{"id":63421,"href":"https:\/\/diariotextual.com\/inicio\/index.php\/wp-json\/wp\/v2\/posts\/63411\/revisions\/63421"}],"wp:featuredmedia":[{"embeddable":true,"href":"https:\/\/diariotextual.com\/inicio\/index.php\/wp-json\/wp\/v2\/media\/5341"}],"wp:attachment":[{"href":"https:\/\/diariotextual.com\/inicio\/index.php\/wp-json\/wp\/v2\/media?parent=63411"}],"wp:term":[{"taxonomy":"category","embeddable":true,"href":"https:\/\/diariotextual.com\/inicio\/index.php\/wp-json\/wp\/v2\/categories?post=63411"},{"taxonomy":"post_tag","embeddable":true,"href":"https:\/\/diariotextual.com\/inicio\/index.php\/wp-json\/wp\/v2\/tags?post=63411"}],"curies":[{"name":"wp","href":"https:\/\/api.w.org\/{rel}","templated":true}]}}