{"id":63434,"date":"2019-09-22T17:39:50","date_gmt":"2019-09-22T20:39:50","guid":{"rendered":"http:\/\/diariotextual.com\/inicio\/?p=63434"},"modified":"2019-09-23T07:04:28","modified_gmt":"2019-09-23T10:04:28","slug":"macri-volvio-convocar-marchar-la-eleccion-aun-no-sucedio","status":"publish","type":"post","link":"https:\/\/diariotextual.com\/inicio\/index.php\/2019\/09\/22\/macri-volvio-convocar-marchar-la-eleccion-aun-no-sucedio\/","title":{"rendered":"Macri volvi\u00f3 a convocar a marchar: \u00abLa elecci\u00f3n a\u00fan no sucedi\u00f3\u00bb"},"content":{"rendered":"<p>El presidente Mauricio Macri volvi\u00f3 a lanzar una la convocatoria para la marcha denominada \u00abS\u00ed, se puede\u00bb, prevista que se inicie els\u00e1bado 28, con el objetivo de sumar fuerzas de cara a las elecciones generales de octubre. \u00abLa elecci\u00f3n a\u00fan no sucedi\u00f3. El jueves pasado lanzamos la convocatoria para participar de La Marcha del #S\u00edSePuede. Treinta encuentros en treinta ciudades hasta culminar en la Elecci\u00f3n del 27 de octubre, a la que llegaremos totalmente decididos a ganar\u00bb, seg\u00fan divulg\u00f3 por las redes sociales.<\/p>\n<p>El jefe de Estado realiz\u00f3 una serie de consideraciones relacionadas con la econom\u00eda y la corrupci\u00f3n, y con la posibilidad de que el candidato presidencial del Frente de Todos, Alberto Fern\u00e1ndez, resulte ganador en los comicios. \u00abLlegaremos totalmente decididos a ganar\u00bb, plante\u00f3.<\/p>\n<p>\u00abPodemos culminar con los ciclos de estancamiento y retroceso que vivimos por 70 a\u00f1os sin convertirnos en ese camino en otro tipo de pa\u00eds. Podemos preocuparnos por la mesa de los argentinos sin ceder ni un mil\u00edmetro de la paz que alcanzamos (la paz es como la salud, cuando se la tiene parece nada, pero cuando se la pierde se descubre que es todo)\u00bb, afirm\u00f3.<\/p>\n<blockquote class=\"twitter-tweet\">\n<p dir=\"ltr\" lang=\"es\">LA ELECCI\u00d3N A\u00daN NO SUCEDI\u00d3. El jueves pasado lanzamos la convocatoria para participar de La Marcha del <a href=\"https:\/\/twitter.com\/hashtag\/S%C3%ADSePuede?src=hash&amp;ref_src=twsrc%5Etfw\">#S\u00edSePuede<\/a>. Treinta encuentros en treinta ciudades hasta culminar en la Elecci\u00f3n del 27 de octubre, a la que llegaremos totalmente decididos a ganar.<\/p>\n<p>\u2014 Mauricio Macri (@mauriciomacri) <a href=\"https:\/\/twitter.com\/mauriciomacri\/status\/1175813078044295168?ref_src=twsrc%5Etfw\">September 22, 2019<\/a><\/p><\/blockquote>\n<p><script async src=\"https:\/\/platform.twitter.com\/widgets.js\" charset=\"utf-8\"><\/script><\/p>\n<p>\u00abPodemos tener una econom\u00eda sana sin abandonar la transparencia en los actos gobierno, que es exactamente lo contrario de la corrupci\u00f3n. Podemos crear empleos sin dejar de perseguir a las mafias que buscan corromper al Estado y someter a toda la sociedad\u00bb, agreg\u00f3.<\/p>\n<p>&nbsp;<\/p>\n<p><iframe style=\"border: none; overflow: hidden;\" src=\"https:\/\/www.facebook.com\/plugins\/post.php?href=https%3A%2F%2Fwww.facebook.com%2Fmauriciomacri%2Fposts%2F10157842773473478&amp;width=500\" width=\"500\" height=\"318\" frameborder=\"0\" scrolling=\"no\"><\/iframe><\/p>\n<p>&nbsp;<\/p>\n<p>&nbsp;<\/p>\n","protected":false},"excerpt":{"rendered":"<p>El presidente Mauricio Macri volvi\u00f3 a lanzar una la convocatoria para la marcha denominada \u00abS\u00ed, se puede\u00bb, prevista que se inicie els\u00e1bado 28, con el objetivo de sumar fuerzas de&hellip;<\/p>\n","protected":false},"author":3,"featured_media":63438,"comment_status":"closed","ping_status":"open","sticky":false,"template":"","format":"standard","meta":{"_acf_changed":false,"footnotes":""},"categories":[319,8],"tags":[],"class_list":["post-63434","post","type-post","status-publish","format-standard","has-post-thumbnail","hentry","category-a-temporales","category-politica"],"acf":[],"yoast_head":"<!-- This site is optimized with the Yoast SEO plugin v27.5 - https:\/\/yoast.com\/product\/yoast-seo-wordpress\/ -->\n<title>Macri volvi\u00f3 a convocar a marchar: &quot;La elecci\u00f3n a\u00fan no sucedi\u00f3&quot; - Diario Textual<\/title>\n<meta name=\"robots\" content=\"index, follow, max-snippet:-1, max-image-preview:large, max-video-preview:-1\" \/>\n<link rel=\"canonical\" href=\"https:\/\/diariotextual.com\/inicio\/index.php\/2019\/09\/22\/macri-volvio-convocar-marchar-la-eleccion-aun-no-sucedio\/\" \/>\n<meta property=\"og:locale\" content=\"es_ES\" \/>\n<meta property=\"og:type\" content=\"article\" \/>\n<meta property=\"og:title\" content=\"Macri volvi\u00f3 a convocar a marchar: &quot;La elecci\u00f3n a\u00fan no sucedi\u00f3&quot; - Diario Textual\" \/>\n<meta property=\"og:description\" content=\"El presidente Mauricio Macri volvi\u00f3 a lanzar una la convocatoria para la marcha denominada \u00abS\u00ed, se puede\u00bb, prevista que se inicie els\u00e1bado 28, con el objetivo de sumar fuerzas de&hellip;\" \/>\n<meta property=\"og:url\" content=\"https:\/\/diariotextual.com\/inicio\/index.php\/2019\/09\/22\/macri-volvio-convocar-marchar-la-eleccion-aun-no-sucedio\/\" \/>\n<meta property=\"og:site_name\" content=\"Diario Textual\" \/>\n<meta property=\"article:publisher\" content=\"https:\/\/www.facebook.com\/eltextual\" \/>\n<meta property=\"article:published_time\" content=\"2019-09-22T20:39:50+00:00\" \/>\n<meta property=\"article:modified_time\" content=\"2019-09-23T10:04:28+00:00\" \/>\n<meta property=\"og:image\" content=\"https:\/\/diariotextual.com\/inicio\/wp-content\/uploads\/2019\/09\/macrimauricioselfie2019-1.jpg\" \/>\n\t<meta property=\"og:image:width\" content=\"960\" \/>\n\t<meta property=\"og:image:height\" content=\"640\" \/>\n\t<meta property=\"og:image:type\" content=\"image\/jpeg\" \/>\n<meta name=\"author\" content=\"Diario1 Diario1\" \/>\n<meta name=\"twitter:card\" content=\"summary_large_image\" \/>\n<meta name=\"twitter:creator\" content=\"@eltextual\" \/>\n<meta name=\"twitter:site\" content=\"@eltextual\" \/>\n<meta name=\"twitter:label1\" content=\"Escrito por\" \/>\n\t<meta name=\"twitter:data1\" content=\"Diario1 Diario1\" \/>\n\t<meta name=\"twitter:label2\" content=\"Tiempo de lectura\" \/>\n\t<meta name=\"twitter:data2\" content=\"1 minuto\" \/>\n<script type=\"application\/ld+json\" class=\"yoast-schema-graph\">{\"@context\":\"https:\\\/\\\/schema.org\",\"@graph\":[{\"@type\":\"Article\",\"@id\":\"https:\\\/\\\/diariotextual.com\\\/inicio\\\/index.php\\\/2019\\\/09\\\/22\\\/macri-volvio-convocar-marchar-la-eleccion-aun-no-sucedio\\\/#article\",\"isPartOf\":{\"@id\":\"https:\\\/\\\/diariotextual.com\\\/inicio\\\/index.php\\\/2019\\\/09\\\/22\\\/macri-volvio-convocar-marchar-la-eleccion-aun-no-sucedio\\\/\"},\"author\":{\"name\":\"Diario1 Diario1\",\"@id\":\"https:\\\/\\\/diariotextual.com\\\/inicio\\\/#\\\/schema\\\/person\\\/418fc4093c33e86ed41562db3508f958\"},\"headline\":\"Macri volvi\u00f3 a convocar a marchar: \u00abLa elecci\u00f3n a\u00fan no sucedi\u00f3\u00bb\",\"datePublished\":\"2019-09-22T20:39:50+00:00\",\"dateModified\":\"2019-09-23T10:04:28+00:00\",\"mainEntityOfPage\":{\"@id\":\"https:\\\/\\\/diariotextual.com\\\/inicio\\\/index.php\\\/2019\\\/09\\\/22\\\/macri-volvio-convocar-marchar-la-eleccion-aun-no-sucedio\\\/\"},\"wordCount\":307,\"publisher\":{\"@id\":\"https:\\\/\\\/diariotextual.com\\\/inicio\\\/#organization\"},\"image\":{\"@id\":\"https:\\\/\\\/diariotextual.com\\\/inicio\\\/index.php\\\/2019\\\/09\\\/22\\\/macri-volvio-convocar-marchar-la-eleccion-aun-no-sucedio\\\/#primaryimage\"},\"thumbnailUrl\":\"https:\\\/\\\/diariotextual.com\\\/inicio\\\/wp-content\\\/uploads\\\/2019\\\/09\\\/macrimauricioselfie2019-1.jpg\",\"articleSection\":[\"A - TEMPORALES\",\"POLITICA\"],\"inLanguage\":\"es\"},{\"@type\":\"WebPage\",\"@id\":\"https:\\\/\\\/diariotextual.com\\\/inicio\\\/index.php\\\/2019\\\/09\\\/22\\\/macri-volvio-convocar-marchar-la-eleccion-aun-no-sucedio\\\/\",\"url\":\"https:\\\/\\\/diariotextual.com\\\/inicio\\\/index.php\\\/2019\\\/09\\\/22\\\/macri-volvio-convocar-marchar-la-eleccion-aun-no-sucedio\\\/\",\"name\":\"Macri volvi\u00f3 a convocar a marchar: \\\"La elecci\u00f3n a\u00fan no sucedi\u00f3\\\" - Diario Textual\",\"isPartOf\":{\"@id\":\"https:\\\/\\\/diariotextual.com\\\/inicio\\\/#website\"},\"primaryImageOfPage\":{\"@id\":\"https:\\\/\\\/diariotextual.com\\\/inicio\\\/index.php\\\/2019\\\/09\\\/22\\\/macri-volvio-convocar-marchar-la-eleccion-aun-no-sucedio\\\/#primaryimage\"},\"image\":{\"@id\":\"https:\\\/\\\/diariotextual.com\\\/inicio\\\/index.php\\\/2019\\\/09\\\/22\\\/macri-volvio-convocar-marchar-la-eleccion-aun-no-sucedio\\\/#primaryimage\"},\"thumbnailUrl\":\"https:\\\/\\\/diariotextual.com\\\/inicio\\\/wp-content\\\/uploads\\\/2019\\\/09\\\/macrimauricioselfie2019-1.jpg\",\"datePublished\":\"2019-09-22T20:39:50+00:00\",\"dateModified\":\"2019-09-23T10:04:28+00:00\",\"breadcrumb\":{\"@id\":\"https:\\\/\\\/diariotextual.com\\\/inicio\\\/index.php\\\/2019\\\/09\\\/22\\\/macri-volvio-convocar-marchar-la-eleccion-aun-no-sucedio\\\/#breadcrumb\"},\"inLanguage\":\"es\",\"potentialAction\":[{\"@type\":\"ReadAction\",\"target\":[\"https:\\\/\\\/diariotextual.com\\\/inicio\\\/index.php\\\/2019\\\/09\\\/22\\\/macri-volvio-convocar-marchar-la-eleccion-aun-no-sucedio\\\/\"]}]},{\"@type\":\"ImageObject\",\"inLanguage\":\"es\",\"@id\":\"https:\\\/\\\/diariotextual.com\\\/inicio\\\/index.php\\\/2019\\\/09\\\/22\\\/macri-volvio-convocar-marchar-la-eleccion-aun-no-sucedio\\\/#primaryimage\",\"url\":\"https:\\\/\\\/diariotextual.com\\\/inicio\\\/wp-content\\\/uploads\\\/2019\\\/09\\\/macrimauricioselfie2019-1.jpg\",\"contentUrl\":\"https:\\\/\\\/diariotextual.com\\\/inicio\\\/wp-content\\\/uploads\\\/2019\\\/09\\\/macrimauricioselfie2019-1.jpg\",\"width\":960,\"height\":640},{\"@type\":\"BreadcrumbList\",\"@id\":\"https:\\\/\\\/diariotextual.com\\\/inicio\\\/index.php\\\/2019\\\/09\\\/22\\\/macri-volvio-convocar-marchar-la-eleccion-aun-no-sucedio\\\/#breadcrumb\",\"itemListElement\":[{\"@type\":\"ListItem\",\"position\":1,\"name\":\"Portada\",\"item\":\"https:\\\/\\\/diariotextual.com\\\/inicio\\\/\"},{\"@type\":\"ListItem\",\"position\":2,\"name\":\"Macri volvi\u00f3 a convocar a marchar: \u00abLa elecci\u00f3n a\u00fan no sucedi\u00f3\u00bb\"}]},{\"@type\":\"WebSite\",\"@id\":\"https:\\\/\\\/diariotextual.com\\\/inicio\\\/#website\",\"url\":\"https:\\\/\\\/diariotextual.com\\\/inicio\\\/\",\"name\":\"Diario Textual\",\"description\":\"\",\"publisher\":{\"@id\":\"https:\\\/\\\/diariotextual.com\\\/inicio\\\/#organization\"},\"potentialAction\":[{\"@type\":\"SearchAction\",\"target\":{\"@type\":\"EntryPoint\",\"urlTemplate\":\"https:\\\/\\\/diariotextual.com\\\/inicio\\\/?s={search_term_string}\"},\"query-input\":{\"@type\":\"PropertyValueSpecification\",\"valueRequired\":true,\"valueName\":\"search_term_string\"}}],\"inLanguage\":\"es\"},{\"@type\":\"Organization\",\"@id\":\"https:\\\/\\\/diariotextual.com\\\/inicio\\\/#organization\",\"name\":\"Diario Textual\",\"url\":\"https:\\\/\\\/diariotextual.com\\\/inicio\\\/\",\"logo\":{\"@type\":\"ImageObject\",\"inLanguage\":\"es\",\"@id\":\"https:\\\/\\\/diariotextual.com\\\/inicio\\\/#\\\/schema\\\/logo\\\/image\\\/\",\"url\":\"https:\\\/\\\/diariotextual.com\\\/inicio\\\/wp-content\\\/uploads\\\/2023\\\/05\\\/logotextual1.jpg\",\"contentUrl\":\"https:\\\/\\\/diariotextual.com\\\/inicio\\\/wp-content\\\/uploads\\\/2023\\\/05\\\/logotextual1.jpg\",\"width\":516,\"height\":76,\"caption\":\"Diario Textual\"},\"image\":{\"@id\":\"https:\\\/\\\/diariotextual.com\\\/inicio\\\/#\\\/schema\\\/logo\\\/image\\\/\"},\"sameAs\":[\"https:\\\/\\\/www.facebook.com\\\/eltextual\",\"https:\\\/\\\/x.com\\\/eltextual\",\"http:\\\/\\\/www.instagram.com\\\/eltextual\"]},{\"@type\":\"Person\",\"@id\":\"https:\\\/\\\/diariotextual.com\\\/inicio\\\/#\\\/schema\\\/person\\\/418fc4093c33e86ed41562db3508f958\",\"name\":\"Diario1 Diario1\",\"image\":{\"@type\":\"ImageObject\",\"inLanguage\":\"es\",\"@id\":\"https:\\\/\\\/secure.gravatar.com\\\/avatar\\\/9167d280179c85bc18be67aa7eda765854300033af4896dd779b608640f2ef7a?s=96&d=mm&r=g\",\"url\":\"https:\\\/\\\/secure.gravatar.com\\\/avatar\\\/9167d280179c85bc18be67aa7eda765854300033af4896dd779b608640f2ef7a?s=96&d=mm&r=g\",\"contentUrl\":\"https:\\\/\\\/secure.gravatar.com\\\/avatar\\\/9167d280179c85bc18be67aa7eda765854300033af4896dd779b608640f2ef7a?s=96&d=mm&r=g\",\"caption\":\"Diario1 Diario1\"},\"url\":\"https:\\\/\\\/diariotextual.com\\\/inicio\\\/index.php\\\/author\\\/diario1\\\/\"}]}<\/script>\n<!-- \/ Yoast SEO plugin. -->","yoast_head_json":{"title":"Macri volvi\u00f3 a convocar a marchar: \"La elecci\u00f3n a\u00fan no sucedi\u00f3\" - Diario Textual","robots":{"index":"index","follow":"follow","max-snippet":"max-snippet:-1","max-image-preview":"max-image-preview:large","max-video-preview":"max-video-preview:-1"},"canonical":"https:\/\/diariotextual.com\/inicio\/index.php\/2019\/09\/22\/macri-volvio-convocar-marchar-la-eleccion-aun-no-sucedio\/","og_locale":"es_ES","og_type":"article","og_title":"Macri volvi\u00f3 a convocar a marchar: \"La elecci\u00f3n a\u00fan no sucedi\u00f3\" - Diario Textual","og_description":"El presidente Mauricio Macri volvi\u00f3 a lanzar una la convocatoria para la marcha denominada \u00abS\u00ed, se puede\u00bb, prevista que se inicie els\u00e1bado 28, con el objetivo de sumar fuerzas de&hellip;","og_url":"https:\/\/diariotextual.com\/inicio\/index.php\/2019\/09\/22\/macri-volvio-convocar-marchar-la-eleccion-aun-no-sucedio\/","og_site_name":"Diario Textual","article_publisher":"https:\/\/www.facebook.com\/eltextual","article_published_time":"2019-09-22T20:39:50+00:00","article_modified_time":"2019-09-23T10:04:28+00:00","og_image":[{"width":960,"height":640,"url":"https:\/\/diariotextual.com\/inicio\/wp-content\/uploads\/2019\/09\/macrimauricioselfie2019-1.jpg","type":"image\/jpeg"}],"author":"Diario1 Diario1","twitter_card":"summary_large_image","twitter_creator":"@eltextual","twitter_site":"@eltextual","twitter_misc":{"Escrito por":"Diario1 Diario1","Tiempo de lectura":"1 minuto"},"schema":{"@context":"https:\/\/schema.org","@graph":[{"@type":"Article","@id":"https:\/\/diariotextual.com\/inicio\/index.php\/2019\/09\/22\/macri-volvio-convocar-marchar-la-eleccion-aun-no-sucedio\/#article","isPartOf":{"@id":"https:\/\/diariotextual.com\/inicio\/index.php\/2019\/09\/22\/macri-volvio-convocar-marchar-la-eleccion-aun-no-sucedio\/"},"author":{"name":"Diario1 Diario1","@id":"https:\/\/diariotextual.com\/inicio\/#\/schema\/person\/418fc4093c33e86ed41562db3508f958"},"headline":"Macri volvi\u00f3 a convocar a marchar: \u00abLa elecci\u00f3n a\u00fan no sucedi\u00f3\u00bb","datePublished":"2019-09-22T20:39:50+00:00","dateModified":"2019-09-23T10:04:28+00:00","mainEntityOfPage":{"@id":"https:\/\/diariotextual.com\/inicio\/index.php\/2019\/09\/22\/macri-volvio-convocar-marchar-la-eleccion-aun-no-sucedio\/"},"wordCount":307,"publisher":{"@id":"https:\/\/diariotextual.com\/inicio\/#organization"},"image":{"@id":"https:\/\/diariotextual.com\/inicio\/index.php\/2019\/09\/22\/macri-volvio-convocar-marchar-la-eleccion-aun-no-sucedio\/#primaryimage"},"thumbnailUrl":"https:\/\/diariotextual.com\/inicio\/wp-content\/uploads\/2019\/09\/macrimauricioselfie2019-1.jpg","articleSection":["A - TEMPORALES","POLITICA"],"inLanguage":"es"},{"@type":"WebPage","@id":"https:\/\/diariotextual.com\/inicio\/index.php\/2019\/09\/22\/macri-volvio-convocar-marchar-la-eleccion-aun-no-sucedio\/","url":"https:\/\/diariotextual.com\/inicio\/index.php\/2019\/09\/22\/macri-volvio-convocar-marchar-la-eleccion-aun-no-sucedio\/","name":"Macri volvi\u00f3 a convocar a marchar: \"La elecci\u00f3n a\u00fan no sucedi\u00f3\" - Diario Textual","isPartOf":{"@id":"https:\/\/diariotextual.com\/inicio\/#website"},"primaryImageOfPage":{"@id":"https:\/\/diariotextual.com\/inicio\/index.php\/2019\/09\/22\/macri-volvio-convocar-marchar-la-eleccion-aun-no-sucedio\/#primaryimage"},"image":{"@id":"https:\/\/diariotextual.com\/inicio\/index.php\/2019\/09\/22\/macri-volvio-convocar-marchar-la-eleccion-aun-no-sucedio\/#primaryimage"},"thumbnailUrl":"https:\/\/diariotextual.com\/inicio\/wp-content\/uploads\/2019\/09\/macrimauricioselfie2019-1.jpg","datePublished":"2019-09-22T20:39:50+00:00","dateModified":"2019-09-23T10:04:28+00:00","breadcrumb":{"@id":"https:\/\/diariotextual.com\/inicio\/index.php\/2019\/09\/22\/macri-volvio-convocar-marchar-la-eleccion-aun-no-sucedio\/#breadcrumb"},"inLanguage":"es","potentialAction":[{"@type":"ReadAction","target":["https:\/\/diariotextual.com\/inicio\/index.php\/2019\/09\/22\/macri-volvio-convocar-marchar-la-eleccion-aun-no-sucedio\/"]}]},{"@type":"ImageObject","inLanguage":"es","@id":"https:\/\/diariotextual.com\/inicio\/index.php\/2019\/09\/22\/macri-volvio-convocar-marchar-la-eleccion-aun-no-sucedio\/#primaryimage","url":"https:\/\/diariotextual.com\/inicio\/wp-content\/uploads\/2019\/09\/macrimauricioselfie2019-1.jpg","contentUrl":"https:\/\/diariotextual.com\/inicio\/wp-content\/uploads\/2019\/09\/macrimauricioselfie2019-1.jpg","width":960,"height":640},{"@type":"BreadcrumbList","@id":"https:\/\/diariotextual.com\/inicio\/index.php\/2019\/09\/22\/macri-volvio-convocar-marchar-la-eleccion-aun-no-sucedio\/#breadcrumb","itemListElement":[{"@type":"ListItem","position":1,"name":"Portada","item":"https:\/\/diariotextual.com\/inicio\/"},{"@type":"ListItem","position":2,"name":"Macri volvi\u00f3 a convocar a marchar: \u00abLa elecci\u00f3n a\u00fan no sucedi\u00f3\u00bb"}]},{"@type":"WebSite","@id":"https:\/\/diariotextual.com\/inicio\/#website","url":"https:\/\/diariotextual.com\/inicio\/","name":"Diario Textual","description":"","publisher":{"@id":"https:\/\/diariotextual.com\/inicio\/#organization"},"potentialAction":[{"@type":"SearchAction","target":{"@type":"EntryPoint","urlTemplate":"https:\/\/diariotextual.com\/inicio\/?s={search_term_string}"},"query-input":{"@type":"PropertyValueSpecification","valueRequired":true,"valueName":"search_term_string"}}],"inLanguage":"es"},{"@type":"Organization","@id":"https:\/\/diariotextual.com\/inicio\/#organization","name":"Diario Textual","url":"https:\/\/diariotextual.com\/inicio\/","logo":{"@type":"ImageObject","inLanguage":"es","@id":"https:\/\/diariotextual.com\/inicio\/#\/schema\/logo\/image\/","url":"https:\/\/diariotextual.com\/inicio\/wp-content\/uploads\/2023\/05\/logotextual1.jpg","contentUrl":"https:\/\/diariotextual.com\/inicio\/wp-content\/uploads\/2023\/05\/logotextual1.jpg","width":516,"height":76,"caption":"Diario Textual"},"image":{"@id":"https:\/\/diariotextual.com\/inicio\/#\/schema\/logo\/image\/"},"sameAs":["https:\/\/www.facebook.com\/eltextual","https:\/\/x.com\/eltextual","http:\/\/www.instagram.com\/eltextual"]},{"@type":"Person","@id":"https:\/\/diariotextual.com\/inicio\/#\/schema\/person\/418fc4093c33e86ed41562db3508f958","name":"Diario1 Diario1","image":{"@type":"ImageObject","inLanguage":"es","@id":"https:\/\/secure.gravatar.com\/avatar\/9167d280179c85bc18be67aa7eda765854300033af4896dd779b608640f2ef7a?s=96&d=mm&r=g","url":"https:\/\/secure.gravatar.com\/avatar\/9167d280179c85bc18be67aa7eda765854300033af4896dd779b608640f2ef7a?s=96&d=mm&r=g","contentUrl":"https:\/\/secure.gravatar.com\/avatar\/9167d280179c85bc18be67aa7eda765854300033af4896dd779b608640f2ef7a?s=96&d=mm&r=g","caption":"Diario1 Diario1"},"url":"https:\/\/diariotextual.com\/inicio\/index.php\/author\/diario1\/"}]}},"_links":{"self":[{"href":"https:\/\/diariotextual.com\/inicio\/index.php\/wp-json\/wp\/v2\/posts\/63434","targetHints":{"allow":["GET"]}}],"collection":[{"href":"https:\/\/diariotextual.com\/inicio\/index.php\/wp-json\/wp\/v2\/posts"}],"about":[{"href":"https:\/\/diariotextual.com\/inicio\/index.php\/wp-json\/wp\/v2\/types\/post"}],"author":[{"embeddable":true,"href":"https:\/\/diariotextual.com\/inicio\/index.php\/wp-json\/wp\/v2\/users\/3"}],"replies":[{"embeddable":true,"href":"https:\/\/diariotextual.com\/inicio\/index.php\/wp-json\/wp\/v2\/comments?post=63434"}],"version-history":[{"count":3,"href":"https:\/\/diariotextual.com\/inicio\/index.php\/wp-json\/wp\/v2\/posts\/63434\/revisions"}],"predecessor-version":[{"id":63437,"href":"https:\/\/diariotextual.com\/inicio\/index.php\/wp-json\/wp\/v2\/posts\/63434\/revisions\/63437"}],"wp:featuredmedia":[{"embeddable":true,"href":"https:\/\/diariotextual.com\/inicio\/index.php\/wp-json\/wp\/v2\/media\/63438"}],"wp:attachment":[{"href":"https:\/\/diariotextual.com\/inicio\/index.php\/wp-json\/wp\/v2\/media?parent=63434"}],"wp:term":[{"taxonomy":"category","embeddable":true,"href":"https:\/\/diariotextual.com\/inicio\/index.php\/wp-json\/wp\/v2\/categories?post=63434"},{"taxonomy":"post_tag","embeddable":true,"href":"https:\/\/diariotextual.com\/inicio\/index.php\/wp-json\/wp\/v2\/tags?post=63434"}],"curies":[{"name":"wp","href":"https:\/\/api.w.org\/{rel}","templated":true}]}}