{"id":63439,"date":"2019-09-22T17:49:37","date_gmt":"2019-09-22T20:49:37","guid":{"rendered":"http:\/\/diariotextual.com\/inicio\/?p=63439"},"modified":"2019-09-22T18:43:35","modified_gmt":"2019-09-22T21:43:35","slug":"proyecto-presupuesto-sera-tratado-despues-las-elecciones","status":"publish","type":"post","link":"https:\/\/diariotextual.com\/inicio\/index.php\/2019\/09\/22\/proyecto-presupuesto-sera-tratado-despues-las-elecciones\/","title":{"rendered":"Proyecto de presupuesto ser\u00e1 tratado despu\u00e9s de las elecciones"},"content":{"rendered":"<p>El presidente de la comisi\u00f3n de Presupuesto de la C\u00e1mara de Diputados, Luciano Laspina (PRO), confirm\u00f3 este viernes que el Presupuesto 2020 ser\u00e1 debatido despu\u00e9s de las elecciones. \u201cHay un acuerdo pol\u00edtico para debatirlo tras esos comicios, cualquiera sea el resultado\u201d, dijo.<\/p>\n<p><!--more--><\/p>\n<p>\u201cLo han pedido todas las fuerzas pol\u00edticas de esperar hasta las elecciones (para tratar el Presupuesto 2020) con un resultado m\u00e1s claro, cualquiera sea el gobierno\u201d, afirm\u00f3 Laspina, en declaraciones a la radio Once Diez.<\/p>\n<p>Seg\u00fan el diputado del PRO: \u201cSi contin\u00faa el presidente (Mauricio) Macri continuaremos con el tratamiento de esta iniciativa y si es otra fuerza pol\u00edtica habr\u00e1 que ver qu\u00e9 cambios pide el nuevo gobierno\u201d, y agreg\u00f3: \u201cCorresponde esperar ese resultado para avanzar\u201d.<\/p>\n<p>El proyecto, que fue enviado el lunes pasado con la presencia del ministro de Hacienda, Hern\u00e1n Lacunza, contempla una inflaci\u00f3n del 34% promedio y del 43% interanual, y se prev\u00e9 que este a\u00f1o termine cercana al 53%, mientras que las estimaciones de tipo de cambio respecto del d\u00f3lar rondar\u00e1n los $75 a diciembre del 2020, y los $67 promedio, inform\u00f3 el diario \u00c1mbito Financiero.<\/p>\n<p>&nbsp;<\/p>\n<p><strong>FMI<\/strong><\/p>\n<p>Por otro lado, y consultado sobre el pr\u00f3ximo desembolso de fondos del FMI, Laspina sostuvo: \u201cEn el contexto actual de reprogramaci\u00f3n, reperfilamiento, digamos de los vencimientos, la necesidad de fondos frescos, es menor: obviamente se han reducido mucho las necesidades de financiamiento, pero siempre es mejor que vengan a que no vengan\u201d.<\/p>\n<p>\u201cLos desembolsos del Fondo dependen no s\u00f3lo del cumplimiento de las metas sino de las perspectivas del programa econ\u00f3mico hacia futuro. Es ah\u00ed donde el Fondo est\u00e1 evaluando las condiciones hacia adelante, adem\u00e1s de la transici\u00f3n pol\u00edtica o de la incertidumbre electoral, que tambi\u00e9n es un aspecto que va a considerar\u201d, explic\u00f3 y a\u00f1adi\u00f3: \u201cOjal\u00e1 que el desembolso llegue como est\u00e1 previsto\u201d.<\/p>\n<p>Finalmente, Laspina consider\u00f3: \u201cLo que viene hacia adelante es necesariamente un acuerdo entre las principales fuerzas pol\u00edticas\u201d, al sostener: \u201cArgentina ya ha fracasado sistem\u00e1ticamente con gobiernos de todo signo, y hace m\u00e1s de 10 a\u00f1os que est\u00e1 estancada\u201d.<\/p>\n<p>\u201cMe parece que ha llegado el momento de sentarnos todos en una mesa para replantear seriamente las condiciones para que Argentina vuelva a tener estabilidad fiscal y econ\u00f3mica en general. Sin eso obviamente lo \u00fanico que haremos es poner parches\u201d, enfatiz\u00f3 el diputado del PRO.<\/p>\n","protected":false},"excerpt":{"rendered":"<p>El presidente de la comisi\u00f3n de Presupuesto de la C\u00e1mara de Diputados, Luciano Laspina (PRO), confirm\u00f3 este viernes que el Presupuesto 2020 ser\u00e1 debatido despu\u00e9s de las elecciones. \u201cHay un&hellip;<\/p>\n","protected":false},"author":5,"featured_media":56171,"comment_status":"closed","ping_status":"open","sticky":false,"template":"","format":"standard","meta":{"_acf_changed":false,"footnotes":""},"categories":[11,5],"tags":[],"class_list":["post-63439","post","type-post","status-publish","format-standard","has-post-thumbnail","hentry","category-que-pasa","category-economia"],"acf":[],"yoast_head":"<!-- This site is optimized with the Yoast SEO plugin v27.5 - https:\/\/yoast.com\/product\/yoast-seo-wordpress\/ -->\n<title>Proyecto de presupuesto ser\u00e1 tratado despu\u00e9s de las elecciones - Diario Textual<\/title>\n<meta name=\"robots\" content=\"index, follow, max-snippet:-1, max-image-preview:large, max-video-preview:-1\" \/>\n<link rel=\"canonical\" href=\"https:\/\/diariotextual.com\/inicio\/index.php\/2019\/09\/22\/proyecto-presupuesto-sera-tratado-despues-las-elecciones\/\" \/>\n<meta property=\"og:locale\" content=\"es_ES\" \/>\n<meta property=\"og:type\" content=\"article\" \/>\n<meta property=\"og:title\" content=\"Proyecto de presupuesto ser\u00e1 tratado despu\u00e9s de las elecciones - Diario Textual\" \/>\n<meta property=\"og:description\" content=\"El presidente de la comisi\u00f3n de Presupuesto de la C\u00e1mara de Diputados, Luciano Laspina (PRO), confirm\u00f3 este viernes que el Presupuesto 2020 ser\u00e1 debatido despu\u00e9s de las elecciones. \u201cHay un&hellip;\" \/>\n<meta property=\"og:url\" content=\"https:\/\/diariotextual.com\/inicio\/index.php\/2019\/09\/22\/proyecto-presupuesto-sera-tratado-despues-las-elecciones\/\" \/>\n<meta property=\"og:site_name\" content=\"Diario Textual\" \/>\n<meta property=\"article:publisher\" content=\"https:\/\/www.facebook.com\/eltextual\" \/>\n<meta property=\"article:published_time\" content=\"2019-09-22T20:49:37+00:00\" \/>\n<meta property=\"article:modified_time\" content=\"2019-09-22T21:43:35+00:00\" \/>\n<meta property=\"og:image\" content=\"https:\/\/diariotextual.com\/inicio\/wp-content\/uploads\/2019\/07\/laspinaluciano.jpg\" \/>\n\t<meta property=\"og:image:width\" content=\"753\" \/>\n\t<meta property=\"og:image:height\" content=\"484\" \/>\n\t<meta property=\"og:image:type\" content=\"image\/jpeg\" \/>\n<meta name=\"author\" content=\"diario3\" \/>\n<meta name=\"twitter:card\" content=\"summary_large_image\" \/>\n<meta name=\"twitter:creator\" content=\"@eltextual\" \/>\n<meta name=\"twitter:site\" content=\"@eltextual\" \/>\n<meta name=\"twitter:label1\" content=\"Escrito por\" \/>\n\t<meta name=\"twitter:data1\" content=\"diario3\" \/>\n\t<meta name=\"twitter:label2\" content=\"Tiempo de lectura\" \/>\n\t<meta name=\"twitter:data2\" content=\"2 minutos\" \/>\n<script type=\"application\/ld+json\" class=\"yoast-schema-graph\">{\"@context\":\"https:\\\/\\\/schema.org\",\"@graph\":[{\"@type\":\"Article\",\"@id\":\"https:\\\/\\\/diariotextual.com\\\/inicio\\\/index.php\\\/2019\\\/09\\\/22\\\/proyecto-presupuesto-sera-tratado-despues-las-elecciones\\\/#article\",\"isPartOf\":{\"@id\":\"https:\\\/\\\/diariotextual.com\\\/inicio\\\/index.php\\\/2019\\\/09\\\/22\\\/proyecto-presupuesto-sera-tratado-despues-las-elecciones\\\/\"},\"author\":{\"name\":\"diario3\",\"@id\":\"https:\\\/\\\/diariotextual.com\\\/inicio\\\/#\\\/schema\\\/person\\\/a1b6f563e0ee944c60f98119389a4d9f\"},\"headline\":\"Proyecto de presupuesto ser\u00e1 tratado despu\u00e9s de las elecciones\",\"datePublished\":\"2019-09-22T20:49:37+00:00\",\"dateModified\":\"2019-09-22T21:43:35+00:00\",\"mainEntityOfPage\":{\"@id\":\"https:\\\/\\\/diariotextual.com\\\/inicio\\\/index.php\\\/2019\\\/09\\\/22\\\/proyecto-presupuesto-sera-tratado-despues-las-elecciones\\\/\"},\"wordCount\":410,\"publisher\":{\"@id\":\"https:\\\/\\\/diariotextual.com\\\/inicio\\\/#organization\"},\"image\":{\"@id\":\"https:\\\/\\\/diariotextual.com\\\/inicio\\\/index.php\\\/2019\\\/09\\\/22\\\/proyecto-presupuesto-sera-tratado-despues-las-elecciones\\\/#primaryimage\"},\"thumbnailUrl\":\"https:\\\/\\\/diariotextual.com\\\/inicio\\\/wp-content\\\/uploads\\\/2019\\\/07\\\/laspinaluciano.jpg\",\"articleSection\":[\"A - QUE PASA (al costado)\",\"ECONOMIA\"],\"inLanguage\":\"es\"},{\"@type\":\"WebPage\",\"@id\":\"https:\\\/\\\/diariotextual.com\\\/inicio\\\/index.php\\\/2019\\\/09\\\/22\\\/proyecto-presupuesto-sera-tratado-despues-las-elecciones\\\/\",\"url\":\"https:\\\/\\\/diariotextual.com\\\/inicio\\\/index.php\\\/2019\\\/09\\\/22\\\/proyecto-presupuesto-sera-tratado-despues-las-elecciones\\\/\",\"name\":\"Proyecto de presupuesto ser\u00e1 tratado despu\u00e9s de las elecciones - Diario Textual\",\"isPartOf\":{\"@id\":\"https:\\\/\\\/diariotextual.com\\\/inicio\\\/#website\"},\"primaryImageOfPage\":{\"@id\":\"https:\\\/\\\/diariotextual.com\\\/inicio\\\/index.php\\\/2019\\\/09\\\/22\\\/proyecto-presupuesto-sera-tratado-despues-las-elecciones\\\/#primaryimage\"},\"image\":{\"@id\":\"https:\\\/\\\/diariotextual.com\\\/inicio\\\/index.php\\\/2019\\\/09\\\/22\\\/proyecto-presupuesto-sera-tratado-despues-las-elecciones\\\/#primaryimage\"},\"thumbnailUrl\":\"https:\\\/\\\/diariotextual.com\\\/inicio\\\/wp-content\\\/uploads\\\/2019\\\/07\\\/laspinaluciano.jpg\",\"datePublished\":\"2019-09-22T20:49:37+00:00\",\"dateModified\":\"2019-09-22T21:43:35+00:00\",\"breadcrumb\":{\"@id\":\"https:\\\/\\\/diariotextual.com\\\/inicio\\\/index.php\\\/2019\\\/09\\\/22\\\/proyecto-presupuesto-sera-tratado-despues-las-elecciones\\\/#breadcrumb\"},\"inLanguage\":\"es\",\"potentialAction\":[{\"@type\":\"ReadAction\",\"target\":[\"https:\\\/\\\/diariotextual.com\\\/inicio\\\/index.php\\\/2019\\\/09\\\/22\\\/proyecto-presupuesto-sera-tratado-despues-las-elecciones\\\/\"]}]},{\"@type\":\"ImageObject\",\"inLanguage\":\"es\",\"@id\":\"https:\\\/\\\/diariotextual.com\\\/inicio\\\/index.php\\\/2019\\\/09\\\/22\\\/proyecto-presupuesto-sera-tratado-despues-las-elecciones\\\/#primaryimage\",\"url\":\"https:\\\/\\\/diariotextual.com\\\/inicio\\\/wp-content\\\/uploads\\\/2019\\\/07\\\/laspinaluciano.jpg\",\"contentUrl\":\"https:\\\/\\\/diariotextual.com\\\/inicio\\\/wp-content\\\/uploads\\\/2019\\\/07\\\/laspinaluciano.jpg\",\"width\":753,\"height\":484},{\"@type\":\"BreadcrumbList\",\"@id\":\"https:\\\/\\\/diariotextual.com\\\/inicio\\\/index.php\\\/2019\\\/09\\\/22\\\/proyecto-presupuesto-sera-tratado-despues-las-elecciones\\\/#breadcrumb\",\"itemListElement\":[{\"@type\":\"ListItem\",\"position\":1,\"name\":\"Portada\",\"item\":\"https:\\\/\\\/diariotextual.com\\\/inicio\\\/\"},{\"@type\":\"ListItem\",\"position\":2,\"name\":\"Proyecto de presupuesto ser\u00e1 tratado despu\u00e9s de las elecciones\"}]},{\"@type\":\"WebSite\",\"@id\":\"https:\\\/\\\/diariotextual.com\\\/inicio\\\/#website\",\"url\":\"https:\\\/\\\/diariotextual.com\\\/inicio\\\/\",\"name\":\"Diario Textual\",\"description\":\"\",\"publisher\":{\"@id\":\"https:\\\/\\\/diariotextual.com\\\/inicio\\\/#organization\"},\"potentialAction\":[{\"@type\":\"SearchAction\",\"target\":{\"@type\":\"EntryPoint\",\"urlTemplate\":\"https:\\\/\\\/diariotextual.com\\\/inicio\\\/?s={search_term_string}\"},\"query-input\":{\"@type\":\"PropertyValueSpecification\",\"valueRequired\":true,\"valueName\":\"search_term_string\"}}],\"inLanguage\":\"es\"},{\"@type\":\"Organization\",\"@id\":\"https:\\\/\\\/diariotextual.com\\\/inicio\\\/#organization\",\"name\":\"Diario Textual\",\"url\":\"https:\\\/\\\/diariotextual.com\\\/inicio\\\/\",\"logo\":{\"@type\":\"ImageObject\",\"inLanguage\":\"es\",\"@id\":\"https:\\\/\\\/diariotextual.com\\\/inicio\\\/#\\\/schema\\\/logo\\\/image\\\/\",\"url\":\"https:\\\/\\\/diariotextual.com\\\/inicio\\\/wp-content\\\/uploads\\\/2023\\\/05\\\/logotextual1.jpg\",\"contentUrl\":\"https:\\\/\\\/diariotextual.com\\\/inicio\\\/wp-content\\\/uploads\\\/2023\\\/05\\\/logotextual1.jpg\",\"width\":516,\"height\":76,\"caption\":\"Diario Textual\"},\"image\":{\"@id\":\"https:\\\/\\\/diariotextual.com\\\/inicio\\\/#\\\/schema\\\/logo\\\/image\\\/\"},\"sameAs\":[\"https:\\\/\\\/www.facebook.com\\\/eltextual\",\"https:\\\/\\\/x.com\\\/eltextual\",\"http:\\\/\\\/www.instagram.com\\\/eltextual\"]},{\"@type\":\"Person\",\"@id\":\"https:\\\/\\\/diariotextual.com\\\/inicio\\\/#\\\/schema\\\/person\\\/a1b6f563e0ee944c60f98119389a4d9f\",\"name\":\"diario3\",\"image\":{\"@type\":\"ImageObject\",\"inLanguage\":\"es\",\"@id\":\"https:\\\/\\\/secure.gravatar.com\\\/avatar\\\/5e7ee62c82fc04d9dd79d746a390d93c69c43223e5faeeb3ea9461ef752bfc5d?s=96&d=mm&r=g\",\"url\":\"https:\\\/\\\/secure.gravatar.com\\\/avatar\\\/5e7ee62c82fc04d9dd79d746a390d93c69c43223e5faeeb3ea9461ef752bfc5d?s=96&d=mm&r=g\",\"contentUrl\":\"https:\\\/\\\/secure.gravatar.com\\\/avatar\\\/5e7ee62c82fc04d9dd79d746a390d93c69c43223e5faeeb3ea9461ef752bfc5d?s=96&d=mm&r=g\",\"caption\":\"diario3\"},\"url\":\"https:\\\/\\\/diariotextual.com\\\/inicio\\\/index.php\\\/author\\\/diario3\\\/\"}]}<\/script>\n<!-- \/ Yoast SEO plugin. -->","yoast_head_json":{"title":"Proyecto de presupuesto ser\u00e1 tratado despu\u00e9s de las elecciones - Diario Textual","robots":{"index":"index","follow":"follow","max-snippet":"max-snippet:-1","max-image-preview":"max-image-preview:large","max-video-preview":"max-video-preview:-1"},"canonical":"https:\/\/diariotextual.com\/inicio\/index.php\/2019\/09\/22\/proyecto-presupuesto-sera-tratado-despues-las-elecciones\/","og_locale":"es_ES","og_type":"article","og_title":"Proyecto de presupuesto ser\u00e1 tratado despu\u00e9s de las elecciones - Diario Textual","og_description":"El presidente de la comisi\u00f3n de Presupuesto de la C\u00e1mara de Diputados, Luciano Laspina (PRO), confirm\u00f3 este viernes que el Presupuesto 2020 ser\u00e1 debatido despu\u00e9s de las elecciones. \u201cHay un&hellip;","og_url":"https:\/\/diariotextual.com\/inicio\/index.php\/2019\/09\/22\/proyecto-presupuesto-sera-tratado-despues-las-elecciones\/","og_site_name":"Diario Textual","article_publisher":"https:\/\/www.facebook.com\/eltextual","article_published_time":"2019-09-22T20:49:37+00:00","article_modified_time":"2019-09-22T21:43:35+00:00","og_image":[{"width":753,"height":484,"url":"https:\/\/diariotextual.com\/inicio\/wp-content\/uploads\/2019\/07\/laspinaluciano.jpg","type":"image\/jpeg"}],"author":"diario3","twitter_card":"summary_large_image","twitter_creator":"@eltextual","twitter_site":"@eltextual","twitter_misc":{"Escrito por":"diario3","Tiempo de lectura":"2 minutos"},"schema":{"@context":"https:\/\/schema.org","@graph":[{"@type":"Article","@id":"https:\/\/diariotextual.com\/inicio\/index.php\/2019\/09\/22\/proyecto-presupuesto-sera-tratado-despues-las-elecciones\/#article","isPartOf":{"@id":"https:\/\/diariotextual.com\/inicio\/index.php\/2019\/09\/22\/proyecto-presupuesto-sera-tratado-despues-las-elecciones\/"},"author":{"name":"diario3","@id":"https:\/\/diariotextual.com\/inicio\/#\/schema\/person\/a1b6f563e0ee944c60f98119389a4d9f"},"headline":"Proyecto de presupuesto ser\u00e1 tratado despu\u00e9s de las elecciones","datePublished":"2019-09-22T20:49:37+00:00","dateModified":"2019-09-22T21:43:35+00:00","mainEntityOfPage":{"@id":"https:\/\/diariotextual.com\/inicio\/index.php\/2019\/09\/22\/proyecto-presupuesto-sera-tratado-despues-las-elecciones\/"},"wordCount":410,"publisher":{"@id":"https:\/\/diariotextual.com\/inicio\/#organization"},"image":{"@id":"https:\/\/diariotextual.com\/inicio\/index.php\/2019\/09\/22\/proyecto-presupuesto-sera-tratado-despues-las-elecciones\/#primaryimage"},"thumbnailUrl":"https:\/\/diariotextual.com\/inicio\/wp-content\/uploads\/2019\/07\/laspinaluciano.jpg","articleSection":["A - QUE PASA (al costado)","ECONOMIA"],"inLanguage":"es"},{"@type":"WebPage","@id":"https:\/\/diariotextual.com\/inicio\/index.php\/2019\/09\/22\/proyecto-presupuesto-sera-tratado-despues-las-elecciones\/","url":"https:\/\/diariotextual.com\/inicio\/index.php\/2019\/09\/22\/proyecto-presupuesto-sera-tratado-despues-las-elecciones\/","name":"Proyecto de presupuesto ser\u00e1 tratado despu\u00e9s de las elecciones - Diario Textual","isPartOf":{"@id":"https:\/\/diariotextual.com\/inicio\/#website"},"primaryImageOfPage":{"@id":"https:\/\/diariotextual.com\/inicio\/index.php\/2019\/09\/22\/proyecto-presupuesto-sera-tratado-despues-las-elecciones\/#primaryimage"},"image":{"@id":"https:\/\/diariotextual.com\/inicio\/index.php\/2019\/09\/22\/proyecto-presupuesto-sera-tratado-despues-las-elecciones\/#primaryimage"},"thumbnailUrl":"https:\/\/diariotextual.com\/inicio\/wp-content\/uploads\/2019\/07\/laspinaluciano.jpg","datePublished":"2019-09-22T20:49:37+00:00","dateModified":"2019-09-22T21:43:35+00:00","breadcrumb":{"@id":"https:\/\/diariotextual.com\/inicio\/index.php\/2019\/09\/22\/proyecto-presupuesto-sera-tratado-despues-las-elecciones\/#breadcrumb"},"inLanguage":"es","potentialAction":[{"@type":"ReadAction","target":["https:\/\/diariotextual.com\/inicio\/index.php\/2019\/09\/22\/proyecto-presupuesto-sera-tratado-despues-las-elecciones\/"]}]},{"@type":"ImageObject","inLanguage":"es","@id":"https:\/\/diariotextual.com\/inicio\/index.php\/2019\/09\/22\/proyecto-presupuesto-sera-tratado-despues-las-elecciones\/#primaryimage","url":"https:\/\/diariotextual.com\/inicio\/wp-content\/uploads\/2019\/07\/laspinaluciano.jpg","contentUrl":"https:\/\/diariotextual.com\/inicio\/wp-content\/uploads\/2019\/07\/laspinaluciano.jpg","width":753,"height":484},{"@type":"BreadcrumbList","@id":"https:\/\/diariotextual.com\/inicio\/index.php\/2019\/09\/22\/proyecto-presupuesto-sera-tratado-despues-las-elecciones\/#breadcrumb","itemListElement":[{"@type":"ListItem","position":1,"name":"Portada","item":"https:\/\/diariotextual.com\/inicio\/"},{"@type":"ListItem","position":2,"name":"Proyecto de presupuesto ser\u00e1 tratado despu\u00e9s de las elecciones"}]},{"@type":"WebSite","@id":"https:\/\/diariotextual.com\/inicio\/#website","url":"https:\/\/diariotextual.com\/inicio\/","name":"Diario Textual","description":"","publisher":{"@id":"https:\/\/diariotextual.com\/inicio\/#organization"},"potentialAction":[{"@type":"SearchAction","target":{"@type":"EntryPoint","urlTemplate":"https:\/\/diariotextual.com\/inicio\/?s={search_term_string}"},"query-input":{"@type":"PropertyValueSpecification","valueRequired":true,"valueName":"search_term_string"}}],"inLanguage":"es"},{"@type":"Organization","@id":"https:\/\/diariotextual.com\/inicio\/#organization","name":"Diario Textual","url":"https:\/\/diariotextual.com\/inicio\/","logo":{"@type":"ImageObject","inLanguage":"es","@id":"https:\/\/diariotextual.com\/inicio\/#\/schema\/logo\/image\/","url":"https:\/\/diariotextual.com\/inicio\/wp-content\/uploads\/2023\/05\/logotextual1.jpg","contentUrl":"https:\/\/diariotextual.com\/inicio\/wp-content\/uploads\/2023\/05\/logotextual1.jpg","width":516,"height":76,"caption":"Diario Textual"},"image":{"@id":"https:\/\/diariotextual.com\/inicio\/#\/schema\/logo\/image\/"},"sameAs":["https:\/\/www.facebook.com\/eltextual","https:\/\/x.com\/eltextual","http:\/\/www.instagram.com\/eltextual"]},{"@type":"Person","@id":"https:\/\/diariotextual.com\/inicio\/#\/schema\/person\/a1b6f563e0ee944c60f98119389a4d9f","name":"diario3","image":{"@type":"ImageObject","inLanguage":"es","@id":"https:\/\/secure.gravatar.com\/avatar\/5e7ee62c82fc04d9dd79d746a390d93c69c43223e5faeeb3ea9461ef752bfc5d?s=96&d=mm&r=g","url":"https:\/\/secure.gravatar.com\/avatar\/5e7ee62c82fc04d9dd79d746a390d93c69c43223e5faeeb3ea9461ef752bfc5d?s=96&d=mm&r=g","contentUrl":"https:\/\/secure.gravatar.com\/avatar\/5e7ee62c82fc04d9dd79d746a390d93c69c43223e5faeeb3ea9461ef752bfc5d?s=96&d=mm&r=g","caption":"diario3"},"url":"https:\/\/diariotextual.com\/inicio\/index.php\/author\/diario3\/"}]}},"_links":{"self":[{"href":"https:\/\/diariotextual.com\/inicio\/index.php\/wp-json\/wp\/v2\/posts\/63439","targetHints":{"allow":["GET"]}}],"collection":[{"href":"https:\/\/diariotextual.com\/inicio\/index.php\/wp-json\/wp\/v2\/posts"}],"about":[{"href":"https:\/\/diariotextual.com\/inicio\/index.php\/wp-json\/wp\/v2\/types\/post"}],"author":[{"embeddable":true,"href":"https:\/\/diariotextual.com\/inicio\/index.php\/wp-json\/wp\/v2\/users\/5"}],"replies":[{"embeddable":true,"href":"https:\/\/diariotextual.com\/inicio\/index.php\/wp-json\/wp\/v2\/comments?post=63439"}],"version-history":[{"count":1,"href":"https:\/\/diariotextual.com\/inicio\/index.php\/wp-json\/wp\/v2\/posts\/63439\/revisions"}],"predecessor-version":[{"id":63440,"href":"https:\/\/diariotextual.com\/inicio\/index.php\/wp-json\/wp\/v2\/posts\/63439\/revisions\/63440"}],"wp:featuredmedia":[{"embeddable":true,"href":"https:\/\/diariotextual.com\/inicio\/index.php\/wp-json\/wp\/v2\/media\/56171"}],"wp:attachment":[{"href":"https:\/\/diariotextual.com\/inicio\/index.php\/wp-json\/wp\/v2\/media?parent=63439"}],"wp:term":[{"taxonomy":"category","embeddable":true,"href":"https:\/\/diariotextual.com\/inicio\/index.php\/wp-json\/wp\/v2\/categories?post=63439"},{"taxonomy":"post_tag","embeddable":true,"href":"https:\/\/diariotextual.com\/inicio\/index.php\/wp-json\/wp\/v2\/tags?post=63439"}],"curies":[{"name":"wp","href":"https:\/\/api.w.org\/{rel}","templated":true}]}}