{"id":63444,"date":"2019-09-22T18:03:17","date_gmt":"2019-09-22T21:03:17","guid":{"rendered":"http:\/\/diariotextual.com\/inicio\/?p=63444"},"modified":"2019-09-23T10:48:06","modified_gmt":"2019-09-23T13:48:06","slug":"siniestro-vial-fatal-cruce-anguil-marcha-familiares","status":"publish","type":"post","link":"https:\/\/diariotextual.com\/inicio\/index.php\/2019\/09\/22\/siniestro-vial-fatal-cruce-anguil-marcha-familiares\/","title":{"rendered":"Siniestro vial fatal en cruce de Anguil: marcha de familiares"},"content":{"rendered":"<p>En una jornada ventosa, las familias Palacio y Abascal reclamaron desde el centro de la capital pampeana que le ponga fecha al juicio contra Esteban Hotz, acusado del siniestro vial que termin\u00f3 con la vida de seis personas -entre ellas tres nenes y una embarazada- en el cruce de las rutas 5 y 7, en proximidades de Anguil, el 25 de diciembre de 2018.<\/p>\n<p><!--more--><\/p>\n<p>El Tribunal de Audiencia est\u00e1 integrado por los jueces Gast\u00f3n Boulenaz, Andr\u00e9s Oli\u00e9 y Alejandra Ongaro. El 1\u00b0 de octubre se har\u00e1 la presentaci\u00f3n de pruebas y, posteriormente, el tribunal le pondr\u00e1 fecha al juicio oral.<\/p>\n<p>El imputado es Esteban Hotz. Se trasladaba en una Mercedes Benz SUV, que choc\u00f3 el autom\u00f3vil Peugeot 206 en el que se trasladaba la familia Palacio. En abril, un perito de la Agencia de Investigaciones Cient\u00edficas entreg\u00f3 el informe donde estim\u00f3 la velocidad del Mercedes: 174 km\/h, en un cruce donde se debe transitar a 60 km\/h.<\/p>\n<p>En este siniestro vial murieron Franco Palacio, su pareja Guadalupe Abascal -quien estaba embarazada- y su hermana Daiana Palacio. Los nenes fallecidos fueron Milagros de 6 a\u00f1os y Gonzalo de 3 a\u00f1os, hijos de Franco, e Isabella de 6 a\u00f1os, hija de Daiana.<\/p>\n<p>M\u00f3nica Siderac, madre de Franco y abuela de las v\u00edctimas fatales, dijo a Diario Textual: \u201cQueremos que le pongan ya fecha al juicio y queremos que el conductor de la Mercedes vaya preso\u201d.<\/p>\n<p>El siniestro se registr\u00f3 a las 12.10 horas del 25 de diciembre pasado, a unos 35 kil\u00f3metros al este de Santa Rosa. Chocaron una Mercedes Benz SUV y un Peugeot 206.<\/p>\n<p>El Peugeot, que se trasladaba desde Santa Rosa por la ruta nacional 5, se pas\u00f3 unos 20 metros del cruce y pretendi\u00f3 retomar la arteria que lo llevara a la ruta provincial 7. En ese momento, fue impactado en el lateral izquierdo por el Mercedes. Seg\u00fan un perito oficial, si hubiese ido a menor velocidad el Peugeot hubiera tenido tiempo de girar sin que se provocara el choque.<\/p>\n<p><strong>Foto: gentileza Mauro Monteiro.<\/strong><\/p>\n","protected":false},"excerpt":{"rendered":"<p>En una jornada ventosa, las familias Palacio y Abascal reclamaron desde el centro de la capital pampeana que le ponga fecha al juicio contra Esteban Hotz, acusado del siniestro vial&hellip;<\/p>\n","protected":false},"author":5,"featured_media":63445,"comment_status":"closed","ping_status":"open","sticky":false,"template":"","format":"standard","meta":{"_acf_changed":false,"footnotes":""},"categories":[319,12],"tags":[],"class_list":["post-63444","post","type-post","status-publish","format-standard","has-post-thumbnail","hentry","category-a-temporales","category-sociedad"],"acf":[],"yoast_head":"<!-- This site is optimized with the Yoast SEO plugin v27.5 - https:\/\/yoast.com\/product\/yoast-seo-wordpress\/ -->\n<title>Siniestro vial fatal en cruce de Anguil: marcha de familiares - Diario Textual<\/title>\n<meta name=\"robots\" content=\"index, follow, max-snippet:-1, max-image-preview:large, max-video-preview:-1\" \/>\n<link rel=\"canonical\" href=\"https:\/\/diariotextual.com\/inicio\/index.php\/2019\/09\/22\/siniestro-vial-fatal-cruce-anguil-marcha-familiares\/\" \/>\n<meta property=\"og:locale\" content=\"es_ES\" \/>\n<meta property=\"og:type\" content=\"article\" \/>\n<meta property=\"og:title\" content=\"Siniestro vial fatal en cruce de Anguil: marcha de familiares - Diario Textual\" \/>\n<meta property=\"og:description\" content=\"En una jornada ventosa, las familias Palacio y Abascal reclamaron desde el centro de la capital pampeana que le ponga fecha al juicio contra Esteban Hotz, acusado del siniestro vial&hellip;\" \/>\n<meta property=\"og:url\" content=\"https:\/\/diariotextual.com\/inicio\/index.php\/2019\/09\/22\/siniestro-vial-fatal-cruce-anguil-marcha-familiares\/\" \/>\n<meta property=\"og:site_name\" content=\"Diario Textual\" \/>\n<meta property=\"article:publisher\" content=\"https:\/\/www.facebook.com\/eltextual\" \/>\n<meta property=\"article:published_time\" content=\"2019-09-22T21:03:17+00:00\" \/>\n<meta property=\"article:modified_time\" content=\"2019-09-23T13:48:06+00:00\" \/>\n<meta property=\"og:image\" content=\"https:\/\/diariotextual.com\/inicio\/wp-content\/uploads\/2019\/09\/marchareclamohotz.jpg\" \/>\n\t<meta property=\"og:image:width\" content=\"700\" \/>\n\t<meta property=\"og:image:height\" content=\"393\" \/>\n\t<meta property=\"og:image:type\" content=\"image\/jpeg\" \/>\n<meta name=\"author\" content=\"diario3\" \/>\n<meta name=\"twitter:card\" content=\"summary_large_image\" \/>\n<meta name=\"twitter:creator\" content=\"@eltextual\" \/>\n<meta name=\"twitter:site\" content=\"@eltextual\" \/>\n<meta name=\"twitter:label1\" content=\"Escrito por\" \/>\n\t<meta name=\"twitter:data1\" content=\"diario3\" \/>\n\t<meta name=\"twitter:label2\" content=\"Tiempo de lectura\" \/>\n\t<meta name=\"twitter:data2\" content=\"2 minutos\" \/>\n<script type=\"application\/ld+json\" class=\"yoast-schema-graph\">{\"@context\":\"https:\\\/\\\/schema.org\",\"@graph\":[{\"@type\":\"Article\",\"@id\":\"https:\\\/\\\/diariotextual.com\\\/inicio\\\/index.php\\\/2019\\\/09\\\/22\\\/siniestro-vial-fatal-cruce-anguil-marcha-familiares\\\/#article\",\"isPartOf\":{\"@id\":\"https:\\\/\\\/diariotextual.com\\\/inicio\\\/index.php\\\/2019\\\/09\\\/22\\\/siniestro-vial-fatal-cruce-anguil-marcha-familiares\\\/\"},\"author\":{\"name\":\"diario3\",\"@id\":\"https:\\\/\\\/diariotextual.com\\\/inicio\\\/#\\\/schema\\\/person\\\/a1b6f563e0ee944c60f98119389a4d9f\"},\"headline\":\"Siniestro vial fatal en cruce de Anguil: marcha de familiares\",\"datePublished\":\"2019-09-22T21:03:17+00:00\",\"dateModified\":\"2019-09-23T13:48:06+00:00\",\"mainEntityOfPage\":{\"@id\":\"https:\\\/\\\/diariotextual.com\\\/inicio\\\/index.php\\\/2019\\\/09\\\/22\\\/siniestro-vial-fatal-cruce-anguil-marcha-familiares\\\/\"},\"wordCount\":342,\"publisher\":{\"@id\":\"https:\\\/\\\/diariotextual.com\\\/inicio\\\/#organization\"},\"image\":{\"@id\":\"https:\\\/\\\/diariotextual.com\\\/inicio\\\/index.php\\\/2019\\\/09\\\/22\\\/siniestro-vial-fatal-cruce-anguil-marcha-familiares\\\/#primaryimage\"},\"thumbnailUrl\":\"https:\\\/\\\/diariotextual.com\\\/inicio\\\/wp-content\\\/uploads\\\/2019\\\/09\\\/marchareclamohotz.jpg\",\"articleSection\":[\"A - TEMPORALES\",\"SOCIEDAD\"],\"inLanguage\":\"es\"},{\"@type\":\"WebPage\",\"@id\":\"https:\\\/\\\/diariotextual.com\\\/inicio\\\/index.php\\\/2019\\\/09\\\/22\\\/siniestro-vial-fatal-cruce-anguil-marcha-familiares\\\/\",\"url\":\"https:\\\/\\\/diariotextual.com\\\/inicio\\\/index.php\\\/2019\\\/09\\\/22\\\/siniestro-vial-fatal-cruce-anguil-marcha-familiares\\\/\",\"name\":\"Siniestro vial fatal en cruce de Anguil: marcha de familiares - Diario Textual\",\"isPartOf\":{\"@id\":\"https:\\\/\\\/diariotextual.com\\\/inicio\\\/#website\"},\"primaryImageOfPage\":{\"@id\":\"https:\\\/\\\/diariotextual.com\\\/inicio\\\/index.php\\\/2019\\\/09\\\/22\\\/siniestro-vial-fatal-cruce-anguil-marcha-familiares\\\/#primaryimage\"},\"image\":{\"@id\":\"https:\\\/\\\/diariotextual.com\\\/inicio\\\/index.php\\\/2019\\\/09\\\/22\\\/siniestro-vial-fatal-cruce-anguil-marcha-familiares\\\/#primaryimage\"},\"thumbnailUrl\":\"https:\\\/\\\/diariotextual.com\\\/inicio\\\/wp-content\\\/uploads\\\/2019\\\/09\\\/marchareclamohotz.jpg\",\"datePublished\":\"2019-09-22T21:03:17+00:00\",\"dateModified\":\"2019-09-23T13:48:06+00:00\",\"breadcrumb\":{\"@id\":\"https:\\\/\\\/diariotextual.com\\\/inicio\\\/index.php\\\/2019\\\/09\\\/22\\\/siniestro-vial-fatal-cruce-anguil-marcha-familiares\\\/#breadcrumb\"},\"inLanguage\":\"es\",\"potentialAction\":[{\"@type\":\"ReadAction\",\"target\":[\"https:\\\/\\\/diariotextual.com\\\/inicio\\\/index.php\\\/2019\\\/09\\\/22\\\/siniestro-vial-fatal-cruce-anguil-marcha-familiares\\\/\"]}]},{\"@type\":\"ImageObject\",\"inLanguage\":\"es\",\"@id\":\"https:\\\/\\\/diariotextual.com\\\/inicio\\\/index.php\\\/2019\\\/09\\\/22\\\/siniestro-vial-fatal-cruce-anguil-marcha-familiares\\\/#primaryimage\",\"url\":\"https:\\\/\\\/diariotextual.com\\\/inicio\\\/wp-content\\\/uploads\\\/2019\\\/09\\\/marchareclamohotz.jpg\",\"contentUrl\":\"https:\\\/\\\/diariotextual.com\\\/inicio\\\/wp-content\\\/uploads\\\/2019\\\/09\\\/marchareclamohotz.jpg\",\"width\":700,\"height\":393},{\"@type\":\"BreadcrumbList\",\"@id\":\"https:\\\/\\\/diariotextual.com\\\/inicio\\\/index.php\\\/2019\\\/09\\\/22\\\/siniestro-vial-fatal-cruce-anguil-marcha-familiares\\\/#breadcrumb\",\"itemListElement\":[{\"@type\":\"ListItem\",\"position\":1,\"name\":\"Portada\",\"item\":\"https:\\\/\\\/diariotextual.com\\\/inicio\\\/\"},{\"@type\":\"ListItem\",\"position\":2,\"name\":\"Siniestro vial fatal en cruce de Anguil: marcha de familiares\"}]},{\"@type\":\"WebSite\",\"@id\":\"https:\\\/\\\/diariotextual.com\\\/inicio\\\/#website\",\"url\":\"https:\\\/\\\/diariotextual.com\\\/inicio\\\/\",\"name\":\"Diario Textual\",\"description\":\"\",\"publisher\":{\"@id\":\"https:\\\/\\\/diariotextual.com\\\/inicio\\\/#organization\"},\"potentialAction\":[{\"@type\":\"SearchAction\",\"target\":{\"@type\":\"EntryPoint\",\"urlTemplate\":\"https:\\\/\\\/diariotextual.com\\\/inicio\\\/?s={search_term_string}\"},\"query-input\":{\"@type\":\"PropertyValueSpecification\",\"valueRequired\":true,\"valueName\":\"search_term_string\"}}],\"inLanguage\":\"es\"},{\"@type\":\"Organization\",\"@id\":\"https:\\\/\\\/diariotextual.com\\\/inicio\\\/#organization\",\"name\":\"Diario Textual\",\"url\":\"https:\\\/\\\/diariotextual.com\\\/inicio\\\/\",\"logo\":{\"@type\":\"ImageObject\",\"inLanguage\":\"es\",\"@id\":\"https:\\\/\\\/diariotextual.com\\\/inicio\\\/#\\\/schema\\\/logo\\\/image\\\/\",\"url\":\"https:\\\/\\\/diariotextual.com\\\/inicio\\\/wp-content\\\/uploads\\\/2023\\\/05\\\/logotextual1.jpg\",\"contentUrl\":\"https:\\\/\\\/diariotextual.com\\\/inicio\\\/wp-content\\\/uploads\\\/2023\\\/05\\\/logotextual1.jpg\",\"width\":516,\"height\":76,\"caption\":\"Diario Textual\"},\"image\":{\"@id\":\"https:\\\/\\\/diariotextual.com\\\/inicio\\\/#\\\/schema\\\/logo\\\/image\\\/\"},\"sameAs\":[\"https:\\\/\\\/www.facebook.com\\\/eltextual\",\"https:\\\/\\\/x.com\\\/eltextual\",\"http:\\\/\\\/www.instagram.com\\\/eltextual\"]},{\"@type\":\"Person\",\"@id\":\"https:\\\/\\\/diariotextual.com\\\/inicio\\\/#\\\/schema\\\/person\\\/a1b6f563e0ee944c60f98119389a4d9f\",\"name\":\"diario3\",\"image\":{\"@type\":\"ImageObject\",\"inLanguage\":\"es\",\"@id\":\"https:\\\/\\\/secure.gravatar.com\\\/avatar\\\/5e7ee62c82fc04d9dd79d746a390d93c69c43223e5faeeb3ea9461ef752bfc5d?s=96&d=mm&r=g\",\"url\":\"https:\\\/\\\/secure.gravatar.com\\\/avatar\\\/5e7ee62c82fc04d9dd79d746a390d93c69c43223e5faeeb3ea9461ef752bfc5d?s=96&d=mm&r=g\",\"contentUrl\":\"https:\\\/\\\/secure.gravatar.com\\\/avatar\\\/5e7ee62c82fc04d9dd79d746a390d93c69c43223e5faeeb3ea9461ef752bfc5d?s=96&d=mm&r=g\",\"caption\":\"diario3\"},\"url\":\"https:\\\/\\\/diariotextual.com\\\/inicio\\\/index.php\\\/author\\\/diario3\\\/\"}]}<\/script>\n<!-- \/ Yoast SEO plugin. -->","yoast_head_json":{"title":"Siniestro vial fatal en cruce de Anguil: marcha de familiares - Diario Textual","robots":{"index":"index","follow":"follow","max-snippet":"max-snippet:-1","max-image-preview":"max-image-preview:large","max-video-preview":"max-video-preview:-1"},"canonical":"https:\/\/diariotextual.com\/inicio\/index.php\/2019\/09\/22\/siniestro-vial-fatal-cruce-anguil-marcha-familiares\/","og_locale":"es_ES","og_type":"article","og_title":"Siniestro vial fatal en cruce de Anguil: marcha de familiares - Diario Textual","og_description":"En una jornada ventosa, las familias Palacio y Abascal reclamaron desde el centro de la capital pampeana que le ponga fecha al juicio contra Esteban Hotz, acusado del siniestro vial&hellip;","og_url":"https:\/\/diariotextual.com\/inicio\/index.php\/2019\/09\/22\/siniestro-vial-fatal-cruce-anguil-marcha-familiares\/","og_site_name":"Diario Textual","article_publisher":"https:\/\/www.facebook.com\/eltextual","article_published_time":"2019-09-22T21:03:17+00:00","article_modified_time":"2019-09-23T13:48:06+00:00","og_image":[{"width":700,"height":393,"url":"https:\/\/diariotextual.com\/inicio\/wp-content\/uploads\/2019\/09\/marchareclamohotz.jpg","type":"image\/jpeg"}],"author":"diario3","twitter_card":"summary_large_image","twitter_creator":"@eltextual","twitter_site":"@eltextual","twitter_misc":{"Escrito por":"diario3","Tiempo de lectura":"2 minutos"},"schema":{"@context":"https:\/\/schema.org","@graph":[{"@type":"Article","@id":"https:\/\/diariotextual.com\/inicio\/index.php\/2019\/09\/22\/siniestro-vial-fatal-cruce-anguil-marcha-familiares\/#article","isPartOf":{"@id":"https:\/\/diariotextual.com\/inicio\/index.php\/2019\/09\/22\/siniestro-vial-fatal-cruce-anguil-marcha-familiares\/"},"author":{"name":"diario3","@id":"https:\/\/diariotextual.com\/inicio\/#\/schema\/person\/a1b6f563e0ee944c60f98119389a4d9f"},"headline":"Siniestro vial fatal en cruce de Anguil: marcha de familiares","datePublished":"2019-09-22T21:03:17+00:00","dateModified":"2019-09-23T13:48:06+00:00","mainEntityOfPage":{"@id":"https:\/\/diariotextual.com\/inicio\/index.php\/2019\/09\/22\/siniestro-vial-fatal-cruce-anguil-marcha-familiares\/"},"wordCount":342,"publisher":{"@id":"https:\/\/diariotextual.com\/inicio\/#organization"},"image":{"@id":"https:\/\/diariotextual.com\/inicio\/index.php\/2019\/09\/22\/siniestro-vial-fatal-cruce-anguil-marcha-familiares\/#primaryimage"},"thumbnailUrl":"https:\/\/diariotextual.com\/inicio\/wp-content\/uploads\/2019\/09\/marchareclamohotz.jpg","articleSection":["A - TEMPORALES","SOCIEDAD"],"inLanguage":"es"},{"@type":"WebPage","@id":"https:\/\/diariotextual.com\/inicio\/index.php\/2019\/09\/22\/siniestro-vial-fatal-cruce-anguil-marcha-familiares\/","url":"https:\/\/diariotextual.com\/inicio\/index.php\/2019\/09\/22\/siniestro-vial-fatal-cruce-anguil-marcha-familiares\/","name":"Siniestro vial fatal en cruce de Anguil: marcha de familiares - Diario Textual","isPartOf":{"@id":"https:\/\/diariotextual.com\/inicio\/#website"},"primaryImageOfPage":{"@id":"https:\/\/diariotextual.com\/inicio\/index.php\/2019\/09\/22\/siniestro-vial-fatal-cruce-anguil-marcha-familiares\/#primaryimage"},"image":{"@id":"https:\/\/diariotextual.com\/inicio\/index.php\/2019\/09\/22\/siniestro-vial-fatal-cruce-anguil-marcha-familiares\/#primaryimage"},"thumbnailUrl":"https:\/\/diariotextual.com\/inicio\/wp-content\/uploads\/2019\/09\/marchareclamohotz.jpg","datePublished":"2019-09-22T21:03:17+00:00","dateModified":"2019-09-23T13:48:06+00:00","breadcrumb":{"@id":"https:\/\/diariotextual.com\/inicio\/index.php\/2019\/09\/22\/siniestro-vial-fatal-cruce-anguil-marcha-familiares\/#breadcrumb"},"inLanguage":"es","potentialAction":[{"@type":"ReadAction","target":["https:\/\/diariotextual.com\/inicio\/index.php\/2019\/09\/22\/siniestro-vial-fatal-cruce-anguil-marcha-familiares\/"]}]},{"@type":"ImageObject","inLanguage":"es","@id":"https:\/\/diariotextual.com\/inicio\/index.php\/2019\/09\/22\/siniestro-vial-fatal-cruce-anguil-marcha-familiares\/#primaryimage","url":"https:\/\/diariotextual.com\/inicio\/wp-content\/uploads\/2019\/09\/marchareclamohotz.jpg","contentUrl":"https:\/\/diariotextual.com\/inicio\/wp-content\/uploads\/2019\/09\/marchareclamohotz.jpg","width":700,"height":393},{"@type":"BreadcrumbList","@id":"https:\/\/diariotextual.com\/inicio\/index.php\/2019\/09\/22\/siniestro-vial-fatal-cruce-anguil-marcha-familiares\/#breadcrumb","itemListElement":[{"@type":"ListItem","position":1,"name":"Portada","item":"https:\/\/diariotextual.com\/inicio\/"},{"@type":"ListItem","position":2,"name":"Siniestro vial fatal en cruce de Anguil: marcha de familiares"}]},{"@type":"WebSite","@id":"https:\/\/diariotextual.com\/inicio\/#website","url":"https:\/\/diariotextual.com\/inicio\/","name":"Diario Textual","description":"","publisher":{"@id":"https:\/\/diariotextual.com\/inicio\/#organization"},"potentialAction":[{"@type":"SearchAction","target":{"@type":"EntryPoint","urlTemplate":"https:\/\/diariotextual.com\/inicio\/?s={search_term_string}"},"query-input":{"@type":"PropertyValueSpecification","valueRequired":true,"valueName":"search_term_string"}}],"inLanguage":"es"},{"@type":"Organization","@id":"https:\/\/diariotextual.com\/inicio\/#organization","name":"Diario Textual","url":"https:\/\/diariotextual.com\/inicio\/","logo":{"@type":"ImageObject","inLanguage":"es","@id":"https:\/\/diariotextual.com\/inicio\/#\/schema\/logo\/image\/","url":"https:\/\/diariotextual.com\/inicio\/wp-content\/uploads\/2023\/05\/logotextual1.jpg","contentUrl":"https:\/\/diariotextual.com\/inicio\/wp-content\/uploads\/2023\/05\/logotextual1.jpg","width":516,"height":76,"caption":"Diario Textual"},"image":{"@id":"https:\/\/diariotextual.com\/inicio\/#\/schema\/logo\/image\/"},"sameAs":["https:\/\/www.facebook.com\/eltextual","https:\/\/x.com\/eltextual","http:\/\/www.instagram.com\/eltextual"]},{"@type":"Person","@id":"https:\/\/diariotextual.com\/inicio\/#\/schema\/person\/a1b6f563e0ee944c60f98119389a4d9f","name":"diario3","image":{"@type":"ImageObject","inLanguage":"es","@id":"https:\/\/secure.gravatar.com\/avatar\/5e7ee62c82fc04d9dd79d746a390d93c69c43223e5faeeb3ea9461ef752bfc5d?s=96&d=mm&r=g","url":"https:\/\/secure.gravatar.com\/avatar\/5e7ee62c82fc04d9dd79d746a390d93c69c43223e5faeeb3ea9461ef752bfc5d?s=96&d=mm&r=g","contentUrl":"https:\/\/secure.gravatar.com\/avatar\/5e7ee62c82fc04d9dd79d746a390d93c69c43223e5faeeb3ea9461ef752bfc5d?s=96&d=mm&r=g","caption":"diario3"},"url":"https:\/\/diariotextual.com\/inicio\/index.php\/author\/diario3\/"}]}},"_links":{"self":[{"href":"https:\/\/diariotextual.com\/inicio\/index.php\/wp-json\/wp\/v2\/posts\/63444","targetHints":{"allow":["GET"]}}],"collection":[{"href":"https:\/\/diariotextual.com\/inicio\/index.php\/wp-json\/wp\/v2\/posts"}],"about":[{"href":"https:\/\/diariotextual.com\/inicio\/index.php\/wp-json\/wp\/v2\/types\/post"}],"author":[{"embeddable":true,"href":"https:\/\/diariotextual.com\/inicio\/index.php\/wp-json\/wp\/v2\/users\/5"}],"replies":[{"embeddable":true,"href":"https:\/\/diariotextual.com\/inicio\/index.php\/wp-json\/wp\/v2\/comments?post=63444"}],"version-history":[{"count":1,"href":"https:\/\/diariotextual.com\/inicio\/index.php\/wp-json\/wp\/v2\/posts\/63444\/revisions"}],"predecessor-version":[{"id":63446,"href":"https:\/\/diariotextual.com\/inicio\/index.php\/wp-json\/wp\/v2\/posts\/63444\/revisions\/63446"}],"wp:featuredmedia":[{"embeddable":true,"href":"https:\/\/diariotextual.com\/inicio\/index.php\/wp-json\/wp\/v2\/media\/63445"}],"wp:attachment":[{"href":"https:\/\/diariotextual.com\/inicio\/index.php\/wp-json\/wp\/v2\/media?parent=63444"}],"wp:term":[{"taxonomy":"category","embeddable":true,"href":"https:\/\/diariotextual.com\/inicio\/index.php\/wp-json\/wp\/v2\/categories?post=63444"},{"taxonomy":"post_tag","embeddable":true,"href":"https:\/\/diariotextual.com\/inicio\/index.php\/wp-json\/wp\/v2\/tags?post=63444"}],"curies":[{"name":"wp","href":"https:\/\/api.w.org\/{rel}","templated":true}]}}