{"id":63537,"date":"2019-09-23T11:47:57","date_gmt":"2019-09-23T14:47:57","guid":{"rendered":"http:\/\/diariotextual.com\/inicio\/?p=63537"},"modified":"2019-09-23T19:18:53","modified_gmt":"2019-09-23T22:18:53","slug":"tip-confirmo-la-inhabilitacion-ejercer-cargos-publicos-la-exintendenta-catrilo","status":"publish","type":"post","link":"https:\/\/diariotextual.com\/inicio\/index.php\/2019\/09\/23\/tip-confirmo-la-inhabilitacion-ejercer-cargos-publicos-la-exintendenta-catrilo\/","title":{"rendered":"El TIP confirm\u00f3 la inhabilitaci\u00f3n para ejercer cargos p\u00fablicos a la exintendenta de Catril\u00f3"},"content":{"rendered":"<p>El Tribunal de Impugnaci\u00f3n Penal (TIP) no hizo lugar al recurso de impugnaci\u00f3n y confirm\u00f3 la condena a un a\u00f1o de inhabilitaci\u00f3n para ejercer cargos p\u00fablicos a la exintendenta de Catril\u00f3,\u00a0\u00a0<strong>Nidia Graciela L\u00f3pez<\/strong>, por ser autora del delito de malversaci\u00f3n de caudales p\u00fablicos.<\/p>\n<p>En el juicio, realizado en marzo pasado, la Audiencia de Juicio de Santa Rosa hab\u00eda dado por probado que la Secretar\u00eda de Asuntos Municipales de la Provincia \u2013a fines de 2014\u2013 entreg\u00f3 a la Municipalidad de Catril\u00f3 dos aportes no reintegrables por 25.000 pesos cada uno. Uno para cubrir el financiamiento de d\u00e9ficit y gastos de emergencia y el otro para cubrir gastos de funcionamiento.<\/p>\n<p><strong>L\u00f3pez, en su car\u00e1cter de intendenta, libr\u00f3 a las pocas horas una orden de pago, abon\u00e1ndole a Nahuel Kraemer 25.000 pesos bajo el concepto de \u201casistencia social\u201d<\/strong>. Ese dinero, seg\u00fan expres\u00f3 la sentencia dictada el 25 de marzo por los jueces Andr\u00e9s Oli\u00e9, Daniel S\u00e1ez Zamora y Carlos Besi, fue destinado al pago de \u201c<strong>gastos de la fiesta anual de padel (\u2026), resultando una aplicaci\u00f3n de fondos ajena al concepto de gastos de funcionamiento<\/strong> (Norma Jur\u00eddica de Facto N\u00b0 835) y\/o financiamiento de d\u00e9ficit y gastos de emergencia (art\u00edculo 11\u00b0 de la ley 1.065)\u201d.<\/p>\n<p>Juan Eduardo Ravinale, el defensor particular de la exjefa comunal, impugn\u00f3 ese fallo por entender que existi\u00f3 una err\u00f3nea aplicaci\u00f3n de la ley sustantiva y valoraci\u00f3n de la prueba. <strong>Dijo que \u201cno se valor\u00f3 integralmente\u201d que las resoluciones para los aportes se redactaron en Asuntos Municipales \u2013en \u201chojas en blanco con la firma de L\u00f3pez\u201d\u2013, que esa era \u201cla forma de conducirse normalmente\u201d, que el dinero fue entregado all\u00ed y que el entonces subsecretario, Fabi\u00e1n Bruna, \u201cten\u00eda conocimiento de ese proceder\u201d<\/strong>. Y agreg\u00f3 que el control de los balances en el municipio estaba a cargo de <strong>los concejales<\/strong>, siendo ellos <strong>solidariamente responsables<\/strong>.<\/p>\n<p>Por otro lado, la defensa tambi\u00e9n enfatiz\u00f3 que Kraemer y otra testigo declararon que la exhibici\u00f3n de padel se realiz\u00f3 \u2013pese a que el Tribunal consider\u00f3 que no hubo pruebas de ello\u2013 y que la malversaci\u00f3n es \u201cdar a los caudales una aplicaci\u00f3n diferente de aquella a la que estuvieran destinados\u201d. En ese caso, se\u00f1al\u00f3 Ravinale, \u201clos fondos en cuesti\u00f3n fueron destinados para un evento cultural de inter\u00e9s comunitario, y as\u00ed fue aprobado por el Concejo Deliberante\u201d.<\/p>\n<p>&nbsp;<\/p>\n<p><strong>Un an\u00e1lisis integral<\/strong><\/p>\n<p>La Sala B del TIP, conformada por los jueces <strong>Mauricio Piombi<\/strong> y<strong> Filinto Benigno Rebechi<\/strong>, al no hacer lugar al recurso de impugnaci\u00f3n, dijo \u2013antes que nada\u2013 que en ese texto no se cuestion\u00f3 que L\u00f3pez le entreg\u00f3 los 25.000 pesos para \u201ccubrir d\u00e9ficit o gastos de funcionamiento\u201d a Kraemer.<\/p>\n<p>\u201cEntiendo que result\u00f3 vano el esfuerzo de la defensa en explicar que fue Graciela Bustos, jefa de despacho de Asuntos Municipales, quien confeccionara los pedidos y que el dinero fuera entregado desde la propia Secretaria a Kraemer; lo que dejar\u00eda en claro un irregular modo de actuar de la Secretaria \u2013que ameritar\u00eda una investigaci\u00f3n administrativa\u2013, pero <strong>lo cierto es que esa circunstancia no cambia sustancialmente las condiciones para la configuraci\u00f3n del tipo penal en virtud de la prueba analizada por el sentenciante<\/strong>\u201d, remarc\u00f3 Piombi, autor del voto inicial al que Rebechi adhiri\u00f3.<\/p>\n<p>\u201cLa sola circunstancia que no se hiciera referencia en la sentencia a que Bustos fue quien complet\u00f3 el pedido, en dos hojas ya firmadas, o la irregularidad del procedimiento, o bien que tanto ella como Kraemer hayan afirmado que el espect\u00e1culo deportivo se llev\u00f3 adelante (\u2026), no implica ni una err\u00f3nea valoraci\u00f3n de la prueba ni una arbitraria selecci\u00f3n de ella para fundar\u201d la decisi\u00f3n de condenar a la exintendenta, agreg\u00f3.<\/p>\n<p>\u201cTampoco se observ\u00f3, como afirm\u00f3 el recurrente, que se quisiera ocultar el modo de actuar de Asuntos Municipales o bien que Bruna estaba al tanto de la solicitud y entrega del subsidio, pues ello fue el descargo de la propia imputada y figura en las primeras hojas de la resoluci\u00f3n atacada (\u2026) Por el contrario, la Audiencia efectu\u00f3 un an\u00e1lisis integral de las pruebas para argumentar su decisi\u00f3n\u201d, dijo el TIP.<\/p>\n<p>\u201cM\u00e1s all\u00e1 del esfuerzo de la defensa,<strong> L\u00f3pez no pudo desligar su responsabilidad en el hecho, ni trasladarla a terceras personas, pues en definitiva ella \u2013en su condici\u00f3n de intendenta\u2013 era la funcionaria p\u00fablica, quien ten\u00eda a su cargo la administraci\u00f3n de caudales o efectos del municipio y precisamente el delito de malversaci\u00f3n de caudales p\u00fablicos se trata de un delito especial propio ya que s\u00f3lo puede ser autor quien reviste tal car\u00e1cter y funci\u00f3n<\/strong>\u201d, sostuvieron Piombi y Rebechi.<\/p>\n<p>&nbsp;<\/p>\n<p><strong>Solo funcionarios p\u00fablicos<\/strong><\/p>\n<p>\u201cLa esencia de la malversaci\u00f3n consiste en que los bienes tengan un destino asignado por ley, reglamento u orden de autoridad competente \u2013destino que podr\u00e1 ser gen\u00e9rico o espec\u00edfico\u2013. La acci\u00f3n antijur\u00eddica del funcionario consistir\u00e1 en cambiar el destino de los bienes asign\u00e1ndoles otro, a\u00fan dentro de la administraci\u00f3n p\u00fablica. Un nuevo destino no implica que se gaste el dinero o los fondos o los bienes, ni tampoco que exista un perjuicio concreto para la administraci\u00f3n p\u00fablica en sentido econ\u00f3mico, ni menos a\u00fan que el funcionario tenga el dolo del perjuicio (\u2026) \u2013remarc\u00f3 Impugnaci\u00f3n\u2013. El delito se consuma con la acci\u00f3n del funcionario p\u00fablico de darle a los caudales o efectos un destino distinto al que ten\u00edan asignado. Y en esto radica la esencia del delito; el prop\u00f3sito es poner orden a la burocracia estatal y quitarle posibilidad de que decida sobre los bienes del Estado\u201d.<\/p>\n<p>Por consiguiente, acot\u00f3, \u201csolo puede ser autor del delito el funcionario p\u00fablico, quien tenga a su cargo la administraci\u00f3n de caudales p\u00fablicos, y la posibilidad de disposici\u00f3n para aplicarlos a los fines que est\u00e1n determinados legalmente. El tipo penal requiere dolo directo en el sentido de que el funcionario sabe el destino que tienen los bienes y el cambio que hace de ese destino. No requiere fin de lucro\u201d.<\/p>\n<p>Con respecto al argumento defensivo de que no existi\u00f3 desv\u00edo de fondos \u2013de hecho, la rendici\u00f3n fue aprobada por el Concejo Deliberante\u2013 y que el concepto \u201cgastos de funcionamiento\u201d es muy amplio, a tal punto que no necesariamente deb\u00eda producirse ese gasto dentro de la localidad; el tribunal de alzada manifest\u00f3 que de las pruebas documentales y testimoniales, \u201cno se observ\u00f3, ni siquiera de qu\u00e9 modo, la ayuda econ\u00f3mica a Kraemer \u2013due\u00f1o de un complejo de padel\u2013 colabor\u00f3 con la comuna de Catril\u00f3, sea en beneficio del bien com\u00fan, un fin social, cultural y\/o deportivo de inter\u00e9s comunitario\u201d.<\/p>\n<p>\u201cEs preciso resaltar, como lo explic\u00f3 la Audiencia de Juicio, que Quincho Padel no se encuentra ubicado en Catril\u00f3, sino en Santa Rosa, y tampoco existi\u00f3 prueba que permita inferir que un jugador o ciudadano de esa localidad se vio beneficiado en la participaci\u00f3n del evento\u201d.<\/p>\n<p>\u201cPor \u00faltimo, como bien se\u00f1al\u00f3 el sentenciante, la aprobaci\u00f3n del balance por parte del Concejo Deliberante solo eximi\u00f3 de responsabilidad \u2013al funcionario encargado de administrar caudales p\u00fablicos\u2013 del posible juicio de responsabilidad, de naturaleza patrimonial\u201d, concluy\u00f3 el TIP.<\/p>\n<p>\u200b<\/p>\n","protected":false},"excerpt":{"rendered":"<p>El Tribunal de Impugnaci\u00f3n Penal (TIP) no hizo lugar al recurso de impugnaci\u00f3n y confirm\u00f3 la condena a un a\u00f1o de inhabilitaci\u00f3n para ejercer cargos p\u00fablicos a la exintendenta de&hellip;<\/p>\n","protected":false},"author":3,"featured_media":43171,"comment_status":"closed","ping_status":"open","sticky":false,"template":"","format":"standard","meta":{"_acf_changed":false,"footnotes":""},"categories":[319,8],"tags":[2255],"class_list":["post-63537","post","type-post","status-publish","format-standard","has-post-thumbnail","hentry","category-a-temporales","category-politica","tag-buchi-lopez"],"acf":[],"yoast_head":"<!-- This site is optimized with the Yoast SEO plugin v27.5 - https:\/\/yoast.com\/product\/yoast-seo-wordpress\/ -->\n<title>El TIP confirm\u00f3 la inhabilitaci\u00f3n para ejercer cargos p\u00fablicos a la exintendenta de Catril\u00f3 - Diario Textual<\/title>\n<meta name=\"robots\" content=\"index, follow, max-snippet:-1, max-image-preview:large, max-video-preview:-1\" \/>\n<link rel=\"canonical\" href=\"https:\/\/diariotextual.com\/inicio\/index.php\/2019\/09\/23\/tip-confirmo-la-inhabilitacion-ejercer-cargos-publicos-la-exintendenta-catrilo\/\" \/>\n<meta property=\"og:locale\" content=\"es_ES\" \/>\n<meta property=\"og:type\" content=\"article\" \/>\n<meta property=\"og:title\" content=\"El TIP confirm\u00f3 la inhabilitaci\u00f3n para ejercer cargos p\u00fablicos a la exintendenta de Catril\u00f3 - Diario Textual\" \/>\n<meta property=\"og:description\" content=\"El Tribunal de Impugnaci\u00f3n Penal (TIP) no hizo lugar al recurso de impugnaci\u00f3n y confirm\u00f3 la condena a un a\u00f1o de inhabilitaci\u00f3n para ejercer cargos p\u00fablicos a la exintendenta de&hellip;\" \/>\n<meta property=\"og:url\" content=\"https:\/\/diariotextual.com\/inicio\/index.php\/2019\/09\/23\/tip-confirmo-la-inhabilitacion-ejercer-cargos-publicos-la-exintendenta-catrilo\/\" \/>\n<meta property=\"og:site_name\" content=\"Diario Textual\" \/>\n<meta property=\"article:publisher\" content=\"https:\/\/www.facebook.com\/eltextual\" \/>\n<meta property=\"article:published_time\" content=\"2019-09-23T14:47:57+00:00\" \/>\n<meta property=\"article:modified_time\" content=\"2019-09-23T22:18:53+00:00\" \/>\n<meta property=\"og:image\" content=\"https:\/\/diariotextual.com\/inicio\/wp-content\/uploads\/2019\/03\/lopezgracielabuchi2019-2.jpg\" \/>\n\t<meta property=\"og:image:width\" content=\"1100\" \/>\n\t<meta property=\"og:image:height\" content=\"753\" \/>\n\t<meta property=\"og:image:type\" content=\"image\/jpeg\" \/>\n<meta name=\"author\" content=\"Diario1 Diario1\" \/>\n<meta name=\"twitter:card\" content=\"summary_large_image\" \/>\n<meta name=\"twitter:creator\" content=\"@eltextual\" \/>\n<meta name=\"twitter:site\" content=\"@eltextual\" \/>\n<meta name=\"twitter:label1\" content=\"Escrito por\" \/>\n\t<meta name=\"twitter:data1\" content=\"Diario1 Diario1\" \/>\n\t<meta name=\"twitter:label2\" content=\"Tiempo de lectura\" \/>\n\t<meta name=\"twitter:data2\" content=\"6 minutos\" \/>\n<script type=\"application\/ld+json\" class=\"yoast-schema-graph\">{\"@context\":\"https:\\\/\\\/schema.org\",\"@graph\":[{\"@type\":\"Article\",\"@id\":\"https:\\\/\\\/diariotextual.com\\\/inicio\\\/index.php\\\/2019\\\/09\\\/23\\\/tip-confirmo-la-inhabilitacion-ejercer-cargos-publicos-la-exintendenta-catrilo\\\/#article\",\"isPartOf\":{\"@id\":\"https:\\\/\\\/diariotextual.com\\\/inicio\\\/index.php\\\/2019\\\/09\\\/23\\\/tip-confirmo-la-inhabilitacion-ejercer-cargos-publicos-la-exintendenta-catrilo\\\/\"},\"author\":{\"name\":\"Diario1 Diario1\",\"@id\":\"https:\\\/\\\/diariotextual.com\\\/inicio\\\/#\\\/schema\\\/person\\\/418fc4093c33e86ed41562db3508f958\"},\"headline\":\"El TIP confirm\u00f3 la inhabilitaci\u00f3n para ejercer cargos p\u00fablicos a la exintendenta de Catril\u00f3\",\"datePublished\":\"2019-09-23T14:47:57+00:00\",\"dateModified\":\"2019-09-23T22:18:53+00:00\",\"mainEntityOfPage\":{\"@id\":\"https:\\\/\\\/diariotextual.com\\\/inicio\\\/index.php\\\/2019\\\/09\\\/23\\\/tip-confirmo-la-inhabilitacion-ejercer-cargos-publicos-la-exintendenta-catrilo\\\/\"},\"wordCount\":1252,\"publisher\":{\"@id\":\"https:\\\/\\\/diariotextual.com\\\/inicio\\\/#organization\"},\"image\":{\"@id\":\"https:\\\/\\\/diariotextual.com\\\/inicio\\\/index.php\\\/2019\\\/09\\\/23\\\/tip-confirmo-la-inhabilitacion-ejercer-cargos-publicos-la-exintendenta-catrilo\\\/#primaryimage\"},\"thumbnailUrl\":\"https:\\\/\\\/diariotextual.com\\\/inicio\\\/wp-content\\\/uploads\\\/2019\\\/03\\\/lopezgracielabuchi2019-2.jpg\",\"keywords\":[\"buchi lopez\"],\"articleSection\":[\"A - TEMPORALES\",\"POLITICA\"],\"inLanguage\":\"es\"},{\"@type\":\"WebPage\",\"@id\":\"https:\\\/\\\/diariotextual.com\\\/inicio\\\/index.php\\\/2019\\\/09\\\/23\\\/tip-confirmo-la-inhabilitacion-ejercer-cargos-publicos-la-exintendenta-catrilo\\\/\",\"url\":\"https:\\\/\\\/diariotextual.com\\\/inicio\\\/index.php\\\/2019\\\/09\\\/23\\\/tip-confirmo-la-inhabilitacion-ejercer-cargos-publicos-la-exintendenta-catrilo\\\/\",\"name\":\"El TIP confirm\u00f3 la inhabilitaci\u00f3n para ejercer cargos p\u00fablicos a la exintendenta de Catril\u00f3 - Diario Textual\",\"isPartOf\":{\"@id\":\"https:\\\/\\\/diariotextual.com\\\/inicio\\\/#website\"},\"primaryImageOfPage\":{\"@id\":\"https:\\\/\\\/diariotextual.com\\\/inicio\\\/index.php\\\/2019\\\/09\\\/23\\\/tip-confirmo-la-inhabilitacion-ejercer-cargos-publicos-la-exintendenta-catrilo\\\/#primaryimage\"},\"image\":{\"@id\":\"https:\\\/\\\/diariotextual.com\\\/inicio\\\/index.php\\\/2019\\\/09\\\/23\\\/tip-confirmo-la-inhabilitacion-ejercer-cargos-publicos-la-exintendenta-catrilo\\\/#primaryimage\"},\"thumbnailUrl\":\"https:\\\/\\\/diariotextual.com\\\/inicio\\\/wp-content\\\/uploads\\\/2019\\\/03\\\/lopezgracielabuchi2019-2.jpg\",\"datePublished\":\"2019-09-23T14:47:57+00:00\",\"dateModified\":\"2019-09-23T22:18:53+00:00\",\"breadcrumb\":{\"@id\":\"https:\\\/\\\/diariotextual.com\\\/inicio\\\/index.php\\\/2019\\\/09\\\/23\\\/tip-confirmo-la-inhabilitacion-ejercer-cargos-publicos-la-exintendenta-catrilo\\\/#breadcrumb\"},\"inLanguage\":\"es\",\"potentialAction\":[{\"@type\":\"ReadAction\",\"target\":[\"https:\\\/\\\/diariotextual.com\\\/inicio\\\/index.php\\\/2019\\\/09\\\/23\\\/tip-confirmo-la-inhabilitacion-ejercer-cargos-publicos-la-exintendenta-catrilo\\\/\"]}]},{\"@type\":\"ImageObject\",\"inLanguage\":\"es\",\"@id\":\"https:\\\/\\\/diariotextual.com\\\/inicio\\\/index.php\\\/2019\\\/09\\\/23\\\/tip-confirmo-la-inhabilitacion-ejercer-cargos-publicos-la-exintendenta-catrilo\\\/#primaryimage\",\"url\":\"https:\\\/\\\/diariotextual.com\\\/inicio\\\/wp-content\\\/uploads\\\/2019\\\/03\\\/lopezgracielabuchi2019-2.jpg\",\"contentUrl\":\"https:\\\/\\\/diariotextual.com\\\/inicio\\\/wp-content\\\/uploads\\\/2019\\\/03\\\/lopezgracielabuchi2019-2.jpg\",\"width\":1100,\"height\":753},{\"@type\":\"BreadcrumbList\",\"@id\":\"https:\\\/\\\/diariotextual.com\\\/inicio\\\/index.php\\\/2019\\\/09\\\/23\\\/tip-confirmo-la-inhabilitacion-ejercer-cargos-publicos-la-exintendenta-catrilo\\\/#breadcrumb\",\"itemListElement\":[{\"@type\":\"ListItem\",\"position\":1,\"name\":\"Portada\",\"item\":\"https:\\\/\\\/diariotextual.com\\\/inicio\\\/\"},{\"@type\":\"ListItem\",\"position\":2,\"name\":\"El TIP confirm\u00f3 la inhabilitaci\u00f3n para ejercer cargos p\u00fablicos a la exintendenta de Catril\u00f3\"}]},{\"@type\":\"WebSite\",\"@id\":\"https:\\\/\\\/diariotextual.com\\\/inicio\\\/#website\",\"url\":\"https:\\\/\\\/diariotextual.com\\\/inicio\\\/\",\"name\":\"Diario Textual\",\"description\":\"\",\"publisher\":{\"@id\":\"https:\\\/\\\/diariotextual.com\\\/inicio\\\/#organization\"},\"potentialAction\":[{\"@type\":\"SearchAction\",\"target\":{\"@type\":\"EntryPoint\",\"urlTemplate\":\"https:\\\/\\\/diariotextual.com\\\/inicio\\\/?s={search_term_string}\"},\"query-input\":{\"@type\":\"PropertyValueSpecification\",\"valueRequired\":true,\"valueName\":\"search_term_string\"}}],\"inLanguage\":\"es\"},{\"@type\":\"Organization\",\"@id\":\"https:\\\/\\\/diariotextual.com\\\/inicio\\\/#organization\",\"name\":\"Diario Textual\",\"url\":\"https:\\\/\\\/diariotextual.com\\\/inicio\\\/\",\"logo\":{\"@type\":\"ImageObject\",\"inLanguage\":\"es\",\"@id\":\"https:\\\/\\\/diariotextual.com\\\/inicio\\\/#\\\/schema\\\/logo\\\/image\\\/\",\"url\":\"https:\\\/\\\/diariotextual.com\\\/inicio\\\/wp-content\\\/uploads\\\/2023\\\/05\\\/logotextual1.jpg\",\"contentUrl\":\"https:\\\/\\\/diariotextual.com\\\/inicio\\\/wp-content\\\/uploads\\\/2023\\\/05\\\/logotextual1.jpg\",\"width\":516,\"height\":76,\"caption\":\"Diario Textual\"},\"image\":{\"@id\":\"https:\\\/\\\/diariotextual.com\\\/inicio\\\/#\\\/schema\\\/logo\\\/image\\\/\"},\"sameAs\":[\"https:\\\/\\\/www.facebook.com\\\/eltextual\",\"https:\\\/\\\/x.com\\\/eltextual\",\"http:\\\/\\\/www.instagram.com\\\/eltextual\"]},{\"@type\":\"Person\",\"@id\":\"https:\\\/\\\/diariotextual.com\\\/inicio\\\/#\\\/schema\\\/person\\\/418fc4093c33e86ed41562db3508f958\",\"name\":\"Diario1 Diario1\",\"image\":{\"@type\":\"ImageObject\",\"inLanguage\":\"es\",\"@id\":\"https:\\\/\\\/secure.gravatar.com\\\/avatar\\\/9167d280179c85bc18be67aa7eda765854300033af4896dd779b608640f2ef7a?s=96&d=mm&r=g\",\"url\":\"https:\\\/\\\/secure.gravatar.com\\\/avatar\\\/9167d280179c85bc18be67aa7eda765854300033af4896dd779b608640f2ef7a?s=96&d=mm&r=g\",\"contentUrl\":\"https:\\\/\\\/secure.gravatar.com\\\/avatar\\\/9167d280179c85bc18be67aa7eda765854300033af4896dd779b608640f2ef7a?s=96&d=mm&r=g\",\"caption\":\"Diario1 Diario1\"},\"url\":\"https:\\\/\\\/diariotextual.com\\\/inicio\\\/index.php\\\/author\\\/diario1\\\/\"}]}<\/script>\n<!-- \/ Yoast SEO plugin. -->","yoast_head_json":{"title":"El TIP confirm\u00f3 la inhabilitaci\u00f3n para ejercer cargos p\u00fablicos a la exintendenta de Catril\u00f3 - Diario Textual","robots":{"index":"index","follow":"follow","max-snippet":"max-snippet:-1","max-image-preview":"max-image-preview:large","max-video-preview":"max-video-preview:-1"},"canonical":"https:\/\/diariotextual.com\/inicio\/index.php\/2019\/09\/23\/tip-confirmo-la-inhabilitacion-ejercer-cargos-publicos-la-exintendenta-catrilo\/","og_locale":"es_ES","og_type":"article","og_title":"El TIP confirm\u00f3 la inhabilitaci\u00f3n para ejercer cargos p\u00fablicos a la exintendenta de Catril\u00f3 - Diario Textual","og_description":"El Tribunal de Impugnaci\u00f3n Penal (TIP) no hizo lugar al recurso de impugnaci\u00f3n y confirm\u00f3 la condena a un a\u00f1o de inhabilitaci\u00f3n para ejercer cargos p\u00fablicos a la exintendenta de&hellip;","og_url":"https:\/\/diariotextual.com\/inicio\/index.php\/2019\/09\/23\/tip-confirmo-la-inhabilitacion-ejercer-cargos-publicos-la-exintendenta-catrilo\/","og_site_name":"Diario Textual","article_publisher":"https:\/\/www.facebook.com\/eltextual","article_published_time":"2019-09-23T14:47:57+00:00","article_modified_time":"2019-09-23T22:18:53+00:00","og_image":[{"width":1100,"height":753,"url":"https:\/\/diariotextual.com\/inicio\/wp-content\/uploads\/2019\/03\/lopezgracielabuchi2019-2.jpg","type":"image\/jpeg"}],"author":"Diario1 Diario1","twitter_card":"summary_large_image","twitter_creator":"@eltextual","twitter_site":"@eltextual","twitter_misc":{"Escrito por":"Diario1 Diario1","Tiempo de lectura":"6 minutos"},"schema":{"@context":"https:\/\/schema.org","@graph":[{"@type":"Article","@id":"https:\/\/diariotextual.com\/inicio\/index.php\/2019\/09\/23\/tip-confirmo-la-inhabilitacion-ejercer-cargos-publicos-la-exintendenta-catrilo\/#article","isPartOf":{"@id":"https:\/\/diariotextual.com\/inicio\/index.php\/2019\/09\/23\/tip-confirmo-la-inhabilitacion-ejercer-cargos-publicos-la-exintendenta-catrilo\/"},"author":{"name":"Diario1 Diario1","@id":"https:\/\/diariotextual.com\/inicio\/#\/schema\/person\/418fc4093c33e86ed41562db3508f958"},"headline":"El TIP confirm\u00f3 la inhabilitaci\u00f3n para ejercer cargos p\u00fablicos a la exintendenta de Catril\u00f3","datePublished":"2019-09-23T14:47:57+00:00","dateModified":"2019-09-23T22:18:53+00:00","mainEntityOfPage":{"@id":"https:\/\/diariotextual.com\/inicio\/index.php\/2019\/09\/23\/tip-confirmo-la-inhabilitacion-ejercer-cargos-publicos-la-exintendenta-catrilo\/"},"wordCount":1252,"publisher":{"@id":"https:\/\/diariotextual.com\/inicio\/#organization"},"image":{"@id":"https:\/\/diariotextual.com\/inicio\/index.php\/2019\/09\/23\/tip-confirmo-la-inhabilitacion-ejercer-cargos-publicos-la-exintendenta-catrilo\/#primaryimage"},"thumbnailUrl":"https:\/\/diariotextual.com\/inicio\/wp-content\/uploads\/2019\/03\/lopezgracielabuchi2019-2.jpg","keywords":["buchi lopez"],"articleSection":["A - TEMPORALES","POLITICA"],"inLanguage":"es"},{"@type":"WebPage","@id":"https:\/\/diariotextual.com\/inicio\/index.php\/2019\/09\/23\/tip-confirmo-la-inhabilitacion-ejercer-cargos-publicos-la-exintendenta-catrilo\/","url":"https:\/\/diariotextual.com\/inicio\/index.php\/2019\/09\/23\/tip-confirmo-la-inhabilitacion-ejercer-cargos-publicos-la-exintendenta-catrilo\/","name":"El TIP confirm\u00f3 la inhabilitaci\u00f3n para ejercer cargos p\u00fablicos a la exintendenta de Catril\u00f3 - Diario Textual","isPartOf":{"@id":"https:\/\/diariotextual.com\/inicio\/#website"},"primaryImageOfPage":{"@id":"https:\/\/diariotextual.com\/inicio\/index.php\/2019\/09\/23\/tip-confirmo-la-inhabilitacion-ejercer-cargos-publicos-la-exintendenta-catrilo\/#primaryimage"},"image":{"@id":"https:\/\/diariotextual.com\/inicio\/index.php\/2019\/09\/23\/tip-confirmo-la-inhabilitacion-ejercer-cargos-publicos-la-exintendenta-catrilo\/#primaryimage"},"thumbnailUrl":"https:\/\/diariotextual.com\/inicio\/wp-content\/uploads\/2019\/03\/lopezgracielabuchi2019-2.jpg","datePublished":"2019-09-23T14:47:57+00:00","dateModified":"2019-09-23T22:18:53+00:00","breadcrumb":{"@id":"https:\/\/diariotextual.com\/inicio\/index.php\/2019\/09\/23\/tip-confirmo-la-inhabilitacion-ejercer-cargos-publicos-la-exintendenta-catrilo\/#breadcrumb"},"inLanguage":"es","potentialAction":[{"@type":"ReadAction","target":["https:\/\/diariotextual.com\/inicio\/index.php\/2019\/09\/23\/tip-confirmo-la-inhabilitacion-ejercer-cargos-publicos-la-exintendenta-catrilo\/"]}]},{"@type":"ImageObject","inLanguage":"es","@id":"https:\/\/diariotextual.com\/inicio\/index.php\/2019\/09\/23\/tip-confirmo-la-inhabilitacion-ejercer-cargos-publicos-la-exintendenta-catrilo\/#primaryimage","url":"https:\/\/diariotextual.com\/inicio\/wp-content\/uploads\/2019\/03\/lopezgracielabuchi2019-2.jpg","contentUrl":"https:\/\/diariotextual.com\/inicio\/wp-content\/uploads\/2019\/03\/lopezgracielabuchi2019-2.jpg","width":1100,"height":753},{"@type":"BreadcrumbList","@id":"https:\/\/diariotextual.com\/inicio\/index.php\/2019\/09\/23\/tip-confirmo-la-inhabilitacion-ejercer-cargos-publicos-la-exintendenta-catrilo\/#breadcrumb","itemListElement":[{"@type":"ListItem","position":1,"name":"Portada","item":"https:\/\/diariotextual.com\/inicio\/"},{"@type":"ListItem","position":2,"name":"El TIP confirm\u00f3 la inhabilitaci\u00f3n para ejercer cargos p\u00fablicos a la exintendenta de Catril\u00f3"}]},{"@type":"WebSite","@id":"https:\/\/diariotextual.com\/inicio\/#website","url":"https:\/\/diariotextual.com\/inicio\/","name":"Diario Textual","description":"","publisher":{"@id":"https:\/\/diariotextual.com\/inicio\/#organization"},"potentialAction":[{"@type":"SearchAction","target":{"@type":"EntryPoint","urlTemplate":"https:\/\/diariotextual.com\/inicio\/?s={search_term_string}"},"query-input":{"@type":"PropertyValueSpecification","valueRequired":true,"valueName":"search_term_string"}}],"inLanguage":"es"},{"@type":"Organization","@id":"https:\/\/diariotextual.com\/inicio\/#organization","name":"Diario Textual","url":"https:\/\/diariotextual.com\/inicio\/","logo":{"@type":"ImageObject","inLanguage":"es","@id":"https:\/\/diariotextual.com\/inicio\/#\/schema\/logo\/image\/","url":"https:\/\/diariotextual.com\/inicio\/wp-content\/uploads\/2023\/05\/logotextual1.jpg","contentUrl":"https:\/\/diariotextual.com\/inicio\/wp-content\/uploads\/2023\/05\/logotextual1.jpg","width":516,"height":76,"caption":"Diario Textual"},"image":{"@id":"https:\/\/diariotextual.com\/inicio\/#\/schema\/logo\/image\/"},"sameAs":["https:\/\/www.facebook.com\/eltextual","https:\/\/x.com\/eltextual","http:\/\/www.instagram.com\/eltextual"]},{"@type":"Person","@id":"https:\/\/diariotextual.com\/inicio\/#\/schema\/person\/418fc4093c33e86ed41562db3508f958","name":"Diario1 Diario1","image":{"@type":"ImageObject","inLanguage":"es","@id":"https:\/\/secure.gravatar.com\/avatar\/9167d280179c85bc18be67aa7eda765854300033af4896dd779b608640f2ef7a?s=96&d=mm&r=g","url":"https:\/\/secure.gravatar.com\/avatar\/9167d280179c85bc18be67aa7eda765854300033af4896dd779b608640f2ef7a?s=96&d=mm&r=g","contentUrl":"https:\/\/secure.gravatar.com\/avatar\/9167d280179c85bc18be67aa7eda765854300033af4896dd779b608640f2ef7a?s=96&d=mm&r=g","caption":"Diario1 Diario1"},"url":"https:\/\/diariotextual.com\/inicio\/index.php\/author\/diario1\/"}]}},"_links":{"self":[{"href":"https:\/\/diariotextual.com\/inicio\/index.php\/wp-json\/wp\/v2\/posts\/63537","targetHints":{"allow":["GET"]}}],"collection":[{"href":"https:\/\/diariotextual.com\/inicio\/index.php\/wp-json\/wp\/v2\/posts"}],"about":[{"href":"https:\/\/diariotextual.com\/inicio\/index.php\/wp-json\/wp\/v2\/types\/post"}],"author":[{"embeddable":true,"href":"https:\/\/diariotextual.com\/inicio\/index.php\/wp-json\/wp\/v2\/users\/3"}],"replies":[{"embeddable":true,"href":"https:\/\/diariotextual.com\/inicio\/index.php\/wp-json\/wp\/v2\/comments?post=63537"}],"version-history":[{"count":4,"href":"https:\/\/diariotextual.com\/inicio\/index.php\/wp-json\/wp\/v2\/posts\/63537\/revisions"}],"predecessor-version":[{"id":63541,"href":"https:\/\/diariotextual.com\/inicio\/index.php\/wp-json\/wp\/v2\/posts\/63537\/revisions\/63541"}],"wp:featuredmedia":[{"embeddable":true,"href":"https:\/\/diariotextual.com\/inicio\/index.php\/wp-json\/wp\/v2\/media\/43171"}],"wp:attachment":[{"href":"https:\/\/diariotextual.com\/inicio\/index.php\/wp-json\/wp\/v2\/media?parent=63537"}],"wp:term":[{"taxonomy":"category","embeddable":true,"href":"https:\/\/diariotextual.com\/inicio\/index.php\/wp-json\/wp\/v2\/categories?post=63537"},{"taxonomy":"post_tag","embeddable":true,"href":"https:\/\/diariotextual.com\/inicio\/index.php\/wp-json\/wp\/v2\/tags?post=63537"}],"curies":[{"name":"wp","href":"https:\/\/api.w.org\/{rel}","templated":true}]}}