{"id":63614,"date":"2019-09-24T11:04:41","date_gmt":"2019-09-24T14:04:41","guid":{"rendered":"http:\/\/diariotextual.com\/inicio\/?p=63614"},"modified":"2019-09-25T10:54:09","modified_gmt":"2019-09-25T13:54:09","slug":"presentaron-primer-empleo-del-programa-estaciones-servicio-inclusivas","status":"publish","type":"post","link":"https:\/\/diariotextual.com\/inicio\/index.php\/2019\/09\/24\/presentaron-primer-empleo-del-programa-estaciones-servicio-inclusivas\/","title":{"rendered":"Presentaron el primer empleo del programa \u00abEstaciones de servicio inclusivas\u00bb"},"content":{"rendered":"<p>Se present\u00f3 este martes el primer empleo logrado a trav\u00e9s del programa <strong>\u00abEstaciones de servicio inclusivas\u00bb<\/strong>, una iniciativa impulsada por la\u00a0C\u00e1mara de Expendedores de Combustibles, Lubricantes y Afines de La Pampa, conjuntamente con la empresa Grupo Agroenerg\u00eda, la Direcci\u00f3n de Discapacidad y la Direcci\u00f3n de Primer Empleo de La Pampa; la Gerencia de Empleo del Ministerio de Producci\u00f3n y Trabajo de la Naci\u00f3n y el Instituto Pampeano Educativo Laboral (IPEL).<\/p>\n<p><strong>\u00abPara m\u00ed es un logro haber empezado a trabajar en la empresa\u00bb, dijo Nicol\u00e1s Ohaco, un joven de 31 a\u00f1os con una discapacidad intelectual leve<\/strong> que se convirti\u00f3 en el primer empleo del programa \u00abEstaciones de servicio inclusivas\u00bb.<\/p>\n<p>Nicol\u00e1s comenz\u00f3 a trabajar el 16 de septiembre en la estaci\u00f3n Puma ubicada en Pico y 9 de Julio, en Santa Rosa, perteneciente a Grupo Agroenerg\u00eda. Despacha nafta y atiende a los clientes en el play\u00f3n de carga de combustibles.<\/p>\n<p><img fetchpriority=\"high\" decoding=\"async\" class=\"alignnone wp-image-63638 size-full\" src=\"http:\/\/diariotextual.com\/inicio\/wp-content\/uploads\/2019\/09\/ohaconicolas2019-2.jpg\" alt=\"\" width=\"1000\" height=\"667\" srcset=\"https:\/\/diariotextual.com\/inicio\/wp-content\/uploads\/2019\/09\/ohaconicolas2019-2.jpg 1000w, https:\/\/diariotextual.com\/inicio\/wp-content\/uploads\/2019\/09\/ohaconicolas2019-2-300x200.jpg 300w, https:\/\/diariotextual.com\/inicio\/wp-content\/uploads\/2019\/09\/ohaconicolas2019-2-768x512.jpg 768w, https:\/\/diariotextual.com\/inicio\/wp-content\/uploads\/2019\/09\/ohaconicolas2019-2-585x390.jpg 585w, https:\/\/diariotextual.com\/inicio\/wp-content\/uploads\/2019\/09\/ohaconicolas2019-2-263x175.jpg 263w\" sizes=\"(max-width: 1000px) 100vw, 1000px\" \/><\/p>\n<p><strong>\u00abNo pens\u00e9 que me iban a tomar, pero se pudo y estoy contento. Pude lograr trabajar con otras personas y asociarme bien\u00bb<\/strong>, dijo Nico.<\/p>\n<p><strong>\u00abCuando entr\u00e9 me dijeron que vaya a despachar nafta. Aprend\u00ed con dos personas y ya el segundo d\u00eda estaba bien. Yo era chofer de cami\u00f3n, nunca hab\u00eda tenido una experiencia laboral\u00bb<\/strong>, agreg\u00f3.<\/p>\n<p>En la presentaci\u00f3n estuvieron el gerente de Cecla, Sebasti\u00e1n Lastiri, el gerente de Grupo Agroenerg\u00eda, Lucas Seisdedos, el subsecretario de Trabajo de la Provincia, Marcelo Pedehonta\u00e1, el gerente de\u00a0Empleo\u00a0y Capacitaci\u00f3n Laboral del Ministerio de Trabajo de la Naci\u00f3n, Roberto Flores y el director de Discapacidad, Iv\u00e1n Poggio, entre otros.<\/p>\n<p>&nbsp;<\/p>\n<p>&nbsp;<\/p>\n<p>&nbsp;<\/p>\n<p>&nbsp;<\/p>\n","protected":false},"excerpt":{"rendered":"<p>Se present\u00f3 este martes el primer empleo logrado a trav\u00e9s del programa \u00abEstaciones de servicio inclusivas\u00bb, una iniciativa impulsada por la\u00a0C\u00e1mara de Expendedores de Combustibles, Lubricantes y Afines de La&hellip;<\/p>\n","protected":false},"author":7,"featured_media":63637,"comment_status":"closed","ping_status":"open","sticky":false,"template":"","format":"standard","meta":{"_acf_changed":false,"footnotes":""},"categories":[319,12],"tags":[],"class_list":["post-63614","post","type-post","status-publish","format-standard","has-post-thumbnail","hentry","category-a-temporales","category-sociedad"],"acf":[],"yoast_head":"<!-- This site is optimized with the Yoast SEO plugin v27.5 - https:\/\/yoast.com\/product\/yoast-seo-wordpress\/ -->\n<title>Presentaron el primer empleo del programa &quot;Estaciones de servicio inclusivas&quot; - Diario Textual<\/title>\n<meta name=\"robots\" content=\"index, follow, max-snippet:-1, max-image-preview:large, max-video-preview:-1\" \/>\n<link rel=\"canonical\" href=\"https:\/\/diariotextual.com\/inicio\/index.php\/2019\/09\/24\/presentaron-primer-empleo-del-programa-estaciones-servicio-inclusivas\/\" \/>\n<meta property=\"og:locale\" content=\"es_ES\" \/>\n<meta property=\"og:type\" content=\"article\" \/>\n<meta property=\"og:title\" content=\"Presentaron el primer empleo del programa &quot;Estaciones de servicio inclusivas&quot; - Diario Textual\" \/>\n<meta property=\"og:description\" content=\"Se present\u00f3 este martes el primer empleo logrado a trav\u00e9s del programa \u00abEstaciones de servicio inclusivas\u00bb, una iniciativa impulsada por la\u00a0C\u00e1mara de Expendedores de Combustibles, Lubricantes y Afines de La&hellip;\" \/>\n<meta property=\"og:url\" content=\"https:\/\/diariotextual.com\/inicio\/index.php\/2019\/09\/24\/presentaron-primer-empleo-del-programa-estaciones-servicio-inclusivas\/\" \/>\n<meta property=\"og:site_name\" content=\"Diario Textual\" \/>\n<meta property=\"article:publisher\" content=\"https:\/\/www.facebook.com\/eltextual\" \/>\n<meta property=\"article:published_time\" content=\"2019-09-24T14:04:41+00:00\" \/>\n<meta property=\"article:modified_time\" content=\"2019-09-25T13:54:09+00:00\" \/>\n<meta property=\"og:image\" content=\"https:\/\/diariotextual.com\/inicio\/wp-content\/uploads\/2019\/09\/ohaconicolas2019-1.jpg\" \/>\n\t<meta property=\"og:image:width\" content=\"1000\" \/>\n\t<meta property=\"og:image:height\" content=\"667\" \/>\n\t<meta property=\"og:image:type\" content=\"image\/jpeg\" \/>\n<meta name=\"author\" content=\"diario5\" \/>\n<meta name=\"twitter:card\" content=\"summary_large_image\" \/>\n<meta name=\"twitter:creator\" content=\"@eltextual\" \/>\n<meta name=\"twitter:site\" content=\"@eltextual\" \/>\n<meta name=\"twitter:label1\" content=\"Escrito por\" \/>\n\t<meta name=\"twitter:data1\" content=\"diario5\" \/>\n\t<meta name=\"twitter:label2\" content=\"Tiempo de lectura\" \/>\n\t<meta name=\"twitter:data2\" content=\"1 minuto\" \/>\n<script type=\"application\/ld+json\" class=\"yoast-schema-graph\">{\"@context\":\"https:\\\/\\\/schema.org\",\"@graph\":[{\"@type\":\"Article\",\"@id\":\"https:\\\/\\\/diariotextual.com\\\/inicio\\\/index.php\\\/2019\\\/09\\\/24\\\/presentaron-primer-empleo-del-programa-estaciones-servicio-inclusivas\\\/#article\",\"isPartOf\":{\"@id\":\"https:\\\/\\\/diariotextual.com\\\/inicio\\\/index.php\\\/2019\\\/09\\\/24\\\/presentaron-primer-empleo-del-programa-estaciones-servicio-inclusivas\\\/\"},\"author\":{\"name\":\"diario5\",\"@id\":\"https:\\\/\\\/diariotextual.com\\\/inicio\\\/#\\\/schema\\\/person\\\/c7834961ad8b29b1d9cdbf4571299067\"},\"headline\":\"Presentaron el primer empleo del programa \u00abEstaciones de servicio inclusivas\u00bb\",\"datePublished\":\"2019-09-24T14:04:41+00:00\",\"dateModified\":\"2019-09-25T13:54:09+00:00\",\"mainEntityOfPage\":{\"@id\":\"https:\\\/\\\/diariotextual.com\\\/inicio\\\/index.php\\\/2019\\\/09\\\/24\\\/presentaron-primer-empleo-del-programa-estaciones-servicio-inclusivas\\\/\"},\"wordCount\":289,\"publisher\":{\"@id\":\"https:\\\/\\\/diariotextual.com\\\/inicio\\\/#organization\"},\"image\":{\"@id\":\"https:\\\/\\\/diariotextual.com\\\/inicio\\\/index.php\\\/2019\\\/09\\\/24\\\/presentaron-primer-empleo-del-programa-estaciones-servicio-inclusivas\\\/#primaryimage\"},\"thumbnailUrl\":\"https:\\\/\\\/diariotextual.com\\\/inicio\\\/wp-content\\\/uploads\\\/2019\\\/09\\\/ohaconicolas2019-1.jpg\",\"articleSection\":[\"A - TEMPORALES\",\"SOCIEDAD\"],\"inLanguage\":\"es\"},{\"@type\":\"WebPage\",\"@id\":\"https:\\\/\\\/diariotextual.com\\\/inicio\\\/index.php\\\/2019\\\/09\\\/24\\\/presentaron-primer-empleo-del-programa-estaciones-servicio-inclusivas\\\/\",\"url\":\"https:\\\/\\\/diariotextual.com\\\/inicio\\\/index.php\\\/2019\\\/09\\\/24\\\/presentaron-primer-empleo-del-programa-estaciones-servicio-inclusivas\\\/\",\"name\":\"Presentaron el primer empleo del programa \\\"Estaciones de servicio inclusivas\\\" - Diario Textual\",\"isPartOf\":{\"@id\":\"https:\\\/\\\/diariotextual.com\\\/inicio\\\/#website\"},\"primaryImageOfPage\":{\"@id\":\"https:\\\/\\\/diariotextual.com\\\/inicio\\\/index.php\\\/2019\\\/09\\\/24\\\/presentaron-primer-empleo-del-programa-estaciones-servicio-inclusivas\\\/#primaryimage\"},\"image\":{\"@id\":\"https:\\\/\\\/diariotextual.com\\\/inicio\\\/index.php\\\/2019\\\/09\\\/24\\\/presentaron-primer-empleo-del-programa-estaciones-servicio-inclusivas\\\/#primaryimage\"},\"thumbnailUrl\":\"https:\\\/\\\/diariotextual.com\\\/inicio\\\/wp-content\\\/uploads\\\/2019\\\/09\\\/ohaconicolas2019-1.jpg\",\"datePublished\":\"2019-09-24T14:04:41+00:00\",\"dateModified\":\"2019-09-25T13:54:09+00:00\",\"breadcrumb\":{\"@id\":\"https:\\\/\\\/diariotextual.com\\\/inicio\\\/index.php\\\/2019\\\/09\\\/24\\\/presentaron-primer-empleo-del-programa-estaciones-servicio-inclusivas\\\/#breadcrumb\"},\"inLanguage\":\"es\",\"potentialAction\":[{\"@type\":\"ReadAction\",\"target\":[\"https:\\\/\\\/diariotextual.com\\\/inicio\\\/index.php\\\/2019\\\/09\\\/24\\\/presentaron-primer-empleo-del-programa-estaciones-servicio-inclusivas\\\/\"]}]},{\"@type\":\"ImageObject\",\"inLanguage\":\"es\",\"@id\":\"https:\\\/\\\/diariotextual.com\\\/inicio\\\/index.php\\\/2019\\\/09\\\/24\\\/presentaron-primer-empleo-del-programa-estaciones-servicio-inclusivas\\\/#primaryimage\",\"url\":\"https:\\\/\\\/diariotextual.com\\\/inicio\\\/wp-content\\\/uploads\\\/2019\\\/09\\\/ohaconicolas2019-1.jpg\",\"contentUrl\":\"https:\\\/\\\/diariotextual.com\\\/inicio\\\/wp-content\\\/uploads\\\/2019\\\/09\\\/ohaconicolas2019-1.jpg\",\"width\":1000,\"height\":667},{\"@type\":\"BreadcrumbList\",\"@id\":\"https:\\\/\\\/diariotextual.com\\\/inicio\\\/index.php\\\/2019\\\/09\\\/24\\\/presentaron-primer-empleo-del-programa-estaciones-servicio-inclusivas\\\/#breadcrumb\",\"itemListElement\":[{\"@type\":\"ListItem\",\"position\":1,\"name\":\"Portada\",\"item\":\"https:\\\/\\\/diariotextual.com\\\/inicio\\\/\"},{\"@type\":\"ListItem\",\"position\":2,\"name\":\"Presentaron el primer empleo del programa \u00abEstaciones de servicio inclusivas\u00bb\"}]},{\"@type\":\"WebSite\",\"@id\":\"https:\\\/\\\/diariotextual.com\\\/inicio\\\/#website\",\"url\":\"https:\\\/\\\/diariotextual.com\\\/inicio\\\/\",\"name\":\"Diario Textual\",\"description\":\"\",\"publisher\":{\"@id\":\"https:\\\/\\\/diariotextual.com\\\/inicio\\\/#organization\"},\"potentialAction\":[{\"@type\":\"SearchAction\",\"target\":{\"@type\":\"EntryPoint\",\"urlTemplate\":\"https:\\\/\\\/diariotextual.com\\\/inicio\\\/?s={search_term_string}\"},\"query-input\":{\"@type\":\"PropertyValueSpecification\",\"valueRequired\":true,\"valueName\":\"search_term_string\"}}],\"inLanguage\":\"es\"},{\"@type\":\"Organization\",\"@id\":\"https:\\\/\\\/diariotextual.com\\\/inicio\\\/#organization\",\"name\":\"Diario Textual\",\"url\":\"https:\\\/\\\/diariotextual.com\\\/inicio\\\/\",\"logo\":{\"@type\":\"ImageObject\",\"inLanguage\":\"es\",\"@id\":\"https:\\\/\\\/diariotextual.com\\\/inicio\\\/#\\\/schema\\\/logo\\\/image\\\/\",\"url\":\"https:\\\/\\\/diariotextual.com\\\/inicio\\\/wp-content\\\/uploads\\\/2023\\\/05\\\/logotextual1.jpg\",\"contentUrl\":\"https:\\\/\\\/diariotextual.com\\\/inicio\\\/wp-content\\\/uploads\\\/2023\\\/05\\\/logotextual1.jpg\",\"width\":516,\"height\":76,\"caption\":\"Diario Textual\"},\"image\":{\"@id\":\"https:\\\/\\\/diariotextual.com\\\/inicio\\\/#\\\/schema\\\/logo\\\/image\\\/\"},\"sameAs\":[\"https:\\\/\\\/www.facebook.com\\\/eltextual\",\"https:\\\/\\\/x.com\\\/eltextual\",\"http:\\\/\\\/www.instagram.com\\\/eltextual\"]},{\"@type\":\"Person\",\"@id\":\"https:\\\/\\\/diariotextual.com\\\/inicio\\\/#\\\/schema\\\/person\\\/c7834961ad8b29b1d9cdbf4571299067\",\"name\":\"diario5\",\"image\":{\"@type\":\"ImageObject\",\"inLanguage\":\"es\",\"@id\":\"https:\\\/\\\/secure.gravatar.com\\\/avatar\\\/948c893b847ca6df68216ead81b63f363408ec9b0f600fefc0641ce78613b111?s=96&d=mm&r=g\",\"url\":\"https:\\\/\\\/secure.gravatar.com\\\/avatar\\\/948c893b847ca6df68216ead81b63f363408ec9b0f600fefc0641ce78613b111?s=96&d=mm&r=g\",\"contentUrl\":\"https:\\\/\\\/secure.gravatar.com\\\/avatar\\\/948c893b847ca6df68216ead81b63f363408ec9b0f600fefc0641ce78613b111?s=96&d=mm&r=g\",\"caption\":\"diario5\"},\"url\":\"https:\\\/\\\/diariotextual.com\\\/inicio\\\/index.php\\\/author\\\/diario5\\\/\"}]}<\/script>\n<!-- \/ Yoast SEO plugin. -->","yoast_head_json":{"title":"Presentaron el primer empleo del programa \"Estaciones de servicio inclusivas\" - Diario Textual","robots":{"index":"index","follow":"follow","max-snippet":"max-snippet:-1","max-image-preview":"max-image-preview:large","max-video-preview":"max-video-preview:-1"},"canonical":"https:\/\/diariotextual.com\/inicio\/index.php\/2019\/09\/24\/presentaron-primer-empleo-del-programa-estaciones-servicio-inclusivas\/","og_locale":"es_ES","og_type":"article","og_title":"Presentaron el primer empleo del programa \"Estaciones de servicio inclusivas\" - Diario Textual","og_description":"Se present\u00f3 este martes el primer empleo logrado a trav\u00e9s del programa \u00abEstaciones de servicio inclusivas\u00bb, una iniciativa impulsada por la\u00a0C\u00e1mara de Expendedores de Combustibles, Lubricantes y Afines de La&hellip;","og_url":"https:\/\/diariotextual.com\/inicio\/index.php\/2019\/09\/24\/presentaron-primer-empleo-del-programa-estaciones-servicio-inclusivas\/","og_site_name":"Diario Textual","article_publisher":"https:\/\/www.facebook.com\/eltextual","article_published_time":"2019-09-24T14:04:41+00:00","article_modified_time":"2019-09-25T13:54:09+00:00","og_image":[{"width":1000,"height":667,"url":"https:\/\/diariotextual.com\/inicio\/wp-content\/uploads\/2019\/09\/ohaconicolas2019-1.jpg","type":"image\/jpeg"}],"author":"diario5","twitter_card":"summary_large_image","twitter_creator":"@eltextual","twitter_site":"@eltextual","twitter_misc":{"Escrito por":"diario5","Tiempo de lectura":"1 minuto"},"schema":{"@context":"https:\/\/schema.org","@graph":[{"@type":"Article","@id":"https:\/\/diariotextual.com\/inicio\/index.php\/2019\/09\/24\/presentaron-primer-empleo-del-programa-estaciones-servicio-inclusivas\/#article","isPartOf":{"@id":"https:\/\/diariotextual.com\/inicio\/index.php\/2019\/09\/24\/presentaron-primer-empleo-del-programa-estaciones-servicio-inclusivas\/"},"author":{"name":"diario5","@id":"https:\/\/diariotextual.com\/inicio\/#\/schema\/person\/c7834961ad8b29b1d9cdbf4571299067"},"headline":"Presentaron el primer empleo del programa \u00abEstaciones de servicio inclusivas\u00bb","datePublished":"2019-09-24T14:04:41+00:00","dateModified":"2019-09-25T13:54:09+00:00","mainEntityOfPage":{"@id":"https:\/\/diariotextual.com\/inicio\/index.php\/2019\/09\/24\/presentaron-primer-empleo-del-programa-estaciones-servicio-inclusivas\/"},"wordCount":289,"publisher":{"@id":"https:\/\/diariotextual.com\/inicio\/#organization"},"image":{"@id":"https:\/\/diariotextual.com\/inicio\/index.php\/2019\/09\/24\/presentaron-primer-empleo-del-programa-estaciones-servicio-inclusivas\/#primaryimage"},"thumbnailUrl":"https:\/\/diariotextual.com\/inicio\/wp-content\/uploads\/2019\/09\/ohaconicolas2019-1.jpg","articleSection":["A - TEMPORALES","SOCIEDAD"],"inLanguage":"es"},{"@type":"WebPage","@id":"https:\/\/diariotextual.com\/inicio\/index.php\/2019\/09\/24\/presentaron-primer-empleo-del-programa-estaciones-servicio-inclusivas\/","url":"https:\/\/diariotextual.com\/inicio\/index.php\/2019\/09\/24\/presentaron-primer-empleo-del-programa-estaciones-servicio-inclusivas\/","name":"Presentaron el primer empleo del programa \"Estaciones de servicio inclusivas\" - Diario Textual","isPartOf":{"@id":"https:\/\/diariotextual.com\/inicio\/#website"},"primaryImageOfPage":{"@id":"https:\/\/diariotextual.com\/inicio\/index.php\/2019\/09\/24\/presentaron-primer-empleo-del-programa-estaciones-servicio-inclusivas\/#primaryimage"},"image":{"@id":"https:\/\/diariotextual.com\/inicio\/index.php\/2019\/09\/24\/presentaron-primer-empleo-del-programa-estaciones-servicio-inclusivas\/#primaryimage"},"thumbnailUrl":"https:\/\/diariotextual.com\/inicio\/wp-content\/uploads\/2019\/09\/ohaconicolas2019-1.jpg","datePublished":"2019-09-24T14:04:41+00:00","dateModified":"2019-09-25T13:54:09+00:00","breadcrumb":{"@id":"https:\/\/diariotextual.com\/inicio\/index.php\/2019\/09\/24\/presentaron-primer-empleo-del-programa-estaciones-servicio-inclusivas\/#breadcrumb"},"inLanguage":"es","potentialAction":[{"@type":"ReadAction","target":["https:\/\/diariotextual.com\/inicio\/index.php\/2019\/09\/24\/presentaron-primer-empleo-del-programa-estaciones-servicio-inclusivas\/"]}]},{"@type":"ImageObject","inLanguage":"es","@id":"https:\/\/diariotextual.com\/inicio\/index.php\/2019\/09\/24\/presentaron-primer-empleo-del-programa-estaciones-servicio-inclusivas\/#primaryimage","url":"https:\/\/diariotextual.com\/inicio\/wp-content\/uploads\/2019\/09\/ohaconicolas2019-1.jpg","contentUrl":"https:\/\/diariotextual.com\/inicio\/wp-content\/uploads\/2019\/09\/ohaconicolas2019-1.jpg","width":1000,"height":667},{"@type":"BreadcrumbList","@id":"https:\/\/diariotextual.com\/inicio\/index.php\/2019\/09\/24\/presentaron-primer-empleo-del-programa-estaciones-servicio-inclusivas\/#breadcrumb","itemListElement":[{"@type":"ListItem","position":1,"name":"Portada","item":"https:\/\/diariotextual.com\/inicio\/"},{"@type":"ListItem","position":2,"name":"Presentaron el primer empleo del programa \u00abEstaciones de servicio inclusivas\u00bb"}]},{"@type":"WebSite","@id":"https:\/\/diariotextual.com\/inicio\/#website","url":"https:\/\/diariotextual.com\/inicio\/","name":"Diario Textual","description":"","publisher":{"@id":"https:\/\/diariotextual.com\/inicio\/#organization"},"potentialAction":[{"@type":"SearchAction","target":{"@type":"EntryPoint","urlTemplate":"https:\/\/diariotextual.com\/inicio\/?s={search_term_string}"},"query-input":{"@type":"PropertyValueSpecification","valueRequired":true,"valueName":"search_term_string"}}],"inLanguage":"es"},{"@type":"Organization","@id":"https:\/\/diariotextual.com\/inicio\/#organization","name":"Diario Textual","url":"https:\/\/diariotextual.com\/inicio\/","logo":{"@type":"ImageObject","inLanguage":"es","@id":"https:\/\/diariotextual.com\/inicio\/#\/schema\/logo\/image\/","url":"https:\/\/diariotextual.com\/inicio\/wp-content\/uploads\/2023\/05\/logotextual1.jpg","contentUrl":"https:\/\/diariotextual.com\/inicio\/wp-content\/uploads\/2023\/05\/logotextual1.jpg","width":516,"height":76,"caption":"Diario Textual"},"image":{"@id":"https:\/\/diariotextual.com\/inicio\/#\/schema\/logo\/image\/"},"sameAs":["https:\/\/www.facebook.com\/eltextual","https:\/\/x.com\/eltextual","http:\/\/www.instagram.com\/eltextual"]},{"@type":"Person","@id":"https:\/\/diariotextual.com\/inicio\/#\/schema\/person\/c7834961ad8b29b1d9cdbf4571299067","name":"diario5","image":{"@type":"ImageObject","inLanguage":"es","@id":"https:\/\/secure.gravatar.com\/avatar\/948c893b847ca6df68216ead81b63f363408ec9b0f600fefc0641ce78613b111?s=96&d=mm&r=g","url":"https:\/\/secure.gravatar.com\/avatar\/948c893b847ca6df68216ead81b63f363408ec9b0f600fefc0641ce78613b111?s=96&d=mm&r=g","contentUrl":"https:\/\/secure.gravatar.com\/avatar\/948c893b847ca6df68216ead81b63f363408ec9b0f600fefc0641ce78613b111?s=96&d=mm&r=g","caption":"diario5"},"url":"https:\/\/diariotextual.com\/inicio\/index.php\/author\/diario5\/"}]}},"_links":{"self":[{"href":"https:\/\/diariotextual.com\/inicio\/index.php\/wp-json\/wp\/v2\/posts\/63614","targetHints":{"allow":["GET"]}}],"collection":[{"href":"https:\/\/diariotextual.com\/inicio\/index.php\/wp-json\/wp\/v2\/posts"}],"about":[{"href":"https:\/\/diariotextual.com\/inicio\/index.php\/wp-json\/wp\/v2\/types\/post"}],"author":[{"embeddable":true,"href":"https:\/\/diariotextual.com\/inicio\/index.php\/wp-json\/wp\/v2\/users\/7"}],"replies":[{"embeddable":true,"href":"https:\/\/diariotextual.com\/inicio\/index.php\/wp-json\/wp\/v2\/comments?post=63614"}],"version-history":[{"count":2,"href":"https:\/\/diariotextual.com\/inicio\/index.php\/wp-json\/wp\/v2\/posts\/63614\/revisions"}],"predecessor-version":[{"id":63639,"href":"https:\/\/diariotextual.com\/inicio\/index.php\/wp-json\/wp\/v2\/posts\/63614\/revisions\/63639"}],"wp:featuredmedia":[{"embeddable":true,"href":"https:\/\/diariotextual.com\/inicio\/index.php\/wp-json\/wp\/v2\/media\/63637"}],"wp:attachment":[{"href":"https:\/\/diariotextual.com\/inicio\/index.php\/wp-json\/wp\/v2\/media?parent=63614"}],"wp:term":[{"taxonomy":"category","embeddable":true,"href":"https:\/\/diariotextual.com\/inicio\/index.php\/wp-json\/wp\/v2\/categories?post=63614"},{"taxonomy":"post_tag","embeddable":true,"href":"https:\/\/diariotextual.com\/inicio\/index.php\/wp-json\/wp\/v2\/tags?post=63614"}],"curies":[{"name":"wp","href":"https:\/\/api.w.org\/{rel}","templated":true}]}}