{"id":63658,"date":"2019-09-24T17:17:45","date_gmt":"2019-09-24T20:17:45","guid":{"rendered":"http:\/\/diariotextual.com\/inicio\/?p=63658"},"modified":"2019-09-25T10:53:53","modified_gmt":"2019-09-25T13:53:53","slug":"pampetrol-sumo-otra-area-petrolera-ya-18-los-ultimos-cuatro-anos","status":"publish","type":"post","link":"https:\/\/diariotextual.com\/inicio\/index.php\/2019\/09\/24\/pampetrol-sumo-otra-area-petrolera-ya-18-los-ultimos-cuatro-anos\/","title":{"rendered":"Pampetrol sum\u00f3 otra \u00e1rea petrolera y ya son 18 en los \u00faltimos cuatro a\u00f1os"},"content":{"rendered":"<p>El Estado provincial transferir\u00e1 a la empresa estatal <strong>Pampetrol<\/strong> otra \u00e1rea hidrocarbur\u00edfera:\u00a0<strong>Gobernador Ayala II<\/strong>, que no se encuentra en producci\u00f3n desde 2011.<\/p>\n<p>El subsecretario de Hidrocarburos y Miner\u00eda de la provincia, Mat\u00edas Tosso, concurri\u00f3 a la Legislatura para, ante el plenario de las Comisiones de Hacienda, dar detalles del proyecto de ley enviado por el Poder Ejecutivo por la que se declara de \u00abinter\u00e9s estrat\u00e9gico\u00bb el \u00e1rea<strong> Gobernador Ayala II<\/strong>.<\/p>\n<p>\u00abEs un \u00e1rea -dijo Tosso- ubicada al sur de Gobernador Ayala I y al oeste de Area CNQ -7\/A y fue concesionada el 30 de abril de 2007 a la empresa Petrol\u00edfera Petrum Americas Limited (sucursal Argentina) y el contrato se extingui\u00f3 el 8 de junio de 2011, quedando revertido el permiso otorgado a la empresa, que produjo petr\u00f3leo en seis de los 15 pozos otorgados y en uno de ellos hall\u00f3 gas pero no lo puso en producci\u00f3n\u201d.<\/p>\n<p>\u00abCarece de pasivo ambiental\u00bb, agreg\u00f3. \u00abLo que se propone es que el \u00e1rea sea transferida a la empresa Pampetrol SAPEM para que realice la explotaci\u00f3n de la misma y\/o realice los concursos correspondientes para su desarrollo y exploraci\u00f3n\u201d.<\/p>\n<p>En cuatro a\u00f1os, el Estado le ha adjudicado a Pampetrol 18 \u00e1reas. \u00abEs intenci\u00f3n del Gobierno que se perfeccionen los mecanismos como para que mediante las concesiones correspondientes las empresas puedan venir a explorar libremente y si hallaran hidrocarburos se asocien por 20 a\u00f1os con el Estado, pero si no, que puedan retirarse libremente y que venga otra empresa a explorar las \u00e1reas. Aunque las empresas desistan de los convenios y abandonden las \u00e1reas, el propietario de los terrenos tiene derecho a seguir percibiendo la servidumbre, de la que en ese caso se hace cargo el Estado. Se trata de uno 4 mil pesos por pozo\u201d, aclar\u00f3.<\/p>\n<p>El plenario de comisiones se expidi\u00f3 y emiti\u00f3 dos despachos. Uno de la mayor\u00eda integrada por justicialistas y el diputado del Frente Pampeano para la Victoria, en el que aconsejan su aprobaci\u00f3n, y otro de la minor\u00eda, por el Frepam y el PRO, postergando su postura al d\u00eda dela sesi\u00f3n.<\/p>\n<p>&nbsp;<\/p>\n<p><strong>Empatel<\/strong><\/p>\n<p>Una vez que Tosso abandon\u00f3 la sala, los diputados siguieron reunidos en comisi\u00f3n para dictaminar sobre el proyecto de ley de creaci\u00f3n de la Empresa Pampeana de Telecomunicaciones (Empatel S.A.P.E.M).<\/p>\n<p>Los legisladores del oficialismo y del Frente para la Victoria Pampeano emitieron despacho aconsejando la aprobaci\u00f3n. En tanto, los diputados radicales y del PRO sacaron otro, estableciendo que fijar\u00e1n posici\u00f3n en el recinto.<\/p>\n<p>&nbsp;<\/p>\n","protected":false},"excerpt":{"rendered":"<p>El Estado provincial transferir\u00e1 a la empresa estatal Pampetrol otra \u00e1rea hidrocarbur\u00edfera:\u00a0Gobernador Ayala II, que no se encuentra en producci\u00f3n desde 2011. El subsecretario de Hidrocarburos y Miner\u00eda de la&hellip;<\/p>\n","protected":false},"author":3,"featured_media":63661,"comment_status":"closed","ping_status":"open","sticky":false,"template":"","format":"standard","meta":{"_acf_changed":false,"footnotes":""},"categories":[319,5],"tags":[2197],"class_list":["post-63658","post","type-post","status-publish","format-standard","has-post-thumbnail","hentry","category-a-temporales","category-economia","tag-petroleo"],"acf":[],"yoast_head":"<!-- This site is optimized with the Yoast SEO plugin v27.5 - https:\/\/yoast.com\/product\/yoast-seo-wordpress\/ -->\n<title>Pampetrol sum\u00f3 otra \u00e1rea petrolera y ya son 18 en los \u00faltimos cuatro a\u00f1os - Diario Textual<\/title>\n<meta name=\"robots\" content=\"index, follow, max-snippet:-1, max-image-preview:large, max-video-preview:-1\" \/>\n<link rel=\"canonical\" href=\"https:\/\/diariotextual.com\/inicio\/index.php\/2019\/09\/24\/pampetrol-sumo-otra-area-petrolera-ya-18-los-ultimos-cuatro-anos\/\" \/>\n<meta property=\"og:locale\" content=\"es_ES\" \/>\n<meta property=\"og:type\" content=\"article\" \/>\n<meta property=\"og:title\" content=\"Pampetrol sum\u00f3 otra \u00e1rea petrolera y ya son 18 en los \u00faltimos cuatro a\u00f1os - Diario Textual\" \/>\n<meta property=\"og:description\" content=\"El Estado provincial transferir\u00e1 a la empresa estatal Pampetrol otra \u00e1rea hidrocarbur\u00edfera:\u00a0Gobernador Ayala II, que no se encuentra en producci\u00f3n desde 2011. El subsecretario de Hidrocarburos y Miner\u00eda de la&hellip;\" \/>\n<meta property=\"og:url\" content=\"https:\/\/diariotextual.com\/inicio\/index.php\/2019\/09\/24\/pampetrol-sumo-otra-area-petrolera-ya-18-los-ultimos-cuatro-anos\/\" \/>\n<meta property=\"og:site_name\" content=\"Diario Textual\" \/>\n<meta property=\"article:publisher\" content=\"https:\/\/www.facebook.com\/eltextual\" \/>\n<meta property=\"article:published_time\" content=\"2019-09-24T20:17:45+00:00\" \/>\n<meta property=\"article:modified_time\" content=\"2019-09-25T13:53:53+00:00\" \/>\n<meta property=\"og:image\" content=\"https:\/\/diariotextual.com\/inicio\/wp-content\/uploads\/2019\/09\/petroleopampa2019-1.jpg\" \/>\n\t<meta property=\"og:image:width\" content=\"956\" \/>\n\t<meta property=\"og:image:height\" content=\"680\" \/>\n\t<meta property=\"og:image:type\" content=\"image\/jpeg\" \/>\n<meta name=\"author\" content=\"Diario1 Diario1\" \/>\n<meta name=\"twitter:card\" content=\"summary_large_image\" \/>\n<meta name=\"twitter:creator\" content=\"@eltextual\" \/>\n<meta name=\"twitter:site\" content=\"@eltextual\" \/>\n<meta name=\"twitter:label1\" content=\"Escrito por\" \/>\n\t<meta name=\"twitter:data1\" content=\"Diario1 Diario1\" \/>\n\t<meta name=\"twitter:label2\" content=\"Tiempo de lectura\" \/>\n\t<meta name=\"twitter:data2\" content=\"2 minutos\" \/>\n<script type=\"application\/ld+json\" class=\"yoast-schema-graph\">{\"@context\":\"https:\\\/\\\/schema.org\",\"@graph\":[{\"@type\":\"Article\",\"@id\":\"https:\\\/\\\/diariotextual.com\\\/inicio\\\/index.php\\\/2019\\\/09\\\/24\\\/pampetrol-sumo-otra-area-petrolera-ya-18-los-ultimos-cuatro-anos\\\/#article\",\"isPartOf\":{\"@id\":\"https:\\\/\\\/diariotextual.com\\\/inicio\\\/index.php\\\/2019\\\/09\\\/24\\\/pampetrol-sumo-otra-area-petrolera-ya-18-los-ultimos-cuatro-anos\\\/\"},\"author\":{\"name\":\"Diario1 Diario1\",\"@id\":\"https:\\\/\\\/diariotextual.com\\\/inicio\\\/#\\\/schema\\\/person\\\/418fc4093c33e86ed41562db3508f958\"},\"headline\":\"Pampetrol sum\u00f3 otra \u00e1rea petrolera y ya son 18 en los \u00faltimos cuatro a\u00f1os\",\"datePublished\":\"2019-09-24T20:17:45+00:00\",\"dateModified\":\"2019-09-25T13:53:53+00:00\",\"mainEntityOfPage\":{\"@id\":\"https:\\\/\\\/diariotextual.com\\\/inicio\\\/index.php\\\/2019\\\/09\\\/24\\\/pampetrol-sumo-otra-area-petrolera-ya-18-los-ultimos-cuatro-anos\\\/\"},\"wordCount\":446,\"publisher\":{\"@id\":\"https:\\\/\\\/diariotextual.com\\\/inicio\\\/#organization\"},\"image\":{\"@id\":\"https:\\\/\\\/diariotextual.com\\\/inicio\\\/index.php\\\/2019\\\/09\\\/24\\\/pampetrol-sumo-otra-area-petrolera-ya-18-los-ultimos-cuatro-anos\\\/#primaryimage\"},\"thumbnailUrl\":\"https:\\\/\\\/diariotextual.com\\\/inicio\\\/wp-content\\\/uploads\\\/2019\\\/09\\\/petroleopampa2019-1.jpg\",\"keywords\":[\"petroleo\"],\"articleSection\":[\"A - TEMPORALES\",\"ECONOMIA\"],\"inLanguage\":\"es\"},{\"@type\":\"WebPage\",\"@id\":\"https:\\\/\\\/diariotextual.com\\\/inicio\\\/index.php\\\/2019\\\/09\\\/24\\\/pampetrol-sumo-otra-area-petrolera-ya-18-los-ultimos-cuatro-anos\\\/\",\"url\":\"https:\\\/\\\/diariotextual.com\\\/inicio\\\/index.php\\\/2019\\\/09\\\/24\\\/pampetrol-sumo-otra-area-petrolera-ya-18-los-ultimos-cuatro-anos\\\/\",\"name\":\"Pampetrol sum\u00f3 otra \u00e1rea petrolera y ya son 18 en los \u00faltimos cuatro a\u00f1os - Diario Textual\",\"isPartOf\":{\"@id\":\"https:\\\/\\\/diariotextual.com\\\/inicio\\\/#website\"},\"primaryImageOfPage\":{\"@id\":\"https:\\\/\\\/diariotextual.com\\\/inicio\\\/index.php\\\/2019\\\/09\\\/24\\\/pampetrol-sumo-otra-area-petrolera-ya-18-los-ultimos-cuatro-anos\\\/#primaryimage\"},\"image\":{\"@id\":\"https:\\\/\\\/diariotextual.com\\\/inicio\\\/index.php\\\/2019\\\/09\\\/24\\\/pampetrol-sumo-otra-area-petrolera-ya-18-los-ultimos-cuatro-anos\\\/#primaryimage\"},\"thumbnailUrl\":\"https:\\\/\\\/diariotextual.com\\\/inicio\\\/wp-content\\\/uploads\\\/2019\\\/09\\\/petroleopampa2019-1.jpg\",\"datePublished\":\"2019-09-24T20:17:45+00:00\",\"dateModified\":\"2019-09-25T13:53:53+00:00\",\"breadcrumb\":{\"@id\":\"https:\\\/\\\/diariotextual.com\\\/inicio\\\/index.php\\\/2019\\\/09\\\/24\\\/pampetrol-sumo-otra-area-petrolera-ya-18-los-ultimos-cuatro-anos\\\/#breadcrumb\"},\"inLanguage\":\"es\",\"potentialAction\":[{\"@type\":\"ReadAction\",\"target\":[\"https:\\\/\\\/diariotextual.com\\\/inicio\\\/index.php\\\/2019\\\/09\\\/24\\\/pampetrol-sumo-otra-area-petrolera-ya-18-los-ultimos-cuatro-anos\\\/\"]}]},{\"@type\":\"ImageObject\",\"inLanguage\":\"es\",\"@id\":\"https:\\\/\\\/diariotextual.com\\\/inicio\\\/index.php\\\/2019\\\/09\\\/24\\\/pampetrol-sumo-otra-area-petrolera-ya-18-los-ultimos-cuatro-anos\\\/#primaryimage\",\"url\":\"https:\\\/\\\/diariotextual.com\\\/inicio\\\/wp-content\\\/uploads\\\/2019\\\/09\\\/petroleopampa2019-1.jpg\",\"contentUrl\":\"https:\\\/\\\/diariotextual.com\\\/inicio\\\/wp-content\\\/uploads\\\/2019\\\/09\\\/petroleopampa2019-1.jpg\",\"width\":956,\"height\":680},{\"@type\":\"BreadcrumbList\",\"@id\":\"https:\\\/\\\/diariotextual.com\\\/inicio\\\/index.php\\\/2019\\\/09\\\/24\\\/pampetrol-sumo-otra-area-petrolera-ya-18-los-ultimos-cuatro-anos\\\/#breadcrumb\",\"itemListElement\":[{\"@type\":\"ListItem\",\"position\":1,\"name\":\"Portada\",\"item\":\"https:\\\/\\\/diariotextual.com\\\/inicio\\\/\"},{\"@type\":\"ListItem\",\"position\":2,\"name\":\"Pampetrol sum\u00f3 otra \u00e1rea petrolera y ya son 18 en los \u00faltimos cuatro a\u00f1os\"}]},{\"@type\":\"WebSite\",\"@id\":\"https:\\\/\\\/diariotextual.com\\\/inicio\\\/#website\",\"url\":\"https:\\\/\\\/diariotextual.com\\\/inicio\\\/\",\"name\":\"Diario Textual\",\"description\":\"\",\"publisher\":{\"@id\":\"https:\\\/\\\/diariotextual.com\\\/inicio\\\/#organization\"},\"potentialAction\":[{\"@type\":\"SearchAction\",\"target\":{\"@type\":\"EntryPoint\",\"urlTemplate\":\"https:\\\/\\\/diariotextual.com\\\/inicio\\\/?s={search_term_string}\"},\"query-input\":{\"@type\":\"PropertyValueSpecification\",\"valueRequired\":true,\"valueName\":\"search_term_string\"}}],\"inLanguage\":\"es\"},{\"@type\":\"Organization\",\"@id\":\"https:\\\/\\\/diariotextual.com\\\/inicio\\\/#organization\",\"name\":\"Diario Textual\",\"url\":\"https:\\\/\\\/diariotextual.com\\\/inicio\\\/\",\"logo\":{\"@type\":\"ImageObject\",\"inLanguage\":\"es\",\"@id\":\"https:\\\/\\\/diariotextual.com\\\/inicio\\\/#\\\/schema\\\/logo\\\/image\\\/\",\"url\":\"https:\\\/\\\/diariotextual.com\\\/inicio\\\/wp-content\\\/uploads\\\/2023\\\/05\\\/logotextual1.jpg\",\"contentUrl\":\"https:\\\/\\\/diariotextual.com\\\/inicio\\\/wp-content\\\/uploads\\\/2023\\\/05\\\/logotextual1.jpg\",\"width\":516,\"height\":76,\"caption\":\"Diario Textual\"},\"image\":{\"@id\":\"https:\\\/\\\/diariotextual.com\\\/inicio\\\/#\\\/schema\\\/logo\\\/image\\\/\"},\"sameAs\":[\"https:\\\/\\\/www.facebook.com\\\/eltextual\",\"https:\\\/\\\/x.com\\\/eltextual\",\"http:\\\/\\\/www.instagram.com\\\/eltextual\"]},{\"@type\":\"Person\",\"@id\":\"https:\\\/\\\/diariotextual.com\\\/inicio\\\/#\\\/schema\\\/person\\\/418fc4093c33e86ed41562db3508f958\",\"name\":\"Diario1 Diario1\",\"image\":{\"@type\":\"ImageObject\",\"inLanguage\":\"es\",\"@id\":\"https:\\\/\\\/secure.gravatar.com\\\/avatar\\\/9167d280179c85bc18be67aa7eda765854300033af4896dd779b608640f2ef7a?s=96&d=mm&r=g\",\"url\":\"https:\\\/\\\/secure.gravatar.com\\\/avatar\\\/9167d280179c85bc18be67aa7eda765854300033af4896dd779b608640f2ef7a?s=96&d=mm&r=g\",\"contentUrl\":\"https:\\\/\\\/secure.gravatar.com\\\/avatar\\\/9167d280179c85bc18be67aa7eda765854300033af4896dd779b608640f2ef7a?s=96&d=mm&r=g\",\"caption\":\"Diario1 Diario1\"},\"url\":\"https:\\\/\\\/diariotextual.com\\\/inicio\\\/index.php\\\/author\\\/diario1\\\/\"}]}<\/script>\n<!-- \/ Yoast SEO plugin. -->","yoast_head_json":{"title":"Pampetrol sum\u00f3 otra \u00e1rea petrolera y ya son 18 en los \u00faltimos cuatro a\u00f1os - Diario Textual","robots":{"index":"index","follow":"follow","max-snippet":"max-snippet:-1","max-image-preview":"max-image-preview:large","max-video-preview":"max-video-preview:-1"},"canonical":"https:\/\/diariotextual.com\/inicio\/index.php\/2019\/09\/24\/pampetrol-sumo-otra-area-petrolera-ya-18-los-ultimos-cuatro-anos\/","og_locale":"es_ES","og_type":"article","og_title":"Pampetrol sum\u00f3 otra \u00e1rea petrolera y ya son 18 en los \u00faltimos cuatro a\u00f1os - Diario Textual","og_description":"El Estado provincial transferir\u00e1 a la empresa estatal Pampetrol otra \u00e1rea hidrocarbur\u00edfera:\u00a0Gobernador Ayala II, que no se encuentra en producci\u00f3n desde 2011. El subsecretario de Hidrocarburos y Miner\u00eda de la&hellip;","og_url":"https:\/\/diariotextual.com\/inicio\/index.php\/2019\/09\/24\/pampetrol-sumo-otra-area-petrolera-ya-18-los-ultimos-cuatro-anos\/","og_site_name":"Diario Textual","article_publisher":"https:\/\/www.facebook.com\/eltextual","article_published_time":"2019-09-24T20:17:45+00:00","article_modified_time":"2019-09-25T13:53:53+00:00","og_image":[{"width":956,"height":680,"url":"https:\/\/diariotextual.com\/inicio\/wp-content\/uploads\/2019\/09\/petroleopampa2019-1.jpg","type":"image\/jpeg"}],"author":"Diario1 Diario1","twitter_card":"summary_large_image","twitter_creator":"@eltextual","twitter_site":"@eltextual","twitter_misc":{"Escrito por":"Diario1 Diario1","Tiempo de lectura":"2 minutos"},"schema":{"@context":"https:\/\/schema.org","@graph":[{"@type":"Article","@id":"https:\/\/diariotextual.com\/inicio\/index.php\/2019\/09\/24\/pampetrol-sumo-otra-area-petrolera-ya-18-los-ultimos-cuatro-anos\/#article","isPartOf":{"@id":"https:\/\/diariotextual.com\/inicio\/index.php\/2019\/09\/24\/pampetrol-sumo-otra-area-petrolera-ya-18-los-ultimos-cuatro-anos\/"},"author":{"name":"Diario1 Diario1","@id":"https:\/\/diariotextual.com\/inicio\/#\/schema\/person\/418fc4093c33e86ed41562db3508f958"},"headline":"Pampetrol sum\u00f3 otra \u00e1rea petrolera y ya son 18 en los \u00faltimos cuatro a\u00f1os","datePublished":"2019-09-24T20:17:45+00:00","dateModified":"2019-09-25T13:53:53+00:00","mainEntityOfPage":{"@id":"https:\/\/diariotextual.com\/inicio\/index.php\/2019\/09\/24\/pampetrol-sumo-otra-area-petrolera-ya-18-los-ultimos-cuatro-anos\/"},"wordCount":446,"publisher":{"@id":"https:\/\/diariotextual.com\/inicio\/#organization"},"image":{"@id":"https:\/\/diariotextual.com\/inicio\/index.php\/2019\/09\/24\/pampetrol-sumo-otra-area-petrolera-ya-18-los-ultimos-cuatro-anos\/#primaryimage"},"thumbnailUrl":"https:\/\/diariotextual.com\/inicio\/wp-content\/uploads\/2019\/09\/petroleopampa2019-1.jpg","keywords":["petroleo"],"articleSection":["A - TEMPORALES","ECONOMIA"],"inLanguage":"es"},{"@type":"WebPage","@id":"https:\/\/diariotextual.com\/inicio\/index.php\/2019\/09\/24\/pampetrol-sumo-otra-area-petrolera-ya-18-los-ultimos-cuatro-anos\/","url":"https:\/\/diariotextual.com\/inicio\/index.php\/2019\/09\/24\/pampetrol-sumo-otra-area-petrolera-ya-18-los-ultimos-cuatro-anos\/","name":"Pampetrol sum\u00f3 otra \u00e1rea petrolera y ya son 18 en los \u00faltimos cuatro a\u00f1os - Diario Textual","isPartOf":{"@id":"https:\/\/diariotextual.com\/inicio\/#website"},"primaryImageOfPage":{"@id":"https:\/\/diariotextual.com\/inicio\/index.php\/2019\/09\/24\/pampetrol-sumo-otra-area-petrolera-ya-18-los-ultimos-cuatro-anos\/#primaryimage"},"image":{"@id":"https:\/\/diariotextual.com\/inicio\/index.php\/2019\/09\/24\/pampetrol-sumo-otra-area-petrolera-ya-18-los-ultimos-cuatro-anos\/#primaryimage"},"thumbnailUrl":"https:\/\/diariotextual.com\/inicio\/wp-content\/uploads\/2019\/09\/petroleopampa2019-1.jpg","datePublished":"2019-09-24T20:17:45+00:00","dateModified":"2019-09-25T13:53:53+00:00","breadcrumb":{"@id":"https:\/\/diariotextual.com\/inicio\/index.php\/2019\/09\/24\/pampetrol-sumo-otra-area-petrolera-ya-18-los-ultimos-cuatro-anos\/#breadcrumb"},"inLanguage":"es","potentialAction":[{"@type":"ReadAction","target":["https:\/\/diariotextual.com\/inicio\/index.php\/2019\/09\/24\/pampetrol-sumo-otra-area-petrolera-ya-18-los-ultimos-cuatro-anos\/"]}]},{"@type":"ImageObject","inLanguage":"es","@id":"https:\/\/diariotextual.com\/inicio\/index.php\/2019\/09\/24\/pampetrol-sumo-otra-area-petrolera-ya-18-los-ultimos-cuatro-anos\/#primaryimage","url":"https:\/\/diariotextual.com\/inicio\/wp-content\/uploads\/2019\/09\/petroleopampa2019-1.jpg","contentUrl":"https:\/\/diariotextual.com\/inicio\/wp-content\/uploads\/2019\/09\/petroleopampa2019-1.jpg","width":956,"height":680},{"@type":"BreadcrumbList","@id":"https:\/\/diariotextual.com\/inicio\/index.php\/2019\/09\/24\/pampetrol-sumo-otra-area-petrolera-ya-18-los-ultimos-cuatro-anos\/#breadcrumb","itemListElement":[{"@type":"ListItem","position":1,"name":"Portada","item":"https:\/\/diariotextual.com\/inicio\/"},{"@type":"ListItem","position":2,"name":"Pampetrol sum\u00f3 otra \u00e1rea petrolera y ya son 18 en los \u00faltimos cuatro a\u00f1os"}]},{"@type":"WebSite","@id":"https:\/\/diariotextual.com\/inicio\/#website","url":"https:\/\/diariotextual.com\/inicio\/","name":"Diario Textual","description":"","publisher":{"@id":"https:\/\/diariotextual.com\/inicio\/#organization"},"potentialAction":[{"@type":"SearchAction","target":{"@type":"EntryPoint","urlTemplate":"https:\/\/diariotextual.com\/inicio\/?s={search_term_string}"},"query-input":{"@type":"PropertyValueSpecification","valueRequired":true,"valueName":"search_term_string"}}],"inLanguage":"es"},{"@type":"Organization","@id":"https:\/\/diariotextual.com\/inicio\/#organization","name":"Diario Textual","url":"https:\/\/diariotextual.com\/inicio\/","logo":{"@type":"ImageObject","inLanguage":"es","@id":"https:\/\/diariotextual.com\/inicio\/#\/schema\/logo\/image\/","url":"https:\/\/diariotextual.com\/inicio\/wp-content\/uploads\/2023\/05\/logotextual1.jpg","contentUrl":"https:\/\/diariotextual.com\/inicio\/wp-content\/uploads\/2023\/05\/logotextual1.jpg","width":516,"height":76,"caption":"Diario Textual"},"image":{"@id":"https:\/\/diariotextual.com\/inicio\/#\/schema\/logo\/image\/"},"sameAs":["https:\/\/www.facebook.com\/eltextual","https:\/\/x.com\/eltextual","http:\/\/www.instagram.com\/eltextual"]},{"@type":"Person","@id":"https:\/\/diariotextual.com\/inicio\/#\/schema\/person\/418fc4093c33e86ed41562db3508f958","name":"Diario1 Diario1","image":{"@type":"ImageObject","inLanguage":"es","@id":"https:\/\/secure.gravatar.com\/avatar\/9167d280179c85bc18be67aa7eda765854300033af4896dd779b608640f2ef7a?s=96&d=mm&r=g","url":"https:\/\/secure.gravatar.com\/avatar\/9167d280179c85bc18be67aa7eda765854300033af4896dd779b608640f2ef7a?s=96&d=mm&r=g","contentUrl":"https:\/\/secure.gravatar.com\/avatar\/9167d280179c85bc18be67aa7eda765854300033af4896dd779b608640f2ef7a?s=96&d=mm&r=g","caption":"Diario1 Diario1"},"url":"https:\/\/diariotextual.com\/inicio\/index.php\/author\/diario1\/"}]}},"_links":{"self":[{"href":"https:\/\/diariotextual.com\/inicio\/index.php\/wp-json\/wp\/v2\/posts\/63658","targetHints":{"allow":["GET"]}}],"collection":[{"href":"https:\/\/diariotextual.com\/inicio\/index.php\/wp-json\/wp\/v2\/posts"}],"about":[{"href":"https:\/\/diariotextual.com\/inicio\/index.php\/wp-json\/wp\/v2\/types\/post"}],"author":[{"embeddable":true,"href":"https:\/\/diariotextual.com\/inicio\/index.php\/wp-json\/wp\/v2\/users\/3"}],"replies":[{"embeddable":true,"href":"https:\/\/diariotextual.com\/inicio\/index.php\/wp-json\/wp\/v2\/comments?post=63658"}],"version-history":[{"count":3,"href":"https:\/\/diariotextual.com\/inicio\/index.php\/wp-json\/wp\/v2\/posts\/63658\/revisions"}],"predecessor-version":[{"id":63662,"href":"https:\/\/diariotextual.com\/inicio\/index.php\/wp-json\/wp\/v2\/posts\/63658\/revisions\/63662"}],"wp:featuredmedia":[{"embeddable":true,"href":"https:\/\/diariotextual.com\/inicio\/index.php\/wp-json\/wp\/v2\/media\/63661"}],"wp:attachment":[{"href":"https:\/\/diariotextual.com\/inicio\/index.php\/wp-json\/wp\/v2\/media?parent=63658"}],"wp:term":[{"taxonomy":"category","embeddable":true,"href":"https:\/\/diariotextual.com\/inicio\/index.php\/wp-json\/wp\/v2\/categories?post=63658"},{"taxonomy":"post_tag","embeddable":true,"href":"https:\/\/diariotextual.com\/inicio\/index.php\/wp-json\/wp\/v2\/tags?post=63658"}],"curies":[{"name":"wp","href":"https:\/\/api.w.org\/{rel}","templated":true}]}}