{"id":63663,"date":"2019-09-24T17:25:32","date_gmt":"2019-09-24T20:25:32","guid":{"rendered":"http:\/\/diariotextual.com\/inicio\/?p=63663"},"modified":"2019-09-25T09:53:10","modified_gmt":"2019-09-25T12:53:10","slug":"diputados-radicales-piden-se-declare-la-emergencia-la-sequia-la-provincia","status":"publish","type":"post","link":"https:\/\/diariotextual.com\/inicio\/index.php\/2019\/09\/24\/diputados-radicales-piden-se-declare-la-emergencia-la-sequia-la-provincia\/","title":{"rendered":"Diputados radicales piden que se declare la emergencia por la sequ\u00eda en la provincia"},"content":{"rendered":"<p>Lo piden asociaciones rurales y ahora, tambi\u00e9n, diputados opositores. Los legisladores\u00a0<strong>Ricardo Consiglio, Macela Coli, Patricia Testa<\/strong> y<strong> Carlos Bruno<\/strong> reclamaron, a trav\u00e9s de un proyecto presentado en la Legislatura, que se convoque <strong>\u201cde manera urgente\u201d a la Comisi\u00f3n Provincial de Emergencia y Asistencia Agropecuaria<\/strong> y se declare la emergencia agropecuaria en los lotes afectados por <strong>la sequ\u00eda<\/strong>.<\/p>\n<p>El subsecretario de Asuntos Agrarios,\u00a0<strong>Alexis Benini<\/strong>, dijo a Diario Textual a principios de septiembre que estaban haciendo una evaluaci\u00f3n de las\u00a0<strong>im\u00e1genes satelitales<\/strong>\u00a0para decidir si el Gobierno convocab a la\u00a0<strong>Comisi\u00f3n de Emergencia Agropecuaria<\/strong>\u00a0a ra\u00edz de la situaci\u00f3n generada en algunos departamentos por la\u00a0<strong>falta de lluvias.<\/strong><\/p>\n<p><strong>En las zonas de Guatrach\u00e9, General Acha, Capital y Conhelo son los lugares donde m\u00e1s falta el agua.<\/strong><\/p>\n<p>Los legisladores dijeron que la precipitaci\u00f3n registrada en toda la provincia durante el per\u00edodo noviembre 2018 \u2013 marzo 2019 fue un 37% inferior al promedio hist\u00f3rico del mismo per\u00edodo entre 1900 2018.<\/p>\n<p>\u201cSe verific\u00f3 la presencia de un per\u00edodo seco generalizado durante los \u00faltimos dos meses, siendo m\u00e1s evidente en los departamentos del sudeste provincial, donde ya se registraron anomal\u00edas negativas desde hace 6 meses\u201d, dijeron.<\/p>\n<p>\u201cIncluso el periodo de sequ\u00eda sigue instalado en la regi\u00f3n, provocando un serio retraso en las fechas de siembra de cultivos de invierno, ya que la humedad presente en lo profundo del perfil no puede aprovecharse por lo extremadamente seco en superficie, que no permite la germinaci\u00f3n ni el desarrollo radicular de lo escasamente implantado hasta ahora\u201d, expresaron.<\/p>\n<p>&nbsp;<\/p>\n<p>&nbsp;<\/p>\n","protected":false},"excerpt":{"rendered":"<p>Lo piden asociaciones rurales y ahora, tambi\u00e9n, diputados opositores. Los legisladores\u00a0Ricardo Consiglio, Macela Coli, Patricia Testa y Carlos Bruno reclamaron, a trav\u00e9s de un proyecto presentado en la Legislatura, que&hellip;<\/p>\n","protected":false},"author":3,"featured_media":61503,"comment_status":"closed","ping_status":"open","sticky":false,"template":"","format":"standard","meta":{"_acf_changed":false,"footnotes":""},"categories":[319,20],"tags":[1152],"class_list":["post-63663","post","type-post","status-publish","format-standard","has-post-thumbnail","hentry","category-a-temporales","category-campo","tag-sequia"],"acf":[],"yoast_head":"<!-- This site is optimized with the Yoast SEO plugin v27.5 - https:\/\/yoast.com\/product\/yoast-seo-wordpress\/ -->\n<title>Diputados radicales piden que se declare la emergencia por la sequ\u00eda en la provincia - Diario Textual<\/title>\n<meta name=\"robots\" content=\"index, follow, max-snippet:-1, max-image-preview:large, max-video-preview:-1\" \/>\n<link rel=\"canonical\" href=\"https:\/\/diariotextual.com\/inicio\/index.php\/2019\/09\/24\/diputados-radicales-piden-se-declare-la-emergencia-la-sequia-la-provincia\/\" \/>\n<meta property=\"og:locale\" content=\"es_ES\" \/>\n<meta property=\"og:type\" content=\"article\" \/>\n<meta property=\"og:title\" content=\"Diputados radicales piden que se declare la emergencia por la sequ\u00eda en la provincia - Diario Textual\" \/>\n<meta property=\"og:description\" content=\"Lo piden asociaciones rurales y ahora, tambi\u00e9n, diputados opositores. Los legisladores\u00a0Ricardo Consiglio, Macela Coli, Patricia Testa y Carlos Bruno reclamaron, a trav\u00e9s de un proyecto presentado en la Legislatura, que&hellip;\" \/>\n<meta property=\"og:url\" content=\"https:\/\/diariotextual.com\/inicio\/index.php\/2019\/09\/24\/diputados-radicales-piden-se-declare-la-emergencia-la-sequia-la-provincia\/\" \/>\n<meta property=\"og:site_name\" content=\"Diario Textual\" \/>\n<meta property=\"article:publisher\" content=\"https:\/\/www.facebook.com\/eltextual\" \/>\n<meta property=\"article:published_time\" content=\"2019-09-24T20:25:32+00:00\" \/>\n<meta property=\"article:modified_time\" content=\"2019-09-25T12:53:10+00:00\" \/>\n<meta property=\"og:image\" content=\"https:\/\/diariotextual.com\/inicio\/wp-content\/uploads\/2019\/09\/campotranqueras21321.jpg\" \/>\n\t<meta property=\"og:image:width\" content=\"825\" \/>\n\t<meta property=\"og:image:height\" content=\"495\" \/>\n\t<meta property=\"og:image:type\" content=\"image\/jpeg\" \/>\n<meta name=\"author\" content=\"Diario1 Diario1\" \/>\n<meta name=\"twitter:card\" content=\"summary_large_image\" \/>\n<meta name=\"twitter:creator\" content=\"@eltextual\" \/>\n<meta name=\"twitter:site\" content=\"@eltextual\" \/>\n<meta name=\"twitter:label1\" content=\"Escrito por\" \/>\n\t<meta name=\"twitter:data1\" content=\"Diario1 Diario1\" \/>\n\t<meta name=\"twitter:label2\" content=\"Tiempo de lectura\" \/>\n\t<meta name=\"twitter:data2\" content=\"1 minuto\" \/>\n<script type=\"application\/ld+json\" class=\"yoast-schema-graph\">{\"@context\":\"https:\\\/\\\/schema.org\",\"@graph\":[{\"@type\":\"Article\",\"@id\":\"https:\\\/\\\/diariotextual.com\\\/inicio\\\/index.php\\\/2019\\\/09\\\/24\\\/diputados-radicales-piden-se-declare-la-emergencia-la-sequia-la-provincia\\\/#article\",\"isPartOf\":{\"@id\":\"https:\\\/\\\/diariotextual.com\\\/inicio\\\/index.php\\\/2019\\\/09\\\/24\\\/diputados-radicales-piden-se-declare-la-emergencia-la-sequia-la-provincia\\\/\"},\"author\":{\"name\":\"Diario1 Diario1\",\"@id\":\"https:\\\/\\\/diariotextual.com\\\/inicio\\\/#\\\/schema\\\/person\\\/418fc4093c33e86ed41562db3508f958\"},\"headline\":\"Diputados radicales piden que se declare la emergencia por la sequ\u00eda en la provincia\",\"datePublished\":\"2019-09-24T20:25:32+00:00\",\"dateModified\":\"2019-09-25T12:53:10+00:00\",\"mainEntityOfPage\":{\"@id\":\"https:\\\/\\\/diariotextual.com\\\/inicio\\\/index.php\\\/2019\\\/09\\\/24\\\/diputados-radicales-piden-se-declare-la-emergencia-la-sequia-la-provincia\\\/\"},\"wordCount\":280,\"publisher\":{\"@id\":\"https:\\\/\\\/diariotextual.com\\\/inicio\\\/#organization\"},\"image\":{\"@id\":\"https:\\\/\\\/diariotextual.com\\\/inicio\\\/index.php\\\/2019\\\/09\\\/24\\\/diputados-radicales-piden-se-declare-la-emergencia-la-sequia-la-provincia\\\/#primaryimage\"},\"thumbnailUrl\":\"https:\\\/\\\/diariotextual.com\\\/inicio\\\/wp-content\\\/uploads\\\/2019\\\/09\\\/campotranqueras21321.jpg\",\"keywords\":[\"sequ\u00eda\"],\"articleSection\":[\"A - TEMPORALES\",\"CAMPO\"],\"inLanguage\":\"es\"},{\"@type\":\"WebPage\",\"@id\":\"https:\\\/\\\/diariotextual.com\\\/inicio\\\/index.php\\\/2019\\\/09\\\/24\\\/diputados-radicales-piden-se-declare-la-emergencia-la-sequia-la-provincia\\\/\",\"url\":\"https:\\\/\\\/diariotextual.com\\\/inicio\\\/index.php\\\/2019\\\/09\\\/24\\\/diputados-radicales-piden-se-declare-la-emergencia-la-sequia-la-provincia\\\/\",\"name\":\"Diputados radicales piden que se declare la emergencia por la sequ\u00eda en la provincia - Diario Textual\",\"isPartOf\":{\"@id\":\"https:\\\/\\\/diariotextual.com\\\/inicio\\\/#website\"},\"primaryImageOfPage\":{\"@id\":\"https:\\\/\\\/diariotextual.com\\\/inicio\\\/index.php\\\/2019\\\/09\\\/24\\\/diputados-radicales-piden-se-declare-la-emergencia-la-sequia-la-provincia\\\/#primaryimage\"},\"image\":{\"@id\":\"https:\\\/\\\/diariotextual.com\\\/inicio\\\/index.php\\\/2019\\\/09\\\/24\\\/diputados-radicales-piden-se-declare-la-emergencia-la-sequia-la-provincia\\\/#primaryimage\"},\"thumbnailUrl\":\"https:\\\/\\\/diariotextual.com\\\/inicio\\\/wp-content\\\/uploads\\\/2019\\\/09\\\/campotranqueras21321.jpg\",\"datePublished\":\"2019-09-24T20:25:32+00:00\",\"dateModified\":\"2019-09-25T12:53:10+00:00\",\"breadcrumb\":{\"@id\":\"https:\\\/\\\/diariotextual.com\\\/inicio\\\/index.php\\\/2019\\\/09\\\/24\\\/diputados-radicales-piden-se-declare-la-emergencia-la-sequia-la-provincia\\\/#breadcrumb\"},\"inLanguage\":\"es\",\"potentialAction\":[{\"@type\":\"ReadAction\",\"target\":[\"https:\\\/\\\/diariotextual.com\\\/inicio\\\/index.php\\\/2019\\\/09\\\/24\\\/diputados-radicales-piden-se-declare-la-emergencia-la-sequia-la-provincia\\\/\"]}]},{\"@type\":\"ImageObject\",\"inLanguage\":\"es\",\"@id\":\"https:\\\/\\\/diariotextual.com\\\/inicio\\\/index.php\\\/2019\\\/09\\\/24\\\/diputados-radicales-piden-se-declare-la-emergencia-la-sequia-la-provincia\\\/#primaryimage\",\"url\":\"https:\\\/\\\/diariotextual.com\\\/inicio\\\/wp-content\\\/uploads\\\/2019\\\/09\\\/campotranqueras21321.jpg\",\"contentUrl\":\"https:\\\/\\\/diariotextual.com\\\/inicio\\\/wp-content\\\/uploads\\\/2019\\\/09\\\/campotranqueras21321.jpg\",\"width\":825,\"height\":495,\"caption\":\"?\"},{\"@type\":\"BreadcrumbList\",\"@id\":\"https:\\\/\\\/diariotextual.com\\\/inicio\\\/index.php\\\/2019\\\/09\\\/24\\\/diputados-radicales-piden-se-declare-la-emergencia-la-sequia-la-provincia\\\/#breadcrumb\",\"itemListElement\":[{\"@type\":\"ListItem\",\"position\":1,\"name\":\"Portada\",\"item\":\"https:\\\/\\\/diariotextual.com\\\/inicio\\\/\"},{\"@type\":\"ListItem\",\"position\":2,\"name\":\"Diputados radicales piden que se declare la emergencia por la sequ\u00eda en la provincia\"}]},{\"@type\":\"WebSite\",\"@id\":\"https:\\\/\\\/diariotextual.com\\\/inicio\\\/#website\",\"url\":\"https:\\\/\\\/diariotextual.com\\\/inicio\\\/\",\"name\":\"Diario Textual\",\"description\":\"\",\"publisher\":{\"@id\":\"https:\\\/\\\/diariotextual.com\\\/inicio\\\/#organization\"},\"potentialAction\":[{\"@type\":\"SearchAction\",\"target\":{\"@type\":\"EntryPoint\",\"urlTemplate\":\"https:\\\/\\\/diariotextual.com\\\/inicio\\\/?s={search_term_string}\"},\"query-input\":{\"@type\":\"PropertyValueSpecification\",\"valueRequired\":true,\"valueName\":\"search_term_string\"}}],\"inLanguage\":\"es\"},{\"@type\":\"Organization\",\"@id\":\"https:\\\/\\\/diariotextual.com\\\/inicio\\\/#organization\",\"name\":\"Diario Textual\",\"url\":\"https:\\\/\\\/diariotextual.com\\\/inicio\\\/\",\"logo\":{\"@type\":\"ImageObject\",\"inLanguage\":\"es\",\"@id\":\"https:\\\/\\\/diariotextual.com\\\/inicio\\\/#\\\/schema\\\/logo\\\/image\\\/\",\"url\":\"https:\\\/\\\/diariotextual.com\\\/inicio\\\/wp-content\\\/uploads\\\/2023\\\/05\\\/logotextual1.jpg\",\"contentUrl\":\"https:\\\/\\\/diariotextual.com\\\/inicio\\\/wp-content\\\/uploads\\\/2023\\\/05\\\/logotextual1.jpg\",\"width\":516,\"height\":76,\"caption\":\"Diario Textual\"},\"image\":{\"@id\":\"https:\\\/\\\/diariotextual.com\\\/inicio\\\/#\\\/schema\\\/logo\\\/image\\\/\"},\"sameAs\":[\"https:\\\/\\\/www.facebook.com\\\/eltextual\",\"https:\\\/\\\/x.com\\\/eltextual\",\"http:\\\/\\\/www.instagram.com\\\/eltextual\"]},{\"@type\":\"Person\",\"@id\":\"https:\\\/\\\/diariotextual.com\\\/inicio\\\/#\\\/schema\\\/person\\\/418fc4093c33e86ed41562db3508f958\",\"name\":\"Diario1 Diario1\",\"image\":{\"@type\":\"ImageObject\",\"inLanguage\":\"es\",\"@id\":\"https:\\\/\\\/secure.gravatar.com\\\/avatar\\\/9167d280179c85bc18be67aa7eda765854300033af4896dd779b608640f2ef7a?s=96&d=mm&r=g\",\"url\":\"https:\\\/\\\/secure.gravatar.com\\\/avatar\\\/9167d280179c85bc18be67aa7eda765854300033af4896dd779b608640f2ef7a?s=96&d=mm&r=g\",\"contentUrl\":\"https:\\\/\\\/secure.gravatar.com\\\/avatar\\\/9167d280179c85bc18be67aa7eda765854300033af4896dd779b608640f2ef7a?s=96&d=mm&r=g\",\"caption\":\"Diario1 Diario1\"},\"url\":\"https:\\\/\\\/diariotextual.com\\\/inicio\\\/index.php\\\/author\\\/diario1\\\/\"}]}<\/script>\n<!-- \/ Yoast SEO plugin. -->","yoast_head_json":{"title":"Diputados radicales piden que se declare la emergencia por la sequ\u00eda en la provincia - Diario Textual","robots":{"index":"index","follow":"follow","max-snippet":"max-snippet:-1","max-image-preview":"max-image-preview:large","max-video-preview":"max-video-preview:-1"},"canonical":"https:\/\/diariotextual.com\/inicio\/index.php\/2019\/09\/24\/diputados-radicales-piden-se-declare-la-emergencia-la-sequia-la-provincia\/","og_locale":"es_ES","og_type":"article","og_title":"Diputados radicales piden que se declare la emergencia por la sequ\u00eda en la provincia - Diario Textual","og_description":"Lo piden asociaciones rurales y ahora, tambi\u00e9n, diputados opositores. Los legisladores\u00a0Ricardo Consiglio, Macela Coli, Patricia Testa y Carlos Bruno reclamaron, a trav\u00e9s de un proyecto presentado en la Legislatura, que&hellip;","og_url":"https:\/\/diariotextual.com\/inicio\/index.php\/2019\/09\/24\/diputados-radicales-piden-se-declare-la-emergencia-la-sequia-la-provincia\/","og_site_name":"Diario Textual","article_publisher":"https:\/\/www.facebook.com\/eltextual","article_published_time":"2019-09-24T20:25:32+00:00","article_modified_time":"2019-09-25T12:53:10+00:00","og_image":[{"width":825,"height":495,"url":"https:\/\/diariotextual.com\/inicio\/wp-content\/uploads\/2019\/09\/campotranqueras21321.jpg","type":"image\/jpeg"}],"author":"Diario1 Diario1","twitter_card":"summary_large_image","twitter_creator":"@eltextual","twitter_site":"@eltextual","twitter_misc":{"Escrito por":"Diario1 Diario1","Tiempo de lectura":"1 minuto"},"schema":{"@context":"https:\/\/schema.org","@graph":[{"@type":"Article","@id":"https:\/\/diariotextual.com\/inicio\/index.php\/2019\/09\/24\/diputados-radicales-piden-se-declare-la-emergencia-la-sequia-la-provincia\/#article","isPartOf":{"@id":"https:\/\/diariotextual.com\/inicio\/index.php\/2019\/09\/24\/diputados-radicales-piden-se-declare-la-emergencia-la-sequia-la-provincia\/"},"author":{"name":"Diario1 Diario1","@id":"https:\/\/diariotextual.com\/inicio\/#\/schema\/person\/418fc4093c33e86ed41562db3508f958"},"headline":"Diputados radicales piden que se declare la emergencia por la sequ\u00eda en la provincia","datePublished":"2019-09-24T20:25:32+00:00","dateModified":"2019-09-25T12:53:10+00:00","mainEntityOfPage":{"@id":"https:\/\/diariotextual.com\/inicio\/index.php\/2019\/09\/24\/diputados-radicales-piden-se-declare-la-emergencia-la-sequia-la-provincia\/"},"wordCount":280,"publisher":{"@id":"https:\/\/diariotextual.com\/inicio\/#organization"},"image":{"@id":"https:\/\/diariotextual.com\/inicio\/index.php\/2019\/09\/24\/diputados-radicales-piden-se-declare-la-emergencia-la-sequia-la-provincia\/#primaryimage"},"thumbnailUrl":"https:\/\/diariotextual.com\/inicio\/wp-content\/uploads\/2019\/09\/campotranqueras21321.jpg","keywords":["sequ\u00eda"],"articleSection":["A - TEMPORALES","CAMPO"],"inLanguage":"es"},{"@type":"WebPage","@id":"https:\/\/diariotextual.com\/inicio\/index.php\/2019\/09\/24\/diputados-radicales-piden-se-declare-la-emergencia-la-sequia-la-provincia\/","url":"https:\/\/diariotextual.com\/inicio\/index.php\/2019\/09\/24\/diputados-radicales-piden-se-declare-la-emergencia-la-sequia-la-provincia\/","name":"Diputados radicales piden que se declare la emergencia por la sequ\u00eda en la provincia - Diario Textual","isPartOf":{"@id":"https:\/\/diariotextual.com\/inicio\/#website"},"primaryImageOfPage":{"@id":"https:\/\/diariotextual.com\/inicio\/index.php\/2019\/09\/24\/diputados-radicales-piden-se-declare-la-emergencia-la-sequia-la-provincia\/#primaryimage"},"image":{"@id":"https:\/\/diariotextual.com\/inicio\/index.php\/2019\/09\/24\/diputados-radicales-piden-se-declare-la-emergencia-la-sequia-la-provincia\/#primaryimage"},"thumbnailUrl":"https:\/\/diariotextual.com\/inicio\/wp-content\/uploads\/2019\/09\/campotranqueras21321.jpg","datePublished":"2019-09-24T20:25:32+00:00","dateModified":"2019-09-25T12:53:10+00:00","breadcrumb":{"@id":"https:\/\/diariotextual.com\/inicio\/index.php\/2019\/09\/24\/diputados-radicales-piden-se-declare-la-emergencia-la-sequia-la-provincia\/#breadcrumb"},"inLanguage":"es","potentialAction":[{"@type":"ReadAction","target":["https:\/\/diariotextual.com\/inicio\/index.php\/2019\/09\/24\/diputados-radicales-piden-se-declare-la-emergencia-la-sequia-la-provincia\/"]}]},{"@type":"ImageObject","inLanguage":"es","@id":"https:\/\/diariotextual.com\/inicio\/index.php\/2019\/09\/24\/diputados-radicales-piden-se-declare-la-emergencia-la-sequia-la-provincia\/#primaryimage","url":"https:\/\/diariotextual.com\/inicio\/wp-content\/uploads\/2019\/09\/campotranqueras21321.jpg","contentUrl":"https:\/\/diariotextual.com\/inicio\/wp-content\/uploads\/2019\/09\/campotranqueras21321.jpg","width":825,"height":495,"caption":"?"},{"@type":"BreadcrumbList","@id":"https:\/\/diariotextual.com\/inicio\/index.php\/2019\/09\/24\/diputados-radicales-piden-se-declare-la-emergencia-la-sequia-la-provincia\/#breadcrumb","itemListElement":[{"@type":"ListItem","position":1,"name":"Portada","item":"https:\/\/diariotextual.com\/inicio\/"},{"@type":"ListItem","position":2,"name":"Diputados radicales piden que se declare la emergencia por la sequ\u00eda en la provincia"}]},{"@type":"WebSite","@id":"https:\/\/diariotextual.com\/inicio\/#website","url":"https:\/\/diariotextual.com\/inicio\/","name":"Diario Textual","description":"","publisher":{"@id":"https:\/\/diariotextual.com\/inicio\/#organization"},"potentialAction":[{"@type":"SearchAction","target":{"@type":"EntryPoint","urlTemplate":"https:\/\/diariotextual.com\/inicio\/?s={search_term_string}"},"query-input":{"@type":"PropertyValueSpecification","valueRequired":true,"valueName":"search_term_string"}}],"inLanguage":"es"},{"@type":"Organization","@id":"https:\/\/diariotextual.com\/inicio\/#organization","name":"Diario Textual","url":"https:\/\/diariotextual.com\/inicio\/","logo":{"@type":"ImageObject","inLanguage":"es","@id":"https:\/\/diariotextual.com\/inicio\/#\/schema\/logo\/image\/","url":"https:\/\/diariotextual.com\/inicio\/wp-content\/uploads\/2023\/05\/logotextual1.jpg","contentUrl":"https:\/\/diariotextual.com\/inicio\/wp-content\/uploads\/2023\/05\/logotextual1.jpg","width":516,"height":76,"caption":"Diario Textual"},"image":{"@id":"https:\/\/diariotextual.com\/inicio\/#\/schema\/logo\/image\/"},"sameAs":["https:\/\/www.facebook.com\/eltextual","https:\/\/x.com\/eltextual","http:\/\/www.instagram.com\/eltextual"]},{"@type":"Person","@id":"https:\/\/diariotextual.com\/inicio\/#\/schema\/person\/418fc4093c33e86ed41562db3508f958","name":"Diario1 Diario1","image":{"@type":"ImageObject","inLanguage":"es","@id":"https:\/\/secure.gravatar.com\/avatar\/9167d280179c85bc18be67aa7eda765854300033af4896dd779b608640f2ef7a?s=96&d=mm&r=g","url":"https:\/\/secure.gravatar.com\/avatar\/9167d280179c85bc18be67aa7eda765854300033af4896dd779b608640f2ef7a?s=96&d=mm&r=g","contentUrl":"https:\/\/secure.gravatar.com\/avatar\/9167d280179c85bc18be67aa7eda765854300033af4896dd779b608640f2ef7a?s=96&d=mm&r=g","caption":"Diario1 Diario1"},"url":"https:\/\/diariotextual.com\/inicio\/index.php\/author\/diario1\/"}]}},"_links":{"self":[{"href":"https:\/\/diariotextual.com\/inicio\/index.php\/wp-json\/wp\/v2\/posts\/63663","targetHints":{"allow":["GET"]}}],"collection":[{"href":"https:\/\/diariotextual.com\/inicio\/index.php\/wp-json\/wp\/v2\/posts"}],"about":[{"href":"https:\/\/diariotextual.com\/inicio\/index.php\/wp-json\/wp\/v2\/types\/post"}],"author":[{"embeddable":true,"href":"https:\/\/diariotextual.com\/inicio\/index.php\/wp-json\/wp\/v2\/users\/3"}],"replies":[{"embeddable":true,"href":"https:\/\/diariotextual.com\/inicio\/index.php\/wp-json\/wp\/v2\/comments?post=63663"}],"version-history":[{"count":4,"href":"https:\/\/diariotextual.com\/inicio\/index.php\/wp-json\/wp\/v2\/posts\/63663\/revisions"}],"predecessor-version":[{"id":63668,"href":"https:\/\/diariotextual.com\/inicio\/index.php\/wp-json\/wp\/v2\/posts\/63663\/revisions\/63668"}],"wp:featuredmedia":[{"embeddable":true,"href":"https:\/\/diariotextual.com\/inicio\/index.php\/wp-json\/wp\/v2\/media\/61503"}],"wp:attachment":[{"href":"https:\/\/diariotextual.com\/inicio\/index.php\/wp-json\/wp\/v2\/media?parent=63663"}],"wp:term":[{"taxonomy":"category","embeddable":true,"href":"https:\/\/diariotextual.com\/inicio\/index.php\/wp-json\/wp\/v2\/categories?post=63663"},{"taxonomy":"post_tag","embeddable":true,"href":"https:\/\/diariotextual.com\/inicio\/index.php\/wp-json\/wp\/v2\/tags?post=63663"}],"curies":[{"name":"wp","href":"https:\/\/api.w.org\/{rel}","templated":true}]}}