{"id":63686,"date":"2019-09-25T08:12:21","date_gmt":"2019-09-25T11:12:21","guid":{"rendered":"http:\/\/diariotextual.com\/inicio\/?p=63686"},"modified":"2019-09-25T13:20:49","modified_gmt":"2019-09-25T16:20:49","slug":"pico-la-capital-alternativa-elegida-alberto-fernandez","status":"publish","type":"post","link":"https:\/\/diariotextual.com\/inicio\/index.php\/2019\/09\/25\/pico-la-capital-alternativa-elegida-alberto-fernandez\/","title":{"rendered":"Pico, la \u00abcapital alternativa\u00bb elegida por Alberto Fern\u00e1ndez"},"content":{"rendered":"<p>El aspirante presidencial por el Frente de Todos,<strong> Alberto Fern\u00e1ndez<\/strong>, propuso este martes <strong>\u00abcrear en cada provincia una capital alterna\u00bb<\/strong> de la Argentina. \u00abVamos a sacar a Dios de Buenos Aires y que empiece a circular por todo el pa\u00eds\u00bb, dijo. En La Pampa, se piensan instalar en Pico, seg\u00fan se difundi\u00f3.<\/p>\n<p>\u00abLa idea global de este proyecto, que simplemente se trata de reglamentar lo que la Constituci\u00f3n Nacional ordena y que incomprensiblemente no hemos hecho, es crear en cada provincia una capital alterna de la Argentina y obligar al Gobierno nacional, una vez al mes, a instalarse en esa provincia para conocer in situ los problemas de la provincia\u00bb, detall\u00f3.<\/p>\n<p>En dirigente kirchnerista hizo estas declaraciones durante un acto en Mendoza, en el que estuvo acompa\u00f1ado por distintos gobernadores peronistas como Omar Perotti (Santa Fe); Gustavo Bordet (Entre R\u00edos); Sergio U\u00f1ac (San Juan), entre otros.<\/p>\n<p>All\u00ed, revel\u00f3 que hizo propia una idea del fallecido exgobernador cordob\u00e9s Jos\u00e9 Manuel De la Sota para \u00abcambiar la estructura\u00bb de desarrollo del pa\u00eds. \u00abEra la idea de la Argentina tenga una Capital Federal, que es la Ciudad de Buenos Aires, pero que tenga otras capitales alternas\u00bb, sostuvo. \u00abSi nosotros no cambiamos la estructura de desarrollo de la Argentina no vamos a ser nunca otra Argentina. Si seguimos haciendo las mismas cosas, indefectiblemente vamos a seguir teniendo los mismos resultados\u00bb, plante\u00f3.<\/p>\n<p>&nbsp;<\/p>\n<p>&nbsp;<\/p>\n","protected":false},"excerpt":{"rendered":"<p>El aspirante presidencial por el Frente de Todos, Alberto Fern\u00e1ndez, propuso este martes \u00abcrear en cada provincia una capital alterna\u00bb de la Argentina. \u00abVamos a sacar a Dios de Buenos&hellip;<\/p>\n","protected":false},"author":3,"featured_media":63687,"comment_status":"closed","ping_status":"open","sticky":false,"template":"","format":"standard","meta":{"_acf_changed":false,"footnotes":""},"categories":[11,319,8],"tags":[],"class_list":["post-63686","post","type-post","status-publish","format-standard","has-post-thumbnail","hentry","category-que-pasa","category-a-temporales","category-politica"],"acf":[],"yoast_head":"<!-- This site is optimized with the Yoast SEO plugin v27.5 - https:\/\/yoast.com\/product\/yoast-seo-wordpress\/ -->\n<title>Pico, la &quot;capital alternativa&quot; elegida por Alberto Fern\u00e1ndez - Diario Textual<\/title>\n<meta name=\"robots\" content=\"index, follow, max-snippet:-1, max-image-preview:large, max-video-preview:-1\" \/>\n<link rel=\"canonical\" href=\"https:\/\/diariotextual.com\/inicio\/index.php\/2019\/09\/25\/pico-la-capital-alternativa-elegida-alberto-fernandez\/\" \/>\n<meta property=\"og:locale\" content=\"es_ES\" \/>\n<meta property=\"og:type\" content=\"article\" \/>\n<meta property=\"og:title\" content=\"Pico, la &quot;capital alternativa&quot; elegida por Alberto Fern\u00e1ndez - Diario Textual\" \/>\n<meta property=\"og:description\" content=\"El aspirante presidencial por el Frente de Todos, Alberto Fern\u00e1ndez, propuso este martes \u00abcrear en cada provincia una capital alterna\u00bb de la Argentina. \u00abVamos a sacar a Dios de Buenos&hellip;\" \/>\n<meta property=\"og:url\" content=\"https:\/\/diariotextual.com\/inicio\/index.php\/2019\/09\/25\/pico-la-capital-alternativa-elegida-alberto-fernandez\/\" \/>\n<meta property=\"og:site_name\" content=\"Diario Textual\" \/>\n<meta property=\"article:publisher\" content=\"https:\/\/www.facebook.com\/eltextual\" \/>\n<meta property=\"article:published_time\" content=\"2019-09-25T11:12:21+00:00\" \/>\n<meta property=\"article:modified_time\" content=\"2019-09-25T16:20:49+00:00\" \/>\n<meta property=\"og:image\" content=\"https:\/\/diariotextual.com\/inicio\/wp-content\/uploads\/2019\/09\/capitalesalternativasfrentedetodos1.jpg\" \/>\n\t<meta property=\"og:image:width\" content=\"800\" \/>\n\t<meta property=\"og:image:height\" content=\"448\" \/>\n\t<meta property=\"og:image:type\" content=\"image\/jpeg\" \/>\n<meta name=\"author\" content=\"Diario1 Diario1\" \/>\n<meta name=\"twitter:card\" content=\"summary_large_image\" \/>\n<meta name=\"twitter:creator\" content=\"@eltextual\" \/>\n<meta name=\"twitter:site\" content=\"@eltextual\" \/>\n<meta name=\"twitter:label1\" content=\"Escrito por\" \/>\n\t<meta name=\"twitter:data1\" content=\"Diario1 Diario1\" \/>\n\t<meta name=\"twitter:label2\" content=\"Tiempo de lectura\" \/>\n\t<meta name=\"twitter:data2\" content=\"1 minuto\" \/>\n<script type=\"application\/ld+json\" class=\"yoast-schema-graph\">{\"@context\":\"https:\\\/\\\/schema.org\",\"@graph\":[{\"@type\":\"Article\",\"@id\":\"https:\\\/\\\/diariotextual.com\\\/inicio\\\/index.php\\\/2019\\\/09\\\/25\\\/pico-la-capital-alternativa-elegida-alberto-fernandez\\\/#article\",\"isPartOf\":{\"@id\":\"https:\\\/\\\/diariotextual.com\\\/inicio\\\/index.php\\\/2019\\\/09\\\/25\\\/pico-la-capital-alternativa-elegida-alberto-fernandez\\\/\"},\"author\":{\"name\":\"Diario1 Diario1\",\"@id\":\"https:\\\/\\\/diariotextual.com\\\/inicio\\\/#\\\/schema\\\/person\\\/418fc4093c33e86ed41562db3508f958\"},\"headline\":\"Pico, la \u00abcapital alternativa\u00bb elegida por Alberto Fern\u00e1ndez\",\"datePublished\":\"2019-09-25T11:12:21+00:00\",\"dateModified\":\"2019-09-25T16:20:49+00:00\",\"mainEntityOfPage\":{\"@id\":\"https:\\\/\\\/diariotextual.com\\\/inicio\\\/index.php\\\/2019\\\/09\\\/25\\\/pico-la-capital-alternativa-elegida-alberto-fernandez\\\/\"},\"wordCount\":247,\"publisher\":{\"@id\":\"https:\\\/\\\/diariotextual.com\\\/inicio\\\/#organization\"},\"image\":{\"@id\":\"https:\\\/\\\/diariotextual.com\\\/inicio\\\/index.php\\\/2019\\\/09\\\/25\\\/pico-la-capital-alternativa-elegida-alberto-fernandez\\\/#primaryimage\"},\"thumbnailUrl\":\"https:\\\/\\\/diariotextual.com\\\/inicio\\\/wp-content\\\/uploads\\\/2019\\\/09\\\/capitalesalternativasfrentedetodos1.jpg\",\"articleSection\":[\"A - QUE PASA (al costado)\",\"A - TEMPORALES\",\"POLITICA\"],\"inLanguage\":\"es\"},{\"@type\":\"WebPage\",\"@id\":\"https:\\\/\\\/diariotextual.com\\\/inicio\\\/index.php\\\/2019\\\/09\\\/25\\\/pico-la-capital-alternativa-elegida-alberto-fernandez\\\/\",\"url\":\"https:\\\/\\\/diariotextual.com\\\/inicio\\\/index.php\\\/2019\\\/09\\\/25\\\/pico-la-capital-alternativa-elegida-alberto-fernandez\\\/\",\"name\":\"Pico, la \\\"capital alternativa\\\" elegida por Alberto Fern\u00e1ndez - Diario Textual\",\"isPartOf\":{\"@id\":\"https:\\\/\\\/diariotextual.com\\\/inicio\\\/#website\"},\"primaryImageOfPage\":{\"@id\":\"https:\\\/\\\/diariotextual.com\\\/inicio\\\/index.php\\\/2019\\\/09\\\/25\\\/pico-la-capital-alternativa-elegida-alberto-fernandez\\\/#primaryimage\"},\"image\":{\"@id\":\"https:\\\/\\\/diariotextual.com\\\/inicio\\\/index.php\\\/2019\\\/09\\\/25\\\/pico-la-capital-alternativa-elegida-alberto-fernandez\\\/#primaryimage\"},\"thumbnailUrl\":\"https:\\\/\\\/diariotextual.com\\\/inicio\\\/wp-content\\\/uploads\\\/2019\\\/09\\\/capitalesalternativasfrentedetodos1.jpg\",\"datePublished\":\"2019-09-25T11:12:21+00:00\",\"dateModified\":\"2019-09-25T16:20:49+00:00\",\"breadcrumb\":{\"@id\":\"https:\\\/\\\/diariotextual.com\\\/inicio\\\/index.php\\\/2019\\\/09\\\/25\\\/pico-la-capital-alternativa-elegida-alberto-fernandez\\\/#breadcrumb\"},\"inLanguage\":\"es\",\"potentialAction\":[{\"@type\":\"ReadAction\",\"target\":[\"https:\\\/\\\/diariotextual.com\\\/inicio\\\/index.php\\\/2019\\\/09\\\/25\\\/pico-la-capital-alternativa-elegida-alberto-fernandez\\\/\"]}]},{\"@type\":\"ImageObject\",\"inLanguage\":\"es\",\"@id\":\"https:\\\/\\\/diariotextual.com\\\/inicio\\\/index.php\\\/2019\\\/09\\\/25\\\/pico-la-capital-alternativa-elegida-alberto-fernandez\\\/#primaryimage\",\"url\":\"https:\\\/\\\/diariotextual.com\\\/inicio\\\/wp-content\\\/uploads\\\/2019\\\/09\\\/capitalesalternativasfrentedetodos1.jpg\",\"contentUrl\":\"https:\\\/\\\/diariotextual.com\\\/inicio\\\/wp-content\\\/uploads\\\/2019\\\/09\\\/capitalesalternativasfrentedetodos1.jpg\",\"width\":800,\"height\":448},{\"@type\":\"BreadcrumbList\",\"@id\":\"https:\\\/\\\/diariotextual.com\\\/inicio\\\/index.php\\\/2019\\\/09\\\/25\\\/pico-la-capital-alternativa-elegida-alberto-fernandez\\\/#breadcrumb\",\"itemListElement\":[{\"@type\":\"ListItem\",\"position\":1,\"name\":\"Portada\",\"item\":\"https:\\\/\\\/diariotextual.com\\\/inicio\\\/\"},{\"@type\":\"ListItem\",\"position\":2,\"name\":\"Pico, la \u00abcapital alternativa\u00bb elegida por Alberto Fern\u00e1ndez\"}]},{\"@type\":\"WebSite\",\"@id\":\"https:\\\/\\\/diariotextual.com\\\/inicio\\\/#website\",\"url\":\"https:\\\/\\\/diariotextual.com\\\/inicio\\\/\",\"name\":\"Diario Textual\",\"description\":\"\",\"publisher\":{\"@id\":\"https:\\\/\\\/diariotextual.com\\\/inicio\\\/#organization\"},\"potentialAction\":[{\"@type\":\"SearchAction\",\"target\":{\"@type\":\"EntryPoint\",\"urlTemplate\":\"https:\\\/\\\/diariotextual.com\\\/inicio\\\/?s={search_term_string}\"},\"query-input\":{\"@type\":\"PropertyValueSpecification\",\"valueRequired\":true,\"valueName\":\"search_term_string\"}}],\"inLanguage\":\"es\"},{\"@type\":\"Organization\",\"@id\":\"https:\\\/\\\/diariotextual.com\\\/inicio\\\/#organization\",\"name\":\"Diario Textual\",\"url\":\"https:\\\/\\\/diariotextual.com\\\/inicio\\\/\",\"logo\":{\"@type\":\"ImageObject\",\"inLanguage\":\"es\",\"@id\":\"https:\\\/\\\/diariotextual.com\\\/inicio\\\/#\\\/schema\\\/logo\\\/image\\\/\",\"url\":\"https:\\\/\\\/diariotextual.com\\\/inicio\\\/wp-content\\\/uploads\\\/2023\\\/05\\\/logotextual1.jpg\",\"contentUrl\":\"https:\\\/\\\/diariotextual.com\\\/inicio\\\/wp-content\\\/uploads\\\/2023\\\/05\\\/logotextual1.jpg\",\"width\":516,\"height\":76,\"caption\":\"Diario Textual\"},\"image\":{\"@id\":\"https:\\\/\\\/diariotextual.com\\\/inicio\\\/#\\\/schema\\\/logo\\\/image\\\/\"},\"sameAs\":[\"https:\\\/\\\/www.facebook.com\\\/eltextual\",\"https:\\\/\\\/x.com\\\/eltextual\",\"http:\\\/\\\/www.instagram.com\\\/eltextual\"]},{\"@type\":\"Person\",\"@id\":\"https:\\\/\\\/diariotextual.com\\\/inicio\\\/#\\\/schema\\\/person\\\/418fc4093c33e86ed41562db3508f958\",\"name\":\"Diario1 Diario1\",\"image\":{\"@type\":\"ImageObject\",\"inLanguage\":\"es\",\"@id\":\"https:\\\/\\\/secure.gravatar.com\\\/avatar\\\/9167d280179c85bc18be67aa7eda765854300033af4896dd779b608640f2ef7a?s=96&d=mm&r=g\",\"url\":\"https:\\\/\\\/secure.gravatar.com\\\/avatar\\\/9167d280179c85bc18be67aa7eda765854300033af4896dd779b608640f2ef7a?s=96&d=mm&r=g\",\"contentUrl\":\"https:\\\/\\\/secure.gravatar.com\\\/avatar\\\/9167d280179c85bc18be67aa7eda765854300033af4896dd779b608640f2ef7a?s=96&d=mm&r=g\",\"caption\":\"Diario1 Diario1\"},\"url\":\"https:\\\/\\\/diariotextual.com\\\/inicio\\\/index.php\\\/author\\\/diario1\\\/\"}]}<\/script>\n<!-- \/ Yoast SEO plugin. -->","yoast_head_json":{"title":"Pico, la \"capital alternativa\" elegida por Alberto Fern\u00e1ndez - Diario Textual","robots":{"index":"index","follow":"follow","max-snippet":"max-snippet:-1","max-image-preview":"max-image-preview:large","max-video-preview":"max-video-preview:-1"},"canonical":"https:\/\/diariotextual.com\/inicio\/index.php\/2019\/09\/25\/pico-la-capital-alternativa-elegida-alberto-fernandez\/","og_locale":"es_ES","og_type":"article","og_title":"Pico, la \"capital alternativa\" elegida por Alberto Fern\u00e1ndez - Diario Textual","og_description":"El aspirante presidencial por el Frente de Todos, Alberto Fern\u00e1ndez, propuso este martes \u00abcrear en cada provincia una capital alterna\u00bb de la Argentina. \u00abVamos a sacar a Dios de Buenos&hellip;","og_url":"https:\/\/diariotextual.com\/inicio\/index.php\/2019\/09\/25\/pico-la-capital-alternativa-elegida-alberto-fernandez\/","og_site_name":"Diario Textual","article_publisher":"https:\/\/www.facebook.com\/eltextual","article_published_time":"2019-09-25T11:12:21+00:00","article_modified_time":"2019-09-25T16:20:49+00:00","og_image":[{"width":800,"height":448,"url":"https:\/\/diariotextual.com\/inicio\/wp-content\/uploads\/2019\/09\/capitalesalternativasfrentedetodos1.jpg","type":"image\/jpeg"}],"author":"Diario1 Diario1","twitter_card":"summary_large_image","twitter_creator":"@eltextual","twitter_site":"@eltextual","twitter_misc":{"Escrito por":"Diario1 Diario1","Tiempo de lectura":"1 minuto"},"schema":{"@context":"https:\/\/schema.org","@graph":[{"@type":"Article","@id":"https:\/\/diariotextual.com\/inicio\/index.php\/2019\/09\/25\/pico-la-capital-alternativa-elegida-alberto-fernandez\/#article","isPartOf":{"@id":"https:\/\/diariotextual.com\/inicio\/index.php\/2019\/09\/25\/pico-la-capital-alternativa-elegida-alberto-fernandez\/"},"author":{"name":"Diario1 Diario1","@id":"https:\/\/diariotextual.com\/inicio\/#\/schema\/person\/418fc4093c33e86ed41562db3508f958"},"headline":"Pico, la \u00abcapital alternativa\u00bb elegida por Alberto Fern\u00e1ndez","datePublished":"2019-09-25T11:12:21+00:00","dateModified":"2019-09-25T16:20:49+00:00","mainEntityOfPage":{"@id":"https:\/\/diariotextual.com\/inicio\/index.php\/2019\/09\/25\/pico-la-capital-alternativa-elegida-alberto-fernandez\/"},"wordCount":247,"publisher":{"@id":"https:\/\/diariotextual.com\/inicio\/#organization"},"image":{"@id":"https:\/\/diariotextual.com\/inicio\/index.php\/2019\/09\/25\/pico-la-capital-alternativa-elegida-alberto-fernandez\/#primaryimage"},"thumbnailUrl":"https:\/\/diariotextual.com\/inicio\/wp-content\/uploads\/2019\/09\/capitalesalternativasfrentedetodos1.jpg","articleSection":["A - QUE PASA (al costado)","A - TEMPORALES","POLITICA"],"inLanguage":"es"},{"@type":"WebPage","@id":"https:\/\/diariotextual.com\/inicio\/index.php\/2019\/09\/25\/pico-la-capital-alternativa-elegida-alberto-fernandez\/","url":"https:\/\/diariotextual.com\/inicio\/index.php\/2019\/09\/25\/pico-la-capital-alternativa-elegida-alberto-fernandez\/","name":"Pico, la \"capital alternativa\" elegida por Alberto Fern\u00e1ndez - Diario Textual","isPartOf":{"@id":"https:\/\/diariotextual.com\/inicio\/#website"},"primaryImageOfPage":{"@id":"https:\/\/diariotextual.com\/inicio\/index.php\/2019\/09\/25\/pico-la-capital-alternativa-elegida-alberto-fernandez\/#primaryimage"},"image":{"@id":"https:\/\/diariotextual.com\/inicio\/index.php\/2019\/09\/25\/pico-la-capital-alternativa-elegida-alberto-fernandez\/#primaryimage"},"thumbnailUrl":"https:\/\/diariotextual.com\/inicio\/wp-content\/uploads\/2019\/09\/capitalesalternativasfrentedetodos1.jpg","datePublished":"2019-09-25T11:12:21+00:00","dateModified":"2019-09-25T16:20:49+00:00","breadcrumb":{"@id":"https:\/\/diariotextual.com\/inicio\/index.php\/2019\/09\/25\/pico-la-capital-alternativa-elegida-alberto-fernandez\/#breadcrumb"},"inLanguage":"es","potentialAction":[{"@type":"ReadAction","target":["https:\/\/diariotextual.com\/inicio\/index.php\/2019\/09\/25\/pico-la-capital-alternativa-elegida-alberto-fernandez\/"]}]},{"@type":"ImageObject","inLanguage":"es","@id":"https:\/\/diariotextual.com\/inicio\/index.php\/2019\/09\/25\/pico-la-capital-alternativa-elegida-alberto-fernandez\/#primaryimage","url":"https:\/\/diariotextual.com\/inicio\/wp-content\/uploads\/2019\/09\/capitalesalternativasfrentedetodos1.jpg","contentUrl":"https:\/\/diariotextual.com\/inicio\/wp-content\/uploads\/2019\/09\/capitalesalternativasfrentedetodos1.jpg","width":800,"height":448},{"@type":"BreadcrumbList","@id":"https:\/\/diariotextual.com\/inicio\/index.php\/2019\/09\/25\/pico-la-capital-alternativa-elegida-alberto-fernandez\/#breadcrumb","itemListElement":[{"@type":"ListItem","position":1,"name":"Portada","item":"https:\/\/diariotextual.com\/inicio\/"},{"@type":"ListItem","position":2,"name":"Pico, la \u00abcapital alternativa\u00bb elegida por Alberto Fern\u00e1ndez"}]},{"@type":"WebSite","@id":"https:\/\/diariotextual.com\/inicio\/#website","url":"https:\/\/diariotextual.com\/inicio\/","name":"Diario Textual","description":"","publisher":{"@id":"https:\/\/diariotextual.com\/inicio\/#organization"},"potentialAction":[{"@type":"SearchAction","target":{"@type":"EntryPoint","urlTemplate":"https:\/\/diariotextual.com\/inicio\/?s={search_term_string}"},"query-input":{"@type":"PropertyValueSpecification","valueRequired":true,"valueName":"search_term_string"}}],"inLanguage":"es"},{"@type":"Organization","@id":"https:\/\/diariotextual.com\/inicio\/#organization","name":"Diario Textual","url":"https:\/\/diariotextual.com\/inicio\/","logo":{"@type":"ImageObject","inLanguage":"es","@id":"https:\/\/diariotextual.com\/inicio\/#\/schema\/logo\/image\/","url":"https:\/\/diariotextual.com\/inicio\/wp-content\/uploads\/2023\/05\/logotextual1.jpg","contentUrl":"https:\/\/diariotextual.com\/inicio\/wp-content\/uploads\/2023\/05\/logotextual1.jpg","width":516,"height":76,"caption":"Diario Textual"},"image":{"@id":"https:\/\/diariotextual.com\/inicio\/#\/schema\/logo\/image\/"},"sameAs":["https:\/\/www.facebook.com\/eltextual","https:\/\/x.com\/eltextual","http:\/\/www.instagram.com\/eltextual"]},{"@type":"Person","@id":"https:\/\/diariotextual.com\/inicio\/#\/schema\/person\/418fc4093c33e86ed41562db3508f958","name":"Diario1 Diario1","image":{"@type":"ImageObject","inLanguage":"es","@id":"https:\/\/secure.gravatar.com\/avatar\/9167d280179c85bc18be67aa7eda765854300033af4896dd779b608640f2ef7a?s=96&d=mm&r=g","url":"https:\/\/secure.gravatar.com\/avatar\/9167d280179c85bc18be67aa7eda765854300033af4896dd779b608640f2ef7a?s=96&d=mm&r=g","contentUrl":"https:\/\/secure.gravatar.com\/avatar\/9167d280179c85bc18be67aa7eda765854300033af4896dd779b608640f2ef7a?s=96&d=mm&r=g","caption":"Diario1 Diario1"},"url":"https:\/\/diariotextual.com\/inicio\/index.php\/author\/diario1\/"}]}},"_links":{"self":[{"href":"https:\/\/diariotextual.com\/inicio\/index.php\/wp-json\/wp\/v2\/posts\/63686","targetHints":{"allow":["GET"]}}],"collection":[{"href":"https:\/\/diariotextual.com\/inicio\/index.php\/wp-json\/wp\/v2\/posts"}],"about":[{"href":"https:\/\/diariotextual.com\/inicio\/index.php\/wp-json\/wp\/v2\/types\/post"}],"author":[{"embeddable":true,"href":"https:\/\/diariotextual.com\/inicio\/index.php\/wp-json\/wp\/v2\/users\/3"}],"replies":[{"embeddable":true,"href":"https:\/\/diariotextual.com\/inicio\/index.php\/wp-json\/wp\/v2\/comments?post=63686"}],"version-history":[{"count":2,"href":"https:\/\/diariotextual.com\/inicio\/index.php\/wp-json\/wp\/v2\/posts\/63686\/revisions"}],"predecessor-version":[{"id":63689,"href":"https:\/\/diariotextual.com\/inicio\/index.php\/wp-json\/wp\/v2\/posts\/63686\/revisions\/63689"}],"wp:featuredmedia":[{"embeddable":true,"href":"https:\/\/diariotextual.com\/inicio\/index.php\/wp-json\/wp\/v2\/media\/63687"}],"wp:attachment":[{"href":"https:\/\/diariotextual.com\/inicio\/index.php\/wp-json\/wp\/v2\/media?parent=63686"}],"wp:term":[{"taxonomy":"category","embeddable":true,"href":"https:\/\/diariotextual.com\/inicio\/index.php\/wp-json\/wp\/v2\/categories?post=63686"},{"taxonomy":"post_tag","embeddable":true,"href":"https:\/\/diariotextual.com\/inicio\/index.php\/wp-json\/wp\/v2\/tags?post=63686"}],"curies":[{"name":"wp","href":"https:\/\/api.w.org\/{rel}","templated":true}]}}