{"id":63692,"date":"2019-09-25T12:55:28","date_gmt":"2019-09-25T15:55:28","guid":{"rendered":"http:\/\/diariotextual.com\/inicio\/?p=63692"},"modified":"2019-09-26T09:58:49","modified_gmt":"2019-09-26T12:58:49","slug":"iba-alcoholizado-choco-murio-amigo-3-anos-suspenso-curso-estrella-amarillas","status":"publish","type":"post","link":"https:\/\/diariotextual.com\/inicio\/index.php\/2019\/09\/25\/iba-alcoholizado-choco-murio-amigo-3-anos-suspenso-curso-estrella-amarillas\/","title":{"rendered":"Iba alcoholizado, choc\u00f3 y muri\u00f3 su amigo: 3 a\u00f1os de suspenso y un curso de Estrella Amarillas"},"content":{"rendered":"<p><strong>Mat\u00edas Ezequiel Villa,\u00a0<\/strong>quien conduc\u00eda el domingo 4 de agosto <strong>un auto que volc\u00f3 y choc\u00f3 en la avenida Per\u00f3n<\/strong> y provoc\u00f3 la muerte de un amigo suyo, <strong>Adri\u00e1n Ortiz Weigel,<\/strong>\u00a0fue condenado a 3 a\u00f1os de prisi\u00f3n en suspenso y siete a\u00f1os de inhabilitaci\u00f3n para conducir veh\u00edculos y <strong>le impusieron la obligaci\u00f3n de hacer un curso de \u00abresocializaci\u00f3n\u00bb y \u00abconcientizaci\u00f3n vial\u00bb<\/strong> con integrantes de la <strong>Fundaci\u00f3n Estrellas Amarillas<\/strong>. La jueza <strong>Mar\u00eda Florencia Maza<\/strong> estableci\u00f3 en el mediod\u00eda de este mi\u00e9rcoles\u00a0que era culpable del delito de <strong>homicidio culposo por conducci\u00f3n imprudente y negligente<\/strong>.<\/p>\n<p><strong>Esta sentencia se lleg\u00f3 a trav\u00e9s de un juicio abreviado<\/strong>. Hoy, la jueza aval\u00f3 ese acuerdo alcanzado entre el fiscal Oscar Cazenave y el defensor particular Gast\u00f3n G\u00f3mez. Tambi\u00e9n intervinieron los padres de Adri\u00e1n Weigel. Ellos hicieron especial hincapi\u00e9 en que <strong>Villa realice un curso de dos a\u00f1os con Estrellas Amarillas, la ONG creada por v\u00edctimas de siniestros viale<\/strong>s. Seg\u00fan pudo saber<strong> Diario Textual<\/strong>, le dieron la oportunidad al imputado para que pueda resocializarse.<\/p>\n<p><strong>Villa manejaba borracho: dio \u00abpositivo\u00bb en el alcohotest<\/strong>, con\u00a00,9 gramos de alcohol en sangre. Tambi\u00e9n los an\u00e1lisis establecieron \u00abrastros\u00bb de coca\u00edna. Eso, sin embargo, no significa que haya estado bajo los efectos de la coca\u00edna en el momento del siniestro.<\/p>\n<p>El choque se registr\u00f3 a las 6.45 horas del domingo 4 de agosto. Ocurri\u00f3 sobre la Per\u00f3n, a la salida de la rotonda del cruce con Pecho Colorado. All\u00ed, el conductor, de 24 a\u00f1os, \u00abmordi\u00f3\u00bb con su Gol Trend el cord\u00f3n de la rotonda, se despist\u00f3, volc\u00f3 y choc\u00f3 contra un \u00e1rbol. Adri\u00e1n Ortiz Weigel, quien se encontraba en el asiento del acompa\u00f1ante, sali\u00f3 despedido y falleci\u00f3 en el lugar.<\/p>\n<p>\u00abAl llegar a la rotonda de la calle Pecho Colorado, en Toay, comenz\u00f3 a realizar maniobras zigzagueantes por la calzada, hasta perder el control del veh\u00edculo, el que empez\u00f3 a dar tumbos hacia el lateral derecho, para terminar impactando contra un \u00e1rbol, saliendo despedido su acompa\u00f1ante (Weigel) y perdiendo la vida en forma inmediata\u201d, seg\u00fan puede leerse en el fallo.<\/p>\n<p>Maza sostuvo que se prob\u00f3 que \u201cel accionar antirreglamentario de Villa fue la causa eficiente\u201d de la muerte de Weigel. \u00abEllo -dijo- no solo surgi\u00f3 del acta de inspecci\u00f3n ocular, croquis y fotograf\u00edas del siniestro sino tambi\u00e9n de las declaraciones de tres testigos, de los informes de la Agencia de Investigaci\u00f3n Cient\u00edfica \u2013iba a una velocidad aproximada de 117 kil\u00f3metros por hora y ten\u00eda 0.90 g\/l de alcohol en sangre- y del informe de toxicolog\u00eda del laboratorio del hospital Lucio Molas \u2013se le encontr\u00f3 coca\u00edna en su sangre\u2013 (\u2026) Todas esas circunstancias permiten aseverar que el imputado perdi\u00f3 el control de su rodado, por conducirse en las condiciones en que lo hac\u00eda, a exceso de velocidad y con alcohol y sustancias estupefacientes en su organismo, lo que le impidieron mantener el dominio del autor, ocasionando con su accionar el fallecimiento de Weigel\u201d.<\/p>\n<p>\u201cTodos estos elementos permitieron construir la culpa necesaria para que se configurara el tipo penal atribuido a Villa, toda vez que con su conducta incumpli\u00f3 con los deberes a su cargo\u201d, agreg\u00f3 la magistrada.<\/p>\n<p>Maza admiti\u00f3 los t\u00e9rminos del abreviado \u2013en estos procedimientos los jueces no pueden imponer penas m\u00e1s gravosas a las requeridas por la fiscal\u00eda\u2013 y tambi\u00e9n las reglas de conducta convenidas entre las partes por el plazo de dos a\u00f1os: fijar domicilio, del que no podr\u00e1 ausentarse sin conocimiento y\/o autorizaci\u00f3n judicial; someterse al cuidado y contralor del Ente de Pol\u00edticas Socializadoras, debiendo comparecer del 1 al 5 de cada mes; abstenerse de usar estupefacientes o de abusar de bebidas alcoh\u00f3licas; y cumplir con el curso de rehabilitaci\u00f3n y concienciaci\u00f3n para condenados por siniestros viales que coordina la organizaci\u00f3n no gubernamental Estrellas Amarillas.<\/p>\n<p>&nbsp;<\/p>\n<p>&nbsp;<\/p>\n<p>&nbsp;<\/p>\n<p>&nbsp;<\/p>\n<p>&nbsp;<\/p>\n","protected":false},"excerpt":{"rendered":"<p>Mat\u00edas Ezequiel Villa,\u00a0quien conduc\u00eda el domingo 4 de agosto un auto que volc\u00f3 y choc\u00f3 en la avenida Per\u00f3n y provoc\u00f3 la muerte de un amigo suyo, Adri\u00e1n Ortiz Weigel,\u00a0fue&hellip;<\/p>\n","protected":false},"author":3,"featured_media":58168,"comment_status":"closed","ping_status":"open","sticky":false,"template":"","format":"standard","meta":{"_acf_changed":false,"footnotes":""},"categories":[319,12],"tags":[],"class_list":["post-63692","post","type-post","status-publish","format-standard","has-post-thumbnail","hentry","category-a-temporales","category-sociedad"],"acf":[],"yoast_head":"<!-- This site is optimized with the Yoast SEO plugin v27.5 - https:\/\/yoast.com\/product\/yoast-seo-wordpress\/ -->\n<title>Iba alcoholizado, choc\u00f3 y muri\u00f3 su amigo: 3 a\u00f1os de suspenso y un curso de Estrella Amarillas - Diario Textual<\/title>\n<meta name=\"robots\" content=\"index, follow, max-snippet:-1, max-image-preview:large, max-video-preview:-1\" \/>\n<link rel=\"canonical\" href=\"https:\/\/diariotextual.com\/inicio\/index.php\/2019\/09\/25\/iba-alcoholizado-choco-murio-amigo-3-anos-suspenso-curso-estrella-amarillas\/\" \/>\n<meta property=\"og:locale\" content=\"es_ES\" \/>\n<meta property=\"og:type\" content=\"article\" \/>\n<meta property=\"og:title\" content=\"Iba alcoholizado, choc\u00f3 y muri\u00f3 su amigo: 3 a\u00f1os de suspenso y un curso de Estrella Amarillas - Diario Textual\" \/>\n<meta property=\"og:description\" content=\"Mat\u00edas Ezequiel Villa,\u00a0quien conduc\u00eda el domingo 4 de agosto un auto que volc\u00f3 y choc\u00f3 en la avenida Per\u00f3n y provoc\u00f3 la muerte de un amigo suyo, Adri\u00e1n Ortiz Weigel,\u00a0fue&hellip;\" \/>\n<meta property=\"og:url\" content=\"https:\/\/diariotextual.com\/inicio\/index.php\/2019\/09\/25\/iba-alcoholizado-choco-murio-amigo-3-anos-suspenso-curso-estrella-amarillas\/\" \/>\n<meta property=\"og:site_name\" content=\"Diario Textual\" \/>\n<meta property=\"article:publisher\" content=\"https:\/\/www.facebook.com\/eltextual\" \/>\n<meta property=\"article:published_time\" content=\"2019-09-25T15:55:28+00:00\" \/>\n<meta property=\"article:modified_time\" content=\"2019-09-26T12:58:49+00:00\" \/>\n<meta property=\"og:image\" content=\"https:\/\/diariotextual.com\/inicio\/wp-content\/uploads\/2019\/08\/vuelcochoqueperon2019-33.jpg\" \/>\n\t<meta property=\"og:image:width\" content=\"930\" \/>\n\t<meta property=\"og:image:height\" content=\"627\" \/>\n\t<meta property=\"og:image:type\" content=\"image\/jpeg\" \/>\n<meta name=\"author\" content=\"Diario1 Diario1\" \/>\n<meta name=\"twitter:card\" content=\"summary_large_image\" \/>\n<meta name=\"twitter:creator\" content=\"@eltextual\" \/>\n<meta name=\"twitter:site\" content=\"@eltextual\" \/>\n<meta name=\"twitter:label1\" content=\"Escrito por\" \/>\n\t<meta name=\"twitter:data1\" content=\"Diario1 Diario1\" \/>\n\t<meta name=\"twitter:label2\" content=\"Tiempo de lectura\" \/>\n\t<meta name=\"twitter:data2\" content=\"3 minutos\" \/>\n<script type=\"application\/ld+json\" class=\"yoast-schema-graph\">{\"@context\":\"https:\\\/\\\/schema.org\",\"@graph\":[{\"@type\":\"Article\",\"@id\":\"https:\\\/\\\/diariotextual.com\\\/inicio\\\/index.php\\\/2019\\\/09\\\/25\\\/iba-alcoholizado-choco-murio-amigo-3-anos-suspenso-curso-estrella-amarillas\\\/#article\",\"isPartOf\":{\"@id\":\"https:\\\/\\\/diariotextual.com\\\/inicio\\\/index.php\\\/2019\\\/09\\\/25\\\/iba-alcoholizado-choco-murio-amigo-3-anos-suspenso-curso-estrella-amarillas\\\/\"},\"author\":{\"name\":\"Diario1 Diario1\",\"@id\":\"https:\\\/\\\/diariotextual.com\\\/inicio\\\/#\\\/schema\\\/person\\\/418fc4093c33e86ed41562db3508f958\"},\"headline\":\"Iba alcoholizado, choc\u00f3 y muri\u00f3 su amigo: 3 a\u00f1os de suspenso y un curso de Estrella Amarillas\",\"datePublished\":\"2019-09-25T15:55:28+00:00\",\"dateModified\":\"2019-09-26T12:58:49+00:00\",\"mainEntityOfPage\":{\"@id\":\"https:\\\/\\\/diariotextual.com\\\/inicio\\\/index.php\\\/2019\\\/09\\\/25\\\/iba-alcoholizado-choco-murio-amigo-3-anos-suspenso-curso-estrella-amarillas\\\/\"},\"wordCount\":688,\"publisher\":{\"@id\":\"https:\\\/\\\/diariotextual.com\\\/inicio\\\/#organization\"},\"image\":{\"@id\":\"https:\\\/\\\/diariotextual.com\\\/inicio\\\/index.php\\\/2019\\\/09\\\/25\\\/iba-alcoholizado-choco-murio-amigo-3-anos-suspenso-curso-estrella-amarillas\\\/#primaryimage\"},\"thumbnailUrl\":\"https:\\\/\\\/diariotextual.com\\\/inicio\\\/wp-content\\\/uploads\\\/2019\\\/08\\\/vuelcochoqueperon2019-33.jpg\",\"articleSection\":[\"A - TEMPORALES\",\"SOCIEDAD\"],\"inLanguage\":\"es\"},{\"@type\":\"WebPage\",\"@id\":\"https:\\\/\\\/diariotextual.com\\\/inicio\\\/index.php\\\/2019\\\/09\\\/25\\\/iba-alcoholizado-choco-murio-amigo-3-anos-suspenso-curso-estrella-amarillas\\\/\",\"url\":\"https:\\\/\\\/diariotextual.com\\\/inicio\\\/index.php\\\/2019\\\/09\\\/25\\\/iba-alcoholizado-choco-murio-amigo-3-anos-suspenso-curso-estrella-amarillas\\\/\",\"name\":\"Iba alcoholizado, choc\u00f3 y muri\u00f3 su amigo: 3 a\u00f1os de suspenso y un curso de Estrella Amarillas - Diario Textual\",\"isPartOf\":{\"@id\":\"https:\\\/\\\/diariotextual.com\\\/inicio\\\/#website\"},\"primaryImageOfPage\":{\"@id\":\"https:\\\/\\\/diariotextual.com\\\/inicio\\\/index.php\\\/2019\\\/09\\\/25\\\/iba-alcoholizado-choco-murio-amigo-3-anos-suspenso-curso-estrella-amarillas\\\/#primaryimage\"},\"image\":{\"@id\":\"https:\\\/\\\/diariotextual.com\\\/inicio\\\/index.php\\\/2019\\\/09\\\/25\\\/iba-alcoholizado-choco-murio-amigo-3-anos-suspenso-curso-estrella-amarillas\\\/#primaryimage\"},\"thumbnailUrl\":\"https:\\\/\\\/diariotextual.com\\\/inicio\\\/wp-content\\\/uploads\\\/2019\\\/08\\\/vuelcochoqueperon2019-33.jpg\",\"datePublished\":\"2019-09-25T15:55:28+00:00\",\"dateModified\":\"2019-09-26T12:58:49+00:00\",\"breadcrumb\":{\"@id\":\"https:\\\/\\\/diariotextual.com\\\/inicio\\\/index.php\\\/2019\\\/09\\\/25\\\/iba-alcoholizado-choco-murio-amigo-3-anos-suspenso-curso-estrella-amarillas\\\/#breadcrumb\"},\"inLanguage\":\"es\",\"potentialAction\":[{\"@type\":\"ReadAction\",\"target\":[\"https:\\\/\\\/diariotextual.com\\\/inicio\\\/index.php\\\/2019\\\/09\\\/25\\\/iba-alcoholizado-choco-murio-amigo-3-anos-suspenso-curso-estrella-amarillas\\\/\"]}]},{\"@type\":\"ImageObject\",\"inLanguage\":\"es\",\"@id\":\"https:\\\/\\\/diariotextual.com\\\/inicio\\\/index.php\\\/2019\\\/09\\\/25\\\/iba-alcoholizado-choco-murio-amigo-3-anos-suspenso-curso-estrella-amarillas\\\/#primaryimage\",\"url\":\"https:\\\/\\\/diariotextual.com\\\/inicio\\\/wp-content\\\/uploads\\\/2019\\\/08\\\/vuelcochoqueperon2019-33.jpg\",\"contentUrl\":\"https:\\\/\\\/diariotextual.com\\\/inicio\\\/wp-content\\\/uploads\\\/2019\\\/08\\\/vuelcochoqueperon2019-33.jpg\",\"width\":930,\"height\":627},{\"@type\":\"BreadcrumbList\",\"@id\":\"https:\\\/\\\/diariotextual.com\\\/inicio\\\/index.php\\\/2019\\\/09\\\/25\\\/iba-alcoholizado-choco-murio-amigo-3-anos-suspenso-curso-estrella-amarillas\\\/#breadcrumb\",\"itemListElement\":[{\"@type\":\"ListItem\",\"position\":1,\"name\":\"Portada\",\"item\":\"https:\\\/\\\/diariotextual.com\\\/inicio\\\/\"},{\"@type\":\"ListItem\",\"position\":2,\"name\":\"Iba alcoholizado, choc\u00f3 y muri\u00f3 su amigo: 3 a\u00f1os de suspenso y un curso de Estrella Amarillas\"}]},{\"@type\":\"WebSite\",\"@id\":\"https:\\\/\\\/diariotextual.com\\\/inicio\\\/#website\",\"url\":\"https:\\\/\\\/diariotextual.com\\\/inicio\\\/\",\"name\":\"Diario Textual\",\"description\":\"\",\"publisher\":{\"@id\":\"https:\\\/\\\/diariotextual.com\\\/inicio\\\/#organization\"},\"potentialAction\":[{\"@type\":\"SearchAction\",\"target\":{\"@type\":\"EntryPoint\",\"urlTemplate\":\"https:\\\/\\\/diariotextual.com\\\/inicio\\\/?s={search_term_string}\"},\"query-input\":{\"@type\":\"PropertyValueSpecification\",\"valueRequired\":true,\"valueName\":\"search_term_string\"}}],\"inLanguage\":\"es\"},{\"@type\":\"Organization\",\"@id\":\"https:\\\/\\\/diariotextual.com\\\/inicio\\\/#organization\",\"name\":\"Diario Textual\",\"url\":\"https:\\\/\\\/diariotextual.com\\\/inicio\\\/\",\"logo\":{\"@type\":\"ImageObject\",\"inLanguage\":\"es\",\"@id\":\"https:\\\/\\\/diariotextual.com\\\/inicio\\\/#\\\/schema\\\/logo\\\/image\\\/\",\"url\":\"https:\\\/\\\/diariotextual.com\\\/inicio\\\/wp-content\\\/uploads\\\/2023\\\/05\\\/logotextual1.jpg\",\"contentUrl\":\"https:\\\/\\\/diariotextual.com\\\/inicio\\\/wp-content\\\/uploads\\\/2023\\\/05\\\/logotextual1.jpg\",\"width\":516,\"height\":76,\"caption\":\"Diario Textual\"},\"image\":{\"@id\":\"https:\\\/\\\/diariotextual.com\\\/inicio\\\/#\\\/schema\\\/logo\\\/image\\\/\"},\"sameAs\":[\"https:\\\/\\\/www.facebook.com\\\/eltextual\",\"https:\\\/\\\/x.com\\\/eltextual\",\"http:\\\/\\\/www.instagram.com\\\/eltextual\"]},{\"@type\":\"Person\",\"@id\":\"https:\\\/\\\/diariotextual.com\\\/inicio\\\/#\\\/schema\\\/person\\\/418fc4093c33e86ed41562db3508f958\",\"name\":\"Diario1 Diario1\",\"image\":{\"@type\":\"ImageObject\",\"inLanguage\":\"es\",\"@id\":\"https:\\\/\\\/secure.gravatar.com\\\/avatar\\\/9167d280179c85bc18be67aa7eda765854300033af4896dd779b608640f2ef7a?s=96&d=mm&r=g\",\"url\":\"https:\\\/\\\/secure.gravatar.com\\\/avatar\\\/9167d280179c85bc18be67aa7eda765854300033af4896dd779b608640f2ef7a?s=96&d=mm&r=g\",\"contentUrl\":\"https:\\\/\\\/secure.gravatar.com\\\/avatar\\\/9167d280179c85bc18be67aa7eda765854300033af4896dd779b608640f2ef7a?s=96&d=mm&r=g\",\"caption\":\"Diario1 Diario1\"},\"url\":\"https:\\\/\\\/diariotextual.com\\\/inicio\\\/index.php\\\/author\\\/diario1\\\/\"}]}<\/script>\n<!-- \/ Yoast SEO plugin. -->","yoast_head_json":{"title":"Iba alcoholizado, choc\u00f3 y muri\u00f3 su amigo: 3 a\u00f1os de suspenso y un curso de Estrella Amarillas - Diario Textual","robots":{"index":"index","follow":"follow","max-snippet":"max-snippet:-1","max-image-preview":"max-image-preview:large","max-video-preview":"max-video-preview:-1"},"canonical":"https:\/\/diariotextual.com\/inicio\/index.php\/2019\/09\/25\/iba-alcoholizado-choco-murio-amigo-3-anos-suspenso-curso-estrella-amarillas\/","og_locale":"es_ES","og_type":"article","og_title":"Iba alcoholizado, choc\u00f3 y muri\u00f3 su amigo: 3 a\u00f1os de suspenso y un curso de Estrella Amarillas - Diario Textual","og_description":"Mat\u00edas Ezequiel Villa,\u00a0quien conduc\u00eda el domingo 4 de agosto un auto que volc\u00f3 y choc\u00f3 en la avenida Per\u00f3n y provoc\u00f3 la muerte de un amigo suyo, Adri\u00e1n Ortiz Weigel,\u00a0fue&hellip;","og_url":"https:\/\/diariotextual.com\/inicio\/index.php\/2019\/09\/25\/iba-alcoholizado-choco-murio-amigo-3-anos-suspenso-curso-estrella-amarillas\/","og_site_name":"Diario Textual","article_publisher":"https:\/\/www.facebook.com\/eltextual","article_published_time":"2019-09-25T15:55:28+00:00","article_modified_time":"2019-09-26T12:58:49+00:00","og_image":[{"width":930,"height":627,"url":"https:\/\/diariotextual.com\/inicio\/wp-content\/uploads\/2019\/08\/vuelcochoqueperon2019-33.jpg","type":"image\/jpeg"}],"author":"Diario1 Diario1","twitter_card":"summary_large_image","twitter_creator":"@eltextual","twitter_site":"@eltextual","twitter_misc":{"Escrito por":"Diario1 Diario1","Tiempo de lectura":"3 minutos"},"schema":{"@context":"https:\/\/schema.org","@graph":[{"@type":"Article","@id":"https:\/\/diariotextual.com\/inicio\/index.php\/2019\/09\/25\/iba-alcoholizado-choco-murio-amigo-3-anos-suspenso-curso-estrella-amarillas\/#article","isPartOf":{"@id":"https:\/\/diariotextual.com\/inicio\/index.php\/2019\/09\/25\/iba-alcoholizado-choco-murio-amigo-3-anos-suspenso-curso-estrella-amarillas\/"},"author":{"name":"Diario1 Diario1","@id":"https:\/\/diariotextual.com\/inicio\/#\/schema\/person\/418fc4093c33e86ed41562db3508f958"},"headline":"Iba alcoholizado, choc\u00f3 y muri\u00f3 su amigo: 3 a\u00f1os de suspenso y un curso de Estrella Amarillas","datePublished":"2019-09-25T15:55:28+00:00","dateModified":"2019-09-26T12:58:49+00:00","mainEntityOfPage":{"@id":"https:\/\/diariotextual.com\/inicio\/index.php\/2019\/09\/25\/iba-alcoholizado-choco-murio-amigo-3-anos-suspenso-curso-estrella-amarillas\/"},"wordCount":688,"publisher":{"@id":"https:\/\/diariotextual.com\/inicio\/#organization"},"image":{"@id":"https:\/\/diariotextual.com\/inicio\/index.php\/2019\/09\/25\/iba-alcoholizado-choco-murio-amigo-3-anos-suspenso-curso-estrella-amarillas\/#primaryimage"},"thumbnailUrl":"https:\/\/diariotextual.com\/inicio\/wp-content\/uploads\/2019\/08\/vuelcochoqueperon2019-33.jpg","articleSection":["A - TEMPORALES","SOCIEDAD"],"inLanguage":"es"},{"@type":"WebPage","@id":"https:\/\/diariotextual.com\/inicio\/index.php\/2019\/09\/25\/iba-alcoholizado-choco-murio-amigo-3-anos-suspenso-curso-estrella-amarillas\/","url":"https:\/\/diariotextual.com\/inicio\/index.php\/2019\/09\/25\/iba-alcoholizado-choco-murio-amigo-3-anos-suspenso-curso-estrella-amarillas\/","name":"Iba alcoholizado, choc\u00f3 y muri\u00f3 su amigo: 3 a\u00f1os de suspenso y un curso de Estrella Amarillas - Diario Textual","isPartOf":{"@id":"https:\/\/diariotextual.com\/inicio\/#website"},"primaryImageOfPage":{"@id":"https:\/\/diariotextual.com\/inicio\/index.php\/2019\/09\/25\/iba-alcoholizado-choco-murio-amigo-3-anos-suspenso-curso-estrella-amarillas\/#primaryimage"},"image":{"@id":"https:\/\/diariotextual.com\/inicio\/index.php\/2019\/09\/25\/iba-alcoholizado-choco-murio-amigo-3-anos-suspenso-curso-estrella-amarillas\/#primaryimage"},"thumbnailUrl":"https:\/\/diariotextual.com\/inicio\/wp-content\/uploads\/2019\/08\/vuelcochoqueperon2019-33.jpg","datePublished":"2019-09-25T15:55:28+00:00","dateModified":"2019-09-26T12:58:49+00:00","breadcrumb":{"@id":"https:\/\/diariotextual.com\/inicio\/index.php\/2019\/09\/25\/iba-alcoholizado-choco-murio-amigo-3-anos-suspenso-curso-estrella-amarillas\/#breadcrumb"},"inLanguage":"es","potentialAction":[{"@type":"ReadAction","target":["https:\/\/diariotextual.com\/inicio\/index.php\/2019\/09\/25\/iba-alcoholizado-choco-murio-amigo-3-anos-suspenso-curso-estrella-amarillas\/"]}]},{"@type":"ImageObject","inLanguage":"es","@id":"https:\/\/diariotextual.com\/inicio\/index.php\/2019\/09\/25\/iba-alcoholizado-choco-murio-amigo-3-anos-suspenso-curso-estrella-amarillas\/#primaryimage","url":"https:\/\/diariotextual.com\/inicio\/wp-content\/uploads\/2019\/08\/vuelcochoqueperon2019-33.jpg","contentUrl":"https:\/\/diariotextual.com\/inicio\/wp-content\/uploads\/2019\/08\/vuelcochoqueperon2019-33.jpg","width":930,"height":627},{"@type":"BreadcrumbList","@id":"https:\/\/diariotextual.com\/inicio\/index.php\/2019\/09\/25\/iba-alcoholizado-choco-murio-amigo-3-anos-suspenso-curso-estrella-amarillas\/#breadcrumb","itemListElement":[{"@type":"ListItem","position":1,"name":"Portada","item":"https:\/\/diariotextual.com\/inicio\/"},{"@type":"ListItem","position":2,"name":"Iba alcoholizado, choc\u00f3 y muri\u00f3 su amigo: 3 a\u00f1os de suspenso y un curso de Estrella Amarillas"}]},{"@type":"WebSite","@id":"https:\/\/diariotextual.com\/inicio\/#website","url":"https:\/\/diariotextual.com\/inicio\/","name":"Diario Textual","description":"","publisher":{"@id":"https:\/\/diariotextual.com\/inicio\/#organization"},"potentialAction":[{"@type":"SearchAction","target":{"@type":"EntryPoint","urlTemplate":"https:\/\/diariotextual.com\/inicio\/?s={search_term_string}"},"query-input":{"@type":"PropertyValueSpecification","valueRequired":true,"valueName":"search_term_string"}}],"inLanguage":"es"},{"@type":"Organization","@id":"https:\/\/diariotextual.com\/inicio\/#organization","name":"Diario Textual","url":"https:\/\/diariotextual.com\/inicio\/","logo":{"@type":"ImageObject","inLanguage":"es","@id":"https:\/\/diariotextual.com\/inicio\/#\/schema\/logo\/image\/","url":"https:\/\/diariotextual.com\/inicio\/wp-content\/uploads\/2023\/05\/logotextual1.jpg","contentUrl":"https:\/\/diariotextual.com\/inicio\/wp-content\/uploads\/2023\/05\/logotextual1.jpg","width":516,"height":76,"caption":"Diario Textual"},"image":{"@id":"https:\/\/diariotextual.com\/inicio\/#\/schema\/logo\/image\/"},"sameAs":["https:\/\/www.facebook.com\/eltextual","https:\/\/x.com\/eltextual","http:\/\/www.instagram.com\/eltextual"]},{"@type":"Person","@id":"https:\/\/diariotextual.com\/inicio\/#\/schema\/person\/418fc4093c33e86ed41562db3508f958","name":"Diario1 Diario1","image":{"@type":"ImageObject","inLanguage":"es","@id":"https:\/\/secure.gravatar.com\/avatar\/9167d280179c85bc18be67aa7eda765854300033af4896dd779b608640f2ef7a?s=96&d=mm&r=g","url":"https:\/\/secure.gravatar.com\/avatar\/9167d280179c85bc18be67aa7eda765854300033af4896dd779b608640f2ef7a?s=96&d=mm&r=g","contentUrl":"https:\/\/secure.gravatar.com\/avatar\/9167d280179c85bc18be67aa7eda765854300033af4896dd779b608640f2ef7a?s=96&d=mm&r=g","caption":"Diario1 Diario1"},"url":"https:\/\/diariotextual.com\/inicio\/index.php\/author\/diario1\/"}]}},"_links":{"self":[{"href":"https:\/\/diariotextual.com\/inicio\/index.php\/wp-json\/wp\/v2\/posts\/63692","targetHints":{"allow":["GET"]}}],"collection":[{"href":"https:\/\/diariotextual.com\/inicio\/index.php\/wp-json\/wp\/v2\/posts"}],"about":[{"href":"https:\/\/diariotextual.com\/inicio\/index.php\/wp-json\/wp\/v2\/types\/post"}],"author":[{"embeddable":true,"href":"https:\/\/diariotextual.com\/inicio\/index.php\/wp-json\/wp\/v2\/users\/3"}],"replies":[{"embeddable":true,"href":"https:\/\/diariotextual.com\/inicio\/index.php\/wp-json\/wp\/v2\/comments?post=63692"}],"version-history":[{"count":8,"href":"https:\/\/diariotextual.com\/inicio\/index.php\/wp-json\/wp\/v2\/posts\/63692\/revisions"}],"predecessor-version":[{"id":63789,"href":"https:\/\/diariotextual.com\/inicio\/index.php\/wp-json\/wp\/v2\/posts\/63692\/revisions\/63789"}],"wp:featuredmedia":[{"embeddable":true,"href":"https:\/\/diariotextual.com\/inicio\/index.php\/wp-json\/wp\/v2\/media\/58168"}],"wp:attachment":[{"href":"https:\/\/diariotextual.com\/inicio\/index.php\/wp-json\/wp\/v2\/media?parent=63692"}],"wp:term":[{"taxonomy":"category","embeddable":true,"href":"https:\/\/diariotextual.com\/inicio\/index.php\/wp-json\/wp\/v2\/categories?post=63692"},{"taxonomy":"post_tag","embeddable":true,"href":"https:\/\/diariotextual.com\/inicio\/index.php\/wp-json\/wp\/v2\/tags?post=63692"}],"curies":[{"name":"wp","href":"https:\/\/api.w.org\/{rel}","templated":true}]}}